{"id":18527,"date":"2015-11-15T14:41:19","date_gmt":"2015-11-15T14:41:19","guid":{"rendered":"https:\/\/pagina10.com\/web\/desde-el-congreso-se-abre-paso-nuevo-servicio-militar-obligatorio-en-colombia\/"},"modified":"2015-11-15T14:41:19","modified_gmt":"2015-11-15T14:41:19","slug":"desde-el-congreso-se-abre-paso-nuevo-servicio-militar-obligatorio-en-colombia","status":"publish","type":"post","link":"https:\/\/pagina10.com\/web\/desde-el-congreso-se-abre-paso-nuevo-servicio-militar-obligatorio-en-colombia\/","title":{"rendered":"Desde el Congreso, se abre paso nuevo servicio militar obligatorio en Colombia"},"content":{"rendered":"<p><img fetchpriority=\"high\" decoding=\"async\" class=\" size-full wp-image-18526\" src=\"https:\/\/pagina10.com\/web\/wp-content\/uploads\/2015\/11\/0942b1c722a652c8a0465646e39d5476.jpg\" alt=\"\" width=\"635\" height=\"300\" srcset=\"https:\/\/pagina10.com\/web\/wp-content\/uploads\/2015\/11\/0942b1c722a652c8a0465646e39d5476.jpg 635w, https:\/\/pagina10.com\/web\/wp-content\/uploads\/2015\/11\/0942b1c722a652c8a0465646e39d5476-300x142.jpg 300w\" sizes=\"(max-width: 635px) 100vw, 635px\" \/><\/p>\n<div style=\"text-align: justify;\">A menos de 48 horas que las comisiones primeras de senado y c\u00e1mara abran la puerta a una audiencia p\u00fablica alrededor del plebiscito \u2013mecanismo de participaci\u00f3n ciudadana- que refrendar\u00eda los acuerdos de La Habana, entre el Gobierno del presidente Juan&nbsp; Manuel Santos y la guerrilla de las FARC, se comenz\u00f3 abrir paso un proyecto de ley que modifica el servicio militar obligatorio.<\/div>\n<div style=\"text-align: justify;\">&nbsp;<\/div>\n<div style=\"text-align: justify;\">La iniciativa unifica en 18 meses la duraci\u00f3n del servicio militar en Colombia \u2013en todas sus modalidades. \u201cLa idea, es que no haya diferencia entre soldados, campesinos y bachilleres o regulares\u201d.<\/div>\n<div style=\"text-align: justify;\">&nbsp;<\/div>\n<div style=\"text-align: justify;\">El proyecto de ley contempla la edad de 24 a\u00f1os para que un ciudadano sea llamado a prestar servicio. \u201cAdem\u00e1s, para obtener la libreta militar se establecer\u00e1n mecanismos de pago como ocurre con otros servicios del Estado\u201d.<\/div>\n<div style=\"text-align: justify;\">&nbsp;<\/div>\n<div style=\"text-align: justify;\">Otro de los objetivos del proyecto de ley, se concentrar\u00e1 en dar un tratamiento favorable a quienes son remisos, una poblaci\u00f3n que sin definir su situaci\u00f3n militar tiene una cartera que vale 250 mil millones de pesos.<\/div>\n<div style=\"text-align: justify;\">&nbsp;<\/div>\n<div style=\"text-align: justify;\">Para el senador Manuel Enr\u00edquez Rosero \u2013presidente de la Comisi\u00f3n Primera del Senado- la presentaci\u00f3n de la iniciativa por parte del Gobierno al Congreso, es oportuna y aplaudi\u00f3 el hecho, que el proyecto de ley contempla el aumento un 100 por ciento la mensualidad de un soldado regular.<\/div>\n<div dir=\"ltr\" style=\"text-align: justify;\">&nbsp;<\/div>\n<div dir=\"ltr\" style=\"text-align: justify;\">\u201cPor v\u00eda legislativa \u2013se comienza abrir paso- un proceso de reclutamiento amable para los j\u00f3venes del pa\u00eds. Adem\u00e1s, con ingreso econ\u00f3mico para su n\u00facleo familiar\u201d sentenci\u00f3<\/div>\n","protected":false},"excerpt":{"rendered":"<p>A menos de 48 horas que las comisiones primeras de senado y c\u00e1mara abran la puerta a una audiencia p\u00fablica alrededor del plebiscito \u2013mecanismo de participaci\u00f3n ciudadana- que refrendar\u00eda los acuerdos de La Habana, entre el Gobierno del presidente Juan&nbsp; Manuel Santos y la guerrilla de las FARC, se comenz\u00f3 abrir paso un proyecto de [&hellip;]<\/p>\n","protected":false},"author":38,"featured_media":18526,"comment_status":"open","ping_status":"open","sticky":false,"template":"","format":"standard","meta":{"footnotes":""},"categories":[1],"tags":[],"class_list":["post-18527","post","type-post","status-publish","format-standard","has-post-thumbnail","hentry","category-sin-categoria"],"yoast_head":"<!-- This site is optimized with the Yoast SEO plugin v27.1.1 - https:\/\/yoast.com\/product\/yoast-seo-wordpress\/ -->\n<title>Desde el Congreso, se abre paso nuevo servicio militar obligatorio en Colombia | P\u00e1gina10<\/title>\n<meta name=\"robots\" content=\"index, follow, max-snippet:-1, max-image-preview:large, max-video-preview:-1\" \/>\n<link rel=\"canonical\" href=\"https:\/\/pagina10.com\/web\/desde-el-congreso-se-abre-paso-nuevo-servicio-militar-obligatorio-en-colombia\/\" \/>\n<meta property=\"og:locale\" content=\"es_ES\" \/>\n<meta property=\"og:type\" content=\"article\" \/>\n<meta property=\"og:title\" content=\"Desde el Congreso, se abre paso nuevo servicio militar obligatorio en Colombia | P\u00e1gina10\" \/>\n<meta property=\"og:description\" content=\"A menos de 48 horas que las comisiones primeras de senado y c\u00e1mara abran la puerta a una audiencia p\u00fablica alrededor del plebiscito \u2013mecanismo de participaci\u00f3n ciudadana- que refrendar\u00eda los acuerdos de La Habana, entre el Gobierno del presidente Juan&nbsp; Manuel Santos y la guerrilla de las FARC, se comenz\u00f3 abrir paso un proyecto de [&hellip;]\" \/>\n<meta property=\"og:url\" content=\"https:\/\/pagina10.com\/web\/desde-el-congreso-se-abre-paso-nuevo-servicio-militar-obligatorio-en-colombia\/\" \/>\n<meta property=\"og:site_name\" content=\"P\u00e1gina10\" \/>\n<meta property=\"article:publisher\" content=\"https:\/\/www.facebook.com\/pag10com\" \/>\n<meta property=\"article:published_time\" content=\"2015-11-15T14:41:19+00:00\" \/>\n<meta property=\"og:image\" content=\"https:\/\/pagina10.com\/web\/wp-content\/uploads\/2015\/11\/0942b1c722a652c8a0465646e39d5476.jpg\" \/>\n\t<meta property=\"og:image:width\" content=\"635\" \/>\n\t<meta property=\"og:image:height\" content=\"300\" \/>\n\t<meta property=\"og:image:type\" content=\"image\/jpeg\" \/>\n<meta name=\"author\" content=\"Carlos Villota Santacruz.\" \/>\n<meta name=\"twitter:card\" content=\"summary_large_image\" \/>\n<meta name=\"twitter:creator\" content=\"@Pag10com\" \/>\n<meta name=\"twitter:site\" content=\"@Pag10com\" \/>\n<meta name=\"twitter:label1\" content=\"Escrito por\" \/>\n\t<meta name=\"twitter:data1\" content=\"Carlos Villota Santacruz.\" \/>\n\t<meta name=\"twitter:label2\" content=\"Tiempo de lectura\" \/>\n\t<meta name=\"twitter:data2\" content=\"1 minuto\" \/>\n<script type=\"application\/ld+json\" class=\"yoast-schema-graph\">{\"@context\":\"https:\/\/schema.org\",\"@graph\":[{\"@type\":\"Article\",\"@id\":\"https:\/\/pagina10.com\/web\/desde-el-congreso-se-abre-paso-nuevo-servicio-militar-obligatorio-en-colombia\/#article\",\"isPartOf\":{\"@id\":\"https:\/\/pagina10.com\/web\/desde-el-congreso-se-abre-paso-nuevo-servicio-militar-obligatorio-en-colombia\/\"},\"author\":{\"name\":\"Carlos Villota Santacruz.\",\"@id\":\"https:\/\/pagina10.com\/web\/#\/schema\/person\/b459e2d15ec5ba9d5a2c9a81c71c4f7b\"},\"headline\":\"Desde el Congreso, se abre paso nuevo servicio militar obligatorio en Colombia\",\"datePublished\":\"2015-11-15T14:41:19+00:00\",\"mainEntityOfPage\":{\"@id\":\"https:\/\/pagina10.com\/web\/desde-el-congreso-se-abre-paso-nuevo-servicio-militar-obligatorio-en-colombia\/\"},\"wordCount\":273,\"commentCount\":0,\"publisher\":{\"@id\":\"https:\/\/pagina10.com\/web\/#organization\"},\"image\":{\"@id\":\"https:\/\/pagina10.com\/web\/desde-el-congreso-se-abre-paso-nuevo-servicio-militar-obligatorio-en-colombia\/#primaryimage\"},\"thumbnailUrl\":\"https:\/\/pagina10.com\/web\/wp-content\/uploads\/2015\/11\/0942b1c722a652c8a0465646e39d5476.jpg\",\"inLanguage\":\"es\",\"potentialAction\":[{\"@type\":\"CommentAction\",\"name\":\"Comment\",\"target\":[\"https:\/\/pagina10.com\/web\/desde-el-congreso-se-abre-paso-nuevo-servicio-militar-obligatorio-en-colombia\/#respond\"]}]},{\"@type\":\"WebPage\",\"@id\":\"https:\/\/pagina10.com\/web\/desde-el-congreso-se-abre-paso-nuevo-servicio-militar-obligatorio-en-colombia\/\",\"url\":\"https:\/\/pagina10.com\/web\/desde-el-congreso-se-abre-paso-nuevo-servicio-militar-obligatorio-en-colombia\/\",\"name\":\"Desde el Congreso, se abre paso nuevo servicio militar obligatorio en Colombia | P\u00e1gina10\",\"isPartOf\":{\"@id\":\"https:\/\/pagina10.com\/web\/#website\"},\"primaryImageOfPage\":{\"@id\":\"https:\/\/pagina10.com\/web\/desde-el-congreso-se-abre-paso-nuevo-servicio-militar-obligatorio-en-colombia\/#primaryimage\"},\"image\":{\"@id\":\"https:\/\/pagina10.com\/web\/desde-el-congreso-se-abre-paso-nuevo-servicio-militar-obligatorio-en-colombia\/#primaryimage\"},\"thumbnailUrl\":\"https:\/\/pagina10.com\/web\/wp-content\/uploads\/2015\/11\/0942b1c722a652c8a0465646e39d5476.jpg\",\"datePublished\":\"2015-11-15T14:41:19+00:00\",\"breadcrumb\":{\"@id\":\"https:\/\/pagina10.com\/web\/desde-el-congreso-se-abre-paso-nuevo-servicio-militar-obligatorio-en-colombia\/#breadcrumb\"},\"inLanguage\":\"es\",\"potentialAction\":[{\"@type\":\"ReadAction\",\"target\":[\"https:\/\/pagina10.com\/web\/desde-el-congreso-se-abre-paso-nuevo-servicio-militar-obligatorio-en-colombia\/\"]}]},{\"@type\":\"ImageObject\",\"inLanguage\":\"es\",\"@id\":\"https:\/\/pagina10.com\/web\/desde-el-congreso-se-abre-paso-nuevo-servicio-militar-obligatorio-en-colombia\/#primaryimage\",\"url\":\"https:\/\/pagina10.com\/web\/wp-content\/uploads\/2015\/11\/0942b1c722a652c8a0465646e39d5476.jpg\",\"contentUrl\":\"https:\/\/pagina10.com\/web\/wp-content\/uploads\/2015\/11\/0942b1c722a652c8a0465646e39d5476.jpg\",\"width\":635,\"height\":300},{\"@type\":\"BreadcrumbList\",\"@id\":\"https:\/\/pagina10.com\/web\/desde-el-congreso-se-abre-paso-nuevo-servicio-militar-obligatorio-en-colombia\/#breadcrumb\",\"itemListElement\":[{\"@type\":\"ListItem\",\"position\":1,\"name\":\"Portada\",\"item\":\"https:\/\/pagina10.com\/web\/\"},{\"@type\":\"ListItem\",\"position\":2,\"name\":\"Desde el Congreso, se abre paso nuevo servicio militar obligatorio en Colombia\"}]},{\"@type\":\"WebSite\",\"@id\":\"https:\/\/pagina10.com\/web\/#website\",\"url\":\"https:\/\/pagina10.com\/web\/\",\"name\":\"P\u00e1gina10\",\"description\":\"Peri\u00f3dico Regional\",\"publisher\":{\"@id\":\"https:\/\/pagina10.com\/web\/#organization\"},\"alternateName\":\"P\u00e1gina10 Peri\u00f3dico Regional\",\"potentialAction\":[{\"@type\":\"SearchAction\",\"target\":{\"@type\":\"EntryPoint\",\"urlTemplate\":\"https:\/\/pagina10.com\/web\/?s={search_term_string}\"},\"query-input\":{\"@type\":\"PropertyValueSpecification\",\"valueRequired\":true,\"valueName\":\"search_term_string\"}}],\"inLanguage\":\"es\"},{\"@type\":\"Organization\",\"@id\":\"https:\/\/pagina10.com\/web\/#organization\",\"name\":\"P\u00e1gina10\",\"alternateName\":\"P\u00e1gina10 Peri\u00f3dico Regional\",\"url\":\"https:\/\/pagina10.com\/web\/\",\"logo\":{\"@type\":\"ImageObject\",\"inLanguage\":\"es\",\"@id\":\"https:\/\/pagina10.com\/web\/#\/schema\/logo\/image\/\",\"url\":\"https:\/\/pagina10.com\/web\/wp-content\/uploads\/2024\/01\/40-pagina-10-periodico-regional-pasto.jpg\",\"contentUrl\":\"https:\/\/pagina10.com\/web\/wp-content\/uploads\/2024\/01\/40-pagina-10-periodico-regional-pasto.jpg\",\"width\":1280,\"height\":720,\"caption\":\"P\u00e1gina10\"},\"image\":{\"@id\":\"https:\/\/pagina10.com\/web\/#\/schema\/logo\/image\/\"},\"sameAs\":[\"https:\/\/www.facebook.com\/pag10com\",\"https:\/\/x.com\/Pag10com\",\"https:\/\/www.instagram.com\/pagina10col\/\",\"https:\/\/youtube.com\/channel\/pag10\",\"https:\/\/www.tiktok.com\/@p10col\"]},{\"@type\":\"Person\",\"@id\":\"https:\/\/pagina10.com\/web\/#\/schema\/person\/b459e2d15ec5ba9d5a2c9a81c71c4f7b\",\"name\":\"Carlos Villota Santacruz.\",\"description\":\"Internacionalista-Comunicador Social y Periodista. Experto en Comunicaci\u00f3n para el desarrollo y ciudad-regi\u00f3n.. Promotor de proyectos e investigaci\u00f3n comunicativa en radio, prensa y televisi\u00f3n. Experiencia en el manejo de imagen externa, interna y protocolaria de entidades p\u00fablicas y privadas, encuentros culturales, empresariales y ambientales. Docente en el \u00e1rea de televisi\u00f3n, relaciones internacionales y bloques econ\u00f3micos. Experto y conferencista en temas de marketing pol\u00edtico, marketing de ciudad, integraci\u00f3n cultural, TLC y desarrollo urban\u00edstico. E-mail: villotasantacruzcarlos@yahoo.com.co\",\"url\":\"https:\/\/pagina10.com\/web\/author\/cvillota\/\"}]}<\/script>\n<!-- \/ Yoast SEO plugin. -->","yoast_head_json":{"title":"Desde el Congreso, se abre paso nuevo servicio militar obligatorio en Colombia | P\u00e1gina10","robots":{"index":"index","follow":"follow","max-snippet":"max-snippet:-1","max-image-preview":"max-image-preview:large","max-video-preview":"max-video-preview:-1"},"canonical":"https:\/\/pagina10.com\/web\/desde-el-congreso-se-abre-paso-nuevo-servicio-militar-obligatorio-en-colombia\/","og_locale":"es_ES","og_type":"article","og_title":"Desde el Congreso, se abre paso nuevo servicio militar obligatorio en Colombia | P\u00e1gina10","og_description":"A menos de 48 horas que las comisiones primeras de senado y c\u00e1mara abran la puerta a una audiencia p\u00fablica alrededor del plebiscito \u2013mecanismo de participaci\u00f3n ciudadana- que refrendar\u00eda los acuerdos de La Habana, entre el Gobierno del presidente Juan&nbsp; Manuel Santos y la guerrilla de las FARC, se comenz\u00f3 abrir paso un proyecto de [&hellip;]","og_url":"https:\/\/pagina10.com\/web\/desde-el-congreso-se-abre-paso-nuevo-servicio-militar-obligatorio-en-colombia\/","og_site_name":"P\u00e1gina10","article_publisher":"https:\/\/www.facebook.com\/pag10com","article_published_time":"2015-11-15T14:41:19+00:00","og_image":[{"width":635,"height":300,"url":"https:\/\/pagina10.com\/web\/wp-content\/uploads\/2015\/11\/0942b1c722a652c8a0465646e39d5476.jpg","type":"image\/jpeg"}],"author":"Carlos Villota Santacruz.","twitter_card":"summary_large_image","twitter_creator":"@Pag10com","twitter_site":"@Pag10com","twitter_misc":{"Escrito por":"Carlos Villota Santacruz.","Tiempo de lectura":"1 minuto"},"schema":{"@context":"https:\/\/schema.org","@graph":[{"@type":"Article","@id":"https:\/\/pagina10.com\/web\/desde-el-congreso-se-abre-paso-nuevo-servicio-militar-obligatorio-en-colombia\/#article","isPartOf":{"@id":"https:\/\/pagina10.com\/web\/desde-el-congreso-se-abre-paso-nuevo-servicio-militar-obligatorio-en-colombia\/"},"author":{"name":"Carlos Villota Santacruz.","@id":"https:\/\/pagina10.com\/web\/#\/schema\/person\/b459e2d15ec5ba9d5a2c9a81c71c4f7b"},"headline":"Desde el Congreso, se abre paso nuevo servicio militar obligatorio en Colombia","datePublished":"2015-11-15T14:41:19+00:00","mainEntityOfPage":{"@id":"https:\/\/pagina10.com\/web\/desde-el-congreso-se-abre-paso-nuevo-servicio-militar-obligatorio-en-colombia\/"},"wordCount":273,"commentCount":0,"publisher":{"@id":"https:\/\/pagina10.com\/web\/#organization"},"image":{"@id":"https:\/\/pagina10.com\/web\/desde-el-congreso-se-abre-paso-nuevo-servicio-militar-obligatorio-en-colombia\/#primaryimage"},"thumbnailUrl":"https:\/\/pagina10.com\/web\/wp-content\/uploads\/2015\/11\/0942b1c722a652c8a0465646e39d5476.jpg","inLanguage":"es","potentialAction":[{"@type":"CommentAction","name":"Comment","target":["https:\/\/pagina10.com\/web\/desde-el-congreso-se-abre-paso-nuevo-servicio-militar-obligatorio-en-colombia\/#respond"]}]},{"@type":"WebPage","@id":"https:\/\/pagina10.com\/web\/desde-el-congreso-se-abre-paso-nuevo-servicio-militar-obligatorio-en-colombia\/","url":"https:\/\/pagina10.com\/web\/desde-el-congreso-se-abre-paso-nuevo-servicio-militar-obligatorio-en-colombia\/","name":"Desde el Congreso, se abre paso nuevo servicio militar obligatorio en Colombia | P\u00e1gina10","isPartOf":{"@id":"https:\/\/pagina10.com\/web\/#website"},"primaryImageOfPage":{"@id":"https:\/\/pagina10.com\/web\/desde-el-congreso-se-abre-paso-nuevo-servicio-militar-obligatorio-en-colombia\/#primaryimage"},"image":{"@id":"https:\/\/pagina10.com\/web\/desde-el-congreso-se-abre-paso-nuevo-servicio-militar-obligatorio-en-colombia\/#primaryimage"},"thumbnailUrl":"https:\/\/pagina10.com\/web\/wp-content\/uploads\/2015\/11\/0942b1c722a652c8a0465646e39d5476.jpg","datePublished":"2015-11-15T14:41:19+00:00","breadcrumb":{"@id":"https:\/\/pagina10.com\/web\/desde-el-congreso-se-abre-paso-nuevo-servicio-militar-obligatorio-en-colombia\/#breadcrumb"},"inLanguage":"es","potentialAction":[{"@type":"ReadAction","target":["https:\/\/pagina10.com\/web\/desde-el-congreso-se-abre-paso-nuevo-servicio-militar-obligatorio-en-colombia\/"]}]},{"@type":"ImageObject","inLanguage":"es","@id":"https:\/\/pagina10.com\/web\/desde-el-congreso-se-abre-paso-nuevo-servicio-militar-obligatorio-en-colombia\/#primaryimage","url":"https:\/\/pagina10.com\/web\/wp-content\/uploads\/2015\/11\/0942b1c722a652c8a0465646e39d5476.jpg","contentUrl":"https:\/\/pagina10.com\/web\/wp-content\/uploads\/2015\/11\/0942b1c722a652c8a0465646e39d5476.jpg","width":635,"height":300},{"@type":"BreadcrumbList","@id":"https:\/\/pagina10.com\/web\/desde-el-congreso-se-abre-paso-nuevo-servicio-militar-obligatorio-en-colombia\/#breadcrumb","itemListElement":[{"@type":"ListItem","position":1,"name":"Portada","item":"https:\/\/pagina10.com\/web\/"},{"@type":"ListItem","position":2,"name":"Desde el Congreso, se abre paso nuevo servicio militar obligatorio en Colombia"}]},{"@type":"WebSite","@id":"https:\/\/pagina10.com\/web\/#website","url":"https:\/\/pagina10.com\/web\/","name":"P\u00e1gina10","description":"Peri\u00f3dico Regional","publisher":{"@id":"https:\/\/pagina10.com\/web\/#organization"},"alternateName":"P\u00e1gina10 Peri\u00f3dico Regional","potentialAction":[{"@type":"SearchAction","target":{"@type":"EntryPoint","urlTemplate":"https:\/\/pagina10.com\/web\/?s={search_term_string}"},"query-input":{"@type":"PropertyValueSpecification","valueRequired":true,"valueName":"search_term_string"}}],"inLanguage":"es"},{"@type":"Organization","@id":"https:\/\/pagina10.com\/web\/#organization","name":"P\u00e1gina10","alternateName":"P\u00e1gina10 Peri\u00f3dico Regional","url":"https:\/\/pagina10.com\/web\/","logo":{"@type":"ImageObject","inLanguage":"es","@id":"https:\/\/pagina10.com\/web\/#\/schema\/logo\/image\/","url":"https:\/\/pagina10.com\/web\/wp-content\/uploads\/2024\/01\/40-pagina-10-periodico-regional-pasto.jpg","contentUrl":"https:\/\/pagina10.com\/web\/wp-content\/uploads\/2024\/01\/40-pagina-10-periodico-regional-pasto.jpg","width":1280,"height":720,"caption":"P\u00e1gina10"},"image":{"@id":"https:\/\/pagina10.com\/web\/#\/schema\/logo\/image\/"},"sameAs":["https:\/\/www.facebook.com\/pag10com","https:\/\/x.com\/Pag10com","https:\/\/www.instagram.com\/pagina10col\/","https:\/\/youtube.com\/channel\/pag10","https:\/\/www.tiktok.com\/@p10col"]},{"@type":"Person","@id":"https:\/\/pagina10.com\/web\/#\/schema\/person\/b459e2d15ec5ba9d5a2c9a81c71c4f7b","name":"Carlos Villota Santacruz.","description":"Internacionalista-Comunicador Social y Periodista. Experto en Comunicaci\u00f3n para el desarrollo y ciudad-regi\u00f3n.. Promotor de proyectos e investigaci\u00f3n comunicativa en radio, prensa y televisi\u00f3n. Experiencia en el manejo de imagen externa, interna y protocolaria de entidades p\u00fablicas y privadas, encuentros culturales, empresariales y ambientales. Docente en el \u00e1rea de televisi\u00f3n, relaciones internacionales y bloques econ\u00f3micos. Experto y conferencista en temas de marketing pol\u00edtico, marketing de ciudad, integraci\u00f3n cultural, TLC y desarrollo urban\u00edstico. E-mail: villotasantacruzcarlos@yahoo.com.co","url":"https:\/\/pagina10.com\/web\/author\/cvillota\/"}]}},"_links":{"self":[{"href":"https:\/\/pagina10.com\/web\/wp-json\/wp\/v2\/posts\/18527","targetHints":{"allow":["GET"]}}],"collection":[{"href":"https:\/\/pagina10.com\/web\/wp-json\/wp\/v2\/posts"}],"about":[{"href":"https:\/\/pagina10.com\/web\/wp-json\/wp\/v2\/types\/post"}],"author":[{"embeddable":true,"href":"https:\/\/pagina10.com\/web\/wp-json\/wp\/v2\/users\/38"}],"replies":[{"embeddable":true,"href":"https:\/\/pagina10.com\/web\/wp-json\/wp\/v2\/comments?post=18527"}],"version-history":[{"count":0,"href":"https:\/\/pagina10.com\/web\/wp-json\/wp\/v2\/posts\/18527\/revisions"}],"wp:featuredmedia":[{"embeddable":true,"href":"https:\/\/pagina10.com\/web\/wp-json\/wp\/v2\/media\/18526"}],"wp:attachment":[{"href":"https:\/\/pagina10.com\/web\/wp-json\/wp\/v2\/media?parent=18527"}],"wp:term":[{"taxonomy":"category","embeddable":true,"href":"https:\/\/pagina10.com\/web\/wp-json\/wp\/v2\/categories?post=18527"},{"taxonomy":"post_tag","embeddable":true,"href":"https:\/\/pagina10.com\/web\/wp-json\/wp\/v2\/tags?post=18527"}],"curies":[{"name":"wp","href":"https:\/\/api.w.org\/{rel}","templated":true}]}}