{"id":18529,"date":"2015-11-15T14:50:39","date_gmt":"2015-11-15T14:50:39","guid":{"rendered":"https:\/\/pagina10.com\/web\/finalistas-y-ganadores-distintas-maneras-de-narrar-las-musicas-de-marimba\/"},"modified":"2015-11-15T14:50:39","modified_gmt":"2015-11-15T14:50:39","slug":"finalistas-y-ganadores-distintas-maneras-de-narrar-las-musicas-de-marimba","status":"publish","type":"post","link":"https:\/\/pagina10.com\/web\/finalistas-y-ganadores-distintas-maneras-de-narrar-las-musicas-de-marimba\/","title":{"rendered":"Finalistas y ganadores distintas maneras de narrar las m\u00fasicas de marimba"},"content":{"rendered":"<p><img fetchpriority=\"high\" decoding=\"async\" class=\" size-full wp-image-18528\" src=\"https:\/\/pagina10.com\/web\/wp-content\/uploads\/2015\/11\/68f58f1889954bc29933503ec7a3abc0.jpg\" alt=\"\" width=\"526\" height=\"388\" srcset=\"https:\/\/pagina10.com\/web\/wp-content\/uploads\/2015\/11\/68f58f1889954bc29933503ec7a3abc0.jpg 526w, https:\/\/pagina10.com\/web\/wp-content\/uploads\/2015\/11\/68f58f1889954bc29933503ec7a3abc0-300x221.jpg 300w, https:\/\/pagina10.com\/web\/wp-content\/uploads\/2015\/11\/68f58f1889954bc29933503ec7a3abc0-86x64.jpg 86w\" sizes=\"(max-width: 526px) 100vw, 526px\" \/><\/p>\n<p style=\"text-align: justify;\">Con el prop\u00f3sito de reconocer los trabajos period\u00edsticos que visibilicen la riqueza musical, \u00e9tnica y espiritual de la manifestaci\u00f3n de las M\u00fasicas de marimba y cantos tradicionales del Pac\u00edfico Sur, declarada patrimonio cultural de la humanidad.<\/p>\n<p style=\"text-align: justify;\">El Ministerio de Cultura convoc\u00f3 a periodistas, comunicadores y creadores de contenidos culturales de todo el pa\u00eds a la segunda versi\u00f3n de los Reconocimientos de periodismo cultural &#8220;Distintas maneras de narrar las M\u00fasicas de marimba y los cantos tradicionales del Pacifico Sur&#8221;.<\/p>\n<p style=\"text-align: justify;\">La convocatoria a este premio que otorga $18.500.000 a las piezas ganadoras estuvo abierta entre el 21 de julio y el 18 de septiembre. En total se recibieron veintiocho 28 trabajos provenientes de Bogot\u00e1, Pasto, Cali, Palmira, Popay\u00e1n y Medell\u00edn en las siguientes categor\u00edas: 10 cr\u00f3nicas escritas, 7 reportajes fotogr\u00e1ficos, 6 piezas audiovisuales, 5 piezas radiales.<\/p>\n<p style=\"text-align: justify;\">El jurado calificador de estos reconocimientos estuvo integrado por: Mabel Lara, periodista y presentadora del Canal Caracol, ganadora del Premio Nacional de Periodismo Sim\u00f3n Bol\u00edvar en el 2007, quien hizo parte del programa &#8220;Nuestra Herencia&#8221; de Tele Pac\u00edfico y present\u00f3 por varios a\u00f1os el Festival de m\u00fasica del Pac\u00edfico Petronio \u00c1lvarez; Alfredo Van\u00edn, poeta, ensayista y profesor que se ha preocupado por ahondar en las ra\u00edces africanas de la colombianidad y coordin\u00f3 la elaboraci\u00f3n del Plan Especial de Salvaguardia de m\u00fasicas de marimba y cantos tradicionales del Pac\u00edfico sur; Fernando Calero, acad\u00e9mico experto en televisi\u00f3n, fue gerente de Telepac\u00edfico y de Inravisi\u00f3n y actualmente es asesor del Ministerio de Cultura y representante de la Ministra ante el Consejo Nacional de Medios de Comunicaci\u00f3n Ciudadanos y Comunitarios.<\/p>\n<p style=\"text-align: justify;\">En la jornada de deliberaci\u00f3n realizada el d\u00eda 23 de octubre, el jurado calificador seleccion\u00f3 como finalistas y ganadores de los Reconocimientos de periodismo cultural &#8220;Distintas maneras de narrar las M\u00fasicas de marimba y los cantos tradicionales del Pacifico Sur&#8221; en su versi\u00f3n 2015 a los siguientes trabajos:<\/p>\n<p style=\"text-align: justify;\"><strong>En la categor\u00eda Mejor producci\u00f3n radial:<\/strong><\/p>\n<p style=\"text-align: justify;\"><strong>Finalistas:<\/strong><\/p>\n<p style=\"text-align: justify;\">M\u00fasica y muerte en el Pac\u00edfico Sur colombiano<\/p>\n<p style=\"text-align: justify;\">Proponente: Lorena Paola Rada<\/p>\n<p style=\"text-align: justify;\">Nombre del trabajo: La Sant\u00edsima marimba<\/p>\n<p style=\"text-align: justify;\">Proponente: Juan Carlos Granada<\/p>\n<p style=\"text-align: justify;\"><strong>Ganador: La Sant\u00edsima marimba<\/strong><\/p>\n<p style=\"text-align: justify;\">Concepto del jurado: Es una pieza muy bien lograda, una bella aproximaci\u00f3n que explora la relaci\u00f3n entre la religi\u00f3n y las m\u00fasicas de marimba. La producci\u00f3n destaca la marimba como un instrumento de resistencia cultural importante en las comunidades negras. La marimba es la protagonista y los personajes entran y salen acompa\u00f1ando la narraci\u00f3n. Tiene un sonido limpio y aprovecha la potencialidad del lenguaje sonoro.<\/p>\n<p style=\"text-align: justify;\"><strong>En la categor\u00eda Mejor producci\u00f3n audiovisual:<\/strong><\/p>\n<p style=\"text-align: justify;\"><strong>Finalistas:<\/strong><br \/>Nombre del trabajo: Relatos del manglar<\/p>\n<p style=\"text-align: justify;\">Proponente: V\u00edctor Manuel Hern\u00e1ndez<\/p>\n<p style=\"text-align: justify;\">Nombre del trabajo: Salvavidas<\/p>\n<p style=\"text-align: justify;\">Proponente: Jhon N\u00e9stor Vivas y Francisco Guevara<\/p>\n<p style=\"text-align: justify;\">Nombre del trabajo: Canto negro, canto mio<\/p>\n<p style=\"text-align: justify;\">Proponente: Carolina Revelo Rodr\u00edguez<\/p>\n<p style=\"text-align: justify;\"><strong>Ganador: Relatos del manglar<\/strong><\/p>\n<p style=\"text-align: justify;\">Concepto: Es un relato audiovisual sencillo y muy bien logrado. Las voces de las protagonistas y los sonidos construyen el relato alrededor del trabajo de las mujeres en el manglar, el cual da cuenta del ecosistema, del territorio, de la forma de vida de las mujeres y sus problem\u00e1ticas. La c\u00e1mara las acompa\u00f1a en su trabajo cotidiano, lo que permite adentrarnos en sus saberes, preocupaciones y sue\u00f1os. Los cantos fluyen como lenguaje, como testimonio de sus historias. La pieza dignifica el trabajo de las mujeres concheras. Es un trabajo con una acertada fotograf\u00eda, que evidencia la belleza de la regi\u00f3n.<\/p>\n<p style=\"text-align: justify;\"><strong>En la categor\u00eda Mejor reportaje fotogr\u00e1fico:<\/strong><\/p>\n<p style=\"text-align: justify;\"><strong>Finalistas:<\/strong><br \/>Nombre del trabajo: Marimbas y marimberos<\/p>\n<p style=\"text-align: justify;\">Proponente: David Ortegon Su\u00e1rez<\/p>\n<p style=\"text-align: justify;\">Nombre del trabajo: R\u00edo Timbiqu\u00ed dejame sub\u00ed<\/p>\n<p style=\"text-align: justify;\">Proponente: Djamel Kadi<\/p>\n<p style=\"text-align: justify;\">Nombre del trabajo: Balsadas en honor al Se\u00f1or de la Misericordia<\/p>\n<p style=\"text-align: justify;\">Proponente: Carlos Benavides<\/p>\n<p style=\"text-align: justify;\"><strong>Ganador: Balsadas en honor al Se\u00f1or de la Misericordia<\/strong><\/p>\n<p style=\"text-align: justify;\">Concepto del jurado: Es un trabajo que cuenta c\u00f3mo la religiosidad se vive como una fiesta en el Pac\u00edfico Colombiano. Mantiene una coherencia narrativa y un movimiento circular en el relato. La propuesta est\u00e9tica de blanco y negro le da identidad al reportaje, aunque en ocasiones su uso exagera el dramatismo del tema.<\/p>\n<p style=\"text-align: justify;\"><strong>En la categor\u00eda Mejor cr\u00f3nica escrita:<\/strong><\/p>\n<p style=\"text-align: justify;\"><strong>Finalistas:<\/strong><br \/>Nombre del trabajo: Arrullando a la Atochita<\/p>\n<p style=\"text-align: justify;\">Proponente: Juan Pablo Li\u00e9vano<\/p>\n<p style=\"text-align: justify;\">Nombre del trabajo: Las voces de la marimba de chonta se niegan a desaparecer<\/p>\n<p style=\"text-align: justify;\">Proponente: Nibeth Adriana Duarte<\/p>\n<p style=\"text-align: justify;\">Nombre del trabajo: Historias de marimbas cantos y cultura del Pac\u00edfico colombiano<\/p>\n<p style=\"text-align: justify;\">Proponente: Ricardo Hincapi\u00e9 Trujillo<\/p>\n<p style=\"text-align: justify;\"><strong>Ganador: Las voces de la marimba de chonta se niegan a desaparecer<\/strong><\/p>\n<p style=\"text-align: justify;\">Concepto del jurado: Es un trabajo excepcional, hay rigurosidad en la investigaci\u00f3n, es un gran aporte al conocimiento integral de las m\u00fasicas de marimba. La cr\u00f3nica aborda un tema complejo como son las relaciones entre la marimba, voces y entorno, a trav\u00e9s de la f\u00edsica, la historia, la transmisi\u00f3n del conocimiento y la vivencia cotidiana integrada a la m\u00fasica.<\/p>\n<p style=\"text-align: justify;\"><strong>Suplente: Historias de marimbas cantos y culturas.<\/strong><\/p>\n<p style=\"text-align: justify;\">La categor\u00eda Mejor contenido digital realizado por j\u00f3venes entre 18 y 25 a\u00f1os fue declarada desierta, ya que no se present\u00f3 ning\u00fan trabajo. Por tanto el jurado recomend\u00f3 destinar el premio de esta categor\u00eda al trabajo suplente de la Categor\u00eda Mejor cr\u00f3nica escrita, teniendo en cuenta que fue en la que se presentaron los trabajos de mejor calidad en esta convocatoria.<\/p>\n<p style=\"text-align: justify;\">Los Reconocimientos de periodismo cultural &#8220;Distintas maneras de narrar las M\u00fasicas de marimba y los cantos tradicionales del Pacifico Sur&#8221; se realizan gracias a una alianza entre la Direcci\u00f3n de Comunicaciones del Ministerio de Cultura, la Secretar\u00eda de Cultura del Valle y la Secretar\u00eda de Cultura y Turismo de Cali; con el apoyo de El Pa\u00eds, Telepac\u00edfico y Univalle Est\u00e9reo, medios de comunicaci\u00f3n por donde circular\u00e1n las piezas ganadoras de la versi\u00f3n 2015; as\u00ed como en el Banco de Contenidos Culturales de la Direcci\u00f3n de Comunicaciones del Ministerio de Cultura.<\/p>\n<p style=\"text-align: justify;\">&nbsp;<\/p>\n<p style=\"text-align: justify;\">Fuente: Mincultura<\/p>\n","protected":false},"excerpt":{"rendered":"<p>Con el prop\u00f3sito de reconocer los trabajos period\u00edsticos que visibilicen la riqueza musical, \u00e9tnica y espiritual de la manifestaci\u00f3n de las M\u00fasicas de marimba y cantos tradicionales del Pac\u00edfico Sur, declarada patrimonio cultural de la humanidad. El Ministerio de Cultura convoc\u00f3 a periodistas, comunicadores y creadores de contenidos culturales de todo el pa\u00eds a la [&hellip;]<\/p>\n","protected":false},"author":29,"featured_media":18528,"comment_status":"open","ping_status":"open","sticky":false,"template":"","format":"standard","meta":{"footnotes":""},"categories":[1],"tags":[],"class_list":["post-18529","post","type-post","status-publish","format-standard","has-post-thumbnail","hentry","category-sin-categoria"],"yoast_head":"<!-- This site is optimized with the Yoast SEO plugin v27.1.1 - https:\/\/yoast.com\/product\/yoast-seo-wordpress\/ -->\n<title>Finalistas y ganadores distintas maneras de narrar las m\u00fasicas de marimba | P\u00e1gina10<\/title>\n<meta name=\"robots\" content=\"index, follow, max-snippet:-1, max-image-preview:large, max-video-preview:-1\" \/>\n<link rel=\"canonical\" href=\"https:\/\/pagina10.com\/web\/finalistas-y-ganadores-distintas-maneras-de-narrar-las-musicas-de-marimba\/\" \/>\n<meta property=\"og:locale\" content=\"es_ES\" \/>\n<meta property=\"og:type\" content=\"article\" \/>\n<meta property=\"og:title\" content=\"Finalistas y ganadores distintas maneras de narrar las m\u00fasicas de marimba | P\u00e1gina10\" \/>\n<meta property=\"og:description\" content=\"Con el prop\u00f3sito de reconocer los trabajos period\u00edsticos que visibilicen la riqueza musical, \u00e9tnica y espiritual de la manifestaci\u00f3n de las M\u00fasicas de marimba y cantos tradicionales del Pac\u00edfico Sur, declarada patrimonio cultural de la humanidad. El Ministerio de Cultura convoc\u00f3 a periodistas, comunicadores y creadores de contenidos culturales de todo el pa\u00eds a la [&hellip;]\" \/>\n<meta property=\"og:url\" content=\"https:\/\/pagina10.com\/web\/finalistas-y-ganadores-distintas-maneras-de-narrar-las-musicas-de-marimba\/\" \/>\n<meta property=\"og:site_name\" content=\"P\u00e1gina10\" \/>\n<meta property=\"article:publisher\" content=\"https:\/\/www.facebook.com\/pag10com\" \/>\n<meta property=\"article:published_time\" content=\"2015-11-15T14:50:39+00:00\" \/>\n<meta property=\"og:image\" content=\"https:\/\/pagina10.com\/web\/wp-content\/uploads\/2015\/11\/68f58f1889954bc29933503ec7a3abc0.jpg\" \/>\n\t<meta property=\"og:image:width\" content=\"526\" \/>\n\t<meta property=\"og:image:height\" content=\"388\" \/>\n\t<meta property=\"og:image:type\" content=\"image\/jpeg\" \/>\n<meta name=\"author\" content=\"P\u00e1gina 10\" \/>\n<meta name=\"twitter:card\" content=\"summary_large_image\" \/>\n<meta name=\"twitter:creator\" content=\"@Pag10com\" \/>\n<meta name=\"twitter:site\" content=\"@Pag10com\" \/>\n<meta name=\"twitter:label1\" content=\"Escrito por\" \/>\n\t<meta name=\"twitter:data1\" content=\"P\u00e1gina 10\" \/>\n\t<meta name=\"twitter:label2\" content=\"Tiempo de lectura\" \/>\n\t<meta name=\"twitter:data2\" content=\"5 minutos\" \/>\n<script type=\"application\/ld+json\" class=\"yoast-schema-graph\">{\"@context\":\"https:\/\/schema.org\",\"@graph\":[{\"@type\":\"Article\",\"@id\":\"https:\/\/pagina10.com\/web\/finalistas-y-ganadores-distintas-maneras-de-narrar-las-musicas-de-marimba\/#article\",\"isPartOf\":{\"@id\":\"https:\/\/pagina10.com\/web\/finalistas-y-ganadores-distintas-maneras-de-narrar-las-musicas-de-marimba\/\"},\"author\":{\"name\":\"P\u00e1gina 10\",\"@id\":\"https:\/\/pagina10.com\/web\/#\/schema\/person\/a7a5d38f0629dfc107f619fbae4f6cc3\"},\"headline\":\"Finalistas y ganadores distintas maneras de narrar las m\u00fasicas de marimba\",\"datePublished\":\"2015-11-15T14:50:39+00:00\",\"mainEntityOfPage\":{\"@id\":\"https:\/\/pagina10.com\/web\/finalistas-y-ganadores-distintas-maneras-de-narrar-las-musicas-de-marimba\/\"},\"wordCount\":1030,\"commentCount\":0,\"publisher\":{\"@id\":\"https:\/\/pagina10.com\/web\/#organization\"},\"image\":{\"@id\":\"https:\/\/pagina10.com\/web\/finalistas-y-ganadores-distintas-maneras-de-narrar-las-musicas-de-marimba\/#primaryimage\"},\"thumbnailUrl\":\"https:\/\/pagina10.com\/web\/wp-content\/uploads\/2015\/11\/68f58f1889954bc29933503ec7a3abc0.jpg\",\"inLanguage\":\"es\",\"potentialAction\":[{\"@type\":\"CommentAction\",\"name\":\"Comment\",\"target\":[\"https:\/\/pagina10.com\/web\/finalistas-y-ganadores-distintas-maneras-de-narrar-las-musicas-de-marimba\/#respond\"]}]},{\"@type\":\"WebPage\",\"@id\":\"https:\/\/pagina10.com\/web\/finalistas-y-ganadores-distintas-maneras-de-narrar-las-musicas-de-marimba\/\",\"url\":\"https:\/\/pagina10.com\/web\/finalistas-y-ganadores-distintas-maneras-de-narrar-las-musicas-de-marimba\/\",\"name\":\"Finalistas y ganadores distintas maneras de narrar las m\u00fasicas de marimba | P\u00e1gina10\",\"isPartOf\":{\"@id\":\"https:\/\/pagina10.com\/web\/#website\"},\"primaryImageOfPage\":{\"@id\":\"https:\/\/pagina10.com\/web\/finalistas-y-ganadores-distintas-maneras-de-narrar-las-musicas-de-marimba\/#primaryimage\"},\"image\":{\"@id\":\"https:\/\/pagina10.com\/web\/finalistas-y-ganadores-distintas-maneras-de-narrar-las-musicas-de-marimba\/#primaryimage\"},\"thumbnailUrl\":\"https:\/\/pagina10.com\/web\/wp-content\/uploads\/2015\/11\/68f58f1889954bc29933503ec7a3abc0.jpg\",\"datePublished\":\"2015-11-15T14:50:39+00:00\",\"breadcrumb\":{\"@id\":\"https:\/\/pagina10.com\/web\/finalistas-y-ganadores-distintas-maneras-de-narrar-las-musicas-de-marimba\/#breadcrumb\"},\"inLanguage\":\"es\",\"potentialAction\":[{\"@type\":\"ReadAction\",\"target\":[\"https:\/\/pagina10.com\/web\/finalistas-y-ganadores-distintas-maneras-de-narrar-las-musicas-de-marimba\/\"]}]},{\"@type\":\"ImageObject\",\"inLanguage\":\"es\",\"@id\":\"https:\/\/pagina10.com\/web\/finalistas-y-ganadores-distintas-maneras-de-narrar-las-musicas-de-marimba\/#primaryimage\",\"url\":\"https:\/\/pagina10.com\/web\/wp-content\/uploads\/2015\/11\/68f58f1889954bc29933503ec7a3abc0.jpg\",\"contentUrl\":\"https:\/\/pagina10.com\/web\/wp-content\/uploads\/2015\/11\/68f58f1889954bc29933503ec7a3abc0.jpg\",\"width\":526,\"height\":388},{\"@type\":\"BreadcrumbList\",\"@id\":\"https:\/\/pagina10.com\/web\/finalistas-y-ganadores-distintas-maneras-de-narrar-las-musicas-de-marimba\/#breadcrumb\",\"itemListElement\":[{\"@type\":\"ListItem\",\"position\":1,\"name\":\"Portada\",\"item\":\"https:\/\/pagina10.com\/web\/\"},{\"@type\":\"ListItem\",\"position\":2,\"name\":\"Finalistas y ganadores distintas maneras de narrar las m\u00fasicas de marimba\"}]},{\"@type\":\"WebSite\",\"@id\":\"https:\/\/pagina10.com\/web\/#website\",\"url\":\"https:\/\/pagina10.com\/web\/\",\"name\":\"P\u00e1gina10\",\"description\":\"Peri\u00f3dico Regional\",\"publisher\":{\"@id\":\"https:\/\/pagina10.com\/web\/#organization\"},\"alternateName\":\"P\u00e1gina10 Peri\u00f3dico Regional\",\"potentialAction\":[{\"@type\":\"SearchAction\",\"target\":{\"@type\":\"EntryPoint\",\"urlTemplate\":\"https:\/\/pagina10.com\/web\/?s={search_term_string}\"},\"query-input\":{\"@type\":\"PropertyValueSpecification\",\"valueRequired\":true,\"valueName\":\"search_term_string\"}}],\"inLanguage\":\"es\"},{\"@type\":\"Organization\",\"@id\":\"https:\/\/pagina10.com\/web\/#organization\",\"name\":\"P\u00e1gina10\",\"alternateName\":\"P\u00e1gina10 Peri\u00f3dico Regional\",\"url\":\"https:\/\/pagina10.com\/web\/\",\"logo\":{\"@type\":\"ImageObject\",\"inLanguage\":\"es\",\"@id\":\"https:\/\/pagina10.com\/web\/#\/schema\/logo\/image\/\",\"url\":\"https:\/\/pagina10.com\/web\/wp-content\/uploads\/2024\/01\/40-pagina-10-periodico-regional-pasto.jpg\",\"contentUrl\":\"https:\/\/pagina10.com\/web\/wp-content\/uploads\/2024\/01\/40-pagina-10-periodico-regional-pasto.jpg\",\"width\":1280,\"height\":720,\"caption\":\"P\u00e1gina10\"},\"image\":{\"@id\":\"https:\/\/pagina10.com\/web\/#\/schema\/logo\/image\/\"},\"sameAs\":[\"https:\/\/www.facebook.com\/pag10com\",\"https:\/\/x.com\/Pag10com\",\"https:\/\/www.instagram.com\/pagina10col\/\",\"https:\/\/youtube.com\/channel\/pag10\",\"https:\/\/www.tiktok.com\/@p10col\"]},{\"@type\":\"Person\",\"@id\":\"https:\/\/pagina10.com\/web\/#\/schema\/person\/a7a5d38f0629dfc107f619fbae4f6cc3\",\"name\":\"P\u00e1gina 10\",\"description\":\"P\u00e1gina10.com es un peri\u00f3dico digital que nace en Colombia, en el departamento de Nari\u00f1o, con un enfoque global, fundamentado en cuatro pilares esenciales: la libertad, el pluralismo, la inclusi\u00f3n y la independencia. P\u00e1gina10.com hace referencia a Nari\u00f1o como el d\u00e9cimo departamento creado en Colombia, despu\u00e9s de un proceso pol\u00edtico liderado por actores y actrices regionales con el fin de obtener la independencia y autonom\u00eda de nuestros territorios. Con la creaci\u00f3n de P\u00e1gina10.com se pretende abrir un escenario para el dialogo, la reflexi\u00f3n y el debate que se extienda a otras geograf\u00edas de Am\u00e9rica Latina y del planeta, en una apuesta por transformar colectivamente los desaf\u00edos de un mundo contempor\u00e1neo, m\u00e1s all\u00e1 de las fronteras impuestas.\",\"url\":\"https:\/\/pagina10.com\/web\/author\/mcepeda\/\"}]}<\/script>\n<!-- \/ Yoast SEO plugin. -->","yoast_head_json":{"title":"Finalistas y ganadores distintas maneras de narrar las m\u00fasicas de marimba | P\u00e1gina10","robots":{"index":"index","follow":"follow","max-snippet":"max-snippet:-1","max-image-preview":"max-image-preview:large","max-video-preview":"max-video-preview:-1"},"canonical":"https:\/\/pagina10.com\/web\/finalistas-y-ganadores-distintas-maneras-de-narrar-las-musicas-de-marimba\/","og_locale":"es_ES","og_type":"article","og_title":"Finalistas y ganadores distintas maneras de narrar las m\u00fasicas de marimba | P\u00e1gina10","og_description":"Con el prop\u00f3sito de reconocer los trabajos period\u00edsticos que visibilicen la riqueza musical, \u00e9tnica y espiritual de la manifestaci\u00f3n de las M\u00fasicas de marimba y cantos tradicionales del Pac\u00edfico Sur, declarada patrimonio cultural de la humanidad. El Ministerio de Cultura convoc\u00f3 a periodistas, comunicadores y creadores de contenidos culturales de todo el pa\u00eds a la [&hellip;]","og_url":"https:\/\/pagina10.com\/web\/finalistas-y-ganadores-distintas-maneras-de-narrar-las-musicas-de-marimba\/","og_site_name":"P\u00e1gina10","article_publisher":"https:\/\/www.facebook.com\/pag10com","article_published_time":"2015-11-15T14:50:39+00:00","og_image":[{"width":526,"height":388,"url":"https:\/\/pagina10.com\/web\/wp-content\/uploads\/2015\/11\/68f58f1889954bc29933503ec7a3abc0.jpg","type":"image\/jpeg"}],"author":"P\u00e1gina 10","twitter_card":"summary_large_image","twitter_creator":"@Pag10com","twitter_site":"@Pag10com","twitter_misc":{"Escrito por":"P\u00e1gina 10","Tiempo de lectura":"5 minutos"},"schema":{"@context":"https:\/\/schema.org","@graph":[{"@type":"Article","@id":"https:\/\/pagina10.com\/web\/finalistas-y-ganadores-distintas-maneras-de-narrar-las-musicas-de-marimba\/#article","isPartOf":{"@id":"https:\/\/pagina10.com\/web\/finalistas-y-ganadores-distintas-maneras-de-narrar-las-musicas-de-marimba\/"},"author":{"name":"P\u00e1gina 10","@id":"https:\/\/pagina10.com\/web\/#\/schema\/person\/a7a5d38f0629dfc107f619fbae4f6cc3"},"headline":"Finalistas y ganadores distintas maneras de narrar las m\u00fasicas de marimba","datePublished":"2015-11-15T14:50:39+00:00","mainEntityOfPage":{"@id":"https:\/\/pagina10.com\/web\/finalistas-y-ganadores-distintas-maneras-de-narrar-las-musicas-de-marimba\/"},"wordCount":1030,"commentCount":0,"publisher":{"@id":"https:\/\/pagina10.com\/web\/#organization"},"image":{"@id":"https:\/\/pagina10.com\/web\/finalistas-y-ganadores-distintas-maneras-de-narrar-las-musicas-de-marimba\/#primaryimage"},"thumbnailUrl":"https:\/\/pagina10.com\/web\/wp-content\/uploads\/2015\/11\/68f58f1889954bc29933503ec7a3abc0.jpg","inLanguage":"es","potentialAction":[{"@type":"CommentAction","name":"Comment","target":["https:\/\/pagina10.com\/web\/finalistas-y-ganadores-distintas-maneras-de-narrar-las-musicas-de-marimba\/#respond"]}]},{"@type":"WebPage","@id":"https:\/\/pagina10.com\/web\/finalistas-y-ganadores-distintas-maneras-de-narrar-las-musicas-de-marimba\/","url":"https:\/\/pagina10.com\/web\/finalistas-y-ganadores-distintas-maneras-de-narrar-las-musicas-de-marimba\/","name":"Finalistas y ganadores distintas maneras de narrar las m\u00fasicas de marimba | P\u00e1gina10","isPartOf":{"@id":"https:\/\/pagina10.com\/web\/#website"},"primaryImageOfPage":{"@id":"https:\/\/pagina10.com\/web\/finalistas-y-ganadores-distintas-maneras-de-narrar-las-musicas-de-marimba\/#primaryimage"},"image":{"@id":"https:\/\/pagina10.com\/web\/finalistas-y-ganadores-distintas-maneras-de-narrar-las-musicas-de-marimba\/#primaryimage"},"thumbnailUrl":"https:\/\/pagina10.com\/web\/wp-content\/uploads\/2015\/11\/68f58f1889954bc29933503ec7a3abc0.jpg","datePublished":"2015-11-15T14:50:39+00:00","breadcrumb":{"@id":"https:\/\/pagina10.com\/web\/finalistas-y-ganadores-distintas-maneras-de-narrar-las-musicas-de-marimba\/#breadcrumb"},"inLanguage":"es","potentialAction":[{"@type":"ReadAction","target":["https:\/\/pagina10.com\/web\/finalistas-y-ganadores-distintas-maneras-de-narrar-las-musicas-de-marimba\/"]}]},{"@type":"ImageObject","inLanguage":"es","@id":"https:\/\/pagina10.com\/web\/finalistas-y-ganadores-distintas-maneras-de-narrar-las-musicas-de-marimba\/#primaryimage","url":"https:\/\/pagina10.com\/web\/wp-content\/uploads\/2015\/11\/68f58f1889954bc29933503ec7a3abc0.jpg","contentUrl":"https:\/\/pagina10.com\/web\/wp-content\/uploads\/2015\/11\/68f58f1889954bc29933503ec7a3abc0.jpg","width":526,"height":388},{"@type":"BreadcrumbList","@id":"https:\/\/pagina10.com\/web\/finalistas-y-ganadores-distintas-maneras-de-narrar-las-musicas-de-marimba\/#breadcrumb","itemListElement":[{"@type":"ListItem","position":1,"name":"Portada","item":"https:\/\/pagina10.com\/web\/"},{"@type":"ListItem","position":2,"name":"Finalistas y ganadores distintas maneras de narrar las m\u00fasicas de marimba"}]},{"@type":"WebSite","@id":"https:\/\/pagina10.com\/web\/#website","url":"https:\/\/pagina10.com\/web\/","name":"P\u00e1gina10","description":"Peri\u00f3dico Regional","publisher":{"@id":"https:\/\/pagina10.com\/web\/#organization"},"alternateName":"P\u00e1gina10 Peri\u00f3dico Regional","potentialAction":[{"@type":"SearchAction","target":{"@type":"EntryPoint","urlTemplate":"https:\/\/pagina10.com\/web\/?s={search_term_string}"},"query-input":{"@type":"PropertyValueSpecification","valueRequired":true,"valueName":"search_term_string"}}],"inLanguage":"es"},{"@type":"Organization","@id":"https:\/\/pagina10.com\/web\/#organization","name":"P\u00e1gina10","alternateName":"P\u00e1gina10 Peri\u00f3dico Regional","url":"https:\/\/pagina10.com\/web\/","logo":{"@type":"ImageObject","inLanguage":"es","@id":"https:\/\/pagina10.com\/web\/#\/schema\/logo\/image\/","url":"https:\/\/pagina10.com\/web\/wp-content\/uploads\/2024\/01\/40-pagina-10-periodico-regional-pasto.jpg","contentUrl":"https:\/\/pagina10.com\/web\/wp-content\/uploads\/2024\/01\/40-pagina-10-periodico-regional-pasto.jpg","width":1280,"height":720,"caption":"P\u00e1gina10"},"image":{"@id":"https:\/\/pagina10.com\/web\/#\/schema\/logo\/image\/"},"sameAs":["https:\/\/www.facebook.com\/pag10com","https:\/\/x.com\/Pag10com","https:\/\/www.instagram.com\/pagina10col\/","https:\/\/youtube.com\/channel\/pag10","https:\/\/www.tiktok.com\/@p10col"]},{"@type":"Person","@id":"https:\/\/pagina10.com\/web\/#\/schema\/person\/a7a5d38f0629dfc107f619fbae4f6cc3","name":"P\u00e1gina 10","description":"P\u00e1gina10.com es un peri\u00f3dico digital que nace en Colombia, en el departamento de Nari\u00f1o, con un enfoque global, fundamentado en cuatro pilares esenciales: la libertad, el pluralismo, la inclusi\u00f3n y la independencia. P\u00e1gina10.com hace referencia a Nari\u00f1o como el d\u00e9cimo departamento creado en Colombia, despu\u00e9s de un proceso pol\u00edtico liderado por actores y actrices regionales con el fin de obtener la independencia y autonom\u00eda de nuestros territorios. Con la creaci\u00f3n de P\u00e1gina10.com se pretende abrir un escenario para el dialogo, la reflexi\u00f3n y el debate que se extienda a otras geograf\u00edas de Am\u00e9rica Latina y del planeta, en una apuesta por transformar colectivamente los desaf\u00edos de un mundo contempor\u00e1neo, m\u00e1s all\u00e1 de las fronteras impuestas.","url":"https:\/\/pagina10.com\/web\/author\/mcepeda\/"}]}},"_links":{"self":[{"href":"https:\/\/pagina10.com\/web\/wp-json\/wp\/v2\/posts\/18529","targetHints":{"allow":["GET"]}}],"collection":[{"href":"https:\/\/pagina10.com\/web\/wp-json\/wp\/v2\/posts"}],"about":[{"href":"https:\/\/pagina10.com\/web\/wp-json\/wp\/v2\/types\/post"}],"author":[{"embeddable":true,"href":"https:\/\/pagina10.com\/web\/wp-json\/wp\/v2\/users\/29"}],"replies":[{"embeddable":true,"href":"https:\/\/pagina10.com\/web\/wp-json\/wp\/v2\/comments?post=18529"}],"version-history":[{"count":0,"href":"https:\/\/pagina10.com\/web\/wp-json\/wp\/v2\/posts\/18529\/revisions"}],"wp:featuredmedia":[{"embeddable":true,"href":"https:\/\/pagina10.com\/web\/wp-json\/wp\/v2\/media\/18528"}],"wp:attachment":[{"href":"https:\/\/pagina10.com\/web\/wp-json\/wp\/v2\/media?parent=18529"}],"wp:term":[{"taxonomy":"category","embeddable":true,"href":"https:\/\/pagina10.com\/web\/wp-json\/wp\/v2\/categories?post=18529"},{"taxonomy":"post_tag","embeddable":true,"href":"https:\/\/pagina10.com\/web\/wp-json\/wp\/v2\/tags?post=18529"}],"curies":[{"name":"wp","href":"https:\/\/api.w.org\/{rel}","templated":true}]}}