{"id":18531,"date":"2015-11-16T13:32:14","date_gmt":"2015-11-16T13:32:14","guid":{"rendered":"https:\/\/pagina10.com\/web\/seleccion-colombia-se-prepara-en-su-casa-para-recibir-a-argentina\/"},"modified":"2015-11-16T13:32:14","modified_gmt":"2015-11-16T13:32:14","slug":"seleccion-colombia-se-prepara-en-su-casa-para-recibir-a-argentina","status":"publish","type":"post","link":"https:\/\/pagina10.com\/web\/seleccion-colombia-se-prepara-en-su-casa-para-recibir-a-argentina\/","title":{"rendered":"Selecci\u00f3n Colombia se prepara en su casa para recibir a Argentina"},"content":{"rendered":"<p><img fetchpriority=\"high\" decoding=\"async\" class=\" size-full wp-image-18530\" src=\"https:\/\/pagina10.com\/web\/wp-content\/uploads\/2015\/11\/d1679b8c0f21801c6e29f2f0caddd4ff.jpg\" alt=\"\" width=\"890\" height=\"500\" srcset=\"https:\/\/pagina10.com\/web\/wp-content\/uploads\/2015\/11\/d1679b8c0f21801c6e29f2f0caddd4ff.jpg 890w, https:\/\/pagina10.com\/web\/wp-content\/uploads\/2015\/11\/d1679b8c0f21801c6e29f2f0caddd4ff-300x169.jpg 300w, https:\/\/pagina10.com\/web\/wp-content\/uploads\/2015\/11\/d1679b8c0f21801c6e29f2f0caddd4ff-768x431.jpg 768w\" sizes=\"(max-width: 890px) 100vw, 890px\" \/><\/p>\n<p style=\"text-align: justify;\">En la primera pr\u00e1ctica en Barranquilla con el grupo total de jugadores disponibles tras la presentaci\u00f3n en la ciudad de Santiago, trabaj\u00f3 el representativo orientado por el profesor Jos\u00e9 P\u00e9kerman en el estadio Metropolitano.<\/p>\n<p style=\"text-align: justify;\">Con movimientos t\u00e9cnicos y t\u00e1cticos, adem\u00e1s de un entrenamiento contra los juveniles del Junior, Colombia alist\u00f3 varios de los detalles previstos para el reto del martes en el mismo escenario, previsto sobre las 3:30 de la tarde contra los argentinos.<\/p>\n<p style=\"text-align: justify;\">Para la agenda del domingo se llevar\u00e1 a cabo una doble sesi\u00f3n de labores, la primera de ellas en el gimnasio de la concentraci\u00f3n, mientras que durante la tarde en el estadio se tendr\u00e1 actividad en campo, con atenci\u00f3n para los representantes de los medios de comunicaci\u00f3n a partir de las 4:30 p.m.<\/p>\n<p style=\"text-align: justify;\"><strong>Jackson Mart\u00ednez no podr\u00e1 estar en juego del martes<\/strong><\/p>\n<p style=\"text-align: justify;\">Tras finalizar hoy los ex\u00e1menes pertinentes y evaluar la evoluci\u00f3n del delantero Jackson Mart\u00ednez por parte del departamento m\u00e9dico de la Selecci\u00f3n Colombia, se ha determinado que el jugador no podr\u00e1 ser tenido en cuenta para el partido del pr\u00f3ximo martes 17 de noviembre por presentar un esguince de cuello de pie. Los estudios fueron enviados al club Atl\u00e9tico de Madrid con quienes se ha tenido comunicaci\u00f3n permanente.<br \/>La ausencia de Jackson Mart\u00ednez se suma a las ya conocidas de Carlos S\u00e1nchez y Santiago Arias, quienes ser\u00e1n baja para Colombia tras acumular dos tarjetas amarillas.<\/p>\n<p style=\"text-align: justify;\"><strong>&nbsp;<\/strong><\/p>\n<p style=\"text-align: justify;\"><strong>Voces de Colombia<\/strong><\/p>\n<p style=\"text-align: justify;\"><strong>Edwin Cardona<\/strong><\/p>\n<p style=\"text-align: justify;\">La posesi\u00f3n ser\u00e1 un punto muy importantes, ser\u00e1 clave tener la pelota, desgastarlos y nosotros hacer nuestro juego&#8230; Las Eliminatorias est\u00e1n muy complicadas&#8230; Todo es muy diferente y va a ser muy dif\u00edcil.. Falta mucho camino, pero creo que ganando este martes vamos a dar un paso importante.<\/p>\n<p style=\"text-align: justify;\"><strong>Luis F. Muriel<\/strong><\/p>\n<p style=\"text-align: justify;\">Hac\u00eda mucho tiempo que no ten\u00eda la oportunidad de realizar una<\/p>\n<p style=\"text-align: justify;\">pretemporada como la que realic\u00e9 ahora y ese inicio me dio la posibilidad que hoy tengo en el club. A la vez esto hace que el nivel sea muy bueno y que tenga la posibilidad de aportar todo a la selecci\u00f3n.<\/p>\n<p style=\"text-align: justify;\"><strong>Jeison Murillo<\/strong><\/p>\n<p style=\"text-align: justify;\">Hay que aprovechar el poco tiempo que estamos juntos para mejorar en cada aspecto&#8230; Va a ser un partido de mucha intensidad y nosotros tenemos que aprovechar las condiciones que podemos imponer en nuestra casa&#8230; Debemos aprovechar el juego que tenemos.<\/p>\n<p style=\"text-align: justify;\"><strong>N\u00e9stor Lorenzo<\/strong><\/p>\n<p style=\"text-align: justify;\">Nos estamos preparando como siempre para los partidos, esta vez con Argentina que es un gran equipo&#8230; Colombia est\u00e1 en un proceso de renovaci\u00f3n y de cambio, hay una brecha generacional importante entre los jugadores del mundial y los que estamos insertando en el equipo ahora. Todo eso se siente pero tenemos y queremos estar a la altura.<\/p>\n","protected":false},"excerpt":{"rendered":"<p>En la primera pr\u00e1ctica en Barranquilla con el grupo total de jugadores disponibles tras la presentaci\u00f3n en la ciudad de Santiago, trabaj\u00f3 el representativo orientado por el profesor Jos\u00e9 P\u00e9kerman en el estadio Metropolitano. Con movimientos t\u00e9cnicos y t\u00e1cticos, adem\u00e1s de un entrenamiento contra los juveniles del Junior, Colombia alist\u00f3 varios de los detalles previstos [&hellip;]<\/p>\n","protected":false},"author":29,"featured_media":18530,"comment_status":"open","ping_status":"open","sticky":false,"template":"","format":"standard","meta":{"footnotes":""},"categories":[1],"tags":[],"class_list":["post-18531","post","type-post","status-publish","format-standard","has-post-thumbnail","hentry","category-sin-categoria"],"yoast_head":"<!-- This site is optimized with the Yoast SEO plugin v27.1.1 - https:\/\/yoast.com\/product\/yoast-seo-wordpress\/ -->\n<title>Selecci\u00f3n Colombia se prepara en su casa para recibir a Argentina | P\u00e1gina10<\/title>\n<meta name=\"robots\" content=\"index, follow, max-snippet:-1, max-image-preview:large, max-video-preview:-1\" \/>\n<link rel=\"canonical\" href=\"https:\/\/pagina10.com\/web\/seleccion-colombia-se-prepara-en-su-casa-para-recibir-a-argentina\/\" \/>\n<meta property=\"og:locale\" content=\"es_ES\" \/>\n<meta property=\"og:type\" content=\"article\" \/>\n<meta property=\"og:title\" content=\"Selecci\u00f3n Colombia se prepara en su casa para recibir a Argentina | P\u00e1gina10\" \/>\n<meta property=\"og:description\" content=\"En la primera pr\u00e1ctica en Barranquilla con el grupo total de jugadores disponibles tras la presentaci\u00f3n en la ciudad de Santiago, trabaj\u00f3 el representativo orientado por el profesor Jos\u00e9 P\u00e9kerman en el estadio Metropolitano. Con movimientos t\u00e9cnicos y t\u00e1cticos, adem\u00e1s de un entrenamiento contra los juveniles del Junior, Colombia alist\u00f3 varios de los detalles previstos [&hellip;]\" \/>\n<meta property=\"og:url\" content=\"https:\/\/pagina10.com\/web\/seleccion-colombia-se-prepara-en-su-casa-para-recibir-a-argentina\/\" \/>\n<meta property=\"og:site_name\" content=\"P\u00e1gina10\" \/>\n<meta property=\"article:publisher\" content=\"https:\/\/www.facebook.com\/pag10com\" \/>\n<meta property=\"article:published_time\" content=\"2015-11-16T13:32:14+00:00\" \/>\n<meta property=\"og:image\" content=\"https:\/\/pagina10.com\/web\/wp-content\/uploads\/2015\/11\/d1679b8c0f21801c6e29f2f0caddd4ff.jpg\" \/>\n\t<meta property=\"og:image:width\" content=\"890\" \/>\n\t<meta property=\"og:image:height\" content=\"500\" \/>\n\t<meta property=\"og:image:type\" content=\"image\/jpeg\" \/>\n<meta name=\"author\" content=\"P\u00e1gina 10\" \/>\n<meta name=\"twitter:card\" content=\"summary_large_image\" \/>\n<meta name=\"twitter:creator\" content=\"@Pag10com\" \/>\n<meta name=\"twitter:site\" content=\"@Pag10com\" \/>\n<meta name=\"twitter:label1\" content=\"Escrito por\" \/>\n\t<meta name=\"twitter:data1\" content=\"P\u00e1gina 10\" \/>\n\t<meta name=\"twitter:label2\" content=\"Tiempo de lectura\" \/>\n\t<meta name=\"twitter:data2\" content=\"2 minutos\" \/>\n<script type=\"application\/ld+json\" class=\"yoast-schema-graph\">{\"@context\":\"https:\/\/schema.org\",\"@graph\":[{\"@type\":\"Article\",\"@id\":\"https:\/\/pagina10.com\/web\/seleccion-colombia-se-prepara-en-su-casa-para-recibir-a-argentina\/#article\",\"isPartOf\":{\"@id\":\"https:\/\/pagina10.com\/web\/seleccion-colombia-se-prepara-en-su-casa-para-recibir-a-argentina\/\"},\"author\":{\"name\":\"P\u00e1gina 10\",\"@id\":\"https:\/\/pagina10.com\/web\/#\/schema\/person\/a7a5d38f0629dfc107f619fbae4f6cc3\"},\"headline\":\"Selecci\u00f3n Colombia se prepara en su casa para recibir a Argentina\",\"datePublished\":\"2015-11-16T13:32:14+00:00\",\"mainEntityOfPage\":{\"@id\":\"https:\/\/pagina10.com\/web\/seleccion-colombia-se-prepara-en-su-casa-para-recibir-a-argentina\/\"},\"wordCount\":483,\"commentCount\":0,\"publisher\":{\"@id\":\"https:\/\/pagina10.com\/web\/#organization\"},\"image\":{\"@id\":\"https:\/\/pagina10.com\/web\/seleccion-colombia-se-prepara-en-su-casa-para-recibir-a-argentina\/#primaryimage\"},\"thumbnailUrl\":\"https:\/\/pagina10.com\/web\/wp-content\/uploads\/2015\/11\/d1679b8c0f21801c6e29f2f0caddd4ff.jpg\",\"inLanguage\":\"es\",\"potentialAction\":[{\"@type\":\"CommentAction\",\"name\":\"Comment\",\"target\":[\"https:\/\/pagina10.com\/web\/seleccion-colombia-se-prepara-en-su-casa-para-recibir-a-argentina\/#respond\"]}]},{\"@type\":\"WebPage\",\"@id\":\"https:\/\/pagina10.com\/web\/seleccion-colombia-se-prepara-en-su-casa-para-recibir-a-argentina\/\",\"url\":\"https:\/\/pagina10.com\/web\/seleccion-colombia-se-prepara-en-su-casa-para-recibir-a-argentina\/\",\"name\":\"Selecci\u00f3n Colombia se prepara en su casa para recibir a Argentina | P\u00e1gina10\",\"isPartOf\":{\"@id\":\"https:\/\/pagina10.com\/web\/#website\"},\"primaryImageOfPage\":{\"@id\":\"https:\/\/pagina10.com\/web\/seleccion-colombia-se-prepara-en-su-casa-para-recibir-a-argentina\/#primaryimage\"},\"image\":{\"@id\":\"https:\/\/pagina10.com\/web\/seleccion-colombia-se-prepara-en-su-casa-para-recibir-a-argentina\/#primaryimage\"},\"thumbnailUrl\":\"https:\/\/pagina10.com\/web\/wp-content\/uploads\/2015\/11\/d1679b8c0f21801c6e29f2f0caddd4ff.jpg\",\"datePublished\":\"2015-11-16T13:32:14+00:00\",\"breadcrumb\":{\"@id\":\"https:\/\/pagina10.com\/web\/seleccion-colombia-se-prepara-en-su-casa-para-recibir-a-argentina\/#breadcrumb\"},\"inLanguage\":\"es\",\"potentialAction\":[{\"@type\":\"ReadAction\",\"target\":[\"https:\/\/pagina10.com\/web\/seleccion-colombia-se-prepara-en-su-casa-para-recibir-a-argentina\/\"]}]},{\"@type\":\"ImageObject\",\"inLanguage\":\"es\",\"@id\":\"https:\/\/pagina10.com\/web\/seleccion-colombia-se-prepara-en-su-casa-para-recibir-a-argentina\/#primaryimage\",\"url\":\"https:\/\/pagina10.com\/web\/wp-content\/uploads\/2015\/11\/d1679b8c0f21801c6e29f2f0caddd4ff.jpg\",\"contentUrl\":\"https:\/\/pagina10.com\/web\/wp-content\/uploads\/2015\/11\/d1679b8c0f21801c6e29f2f0caddd4ff.jpg\",\"width\":890,\"height\":500},{\"@type\":\"BreadcrumbList\",\"@id\":\"https:\/\/pagina10.com\/web\/seleccion-colombia-se-prepara-en-su-casa-para-recibir-a-argentina\/#breadcrumb\",\"itemListElement\":[{\"@type\":\"ListItem\",\"position\":1,\"name\":\"Portada\",\"item\":\"https:\/\/pagina10.com\/web\/\"},{\"@type\":\"ListItem\",\"position\":2,\"name\":\"Selecci\u00f3n Colombia se prepara en su casa para recibir a Argentina\"}]},{\"@type\":\"WebSite\",\"@id\":\"https:\/\/pagina10.com\/web\/#website\",\"url\":\"https:\/\/pagina10.com\/web\/\",\"name\":\"P\u00e1gina10\",\"description\":\"Peri\u00f3dico Regional\",\"publisher\":{\"@id\":\"https:\/\/pagina10.com\/web\/#organization\"},\"alternateName\":\"P\u00e1gina10 Peri\u00f3dico Regional\",\"potentialAction\":[{\"@type\":\"SearchAction\",\"target\":{\"@type\":\"EntryPoint\",\"urlTemplate\":\"https:\/\/pagina10.com\/web\/?s={search_term_string}\"},\"query-input\":{\"@type\":\"PropertyValueSpecification\",\"valueRequired\":true,\"valueName\":\"search_term_string\"}}],\"inLanguage\":\"es\"},{\"@type\":\"Organization\",\"@id\":\"https:\/\/pagina10.com\/web\/#organization\",\"name\":\"P\u00e1gina10\",\"alternateName\":\"P\u00e1gina10 Peri\u00f3dico Regional\",\"url\":\"https:\/\/pagina10.com\/web\/\",\"logo\":{\"@type\":\"ImageObject\",\"inLanguage\":\"es\",\"@id\":\"https:\/\/pagina10.com\/web\/#\/schema\/logo\/image\/\",\"url\":\"https:\/\/pagina10.com\/web\/wp-content\/uploads\/2024\/01\/40-pagina-10-periodico-regional-pasto.jpg\",\"contentUrl\":\"https:\/\/pagina10.com\/web\/wp-content\/uploads\/2024\/01\/40-pagina-10-periodico-regional-pasto.jpg\",\"width\":1280,\"height\":720,\"caption\":\"P\u00e1gina10\"},\"image\":{\"@id\":\"https:\/\/pagina10.com\/web\/#\/schema\/logo\/image\/\"},\"sameAs\":[\"https:\/\/www.facebook.com\/pag10com\",\"https:\/\/x.com\/Pag10com\",\"https:\/\/www.instagram.com\/pagina10col\/\",\"https:\/\/youtube.com\/channel\/pag10\",\"https:\/\/www.tiktok.com\/@p10col\"]},{\"@type\":\"Person\",\"@id\":\"https:\/\/pagina10.com\/web\/#\/schema\/person\/a7a5d38f0629dfc107f619fbae4f6cc3\",\"name\":\"P\u00e1gina 10\",\"description\":\"P\u00e1gina10.com es un peri\u00f3dico digital que nace en Colombia, en el departamento de Nari\u00f1o, con un enfoque global, fundamentado en cuatro pilares esenciales: la libertad, el pluralismo, la inclusi\u00f3n y la independencia. P\u00e1gina10.com hace referencia a Nari\u00f1o como el d\u00e9cimo departamento creado en Colombia, despu\u00e9s de un proceso pol\u00edtico liderado por actores y actrices regionales con el fin de obtener la independencia y autonom\u00eda de nuestros territorios. Con la creaci\u00f3n de P\u00e1gina10.com se pretende abrir un escenario para el dialogo, la reflexi\u00f3n y el debate que se extienda a otras geograf\u00edas de Am\u00e9rica Latina y del planeta, en una apuesta por transformar colectivamente los desaf\u00edos de un mundo contempor\u00e1neo, m\u00e1s all\u00e1 de las fronteras impuestas.\",\"url\":\"https:\/\/pagina10.com\/web\/author\/mcepeda\/\"}]}<\/script>\n<!-- \/ Yoast SEO plugin. -->","yoast_head_json":{"title":"Selecci\u00f3n Colombia se prepara en su casa para recibir a Argentina | P\u00e1gina10","robots":{"index":"index","follow":"follow","max-snippet":"max-snippet:-1","max-image-preview":"max-image-preview:large","max-video-preview":"max-video-preview:-1"},"canonical":"https:\/\/pagina10.com\/web\/seleccion-colombia-se-prepara-en-su-casa-para-recibir-a-argentina\/","og_locale":"es_ES","og_type":"article","og_title":"Selecci\u00f3n Colombia se prepara en su casa para recibir a Argentina | P\u00e1gina10","og_description":"En la primera pr\u00e1ctica en Barranquilla con el grupo total de jugadores disponibles tras la presentaci\u00f3n en la ciudad de Santiago, trabaj\u00f3 el representativo orientado por el profesor Jos\u00e9 P\u00e9kerman en el estadio Metropolitano. Con movimientos t\u00e9cnicos y t\u00e1cticos, adem\u00e1s de un entrenamiento contra los juveniles del Junior, Colombia alist\u00f3 varios de los detalles previstos [&hellip;]","og_url":"https:\/\/pagina10.com\/web\/seleccion-colombia-se-prepara-en-su-casa-para-recibir-a-argentina\/","og_site_name":"P\u00e1gina10","article_publisher":"https:\/\/www.facebook.com\/pag10com","article_published_time":"2015-11-16T13:32:14+00:00","og_image":[{"width":890,"height":500,"url":"https:\/\/pagina10.com\/web\/wp-content\/uploads\/2015\/11\/d1679b8c0f21801c6e29f2f0caddd4ff.jpg","type":"image\/jpeg"}],"author":"P\u00e1gina 10","twitter_card":"summary_large_image","twitter_creator":"@Pag10com","twitter_site":"@Pag10com","twitter_misc":{"Escrito por":"P\u00e1gina 10","Tiempo de lectura":"2 minutos"},"schema":{"@context":"https:\/\/schema.org","@graph":[{"@type":"Article","@id":"https:\/\/pagina10.com\/web\/seleccion-colombia-se-prepara-en-su-casa-para-recibir-a-argentina\/#article","isPartOf":{"@id":"https:\/\/pagina10.com\/web\/seleccion-colombia-se-prepara-en-su-casa-para-recibir-a-argentina\/"},"author":{"name":"P\u00e1gina 10","@id":"https:\/\/pagina10.com\/web\/#\/schema\/person\/a7a5d38f0629dfc107f619fbae4f6cc3"},"headline":"Selecci\u00f3n Colombia se prepara en su casa para recibir a Argentina","datePublished":"2015-11-16T13:32:14+00:00","mainEntityOfPage":{"@id":"https:\/\/pagina10.com\/web\/seleccion-colombia-se-prepara-en-su-casa-para-recibir-a-argentina\/"},"wordCount":483,"commentCount":0,"publisher":{"@id":"https:\/\/pagina10.com\/web\/#organization"},"image":{"@id":"https:\/\/pagina10.com\/web\/seleccion-colombia-se-prepara-en-su-casa-para-recibir-a-argentina\/#primaryimage"},"thumbnailUrl":"https:\/\/pagina10.com\/web\/wp-content\/uploads\/2015\/11\/d1679b8c0f21801c6e29f2f0caddd4ff.jpg","inLanguage":"es","potentialAction":[{"@type":"CommentAction","name":"Comment","target":["https:\/\/pagina10.com\/web\/seleccion-colombia-se-prepara-en-su-casa-para-recibir-a-argentina\/#respond"]}]},{"@type":"WebPage","@id":"https:\/\/pagina10.com\/web\/seleccion-colombia-se-prepara-en-su-casa-para-recibir-a-argentina\/","url":"https:\/\/pagina10.com\/web\/seleccion-colombia-se-prepara-en-su-casa-para-recibir-a-argentina\/","name":"Selecci\u00f3n Colombia se prepara en su casa para recibir a Argentina | P\u00e1gina10","isPartOf":{"@id":"https:\/\/pagina10.com\/web\/#website"},"primaryImageOfPage":{"@id":"https:\/\/pagina10.com\/web\/seleccion-colombia-se-prepara-en-su-casa-para-recibir-a-argentina\/#primaryimage"},"image":{"@id":"https:\/\/pagina10.com\/web\/seleccion-colombia-se-prepara-en-su-casa-para-recibir-a-argentina\/#primaryimage"},"thumbnailUrl":"https:\/\/pagina10.com\/web\/wp-content\/uploads\/2015\/11\/d1679b8c0f21801c6e29f2f0caddd4ff.jpg","datePublished":"2015-11-16T13:32:14+00:00","breadcrumb":{"@id":"https:\/\/pagina10.com\/web\/seleccion-colombia-se-prepara-en-su-casa-para-recibir-a-argentina\/#breadcrumb"},"inLanguage":"es","potentialAction":[{"@type":"ReadAction","target":["https:\/\/pagina10.com\/web\/seleccion-colombia-se-prepara-en-su-casa-para-recibir-a-argentina\/"]}]},{"@type":"ImageObject","inLanguage":"es","@id":"https:\/\/pagina10.com\/web\/seleccion-colombia-se-prepara-en-su-casa-para-recibir-a-argentina\/#primaryimage","url":"https:\/\/pagina10.com\/web\/wp-content\/uploads\/2015\/11\/d1679b8c0f21801c6e29f2f0caddd4ff.jpg","contentUrl":"https:\/\/pagina10.com\/web\/wp-content\/uploads\/2015\/11\/d1679b8c0f21801c6e29f2f0caddd4ff.jpg","width":890,"height":500},{"@type":"BreadcrumbList","@id":"https:\/\/pagina10.com\/web\/seleccion-colombia-se-prepara-en-su-casa-para-recibir-a-argentina\/#breadcrumb","itemListElement":[{"@type":"ListItem","position":1,"name":"Portada","item":"https:\/\/pagina10.com\/web\/"},{"@type":"ListItem","position":2,"name":"Selecci\u00f3n Colombia se prepara en su casa para recibir a Argentina"}]},{"@type":"WebSite","@id":"https:\/\/pagina10.com\/web\/#website","url":"https:\/\/pagina10.com\/web\/","name":"P\u00e1gina10","description":"Peri\u00f3dico Regional","publisher":{"@id":"https:\/\/pagina10.com\/web\/#organization"},"alternateName":"P\u00e1gina10 Peri\u00f3dico Regional","potentialAction":[{"@type":"SearchAction","target":{"@type":"EntryPoint","urlTemplate":"https:\/\/pagina10.com\/web\/?s={search_term_string}"},"query-input":{"@type":"PropertyValueSpecification","valueRequired":true,"valueName":"search_term_string"}}],"inLanguage":"es"},{"@type":"Organization","@id":"https:\/\/pagina10.com\/web\/#organization","name":"P\u00e1gina10","alternateName":"P\u00e1gina10 Peri\u00f3dico Regional","url":"https:\/\/pagina10.com\/web\/","logo":{"@type":"ImageObject","inLanguage":"es","@id":"https:\/\/pagina10.com\/web\/#\/schema\/logo\/image\/","url":"https:\/\/pagina10.com\/web\/wp-content\/uploads\/2024\/01\/40-pagina-10-periodico-regional-pasto.jpg","contentUrl":"https:\/\/pagina10.com\/web\/wp-content\/uploads\/2024\/01\/40-pagina-10-periodico-regional-pasto.jpg","width":1280,"height":720,"caption":"P\u00e1gina10"},"image":{"@id":"https:\/\/pagina10.com\/web\/#\/schema\/logo\/image\/"},"sameAs":["https:\/\/www.facebook.com\/pag10com","https:\/\/x.com\/Pag10com","https:\/\/www.instagram.com\/pagina10col\/","https:\/\/youtube.com\/channel\/pag10","https:\/\/www.tiktok.com\/@p10col"]},{"@type":"Person","@id":"https:\/\/pagina10.com\/web\/#\/schema\/person\/a7a5d38f0629dfc107f619fbae4f6cc3","name":"P\u00e1gina 10","description":"P\u00e1gina10.com es un peri\u00f3dico digital que nace en Colombia, en el departamento de Nari\u00f1o, con un enfoque global, fundamentado en cuatro pilares esenciales: la libertad, el pluralismo, la inclusi\u00f3n y la independencia. P\u00e1gina10.com hace referencia a Nari\u00f1o como el d\u00e9cimo departamento creado en Colombia, despu\u00e9s de un proceso pol\u00edtico liderado por actores y actrices regionales con el fin de obtener la independencia y autonom\u00eda de nuestros territorios. Con la creaci\u00f3n de P\u00e1gina10.com se pretende abrir un escenario para el dialogo, la reflexi\u00f3n y el debate que se extienda a otras geograf\u00edas de Am\u00e9rica Latina y del planeta, en una apuesta por transformar colectivamente los desaf\u00edos de un mundo contempor\u00e1neo, m\u00e1s all\u00e1 de las fronteras impuestas.","url":"https:\/\/pagina10.com\/web\/author\/mcepeda\/"}]}},"_links":{"self":[{"href":"https:\/\/pagina10.com\/web\/wp-json\/wp\/v2\/posts\/18531","targetHints":{"allow":["GET"]}}],"collection":[{"href":"https:\/\/pagina10.com\/web\/wp-json\/wp\/v2\/posts"}],"about":[{"href":"https:\/\/pagina10.com\/web\/wp-json\/wp\/v2\/types\/post"}],"author":[{"embeddable":true,"href":"https:\/\/pagina10.com\/web\/wp-json\/wp\/v2\/users\/29"}],"replies":[{"embeddable":true,"href":"https:\/\/pagina10.com\/web\/wp-json\/wp\/v2\/comments?post=18531"}],"version-history":[{"count":0,"href":"https:\/\/pagina10.com\/web\/wp-json\/wp\/v2\/posts\/18531\/revisions"}],"wp:featuredmedia":[{"embeddable":true,"href":"https:\/\/pagina10.com\/web\/wp-json\/wp\/v2\/media\/18530"}],"wp:attachment":[{"href":"https:\/\/pagina10.com\/web\/wp-json\/wp\/v2\/media?parent=18531"}],"wp:term":[{"taxonomy":"category","embeddable":true,"href":"https:\/\/pagina10.com\/web\/wp-json\/wp\/v2\/categories?post=18531"},{"taxonomy":"post_tag","embeddable":true,"href":"https:\/\/pagina10.com\/web\/wp-json\/wp\/v2\/tags?post=18531"}],"curies":[{"name":"wp","href":"https:\/\/api.w.org\/{rel}","templated":true}]}}