{"id":18533,"date":"2015-11-16T13:37:39","date_gmt":"2015-11-16T13:37:39","guid":{"rendered":"https:\/\/pagina10.com\/web\/cuales-podrian-ser-las-consecuencias-para-los-refugiados-despues-de-los-ataques-a-paris\/"},"modified":"2015-11-16T13:37:39","modified_gmt":"2015-11-16T13:37:39","slug":"cuales-podrian-ser-las-consecuencias-para-los-refugiados-despues-de-los-ataques-a-paris","status":"publish","type":"post","link":"https:\/\/pagina10.com\/web\/cuales-podrian-ser-las-consecuencias-para-los-refugiados-despues-de-los-ataques-a-paris\/","title":{"rendered":"Cu\u00e1les podr\u00edan ser las consecuencias para los refugiados despu\u00e9s de los ataques a Par\u00eds"},"content":{"rendered":"<p><img fetchpriority=\"high\" decoding=\"async\" class=\" size-full wp-image-18532\" src=\"https:\/\/pagina10.com\/web\/wp-content\/uploads\/2015\/11\/131afc1cb16b90a10de84b1d079bb47e.jpg\" alt=\"\" width=\"624\" height=\"351\" srcset=\"https:\/\/pagina10.com\/web\/wp-content\/uploads\/2015\/11\/131afc1cb16b90a10de84b1d079bb47e.jpg 624w, https:\/\/pagina10.com\/web\/wp-content\/uploads\/2015\/11\/131afc1cb16b90a10de84b1d079bb47e-300x169.jpg 300w\" sizes=\"(max-width: 624px) 100vw, 624px\" \/><\/p>\n<p style=\"text-align: justify;\">Francia est\u00e1 en duelo, declarando tres d\u00edas de luto tras los atentados mortales del autodenominado grupo Estado Isl\u00e1mico (EI) en Par\u00eds que dejaron al menos 129 muertos y centenares de heridos.<\/p>\n<p style=\"text-align: justify;\">El presidente Fran\u00e7ois Hollande describi\u00f3 los ataques como &#8220;un acto de guerra contra Francia&#8221; y en estos momentos los procedimientos pol\u00edticos habituales han quedado suspendidos.<\/p>\n<p style=\"text-align: justify;\">Pero esa suspensi\u00f3n no evitar\u00e1 que los atentados ocurridos en Par\u00eds tengan consecuencias pol\u00edticas trascendentales, asegura el corresponsal de la BBC Gavin Hewitt.<\/p>\n<p style=\"text-align: justify;\">Seg\u00fan Hollande, los ataques &#8220;fueron planeados desde fuera de Francia&#8221;.<\/p>\n<p style=\"text-align: justify;\">\u00bfC\u00f3mo afectar\u00e1n estos eventos a los miles de refugiados que est\u00e1n llegando a Europa desde Medio Oriente?<\/p>\n<p style=\"text-align: justify;\"><strong>&#8220;Una nueva dimensi\u00f3n&#8221;<\/strong><\/p>\n<p style=\"text-align: justify;\">Las autoridades griegas dijeron que un pasaporte hallado en uno de los lugares de Par\u00eds atacados correspond\u00eda a un hombre que entr\u00f3 a Europa por la isla de Leros, con un grupo de 69 refugiados.<\/p>\n<p style=\"text-align: justify;\">El hombre podr\u00eda, aparentemente, haber sido registrado en Grecia, donde supuestamente le tomaron las huellas dactilares.&nbsp;Todav\u00eda es demasiado pronto para saber si ese pasaporte puede vincularse de forma definitiva a uno de los atacantes.&nbsp;Pero el ministro de Interior de Serbia dice que el propietario del pasaporte sirio cruz\u00f3 la frontera hacia Serbia el 7 de octubre y solicit\u00f3 asilo.&nbsp;Y si se llega a confirmar esta conexi\u00f3n, la crisis de refugiados tomar\u00e1 una nueva dimensi\u00f3n, que ya podemos observar en Polonia.<\/p>\n<p style=\"text-align: justify;\">&#8220;S\u00f3lo aceptaremos refugiados si tenemos garant\u00edas de seguridad&#8221;, declar\u00f3 el nuevo ministro polaco de Asuntos Europeos, Konrad Szymanksy.<\/p>\n<p style=\"text-align: justify;\">En el marco del plan para la reubicaci\u00f3n de refugiados, Polonia iba a aceptar a 4.500 refugiados, algo que est\u00e1 empezando a cuestionarse.&nbsp;Otro ministro polaco tambi\u00e9n se opuso al enfoque alem\u00e1n de dar una abierta bienvenida a los refugiados.<\/p>\n<p style=\"text-align: justify;\">&#8220;Tenemos que ser conscientes de que nos equivocamos; fuimos demasiado inocentes e idealistas&#8221;, asegur\u00f3.<\/p>\n<p style=\"text-align: justify;\">Sin embargo, el presidente de la Comisi\u00f3n Europea, Jean-Claude Juncker, advirti\u00f3 el domingo que no debemos ceder ante &#8220;reacciones simplistas&#8221; sobre la crisis de refugiados.<\/p>\n<p style=\"text-align: justify;\">Cualquier prueba que implique que las rutas de los refugiados fueron utilizadas por los extremistas del autodenominado Estado Isl\u00e1mico traer\u00e1 problemas mayores a la canciller alemana, \u00c1ngela Merkel, quien ya vio disminuida notablemente su popularidad en las \u00faltimas encuestas.<br \/>Ahora, Merkel est\u00e1 siendo presionada para cerrar las fronteras de Alemania.<br \/>Durante el fin de semana, la l\u00edder europea compar\u00f3 esta crisis a los desaf\u00edos de la reunificaci\u00f3n de Alemania tras la Segunda Guerra Mundial.<br \/>Pero unificar al pueblo alem\u00e1n es muy diferente a aceptar a un mill\u00f3n de refugiados de diferentes culturas.<\/p>\n<p style=\"text-align: justify;\">El presidente de la agencia de inteligencia dom\u00e9stica alemana (BFV), Hans-Georg Maassen, dijo que &#8220;los islamistas se est\u00e1n acercando, espec\u00edficamente, a centros de acogida de refugiados&#8221;.<\/p>\n<p style=\"text-align: justify;\">&#8220;Ya conocemos m\u00e1s de 100 casos&#8221;, explic\u00f3 Maassen.<\/p>\n<p style=\"text-align: justify;\">A corto plazo, Merkel continuar\u00e1 aferr\u00e1ndose a su postura, resistiendo las presiones que se ciernen sobre ella.&nbsp;Tambi\u00e9n sabe que, si Alemania cierra sus fronteras, el impacto se sentir\u00e1 en un pa\u00eds tras otro, hasta llegar a los Balcanes Occidentales.&nbsp;Habr\u00e1 una vuelta hacia atr\u00e1s por parte de los refugiados y las tensiones entre los pa\u00edses podr\u00edan aumentar peligrosamente.&nbsp;As\u00ed que la canciller alemana, de momento, intentar\u00e1 capear una crisis en la que ya parece haber perdido el control.<\/p>\n<p style=\"text-align: justify;\">Por otra parte, habr\u00eda un impacto en cuanto a la libre circulaci\u00f3n de personas, que garantizaba el Acuerdo de Schengen.<\/p>\n<p style=\"text-align: justify;\">Un principio fundamental, la &#8220;joya de la corona&#8221; europea, que ahora est\u00e1 en peligro.<\/p>\n<p style=\"text-align: justify;\">El presidente del Consejo Europeo, Donald Tusk, declar\u00f3 hace tan s\u00f3lo unos d\u00edas que &#8220;no hay duda de que el futuro de Schengen est\u00e1 en juego y su tiempo se est\u00e1 acabando&#8221;.<\/p>\n<p style=\"text-align: justify;\">&#8220;Tenemos que recuperar el control sobre nuestras fronteras&#8221;, agreg\u00f3 Tusk.<\/p>\n<p style=\"text-align: justify;\">Con los ataques en Par\u00eds, este asunto resulta cada vez m\u00e1s urgente.<\/p>\n<p style=\"text-align: justify;\">Ya existe un v\u00ednculo en B\u00e9lgica, pa\u00eds en el que se cree se planearon los atentados.<\/p>\n<p style=\"text-align: justify;\">El pr\u00f3ximo objetivo ser\u00e1 intentar averiguar c\u00f3mo los atacantes (y sus armas) lograron &#8220;filtrarse&#8221; entre las fronteras, y si esta situaci\u00f3n habr\u00eda sido diferente de haber habido controles.<\/p>\n<p style=\"text-align: justify;\">Francia acaba de introducir controles fronterizos temporales.<br \/>Pero cuanto mayores sean los controles y las vallas fronterizas que restablezcan los pa\u00edses europeos, mayor ser\u00e1 el desaf\u00edo para los fundamentos de una Europa abierta.<\/p>\n<p style=\"text-align: justify;\">Adem\u00e1s, Estado Isl\u00e1mico (EI) ha cambiado claramente su estrategia.<\/p>\n<p style=\"text-align: justify;\"><strong>Asunto &#8220;delicado&#8221;<\/strong><\/p>\n<p style=\"text-align: justify;\">Expertos creen que EI est\u00e1 preparado para perpetrar un ataque en cualquier pa\u00eds que se una a una coalici\u00f3n militar en su contra.&nbsp;A trav\u00e9s de sus dram\u00e1ticas operaciones, quiere socavar la opini\u00f3n de los ciudadanos europeos sobre el uso de fuerza en Siria.<\/p>\n<p style=\"text-align: justify;\">Pero si EI est\u00e1 dispuesto a lanzar grandes operaciones dentro de Europa, entonces el control de las fronteras se vuelve un asunto mucho m\u00e1s delicado.<\/p>\n<p style=\"text-align: justify;\">\u00c1ngela Merkel est\u00e1 intentando llegar a un acuerdo con Turqu\u00eda para que acepte de nuevo a algunos refugiados, y tambi\u00e9n para frenar el \u00e9xodo de aquellos que buscan una nueva vida en Europa y, tal vez, detener a los radicales.<\/p>\n<p style=\"text-align: justify;\">Turqu\u00eda contin\u00faa siendo un pa\u00eds estrat\u00e9gico, especialmente tras los ataques en Par\u00eds.<\/p>\n<p style=\"text-align: justify;\">Europa est\u00e1 dispuesta a negociar con el primer ministro turco, Recep Tayyip Erdogan, a pesar de las preocupaciones en cuanto a sus pol\u00edticas, que algunos tildan de &#8220;autoritarias&#8221;.<\/p>\n<p style=\"text-align: justify;\">Los ataques han aumentado la sensaci\u00f3n de inseguridad en Europa y, a nivel pol\u00edtico, las corrientes m\u00e1s conservadoras intentar\u00e1n aprovecharse de ello.<\/p>\n<p style=\"text-align: justify;\">Tras los atentados de enero en Par\u00eds contra la revista sat\u00edrica Charlie Hebdo, el partido nacionalista franc\u00e9s Frente Nacional todav\u00eda no ha obtenido beneficios inmediatos.<\/p>\n<p style=\"text-align: justify;\">Pero, aunque no est\u00e9n necesariamente vinculados, los ataques mortales en Par\u00eds han hecho de la crisis de refugiados un asunto mucho m\u00e1s complejo y dif\u00edcil de manejar.<\/p>\n<p style=\"text-align: justify;\">&nbsp;<\/p>\n<p>Fuente: BBC<\/p>\n","protected":false},"excerpt":{"rendered":"<p>Francia est\u00e1 en duelo, declarando tres d\u00edas de luto tras los atentados mortales del autodenominado grupo Estado Isl\u00e1mico (EI) en Par\u00eds que dejaron al menos 129 muertos y centenares de heridos. El presidente Fran\u00e7ois Hollande describi\u00f3 los ataques como &#8220;un acto de guerra contra Francia&#8221; y en estos momentos los procedimientos pol\u00edticos habituales han quedado [&hellip;]<\/p>\n","protected":false},"author":29,"featured_media":18532,"comment_status":"open","ping_status":"open","sticky":false,"template":"","format":"standard","meta":{"footnotes":""},"categories":[1],"tags":[],"class_list":["post-18533","post","type-post","status-publish","format-standard","has-post-thumbnail","hentry","category-sin-categoria"],"yoast_head":"<!-- This site is optimized with the Yoast SEO plugin v27.1.1 - https:\/\/yoast.com\/product\/yoast-seo-wordpress\/ -->\n<title>Cu\u00e1les podr\u00edan ser las consecuencias para los refugiados despu\u00e9s de los ataques a Par\u00eds | P\u00e1gina10<\/title>\n<meta name=\"robots\" content=\"index, follow, max-snippet:-1, max-image-preview:large, max-video-preview:-1\" \/>\n<link rel=\"canonical\" href=\"https:\/\/pagina10.com\/web\/cuales-podrian-ser-las-consecuencias-para-los-refugiados-despues-de-los-ataques-a-paris\/\" \/>\n<meta property=\"og:locale\" content=\"es_ES\" \/>\n<meta property=\"og:type\" content=\"article\" \/>\n<meta property=\"og:title\" content=\"Cu\u00e1les podr\u00edan ser las consecuencias para los refugiados despu\u00e9s de los ataques a Par\u00eds | P\u00e1gina10\" \/>\n<meta property=\"og:description\" content=\"Francia est\u00e1 en duelo, declarando tres d\u00edas de luto tras los atentados mortales del autodenominado grupo Estado Isl\u00e1mico (EI) en Par\u00eds que dejaron al menos 129 muertos y centenares de heridos. El presidente Fran\u00e7ois Hollande describi\u00f3 los ataques como &#8220;un acto de guerra contra Francia&#8221; y en estos momentos los procedimientos pol\u00edticos habituales han quedado [&hellip;]\" \/>\n<meta property=\"og:url\" content=\"https:\/\/pagina10.com\/web\/cuales-podrian-ser-las-consecuencias-para-los-refugiados-despues-de-los-ataques-a-paris\/\" \/>\n<meta property=\"og:site_name\" content=\"P\u00e1gina10\" \/>\n<meta property=\"article:publisher\" content=\"https:\/\/www.facebook.com\/pag10com\" \/>\n<meta property=\"article:published_time\" content=\"2015-11-16T13:37:39+00:00\" \/>\n<meta property=\"og:image\" content=\"https:\/\/pagina10.com\/web\/wp-content\/uploads\/2015\/11\/131afc1cb16b90a10de84b1d079bb47e.jpg\" \/>\n\t<meta property=\"og:image:width\" content=\"624\" \/>\n\t<meta property=\"og:image:height\" content=\"351\" \/>\n\t<meta property=\"og:image:type\" content=\"image\/jpeg\" \/>\n<meta name=\"author\" content=\"P\u00e1gina 10\" \/>\n<meta name=\"twitter:card\" content=\"summary_large_image\" \/>\n<meta name=\"twitter:creator\" content=\"@Pag10com\" \/>\n<meta name=\"twitter:site\" content=\"@Pag10com\" \/>\n<meta name=\"twitter:label1\" content=\"Escrito por\" \/>\n\t<meta name=\"twitter:data1\" content=\"P\u00e1gina 10\" \/>\n\t<meta name=\"twitter:label2\" content=\"Tiempo de lectura\" \/>\n\t<meta name=\"twitter:data2\" content=\"5 minutos\" \/>\n<script type=\"application\/ld+json\" class=\"yoast-schema-graph\">{\"@context\":\"https:\/\/schema.org\",\"@graph\":[{\"@type\":\"Article\",\"@id\":\"https:\/\/pagina10.com\/web\/cuales-podrian-ser-las-consecuencias-para-los-refugiados-despues-de-los-ataques-a-paris\/#article\",\"isPartOf\":{\"@id\":\"https:\/\/pagina10.com\/web\/cuales-podrian-ser-las-consecuencias-para-los-refugiados-despues-de-los-ataques-a-paris\/\"},\"author\":{\"name\":\"P\u00e1gina 10\",\"@id\":\"https:\/\/pagina10.com\/web\/#\/schema\/person\/a7a5d38f0629dfc107f619fbae4f6cc3\"},\"headline\":\"Cu\u00e1les podr\u00edan ser las consecuencias para los refugiados despu\u00e9s de los ataques a Par\u00eds\",\"datePublished\":\"2015-11-16T13:37:39+00:00\",\"mainEntityOfPage\":{\"@id\":\"https:\/\/pagina10.com\/web\/cuales-podrian-ser-las-consecuencias-para-los-refugiados-despues-de-los-ataques-a-paris\/\"},\"wordCount\":1036,\"commentCount\":0,\"publisher\":{\"@id\":\"https:\/\/pagina10.com\/web\/#organization\"},\"image\":{\"@id\":\"https:\/\/pagina10.com\/web\/cuales-podrian-ser-las-consecuencias-para-los-refugiados-despues-de-los-ataques-a-paris\/#primaryimage\"},\"thumbnailUrl\":\"https:\/\/pagina10.com\/web\/wp-content\/uploads\/2015\/11\/131afc1cb16b90a10de84b1d079bb47e.jpg\",\"inLanguage\":\"es\",\"potentialAction\":[{\"@type\":\"CommentAction\",\"name\":\"Comment\",\"target\":[\"https:\/\/pagina10.com\/web\/cuales-podrian-ser-las-consecuencias-para-los-refugiados-despues-de-los-ataques-a-paris\/#respond\"]}]},{\"@type\":\"WebPage\",\"@id\":\"https:\/\/pagina10.com\/web\/cuales-podrian-ser-las-consecuencias-para-los-refugiados-despues-de-los-ataques-a-paris\/\",\"url\":\"https:\/\/pagina10.com\/web\/cuales-podrian-ser-las-consecuencias-para-los-refugiados-despues-de-los-ataques-a-paris\/\",\"name\":\"Cu\u00e1les podr\u00edan ser las consecuencias para los refugiados despu\u00e9s de los ataques a Par\u00eds | P\u00e1gina10\",\"isPartOf\":{\"@id\":\"https:\/\/pagina10.com\/web\/#website\"},\"primaryImageOfPage\":{\"@id\":\"https:\/\/pagina10.com\/web\/cuales-podrian-ser-las-consecuencias-para-los-refugiados-despues-de-los-ataques-a-paris\/#primaryimage\"},\"image\":{\"@id\":\"https:\/\/pagina10.com\/web\/cuales-podrian-ser-las-consecuencias-para-los-refugiados-despues-de-los-ataques-a-paris\/#primaryimage\"},\"thumbnailUrl\":\"https:\/\/pagina10.com\/web\/wp-content\/uploads\/2015\/11\/131afc1cb16b90a10de84b1d079bb47e.jpg\",\"datePublished\":\"2015-11-16T13:37:39+00:00\",\"breadcrumb\":{\"@id\":\"https:\/\/pagina10.com\/web\/cuales-podrian-ser-las-consecuencias-para-los-refugiados-despues-de-los-ataques-a-paris\/#breadcrumb\"},\"inLanguage\":\"es\",\"potentialAction\":[{\"@type\":\"ReadAction\",\"target\":[\"https:\/\/pagina10.com\/web\/cuales-podrian-ser-las-consecuencias-para-los-refugiados-despues-de-los-ataques-a-paris\/\"]}]},{\"@type\":\"ImageObject\",\"inLanguage\":\"es\",\"@id\":\"https:\/\/pagina10.com\/web\/cuales-podrian-ser-las-consecuencias-para-los-refugiados-despues-de-los-ataques-a-paris\/#primaryimage\",\"url\":\"https:\/\/pagina10.com\/web\/wp-content\/uploads\/2015\/11\/131afc1cb16b90a10de84b1d079bb47e.jpg\",\"contentUrl\":\"https:\/\/pagina10.com\/web\/wp-content\/uploads\/2015\/11\/131afc1cb16b90a10de84b1d079bb47e.jpg\",\"width\":624,\"height\":351},{\"@type\":\"BreadcrumbList\",\"@id\":\"https:\/\/pagina10.com\/web\/cuales-podrian-ser-las-consecuencias-para-los-refugiados-despues-de-los-ataques-a-paris\/#breadcrumb\",\"itemListElement\":[{\"@type\":\"ListItem\",\"position\":1,\"name\":\"Portada\",\"item\":\"https:\/\/pagina10.com\/web\/\"},{\"@type\":\"ListItem\",\"position\":2,\"name\":\"Cu\u00e1les podr\u00edan ser las consecuencias para los refugiados despu\u00e9s de los ataques a Par\u00eds\"}]},{\"@type\":\"WebSite\",\"@id\":\"https:\/\/pagina10.com\/web\/#website\",\"url\":\"https:\/\/pagina10.com\/web\/\",\"name\":\"P\u00e1gina10\",\"description\":\"Peri\u00f3dico Regional\",\"publisher\":{\"@id\":\"https:\/\/pagina10.com\/web\/#organization\"},\"alternateName\":\"P\u00e1gina10 Peri\u00f3dico Regional\",\"potentialAction\":[{\"@type\":\"SearchAction\",\"target\":{\"@type\":\"EntryPoint\",\"urlTemplate\":\"https:\/\/pagina10.com\/web\/?s={search_term_string}\"},\"query-input\":{\"@type\":\"PropertyValueSpecification\",\"valueRequired\":true,\"valueName\":\"search_term_string\"}}],\"inLanguage\":\"es\"},{\"@type\":\"Organization\",\"@id\":\"https:\/\/pagina10.com\/web\/#organization\",\"name\":\"P\u00e1gina10\",\"alternateName\":\"P\u00e1gina10 Peri\u00f3dico Regional\",\"url\":\"https:\/\/pagina10.com\/web\/\",\"logo\":{\"@type\":\"ImageObject\",\"inLanguage\":\"es\",\"@id\":\"https:\/\/pagina10.com\/web\/#\/schema\/logo\/image\/\",\"url\":\"https:\/\/pagina10.com\/web\/wp-content\/uploads\/2024\/01\/40-pagina-10-periodico-regional-pasto.jpg\",\"contentUrl\":\"https:\/\/pagina10.com\/web\/wp-content\/uploads\/2024\/01\/40-pagina-10-periodico-regional-pasto.jpg\",\"width\":1280,\"height\":720,\"caption\":\"P\u00e1gina10\"},\"image\":{\"@id\":\"https:\/\/pagina10.com\/web\/#\/schema\/logo\/image\/\"},\"sameAs\":[\"https:\/\/www.facebook.com\/pag10com\",\"https:\/\/x.com\/Pag10com\",\"https:\/\/www.instagram.com\/pagina10col\/\",\"https:\/\/youtube.com\/channel\/pag10\",\"https:\/\/www.tiktok.com\/@p10col\"]},{\"@type\":\"Person\",\"@id\":\"https:\/\/pagina10.com\/web\/#\/schema\/person\/a7a5d38f0629dfc107f619fbae4f6cc3\",\"name\":\"P\u00e1gina 10\",\"description\":\"P\u00e1gina10.com es un peri\u00f3dico digital que nace en Colombia, en el departamento de Nari\u00f1o, con un enfoque global, fundamentado en cuatro pilares esenciales: la libertad, el pluralismo, la inclusi\u00f3n y la independencia. P\u00e1gina10.com hace referencia a Nari\u00f1o como el d\u00e9cimo departamento creado en Colombia, despu\u00e9s de un proceso pol\u00edtico liderado por actores y actrices regionales con el fin de obtener la independencia y autonom\u00eda de nuestros territorios. Con la creaci\u00f3n de P\u00e1gina10.com se pretende abrir un escenario para el dialogo, la reflexi\u00f3n y el debate que se extienda a otras geograf\u00edas de Am\u00e9rica Latina y del planeta, en una apuesta por transformar colectivamente los desaf\u00edos de un mundo contempor\u00e1neo, m\u00e1s all\u00e1 de las fronteras impuestas.\",\"url\":\"https:\/\/pagina10.com\/web\/author\/mcepeda\/\"}]}<\/script>\n<!-- \/ Yoast SEO plugin. -->","yoast_head_json":{"title":"Cu\u00e1les podr\u00edan ser las consecuencias para los refugiados despu\u00e9s de los ataques a Par\u00eds | P\u00e1gina10","robots":{"index":"index","follow":"follow","max-snippet":"max-snippet:-1","max-image-preview":"max-image-preview:large","max-video-preview":"max-video-preview:-1"},"canonical":"https:\/\/pagina10.com\/web\/cuales-podrian-ser-las-consecuencias-para-los-refugiados-despues-de-los-ataques-a-paris\/","og_locale":"es_ES","og_type":"article","og_title":"Cu\u00e1les podr\u00edan ser las consecuencias para los refugiados despu\u00e9s de los ataques a Par\u00eds | P\u00e1gina10","og_description":"Francia est\u00e1 en duelo, declarando tres d\u00edas de luto tras los atentados mortales del autodenominado grupo Estado Isl\u00e1mico (EI) en Par\u00eds que dejaron al menos 129 muertos y centenares de heridos. El presidente Fran\u00e7ois Hollande describi\u00f3 los ataques como &#8220;un acto de guerra contra Francia&#8221; y en estos momentos los procedimientos pol\u00edticos habituales han quedado [&hellip;]","og_url":"https:\/\/pagina10.com\/web\/cuales-podrian-ser-las-consecuencias-para-los-refugiados-despues-de-los-ataques-a-paris\/","og_site_name":"P\u00e1gina10","article_publisher":"https:\/\/www.facebook.com\/pag10com","article_published_time":"2015-11-16T13:37:39+00:00","og_image":[{"width":624,"height":351,"url":"https:\/\/pagina10.com\/web\/wp-content\/uploads\/2015\/11\/131afc1cb16b90a10de84b1d079bb47e.jpg","type":"image\/jpeg"}],"author":"P\u00e1gina 10","twitter_card":"summary_large_image","twitter_creator":"@Pag10com","twitter_site":"@Pag10com","twitter_misc":{"Escrito por":"P\u00e1gina 10","Tiempo de lectura":"5 minutos"},"schema":{"@context":"https:\/\/schema.org","@graph":[{"@type":"Article","@id":"https:\/\/pagina10.com\/web\/cuales-podrian-ser-las-consecuencias-para-los-refugiados-despues-de-los-ataques-a-paris\/#article","isPartOf":{"@id":"https:\/\/pagina10.com\/web\/cuales-podrian-ser-las-consecuencias-para-los-refugiados-despues-de-los-ataques-a-paris\/"},"author":{"name":"P\u00e1gina 10","@id":"https:\/\/pagina10.com\/web\/#\/schema\/person\/a7a5d38f0629dfc107f619fbae4f6cc3"},"headline":"Cu\u00e1les podr\u00edan ser las consecuencias para los refugiados despu\u00e9s de los ataques a Par\u00eds","datePublished":"2015-11-16T13:37:39+00:00","mainEntityOfPage":{"@id":"https:\/\/pagina10.com\/web\/cuales-podrian-ser-las-consecuencias-para-los-refugiados-despues-de-los-ataques-a-paris\/"},"wordCount":1036,"commentCount":0,"publisher":{"@id":"https:\/\/pagina10.com\/web\/#organization"},"image":{"@id":"https:\/\/pagina10.com\/web\/cuales-podrian-ser-las-consecuencias-para-los-refugiados-despues-de-los-ataques-a-paris\/#primaryimage"},"thumbnailUrl":"https:\/\/pagina10.com\/web\/wp-content\/uploads\/2015\/11\/131afc1cb16b90a10de84b1d079bb47e.jpg","inLanguage":"es","potentialAction":[{"@type":"CommentAction","name":"Comment","target":["https:\/\/pagina10.com\/web\/cuales-podrian-ser-las-consecuencias-para-los-refugiados-despues-de-los-ataques-a-paris\/#respond"]}]},{"@type":"WebPage","@id":"https:\/\/pagina10.com\/web\/cuales-podrian-ser-las-consecuencias-para-los-refugiados-despues-de-los-ataques-a-paris\/","url":"https:\/\/pagina10.com\/web\/cuales-podrian-ser-las-consecuencias-para-los-refugiados-despues-de-los-ataques-a-paris\/","name":"Cu\u00e1les podr\u00edan ser las consecuencias para los refugiados despu\u00e9s de los ataques a Par\u00eds | P\u00e1gina10","isPartOf":{"@id":"https:\/\/pagina10.com\/web\/#website"},"primaryImageOfPage":{"@id":"https:\/\/pagina10.com\/web\/cuales-podrian-ser-las-consecuencias-para-los-refugiados-despues-de-los-ataques-a-paris\/#primaryimage"},"image":{"@id":"https:\/\/pagina10.com\/web\/cuales-podrian-ser-las-consecuencias-para-los-refugiados-despues-de-los-ataques-a-paris\/#primaryimage"},"thumbnailUrl":"https:\/\/pagina10.com\/web\/wp-content\/uploads\/2015\/11\/131afc1cb16b90a10de84b1d079bb47e.jpg","datePublished":"2015-11-16T13:37:39+00:00","breadcrumb":{"@id":"https:\/\/pagina10.com\/web\/cuales-podrian-ser-las-consecuencias-para-los-refugiados-despues-de-los-ataques-a-paris\/#breadcrumb"},"inLanguage":"es","potentialAction":[{"@type":"ReadAction","target":["https:\/\/pagina10.com\/web\/cuales-podrian-ser-las-consecuencias-para-los-refugiados-despues-de-los-ataques-a-paris\/"]}]},{"@type":"ImageObject","inLanguage":"es","@id":"https:\/\/pagina10.com\/web\/cuales-podrian-ser-las-consecuencias-para-los-refugiados-despues-de-los-ataques-a-paris\/#primaryimage","url":"https:\/\/pagina10.com\/web\/wp-content\/uploads\/2015\/11\/131afc1cb16b90a10de84b1d079bb47e.jpg","contentUrl":"https:\/\/pagina10.com\/web\/wp-content\/uploads\/2015\/11\/131afc1cb16b90a10de84b1d079bb47e.jpg","width":624,"height":351},{"@type":"BreadcrumbList","@id":"https:\/\/pagina10.com\/web\/cuales-podrian-ser-las-consecuencias-para-los-refugiados-despues-de-los-ataques-a-paris\/#breadcrumb","itemListElement":[{"@type":"ListItem","position":1,"name":"Portada","item":"https:\/\/pagina10.com\/web\/"},{"@type":"ListItem","position":2,"name":"Cu\u00e1les podr\u00edan ser las consecuencias para los refugiados despu\u00e9s de los ataques a Par\u00eds"}]},{"@type":"WebSite","@id":"https:\/\/pagina10.com\/web\/#website","url":"https:\/\/pagina10.com\/web\/","name":"P\u00e1gina10","description":"Peri\u00f3dico Regional","publisher":{"@id":"https:\/\/pagina10.com\/web\/#organization"},"alternateName":"P\u00e1gina10 Peri\u00f3dico Regional","potentialAction":[{"@type":"SearchAction","target":{"@type":"EntryPoint","urlTemplate":"https:\/\/pagina10.com\/web\/?s={search_term_string}"},"query-input":{"@type":"PropertyValueSpecification","valueRequired":true,"valueName":"search_term_string"}}],"inLanguage":"es"},{"@type":"Organization","@id":"https:\/\/pagina10.com\/web\/#organization","name":"P\u00e1gina10","alternateName":"P\u00e1gina10 Peri\u00f3dico Regional","url":"https:\/\/pagina10.com\/web\/","logo":{"@type":"ImageObject","inLanguage":"es","@id":"https:\/\/pagina10.com\/web\/#\/schema\/logo\/image\/","url":"https:\/\/pagina10.com\/web\/wp-content\/uploads\/2024\/01\/40-pagina-10-periodico-regional-pasto.jpg","contentUrl":"https:\/\/pagina10.com\/web\/wp-content\/uploads\/2024\/01\/40-pagina-10-periodico-regional-pasto.jpg","width":1280,"height":720,"caption":"P\u00e1gina10"},"image":{"@id":"https:\/\/pagina10.com\/web\/#\/schema\/logo\/image\/"},"sameAs":["https:\/\/www.facebook.com\/pag10com","https:\/\/x.com\/Pag10com","https:\/\/www.instagram.com\/pagina10col\/","https:\/\/youtube.com\/channel\/pag10","https:\/\/www.tiktok.com\/@p10col"]},{"@type":"Person","@id":"https:\/\/pagina10.com\/web\/#\/schema\/person\/a7a5d38f0629dfc107f619fbae4f6cc3","name":"P\u00e1gina 10","description":"P\u00e1gina10.com es un peri\u00f3dico digital que nace en Colombia, en el departamento de Nari\u00f1o, con un enfoque global, fundamentado en cuatro pilares esenciales: la libertad, el pluralismo, la inclusi\u00f3n y la independencia. P\u00e1gina10.com hace referencia a Nari\u00f1o como el d\u00e9cimo departamento creado en Colombia, despu\u00e9s de un proceso pol\u00edtico liderado por actores y actrices regionales con el fin de obtener la independencia y autonom\u00eda de nuestros territorios. Con la creaci\u00f3n de P\u00e1gina10.com se pretende abrir un escenario para el dialogo, la reflexi\u00f3n y el debate que se extienda a otras geograf\u00edas de Am\u00e9rica Latina y del planeta, en una apuesta por transformar colectivamente los desaf\u00edos de un mundo contempor\u00e1neo, m\u00e1s all\u00e1 de las fronteras impuestas.","url":"https:\/\/pagina10.com\/web\/author\/mcepeda\/"}]}},"_links":{"self":[{"href":"https:\/\/pagina10.com\/web\/wp-json\/wp\/v2\/posts\/18533","targetHints":{"allow":["GET"]}}],"collection":[{"href":"https:\/\/pagina10.com\/web\/wp-json\/wp\/v2\/posts"}],"about":[{"href":"https:\/\/pagina10.com\/web\/wp-json\/wp\/v2\/types\/post"}],"author":[{"embeddable":true,"href":"https:\/\/pagina10.com\/web\/wp-json\/wp\/v2\/users\/29"}],"replies":[{"embeddable":true,"href":"https:\/\/pagina10.com\/web\/wp-json\/wp\/v2\/comments?post=18533"}],"version-history":[{"count":0,"href":"https:\/\/pagina10.com\/web\/wp-json\/wp\/v2\/posts\/18533\/revisions"}],"wp:featuredmedia":[{"embeddable":true,"href":"https:\/\/pagina10.com\/web\/wp-json\/wp\/v2\/media\/18532"}],"wp:attachment":[{"href":"https:\/\/pagina10.com\/web\/wp-json\/wp\/v2\/media?parent=18533"}],"wp:term":[{"taxonomy":"category","embeddable":true,"href":"https:\/\/pagina10.com\/web\/wp-json\/wp\/v2\/categories?post=18533"},{"taxonomy":"post_tag","embeddable":true,"href":"https:\/\/pagina10.com\/web\/wp-json\/wp\/v2\/tags?post=18533"}],"curies":[{"name":"wp","href":"https:\/\/api.w.org\/{rel}","templated":true}]}}