{"id":18537,"date":"2015-11-16T16:44:23","date_gmt":"2015-11-16T16:44:23","guid":{"rendered":"https:\/\/pagina10.com\/web\/guerra-del-agua-o-privatizacion\/"},"modified":"2015-11-16T16:44:23","modified_gmt":"2015-11-16T16:44:23","slug":"guerra-del-agua-o-privatizacion","status":"publish","type":"post","link":"https:\/\/pagina10.com\/web\/guerra-del-agua-o-privatizacion\/","title":{"rendered":"Guerra del agua o privatizaci\u00f3n"},"content":{"rendered":"<p><img fetchpriority=\"high\" decoding=\"async\" class=\" size-full wp-image-18536\" src=\"https:\/\/pagina10.com\/web\/wp-content\/uploads\/2015\/11\/4cf8981a22ebacf407158974ae352dd6.jpg\" alt=\"\" width=\"630\" height=\"354\" srcset=\"https:\/\/pagina10.com\/web\/wp-content\/uploads\/2015\/11\/4cf8981a22ebacf407158974ae352dd6.jpg 630w, https:\/\/pagina10.com\/web\/wp-content\/uploads\/2015\/11\/4cf8981a22ebacf407158974ae352dd6-300x169.jpg 300w\" sizes=\"(max-width: 630px) 100vw, 630px\" \/><\/p>\n<p style=\"text-align: justify;\">El neoliberalismo es una pr\u00e1ctica pol\u00edtica y econ\u00f3mica que busca reducir los gastos del Estado e intervenir en favor del sector privado. En Colombia se empieza a aplicar esta pol\u00edtica con el gobierno de Cesar Gaviria, con cuya vigencia se vendieron importantes empresas que otrora le trajeron grandes beneficios a los sectores populares como los campesinos, asalariados y peque\u00f1os propietarios. Entre ellas podemos recordar la antigua Caja Agraria, Telecom, Banco Central Hipotecario, Idema, Distritos de carreteras adscritos al Ministerio de Obras P\u00fablicas, Inscredial, entre otras.<\/p>\n<p style=\"text-align: justify;\">&nbsp;<\/p>\n<p style=\"text-align: justify;\">De representar una rentabilidad social pasaron a ser unas empresas boyantes con grandes utilidades para empresarios extranjeros. Son numerosas las empresas privadas que han abusado de las tarifas y los recursos hasta en un nivel superior al estatal; un caso particular es el de las concesiones viales que firman contratos por d\u00e9cadas, entregando a manos privadas el recaudo de los peajes con incumplimiento de las obras y sobrecostos.<\/p>\n<p style=\"text-align: justify;\">&nbsp;<\/p>\n<p style=\"text-align: justify;\">Lamentablemente, hemos permitido que los recursos que deben quedarse en nuestras regiones, vayan a parar a empresarios franceses o espa\u00f1oles. Deber\u00eda existir una normatividad en nuestro ordenamiento jur\u00eddico que castigue a presidentes, expresidentes y gobernantes regionales y locales por vender la soberan\u00eda de la patria. Desafortunadamente los t\u00e9rminos de soberan\u00eda los seguimos interpretando como la intromisi\u00f3n de gobiernos y militares extranjeros en asuntos de la naci\u00f3n. Pero no, hay mayor violaci\u00f3n de la soberan\u00eda cuando le quitamos la oportunidad de recibir mejores beneficios a nuestros connacionales por privilegiar a empresarios extranjeros.<\/p>\n<p style=\"text-align: justify;\">&nbsp;<\/p>\n<p style=\"text-align: justify;\">Una experiencia muy significativa para el mundo en t\u00e9rminos de soberan\u00eda, ha sido la defensa patri\u00f3tica que hicieran los pobladores de Cochabamba y toda Bolivia en defensa del agua como un recurso natural operado por la administraci\u00f3n p\u00fablica.<\/p>\n<p style=\"text-align: justify;\">&nbsp;<\/p>\n<p style=\"text-align: justify;\">El caso boliviano nos muestra c\u00f3mo, en el a\u00f1o de 1999, el gobierno dictatorial de Hugo Banzer permiti\u00f3 la venta de la empresa de acueducto de Cochabamba a transnacionales, entre la que se cuentan Bechter (empresa norteamericana) cobijada bajo el consorcio empresarial de Aguas de Tunari. El negocio se hizo efectivo con evidentes muestras de corrupci\u00f3n como venderla a un precio muy inferior del valor tasado, el pago de coimas en favor de los gobernantes de turno que facilitaran el negocio. El compromiso en el negocio era que Bechter pagara la deuda externa con el Banco Mundial por un monto de 30 mil millones de d\u00f3lares, deuda contra\u00edda de manera irregular por el gobierno de&nbsp; Banzer.<\/p>\n<p style=\"text-align: justify;\">&nbsp;<\/p>\n<p style=\"text-align: justify;\">La lucha de los bolivianos por reversar ese negocio dio sus frutos aportando sangre sudor y l\u00e1grimas. De enero a marzo de 2000 se desato literalmente una guerra civil en la que se produjeron v\u00edctimas fatales, entre civiles, militares y polic\u00edas, y cuantiosos heridos. Finalmente, ante la imposibilidad de que la Bechter pueda continuar operando, decide retirarse reclamando una jugosa indemnizaci\u00f3n al Banco Mundial por 25 millones de d\u00f3lares, sin haber asumido ning\u00fan gasto operacional significativo.<\/p>\n<p style=\"text-align: justify;\">&nbsp;<\/p>\n<p style=\"text-align: justify;\">El contrato entre la multinacional y el Estado boliviano para administrar el agua de Cochabamba era muy atrevido. Para empezar subieron las tarifas en 50 por ciento, se arrogaron el derecho de administrar y facturar en los acueductos comunales, el agua de riego para el campo tambi\u00e9n pas\u00f3 a sus manos e, incluso, los campesinos no tendr\u00edan la posibilidad de hacer acopio de aguas lluvias si no era con licencia de los operadores privados.<\/p>\n<p style=\"text-align: justify;\">&nbsp;<\/p>\n<p style=\"text-align: justify;\">Esta es una aut\u00e9ntica pr\u00e1ctica del neoliberalismo: grandes beneficios para los operadores multinacionales, mientras que los bolivianos, que tienen mucha poblaci\u00f3n en extrema pobreza, ten\u00edan que reducir la compra de alimentos o retirar a los ni\u00f1os de la escuela para poder pagar los altos costos del agua.<\/p>\n<p style=\"text-align: justify;\">&nbsp;<\/p>\n<p style=\"text-align: justify;\">En el caso de Empopasto, que no nos metan gato por liebre, tiene que continuar siendo administrada por el sector oficial, generando utilidades sociales. La experiencia de Bolivia lo dice todo.<\/p>\n","protected":false},"excerpt":{"rendered":"<p>El neoliberalismo es una pr\u00e1ctica pol\u00edtica y econ\u00f3mica que busca reducir los gastos del Estado e intervenir en favor del sector privado. En Colombia se empieza a aplicar esta pol\u00edtica con el gobierno de Cesar Gaviria, con cuya vigencia se vendieron importantes empresas que otrora le trajeron grandes beneficios a los sectores populares como los [&hellip;]<\/p>\n","protected":false},"author":65,"featured_media":18536,"comment_status":"open","ping_status":"open","sticky":false,"template":"","format":"standard","meta":{"footnotes":""},"categories":[1],"tags":[],"class_list":["post-18537","post","type-post","status-publish","format-standard","has-post-thumbnail","hentry","category-sin-categoria"],"yoast_head":"<!-- This site is optimized with the Yoast SEO plugin v27.1.1 - https:\/\/yoast.com\/product\/yoast-seo-wordpress\/ -->\n<title>Guerra del agua o privatizaci\u00f3n | P\u00e1gina10<\/title>\n<meta name=\"robots\" content=\"index, follow, max-snippet:-1, max-image-preview:large, max-video-preview:-1\" \/>\n<link rel=\"canonical\" href=\"https:\/\/pagina10.com\/web\/guerra-del-agua-o-privatizacion\/\" \/>\n<meta property=\"og:locale\" content=\"es_ES\" \/>\n<meta property=\"og:type\" content=\"article\" \/>\n<meta property=\"og:title\" content=\"Guerra del agua o privatizaci\u00f3n | P\u00e1gina10\" \/>\n<meta property=\"og:description\" content=\"El neoliberalismo es una pr\u00e1ctica pol\u00edtica y econ\u00f3mica que busca reducir los gastos del Estado e intervenir en favor del sector privado. En Colombia se empieza a aplicar esta pol\u00edtica con el gobierno de Cesar Gaviria, con cuya vigencia se vendieron importantes empresas que otrora le trajeron grandes beneficios a los sectores populares como los [&hellip;]\" \/>\n<meta property=\"og:url\" content=\"https:\/\/pagina10.com\/web\/guerra-del-agua-o-privatizacion\/\" \/>\n<meta property=\"og:site_name\" content=\"P\u00e1gina10\" \/>\n<meta property=\"article:publisher\" content=\"https:\/\/www.facebook.com\/pag10com\" \/>\n<meta property=\"article:published_time\" content=\"2015-11-16T16:44:23+00:00\" \/>\n<meta property=\"og:image\" content=\"https:\/\/pagina10.com\/web\/wp-content\/uploads\/2015\/11\/4cf8981a22ebacf407158974ae352dd6.jpg\" \/>\n\t<meta property=\"og:image:width\" content=\"630\" \/>\n\t<meta property=\"og:image:height\" content=\"354\" \/>\n\t<meta property=\"og:image:type\" content=\"image\/jpeg\" \/>\n<meta name=\"author\" content=\"Anibal Ar\u00e9valo Rosero\" \/>\n<meta name=\"twitter:card\" content=\"summary_large_image\" \/>\n<meta name=\"twitter:creator\" content=\"@Pag10com\" \/>\n<meta name=\"twitter:site\" content=\"@Pag10com\" \/>\n<meta name=\"twitter:label1\" content=\"Escrito por\" \/>\n\t<meta name=\"twitter:data1\" content=\"Anibal Ar\u00e9valo Rosero\" \/>\n\t<meta name=\"twitter:label2\" content=\"Tiempo de lectura\" \/>\n\t<meta name=\"twitter:data2\" content=\"3 minutos\" \/>\n<script type=\"application\/ld+json\" class=\"yoast-schema-graph\">{\"@context\":\"https:\/\/schema.org\",\"@graph\":[{\"@type\":\"Article\",\"@id\":\"https:\/\/pagina10.com\/web\/guerra-del-agua-o-privatizacion\/#article\",\"isPartOf\":{\"@id\":\"https:\/\/pagina10.com\/web\/guerra-del-agua-o-privatizacion\/\"},\"author\":{\"name\":\"Anibal Ar\u00e9valo Rosero\",\"@id\":\"https:\/\/pagina10.com\/web\/#\/schema\/person\/9ec3e2b432363a195d2d01bf820c66fe\"},\"headline\":\"Guerra del agua o privatizaci\u00f3n\",\"datePublished\":\"2015-11-16T16:44:23+00:00\",\"mainEntityOfPage\":{\"@id\":\"https:\/\/pagina10.com\/web\/guerra-del-agua-o-privatizacion\/\"},\"wordCount\":676,\"commentCount\":0,\"publisher\":{\"@id\":\"https:\/\/pagina10.com\/web\/#organization\"},\"image\":{\"@id\":\"https:\/\/pagina10.com\/web\/guerra-del-agua-o-privatizacion\/#primaryimage\"},\"thumbnailUrl\":\"https:\/\/pagina10.com\/web\/wp-content\/uploads\/2015\/11\/4cf8981a22ebacf407158974ae352dd6.jpg\",\"inLanguage\":\"es\",\"potentialAction\":[{\"@type\":\"CommentAction\",\"name\":\"Comment\",\"target\":[\"https:\/\/pagina10.com\/web\/guerra-del-agua-o-privatizacion\/#respond\"]}]},{\"@type\":\"WebPage\",\"@id\":\"https:\/\/pagina10.com\/web\/guerra-del-agua-o-privatizacion\/\",\"url\":\"https:\/\/pagina10.com\/web\/guerra-del-agua-o-privatizacion\/\",\"name\":\"Guerra del agua o privatizaci\u00f3n | P\u00e1gina10\",\"isPartOf\":{\"@id\":\"https:\/\/pagina10.com\/web\/#website\"},\"primaryImageOfPage\":{\"@id\":\"https:\/\/pagina10.com\/web\/guerra-del-agua-o-privatizacion\/#primaryimage\"},\"image\":{\"@id\":\"https:\/\/pagina10.com\/web\/guerra-del-agua-o-privatizacion\/#primaryimage\"},\"thumbnailUrl\":\"https:\/\/pagina10.com\/web\/wp-content\/uploads\/2015\/11\/4cf8981a22ebacf407158974ae352dd6.jpg\",\"datePublished\":\"2015-11-16T16:44:23+00:00\",\"breadcrumb\":{\"@id\":\"https:\/\/pagina10.com\/web\/guerra-del-agua-o-privatizacion\/#breadcrumb\"},\"inLanguage\":\"es\",\"potentialAction\":[{\"@type\":\"ReadAction\",\"target\":[\"https:\/\/pagina10.com\/web\/guerra-del-agua-o-privatizacion\/\"]}]},{\"@type\":\"ImageObject\",\"inLanguage\":\"es\",\"@id\":\"https:\/\/pagina10.com\/web\/guerra-del-agua-o-privatizacion\/#primaryimage\",\"url\":\"https:\/\/pagina10.com\/web\/wp-content\/uploads\/2015\/11\/4cf8981a22ebacf407158974ae352dd6.jpg\",\"contentUrl\":\"https:\/\/pagina10.com\/web\/wp-content\/uploads\/2015\/11\/4cf8981a22ebacf407158974ae352dd6.jpg\",\"width\":630,\"height\":354},{\"@type\":\"BreadcrumbList\",\"@id\":\"https:\/\/pagina10.com\/web\/guerra-del-agua-o-privatizacion\/#breadcrumb\",\"itemListElement\":[{\"@type\":\"ListItem\",\"position\":1,\"name\":\"Portada\",\"item\":\"https:\/\/pagina10.com\/web\/\"},{\"@type\":\"ListItem\",\"position\":2,\"name\":\"Guerra del agua o privatizaci\u00f3n\"}]},{\"@type\":\"WebSite\",\"@id\":\"https:\/\/pagina10.com\/web\/#website\",\"url\":\"https:\/\/pagina10.com\/web\/\",\"name\":\"P\u00e1gina10\",\"description\":\"Peri\u00f3dico Regional\",\"publisher\":{\"@id\":\"https:\/\/pagina10.com\/web\/#organization\"},\"alternateName\":\"P\u00e1gina10 Peri\u00f3dico Regional\",\"potentialAction\":[{\"@type\":\"SearchAction\",\"target\":{\"@type\":\"EntryPoint\",\"urlTemplate\":\"https:\/\/pagina10.com\/web\/?s={search_term_string}\"},\"query-input\":{\"@type\":\"PropertyValueSpecification\",\"valueRequired\":true,\"valueName\":\"search_term_string\"}}],\"inLanguage\":\"es\"},{\"@type\":\"Organization\",\"@id\":\"https:\/\/pagina10.com\/web\/#organization\",\"name\":\"P\u00e1gina10\",\"alternateName\":\"P\u00e1gina10 Peri\u00f3dico Regional\",\"url\":\"https:\/\/pagina10.com\/web\/\",\"logo\":{\"@type\":\"ImageObject\",\"inLanguage\":\"es\",\"@id\":\"https:\/\/pagina10.com\/web\/#\/schema\/logo\/image\/\",\"url\":\"https:\/\/pagina10.com\/web\/wp-content\/uploads\/2024\/01\/40-pagina-10-periodico-regional-pasto.jpg\",\"contentUrl\":\"https:\/\/pagina10.com\/web\/wp-content\/uploads\/2024\/01\/40-pagina-10-periodico-regional-pasto.jpg\",\"width\":1280,\"height\":720,\"caption\":\"P\u00e1gina10\"},\"image\":{\"@id\":\"https:\/\/pagina10.com\/web\/#\/schema\/logo\/image\/\"},\"sameAs\":[\"https:\/\/www.facebook.com\/pag10com\",\"https:\/\/x.com\/Pag10com\",\"https:\/\/www.instagram.com\/pagina10col\/\",\"https:\/\/youtube.com\/channel\/pag10\",\"https:\/\/www.tiktok.com\/@p10col\"]},{\"@type\":\"Person\",\"@id\":\"https:\/\/pagina10.com\/web\/#\/schema\/person\/9ec3e2b432363a195d2d01bf820c66fe\",\"name\":\"Anibal Ar\u00e9valo Rosero\",\"description\":\"An\u00edbal Ar\u00e9valo Rosero a trav\u00e9s de su vida ha realizado diversas actividades tendientes a reivindicar al ser humano en su conciencia plena. Durante su vida ha hecho teatro, a escrito poes\u00eda y en sus tiempos de universitario realiz\u00f3 varias publicaciones entre las que se recuerda la revista Quinde. Junto con otros compa\u00f1eros fund\u00f3 el Taller Cultural El Cueche, equipo con el que se hicieron varias publicaciones. De este mismo grupo hay que resaltar que se hizo un trabajo pionero en la difusi\u00f3n de la m\u00fasica andina, latinoamericana y del caribe. Despu\u00e9s de terminar sus estudios de biolog\u00eda en la Universidad de Nari\u00f1o entr\u00f3 a laborar en emisoras de la ciudad de Pasto como en RCN, donde se desempe\u00f1aba como locutor de planta. Dirigi\u00f3 programas en la extinta Ondas del Mayo, en varias oportunidades; tambi\u00e9n en Ecos de Pasto. Fue colaborador de el Noticias RCN y dirigi\u00f3 el programa Simana al D\u00eda, del Sindicato del Magisterio de Nari\u00f1o, en dos \u00e9pocas. En el a\u00f1o de 1992 funda el Comit\u00e9 de Solidaridad con Cuba Jos\u00e9 Mart\u00ed, cuyo objetivo era divulgar la realidad cubana y expresar apoyo moral, pol\u00edtico y material al pa\u00eds caribe\u00f1o. Ante la mala interpretaci\u00f3n que la gente le daba a este tipo de acciones, se decide promover viajes de solidad a Cuba para participar en la Brigada Latinoamericana de Trabajo Voluntario, en el Festival Cuba Vive y, de manera especia,l en el 14 Festival Mundial de la Juventud y los Estudiantes, que se desarroll\u00f3 en la isla en el a\u00f1o de 1997. Con esta experiencia impulsa el turismo al pa\u00eds caribe\u00f1o con el resultado de que miles de personas han participado de las excursiones organizadas por Ar\u00e9valo Rosero. Asimismo ha venido impulsando las Brigadas de Salud en Cuba, tendiente a llevar pacientes de c\u00e1ncer a ese destino con el fin de que reciban atenci\u00f3n m\u00e9dica, teniendo en cuenta que la experiencia cubana en el tema ha sido bastante favorable. Veinte a\u00f1os despu\u00e9s de estas nutritivas experiencias, le permiten impulsar excursiones adem\u00e1s a M\u00e9xico, Machu Picchu, Argentina, Ecuador, Panam\u00e1 y Tierra Santa. En cuanto al desempe\u00f1o period\u00edstico, adem\u00e1s de los medios radiales y de televisi\u00f3n, en los canales de la universidades de Nari\u00f1o y Mariana, se ha desempe\u00f1ado como columnista en Diario del Sur durante 6 a\u00f1os y en algunos medios virtuales. Tambi\u00e9n es colaborador de el Diario del Cauca. Considera que la pr\u00e1ctica de la lectura es beber de la fuente nutricia que permite apropiarse de manera consciente del ejercicio de la democracia; y la posibilidad de escribir y ser le\u00eddo, acceder al poder, por que considera la palabra como el mayor instrumento de acci\u00f3n cuando est\u00e1 bien encamina al leg\u00edtimo servicio social. En la actualidad adem\u00e1s de so\u00f1ar con viajar por el mundo se desempe\u00f1a como docente del departamento de ciencias de Inem Luis Delf\u00edn Insuasty de Pasto. Correo: Esta direcci\u00f3n de correo electr\u00f3nico est\u00e1 protegida contra spambots. Usted necesita tener Javascript activado para poder verla.\\\" target=\\\"_blank\\\" style=\\\"color: #1155cc; text-align: justify; font-family: arial, sans-serif; font-size: 13px; line-height: normal;\\\"&gt;fundacionecosofia@gmail.com\",\"url\":\"https:\/\/pagina10.com\/web\/author\/anibal\/\"}]}<\/script>\n<!-- \/ Yoast SEO plugin. -->","yoast_head_json":{"title":"Guerra del agua o privatizaci\u00f3n | P\u00e1gina10","robots":{"index":"index","follow":"follow","max-snippet":"max-snippet:-1","max-image-preview":"max-image-preview:large","max-video-preview":"max-video-preview:-1"},"canonical":"https:\/\/pagina10.com\/web\/guerra-del-agua-o-privatizacion\/","og_locale":"es_ES","og_type":"article","og_title":"Guerra del agua o privatizaci\u00f3n | P\u00e1gina10","og_description":"El neoliberalismo es una pr\u00e1ctica pol\u00edtica y econ\u00f3mica que busca reducir los gastos del Estado e intervenir en favor del sector privado. En Colombia se empieza a aplicar esta pol\u00edtica con el gobierno de Cesar Gaviria, con cuya vigencia se vendieron importantes empresas que otrora le trajeron grandes beneficios a los sectores populares como los [&hellip;]","og_url":"https:\/\/pagina10.com\/web\/guerra-del-agua-o-privatizacion\/","og_site_name":"P\u00e1gina10","article_publisher":"https:\/\/www.facebook.com\/pag10com","article_published_time":"2015-11-16T16:44:23+00:00","og_image":[{"width":630,"height":354,"url":"https:\/\/pagina10.com\/web\/wp-content\/uploads\/2015\/11\/4cf8981a22ebacf407158974ae352dd6.jpg","type":"image\/jpeg"}],"author":"Anibal Ar\u00e9valo Rosero","twitter_card":"summary_large_image","twitter_creator":"@Pag10com","twitter_site":"@Pag10com","twitter_misc":{"Escrito por":"Anibal Ar\u00e9valo Rosero","Tiempo de lectura":"3 minutos"},"schema":{"@context":"https:\/\/schema.org","@graph":[{"@type":"Article","@id":"https:\/\/pagina10.com\/web\/guerra-del-agua-o-privatizacion\/#article","isPartOf":{"@id":"https:\/\/pagina10.com\/web\/guerra-del-agua-o-privatizacion\/"},"author":{"name":"Anibal Ar\u00e9valo Rosero","@id":"https:\/\/pagina10.com\/web\/#\/schema\/person\/9ec3e2b432363a195d2d01bf820c66fe"},"headline":"Guerra del agua o privatizaci\u00f3n","datePublished":"2015-11-16T16:44:23+00:00","mainEntityOfPage":{"@id":"https:\/\/pagina10.com\/web\/guerra-del-agua-o-privatizacion\/"},"wordCount":676,"commentCount":0,"publisher":{"@id":"https:\/\/pagina10.com\/web\/#organization"},"image":{"@id":"https:\/\/pagina10.com\/web\/guerra-del-agua-o-privatizacion\/#primaryimage"},"thumbnailUrl":"https:\/\/pagina10.com\/web\/wp-content\/uploads\/2015\/11\/4cf8981a22ebacf407158974ae352dd6.jpg","inLanguage":"es","potentialAction":[{"@type":"CommentAction","name":"Comment","target":["https:\/\/pagina10.com\/web\/guerra-del-agua-o-privatizacion\/#respond"]}]},{"@type":"WebPage","@id":"https:\/\/pagina10.com\/web\/guerra-del-agua-o-privatizacion\/","url":"https:\/\/pagina10.com\/web\/guerra-del-agua-o-privatizacion\/","name":"Guerra del agua o privatizaci\u00f3n | P\u00e1gina10","isPartOf":{"@id":"https:\/\/pagina10.com\/web\/#website"},"primaryImageOfPage":{"@id":"https:\/\/pagina10.com\/web\/guerra-del-agua-o-privatizacion\/#primaryimage"},"image":{"@id":"https:\/\/pagina10.com\/web\/guerra-del-agua-o-privatizacion\/#primaryimage"},"thumbnailUrl":"https:\/\/pagina10.com\/web\/wp-content\/uploads\/2015\/11\/4cf8981a22ebacf407158974ae352dd6.jpg","datePublished":"2015-11-16T16:44:23+00:00","breadcrumb":{"@id":"https:\/\/pagina10.com\/web\/guerra-del-agua-o-privatizacion\/#breadcrumb"},"inLanguage":"es","potentialAction":[{"@type":"ReadAction","target":["https:\/\/pagina10.com\/web\/guerra-del-agua-o-privatizacion\/"]}]},{"@type":"ImageObject","inLanguage":"es","@id":"https:\/\/pagina10.com\/web\/guerra-del-agua-o-privatizacion\/#primaryimage","url":"https:\/\/pagina10.com\/web\/wp-content\/uploads\/2015\/11\/4cf8981a22ebacf407158974ae352dd6.jpg","contentUrl":"https:\/\/pagina10.com\/web\/wp-content\/uploads\/2015\/11\/4cf8981a22ebacf407158974ae352dd6.jpg","width":630,"height":354},{"@type":"BreadcrumbList","@id":"https:\/\/pagina10.com\/web\/guerra-del-agua-o-privatizacion\/#breadcrumb","itemListElement":[{"@type":"ListItem","position":1,"name":"Portada","item":"https:\/\/pagina10.com\/web\/"},{"@type":"ListItem","position":2,"name":"Guerra del agua o privatizaci\u00f3n"}]},{"@type":"WebSite","@id":"https:\/\/pagina10.com\/web\/#website","url":"https:\/\/pagina10.com\/web\/","name":"P\u00e1gina10","description":"Peri\u00f3dico Regional","publisher":{"@id":"https:\/\/pagina10.com\/web\/#organization"},"alternateName":"P\u00e1gina10 Peri\u00f3dico Regional","potentialAction":[{"@type":"SearchAction","target":{"@type":"EntryPoint","urlTemplate":"https:\/\/pagina10.com\/web\/?s={search_term_string}"},"query-input":{"@type":"PropertyValueSpecification","valueRequired":true,"valueName":"search_term_string"}}],"inLanguage":"es"},{"@type":"Organization","@id":"https:\/\/pagina10.com\/web\/#organization","name":"P\u00e1gina10","alternateName":"P\u00e1gina10 Peri\u00f3dico Regional","url":"https:\/\/pagina10.com\/web\/","logo":{"@type":"ImageObject","inLanguage":"es","@id":"https:\/\/pagina10.com\/web\/#\/schema\/logo\/image\/","url":"https:\/\/pagina10.com\/web\/wp-content\/uploads\/2024\/01\/40-pagina-10-periodico-regional-pasto.jpg","contentUrl":"https:\/\/pagina10.com\/web\/wp-content\/uploads\/2024\/01\/40-pagina-10-periodico-regional-pasto.jpg","width":1280,"height":720,"caption":"P\u00e1gina10"},"image":{"@id":"https:\/\/pagina10.com\/web\/#\/schema\/logo\/image\/"},"sameAs":["https:\/\/www.facebook.com\/pag10com","https:\/\/x.com\/Pag10com","https:\/\/www.instagram.com\/pagina10col\/","https:\/\/youtube.com\/channel\/pag10","https:\/\/www.tiktok.com\/@p10col"]},{"@type":"Person","@id":"https:\/\/pagina10.com\/web\/#\/schema\/person\/9ec3e2b432363a195d2d01bf820c66fe","name":"Anibal Ar\u00e9valo Rosero","description":"An\u00edbal Ar\u00e9valo Rosero a trav\u00e9s de su vida ha realizado diversas actividades tendientes a reivindicar al ser humano en su conciencia plena. Durante su vida ha hecho teatro, a escrito poes\u00eda y en sus tiempos de universitario realiz\u00f3 varias publicaciones entre las que se recuerda la revista Quinde. Junto con otros compa\u00f1eros fund\u00f3 el Taller Cultural El Cueche, equipo con el que se hicieron varias publicaciones. De este mismo grupo hay que resaltar que se hizo un trabajo pionero en la difusi\u00f3n de la m\u00fasica andina, latinoamericana y del caribe. Despu\u00e9s de terminar sus estudios de biolog\u00eda en la Universidad de Nari\u00f1o entr\u00f3 a laborar en emisoras de la ciudad de Pasto como en RCN, donde se desempe\u00f1aba como locutor de planta. Dirigi\u00f3 programas en la extinta Ondas del Mayo, en varias oportunidades; tambi\u00e9n en Ecos de Pasto. Fue colaborador de el Noticias RCN y dirigi\u00f3 el programa Simana al D\u00eda, del Sindicato del Magisterio de Nari\u00f1o, en dos \u00e9pocas. En el a\u00f1o de 1992 funda el Comit\u00e9 de Solidaridad con Cuba Jos\u00e9 Mart\u00ed, cuyo objetivo era divulgar la realidad cubana y expresar apoyo moral, pol\u00edtico y material al pa\u00eds caribe\u00f1o. Ante la mala interpretaci\u00f3n que la gente le daba a este tipo de acciones, se decide promover viajes de solidad a Cuba para participar en la Brigada Latinoamericana de Trabajo Voluntario, en el Festival Cuba Vive y, de manera especia,l en el 14 Festival Mundial de la Juventud y los Estudiantes, que se desarroll\u00f3 en la isla en el a\u00f1o de 1997. Con esta experiencia impulsa el turismo al pa\u00eds caribe\u00f1o con el resultado de que miles de personas han participado de las excursiones organizadas por Ar\u00e9valo Rosero. Asimismo ha venido impulsando las Brigadas de Salud en Cuba, tendiente a llevar pacientes de c\u00e1ncer a ese destino con el fin de que reciban atenci\u00f3n m\u00e9dica, teniendo en cuenta que la experiencia cubana en el tema ha sido bastante favorable. Veinte a\u00f1os despu\u00e9s de estas nutritivas experiencias, le permiten impulsar excursiones adem\u00e1s a M\u00e9xico, Machu Picchu, Argentina, Ecuador, Panam\u00e1 y Tierra Santa. En cuanto al desempe\u00f1o period\u00edstico, adem\u00e1s de los medios radiales y de televisi\u00f3n, en los canales de la universidades de Nari\u00f1o y Mariana, se ha desempe\u00f1ado como columnista en Diario del Sur durante 6 a\u00f1os y en algunos medios virtuales. Tambi\u00e9n es colaborador de el Diario del Cauca. Considera que la pr\u00e1ctica de la lectura es beber de la fuente nutricia que permite apropiarse de manera consciente del ejercicio de la democracia; y la posibilidad de escribir y ser le\u00eddo, acceder al poder, por que considera la palabra como el mayor instrumento de acci\u00f3n cuando est\u00e1 bien encamina al leg\u00edtimo servicio social. En la actualidad adem\u00e1s de so\u00f1ar con viajar por el mundo se desempe\u00f1a como docente del departamento de ciencias de Inem Luis Delf\u00edn Insuasty de Pasto. Correo: Esta direcci\u00f3n de correo electr\u00f3nico est\u00e1 protegida contra spambots. Usted necesita tener Javascript activado para poder verla.\" target=\"_blank\" style=\"color: #1155cc; text-align: justify; font-family: arial, sans-serif; font-size: 13px; line-height: normal;\"&gt;fundacionecosofia@gmail.com","url":"https:\/\/pagina10.com\/web\/author\/anibal\/"}]}},"_links":{"self":[{"href":"https:\/\/pagina10.com\/web\/wp-json\/wp\/v2\/posts\/18537","targetHints":{"allow":["GET"]}}],"collection":[{"href":"https:\/\/pagina10.com\/web\/wp-json\/wp\/v2\/posts"}],"about":[{"href":"https:\/\/pagina10.com\/web\/wp-json\/wp\/v2\/types\/post"}],"author":[{"embeddable":true,"href":"https:\/\/pagina10.com\/web\/wp-json\/wp\/v2\/users\/65"}],"replies":[{"embeddable":true,"href":"https:\/\/pagina10.com\/web\/wp-json\/wp\/v2\/comments?post=18537"}],"version-history":[{"count":0,"href":"https:\/\/pagina10.com\/web\/wp-json\/wp\/v2\/posts\/18537\/revisions"}],"wp:featuredmedia":[{"embeddable":true,"href":"https:\/\/pagina10.com\/web\/wp-json\/wp\/v2\/media\/18536"}],"wp:attachment":[{"href":"https:\/\/pagina10.com\/web\/wp-json\/wp\/v2\/media?parent=18537"}],"wp:term":[{"taxonomy":"category","embeddable":true,"href":"https:\/\/pagina10.com\/web\/wp-json\/wp\/v2\/categories?post=18537"},{"taxonomy":"post_tag","embeddable":true,"href":"https:\/\/pagina10.com\/web\/wp-json\/wp\/v2\/tags?post=18537"}],"curies":[{"name":"wp","href":"https:\/\/api.w.org\/{rel}","templated":true}]}}