{"id":18539,"date":"2015-11-16T16:47:35","date_gmt":"2015-11-16T16:47:35","guid":{"rendered":"https:\/\/pagina10.com\/web\/carnaval-de-negros-y-blancos-2016-a-escena-en-el-museo-nacional\/"},"modified":"2015-11-16T16:47:35","modified_gmt":"2015-11-16T16:47:35","slug":"carnaval-de-negros-y-blancos-2016-a-escena-en-el-museo-nacional","status":"publish","type":"post","link":"https:\/\/pagina10.com\/web\/carnaval-de-negros-y-blancos-2016-a-escena-en-el-museo-nacional\/","title":{"rendered":"Carnaval de Negros y Blancos 2016, a escena en el Museo Nacional"},"content":{"rendered":"<p><img fetchpriority=\"high\" decoding=\"async\" class=\" size-full wp-image-18538\" src=\"https:\/\/pagina10.com\/web\/wp-content\/uploads\/2015\/11\/49bafe8327bee969a214fdf7a8d80c21.jpg\" alt=\"\" width=\"599\" height=\"450\" srcset=\"https:\/\/pagina10.com\/web\/wp-content\/uploads\/2015\/11\/49bafe8327bee969a214fdf7a8d80c21.jpg 599w, https:\/\/pagina10.com\/web\/wp-content\/uploads\/2015\/11\/49bafe8327bee969a214fdf7a8d80c21-300x225.jpg 300w, https:\/\/pagina10.com\/web\/wp-content\/uploads\/2015\/11\/49bafe8327bee969a214fdf7a8d80c21-86x64.jpg 86w\" sizes=\"(max-width: 599px) 100vw, 599px\" \/><\/p>\n<div style=\"text-align: justify;\">En uno de los lugares m\u00e1s emblem\u00e1ticos de Colombia, el Museo Nacional de Bogot\u00e1, el Carnaval de Negros y Blancos 2016 sali\u00f3 a escena ante la presencia de m\u00e1s de 300 personas provenientes de diversos rincones del pa\u00eds, el exterior, adem\u00e1s de la Ministra de Cultura Mariana Garc\u00e9s, la&nbsp; Gerente de Corpocarnaval Gisela Checa y &nbsp;los alcaldes saliente y entrante de Pasto Harold Guerrero y Pedro Vicente Obando, as\u00ed como el Gobernador electo del departamento de Nari\u00f1o Camilo Romero entre otros.<\/div>\n<div style=\"text-align: justify;\">&nbsp;<\/div>\n<div style=\"text-align: justify;\">Para quienes lo vivieron y sintieron la magia de una de las fiestas populares m\u00e1s importante del mundo \u2013de acuerdo a la Unesco- apreciaron el arte y la pl\u00e1stica del cultor nari\u00f1ense, que desde 1927 hace del Carnaval una fiesta \u00fanica&nbsp;en las calles de la \u201cciudad sorpresa\u201d, que espera recibir m\u00e1s de 800.000 mil turistas provenientes de los cinco continentes.<\/div>\n<div style=\"text-align: justify;\">&nbsp;<\/div>\n<div style=\"text-align: justify;\">Fue tal impacto de la puesta en escena del Carnaval de Negros y Blancos 2016, que hizo levantar a los asistentes de sus asientos, mezclarse con los danzantes de la fiesta popular .en dos funciones- en un hecho in\u00e9dito en la historia del Museo Nacional. \u201cPara la administraci\u00f3n de Corpocarnaval, es una satisfacci\u00f3n el \u00e9xito de la presentaci\u00f3n de la fiesta popular. Adem\u00e1s, nos reafirma el compromiso de realizar un Carnaval con un alto sentido de profesionalizaci\u00f3n e internacionalizaci\u00f3n, donde la cultura ser\u00e1 la protagonista de la mano de ni\u00f1os, mujeres y hombres artesanos\u201d, dijo<\/div>\n<div style=\"text-align: justify;\">&nbsp;<\/div>\n<div style=\"text-align: justify;\">M\u00e1s adelante, los Alcaldes de Pasto saliente y entrante de Pasto Harold Guerrero y Pedro Vicente Obando recordaron que el&nbsp; Carnaval de Negros y Blancos \u2013en su realizaci\u00f3n- es un esfuerzo p\u00fablico privado, bajo la participaci\u00f3n activa de los ciudadanos, con una fiesta que hoy es patrimonio de la Humanidad.<\/div>\n<div style=\"text-align: justify;\">&nbsp;<\/div>\n<div style=\"text-align: justify;\">\u201cEl Carnaval es esencia una invitaci\u00f3n \u2013a los ciudadanos del mundo- para que sea negros y blancos por un d\u00eda. Pasto es un laboratorio de paz. Una etapa que el Gobierno del presidente Juan Manuel Santos le apuesta, en una etapa del posconflicto. Con la cultura y la magia de la fiesta popular de Pasto\u201d, subray\u00f3 la Ministra de Cultura Mariana Garc\u00e9s.<\/div>\n<div style=\"text-align: justify;\">&nbsp;<\/div>\n<div style=\"text-align: justify;\">Cuando el Carnaval de negros y Blancos 2012, levante su tel\u00f3n el 2 de enero de 2016, acoger\u00e1 el llamado del Gobierno y de los ciudadanos, para que Colombia \u2013desde el sur, a las faldas del Volc\u00e1n Galeras- sea un escenario de una paz duradera. \u201cQue mejor a trav\u00e9s de la fiesta popular, del arte y la cultura\u201d.<\/div>\n<div style=\"text-align: justify;\">&nbsp;<\/div>\n<div style=\"text-align: justify;\">En los \u00faltimos a\u00f1os, la Ministra de Cultura mariana Garc\u00e9s se convirti\u00f3 en \u201c\u00e1ngel\u201d para el Carnaval de Negros y Blancos de la capital nari\u00f1ense, en los momentos m\u00e1s dif\u00edciles, en la superaci\u00f3n de obst\u00e1culos y en pro de acompa\u00f1ar el plan de salvaguardia, que ha hizo posible una articulaci\u00f3n interinstitucional entre el Gobierno Nacional y la Alcald\u00eda de Pasto. \u201cEn el Carnaval no hay pol\u00edtica. No hay color. No hay raza. No hay condici\u00f3n social, lo que tiende puentes. Puentes a partir de la cultura y la l\u00fadica.<\/div>\n<div style=\"text-align: justify;\">&nbsp;<\/div>\n<div style=\"text-align: justify;\">Precisamente, la titular de esta cartera, destac\u00f3 el hecho que al interior de la fiesta popular 2016, prima la tradici\u00f3n, la sana diversi\u00f3n en paz frente a la tendencia comercial que se toman otras citas culturales del pa\u00eds. \u201cCorpocarnaval y la Alcald\u00eda de Pasto han mantenido intacto la tradici\u00f3n hist\u00f3rica. Es un Carnaval muy especial que llev\u00f3 en el coraz\u00f3n\u201d, indic\u00f3.<\/div>\n<div style=\"text-align: justify;\">&nbsp;<\/div>\n<div style=\"text-align: justify;\">\u201cCuando estuve en Pasto, jugando en el Carnaval entend\u00ed la dimensi\u00f3n de la fiesta popular que tiene la ciudad de Pasto, Nari\u00f1o y Colombia para el mundo. Un trabajo artesanal excepcional. Por ello, el Carnaval tiene hoy presencia en otros Carnavales del pa\u00eds, que le ha permitido estar presentes en Bogot\u00e1, en Barranquilla. Con todo el entusiasmo y el apoyo del Gobierno del presidente Santos\u201d, asever\u00f3<\/div>\n<div style=\"text-align: justify;\">&nbsp;<\/div>\n<div style=\"text-align: justify;\">Finalmente, la Ministra de Cultura Mariana Garc\u00e9s recalc\u00f3 que \u201ctodo colombiano tiene la obligaci\u00f3n, de estar presente por una vez en su vida, en el Carnaval de Negros y Blancos de Pasto. Que viva Pasto Carajo\u201d.<\/div>\n","protected":false},"excerpt":{"rendered":"<p>En uno de los lugares m\u00e1s emblem\u00e1ticos de Colombia, el Museo Nacional de Bogot\u00e1, el Carnaval de Negros y Blancos 2016 sali\u00f3 a escena ante la presencia de m\u00e1s de 300 personas provenientes de diversos rincones del pa\u00eds, el exterior, adem\u00e1s de la Ministra de Cultura Mariana Garc\u00e9s, la&nbsp; Gerente de Corpocarnaval Gisela Checa y [&hellip;]<\/p>\n","protected":false},"author":38,"featured_media":18538,"comment_status":"open","ping_status":"open","sticky":false,"template":"","format":"standard","meta":{"footnotes":""},"categories":[1],"tags":[],"class_list":["post-18539","post","type-post","status-publish","format-standard","has-post-thumbnail","hentry","category-sin-categoria"],"yoast_head":"<!-- This site is optimized with the Yoast SEO plugin v27.1.1 - https:\/\/yoast.com\/product\/yoast-seo-wordpress\/ -->\n<title>Carnaval de Negros y Blancos 2016, a escena en el Museo Nacional | P\u00e1gina10<\/title>\n<meta name=\"robots\" content=\"index, follow, max-snippet:-1, max-image-preview:large, max-video-preview:-1\" \/>\n<link rel=\"canonical\" href=\"https:\/\/pagina10.com\/web\/carnaval-de-negros-y-blancos-2016-a-escena-en-el-museo-nacional\/\" \/>\n<meta property=\"og:locale\" content=\"es_ES\" \/>\n<meta property=\"og:type\" content=\"article\" \/>\n<meta property=\"og:title\" content=\"Carnaval de Negros y Blancos 2016, a escena en el Museo Nacional | P\u00e1gina10\" \/>\n<meta property=\"og:description\" content=\"En uno de los lugares m\u00e1s emblem\u00e1ticos de Colombia, el Museo Nacional de Bogot\u00e1, el Carnaval de Negros y Blancos 2016 sali\u00f3 a escena ante la presencia de m\u00e1s de 300 personas provenientes de diversos rincones del pa\u00eds, el exterior, adem\u00e1s de la Ministra de Cultura Mariana Garc\u00e9s, la&nbsp; Gerente de Corpocarnaval Gisela Checa y [&hellip;]\" \/>\n<meta property=\"og:url\" content=\"https:\/\/pagina10.com\/web\/carnaval-de-negros-y-blancos-2016-a-escena-en-el-museo-nacional\/\" \/>\n<meta property=\"og:site_name\" content=\"P\u00e1gina10\" \/>\n<meta property=\"article:publisher\" content=\"https:\/\/www.facebook.com\/pag10com\" \/>\n<meta property=\"article:published_time\" content=\"2015-11-16T16:47:35+00:00\" \/>\n<meta property=\"og:image\" content=\"https:\/\/pagina10.com\/web\/wp-content\/uploads\/2015\/11\/49bafe8327bee969a214fdf7a8d80c21.jpg\" \/>\n\t<meta property=\"og:image:width\" content=\"599\" \/>\n\t<meta property=\"og:image:height\" content=\"450\" \/>\n\t<meta property=\"og:image:type\" content=\"image\/jpeg\" \/>\n<meta name=\"author\" content=\"Carlos Villota Santacruz.\" \/>\n<meta name=\"twitter:card\" content=\"summary_large_image\" \/>\n<meta name=\"twitter:creator\" content=\"@Pag10com\" \/>\n<meta name=\"twitter:site\" content=\"@Pag10com\" \/>\n<meta name=\"twitter:label1\" content=\"Escrito por\" \/>\n\t<meta name=\"twitter:data1\" content=\"Carlos Villota Santacruz.\" \/>\n\t<meta name=\"twitter:label2\" content=\"Tiempo de lectura\" \/>\n\t<meta name=\"twitter:data2\" content=\"4 minutos\" \/>\n<script type=\"application\/ld+json\" class=\"yoast-schema-graph\">{\"@context\":\"https:\/\/schema.org\",\"@graph\":[{\"@type\":\"Article\",\"@id\":\"https:\/\/pagina10.com\/web\/carnaval-de-negros-y-blancos-2016-a-escena-en-el-museo-nacional\/#article\",\"isPartOf\":{\"@id\":\"https:\/\/pagina10.com\/web\/carnaval-de-negros-y-blancos-2016-a-escena-en-el-museo-nacional\/\"},\"author\":{\"name\":\"Carlos Villota Santacruz.\",\"@id\":\"https:\/\/pagina10.com\/web\/#\/schema\/person\/b459e2d15ec5ba9d5a2c9a81c71c4f7b\"},\"headline\":\"Carnaval de Negros y Blancos 2016, a escena en el Museo Nacional\",\"datePublished\":\"2015-11-16T16:47:35+00:00\",\"mainEntityOfPage\":{\"@id\":\"https:\/\/pagina10.com\/web\/carnaval-de-negros-y-blancos-2016-a-escena-en-el-museo-nacional\/\"},\"wordCount\":728,\"commentCount\":0,\"publisher\":{\"@id\":\"https:\/\/pagina10.com\/web\/#organization\"},\"image\":{\"@id\":\"https:\/\/pagina10.com\/web\/carnaval-de-negros-y-blancos-2016-a-escena-en-el-museo-nacional\/#primaryimage\"},\"thumbnailUrl\":\"https:\/\/pagina10.com\/web\/wp-content\/uploads\/2015\/11\/49bafe8327bee969a214fdf7a8d80c21.jpg\",\"inLanguage\":\"es\",\"potentialAction\":[{\"@type\":\"CommentAction\",\"name\":\"Comment\",\"target\":[\"https:\/\/pagina10.com\/web\/carnaval-de-negros-y-blancos-2016-a-escena-en-el-museo-nacional\/#respond\"]}]},{\"@type\":\"WebPage\",\"@id\":\"https:\/\/pagina10.com\/web\/carnaval-de-negros-y-blancos-2016-a-escena-en-el-museo-nacional\/\",\"url\":\"https:\/\/pagina10.com\/web\/carnaval-de-negros-y-blancos-2016-a-escena-en-el-museo-nacional\/\",\"name\":\"Carnaval de Negros y Blancos 2016, a escena en el Museo Nacional | P\u00e1gina10\",\"isPartOf\":{\"@id\":\"https:\/\/pagina10.com\/web\/#website\"},\"primaryImageOfPage\":{\"@id\":\"https:\/\/pagina10.com\/web\/carnaval-de-negros-y-blancos-2016-a-escena-en-el-museo-nacional\/#primaryimage\"},\"image\":{\"@id\":\"https:\/\/pagina10.com\/web\/carnaval-de-negros-y-blancos-2016-a-escena-en-el-museo-nacional\/#primaryimage\"},\"thumbnailUrl\":\"https:\/\/pagina10.com\/web\/wp-content\/uploads\/2015\/11\/49bafe8327bee969a214fdf7a8d80c21.jpg\",\"datePublished\":\"2015-11-16T16:47:35+00:00\",\"breadcrumb\":{\"@id\":\"https:\/\/pagina10.com\/web\/carnaval-de-negros-y-blancos-2016-a-escena-en-el-museo-nacional\/#breadcrumb\"},\"inLanguage\":\"es\",\"potentialAction\":[{\"@type\":\"ReadAction\",\"target\":[\"https:\/\/pagina10.com\/web\/carnaval-de-negros-y-blancos-2016-a-escena-en-el-museo-nacional\/\"]}]},{\"@type\":\"ImageObject\",\"inLanguage\":\"es\",\"@id\":\"https:\/\/pagina10.com\/web\/carnaval-de-negros-y-blancos-2016-a-escena-en-el-museo-nacional\/#primaryimage\",\"url\":\"https:\/\/pagina10.com\/web\/wp-content\/uploads\/2015\/11\/49bafe8327bee969a214fdf7a8d80c21.jpg\",\"contentUrl\":\"https:\/\/pagina10.com\/web\/wp-content\/uploads\/2015\/11\/49bafe8327bee969a214fdf7a8d80c21.jpg\",\"width\":599,\"height\":450},{\"@type\":\"BreadcrumbList\",\"@id\":\"https:\/\/pagina10.com\/web\/carnaval-de-negros-y-blancos-2016-a-escena-en-el-museo-nacional\/#breadcrumb\",\"itemListElement\":[{\"@type\":\"ListItem\",\"position\":1,\"name\":\"Portada\",\"item\":\"https:\/\/pagina10.com\/web\/\"},{\"@type\":\"ListItem\",\"position\":2,\"name\":\"Carnaval de Negros y Blancos 2016, a escena en el Museo Nacional\"}]},{\"@type\":\"WebSite\",\"@id\":\"https:\/\/pagina10.com\/web\/#website\",\"url\":\"https:\/\/pagina10.com\/web\/\",\"name\":\"P\u00e1gina10\",\"description\":\"Peri\u00f3dico Regional\",\"publisher\":{\"@id\":\"https:\/\/pagina10.com\/web\/#organization\"},\"alternateName\":\"P\u00e1gina10 Peri\u00f3dico Regional\",\"potentialAction\":[{\"@type\":\"SearchAction\",\"target\":{\"@type\":\"EntryPoint\",\"urlTemplate\":\"https:\/\/pagina10.com\/web\/?s={search_term_string}\"},\"query-input\":{\"@type\":\"PropertyValueSpecification\",\"valueRequired\":true,\"valueName\":\"search_term_string\"}}],\"inLanguage\":\"es\"},{\"@type\":\"Organization\",\"@id\":\"https:\/\/pagina10.com\/web\/#organization\",\"name\":\"P\u00e1gina10\",\"alternateName\":\"P\u00e1gina10 Peri\u00f3dico Regional\",\"url\":\"https:\/\/pagina10.com\/web\/\",\"logo\":{\"@type\":\"ImageObject\",\"inLanguage\":\"es\",\"@id\":\"https:\/\/pagina10.com\/web\/#\/schema\/logo\/image\/\",\"url\":\"https:\/\/pagina10.com\/web\/wp-content\/uploads\/2024\/01\/40-pagina-10-periodico-regional-pasto.jpg\",\"contentUrl\":\"https:\/\/pagina10.com\/web\/wp-content\/uploads\/2024\/01\/40-pagina-10-periodico-regional-pasto.jpg\",\"width\":1280,\"height\":720,\"caption\":\"P\u00e1gina10\"},\"image\":{\"@id\":\"https:\/\/pagina10.com\/web\/#\/schema\/logo\/image\/\"},\"sameAs\":[\"https:\/\/www.facebook.com\/pag10com\",\"https:\/\/x.com\/Pag10com\",\"https:\/\/www.instagram.com\/pagina10col\/\",\"https:\/\/youtube.com\/channel\/pag10\",\"https:\/\/www.tiktok.com\/@p10col\"]},{\"@type\":\"Person\",\"@id\":\"https:\/\/pagina10.com\/web\/#\/schema\/person\/b459e2d15ec5ba9d5a2c9a81c71c4f7b\",\"name\":\"Carlos Villota Santacruz.\",\"description\":\"Internacionalista-Comunicador Social y Periodista. Experto en Comunicaci\u00f3n para el desarrollo y ciudad-regi\u00f3n.. Promotor de proyectos e investigaci\u00f3n comunicativa en radio, prensa y televisi\u00f3n. Experiencia en el manejo de imagen externa, interna y protocolaria de entidades p\u00fablicas y privadas, encuentros culturales, empresariales y ambientales. Docente en el \u00e1rea de televisi\u00f3n, relaciones internacionales y bloques econ\u00f3micos. Experto y conferencista en temas de marketing pol\u00edtico, marketing de ciudad, integraci\u00f3n cultural, TLC y desarrollo urban\u00edstico. E-mail: villotasantacruzcarlos@yahoo.com.co\",\"url\":\"https:\/\/pagina10.com\/web\/author\/cvillota\/\"}]}<\/script>\n<!-- \/ Yoast SEO plugin. -->","yoast_head_json":{"title":"Carnaval de Negros y Blancos 2016, a escena en el Museo Nacional | P\u00e1gina10","robots":{"index":"index","follow":"follow","max-snippet":"max-snippet:-1","max-image-preview":"max-image-preview:large","max-video-preview":"max-video-preview:-1"},"canonical":"https:\/\/pagina10.com\/web\/carnaval-de-negros-y-blancos-2016-a-escena-en-el-museo-nacional\/","og_locale":"es_ES","og_type":"article","og_title":"Carnaval de Negros y Blancos 2016, a escena en el Museo Nacional | P\u00e1gina10","og_description":"En uno de los lugares m\u00e1s emblem\u00e1ticos de Colombia, el Museo Nacional de Bogot\u00e1, el Carnaval de Negros y Blancos 2016 sali\u00f3 a escena ante la presencia de m\u00e1s de 300 personas provenientes de diversos rincones del pa\u00eds, el exterior, adem\u00e1s de la Ministra de Cultura Mariana Garc\u00e9s, la&nbsp; Gerente de Corpocarnaval Gisela Checa y [&hellip;]","og_url":"https:\/\/pagina10.com\/web\/carnaval-de-negros-y-blancos-2016-a-escena-en-el-museo-nacional\/","og_site_name":"P\u00e1gina10","article_publisher":"https:\/\/www.facebook.com\/pag10com","article_published_time":"2015-11-16T16:47:35+00:00","og_image":[{"width":599,"height":450,"url":"https:\/\/pagina10.com\/web\/wp-content\/uploads\/2015\/11\/49bafe8327bee969a214fdf7a8d80c21.jpg","type":"image\/jpeg"}],"author":"Carlos Villota Santacruz.","twitter_card":"summary_large_image","twitter_creator":"@Pag10com","twitter_site":"@Pag10com","twitter_misc":{"Escrito por":"Carlos Villota Santacruz.","Tiempo de lectura":"4 minutos"},"schema":{"@context":"https:\/\/schema.org","@graph":[{"@type":"Article","@id":"https:\/\/pagina10.com\/web\/carnaval-de-negros-y-blancos-2016-a-escena-en-el-museo-nacional\/#article","isPartOf":{"@id":"https:\/\/pagina10.com\/web\/carnaval-de-negros-y-blancos-2016-a-escena-en-el-museo-nacional\/"},"author":{"name":"Carlos Villota Santacruz.","@id":"https:\/\/pagina10.com\/web\/#\/schema\/person\/b459e2d15ec5ba9d5a2c9a81c71c4f7b"},"headline":"Carnaval de Negros y Blancos 2016, a escena en el Museo Nacional","datePublished":"2015-11-16T16:47:35+00:00","mainEntityOfPage":{"@id":"https:\/\/pagina10.com\/web\/carnaval-de-negros-y-blancos-2016-a-escena-en-el-museo-nacional\/"},"wordCount":728,"commentCount":0,"publisher":{"@id":"https:\/\/pagina10.com\/web\/#organization"},"image":{"@id":"https:\/\/pagina10.com\/web\/carnaval-de-negros-y-blancos-2016-a-escena-en-el-museo-nacional\/#primaryimage"},"thumbnailUrl":"https:\/\/pagina10.com\/web\/wp-content\/uploads\/2015\/11\/49bafe8327bee969a214fdf7a8d80c21.jpg","inLanguage":"es","potentialAction":[{"@type":"CommentAction","name":"Comment","target":["https:\/\/pagina10.com\/web\/carnaval-de-negros-y-blancos-2016-a-escena-en-el-museo-nacional\/#respond"]}]},{"@type":"WebPage","@id":"https:\/\/pagina10.com\/web\/carnaval-de-negros-y-blancos-2016-a-escena-en-el-museo-nacional\/","url":"https:\/\/pagina10.com\/web\/carnaval-de-negros-y-blancos-2016-a-escena-en-el-museo-nacional\/","name":"Carnaval de Negros y Blancos 2016, a escena en el Museo Nacional | P\u00e1gina10","isPartOf":{"@id":"https:\/\/pagina10.com\/web\/#website"},"primaryImageOfPage":{"@id":"https:\/\/pagina10.com\/web\/carnaval-de-negros-y-blancos-2016-a-escena-en-el-museo-nacional\/#primaryimage"},"image":{"@id":"https:\/\/pagina10.com\/web\/carnaval-de-negros-y-blancos-2016-a-escena-en-el-museo-nacional\/#primaryimage"},"thumbnailUrl":"https:\/\/pagina10.com\/web\/wp-content\/uploads\/2015\/11\/49bafe8327bee969a214fdf7a8d80c21.jpg","datePublished":"2015-11-16T16:47:35+00:00","breadcrumb":{"@id":"https:\/\/pagina10.com\/web\/carnaval-de-negros-y-blancos-2016-a-escena-en-el-museo-nacional\/#breadcrumb"},"inLanguage":"es","potentialAction":[{"@type":"ReadAction","target":["https:\/\/pagina10.com\/web\/carnaval-de-negros-y-blancos-2016-a-escena-en-el-museo-nacional\/"]}]},{"@type":"ImageObject","inLanguage":"es","@id":"https:\/\/pagina10.com\/web\/carnaval-de-negros-y-blancos-2016-a-escena-en-el-museo-nacional\/#primaryimage","url":"https:\/\/pagina10.com\/web\/wp-content\/uploads\/2015\/11\/49bafe8327bee969a214fdf7a8d80c21.jpg","contentUrl":"https:\/\/pagina10.com\/web\/wp-content\/uploads\/2015\/11\/49bafe8327bee969a214fdf7a8d80c21.jpg","width":599,"height":450},{"@type":"BreadcrumbList","@id":"https:\/\/pagina10.com\/web\/carnaval-de-negros-y-blancos-2016-a-escena-en-el-museo-nacional\/#breadcrumb","itemListElement":[{"@type":"ListItem","position":1,"name":"Portada","item":"https:\/\/pagina10.com\/web\/"},{"@type":"ListItem","position":2,"name":"Carnaval de Negros y Blancos 2016, a escena en el Museo Nacional"}]},{"@type":"WebSite","@id":"https:\/\/pagina10.com\/web\/#website","url":"https:\/\/pagina10.com\/web\/","name":"P\u00e1gina10","description":"Peri\u00f3dico Regional","publisher":{"@id":"https:\/\/pagina10.com\/web\/#organization"},"alternateName":"P\u00e1gina10 Peri\u00f3dico Regional","potentialAction":[{"@type":"SearchAction","target":{"@type":"EntryPoint","urlTemplate":"https:\/\/pagina10.com\/web\/?s={search_term_string}"},"query-input":{"@type":"PropertyValueSpecification","valueRequired":true,"valueName":"search_term_string"}}],"inLanguage":"es"},{"@type":"Organization","@id":"https:\/\/pagina10.com\/web\/#organization","name":"P\u00e1gina10","alternateName":"P\u00e1gina10 Peri\u00f3dico Regional","url":"https:\/\/pagina10.com\/web\/","logo":{"@type":"ImageObject","inLanguage":"es","@id":"https:\/\/pagina10.com\/web\/#\/schema\/logo\/image\/","url":"https:\/\/pagina10.com\/web\/wp-content\/uploads\/2024\/01\/40-pagina-10-periodico-regional-pasto.jpg","contentUrl":"https:\/\/pagina10.com\/web\/wp-content\/uploads\/2024\/01\/40-pagina-10-periodico-regional-pasto.jpg","width":1280,"height":720,"caption":"P\u00e1gina10"},"image":{"@id":"https:\/\/pagina10.com\/web\/#\/schema\/logo\/image\/"},"sameAs":["https:\/\/www.facebook.com\/pag10com","https:\/\/x.com\/Pag10com","https:\/\/www.instagram.com\/pagina10col\/","https:\/\/youtube.com\/channel\/pag10","https:\/\/www.tiktok.com\/@p10col"]},{"@type":"Person","@id":"https:\/\/pagina10.com\/web\/#\/schema\/person\/b459e2d15ec5ba9d5a2c9a81c71c4f7b","name":"Carlos Villota Santacruz.","description":"Internacionalista-Comunicador Social y Periodista. Experto en Comunicaci\u00f3n para el desarrollo y ciudad-regi\u00f3n.. Promotor de proyectos e investigaci\u00f3n comunicativa en radio, prensa y televisi\u00f3n. Experiencia en el manejo de imagen externa, interna y protocolaria de entidades p\u00fablicas y privadas, encuentros culturales, empresariales y ambientales. Docente en el \u00e1rea de televisi\u00f3n, relaciones internacionales y bloques econ\u00f3micos. Experto y conferencista en temas de marketing pol\u00edtico, marketing de ciudad, integraci\u00f3n cultural, TLC y desarrollo urban\u00edstico. E-mail: villotasantacruzcarlos@yahoo.com.co","url":"https:\/\/pagina10.com\/web\/author\/cvillota\/"}]}},"_links":{"self":[{"href":"https:\/\/pagina10.com\/web\/wp-json\/wp\/v2\/posts\/18539","targetHints":{"allow":["GET"]}}],"collection":[{"href":"https:\/\/pagina10.com\/web\/wp-json\/wp\/v2\/posts"}],"about":[{"href":"https:\/\/pagina10.com\/web\/wp-json\/wp\/v2\/types\/post"}],"author":[{"embeddable":true,"href":"https:\/\/pagina10.com\/web\/wp-json\/wp\/v2\/users\/38"}],"replies":[{"embeddable":true,"href":"https:\/\/pagina10.com\/web\/wp-json\/wp\/v2\/comments?post=18539"}],"version-history":[{"count":0,"href":"https:\/\/pagina10.com\/web\/wp-json\/wp\/v2\/posts\/18539\/revisions"}],"wp:featuredmedia":[{"embeddable":true,"href":"https:\/\/pagina10.com\/web\/wp-json\/wp\/v2\/media\/18538"}],"wp:attachment":[{"href":"https:\/\/pagina10.com\/web\/wp-json\/wp\/v2\/media?parent=18539"}],"wp:term":[{"taxonomy":"category","embeddable":true,"href":"https:\/\/pagina10.com\/web\/wp-json\/wp\/v2\/categories?post=18539"},{"taxonomy":"post_tag","embeddable":true,"href":"https:\/\/pagina10.com\/web\/wp-json\/wp\/v2\/tags?post=18539"}],"curies":[{"name":"wp","href":"https:\/\/api.w.org\/{rel}","templated":true}]}}