{"id":18541,"date":"2015-11-16T16:53:46","date_gmt":"2015-11-16T16:53:46","guid":{"rendered":"https:\/\/pagina10.com\/web\/comisiones-primeras-iniciaran-estudio-de-ley-estatutaria-de-plebiscito\/"},"modified":"2015-11-16T16:53:46","modified_gmt":"2015-11-16T16:53:46","slug":"comisiones-primeras-iniciaran-estudio-de-ley-estatutaria-de-plebiscito","status":"publish","type":"post","link":"https:\/\/pagina10.com\/web\/comisiones-primeras-iniciaran-estudio-de-ley-estatutaria-de-plebiscito\/","title":{"rendered":"Comisiones primeras iniciar\u00e1n estudio de ley estatutaria de plebiscito"},"content":{"rendered":"<p><img fetchpriority=\"high\" decoding=\"async\" class=\" size-full wp-image-18540\" src=\"https:\/\/pagina10.com\/web\/wp-content\/uploads\/2015\/11\/91ff4432a5e1e6aa70d41ec9256abd62.jpg\" alt=\"\" width=\"600\" height=\"450\" srcset=\"https:\/\/pagina10.com\/web\/wp-content\/uploads\/2015\/11\/91ff4432a5e1e6aa70d41ec9256abd62.jpg 600w, https:\/\/pagina10.com\/web\/wp-content\/uploads\/2015\/11\/91ff4432a5e1e6aa70d41ec9256abd62-300x225.jpg 300w, https:\/\/pagina10.com\/web\/wp-content\/uploads\/2015\/11\/91ff4432a5e1e6aa70d41ec9256abd62-86x64.jpg 86w\" sizes=\"(max-width: 600px) 100vw, 600px\" \/><\/p>\n<blockquote type=\"cite\">\n<div>\n<div style=\"text-align: justify;\">Este mi\u00e9rcoles 18 de noviembre las comisiones primeras se senado y c\u00e1mara iniciar\u00e1n el estudio de la ley estatutaria que abre la puerta a un plebiscito, que se eleva como un instrumento para garantizar la refrendaci\u00f3n de los colombianos del proceso de paz entre el Gobierno del presidente Juan Manuel Santos y la guerrilla de las FARC, en La Habana.<\/div>\n<div style=\"text-align: justify;\">&nbsp;<\/div>\n<div style=\"text-align: justify;\">As\u00ed lo se\u00f1al\u00f3 el senador y presidente de la Comisi\u00f3n Primera Manuel Enr\u00edquez Rosero (Partido de la U), tras recordar que el proyecto de ley estatutaria contiene cinco art\u00edculos. \u201cUno permite que el Jefe del Estado \u2013con la firma de su gabinete- pueda someter a consideraci\u00f3n de los colombianos pol\u00edticas, disposiciones y todos los temas necesarios para la implementaci\u00f3n del acuerdo final; y otro, plantea las reglas para la convocatoria y la votaci\u00f3n.<\/div>\n<div style=\"text-align: justify;\">&nbsp;<\/div>\n<div style=\"text-align: justify;\">El legislador record\u00f3 que el plebiscito formular\u00eda una \u00fanica pregunta \u2013en donde los ciudadanos- dir\u00edan s\u00ed o no a la paz, o podr\u00edan votar en blanco. \u201cTras la audiencia p\u00fablica del pasado 12 de diciembre,&nbsp; en la Comisi\u00f3n Primera se acogi\u00f3 la propuesta de quienes a nombre de la sociedad civil intervinieron, en el sentido que la convocatoria al plebiscito sea lo m\u00e1s sencilla posible\u201d, dijo<\/div>\n<div style=\"text-align: justify;\">&nbsp;<\/div>\n<div style=\"text-align: justify;\">El proyecto de ley estatutaria que reglamenta la figura del plebiscito en la Constituci\u00f3n de 1991,&nbsp; abre un espacio para que se adelante campa\u00f1as a favor o en contra de lo que se consulte y se deja en claro que el resultado del mismo, tendr\u00e1 car\u00e1cter vinculante o interpretativo, lo que ser\u00e1 garant\u00eda absoluta de que los acuerdos de paz tengan la solidez y la irreversabilidad necesaria para garantizar a las v\u00edctimas y a los colombianos su derecho a la no repetici\u00f3n del conflicto.<\/div>\n<div style=\"text-align: justify;\">&nbsp;<\/div>\n<div style=\"text-align: justify;\">Para que se aprobada la iniciativa \u2013ley estatutaria- deber\u00e1 contar con la mayor\u00eda absoluta del Congreso, que se adelante en un mismo per\u00edodo legislativo. Tambi\u00e9n, deber\u00e1 ser revisado por la Corte Constitucional.<\/div>\n<div style=\"text-align: justify;\">Este es el texto del proyecto radicado:<\/div>\n<div style=\"text-align: justify;\">&nbsp;<\/div>\n<div style=\"text-align: justify;\">&#8220;PROYECTO DE LEY ESTATUTARIA _____ DE 2015<\/div>\n<div style=\"text-align: justify;\">&nbsp;<\/div>\n<div style=\"text-align: justify;\">&#8220;POR MEDIO DE LA CUAL SE REGULA EL PLEBISCITO POR LA PAZ&#8221;<\/div>\n<div style=\"text-align: justify;\">&nbsp;<\/div>\n<div style=\"text-align: justify;\">El Congreso de Colombia Decreta:<\/div>\n<div style=\"text-align: justify;\">&nbsp;<\/div>\n<div style=\"text-align: justify;\">ART\u00cdCULO 1\u00ba. PLEBISCITO POR LA PAZ. El Presidente de la Rep\u00fablica con la firma de todos los Ministros, podr\u00e1 someter a consideraci\u00f3n del pueblo, pol\u00edticas, disposiciones y temas necesarios, para la implementaci\u00f3n de un Acuerdo Final para la terminaci\u00f3n del conflicto armado, a trav\u00e9s de un plebiscito por la paz.<\/div>\n<div style=\"text-align: justify;\">&nbsp;<\/div>\n<div style=\"text-align: justify;\">El Presidente deber\u00e1 informar al Congreso su intenci\u00f3n de convocar \u00e9ste plebiscito y la fecha en que se llevar\u00e1 a cabo la votaci\u00f3n, la cual no podr\u00e1 ser anterior a un mes ni posterior a cuatro meses, contados a partir de la fecha en que el Congreso reciba el informe del Presidente.<\/div>\n<div style=\"text-align: justify;\">&nbsp;<\/div>\n<div style=\"text-align: justify;\">ART\u00cdCULO 2\u00ba. REGLAS ESPECIALES PARA EL PLEBISCITO POR LA PAZ. Con el objetivo de dinamizar la democracia participativa y garantizar la mayor participaci\u00f3n ciudadana posible en el Plebiscito por La Paz, se seguir\u00e1n las siguientes reglas en el procedimiento de convocatoria y votaci\u00f3n:<\/div>\n<div style=\"text-align: justify;\">&nbsp;<\/div>\n<div style=\"text-align: justify;\">1. El Congreso podr\u00e1 pronunciarse en un t\u00e9rmino m\u00e1ximo de un mes. Un pronunciamiento negativo requerir\u00e1 mayor\u00eda absoluta de los miembros de la respectiva C\u00e1mara. Si el Congreso se encuentra en receso podr\u00e1 reunirse por derecho propio para pronunciarse sobre el plebiscito. Si dentro del mes siguiente a la fecha en la que el Presidente de la Rep\u00fablica informe su decisi\u00f3n de realizar el Plebiscito por la paz, ninguna de las dos C\u00e1maras manifiesta su rechazo, el Presidente podr\u00e1 convocarlo.<\/div>\n<div style=\"text-align: justify;\">&nbsp;<\/div>\n<div style=\"text-align: justify;\">2. Todos los ciudadanos que conforman el censo electoral deber\u00e1n participar del Plebiscito por la Paz.<\/div>\n<div style=\"text-align: justify;\">&nbsp;<\/div>\n<div style=\"text-align: justify;\">3. La Registradur\u00eda Nacional del Estado Civil, habilitar\u00e1 puestos de votaci\u00f3n cercanos a universidades y lugares de amplia afluencia laboral y adelantar\u00e1 todas las acciones adicionales necesarias para la participaci\u00f3n de la ciudadan\u00eda en la jornada de votaci\u00f3n extendida del plebiscito, regulado en \u00e9sta ley.<\/div>\n<div style=\"text-align: justify;\">&nbsp;<\/div>\n<div style=\"text-align: justify;\">4. Para la votaci\u00f3n del plebiscito, los ciudadanos decidir\u00e1n si mantienen el puesto de votaci\u00f3n de su lugar de residencia o inscriben su cedula, en los puestos a que hace referencia el numeral anterior, en jornadas especiales que adelante la Registradur\u00eda.<\/div>\n<div style=\"text-align: justify;\">&nbsp;<\/div>\n<div style=\"text-align: justify;\">5. La votaci\u00f3n se realizar\u00e1 durante tres d\u00edas h\u00e1biles y un fin de semana.<\/div>\n<div style=\"text-align: justify;\">&nbsp;<\/div>\n<div style=\"text-align: justify;\">6. Los asuntos sometidos a consideraci\u00f3n del pueblo se votar\u00e1n en forma conjunta.<\/div>\n<div style=\"text-align: justify;\">&nbsp;<\/div>\n<div style=\"text-align: justify;\">7. El pueblo decidir\u00e1 en plebiscito por la mayor\u00eda de los votantes.<\/div>\n<div style=\"text-align: justify;\">&nbsp;<\/div>\n<div style=\"text-align: justify;\">Par\u00e1grafo. Los ciudadanos habilitados para votar, que no participen en el Plebiscito por la Paz, incurrir\u00e1n en multa equivalente a un salario m\u00ednimo legal mensual vigente. La Registradur\u00eda Nacional del Estado Civil, llevar\u00e1 el registro de los ciudadanos sancionados.<\/div>\n<div style=\"text-align: justify;\">&nbsp;<\/div>\n<div style=\"text-align: justify;\">ART\u00cdCULO 3\u00ba. CAMPA\u00d1A A FAVOR O EN CONTRA DEL PLEBISCITO. El acceso de los partidos y movimientos pol\u00edticos a los espacios de televisi\u00f3n financiados por el Estado se har\u00e1 de conformidad con lo establecido para el referendo constitucional.<\/div>\n<div style=\"text-align: justify;\">&nbsp;<\/div>\n<div style=\"text-align: justify;\">El Gobierno dispondr\u00e1 del mismo tiempo en televisi\u00f3n para expresar su opini\u00f3n sobre el plebiscito. El uso de estos espacios se har\u00e1 dentro de los veinte d\u00edas anteriores a la fecha se\u00f1alada para la votaci\u00f3n.<\/div>\n<div style=\"text-align: justify;\">&nbsp;<\/div>\n<div style=\"text-align: justify;\">ART\u00cdCULO 4\u00ba. INTERPRETACI\u00d3N NORMATIVA. Las disposiciones aprobadas a trav\u00e9s del Plebiscito por la Paz, tendr\u00e1n un car\u00e1cter interpretativo y vinculante frente a las normas del ordenamiento jur\u00eddico.<\/div>\n<div style=\"text-align: justify;\">&nbsp;<\/div>\n<div dir=\"ltr\" style=\"text-align: justify;\">ART\u00cdCULO 5\u00ba. VIGENCIA. La presente ley rige a partir de su promulgaci\u00f3n.&#8221;<\/div>\n<\/p><\/div>\n<\/blockquote>\n","protected":false},"excerpt":{"rendered":"<p>Este mi\u00e9rcoles 18 de noviembre las comisiones primeras se senado y c\u00e1mara iniciar\u00e1n el estudio de la ley estatutaria que abre la puerta a un plebiscito, que se eleva como un instrumento para garantizar la refrendaci\u00f3n de los colombianos del proceso de paz entre el Gobierno del presidente Juan Manuel Santos y la guerrilla de [&hellip;]<\/p>\n","protected":false},"author":38,"featured_media":18540,"comment_status":"open","ping_status":"open","sticky":false,"template":"","format":"standard","meta":{"footnotes":""},"categories":[1],"tags":[],"class_list":["post-18541","post","type-post","status-publish","format-standard","has-post-thumbnail","hentry","category-sin-categoria"],"yoast_head":"<!-- This site is optimized with the Yoast SEO plugin v27.1.1 - https:\/\/yoast.com\/product\/yoast-seo-wordpress\/ -->\n<title>Comisiones primeras iniciar\u00e1n estudio de ley estatutaria de plebiscito | P\u00e1gina10<\/title>\n<meta name=\"robots\" content=\"index, follow, max-snippet:-1, max-image-preview:large, max-video-preview:-1\" \/>\n<link rel=\"canonical\" href=\"https:\/\/pagina10.com\/web\/comisiones-primeras-iniciaran-estudio-de-ley-estatutaria-de-plebiscito\/\" \/>\n<meta property=\"og:locale\" content=\"es_ES\" \/>\n<meta property=\"og:type\" content=\"article\" \/>\n<meta property=\"og:title\" content=\"Comisiones primeras iniciar\u00e1n estudio de ley estatutaria de plebiscito | P\u00e1gina10\" \/>\n<meta property=\"og:description\" content=\"Este mi\u00e9rcoles 18 de noviembre las comisiones primeras se senado y c\u00e1mara iniciar\u00e1n el estudio de la ley estatutaria que abre la puerta a un plebiscito, que se eleva como un instrumento para garantizar la refrendaci\u00f3n de los colombianos del proceso de paz entre el Gobierno del presidente Juan Manuel Santos y la guerrilla de [&hellip;]\" \/>\n<meta property=\"og:url\" content=\"https:\/\/pagina10.com\/web\/comisiones-primeras-iniciaran-estudio-de-ley-estatutaria-de-plebiscito\/\" \/>\n<meta property=\"og:site_name\" content=\"P\u00e1gina10\" \/>\n<meta property=\"article:publisher\" content=\"https:\/\/www.facebook.com\/pag10com\" \/>\n<meta property=\"article:published_time\" content=\"2015-11-16T16:53:46+00:00\" \/>\n<meta property=\"og:image\" content=\"https:\/\/pagina10.com\/web\/wp-content\/uploads\/2015\/11\/91ff4432a5e1e6aa70d41ec9256abd62.jpg\" \/>\n\t<meta property=\"og:image:width\" content=\"600\" \/>\n\t<meta property=\"og:image:height\" content=\"450\" \/>\n\t<meta property=\"og:image:type\" content=\"image\/jpeg\" \/>\n<meta name=\"author\" content=\"Carlos Villota Santacruz.\" \/>\n<meta name=\"twitter:card\" content=\"summary_large_image\" \/>\n<meta name=\"twitter:creator\" content=\"@Pag10com\" \/>\n<meta name=\"twitter:site\" content=\"@Pag10com\" \/>\n<meta name=\"twitter:label1\" content=\"Escrito por\" \/>\n\t<meta name=\"twitter:data1\" content=\"Carlos Villota Santacruz.\" \/>\n\t<meta name=\"twitter:label2\" content=\"Tiempo de lectura\" \/>\n\t<meta name=\"twitter:data2\" content=\"5 minutos\" \/>\n<script type=\"application\/ld+json\" class=\"yoast-schema-graph\">{\"@context\":\"https:\/\/schema.org\",\"@graph\":[{\"@type\":\"Article\",\"@id\":\"https:\/\/pagina10.com\/web\/comisiones-primeras-iniciaran-estudio-de-ley-estatutaria-de-plebiscito\/#article\",\"isPartOf\":{\"@id\":\"https:\/\/pagina10.com\/web\/comisiones-primeras-iniciaran-estudio-de-ley-estatutaria-de-plebiscito\/\"},\"author\":{\"name\":\"Carlos Villota Santacruz.\",\"@id\":\"https:\/\/pagina10.com\/web\/#\/schema\/person\/b459e2d15ec5ba9d5a2c9a81c71c4f7b\"},\"headline\":\"Comisiones primeras iniciar\u00e1n estudio de ley estatutaria de plebiscito\",\"datePublished\":\"2015-11-16T16:53:46+00:00\",\"mainEntityOfPage\":{\"@id\":\"https:\/\/pagina10.com\/web\/comisiones-primeras-iniciaran-estudio-de-ley-estatutaria-de-plebiscito\/\"},\"wordCount\":964,\"commentCount\":0,\"publisher\":{\"@id\":\"https:\/\/pagina10.com\/web\/#organization\"},\"image\":{\"@id\":\"https:\/\/pagina10.com\/web\/comisiones-primeras-iniciaran-estudio-de-ley-estatutaria-de-plebiscito\/#primaryimage\"},\"thumbnailUrl\":\"https:\/\/pagina10.com\/web\/wp-content\/uploads\/2015\/11\/91ff4432a5e1e6aa70d41ec9256abd62.jpg\",\"inLanguage\":\"es\",\"potentialAction\":[{\"@type\":\"CommentAction\",\"name\":\"Comment\",\"target\":[\"https:\/\/pagina10.com\/web\/comisiones-primeras-iniciaran-estudio-de-ley-estatutaria-de-plebiscito\/#respond\"]}]},{\"@type\":\"WebPage\",\"@id\":\"https:\/\/pagina10.com\/web\/comisiones-primeras-iniciaran-estudio-de-ley-estatutaria-de-plebiscito\/\",\"url\":\"https:\/\/pagina10.com\/web\/comisiones-primeras-iniciaran-estudio-de-ley-estatutaria-de-plebiscito\/\",\"name\":\"Comisiones primeras iniciar\u00e1n estudio de ley estatutaria de plebiscito | P\u00e1gina10\",\"isPartOf\":{\"@id\":\"https:\/\/pagina10.com\/web\/#website\"},\"primaryImageOfPage\":{\"@id\":\"https:\/\/pagina10.com\/web\/comisiones-primeras-iniciaran-estudio-de-ley-estatutaria-de-plebiscito\/#primaryimage\"},\"image\":{\"@id\":\"https:\/\/pagina10.com\/web\/comisiones-primeras-iniciaran-estudio-de-ley-estatutaria-de-plebiscito\/#primaryimage\"},\"thumbnailUrl\":\"https:\/\/pagina10.com\/web\/wp-content\/uploads\/2015\/11\/91ff4432a5e1e6aa70d41ec9256abd62.jpg\",\"datePublished\":\"2015-11-16T16:53:46+00:00\",\"breadcrumb\":{\"@id\":\"https:\/\/pagina10.com\/web\/comisiones-primeras-iniciaran-estudio-de-ley-estatutaria-de-plebiscito\/#breadcrumb\"},\"inLanguage\":\"es\",\"potentialAction\":[{\"@type\":\"ReadAction\",\"target\":[\"https:\/\/pagina10.com\/web\/comisiones-primeras-iniciaran-estudio-de-ley-estatutaria-de-plebiscito\/\"]}]},{\"@type\":\"ImageObject\",\"inLanguage\":\"es\",\"@id\":\"https:\/\/pagina10.com\/web\/comisiones-primeras-iniciaran-estudio-de-ley-estatutaria-de-plebiscito\/#primaryimage\",\"url\":\"https:\/\/pagina10.com\/web\/wp-content\/uploads\/2015\/11\/91ff4432a5e1e6aa70d41ec9256abd62.jpg\",\"contentUrl\":\"https:\/\/pagina10.com\/web\/wp-content\/uploads\/2015\/11\/91ff4432a5e1e6aa70d41ec9256abd62.jpg\",\"width\":600,\"height\":450},{\"@type\":\"BreadcrumbList\",\"@id\":\"https:\/\/pagina10.com\/web\/comisiones-primeras-iniciaran-estudio-de-ley-estatutaria-de-plebiscito\/#breadcrumb\",\"itemListElement\":[{\"@type\":\"ListItem\",\"position\":1,\"name\":\"Portada\",\"item\":\"https:\/\/pagina10.com\/web\/\"},{\"@type\":\"ListItem\",\"position\":2,\"name\":\"Comisiones primeras iniciar\u00e1n estudio de ley estatutaria de plebiscito\"}]},{\"@type\":\"WebSite\",\"@id\":\"https:\/\/pagina10.com\/web\/#website\",\"url\":\"https:\/\/pagina10.com\/web\/\",\"name\":\"P\u00e1gina10\",\"description\":\"Peri\u00f3dico Regional\",\"publisher\":{\"@id\":\"https:\/\/pagina10.com\/web\/#organization\"},\"alternateName\":\"P\u00e1gina10 Peri\u00f3dico Regional\",\"potentialAction\":[{\"@type\":\"SearchAction\",\"target\":{\"@type\":\"EntryPoint\",\"urlTemplate\":\"https:\/\/pagina10.com\/web\/?s={search_term_string}\"},\"query-input\":{\"@type\":\"PropertyValueSpecification\",\"valueRequired\":true,\"valueName\":\"search_term_string\"}}],\"inLanguage\":\"es\"},{\"@type\":\"Organization\",\"@id\":\"https:\/\/pagina10.com\/web\/#organization\",\"name\":\"P\u00e1gina10\",\"alternateName\":\"P\u00e1gina10 Peri\u00f3dico Regional\",\"url\":\"https:\/\/pagina10.com\/web\/\",\"logo\":{\"@type\":\"ImageObject\",\"inLanguage\":\"es\",\"@id\":\"https:\/\/pagina10.com\/web\/#\/schema\/logo\/image\/\",\"url\":\"https:\/\/pagina10.com\/web\/wp-content\/uploads\/2024\/01\/40-pagina-10-periodico-regional-pasto.jpg\",\"contentUrl\":\"https:\/\/pagina10.com\/web\/wp-content\/uploads\/2024\/01\/40-pagina-10-periodico-regional-pasto.jpg\",\"width\":1280,\"height\":720,\"caption\":\"P\u00e1gina10\"},\"image\":{\"@id\":\"https:\/\/pagina10.com\/web\/#\/schema\/logo\/image\/\"},\"sameAs\":[\"https:\/\/www.facebook.com\/pag10com\",\"https:\/\/x.com\/Pag10com\",\"https:\/\/www.instagram.com\/pagina10col\/\",\"https:\/\/youtube.com\/channel\/pag10\",\"https:\/\/www.tiktok.com\/@p10col\"]},{\"@type\":\"Person\",\"@id\":\"https:\/\/pagina10.com\/web\/#\/schema\/person\/b459e2d15ec5ba9d5a2c9a81c71c4f7b\",\"name\":\"Carlos Villota Santacruz.\",\"description\":\"Internacionalista-Comunicador Social y Periodista. Experto en Comunicaci\u00f3n para el desarrollo y ciudad-regi\u00f3n.. Promotor de proyectos e investigaci\u00f3n comunicativa en radio, prensa y televisi\u00f3n. Experiencia en el manejo de imagen externa, interna y protocolaria de entidades p\u00fablicas y privadas, encuentros culturales, empresariales y ambientales. Docente en el \u00e1rea de televisi\u00f3n, relaciones internacionales y bloques econ\u00f3micos. Experto y conferencista en temas de marketing pol\u00edtico, marketing de ciudad, integraci\u00f3n cultural, TLC y desarrollo urban\u00edstico. E-mail: villotasantacruzcarlos@yahoo.com.co\",\"url\":\"https:\/\/pagina10.com\/web\/author\/cvillota\/\"}]}<\/script>\n<!-- \/ Yoast SEO plugin. -->","yoast_head_json":{"title":"Comisiones primeras iniciar\u00e1n estudio de ley estatutaria de plebiscito | P\u00e1gina10","robots":{"index":"index","follow":"follow","max-snippet":"max-snippet:-1","max-image-preview":"max-image-preview:large","max-video-preview":"max-video-preview:-1"},"canonical":"https:\/\/pagina10.com\/web\/comisiones-primeras-iniciaran-estudio-de-ley-estatutaria-de-plebiscito\/","og_locale":"es_ES","og_type":"article","og_title":"Comisiones primeras iniciar\u00e1n estudio de ley estatutaria de plebiscito | P\u00e1gina10","og_description":"Este mi\u00e9rcoles 18 de noviembre las comisiones primeras se senado y c\u00e1mara iniciar\u00e1n el estudio de la ley estatutaria que abre la puerta a un plebiscito, que se eleva como un instrumento para garantizar la refrendaci\u00f3n de los colombianos del proceso de paz entre el Gobierno del presidente Juan Manuel Santos y la guerrilla de [&hellip;]","og_url":"https:\/\/pagina10.com\/web\/comisiones-primeras-iniciaran-estudio-de-ley-estatutaria-de-plebiscito\/","og_site_name":"P\u00e1gina10","article_publisher":"https:\/\/www.facebook.com\/pag10com","article_published_time":"2015-11-16T16:53:46+00:00","og_image":[{"width":600,"height":450,"url":"https:\/\/pagina10.com\/web\/wp-content\/uploads\/2015\/11\/91ff4432a5e1e6aa70d41ec9256abd62.jpg","type":"image\/jpeg"}],"author":"Carlos Villota Santacruz.","twitter_card":"summary_large_image","twitter_creator":"@Pag10com","twitter_site":"@Pag10com","twitter_misc":{"Escrito por":"Carlos Villota Santacruz.","Tiempo de lectura":"5 minutos"},"schema":{"@context":"https:\/\/schema.org","@graph":[{"@type":"Article","@id":"https:\/\/pagina10.com\/web\/comisiones-primeras-iniciaran-estudio-de-ley-estatutaria-de-plebiscito\/#article","isPartOf":{"@id":"https:\/\/pagina10.com\/web\/comisiones-primeras-iniciaran-estudio-de-ley-estatutaria-de-plebiscito\/"},"author":{"name":"Carlos Villota Santacruz.","@id":"https:\/\/pagina10.com\/web\/#\/schema\/person\/b459e2d15ec5ba9d5a2c9a81c71c4f7b"},"headline":"Comisiones primeras iniciar\u00e1n estudio de ley estatutaria de plebiscito","datePublished":"2015-11-16T16:53:46+00:00","mainEntityOfPage":{"@id":"https:\/\/pagina10.com\/web\/comisiones-primeras-iniciaran-estudio-de-ley-estatutaria-de-plebiscito\/"},"wordCount":964,"commentCount":0,"publisher":{"@id":"https:\/\/pagina10.com\/web\/#organization"},"image":{"@id":"https:\/\/pagina10.com\/web\/comisiones-primeras-iniciaran-estudio-de-ley-estatutaria-de-plebiscito\/#primaryimage"},"thumbnailUrl":"https:\/\/pagina10.com\/web\/wp-content\/uploads\/2015\/11\/91ff4432a5e1e6aa70d41ec9256abd62.jpg","inLanguage":"es","potentialAction":[{"@type":"CommentAction","name":"Comment","target":["https:\/\/pagina10.com\/web\/comisiones-primeras-iniciaran-estudio-de-ley-estatutaria-de-plebiscito\/#respond"]}]},{"@type":"WebPage","@id":"https:\/\/pagina10.com\/web\/comisiones-primeras-iniciaran-estudio-de-ley-estatutaria-de-plebiscito\/","url":"https:\/\/pagina10.com\/web\/comisiones-primeras-iniciaran-estudio-de-ley-estatutaria-de-plebiscito\/","name":"Comisiones primeras iniciar\u00e1n estudio de ley estatutaria de plebiscito | P\u00e1gina10","isPartOf":{"@id":"https:\/\/pagina10.com\/web\/#website"},"primaryImageOfPage":{"@id":"https:\/\/pagina10.com\/web\/comisiones-primeras-iniciaran-estudio-de-ley-estatutaria-de-plebiscito\/#primaryimage"},"image":{"@id":"https:\/\/pagina10.com\/web\/comisiones-primeras-iniciaran-estudio-de-ley-estatutaria-de-plebiscito\/#primaryimage"},"thumbnailUrl":"https:\/\/pagina10.com\/web\/wp-content\/uploads\/2015\/11\/91ff4432a5e1e6aa70d41ec9256abd62.jpg","datePublished":"2015-11-16T16:53:46+00:00","breadcrumb":{"@id":"https:\/\/pagina10.com\/web\/comisiones-primeras-iniciaran-estudio-de-ley-estatutaria-de-plebiscito\/#breadcrumb"},"inLanguage":"es","potentialAction":[{"@type":"ReadAction","target":["https:\/\/pagina10.com\/web\/comisiones-primeras-iniciaran-estudio-de-ley-estatutaria-de-plebiscito\/"]}]},{"@type":"ImageObject","inLanguage":"es","@id":"https:\/\/pagina10.com\/web\/comisiones-primeras-iniciaran-estudio-de-ley-estatutaria-de-plebiscito\/#primaryimage","url":"https:\/\/pagina10.com\/web\/wp-content\/uploads\/2015\/11\/91ff4432a5e1e6aa70d41ec9256abd62.jpg","contentUrl":"https:\/\/pagina10.com\/web\/wp-content\/uploads\/2015\/11\/91ff4432a5e1e6aa70d41ec9256abd62.jpg","width":600,"height":450},{"@type":"BreadcrumbList","@id":"https:\/\/pagina10.com\/web\/comisiones-primeras-iniciaran-estudio-de-ley-estatutaria-de-plebiscito\/#breadcrumb","itemListElement":[{"@type":"ListItem","position":1,"name":"Portada","item":"https:\/\/pagina10.com\/web\/"},{"@type":"ListItem","position":2,"name":"Comisiones primeras iniciar\u00e1n estudio de ley estatutaria de plebiscito"}]},{"@type":"WebSite","@id":"https:\/\/pagina10.com\/web\/#website","url":"https:\/\/pagina10.com\/web\/","name":"P\u00e1gina10","description":"Peri\u00f3dico Regional","publisher":{"@id":"https:\/\/pagina10.com\/web\/#organization"},"alternateName":"P\u00e1gina10 Peri\u00f3dico Regional","potentialAction":[{"@type":"SearchAction","target":{"@type":"EntryPoint","urlTemplate":"https:\/\/pagina10.com\/web\/?s={search_term_string}"},"query-input":{"@type":"PropertyValueSpecification","valueRequired":true,"valueName":"search_term_string"}}],"inLanguage":"es"},{"@type":"Organization","@id":"https:\/\/pagina10.com\/web\/#organization","name":"P\u00e1gina10","alternateName":"P\u00e1gina10 Peri\u00f3dico Regional","url":"https:\/\/pagina10.com\/web\/","logo":{"@type":"ImageObject","inLanguage":"es","@id":"https:\/\/pagina10.com\/web\/#\/schema\/logo\/image\/","url":"https:\/\/pagina10.com\/web\/wp-content\/uploads\/2024\/01\/40-pagina-10-periodico-regional-pasto.jpg","contentUrl":"https:\/\/pagina10.com\/web\/wp-content\/uploads\/2024\/01\/40-pagina-10-periodico-regional-pasto.jpg","width":1280,"height":720,"caption":"P\u00e1gina10"},"image":{"@id":"https:\/\/pagina10.com\/web\/#\/schema\/logo\/image\/"},"sameAs":["https:\/\/www.facebook.com\/pag10com","https:\/\/x.com\/Pag10com","https:\/\/www.instagram.com\/pagina10col\/","https:\/\/youtube.com\/channel\/pag10","https:\/\/www.tiktok.com\/@p10col"]},{"@type":"Person","@id":"https:\/\/pagina10.com\/web\/#\/schema\/person\/b459e2d15ec5ba9d5a2c9a81c71c4f7b","name":"Carlos Villota Santacruz.","description":"Internacionalista-Comunicador Social y Periodista. Experto en Comunicaci\u00f3n para el desarrollo y ciudad-regi\u00f3n.. Promotor de proyectos e investigaci\u00f3n comunicativa en radio, prensa y televisi\u00f3n. Experiencia en el manejo de imagen externa, interna y protocolaria de entidades p\u00fablicas y privadas, encuentros culturales, empresariales y ambientales. Docente en el \u00e1rea de televisi\u00f3n, relaciones internacionales y bloques econ\u00f3micos. Experto y conferencista en temas de marketing pol\u00edtico, marketing de ciudad, integraci\u00f3n cultural, TLC y desarrollo urban\u00edstico. E-mail: villotasantacruzcarlos@yahoo.com.co","url":"https:\/\/pagina10.com\/web\/author\/cvillota\/"}]}},"_links":{"self":[{"href":"https:\/\/pagina10.com\/web\/wp-json\/wp\/v2\/posts\/18541","targetHints":{"allow":["GET"]}}],"collection":[{"href":"https:\/\/pagina10.com\/web\/wp-json\/wp\/v2\/posts"}],"about":[{"href":"https:\/\/pagina10.com\/web\/wp-json\/wp\/v2\/types\/post"}],"author":[{"embeddable":true,"href":"https:\/\/pagina10.com\/web\/wp-json\/wp\/v2\/users\/38"}],"replies":[{"embeddable":true,"href":"https:\/\/pagina10.com\/web\/wp-json\/wp\/v2\/comments?post=18541"}],"version-history":[{"count":0,"href":"https:\/\/pagina10.com\/web\/wp-json\/wp\/v2\/posts\/18541\/revisions"}],"wp:featuredmedia":[{"embeddable":true,"href":"https:\/\/pagina10.com\/web\/wp-json\/wp\/v2\/media\/18540"}],"wp:attachment":[{"href":"https:\/\/pagina10.com\/web\/wp-json\/wp\/v2\/media?parent=18541"}],"wp:term":[{"taxonomy":"category","embeddable":true,"href":"https:\/\/pagina10.com\/web\/wp-json\/wp\/v2\/categories?post=18541"},{"taxonomy":"post_tag","embeddable":true,"href":"https:\/\/pagina10.com\/web\/wp-json\/wp\/v2\/tags?post=18541"}],"curies":[{"name":"wp","href":"https:\/\/api.w.org\/{rel}","templated":true}]}}