{"id":18543,"date":"2015-11-17T02:25:49","date_gmt":"2015-11-17T02:25:49","guid":{"rendered":"https:\/\/pagina10.com\/web\/herramientas-digitales-no-remplazan-al-maestro\/"},"modified":"2015-11-17T02:25:49","modified_gmt":"2015-11-17T02:25:49","slug":"herramientas-digitales-no-remplazan-al-maestro","status":"publish","type":"post","link":"https:\/\/pagina10.com\/web\/herramientas-digitales-no-remplazan-al-maestro\/","title":{"rendered":"Herramientas digitales no remplazan al maestro"},"content":{"rendered":"<p><img fetchpriority=\"high\" decoding=\"async\" class=\" size-full wp-image-18542\" src=\"https:\/\/pagina10.com\/web\/wp-content\/uploads\/2015\/11\/45d529608240a6b2533e15991c1957f1.jpg\" alt=\"\" width=\"1600\" height=\"1200\" srcset=\"https:\/\/pagina10.com\/web\/wp-content\/uploads\/2015\/11\/45d529608240a6b2533e15991c1957f1.jpg 1600w, https:\/\/pagina10.com\/web\/wp-content\/uploads\/2015\/11\/45d529608240a6b2533e15991c1957f1-300x225.jpg 300w, https:\/\/pagina10.com\/web\/wp-content\/uploads\/2015\/11\/45d529608240a6b2533e15991c1957f1-1024x768.jpg 1024w, https:\/\/pagina10.com\/web\/wp-content\/uploads\/2015\/11\/45d529608240a6b2533e15991c1957f1-768x576.jpg 768w, https:\/\/pagina10.com\/web\/wp-content\/uploads\/2015\/11\/45d529608240a6b2533e15991c1957f1-1536x1152.jpg 1536w, https:\/\/pagina10.com\/web\/wp-content\/uploads\/2015\/11\/45d529608240a6b2533e15991c1957f1-86x64.jpg 86w\" sizes=\"(max-width: 1600px) 100vw, 1600px\" \/><\/p>\n<div style=\"text-align: justify;\">Aunque los menores desde los ocho y los j\u00f3venes hasta los 18 a\u00f1os usan medios digitales incluso durante siete horas diarias, estos son solo una herramienta de apoyo para el aprendizaje<\/div>\n<div style=\"text-align: justify;\">As\u00ed lo evidenci\u00f3 en una de sus investigaciones Enrique Hinostroza, director del Instituto de Informaci\u00f3n Educativa de la Universidad de La Frontera, en Chile, invitado al foro de reflexi\u00f3n y debate sobre la innovaci\u00f3n acad\u00e9mica, organizado por la Direcci\u00f3n Nacional de Innovaci\u00f3n Acad\u00e9mica de la Universidad Nacional de Colombia.<\/div>\n<div style=\"text-align: justify;\">Su estudio sobre el uso del libro digital como herramienta de aprendizaje en una poblaci\u00f3n espec\u00edfica, consisti\u00f3 en un proceso de digitalizaci\u00f3n que cre\u00f3 una plataforma con poco texto y una carga significativa de actividades, a las cuales los docentes les pueden hacer seguimiento.<\/div>\n<div style=\"text-align: justify;\">Al comparar dos grupos objetivos distintos y probar dos plataformas \u2013tableta y web\u2013 el profesor observ\u00f3 mejores resultados en una clase en la que un docente hab\u00eda utilizado la herramienta como un refuerzo, en comparaci\u00f3n con la que hab\u00eda utilizado la plataforma web como reemplazo de sus clases. &nbsp;<\/div>\n<div style=\"text-align: justify;\">Seg\u00fan los datos del profesor, los menores desde los 8 y los j\u00f3venes hasta los 18 a\u00f1os usan medios digitales siete horas al d\u00eda: 4,49 horas frente a la televisi\u00f3n; 2,31 escuchan m\u00fasica; 1,29 horas con el computador, y 1,13 horas en videojuegos. &nbsp;<\/div>\n<div style=\"text-align: justify;\">En el foro, el experto asegur\u00f3 que \u201clo digital es parte de lo que los j\u00f3venes viven, hacen y quieren, y que aunque desde la ense\u00f1anza se piensa que internet es una gran biblioteca mundial, no es as\u00ed.<\/div>\n<div style=\"text-align: justify;\">\u201cEl imaginario de que los alumnos van a buscar cualquier teor\u00eda en un computador en la biblioteca es falsa\u201d, precis\u00f3. En su opini\u00f3n, los j\u00f3venes quieren chatear con sus compa\u00f1eros en un 90 %, y si hay tareas escolares buscan la respuesta lo m\u00e1s r\u00e1pido posible para seguir chateando.<\/div>\n<div style=\"text-align: justify;\">Desde el punto de vista digital, lo que se quiere es que los alumnos participen de esa amplia red social que, seg\u00fan el profesor, existe tanto en lo virtual como en lo real: \u201ces decir, las personas, y en particular los alumnos, no solo hacen parte de lo virtual cuando est\u00e1n conectados, sino tambi\u00e9n cuando conversan cara a cara, ya que hablan de lo digital\u201d.<\/div>\n<div style=\"text-align: justify;\">Seg\u00fan la Organizaci\u00f3n para la Cooperaci\u00f3n y el Desarrollo Econ\u00f3mico (OCDE), en Colombia se ha visto un incremento sustancial en los alumnos que utilizan el computador, pues en 2009 la cifra era de 48 %, y en 2012 fue de 63 %. As\u00ed mismo, el acceso a internet creci\u00f3 de 1\/3 a m\u00e1s de la mitad de los hogares colombianos.<\/div>\n<div style=\"text-align: justify;\">Al respecto, desde la Direcci\u00f3n Nacional de Innovaci\u00f3n Acad\u00e9mica de la Universidad Nacional de Colombia, ya son 150 recursos educativos desarrollados con \u00e9xito por docentes de la Instituci\u00f3n, como Liliam Palomeque, de Qu\u00edmica, quien ya ha obtenido dos premios por sus herramientas digitales en el Concurso Latinoamericano de Efectos de Aprendizaje.<\/div>\n<div style=\"text-align: justify;\">Por su parte, \u00c9dgar Antonio Reyes, Director Nacional de Innovaci\u00f3n Acad\u00e9mica, explic\u00f3 que aunque la dependencia es relativa, ha empezado a reunir muchas iniciativas en torno hacia c\u00f3mo aplicar otras did\u00e1cticas y tecnolog\u00edas en la educaci\u00f3n, tanto en la Universidad como en la educaci\u00f3n secundaria y media.<\/div>\n<div style=\"text-align: justify;\">Los recursos educativos y los avances desde la Direcci\u00f3n fueron recogidos en un libro digital de una manera interactiva, ya que el libro cuenta con videos, presentaci\u00f3n de los recursos educativos, entrevistas y una interfaz que permite la interacci\u00f3n con el usuario.<\/div>\n<div style=\"text-align: justify;\">\u201cUna parte de los resultados es la discusi\u00f3n en torno al modelo pedag\u00f3gico y c\u00f3mo se aplica en programas como el Peama (Programa Especial de Admisi\u00f3n y Movilidad Acad\u00e9mica), que hoy d\u00eda funciona en Tumaco, Amazonia, San Andr\u00e9s y Orinoquia.<\/div>\n","protected":false},"excerpt":{"rendered":"<p>Aunque los menores desde los ocho y los j\u00f3venes hasta los 18 a\u00f1os usan medios digitales incluso durante siete horas diarias, estos son solo una herramienta de apoyo para el aprendizaje As\u00ed lo evidenci\u00f3 en una de sus investigaciones Enrique Hinostroza, director del Instituto de Informaci\u00f3n Educativa de la Universidad de La Frontera, en Chile, [&hellip;]<\/p>\n","protected":false},"author":29,"featured_media":18542,"comment_status":"open","ping_status":"open","sticky":false,"template":"","format":"standard","meta":{"footnotes":""},"categories":[1],"tags":[],"class_list":["post-18543","post","type-post","status-publish","format-standard","has-post-thumbnail","hentry","category-sin-categoria"],"yoast_head":"<!-- This site is optimized with the Yoast SEO plugin v27.1.1 - https:\/\/yoast.com\/product\/yoast-seo-wordpress\/ -->\n<title>Herramientas digitales no remplazan al maestro | P\u00e1gina10<\/title>\n<meta name=\"robots\" content=\"index, follow, max-snippet:-1, max-image-preview:large, max-video-preview:-1\" \/>\n<link rel=\"canonical\" href=\"https:\/\/pagina10.com\/web\/herramientas-digitales-no-remplazan-al-maestro\/\" \/>\n<meta property=\"og:locale\" content=\"es_ES\" \/>\n<meta property=\"og:type\" content=\"article\" \/>\n<meta property=\"og:title\" content=\"Herramientas digitales no remplazan al maestro | P\u00e1gina10\" \/>\n<meta property=\"og:description\" content=\"Aunque los menores desde los ocho y los j\u00f3venes hasta los 18 a\u00f1os usan medios digitales incluso durante siete horas diarias, estos son solo una herramienta de apoyo para el aprendizaje As\u00ed lo evidenci\u00f3 en una de sus investigaciones Enrique Hinostroza, director del Instituto de Informaci\u00f3n Educativa de la Universidad de La Frontera, en Chile, [&hellip;]\" \/>\n<meta property=\"og:url\" content=\"https:\/\/pagina10.com\/web\/herramientas-digitales-no-remplazan-al-maestro\/\" \/>\n<meta property=\"og:site_name\" content=\"P\u00e1gina10\" \/>\n<meta property=\"article:publisher\" content=\"https:\/\/www.facebook.com\/pag10com\" \/>\n<meta property=\"article:published_time\" content=\"2015-11-17T02:25:49+00:00\" \/>\n<meta property=\"og:image\" content=\"https:\/\/pagina10.com\/web\/wp-content\/uploads\/2015\/11\/45d529608240a6b2533e15991c1957f1.jpg\" \/>\n\t<meta property=\"og:image:width\" content=\"1600\" \/>\n\t<meta property=\"og:image:height\" content=\"1200\" \/>\n\t<meta property=\"og:image:type\" content=\"image\/jpeg\" \/>\n<meta name=\"author\" content=\"P\u00e1gina 10\" \/>\n<meta name=\"twitter:card\" content=\"summary_large_image\" \/>\n<meta name=\"twitter:creator\" content=\"@Pag10com\" \/>\n<meta name=\"twitter:site\" content=\"@Pag10com\" \/>\n<meta name=\"twitter:label1\" content=\"Escrito por\" \/>\n\t<meta name=\"twitter:data1\" content=\"P\u00e1gina 10\" \/>\n\t<meta name=\"twitter:label2\" content=\"Tiempo de lectura\" \/>\n\t<meta name=\"twitter:data2\" content=\"3 minutos\" \/>\n<script type=\"application\/ld+json\" class=\"yoast-schema-graph\">{\"@context\":\"https:\/\/schema.org\",\"@graph\":[{\"@type\":\"Article\",\"@id\":\"https:\/\/pagina10.com\/web\/herramientas-digitales-no-remplazan-al-maestro\/#article\",\"isPartOf\":{\"@id\":\"https:\/\/pagina10.com\/web\/herramientas-digitales-no-remplazan-al-maestro\/\"},\"author\":{\"name\":\"P\u00e1gina 10\",\"@id\":\"https:\/\/pagina10.com\/web\/#\/schema\/person\/a7a5d38f0629dfc107f619fbae4f6cc3\"},\"headline\":\"Herramientas digitales no remplazan al maestro\",\"datePublished\":\"2015-11-17T02:25:49+00:00\",\"mainEntityOfPage\":{\"@id\":\"https:\/\/pagina10.com\/web\/herramientas-digitales-no-remplazan-al-maestro\/\"},\"wordCount\":657,\"commentCount\":0,\"publisher\":{\"@id\":\"https:\/\/pagina10.com\/web\/#organization\"},\"image\":{\"@id\":\"https:\/\/pagina10.com\/web\/herramientas-digitales-no-remplazan-al-maestro\/#primaryimage\"},\"thumbnailUrl\":\"https:\/\/pagina10.com\/web\/wp-content\/uploads\/2015\/11\/45d529608240a6b2533e15991c1957f1.jpg\",\"inLanguage\":\"es\",\"potentialAction\":[{\"@type\":\"CommentAction\",\"name\":\"Comment\",\"target\":[\"https:\/\/pagina10.com\/web\/herramientas-digitales-no-remplazan-al-maestro\/#respond\"]}]},{\"@type\":\"WebPage\",\"@id\":\"https:\/\/pagina10.com\/web\/herramientas-digitales-no-remplazan-al-maestro\/\",\"url\":\"https:\/\/pagina10.com\/web\/herramientas-digitales-no-remplazan-al-maestro\/\",\"name\":\"Herramientas digitales no remplazan al maestro | P\u00e1gina10\",\"isPartOf\":{\"@id\":\"https:\/\/pagina10.com\/web\/#website\"},\"primaryImageOfPage\":{\"@id\":\"https:\/\/pagina10.com\/web\/herramientas-digitales-no-remplazan-al-maestro\/#primaryimage\"},\"image\":{\"@id\":\"https:\/\/pagina10.com\/web\/herramientas-digitales-no-remplazan-al-maestro\/#primaryimage\"},\"thumbnailUrl\":\"https:\/\/pagina10.com\/web\/wp-content\/uploads\/2015\/11\/45d529608240a6b2533e15991c1957f1.jpg\",\"datePublished\":\"2015-11-17T02:25:49+00:00\",\"breadcrumb\":{\"@id\":\"https:\/\/pagina10.com\/web\/herramientas-digitales-no-remplazan-al-maestro\/#breadcrumb\"},\"inLanguage\":\"es\",\"potentialAction\":[{\"@type\":\"ReadAction\",\"target\":[\"https:\/\/pagina10.com\/web\/herramientas-digitales-no-remplazan-al-maestro\/\"]}]},{\"@type\":\"ImageObject\",\"inLanguage\":\"es\",\"@id\":\"https:\/\/pagina10.com\/web\/herramientas-digitales-no-remplazan-al-maestro\/#primaryimage\",\"url\":\"https:\/\/pagina10.com\/web\/wp-content\/uploads\/2015\/11\/45d529608240a6b2533e15991c1957f1.jpg\",\"contentUrl\":\"https:\/\/pagina10.com\/web\/wp-content\/uploads\/2015\/11\/45d529608240a6b2533e15991c1957f1.jpg\",\"width\":1600,\"height\":1200},{\"@type\":\"BreadcrumbList\",\"@id\":\"https:\/\/pagina10.com\/web\/herramientas-digitales-no-remplazan-al-maestro\/#breadcrumb\",\"itemListElement\":[{\"@type\":\"ListItem\",\"position\":1,\"name\":\"Portada\",\"item\":\"https:\/\/pagina10.com\/web\/\"},{\"@type\":\"ListItem\",\"position\":2,\"name\":\"Herramientas digitales no remplazan al maestro\"}]},{\"@type\":\"WebSite\",\"@id\":\"https:\/\/pagina10.com\/web\/#website\",\"url\":\"https:\/\/pagina10.com\/web\/\",\"name\":\"P\u00e1gina10\",\"description\":\"Peri\u00f3dico Regional\",\"publisher\":{\"@id\":\"https:\/\/pagina10.com\/web\/#organization\"},\"alternateName\":\"P\u00e1gina10 Peri\u00f3dico Regional\",\"potentialAction\":[{\"@type\":\"SearchAction\",\"target\":{\"@type\":\"EntryPoint\",\"urlTemplate\":\"https:\/\/pagina10.com\/web\/?s={search_term_string}\"},\"query-input\":{\"@type\":\"PropertyValueSpecification\",\"valueRequired\":true,\"valueName\":\"search_term_string\"}}],\"inLanguage\":\"es\"},{\"@type\":\"Organization\",\"@id\":\"https:\/\/pagina10.com\/web\/#organization\",\"name\":\"P\u00e1gina10\",\"alternateName\":\"P\u00e1gina10 Peri\u00f3dico Regional\",\"url\":\"https:\/\/pagina10.com\/web\/\",\"logo\":{\"@type\":\"ImageObject\",\"inLanguage\":\"es\",\"@id\":\"https:\/\/pagina10.com\/web\/#\/schema\/logo\/image\/\",\"url\":\"https:\/\/pagina10.com\/web\/wp-content\/uploads\/2024\/01\/40-pagina-10-periodico-regional-pasto.jpg\",\"contentUrl\":\"https:\/\/pagina10.com\/web\/wp-content\/uploads\/2024\/01\/40-pagina-10-periodico-regional-pasto.jpg\",\"width\":1280,\"height\":720,\"caption\":\"P\u00e1gina10\"},\"image\":{\"@id\":\"https:\/\/pagina10.com\/web\/#\/schema\/logo\/image\/\"},\"sameAs\":[\"https:\/\/www.facebook.com\/pag10com\",\"https:\/\/x.com\/Pag10com\",\"https:\/\/www.instagram.com\/pagina10col\/\",\"https:\/\/youtube.com\/channel\/pag10\",\"https:\/\/www.tiktok.com\/@p10col\"]},{\"@type\":\"Person\",\"@id\":\"https:\/\/pagina10.com\/web\/#\/schema\/person\/a7a5d38f0629dfc107f619fbae4f6cc3\",\"name\":\"P\u00e1gina 10\",\"description\":\"P\u00e1gina10.com es un peri\u00f3dico digital que nace en Colombia, en el departamento de Nari\u00f1o, con un enfoque global, fundamentado en cuatro pilares esenciales: la libertad, el pluralismo, la inclusi\u00f3n y la independencia. P\u00e1gina10.com hace referencia a Nari\u00f1o como el d\u00e9cimo departamento creado en Colombia, despu\u00e9s de un proceso pol\u00edtico liderado por actores y actrices regionales con el fin de obtener la independencia y autonom\u00eda de nuestros territorios. Con la creaci\u00f3n de P\u00e1gina10.com se pretende abrir un escenario para el dialogo, la reflexi\u00f3n y el debate que se extienda a otras geograf\u00edas de Am\u00e9rica Latina y del planeta, en una apuesta por transformar colectivamente los desaf\u00edos de un mundo contempor\u00e1neo, m\u00e1s all\u00e1 de las fronteras impuestas.\",\"url\":\"https:\/\/pagina10.com\/web\/author\/mcepeda\/\"}]}<\/script>\n<!-- \/ Yoast SEO plugin. -->","yoast_head_json":{"title":"Herramientas digitales no remplazan al maestro | P\u00e1gina10","robots":{"index":"index","follow":"follow","max-snippet":"max-snippet:-1","max-image-preview":"max-image-preview:large","max-video-preview":"max-video-preview:-1"},"canonical":"https:\/\/pagina10.com\/web\/herramientas-digitales-no-remplazan-al-maestro\/","og_locale":"es_ES","og_type":"article","og_title":"Herramientas digitales no remplazan al maestro | P\u00e1gina10","og_description":"Aunque los menores desde los ocho y los j\u00f3venes hasta los 18 a\u00f1os usan medios digitales incluso durante siete horas diarias, estos son solo una herramienta de apoyo para el aprendizaje As\u00ed lo evidenci\u00f3 en una de sus investigaciones Enrique Hinostroza, director del Instituto de Informaci\u00f3n Educativa de la Universidad de La Frontera, en Chile, [&hellip;]","og_url":"https:\/\/pagina10.com\/web\/herramientas-digitales-no-remplazan-al-maestro\/","og_site_name":"P\u00e1gina10","article_publisher":"https:\/\/www.facebook.com\/pag10com","article_published_time":"2015-11-17T02:25:49+00:00","og_image":[{"width":1600,"height":1200,"url":"https:\/\/pagina10.com\/web\/wp-content\/uploads\/2015\/11\/45d529608240a6b2533e15991c1957f1.jpg","type":"image\/jpeg"}],"author":"P\u00e1gina 10","twitter_card":"summary_large_image","twitter_creator":"@Pag10com","twitter_site":"@Pag10com","twitter_misc":{"Escrito por":"P\u00e1gina 10","Tiempo de lectura":"3 minutos"},"schema":{"@context":"https:\/\/schema.org","@graph":[{"@type":"Article","@id":"https:\/\/pagina10.com\/web\/herramientas-digitales-no-remplazan-al-maestro\/#article","isPartOf":{"@id":"https:\/\/pagina10.com\/web\/herramientas-digitales-no-remplazan-al-maestro\/"},"author":{"name":"P\u00e1gina 10","@id":"https:\/\/pagina10.com\/web\/#\/schema\/person\/a7a5d38f0629dfc107f619fbae4f6cc3"},"headline":"Herramientas digitales no remplazan al maestro","datePublished":"2015-11-17T02:25:49+00:00","mainEntityOfPage":{"@id":"https:\/\/pagina10.com\/web\/herramientas-digitales-no-remplazan-al-maestro\/"},"wordCount":657,"commentCount":0,"publisher":{"@id":"https:\/\/pagina10.com\/web\/#organization"},"image":{"@id":"https:\/\/pagina10.com\/web\/herramientas-digitales-no-remplazan-al-maestro\/#primaryimage"},"thumbnailUrl":"https:\/\/pagina10.com\/web\/wp-content\/uploads\/2015\/11\/45d529608240a6b2533e15991c1957f1.jpg","inLanguage":"es","potentialAction":[{"@type":"CommentAction","name":"Comment","target":["https:\/\/pagina10.com\/web\/herramientas-digitales-no-remplazan-al-maestro\/#respond"]}]},{"@type":"WebPage","@id":"https:\/\/pagina10.com\/web\/herramientas-digitales-no-remplazan-al-maestro\/","url":"https:\/\/pagina10.com\/web\/herramientas-digitales-no-remplazan-al-maestro\/","name":"Herramientas digitales no remplazan al maestro | P\u00e1gina10","isPartOf":{"@id":"https:\/\/pagina10.com\/web\/#website"},"primaryImageOfPage":{"@id":"https:\/\/pagina10.com\/web\/herramientas-digitales-no-remplazan-al-maestro\/#primaryimage"},"image":{"@id":"https:\/\/pagina10.com\/web\/herramientas-digitales-no-remplazan-al-maestro\/#primaryimage"},"thumbnailUrl":"https:\/\/pagina10.com\/web\/wp-content\/uploads\/2015\/11\/45d529608240a6b2533e15991c1957f1.jpg","datePublished":"2015-11-17T02:25:49+00:00","breadcrumb":{"@id":"https:\/\/pagina10.com\/web\/herramientas-digitales-no-remplazan-al-maestro\/#breadcrumb"},"inLanguage":"es","potentialAction":[{"@type":"ReadAction","target":["https:\/\/pagina10.com\/web\/herramientas-digitales-no-remplazan-al-maestro\/"]}]},{"@type":"ImageObject","inLanguage":"es","@id":"https:\/\/pagina10.com\/web\/herramientas-digitales-no-remplazan-al-maestro\/#primaryimage","url":"https:\/\/pagina10.com\/web\/wp-content\/uploads\/2015\/11\/45d529608240a6b2533e15991c1957f1.jpg","contentUrl":"https:\/\/pagina10.com\/web\/wp-content\/uploads\/2015\/11\/45d529608240a6b2533e15991c1957f1.jpg","width":1600,"height":1200},{"@type":"BreadcrumbList","@id":"https:\/\/pagina10.com\/web\/herramientas-digitales-no-remplazan-al-maestro\/#breadcrumb","itemListElement":[{"@type":"ListItem","position":1,"name":"Portada","item":"https:\/\/pagina10.com\/web\/"},{"@type":"ListItem","position":2,"name":"Herramientas digitales no remplazan al maestro"}]},{"@type":"WebSite","@id":"https:\/\/pagina10.com\/web\/#website","url":"https:\/\/pagina10.com\/web\/","name":"P\u00e1gina10","description":"Peri\u00f3dico Regional","publisher":{"@id":"https:\/\/pagina10.com\/web\/#organization"},"alternateName":"P\u00e1gina10 Peri\u00f3dico Regional","potentialAction":[{"@type":"SearchAction","target":{"@type":"EntryPoint","urlTemplate":"https:\/\/pagina10.com\/web\/?s={search_term_string}"},"query-input":{"@type":"PropertyValueSpecification","valueRequired":true,"valueName":"search_term_string"}}],"inLanguage":"es"},{"@type":"Organization","@id":"https:\/\/pagina10.com\/web\/#organization","name":"P\u00e1gina10","alternateName":"P\u00e1gina10 Peri\u00f3dico Regional","url":"https:\/\/pagina10.com\/web\/","logo":{"@type":"ImageObject","inLanguage":"es","@id":"https:\/\/pagina10.com\/web\/#\/schema\/logo\/image\/","url":"https:\/\/pagina10.com\/web\/wp-content\/uploads\/2024\/01\/40-pagina-10-periodico-regional-pasto.jpg","contentUrl":"https:\/\/pagina10.com\/web\/wp-content\/uploads\/2024\/01\/40-pagina-10-periodico-regional-pasto.jpg","width":1280,"height":720,"caption":"P\u00e1gina10"},"image":{"@id":"https:\/\/pagina10.com\/web\/#\/schema\/logo\/image\/"},"sameAs":["https:\/\/www.facebook.com\/pag10com","https:\/\/x.com\/Pag10com","https:\/\/www.instagram.com\/pagina10col\/","https:\/\/youtube.com\/channel\/pag10","https:\/\/www.tiktok.com\/@p10col"]},{"@type":"Person","@id":"https:\/\/pagina10.com\/web\/#\/schema\/person\/a7a5d38f0629dfc107f619fbae4f6cc3","name":"P\u00e1gina 10","description":"P\u00e1gina10.com es un peri\u00f3dico digital que nace en Colombia, en el departamento de Nari\u00f1o, con un enfoque global, fundamentado en cuatro pilares esenciales: la libertad, el pluralismo, la inclusi\u00f3n y la independencia. P\u00e1gina10.com hace referencia a Nari\u00f1o como el d\u00e9cimo departamento creado en Colombia, despu\u00e9s de un proceso pol\u00edtico liderado por actores y actrices regionales con el fin de obtener la independencia y autonom\u00eda de nuestros territorios. Con la creaci\u00f3n de P\u00e1gina10.com se pretende abrir un escenario para el dialogo, la reflexi\u00f3n y el debate que se extienda a otras geograf\u00edas de Am\u00e9rica Latina y del planeta, en una apuesta por transformar colectivamente los desaf\u00edos de un mundo contempor\u00e1neo, m\u00e1s all\u00e1 de las fronteras impuestas.","url":"https:\/\/pagina10.com\/web\/author\/mcepeda\/"}]}},"_links":{"self":[{"href":"https:\/\/pagina10.com\/web\/wp-json\/wp\/v2\/posts\/18543","targetHints":{"allow":["GET"]}}],"collection":[{"href":"https:\/\/pagina10.com\/web\/wp-json\/wp\/v2\/posts"}],"about":[{"href":"https:\/\/pagina10.com\/web\/wp-json\/wp\/v2\/types\/post"}],"author":[{"embeddable":true,"href":"https:\/\/pagina10.com\/web\/wp-json\/wp\/v2\/users\/29"}],"replies":[{"embeddable":true,"href":"https:\/\/pagina10.com\/web\/wp-json\/wp\/v2\/comments?post=18543"}],"version-history":[{"count":0,"href":"https:\/\/pagina10.com\/web\/wp-json\/wp\/v2\/posts\/18543\/revisions"}],"wp:featuredmedia":[{"embeddable":true,"href":"https:\/\/pagina10.com\/web\/wp-json\/wp\/v2\/media\/18542"}],"wp:attachment":[{"href":"https:\/\/pagina10.com\/web\/wp-json\/wp\/v2\/media?parent=18543"}],"wp:term":[{"taxonomy":"category","embeddable":true,"href":"https:\/\/pagina10.com\/web\/wp-json\/wp\/v2\/categories?post=18543"},{"taxonomy":"post_tag","embeddable":true,"href":"https:\/\/pagina10.com\/web\/wp-json\/wp\/v2\/tags?post=18543"}],"curies":[{"name":"wp","href":"https:\/\/api.w.org\/{rel}","templated":true}]}}