{"id":18545,"date":"2015-11-17T02:36:54","date_gmt":"2015-11-17T02:36:54","guid":{"rendered":"https:\/\/pagina10.com\/web\/el-3-de-diciembre-colombianos-ingresaran-a-europa-sin-visa\/"},"modified":"2015-11-17T02:36:54","modified_gmt":"2015-11-17T02:36:54","slug":"el-3-de-diciembre-colombianos-ingresaran-a-europa-sin-visa","status":"publish","type":"post","link":"https:\/\/pagina10.com\/web\/el-3-de-diciembre-colombianos-ingresaran-a-europa-sin-visa\/","title":{"rendered":"El 3 de diciembre, colombianos ingresar\u00e1n a Europa sin visa"},"content":{"rendered":"<p><img fetchpriority=\"high\" decoding=\"async\" class=\" size-full wp-image-18544\" src=\"https:\/\/pagina10.com\/web\/wp-content\/uploads\/2015\/11\/ddfce2fcee98825b4b281eb526f389e8.jpg\" alt=\"\" width=\"500\" height=\"331\" srcset=\"https:\/\/pagina10.com\/web\/wp-content\/uploads\/2015\/11\/ddfce2fcee98825b4b281eb526f389e8.jpg 500w, https:\/\/pagina10.com\/web\/wp-content\/uploads\/2015\/11\/ddfce2fcee98825b4b281eb526f389e8-300x199.jpg 300w\" sizes=\"(max-width: 500px) 100vw, 500px\" \/><\/p>\n<div style=\"text-align: justify;\">Los ciudadanos colombianos podr\u00e1n entrar a 26 pa\u00edses de la Uni\u00f3n&nbsp; Europea sin visa desde el pr\u00f3ximo 3 de diciembre, anunci\u00f3 este martes el Presidente de la Rep\u00fablica, Juan Manuel Santos Calder\u00f3n.<\/div>\n<div style=\"text-align: justify;\">El Jefe de Estado, que recibi\u00f3 en la Casa de Nari\u00f1o al Presidente del Consejo de Ministros de Italia, Matteo Renzi, precis\u00f3 que en diciembre firmar\u00e1 el acuerdo para la eliminaci\u00f3n del&nbsp; visado que se exige a los colombianos para entrar a 26 pa\u00edses europeos.<\/div>\n<div style=\"text-align: justify;\">El Presidente Santos agradeci\u00f3 el respaldo de Italia para que \u201cla Uni\u00f3n Europea nos elimine antip\u00e1ticas visas a los colombianos\u201d y anunci\u00f3 que viajar\u00e1 a Bruselas para suscribir el acuerdo con la UE, luego de asistir en Par\u00eds a la cumbre mundial sobre medio ambiente.<\/div>\n<div style=\"text-align: justify;\">\u201cEn el d\u00eda de ayer se tom\u00f3 la \u00faltima, decisi\u00f3n y falta la firma. Voy a ir despu\u00e9s de la COP21 a firmar el documento, que es el paso \u00faltimo, y a partir de ese momento los colombianos podr\u00e1n ingresar a 26 pa\u00edses de Europa sin visas. Eso para nosotros es de gran importancia\u201d, expres\u00f3.<\/div>\n<div style=\"text-align: justify;\">\u201cEl pr\u00f3ximo 3 de diciembre eso ser\u00e1 una realidad\u201d, recalc\u00f3.<\/div>\n<div style=\"text-align: justify;\">\u201c\u00a1Gracias a Italia por su apoyo a este paso!\u201d, manifest\u00f3 el Presidente Santos, quien tambi\u00e9n elogi\u00f3 la tarea cumplida para lograr ese paso por el Presidente del Gobierno espa\u00f1ol, Mariano Rajoy.<\/div>\n<div style=\"text-align: justify;\">El lunes pasado, el Consejo de Ministros de la Uni\u00f3n Europea autoriz\u00f3 la firma del acuerdo con el Gobierno de Colombia sobre exenci\u00f3n reciproca de visados.<\/div>\n<div style=\"text-align: justify;\">La Embajadora de la Uni\u00f3n Europea en Colombia, Ana Paula Zacar\u00edas, declar\u00f3 que las autoridades, tanto colombianas como europeas, esperan que se firme antes de Navidad ese acuerdo, que entrar\u00e1 en vigor al d\u00eda siguiente de la firma.<\/div>\n<div style=\"text-align: justify;\">\u201cEstamos en di\u00e1logo continuo con el gobierno colombiano y nuestra sede en Bruselas para fijar la fecha en que se firmar\u00e1 el Acuerdo que hoy ha dado otro paso importante. Es una buena noticia. Sabemos que con abolir la obligaci\u00f3n de visado estimularemos la movilidad hacia la UE, las visitas familiares, interpersonales y de negocio, algo que ira a favor de la consolidaci\u00f3n del desarrollo socioecon\u00f3mico y el entendimiento mutuo entre la UE y Colombia\u201d, sostuvo la diplom\u00e1tica.<\/div>\n<div style=\"text-align: justify;\">Explic\u00f3 que el tiempo previo a la firma definitiva del acuerdo permitir\u00e1 a que las aerol\u00edneas, aduanas y las autoridades en los diferentes puntos de entrada adopten las medidas necesarias para agilizar el ingreso de colombianos que viajen al espacio de los 26 pa\u00edses Schengen por periodos de corta duraci\u00f3n de hasta 90 d\u00edas.<\/div>\n<div style=\"text-align: justify;\">La UE indic\u00f3 que para poder viajar sin visa a partir de la fecha de entrada en vigor del acuerdo, los ciudadanos que viajan al espacio Schengen, ya sean colombianos o nacionales de otro pa\u00eds al que no se le exige visa, deben tener un pasaporte que tenga vigencia como m\u00ednimo tres meses despu\u00e9s de la fecha prevista de regreso, un tiquete de ida y vuelta, una reserva de hotel o invitaci\u00f3n de amigo o familiar, y demostrar recursos econ\u00f3micos para su sostenimiento durante la estad\u00eda.<\/div>\n<div style=\"text-align: justify;\">Los 26 estados del espacio Schengen son 22 pa\u00edses de la Uni\u00f3n Europea: Alemania, Austria, B\u00e9lgica, Dinamarca, Eslovaquia, Eslovenia, Espa\u00f1a, Estonia, Finlandia, Francia, Suecia, Rep\u00fablica Checa, Hungr\u00eda, Italia, Letonia, Lituania, Luxemburgo, Malta, Pa\u00edses Bajos, Polonia, Portugal, Grecia y cuatro m\u00e1s no miembros de la UE: Suiza, Noruega, Islandia y Liechtenstein.<\/div>\n<div style=\"text-align: justify;\">La exenci\u00f3n de visado tambi\u00e9n aplicar\u00e1 para viajes de corta duraci\u00f3n a cuatro pa\u00edses miembros de la Uni\u00f3n Europea fuera del espacio Schengen: Bulgaria, Croacia, Chipre y Rumania.<\/div>\n<div style=\"text-align: justify;\">Cronolog\u00eda de la eliminaci\u00f3n de visados de la UE a colombianos<\/div>\n<div style=\"text-align: justify;\">Agosto de 2013: Espa\u00f1a solicit\u00f3 a la Comisi\u00f3n Europea (\u00f3rgano de gobierno de la UE) la consideraci\u00f3n de suprimir los visados para los ciudadanos colombianos y peruanos.<\/div>\n<div style=\"text-align: justify;\">Octubre de 2013: La Comisi\u00f3n de Libertades Civiles, Justicia y Asuntos de Interior del Parlamento Europeo (LIBE), aprob\u00f3 la decisi\u00f3n de pasar a Colombia del Anexo I al Anexo 2 en el Reglamento (CE) 539\/2001.<\/div>\n<div style=\"text-align: justify;\">Diciembre de 2013: El Consejo de Representantes Permanentes de la Uni\u00f3n Europea (COREPER) decidi\u00f3 incluir a Colombia y Per\u00fa en la modificaci\u00f3n de la Regulaci\u00f3n del Consejo Europeo 539\/2001. Esta decisi\u00f3n fue ratificada por este consejo en febrero de 2014.<\/div>\n<div style=\"text-align: justify;\">Febrero del 2014: El Consejo, la Comisi\u00f3n y el Parlamento europeos respaldaron la iniciativa de exenci\u00f3n de visado a nacionales colombianos. Acto seguido, el Parlamento Europeo aprob\u00f3 la decisi\u00f3n de pasar a Colombia del Anexo 1 al Anexo 2 en el Reglamento (CE) 539\/2001.<\/div>\n<div style=\"text-align: justify;\">Mayo del 2014: El Consejo de la Uni\u00f3n Europea&nbsp; y el Parlamento aprobaron el Reglamento No. 509\/2014, por el cual se modifica el reglamento No. 539\/2001 del Consejo. En esta modificaci\u00f3n, contempl\u00f3 la exenci\u00f3n de visado para nacionales colombianos. Se informa que esta decisi\u00f3n deber\u00eda entrar en vigor cuando se concluyera un acuerdo bilateral con el fin de garantizar la plena reciprocidad y se verificaran las exigencias t\u00e9cnicas del lado de Colombia y Per\u00fa para hacerlo efectivo.<\/div>\n<div style=\"text-align: justify;\">Noviembre del 2014: El Director General de Asuntos de Interior de la Comisi\u00f3n Europea present\u00f3 ante la Comisi\u00f3n Europea el informe de cumplimiento de Colombia y Per\u00fa de los criterios de revisi\u00f3n con miras a la negociaci\u00f3n de un acuerdo de supresi\u00f3n de visados.<\/div>\n<div style=\"text-align: justify;\">Marzo del 2015: La Comisi\u00f3n Europea evalu\u00f3 la exigencia a Per\u00fa y a Colombia el uso de pasaportes biom\u00e9tricos de lectura electr\u00f3nica para el ingreso de sus nacionales sin el requisito de visado para estancias de corta duraci\u00f3n, lo anterior considerando que en la Reglamentaci\u00f3n vigente no se contempla el porte de este tipo de pasaportes.<\/div>\n<div style=\"text-align: justify;\">19 de mayo del 2015: El Consejo de Ministros adopt\u00f3 el mandato para la apertura de las negociaciones de los Acuerdos Bilaterales de exenci\u00f3n de visado. De esa forma finaliza el tr\u00e1mite en el Consejo de la Uni\u00f3n Europea de la autorizaci\u00f3n para negociar el Acuerdo. En el marco de&nbsp; la negociaci\u00f3n del acuerdo bilateral se contempl\u00f3 acompa\u00f1ar el acuerdo dos declaraciones relacionadas con la expedici\u00f3n de pasaportes biom\u00e9tricos en Colombia a partir del a\u00f1o 2016 y un compromiso de readmisi\u00f3n de nacionales que no cumplen con las condiciones migratorias de entrada al espacio Schengen.<\/div>\n<div style=\"text-align: justify;\">20 y 21 de mayo del 2015: Inicio y finalizaci\u00f3n de negociaci\u00f3n de acuerdo bilateral de exenci\u00f3n de visado bilateral entre Colombia y la Comisi\u00f3n Europea<\/div>\n<div dir=\"ltr\" style=\"text-align: justify;\">10 de junio del 2015: La Ministra de Relaciones Exteriores de Colombia, Mar\u00eda \u00c1ngela Holgu\u00edn Cu\u00e9llar y el Comisario de Asuntos de Migraci\u00f3n, Asuntos de Interior y Ciudadan\u00eda de la Uni\u00f3n Europea, Dimitris Avram\u00f3poulos, rubricaron el acuerdo para la exenci\u00f3n de visados de corta duraci\u00f3n, en el marco de la Cumbre de la Comunidad de Estados Latinoamericanos y Caribe\u00f1os (CELAC)\u2013Uni\u00f3n Europea (UE).<\/div>\n","protected":false},"excerpt":{"rendered":"<p>Los ciudadanos colombianos podr\u00e1n entrar a 26 pa\u00edses de la Uni\u00f3n&nbsp; Europea sin visa desde el pr\u00f3ximo 3 de diciembre, anunci\u00f3 este martes el Presidente de la Rep\u00fablica, Juan Manuel Santos Calder\u00f3n. El Jefe de Estado, que recibi\u00f3 en la Casa de Nari\u00f1o al Presidente del Consejo de Ministros de Italia, Matteo Renzi, precis\u00f3 que [&hellip;]<\/p>\n","protected":false},"author":38,"featured_media":18544,"comment_status":"open","ping_status":"open","sticky":false,"template":"","format":"standard","meta":{"footnotes":""},"categories":[1],"tags":[],"class_list":["post-18545","post","type-post","status-publish","format-standard","has-post-thumbnail","hentry","category-sin-categoria"],"yoast_head":"<!-- This site is optimized with the Yoast SEO plugin v27.1.1 - https:\/\/yoast.com\/product\/yoast-seo-wordpress\/ -->\n<title>El 3 de diciembre, colombianos ingresar\u00e1n a Europa sin visa | P\u00e1gina10<\/title>\n<meta name=\"robots\" content=\"index, follow, max-snippet:-1, max-image-preview:large, max-video-preview:-1\" \/>\n<link rel=\"canonical\" href=\"https:\/\/pagina10.com\/web\/el-3-de-diciembre-colombianos-ingresaran-a-europa-sin-visa\/\" \/>\n<meta property=\"og:locale\" content=\"es_ES\" \/>\n<meta property=\"og:type\" content=\"article\" \/>\n<meta property=\"og:title\" content=\"El 3 de diciembre, colombianos ingresar\u00e1n a Europa sin visa | P\u00e1gina10\" \/>\n<meta property=\"og:description\" content=\"Los ciudadanos colombianos podr\u00e1n entrar a 26 pa\u00edses de la Uni\u00f3n&nbsp; Europea sin visa desde el pr\u00f3ximo 3 de diciembre, anunci\u00f3 este martes el Presidente de la Rep\u00fablica, Juan Manuel Santos Calder\u00f3n. El Jefe de Estado, que recibi\u00f3 en la Casa de Nari\u00f1o al Presidente del Consejo de Ministros de Italia, Matteo Renzi, precis\u00f3 que [&hellip;]\" \/>\n<meta property=\"og:url\" content=\"https:\/\/pagina10.com\/web\/el-3-de-diciembre-colombianos-ingresaran-a-europa-sin-visa\/\" \/>\n<meta property=\"og:site_name\" content=\"P\u00e1gina10\" \/>\n<meta property=\"article:publisher\" content=\"https:\/\/www.facebook.com\/pag10com\" \/>\n<meta property=\"article:published_time\" content=\"2015-11-17T02:36:54+00:00\" \/>\n<meta property=\"og:image\" content=\"https:\/\/pagina10.com\/web\/wp-content\/uploads\/2015\/11\/ddfce2fcee98825b4b281eb526f389e8.jpg\" \/>\n\t<meta property=\"og:image:width\" content=\"500\" \/>\n\t<meta property=\"og:image:height\" content=\"331\" \/>\n\t<meta property=\"og:image:type\" content=\"image\/jpeg\" \/>\n<meta name=\"author\" content=\"Carlos Villota Santacruz.\" \/>\n<meta name=\"twitter:card\" content=\"summary_large_image\" \/>\n<meta name=\"twitter:creator\" content=\"@Pag10com\" \/>\n<meta name=\"twitter:site\" content=\"@Pag10com\" \/>\n<meta name=\"twitter:label1\" content=\"Escrito por\" \/>\n\t<meta name=\"twitter:data1\" content=\"Carlos Villota Santacruz.\" \/>\n\t<meta name=\"twitter:label2\" content=\"Tiempo de lectura\" \/>\n\t<meta name=\"twitter:data2\" content=\"6 minutos\" \/>\n<script type=\"application\/ld+json\" class=\"yoast-schema-graph\">{\"@context\":\"https:\/\/schema.org\",\"@graph\":[{\"@type\":\"Article\",\"@id\":\"https:\/\/pagina10.com\/web\/el-3-de-diciembre-colombianos-ingresaran-a-europa-sin-visa\/#article\",\"isPartOf\":{\"@id\":\"https:\/\/pagina10.com\/web\/el-3-de-diciembre-colombianos-ingresaran-a-europa-sin-visa\/\"},\"author\":{\"name\":\"Carlos Villota Santacruz.\",\"@id\":\"https:\/\/pagina10.com\/web\/#\/schema\/person\/b459e2d15ec5ba9d5a2c9a81c71c4f7b\"},\"headline\":\"El 3 de diciembre, colombianos ingresar\u00e1n a Europa sin visa\",\"datePublished\":\"2015-11-17T02:36:54+00:00\",\"mainEntityOfPage\":{\"@id\":\"https:\/\/pagina10.com\/web\/el-3-de-diciembre-colombianos-ingresaran-a-europa-sin-visa\/\"},\"wordCount\":1185,\"commentCount\":0,\"publisher\":{\"@id\":\"https:\/\/pagina10.com\/web\/#organization\"},\"image\":{\"@id\":\"https:\/\/pagina10.com\/web\/el-3-de-diciembre-colombianos-ingresaran-a-europa-sin-visa\/#primaryimage\"},\"thumbnailUrl\":\"https:\/\/pagina10.com\/web\/wp-content\/uploads\/2015\/11\/ddfce2fcee98825b4b281eb526f389e8.jpg\",\"inLanguage\":\"es\",\"potentialAction\":[{\"@type\":\"CommentAction\",\"name\":\"Comment\",\"target\":[\"https:\/\/pagina10.com\/web\/el-3-de-diciembre-colombianos-ingresaran-a-europa-sin-visa\/#respond\"]}]},{\"@type\":\"WebPage\",\"@id\":\"https:\/\/pagina10.com\/web\/el-3-de-diciembre-colombianos-ingresaran-a-europa-sin-visa\/\",\"url\":\"https:\/\/pagina10.com\/web\/el-3-de-diciembre-colombianos-ingresaran-a-europa-sin-visa\/\",\"name\":\"El 3 de diciembre, colombianos ingresar\u00e1n a Europa sin visa | P\u00e1gina10\",\"isPartOf\":{\"@id\":\"https:\/\/pagina10.com\/web\/#website\"},\"primaryImageOfPage\":{\"@id\":\"https:\/\/pagina10.com\/web\/el-3-de-diciembre-colombianos-ingresaran-a-europa-sin-visa\/#primaryimage\"},\"image\":{\"@id\":\"https:\/\/pagina10.com\/web\/el-3-de-diciembre-colombianos-ingresaran-a-europa-sin-visa\/#primaryimage\"},\"thumbnailUrl\":\"https:\/\/pagina10.com\/web\/wp-content\/uploads\/2015\/11\/ddfce2fcee98825b4b281eb526f389e8.jpg\",\"datePublished\":\"2015-11-17T02:36:54+00:00\",\"breadcrumb\":{\"@id\":\"https:\/\/pagina10.com\/web\/el-3-de-diciembre-colombianos-ingresaran-a-europa-sin-visa\/#breadcrumb\"},\"inLanguage\":\"es\",\"potentialAction\":[{\"@type\":\"ReadAction\",\"target\":[\"https:\/\/pagina10.com\/web\/el-3-de-diciembre-colombianos-ingresaran-a-europa-sin-visa\/\"]}]},{\"@type\":\"ImageObject\",\"inLanguage\":\"es\",\"@id\":\"https:\/\/pagina10.com\/web\/el-3-de-diciembre-colombianos-ingresaran-a-europa-sin-visa\/#primaryimage\",\"url\":\"https:\/\/pagina10.com\/web\/wp-content\/uploads\/2015\/11\/ddfce2fcee98825b4b281eb526f389e8.jpg\",\"contentUrl\":\"https:\/\/pagina10.com\/web\/wp-content\/uploads\/2015\/11\/ddfce2fcee98825b4b281eb526f389e8.jpg\",\"width\":500,\"height\":331},{\"@type\":\"BreadcrumbList\",\"@id\":\"https:\/\/pagina10.com\/web\/el-3-de-diciembre-colombianos-ingresaran-a-europa-sin-visa\/#breadcrumb\",\"itemListElement\":[{\"@type\":\"ListItem\",\"position\":1,\"name\":\"Portada\",\"item\":\"https:\/\/pagina10.com\/web\/\"},{\"@type\":\"ListItem\",\"position\":2,\"name\":\"El 3 de diciembre, colombianos ingresar\u00e1n a Europa sin visa\"}]},{\"@type\":\"WebSite\",\"@id\":\"https:\/\/pagina10.com\/web\/#website\",\"url\":\"https:\/\/pagina10.com\/web\/\",\"name\":\"P\u00e1gina10\",\"description\":\"Peri\u00f3dico Regional\",\"publisher\":{\"@id\":\"https:\/\/pagina10.com\/web\/#organization\"},\"alternateName\":\"P\u00e1gina10 Peri\u00f3dico Regional\",\"potentialAction\":[{\"@type\":\"SearchAction\",\"target\":{\"@type\":\"EntryPoint\",\"urlTemplate\":\"https:\/\/pagina10.com\/web\/?s={search_term_string}\"},\"query-input\":{\"@type\":\"PropertyValueSpecification\",\"valueRequired\":true,\"valueName\":\"search_term_string\"}}],\"inLanguage\":\"es\"},{\"@type\":\"Organization\",\"@id\":\"https:\/\/pagina10.com\/web\/#organization\",\"name\":\"P\u00e1gina10\",\"alternateName\":\"P\u00e1gina10 Peri\u00f3dico Regional\",\"url\":\"https:\/\/pagina10.com\/web\/\",\"logo\":{\"@type\":\"ImageObject\",\"inLanguage\":\"es\",\"@id\":\"https:\/\/pagina10.com\/web\/#\/schema\/logo\/image\/\",\"url\":\"https:\/\/pagina10.com\/web\/wp-content\/uploads\/2024\/01\/40-pagina-10-periodico-regional-pasto.jpg\",\"contentUrl\":\"https:\/\/pagina10.com\/web\/wp-content\/uploads\/2024\/01\/40-pagina-10-periodico-regional-pasto.jpg\",\"width\":1280,\"height\":720,\"caption\":\"P\u00e1gina10\"},\"image\":{\"@id\":\"https:\/\/pagina10.com\/web\/#\/schema\/logo\/image\/\"},\"sameAs\":[\"https:\/\/www.facebook.com\/pag10com\",\"https:\/\/x.com\/Pag10com\",\"https:\/\/www.instagram.com\/pagina10col\/\",\"https:\/\/youtube.com\/channel\/pag10\",\"https:\/\/www.tiktok.com\/@p10col\"]},{\"@type\":\"Person\",\"@id\":\"https:\/\/pagina10.com\/web\/#\/schema\/person\/b459e2d15ec5ba9d5a2c9a81c71c4f7b\",\"name\":\"Carlos Villota Santacruz.\",\"description\":\"Internacionalista-Comunicador Social y Periodista. Experto en Comunicaci\u00f3n para el desarrollo y ciudad-regi\u00f3n.. Promotor de proyectos e investigaci\u00f3n comunicativa en radio, prensa y televisi\u00f3n. Experiencia en el manejo de imagen externa, interna y protocolaria de entidades p\u00fablicas y privadas, encuentros culturales, empresariales y ambientales. Docente en el \u00e1rea de televisi\u00f3n, relaciones internacionales y bloques econ\u00f3micos. Experto y conferencista en temas de marketing pol\u00edtico, marketing de ciudad, integraci\u00f3n cultural, TLC y desarrollo urban\u00edstico. E-mail: villotasantacruzcarlos@yahoo.com.co\",\"url\":\"https:\/\/pagina10.com\/web\/author\/cvillota\/\"}]}<\/script>\n<!-- \/ Yoast SEO plugin. -->","yoast_head_json":{"title":"El 3 de diciembre, colombianos ingresar\u00e1n a Europa sin visa | P\u00e1gina10","robots":{"index":"index","follow":"follow","max-snippet":"max-snippet:-1","max-image-preview":"max-image-preview:large","max-video-preview":"max-video-preview:-1"},"canonical":"https:\/\/pagina10.com\/web\/el-3-de-diciembre-colombianos-ingresaran-a-europa-sin-visa\/","og_locale":"es_ES","og_type":"article","og_title":"El 3 de diciembre, colombianos ingresar\u00e1n a Europa sin visa | P\u00e1gina10","og_description":"Los ciudadanos colombianos podr\u00e1n entrar a 26 pa\u00edses de la Uni\u00f3n&nbsp; Europea sin visa desde el pr\u00f3ximo 3 de diciembre, anunci\u00f3 este martes el Presidente de la Rep\u00fablica, Juan Manuel Santos Calder\u00f3n. El Jefe de Estado, que recibi\u00f3 en la Casa de Nari\u00f1o al Presidente del Consejo de Ministros de Italia, Matteo Renzi, precis\u00f3 que [&hellip;]","og_url":"https:\/\/pagina10.com\/web\/el-3-de-diciembre-colombianos-ingresaran-a-europa-sin-visa\/","og_site_name":"P\u00e1gina10","article_publisher":"https:\/\/www.facebook.com\/pag10com","article_published_time":"2015-11-17T02:36:54+00:00","og_image":[{"width":500,"height":331,"url":"https:\/\/pagina10.com\/web\/wp-content\/uploads\/2015\/11\/ddfce2fcee98825b4b281eb526f389e8.jpg","type":"image\/jpeg"}],"author":"Carlos Villota Santacruz.","twitter_card":"summary_large_image","twitter_creator":"@Pag10com","twitter_site":"@Pag10com","twitter_misc":{"Escrito por":"Carlos Villota Santacruz.","Tiempo de lectura":"6 minutos"},"schema":{"@context":"https:\/\/schema.org","@graph":[{"@type":"Article","@id":"https:\/\/pagina10.com\/web\/el-3-de-diciembre-colombianos-ingresaran-a-europa-sin-visa\/#article","isPartOf":{"@id":"https:\/\/pagina10.com\/web\/el-3-de-diciembre-colombianos-ingresaran-a-europa-sin-visa\/"},"author":{"name":"Carlos Villota Santacruz.","@id":"https:\/\/pagina10.com\/web\/#\/schema\/person\/b459e2d15ec5ba9d5a2c9a81c71c4f7b"},"headline":"El 3 de diciembre, colombianos ingresar\u00e1n a Europa sin visa","datePublished":"2015-11-17T02:36:54+00:00","mainEntityOfPage":{"@id":"https:\/\/pagina10.com\/web\/el-3-de-diciembre-colombianos-ingresaran-a-europa-sin-visa\/"},"wordCount":1185,"commentCount":0,"publisher":{"@id":"https:\/\/pagina10.com\/web\/#organization"},"image":{"@id":"https:\/\/pagina10.com\/web\/el-3-de-diciembre-colombianos-ingresaran-a-europa-sin-visa\/#primaryimage"},"thumbnailUrl":"https:\/\/pagina10.com\/web\/wp-content\/uploads\/2015\/11\/ddfce2fcee98825b4b281eb526f389e8.jpg","inLanguage":"es","potentialAction":[{"@type":"CommentAction","name":"Comment","target":["https:\/\/pagina10.com\/web\/el-3-de-diciembre-colombianos-ingresaran-a-europa-sin-visa\/#respond"]}]},{"@type":"WebPage","@id":"https:\/\/pagina10.com\/web\/el-3-de-diciembre-colombianos-ingresaran-a-europa-sin-visa\/","url":"https:\/\/pagina10.com\/web\/el-3-de-diciembre-colombianos-ingresaran-a-europa-sin-visa\/","name":"El 3 de diciembre, colombianos ingresar\u00e1n a Europa sin visa | P\u00e1gina10","isPartOf":{"@id":"https:\/\/pagina10.com\/web\/#website"},"primaryImageOfPage":{"@id":"https:\/\/pagina10.com\/web\/el-3-de-diciembre-colombianos-ingresaran-a-europa-sin-visa\/#primaryimage"},"image":{"@id":"https:\/\/pagina10.com\/web\/el-3-de-diciembre-colombianos-ingresaran-a-europa-sin-visa\/#primaryimage"},"thumbnailUrl":"https:\/\/pagina10.com\/web\/wp-content\/uploads\/2015\/11\/ddfce2fcee98825b4b281eb526f389e8.jpg","datePublished":"2015-11-17T02:36:54+00:00","breadcrumb":{"@id":"https:\/\/pagina10.com\/web\/el-3-de-diciembre-colombianos-ingresaran-a-europa-sin-visa\/#breadcrumb"},"inLanguage":"es","potentialAction":[{"@type":"ReadAction","target":["https:\/\/pagina10.com\/web\/el-3-de-diciembre-colombianos-ingresaran-a-europa-sin-visa\/"]}]},{"@type":"ImageObject","inLanguage":"es","@id":"https:\/\/pagina10.com\/web\/el-3-de-diciembre-colombianos-ingresaran-a-europa-sin-visa\/#primaryimage","url":"https:\/\/pagina10.com\/web\/wp-content\/uploads\/2015\/11\/ddfce2fcee98825b4b281eb526f389e8.jpg","contentUrl":"https:\/\/pagina10.com\/web\/wp-content\/uploads\/2015\/11\/ddfce2fcee98825b4b281eb526f389e8.jpg","width":500,"height":331},{"@type":"BreadcrumbList","@id":"https:\/\/pagina10.com\/web\/el-3-de-diciembre-colombianos-ingresaran-a-europa-sin-visa\/#breadcrumb","itemListElement":[{"@type":"ListItem","position":1,"name":"Portada","item":"https:\/\/pagina10.com\/web\/"},{"@type":"ListItem","position":2,"name":"El 3 de diciembre, colombianos ingresar\u00e1n a Europa sin visa"}]},{"@type":"WebSite","@id":"https:\/\/pagina10.com\/web\/#website","url":"https:\/\/pagina10.com\/web\/","name":"P\u00e1gina10","description":"Peri\u00f3dico Regional","publisher":{"@id":"https:\/\/pagina10.com\/web\/#organization"},"alternateName":"P\u00e1gina10 Peri\u00f3dico Regional","potentialAction":[{"@type":"SearchAction","target":{"@type":"EntryPoint","urlTemplate":"https:\/\/pagina10.com\/web\/?s={search_term_string}"},"query-input":{"@type":"PropertyValueSpecification","valueRequired":true,"valueName":"search_term_string"}}],"inLanguage":"es"},{"@type":"Organization","@id":"https:\/\/pagina10.com\/web\/#organization","name":"P\u00e1gina10","alternateName":"P\u00e1gina10 Peri\u00f3dico Regional","url":"https:\/\/pagina10.com\/web\/","logo":{"@type":"ImageObject","inLanguage":"es","@id":"https:\/\/pagina10.com\/web\/#\/schema\/logo\/image\/","url":"https:\/\/pagina10.com\/web\/wp-content\/uploads\/2024\/01\/40-pagina-10-periodico-regional-pasto.jpg","contentUrl":"https:\/\/pagina10.com\/web\/wp-content\/uploads\/2024\/01\/40-pagina-10-periodico-regional-pasto.jpg","width":1280,"height":720,"caption":"P\u00e1gina10"},"image":{"@id":"https:\/\/pagina10.com\/web\/#\/schema\/logo\/image\/"},"sameAs":["https:\/\/www.facebook.com\/pag10com","https:\/\/x.com\/Pag10com","https:\/\/www.instagram.com\/pagina10col\/","https:\/\/youtube.com\/channel\/pag10","https:\/\/www.tiktok.com\/@p10col"]},{"@type":"Person","@id":"https:\/\/pagina10.com\/web\/#\/schema\/person\/b459e2d15ec5ba9d5a2c9a81c71c4f7b","name":"Carlos Villota Santacruz.","description":"Internacionalista-Comunicador Social y Periodista. Experto en Comunicaci\u00f3n para el desarrollo y ciudad-regi\u00f3n.. Promotor de proyectos e investigaci\u00f3n comunicativa en radio, prensa y televisi\u00f3n. Experiencia en el manejo de imagen externa, interna y protocolaria de entidades p\u00fablicas y privadas, encuentros culturales, empresariales y ambientales. Docente en el \u00e1rea de televisi\u00f3n, relaciones internacionales y bloques econ\u00f3micos. Experto y conferencista en temas de marketing pol\u00edtico, marketing de ciudad, integraci\u00f3n cultural, TLC y desarrollo urban\u00edstico. E-mail: villotasantacruzcarlos@yahoo.com.co","url":"https:\/\/pagina10.com\/web\/author\/cvillota\/"}]}},"_links":{"self":[{"href":"https:\/\/pagina10.com\/web\/wp-json\/wp\/v2\/posts\/18545","targetHints":{"allow":["GET"]}}],"collection":[{"href":"https:\/\/pagina10.com\/web\/wp-json\/wp\/v2\/posts"}],"about":[{"href":"https:\/\/pagina10.com\/web\/wp-json\/wp\/v2\/types\/post"}],"author":[{"embeddable":true,"href":"https:\/\/pagina10.com\/web\/wp-json\/wp\/v2\/users\/38"}],"replies":[{"embeddable":true,"href":"https:\/\/pagina10.com\/web\/wp-json\/wp\/v2\/comments?post=18545"}],"version-history":[{"count":0,"href":"https:\/\/pagina10.com\/web\/wp-json\/wp\/v2\/posts\/18545\/revisions"}],"wp:featuredmedia":[{"embeddable":true,"href":"https:\/\/pagina10.com\/web\/wp-json\/wp\/v2\/media\/18544"}],"wp:attachment":[{"href":"https:\/\/pagina10.com\/web\/wp-json\/wp\/v2\/media?parent=18545"}],"wp:term":[{"taxonomy":"category","embeddable":true,"href":"https:\/\/pagina10.com\/web\/wp-json\/wp\/v2\/categories?post=18545"},{"taxonomy":"post_tag","embeddable":true,"href":"https:\/\/pagina10.com\/web\/wp-json\/wp\/v2\/tags?post=18545"}],"curies":[{"name":"wp","href":"https:\/\/api.w.org\/{rel}","templated":true}]}}