{"id":18549,"date":"2015-11-17T15:58:35","date_gmt":"2015-11-17T15:58:35","guid":{"rendered":"https:\/\/pagina10.com\/web\/este-domingo-22-se-elige-consejo-ciudadano-de-mujeres-periodo-2016-2019\/"},"modified":"2015-11-17T15:58:35","modified_gmt":"2015-11-17T15:58:35","slug":"este-domingo-22-se-elige-consejo-ciudadano-de-mujeres-periodo-2016-2019","status":"publish","type":"post","link":"https:\/\/pagina10.com\/web\/este-domingo-22-se-elige-consejo-ciudadano-de-mujeres-periodo-2016-2019\/","title":{"rendered":"Este domingo 22 se elige Consejo Ciudadano de Mujeres periodo 2016 &#8211; 2019"},"content":{"rendered":"<p><img fetchpriority=\"high\" decoding=\"async\" class=\" size-full wp-image-18548\" src=\"https:\/\/pagina10.com\/web\/wp-content\/uploads\/2015\/11\/cfd25b463f09c7ba626eb6e85c0bfb74.jpg\" alt=\"\" width=\"960\" height=\"355\" srcset=\"https:\/\/pagina10.com\/web\/wp-content\/uploads\/2015\/11\/cfd25b463f09c7ba626eb6e85c0bfb74.jpg 960w, https:\/\/pagina10.com\/web\/wp-content\/uploads\/2015\/11\/cfd25b463f09c7ba626eb6e85c0bfb74-300x111.jpg 300w, https:\/\/pagina10.com\/web\/wp-content\/uploads\/2015\/11\/cfd25b463f09c7ba626eb6e85c0bfb74-768x284.jpg 768w\" sizes=\"(max-width: 960px) 100vw, 960px\" \/><\/p>\n<p style=\"text-align: justify;\">La Alcald\u00eda de Pasto a trav\u00e9s de la Oficina de G\u00e9nero contin\u00faa el proceso para lo que ser\u00e1 la elecci\u00f3n del Consejo Ciudadano de Mujeres periodo 2016 &#8211; 2019. La Jefe de la dependencia Silvia Stella Meneses Camino, indic\u00f3 que en este momento se capacita un total de 35 inscritas que van a hacer parte del Consejo y que podr\u00e1n ser elegidas el 22 de noviembre en la Plaza de Nari\u00f1o.<\/p>\n<p style=\"text-align: justify;\">&#8220;Invito a las mujeres para que acudan con su c\u00e9dula de ciudadan\u00eda el domingo 22 de noviembre entre las 8:00 de la ma\u00f1ana y las 4:00 de la tarde para hacer uso del derecho a elegir y ser elegidas&#8221;.<\/p>\n<p style=\"text-align: justify;\">La funcionaria explic\u00f3 que el Consejo Ciudadano de Mujeres de Pasto es una instancia de participaci\u00f3n pol\u00edtica, creada a trav\u00e9s del Decreto N\u00ba 067 del 9 de febrero de 2006, como mecanismo consultivo en materia de dise\u00f1o, ejecuci\u00f3n y control social de las pol\u00edticas p\u00fablicas municipales.<\/p>\n","protected":false},"excerpt":{"rendered":"<p>La Alcald\u00eda de Pasto a trav\u00e9s de la Oficina de G\u00e9nero contin\u00faa el proceso para lo que ser\u00e1 la elecci\u00f3n del Consejo Ciudadano de Mujeres periodo 2016 &#8211; 2019. La Jefe de la dependencia Silvia Stella Meneses Camino, indic\u00f3 que en este momento se capacita un total de 35 inscritas que van a hacer parte [&hellip;]<\/p>\n","protected":false},"author":29,"featured_media":18548,"comment_status":"open","ping_status":"open","sticky":false,"template":"","format":"standard","meta":{"footnotes":""},"categories":[1],"tags":[],"class_list":["post-18549","post","type-post","status-publish","format-standard","has-post-thumbnail","hentry","category-sin-categoria"],"yoast_head":"<!-- This site is optimized with the Yoast SEO plugin v27.1.1 - https:\/\/yoast.com\/product\/yoast-seo-wordpress\/ -->\n<title>Este domingo 22 se elige Consejo Ciudadano de Mujeres periodo 2016 - 2019 | P\u00e1gina10<\/title>\n<meta name=\"robots\" content=\"index, follow, max-snippet:-1, max-image-preview:large, max-video-preview:-1\" \/>\n<link rel=\"canonical\" href=\"https:\/\/pagina10.com\/web\/este-domingo-22-se-elige-consejo-ciudadano-de-mujeres-periodo-2016-2019\/\" \/>\n<meta property=\"og:locale\" content=\"es_ES\" \/>\n<meta property=\"og:type\" content=\"article\" \/>\n<meta property=\"og:title\" content=\"Este domingo 22 se elige Consejo Ciudadano de Mujeres periodo 2016 - 2019 | P\u00e1gina10\" \/>\n<meta property=\"og:description\" content=\"La Alcald\u00eda de Pasto a trav\u00e9s de la Oficina de G\u00e9nero contin\u00faa el proceso para lo que ser\u00e1 la elecci\u00f3n del Consejo Ciudadano de Mujeres periodo 2016 &#8211; 2019. La Jefe de la dependencia Silvia Stella Meneses Camino, indic\u00f3 que en este momento se capacita un total de 35 inscritas que van a hacer parte [&hellip;]\" \/>\n<meta property=\"og:url\" content=\"https:\/\/pagina10.com\/web\/este-domingo-22-se-elige-consejo-ciudadano-de-mujeres-periodo-2016-2019\/\" \/>\n<meta property=\"og:site_name\" content=\"P\u00e1gina10\" \/>\n<meta property=\"article:publisher\" content=\"https:\/\/www.facebook.com\/pag10com\" \/>\n<meta property=\"article:published_time\" content=\"2015-11-17T15:58:35+00:00\" \/>\n<meta property=\"og:image\" content=\"https:\/\/pagina10.com\/web\/wp-content\/uploads\/2015\/11\/cfd25b463f09c7ba626eb6e85c0bfb74.jpg\" \/>\n\t<meta property=\"og:image:width\" content=\"960\" \/>\n\t<meta property=\"og:image:height\" content=\"355\" \/>\n\t<meta property=\"og:image:type\" content=\"image\/jpeg\" \/>\n<meta name=\"author\" content=\"P\u00e1gina 10\" \/>\n<meta name=\"twitter:card\" content=\"summary_large_image\" \/>\n<meta name=\"twitter:creator\" content=\"@Pag10com\" \/>\n<meta name=\"twitter:site\" content=\"@Pag10com\" \/>\n<meta name=\"twitter:label1\" content=\"Escrito por\" \/>\n\t<meta name=\"twitter:data1\" content=\"P\u00e1gina 10\" \/>\n\t<meta name=\"twitter:label2\" content=\"Tiempo de lectura\" \/>\n\t<meta name=\"twitter:data2\" content=\"1 minuto\" \/>\n<script type=\"application\/ld+json\" class=\"yoast-schema-graph\">{\"@context\":\"https:\/\/schema.org\",\"@graph\":[{\"@type\":\"Article\",\"@id\":\"https:\/\/pagina10.com\/web\/este-domingo-22-se-elige-consejo-ciudadano-de-mujeres-periodo-2016-2019\/#article\",\"isPartOf\":{\"@id\":\"https:\/\/pagina10.com\/web\/este-domingo-22-se-elige-consejo-ciudadano-de-mujeres-periodo-2016-2019\/\"},\"author\":{\"name\":\"P\u00e1gina 10\",\"@id\":\"https:\/\/pagina10.com\/web\/#\/schema\/person\/a7a5d38f0629dfc107f619fbae4f6cc3\"},\"headline\":\"Este domingo 22 se elige Consejo Ciudadano de Mujeres periodo 2016 &#8211; 2019\",\"datePublished\":\"2015-11-17T15:58:35+00:00\",\"mainEntityOfPage\":{\"@id\":\"https:\/\/pagina10.com\/web\/este-domingo-22-se-elige-consejo-ciudadano-de-mujeres-periodo-2016-2019\/\"},\"wordCount\":173,\"commentCount\":0,\"publisher\":{\"@id\":\"https:\/\/pagina10.com\/web\/#organization\"},\"image\":{\"@id\":\"https:\/\/pagina10.com\/web\/este-domingo-22-se-elige-consejo-ciudadano-de-mujeres-periodo-2016-2019\/#primaryimage\"},\"thumbnailUrl\":\"https:\/\/pagina10.com\/web\/wp-content\/uploads\/2015\/11\/cfd25b463f09c7ba626eb6e85c0bfb74.jpg\",\"inLanguage\":\"es\",\"potentialAction\":[{\"@type\":\"CommentAction\",\"name\":\"Comment\",\"target\":[\"https:\/\/pagina10.com\/web\/este-domingo-22-se-elige-consejo-ciudadano-de-mujeres-periodo-2016-2019\/#respond\"]}]},{\"@type\":\"WebPage\",\"@id\":\"https:\/\/pagina10.com\/web\/este-domingo-22-se-elige-consejo-ciudadano-de-mujeres-periodo-2016-2019\/\",\"url\":\"https:\/\/pagina10.com\/web\/este-domingo-22-se-elige-consejo-ciudadano-de-mujeres-periodo-2016-2019\/\",\"name\":\"Este domingo 22 se elige Consejo Ciudadano de Mujeres periodo 2016 - 2019 | P\u00e1gina10\",\"isPartOf\":{\"@id\":\"https:\/\/pagina10.com\/web\/#website\"},\"primaryImageOfPage\":{\"@id\":\"https:\/\/pagina10.com\/web\/este-domingo-22-se-elige-consejo-ciudadano-de-mujeres-periodo-2016-2019\/#primaryimage\"},\"image\":{\"@id\":\"https:\/\/pagina10.com\/web\/este-domingo-22-se-elige-consejo-ciudadano-de-mujeres-periodo-2016-2019\/#primaryimage\"},\"thumbnailUrl\":\"https:\/\/pagina10.com\/web\/wp-content\/uploads\/2015\/11\/cfd25b463f09c7ba626eb6e85c0bfb74.jpg\",\"datePublished\":\"2015-11-17T15:58:35+00:00\",\"breadcrumb\":{\"@id\":\"https:\/\/pagina10.com\/web\/este-domingo-22-se-elige-consejo-ciudadano-de-mujeres-periodo-2016-2019\/#breadcrumb\"},\"inLanguage\":\"es\",\"potentialAction\":[{\"@type\":\"ReadAction\",\"target\":[\"https:\/\/pagina10.com\/web\/este-domingo-22-se-elige-consejo-ciudadano-de-mujeres-periodo-2016-2019\/\"]}]},{\"@type\":\"ImageObject\",\"inLanguage\":\"es\",\"@id\":\"https:\/\/pagina10.com\/web\/este-domingo-22-se-elige-consejo-ciudadano-de-mujeres-periodo-2016-2019\/#primaryimage\",\"url\":\"https:\/\/pagina10.com\/web\/wp-content\/uploads\/2015\/11\/cfd25b463f09c7ba626eb6e85c0bfb74.jpg\",\"contentUrl\":\"https:\/\/pagina10.com\/web\/wp-content\/uploads\/2015\/11\/cfd25b463f09c7ba626eb6e85c0bfb74.jpg\",\"width\":960,\"height\":355},{\"@type\":\"BreadcrumbList\",\"@id\":\"https:\/\/pagina10.com\/web\/este-domingo-22-se-elige-consejo-ciudadano-de-mujeres-periodo-2016-2019\/#breadcrumb\",\"itemListElement\":[{\"@type\":\"ListItem\",\"position\":1,\"name\":\"Portada\",\"item\":\"https:\/\/pagina10.com\/web\/\"},{\"@type\":\"ListItem\",\"position\":2,\"name\":\"Este domingo 22 se elige Consejo Ciudadano de Mujeres periodo 2016 &#8211; 2019\"}]},{\"@type\":\"WebSite\",\"@id\":\"https:\/\/pagina10.com\/web\/#website\",\"url\":\"https:\/\/pagina10.com\/web\/\",\"name\":\"P\u00e1gina10\",\"description\":\"Peri\u00f3dico Regional\",\"publisher\":{\"@id\":\"https:\/\/pagina10.com\/web\/#organization\"},\"alternateName\":\"P\u00e1gina10 Peri\u00f3dico Regional\",\"potentialAction\":[{\"@type\":\"SearchAction\",\"target\":{\"@type\":\"EntryPoint\",\"urlTemplate\":\"https:\/\/pagina10.com\/web\/?s={search_term_string}\"},\"query-input\":{\"@type\":\"PropertyValueSpecification\",\"valueRequired\":true,\"valueName\":\"search_term_string\"}}],\"inLanguage\":\"es\"},{\"@type\":\"Organization\",\"@id\":\"https:\/\/pagina10.com\/web\/#organization\",\"name\":\"P\u00e1gina10\",\"alternateName\":\"P\u00e1gina10 Peri\u00f3dico Regional\",\"url\":\"https:\/\/pagina10.com\/web\/\",\"logo\":{\"@type\":\"ImageObject\",\"inLanguage\":\"es\",\"@id\":\"https:\/\/pagina10.com\/web\/#\/schema\/logo\/image\/\",\"url\":\"https:\/\/pagina10.com\/web\/wp-content\/uploads\/2024\/01\/40-pagina-10-periodico-regional-pasto.jpg\",\"contentUrl\":\"https:\/\/pagina10.com\/web\/wp-content\/uploads\/2024\/01\/40-pagina-10-periodico-regional-pasto.jpg\",\"width\":1280,\"height\":720,\"caption\":\"P\u00e1gina10\"},\"image\":{\"@id\":\"https:\/\/pagina10.com\/web\/#\/schema\/logo\/image\/\"},\"sameAs\":[\"https:\/\/www.facebook.com\/pag10com\",\"https:\/\/x.com\/Pag10com\",\"https:\/\/www.instagram.com\/pagina10col\/\",\"https:\/\/youtube.com\/channel\/pag10\",\"https:\/\/www.tiktok.com\/@p10col\"]},{\"@type\":\"Person\",\"@id\":\"https:\/\/pagina10.com\/web\/#\/schema\/person\/a7a5d38f0629dfc107f619fbae4f6cc3\",\"name\":\"P\u00e1gina 10\",\"description\":\"P\u00e1gina10.com es un peri\u00f3dico digital que nace en Colombia, en el departamento de Nari\u00f1o, con un enfoque global, fundamentado en cuatro pilares esenciales: la libertad, el pluralismo, la inclusi\u00f3n y la independencia. P\u00e1gina10.com hace referencia a Nari\u00f1o como el d\u00e9cimo departamento creado en Colombia, despu\u00e9s de un proceso pol\u00edtico liderado por actores y actrices regionales con el fin de obtener la independencia y autonom\u00eda de nuestros territorios. Con la creaci\u00f3n de P\u00e1gina10.com se pretende abrir un escenario para el dialogo, la reflexi\u00f3n y el debate que se extienda a otras geograf\u00edas de Am\u00e9rica Latina y del planeta, en una apuesta por transformar colectivamente los desaf\u00edos de un mundo contempor\u00e1neo, m\u00e1s all\u00e1 de las fronteras impuestas.\",\"url\":\"https:\/\/pagina10.com\/web\/author\/mcepeda\/\"}]}<\/script>\n<!-- \/ Yoast SEO plugin. -->","yoast_head_json":{"title":"Este domingo 22 se elige Consejo Ciudadano de Mujeres periodo 2016 - 2019 | P\u00e1gina10","robots":{"index":"index","follow":"follow","max-snippet":"max-snippet:-1","max-image-preview":"max-image-preview:large","max-video-preview":"max-video-preview:-1"},"canonical":"https:\/\/pagina10.com\/web\/este-domingo-22-se-elige-consejo-ciudadano-de-mujeres-periodo-2016-2019\/","og_locale":"es_ES","og_type":"article","og_title":"Este domingo 22 se elige Consejo Ciudadano de Mujeres periodo 2016 - 2019 | P\u00e1gina10","og_description":"La Alcald\u00eda de Pasto a trav\u00e9s de la Oficina de G\u00e9nero contin\u00faa el proceso para lo que ser\u00e1 la elecci\u00f3n del Consejo Ciudadano de Mujeres periodo 2016 &#8211; 2019. La Jefe de la dependencia Silvia Stella Meneses Camino, indic\u00f3 que en este momento se capacita un total de 35 inscritas que van a hacer parte [&hellip;]","og_url":"https:\/\/pagina10.com\/web\/este-domingo-22-se-elige-consejo-ciudadano-de-mujeres-periodo-2016-2019\/","og_site_name":"P\u00e1gina10","article_publisher":"https:\/\/www.facebook.com\/pag10com","article_published_time":"2015-11-17T15:58:35+00:00","og_image":[{"width":960,"height":355,"url":"https:\/\/pagina10.com\/web\/wp-content\/uploads\/2015\/11\/cfd25b463f09c7ba626eb6e85c0bfb74.jpg","type":"image\/jpeg"}],"author":"P\u00e1gina 10","twitter_card":"summary_large_image","twitter_creator":"@Pag10com","twitter_site":"@Pag10com","twitter_misc":{"Escrito por":"P\u00e1gina 10","Tiempo de lectura":"1 minuto"},"schema":{"@context":"https:\/\/schema.org","@graph":[{"@type":"Article","@id":"https:\/\/pagina10.com\/web\/este-domingo-22-se-elige-consejo-ciudadano-de-mujeres-periodo-2016-2019\/#article","isPartOf":{"@id":"https:\/\/pagina10.com\/web\/este-domingo-22-se-elige-consejo-ciudadano-de-mujeres-periodo-2016-2019\/"},"author":{"name":"P\u00e1gina 10","@id":"https:\/\/pagina10.com\/web\/#\/schema\/person\/a7a5d38f0629dfc107f619fbae4f6cc3"},"headline":"Este domingo 22 se elige Consejo Ciudadano de Mujeres periodo 2016 &#8211; 2019","datePublished":"2015-11-17T15:58:35+00:00","mainEntityOfPage":{"@id":"https:\/\/pagina10.com\/web\/este-domingo-22-se-elige-consejo-ciudadano-de-mujeres-periodo-2016-2019\/"},"wordCount":173,"commentCount":0,"publisher":{"@id":"https:\/\/pagina10.com\/web\/#organization"},"image":{"@id":"https:\/\/pagina10.com\/web\/este-domingo-22-se-elige-consejo-ciudadano-de-mujeres-periodo-2016-2019\/#primaryimage"},"thumbnailUrl":"https:\/\/pagina10.com\/web\/wp-content\/uploads\/2015\/11\/cfd25b463f09c7ba626eb6e85c0bfb74.jpg","inLanguage":"es","potentialAction":[{"@type":"CommentAction","name":"Comment","target":["https:\/\/pagina10.com\/web\/este-domingo-22-se-elige-consejo-ciudadano-de-mujeres-periodo-2016-2019\/#respond"]}]},{"@type":"WebPage","@id":"https:\/\/pagina10.com\/web\/este-domingo-22-se-elige-consejo-ciudadano-de-mujeres-periodo-2016-2019\/","url":"https:\/\/pagina10.com\/web\/este-domingo-22-se-elige-consejo-ciudadano-de-mujeres-periodo-2016-2019\/","name":"Este domingo 22 se elige Consejo Ciudadano de Mujeres periodo 2016 - 2019 | P\u00e1gina10","isPartOf":{"@id":"https:\/\/pagina10.com\/web\/#website"},"primaryImageOfPage":{"@id":"https:\/\/pagina10.com\/web\/este-domingo-22-se-elige-consejo-ciudadano-de-mujeres-periodo-2016-2019\/#primaryimage"},"image":{"@id":"https:\/\/pagina10.com\/web\/este-domingo-22-se-elige-consejo-ciudadano-de-mujeres-periodo-2016-2019\/#primaryimage"},"thumbnailUrl":"https:\/\/pagina10.com\/web\/wp-content\/uploads\/2015\/11\/cfd25b463f09c7ba626eb6e85c0bfb74.jpg","datePublished":"2015-11-17T15:58:35+00:00","breadcrumb":{"@id":"https:\/\/pagina10.com\/web\/este-domingo-22-se-elige-consejo-ciudadano-de-mujeres-periodo-2016-2019\/#breadcrumb"},"inLanguage":"es","potentialAction":[{"@type":"ReadAction","target":["https:\/\/pagina10.com\/web\/este-domingo-22-se-elige-consejo-ciudadano-de-mujeres-periodo-2016-2019\/"]}]},{"@type":"ImageObject","inLanguage":"es","@id":"https:\/\/pagina10.com\/web\/este-domingo-22-se-elige-consejo-ciudadano-de-mujeres-periodo-2016-2019\/#primaryimage","url":"https:\/\/pagina10.com\/web\/wp-content\/uploads\/2015\/11\/cfd25b463f09c7ba626eb6e85c0bfb74.jpg","contentUrl":"https:\/\/pagina10.com\/web\/wp-content\/uploads\/2015\/11\/cfd25b463f09c7ba626eb6e85c0bfb74.jpg","width":960,"height":355},{"@type":"BreadcrumbList","@id":"https:\/\/pagina10.com\/web\/este-domingo-22-se-elige-consejo-ciudadano-de-mujeres-periodo-2016-2019\/#breadcrumb","itemListElement":[{"@type":"ListItem","position":1,"name":"Portada","item":"https:\/\/pagina10.com\/web\/"},{"@type":"ListItem","position":2,"name":"Este domingo 22 se elige Consejo Ciudadano de Mujeres periodo 2016 &#8211; 2019"}]},{"@type":"WebSite","@id":"https:\/\/pagina10.com\/web\/#website","url":"https:\/\/pagina10.com\/web\/","name":"P\u00e1gina10","description":"Peri\u00f3dico Regional","publisher":{"@id":"https:\/\/pagina10.com\/web\/#organization"},"alternateName":"P\u00e1gina10 Peri\u00f3dico Regional","potentialAction":[{"@type":"SearchAction","target":{"@type":"EntryPoint","urlTemplate":"https:\/\/pagina10.com\/web\/?s={search_term_string}"},"query-input":{"@type":"PropertyValueSpecification","valueRequired":true,"valueName":"search_term_string"}}],"inLanguage":"es"},{"@type":"Organization","@id":"https:\/\/pagina10.com\/web\/#organization","name":"P\u00e1gina10","alternateName":"P\u00e1gina10 Peri\u00f3dico Regional","url":"https:\/\/pagina10.com\/web\/","logo":{"@type":"ImageObject","inLanguage":"es","@id":"https:\/\/pagina10.com\/web\/#\/schema\/logo\/image\/","url":"https:\/\/pagina10.com\/web\/wp-content\/uploads\/2024\/01\/40-pagina-10-periodico-regional-pasto.jpg","contentUrl":"https:\/\/pagina10.com\/web\/wp-content\/uploads\/2024\/01\/40-pagina-10-periodico-regional-pasto.jpg","width":1280,"height":720,"caption":"P\u00e1gina10"},"image":{"@id":"https:\/\/pagina10.com\/web\/#\/schema\/logo\/image\/"},"sameAs":["https:\/\/www.facebook.com\/pag10com","https:\/\/x.com\/Pag10com","https:\/\/www.instagram.com\/pagina10col\/","https:\/\/youtube.com\/channel\/pag10","https:\/\/www.tiktok.com\/@p10col"]},{"@type":"Person","@id":"https:\/\/pagina10.com\/web\/#\/schema\/person\/a7a5d38f0629dfc107f619fbae4f6cc3","name":"P\u00e1gina 10","description":"P\u00e1gina10.com es un peri\u00f3dico digital que nace en Colombia, en el departamento de Nari\u00f1o, con un enfoque global, fundamentado en cuatro pilares esenciales: la libertad, el pluralismo, la inclusi\u00f3n y la independencia. P\u00e1gina10.com hace referencia a Nari\u00f1o como el d\u00e9cimo departamento creado en Colombia, despu\u00e9s de un proceso pol\u00edtico liderado por actores y actrices regionales con el fin de obtener la independencia y autonom\u00eda de nuestros territorios. Con la creaci\u00f3n de P\u00e1gina10.com se pretende abrir un escenario para el dialogo, la reflexi\u00f3n y el debate que se extienda a otras geograf\u00edas de Am\u00e9rica Latina y del planeta, en una apuesta por transformar colectivamente los desaf\u00edos de un mundo contempor\u00e1neo, m\u00e1s all\u00e1 de las fronteras impuestas.","url":"https:\/\/pagina10.com\/web\/author\/mcepeda\/"}]}},"_links":{"self":[{"href":"https:\/\/pagina10.com\/web\/wp-json\/wp\/v2\/posts\/18549","targetHints":{"allow":["GET"]}}],"collection":[{"href":"https:\/\/pagina10.com\/web\/wp-json\/wp\/v2\/posts"}],"about":[{"href":"https:\/\/pagina10.com\/web\/wp-json\/wp\/v2\/types\/post"}],"author":[{"embeddable":true,"href":"https:\/\/pagina10.com\/web\/wp-json\/wp\/v2\/users\/29"}],"replies":[{"embeddable":true,"href":"https:\/\/pagina10.com\/web\/wp-json\/wp\/v2\/comments?post=18549"}],"version-history":[{"count":0,"href":"https:\/\/pagina10.com\/web\/wp-json\/wp\/v2\/posts\/18549\/revisions"}],"wp:featuredmedia":[{"embeddable":true,"href":"https:\/\/pagina10.com\/web\/wp-json\/wp\/v2\/media\/18548"}],"wp:attachment":[{"href":"https:\/\/pagina10.com\/web\/wp-json\/wp\/v2\/media?parent=18549"}],"wp:term":[{"taxonomy":"category","embeddable":true,"href":"https:\/\/pagina10.com\/web\/wp-json\/wp\/v2\/categories?post=18549"},{"taxonomy":"post_tag","embeddable":true,"href":"https:\/\/pagina10.com\/web\/wp-json\/wp\/v2\/tags?post=18549"}],"curies":[{"name":"wp","href":"https:\/\/api.w.org\/{rel}","templated":true}]}}