{"id":18551,"date":"2015-11-17T16:07:30","date_gmt":"2015-11-17T16:07:30","guid":{"rendered":"https:\/\/pagina10.com\/web\/en-narino-declaran-como-bienes-de-interes-cultural-puentes-de-arco-en-ladrillo\/"},"modified":"2015-11-17T16:07:30","modified_gmt":"2015-11-17T16:07:30","slug":"en-narino-declaran-como-bienes-de-interes-cultural-puentes-de-arco-en-ladrillo","status":"publish","type":"post","link":"https:\/\/pagina10.com\/web\/en-narino-declaran-como-bienes-de-interes-cultural-puentes-de-arco-en-ladrillo\/","title":{"rendered":"En Nari\u00f1o declaran como Bienes de Inter\u00e9s Cultural puentes de arco en ladrillo"},"content":{"rendered":"<p><img fetchpriority=\"high\" decoding=\"async\" class=\" size-full wp-image-18550\" src=\"https:\/\/pagina10.com\/web\/wp-content\/uploads\/2015\/11\/9906fb10596c2aa66e1dcfa5caa066eb.jpg\" alt=\"\" width=\"900\" height=\"607\" srcset=\"https:\/\/pagina10.com\/web\/wp-content\/uploads\/2015\/11\/9906fb10596c2aa66e1dcfa5caa066eb.jpg 900w, https:\/\/pagina10.com\/web\/wp-content\/uploads\/2015\/11\/9906fb10596c2aa66e1dcfa5caa066eb-300x202.jpg 300w, https:\/\/pagina10.com\/web\/wp-content\/uploads\/2015\/11\/9906fb10596c2aa66e1dcfa5caa066eb-768x518.jpg 768w\" sizes=\"(max-width: 900px) 100vw, 900px\" \/><\/p>\n<p style=\"text-align: justify;\">MinCultura entreg\u00f3 la resoluci\u00f3n oficial por la cual se declaran Bienes de Inter\u00e9s Cultural del \u00e1mbito nacional diecis\u00e9is puentes de arco en ladrillo localizados en los Departamentos de Cauca, Nari\u00f1o y Valle del Cauca.<\/p>\n<p style=\"text-align: justify;\">La investigaci\u00f3n adelantada por el Ministerio de Cultura y la Universidad Nacional de Colombia, sede Manizales, la cual estuvo dirigida por el arquitecto Jorge Galindo, fue un documento base por el cual se emiti\u00f3 la declaratoria de Bienes de Inter\u00e9s Cultural del \u00e1mbito Nacional a diecis\u00e9is (16) puentes de arco, construidos en ladrillo, localizados en los departamentos de Cauca, Nari\u00f1o y Valle del Cauca. Con la declaratoria, se determinaron las \u00e1reas afectadas y se delimitaron sus zonas de influencia.<\/p>\n<p style=\"text-align: justify;\">Estas normativas fueron entregadas por Alberto Escovar Wilson-White, director de Patrimonio del Ministerio de Cultura, a los representantes de los 14 municipios del Valle, Cauca y Nari\u00f1o. &#8220;El Ministerio de Cultura, junto con la Universidad Nacional, adelant\u00f3 el proceso de inventario y valoraci\u00f3n que culmin\u00f3 con la declaratoria como Bien de Inter\u00e9s Cultural del \u00e1mbito nacional de los 16 puentes de arco en ladrillo. Cabe destacar que la preservaci\u00f3n y conservaci\u00f3n de estos inmuebles de gran presencia hist\u00f3rica, es competencia directa de los entes territoriales&#8221;, afirm\u00f3 el director de Patrimonio.<\/p>\n<p style=\"text-align: justify;\">Gracias a un inventario realizado a partir del a\u00f1o 2007 desde la Universidad Nacional de Colombia, se sabe que no menos de 47 puentes de arco de ladrillo fueron construidos en el sur occidente colombiano durante un per\u00edodo de tiempo que empieza a finales de la Colonia y abarca los primeros a\u00f1os de la Rep\u00fablica para terminar en las primeras d\u00e9cadas del siglo XX.<\/p>\n<p style=\"text-align: justify;\">Seg\u00fan el investigador Galindo, &#8220;a partir de los inicios de la segunda mitad del siglo XIX y hasta 1920, aproximadamente, se construyeron en lo que fuera el Estado Soberano del Cauca (conformado por los actuales departamentos de Nari\u00f1o, Cauca y Valle del Cauca) numerosos puentes de arco de ladrillo como resultado de una pol\u00edtica general de obras p\u00fablicas que pretend\u00eda articular su territorio a partir de una v\u00eda carreteable capaz de atravesarlo en sentido sur \u2013 norte, superponi\u00e9ndose a las naturales dificultades de su accidentada topograf\u00eda&#8221;.<\/p>\n<p style=\"text-align: justify;\">Desde el Grupo de Investigaci\u00f3n y Documentaci\u00f3n de la Direcci\u00f3n de Patrimonio del Ministerio de Cultura se llev\u00f3 a cabo esta gran recopilaci\u00f3n. &#8220;Este trabajo se publicar\u00e1 el pr\u00f3ximo a\u00f1o para que todos los colombianos, en especial los habitantes del Cauca, Valle y Nari\u00f1o, puedan conocer la historia de los puentes. Se distribuir\u00e1 en las bibliotecas p\u00fablicas de la regi\u00f3n&#8221;, afirm\u00f3 Diana Marcela Camelo, profesional de la Direcci\u00f3n de Patrimonio.<\/p>\n<p style=\"text-align: justify;\"><strong>Estos son los puentes:<\/strong><\/p>\n<p style=\"text-align: justify;\"><strong>Departamento del Valle del Cauca<\/strong><br \/>1- Puente sobre el r\u00edo Guadalajara, en Buga (1892).<br \/>2- Puente sobre el r\u00edo Sonso, v\u00eda Buga &#8211; Guacar\u00ed, Valle del Cauca (1894)<br \/>3- Puente sobre quebrada Popurrinas, El Cerrito, Valle del Cauca (1893)<\/p>\n<p style=\"text-align: justify;\"><strong>Departamento del Cauca:<\/strong><br \/>4- Puente sobre el r\u00edo Cauca Popay\u00e1n, Cauca (1778)<br \/>5- Puente del Humilladero, en Popay\u00e1n (1873)<br \/>6- Puente sobre el r\u00edo Quilcac\u00e9, v\u00eda Timb\u00edo &#8211; Rosas, Cauca (1891)<br \/>7- Puente sobre quebrada La Victoria, v\u00eda Popay\u00e1n &#8211; Piendam\u00f3, Cauca (1891)<br \/>8- Puente sobre el r\u00edo Ovejas, v\u00eda Popay\u00e1n &#8211; Mondomo, Cauca (1878)<br \/>9- Puente sobre el r\u00edo Cofre, v\u00eda Popay\u00e1n &#8211; Piendam\u00f3, Cauca (1889)<br \/>10- Puente sobre el r\u00edo Pescador, caser\u00edo Pescador, Cauca (1891)<br \/>11- Puente sobre el r\u00edo Piendam\u00f3, Cauca (1892)<br \/>12- Puente sobre el r\u00edo Cauca, v\u00eda Popay\u00e1n &#8211; Coconuco, Cauca (1903)<br \/>13- Puente Los Libertadores, Santander de Quilichao, Cauca (1919)<br \/>14- Puente en Timb\u00edo, Cauca (1914)<\/p>\n<p style=\"text-align: justify;\"><strong>Departamento de Nari\u00f1o:<\/strong><br \/>15- Puente sobre el r\u00edo Juanamb\u00fa, v\u00eda Buesaco &#8211; La Uni\u00f3n, Nari\u00f1o (1868)<br \/>16- Puente El Socorro, v\u00eda Buesaco &#8211; La Uni\u00f3n, Nari\u00f1o (1903)<\/p>\n<p style=\"text-align: justify;\">&#8220;Es claro que este proceso de declaratoria no logra abarcar la totalidad de los puentes construidos en la regi\u00f3n del sur occidente colombiano, por lo que se hace necesario que desde las instancias departamentales y municipales se contin\u00fae con a la tarea de reconocer, inventariar y valorar todos los puentes de alba\u00f1iler\u00eda que puedan hacer parte de este mismo proceso relacionado con el tejido del territorio a trav\u00e9s de estos ejemplos de ingenier\u00eda&#8221;, concluy\u00f3 el investigador Galindo.<\/p>\n<p style=\"text-align: justify;\">&nbsp;<\/p>\n<p style=\"text-align: justify;\">Conozca los&nbsp;16 puentes de arco de ladrillo <strong><a href=\"http:\/\/www.mincultura.gov.co\/areas\/patrimonio\/patrimonio-cultural-inmueble\/Paginas\/16-puentes-de-arco-de-ladrillo.aspx\" target=\"_blank\">aqu\u00ed<\/a><\/strong><\/p>\n<p style=\"text-align: justify;\">&nbsp;<\/p>\n<p>Fuente: Mincultura<\/p>\n","protected":false},"excerpt":{"rendered":"<p>MinCultura entreg\u00f3 la resoluci\u00f3n oficial por la cual se declaran Bienes de Inter\u00e9s Cultural del \u00e1mbito nacional diecis\u00e9is puentes de arco en ladrillo localizados en los Departamentos de Cauca, Nari\u00f1o y Valle del Cauca. La investigaci\u00f3n adelantada por el Ministerio de Cultura y la Universidad Nacional de Colombia, sede Manizales, la cual estuvo dirigida por [&hellip;]<\/p>\n","protected":false},"author":29,"featured_media":18550,"comment_status":"open","ping_status":"open","sticky":false,"template":"","format":"standard","meta":{"footnotes":""},"categories":[1],"tags":[],"class_list":["post-18551","post","type-post","status-publish","format-standard","has-post-thumbnail","hentry","category-sin-categoria"],"yoast_head":"<!-- This site is optimized with the Yoast SEO plugin v27.1.1 - https:\/\/yoast.com\/product\/yoast-seo-wordpress\/ -->\n<title>En Nari\u00f1o declaran como Bienes de Inter\u00e9s Cultural puentes de arco en ladrillo | P\u00e1gina10<\/title>\n<meta name=\"robots\" content=\"index, follow, max-snippet:-1, max-image-preview:large, max-video-preview:-1\" \/>\n<link rel=\"canonical\" href=\"https:\/\/pagina10.com\/web\/en-narino-declaran-como-bienes-de-interes-cultural-puentes-de-arco-en-ladrillo\/\" \/>\n<meta property=\"og:locale\" content=\"es_ES\" \/>\n<meta property=\"og:type\" content=\"article\" \/>\n<meta property=\"og:title\" content=\"En Nari\u00f1o declaran como Bienes de Inter\u00e9s Cultural puentes de arco en ladrillo | P\u00e1gina10\" \/>\n<meta property=\"og:description\" content=\"MinCultura entreg\u00f3 la resoluci\u00f3n oficial por la cual se declaran Bienes de Inter\u00e9s Cultural del \u00e1mbito nacional diecis\u00e9is puentes de arco en ladrillo localizados en los Departamentos de Cauca, Nari\u00f1o y Valle del Cauca. La investigaci\u00f3n adelantada por el Ministerio de Cultura y la Universidad Nacional de Colombia, sede Manizales, la cual estuvo dirigida por [&hellip;]\" \/>\n<meta property=\"og:url\" content=\"https:\/\/pagina10.com\/web\/en-narino-declaran-como-bienes-de-interes-cultural-puentes-de-arco-en-ladrillo\/\" \/>\n<meta property=\"og:site_name\" content=\"P\u00e1gina10\" \/>\n<meta property=\"article:publisher\" content=\"https:\/\/www.facebook.com\/pag10com\" \/>\n<meta property=\"article:published_time\" content=\"2015-11-17T16:07:30+00:00\" \/>\n<meta property=\"og:image\" content=\"https:\/\/pagina10.com\/web\/wp-content\/uploads\/2015\/11\/9906fb10596c2aa66e1dcfa5caa066eb.jpg\" \/>\n\t<meta property=\"og:image:width\" content=\"900\" \/>\n\t<meta property=\"og:image:height\" content=\"607\" \/>\n\t<meta property=\"og:image:type\" content=\"image\/jpeg\" \/>\n<meta name=\"author\" content=\"P\u00e1gina 10\" \/>\n<meta name=\"twitter:card\" content=\"summary_large_image\" \/>\n<meta name=\"twitter:creator\" content=\"@Pag10com\" \/>\n<meta name=\"twitter:site\" content=\"@Pag10com\" \/>\n<meta name=\"twitter:label1\" content=\"Escrito por\" \/>\n\t<meta name=\"twitter:data1\" content=\"P\u00e1gina 10\" \/>\n\t<meta name=\"twitter:label2\" content=\"Tiempo de lectura\" \/>\n\t<meta name=\"twitter:data2\" content=\"4 minutos\" \/>\n<script type=\"application\/ld+json\" class=\"yoast-schema-graph\">{\"@context\":\"https:\/\/schema.org\",\"@graph\":[{\"@type\":\"Article\",\"@id\":\"https:\/\/pagina10.com\/web\/en-narino-declaran-como-bienes-de-interes-cultural-puentes-de-arco-en-ladrillo\/#article\",\"isPartOf\":{\"@id\":\"https:\/\/pagina10.com\/web\/en-narino-declaran-como-bienes-de-interes-cultural-puentes-de-arco-en-ladrillo\/\"},\"author\":{\"name\":\"P\u00e1gina 10\",\"@id\":\"https:\/\/pagina10.com\/web\/#\/schema\/person\/a7a5d38f0629dfc107f619fbae4f6cc3\"},\"headline\":\"En Nari\u00f1o declaran como Bienes de Inter\u00e9s Cultural puentes de arco en ladrillo\",\"datePublished\":\"2015-11-17T16:07:30+00:00\",\"mainEntityOfPage\":{\"@id\":\"https:\/\/pagina10.com\/web\/en-narino-declaran-como-bienes-de-interes-cultural-puentes-de-arco-en-ladrillo\/\"},\"wordCount\":762,\"commentCount\":0,\"publisher\":{\"@id\":\"https:\/\/pagina10.com\/web\/#organization\"},\"image\":{\"@id\":\"https:\/\/pagina10.com\/web\/en-narino-declaran-como-bienes-de-interes-cultural-puentes-de-arco-en-ladrillo\/#primaryimage\"},\"thumbnailUrl\":\"https:\/\/pagina10.com\/web\/wp-content\/uploads\/2015\/11\/9906fb10596c2aa66e1dcfa5caa066eb.jpg\",\"inLanguage\":\"es\",\"potentialAction\":[{\"@type\":\"CommentAction\",\"name\":\"Comment\",\"target\":[\"https:\/\/pagina10.com\/web\/en-narino-declaran-como-bienes-de-interes-cultural-puentes-de-arco-en-ladrillo\/#respond\"]}]},{\"@type\":\"WebPage\",\"@id\":\"https:\/\/pagina10.com\/web\/en-narino-declaran-como-bienes-de-interes-cultural-puentes-de-arco-en-ladrillo\/\",\"url\":\"https:\/\/pagina10.com\/web\/en-narino-declaran-como-bienes-de-interes-cultural-puentes-de-arco-en-ladrillo\/\",\"name\":\"En Nari\u00f1o declaran como Bienes de Inter\u00e9s Cultural puentes de arco en ladrillo | P\u00e1gina10\",\"isPartOf\":{\"@id\":\"https:\/\/pagina10.com\/web\/#website\"},\"primaryImageOfPage\":{\"@id\":\"https:\/\/pagina10.com\/web\/en-narino-declaran-como-bienes-de-interes-cultural-puentes-de-arco-en-ladrillo\/#primaryimage\"},\"image\":{\"@id\":\"https:\/\/pagina10.com\/web\/en-narino-declaran-como-bienes-de-interes-cultural-puentes-de-arco-en-ladrillo\/#primaryimage\"},\"thumbnailUrl\":\"https:\/\/pagina10.com\/web\/wp-content\/uploads\/2015\/11\/9906fb10596c2aa66e1dcfa5caa066eb.jpg\",\"datePublished\":\"2015-11-17T16:07:30+00:00\",\"breadcrumb\":{\"@id\":\"https:\/\/pagina10.com\/web\/en-narino-declaran-como-bienes-de-interes-cultural-puentes-de-arco-en-ladrillo\/#breadcrumb\"},\"inLanguage\":\"es\",\"potentialAction\":[{\"@type\":\"ReadAction\",\"target\":[\"https:\/\/pagina10.com\/web\/en-narino-declaran-como-bienes-de-interes-cultural-puentes-de-arco-en-ladrillo\/\"]}]},{\"@type\":\"ImageObject\",\"inLanguage\":\"es\",\"@id\":\"https:\/\/pagina10.com\/web\/en-narino-declaran-como-bienes-de-interes-cultural-puentes-de-arco-en-ladrillo\/#primaryimage\",\"url\":\"https:\/\/pagina10.com\/web\/wp-content\/uploads\/2015\/11\/9906fb10596c2aa66e1dcfa5caa066eb.jpg\",\"contentUrl\":\"https:\/\/pagina10.com\/web\/wp-content\/uploads\/2015\/11\/9906fb10596c2aa66e1dcfa5caa066eb.jpg\",\"width\":900,\"height\":607},{\"@type\":\"BreadcrumbList\",\"@id\":\"https:\/\/pagina10.com\/web\/en-narino-declaran-como-bienes-de-interes-cultural-puentes-de-arco-en-ladrillo\/#breadcrumb\",\"itemListElement\":[{\"@type\":\"ListItem\",\"position\":1,\"name\":\"Portada\",\"item\":\"https:\/\/pagina10.com\/web\/\"},{\"@type\":\"ListItem\",\"position\":2,\"name\":\"En Nari\u00f1o declaran como Bienes de Inter\u00e9s Cultural puentes de arco en ladrillo\"}]},{\"@type\":\"WebSite\",\"@id\":\"https:\/\/pagina10.com\/web\/#website\",\"url\":\"https:\/\/pagina10.com\/web\/\",\"name\":\"P\u00e1gina10\",\"description\":\"Peri\u00f3dico Regional\",\"publisher\":{\"@id\":\"https:\/\/pagina10.com\/web\/#organization\"},\"alternateName\":\"P\u00e1gina10 Peri\u00f3dico Regional\",\"potentialAction\":[{\"@type\":\"SearchAction\",\"target\":{\"@type\":\"EntryPoint\",\"urlTemplate\":\"https:\/\/pagina10.com\/web\/?s={search_term_string}\"},\"query-input\":{\"@type\":\"PropertyValueSpecification\",\"valueRequired\":true,\"valueName\":\"search_term_string\"}}],\"inLanguage\":\"es\"},{\"@type\":\"Organization\",\"@id\":\"https:\/\/pagina10.com\/web\/#organization\",\"name\":\"P\u00e1gina10\",\"alternateName\":\"P\u00e1gina10 Peri\u00f3dico Regional\",\"url\":\"https:\/\/pagina10.com\/web\/\",\"logo\":{\"@type\":\"ImageObject\",\"inLanguage\":\"es\",\"@id\":\"https:\/\/pagina10.com\/web\/#\/schema\/logo\/image\/\",\"url\":\"https:\/\/pagina10.com\/web\/wp-content\/uploads\/2024\/01\/40-pagina-10-periodico-regional-pasto.jpg\",\"contentUrl\":\"https:\/\/pagina10.com\/web\/wp-content\/uploads\/2024\/01\/40-pagina-10-periodico-regional-pasto.jpg\",\"width\":1280,\"height\":720,\"caption\":\"P\u00e1gina10\"},\"image\":{\"@id\":\"https:\/\/pagina10.com\/web\/#\/schema\/logo\/image\/\"},\"sameAs\":[\"https:\/\/www.facebook.com\/pag10com\",\"https:\/\/x.com\/Pag10com\",\"https:\/\/www.instagram.com\/pagina10col\/\",\"https:\/\/youtube.com\/channel\/pag10\",\"https:\/\/www.tiktok.com\/@p10col\"]},{\"@type\":\"Person\",\"@id\":\"https:\/\/pagina10.com\/web\/#\/schema\/person\/a7a5d38f0629dfc107f619fbae4f6cc3\",\"name\":\"P\u00e1gina 10\",\"description\":\"P\u00e1gina10.com es un peri\u00f3dico digital que nace en Colombia, en el departamento de Nari\u00f1o, con un enfoque global, fundamentado en cuatro pilares esenciales: la libertad, el pluralismo, la inclusi\u00f3n y la independencia. P\u00e1gina10.com hace referencia a Nari\u00f1o como el d\u00e9cimo departamento creado en Colombia, despu\u00e9s de un proceso pol\u00edtico liderado por actores y actrices regionales con el fin de obtener la independencia y autonom\u00eda de nuestros territorios. Con la creaci\u00f3n de P\u00e1gina10.com se pretende abrir un escenario para el dialogo, la reflexi\u00f3n y el debate que se extienda a otras geograf\u00edas de Am\u00e9rica Latina y del planeta, en una apuesta por transformar colectivamente los desaf\u00edos de un mundo contempor\u00e1neo, m\u00e1s all\u00e1 de las fronteras impuestas.\",\"url\":\"https:\/\/pagina10.com\/web\/author\/mcepeda\/\"}]}<\/script>\n<!-- \/ Yoast SEO plugin. -->","yoast_head_json":{"title":"En Nari\u00f1o declaran como Bienes de Inter\u00e9s Cultural puentes de arco en ladrillo | P\u00e1gina10","robots":{"index":"index","follow":"follow","max-snippet":"max-snippet:-1","max-image-preview":"max-image-preview:large","max-video-preview":"max-video-preview:-1"},"canonical":"https:\/\/pagina10.com\/web\/en-narino-declaran-como-bienes-de-interes-cultural-puentes-de-arco-en-ladrillo\/","og_locale":"es_ES","og_type":"article","og_title":"En Nari\u00f1o declaran como Bienes de Inter\u00e9s Cultural puentes de arco en ladrillo | P\u00e1gina10","og_description":"MinCultura entreg\u00f3 la resoluci\u00f3n oficial por la cual se declaran Bienes de Inter\u00e9s Cultural del \u00e1mbito nacional diecis\u00e9is puentes de arco en ladrillo localizados en los Departamentos de Cauca, Nari\u00f1o y Valle del Cauca. La investigaci\u00f3n adelantada por el Ministerio de Cultura y la Universidad Nacional de Colombia, sede Manizales, la cual estuvo dirigida por [&hellip;]","og_url":"https:\/\/pagina10.com\/web\/en-narino-declaran-como-bienes-de-interes-cultural-puentes-de-arco-en-ladrillo\/","og_site_name":"P\u00e1gina10","article_publisher":"https:\/\/www.facebook.com\/pag10com","article_published_time":"2015-11-17T16:07:30+00:00","og_image":[{"width":900,"height":607,"url":"https:\/\/pagina10.com\/web\/wp-content\/uploads\/2015\/11\/9906fb10596c2aa66e1dcfa5caa066eb.jpg","type":"image\/jpeg"}],"author":"P\u00e1gina 10","twitter_card":"summary_large_image","twitter_creator":"@Pag10com","twitter_site":"@Pag10com","twitter_misc":{"Escrito por":"P\u00e1gina 10","Tiempo de lectura":"4 minutos"},"schema":{"@context":"https:\/\/schema.org","@graph":[{"@type":"Article","@id":"https:\/\/pagina10.com\/web\/en-narino-declaran-como-bienes-de-interes-cultural-puentes-de-arco-en-ladrillo\/#article","isPartOf":{"@id":"https:\/\/pagina10.com\/web\/en-narino-declaran-como-bienes-de-interes-cultural-puentes-de-arco-en-ladrillo\/"},"author":{"name":"P\u00e1gina 10","@id":"https:\/\/pagina10.com\/web\/#\/schema\/person\/a7a5d38f0629dfc107f619fbae4f6cc3"},"headline":"En Nari\u00f1o declaran como Bienes de Inter\u00e9s Cultural puentes de arco en ladrillo","datePublished":"2015-11-17T16:07:30+00:00","mainEntityOfPage":{"@id":"https:\/\/pagina10.com\/web\/en-narino-declaran-como-bienes-de-interes-cultural-puentes-de-arco-en-ladrillo\/"},"wordCount":762,"commentCount":0,"publisher":{"@id":"https:\/\/pagina10.com\/web\/#organization"},"image":{"@id":"https:\/\/pagina10.com\/web\/en-narino-declaran-como-bienes-de-interes-cultural-puentes-de-arco-en-ladrillo\/#primaryimage"},"thumbnailUrl":"https:\/\/pagina10.com\/web\/wp-content\/uploads\/2015\/11\/9906fb10596c2aa66e1dcfa5caa066eb.jpg","inLanguage":"es","potentialAction":[{"@type":"CommentAction","name":"Comment","target":["https:\/\/pagina10.com\/web\/en-narino-declaran-como-bienes-de-interes-cultural-puentes-de-arco-en-ladrillo\/#respond"]}]},{"@type":"WebPage","@id":"https:\/\/pagina10.com\/web\/en-narino-declaran-como-bienes-de-interes-cultural-puentes-de-arco-en-ladrillo\/","url":"https:\/\/pagina10.com\/web\/en-narino-declaran-como-bienes-de-interes-cultural-puentes-de-arco-en-ladrillo\/","name":"En Nari\u00f1o declaran como Bienes de Inter\u00e9s Cultural puentes de arco en ladrillo | P\u00e1gina10","isPartOf":{"@id":"https:\/\/pagina10.com\/web\/#website"},"primaryImageOfPage":{"@id":"https:\/\/pagina10.com\/web\/en-narino-declaran-como-bienes-de-interes-cultural-puentes-de-arco-en-ladrillo\/#primaryimage"},"image":{"@id":"https:\/\/pagina10.com\/web\/en-narino-declaran-como-bienes-de-interes-cultural-puentes-de-arco-en-ladrillo\/#primaryimage"},"thumbnailUrl":"https:\/\/pagina10.com\/web\/wp-content\/uploads\/2015\/11\/9906fb10596c2aa66e1dcfa5caa066eb.jpg","datePublished":"2015-11-17T16:07:30+00:00","breadcrumb":{"@id":"https:\/\/pagina10.com\/web\/en-narino-declaran-como-bienes-de-interes-cultural-puentes-de-arco-en-ladrillo\/#breadcrumb"},"inLanguage":"es","potentialAction":[{"@type":"ReadAction","target":["https:\/\/pagina10.com\/web\/en-narino-declaran-como-bienes-de-interes-cultural-puentes-de-arco-en-ladrillo\/"]}]},{"@type":"ImageObject","inLanguage":"es","@id":"https:\/\/pagina10.com\/web\/en-narino-declaran-como-bienes-de-interes-cultural-puentes-de-arco-en-ladrillo\/#primaryimage","url":"https:\/\/pagina10.com\/web\/wp-content\/uploads\/2015\/11\/9906fb10596c2aa66e1dcfa5caa066eb.jpg","contentUrl":"https:\/\/pagina10.com\/web\/wp-content\/uploads\/2015\/11\/9906fb10596c2aa66e1dcfa5caa066eb.jpg","width":900,"height":607},{"@type":"BreadcrumbList","@id":"https:\/\/pagina10.com\/web\/en-narino-declaran-como-bienes-de-interes-cultural-puentes-de-arco-en-ladrillo\/#breadcrumb","itemListElement":[{"@type":"ListItem","position":1,"name":"Portada","item":"https:\/\/pagina10.com\/web\/"},{"@type":"ListItem","position":2,"name":"En Nari\u00f1o declaran como Bienes de Inter\u00e9s Cultural puentes de arco en ladrillo"}]},{"@type":"WebSite","@id":"https:\/\/pagina10.com\/web\/#website","url":"https:\/\/pagina10.com\/web\/","name":"P\u00e1gina10","description":"Peri\u00f3dico Regional","publisher":{"@id":"https:\/\/pagina10.com\/web\/#organization"},"alternateName":"P\u00e1gina10 Peri\u00f3dico Regional","potentialAction":[{"@type":"SearchAction","target":{"@type":"EntryPoint","urlTemplate":"https:\/\/pagina10.com\/web\/?s={search_term_string}"},"query-input":{"@type":"PropertyValueSpecification","valueRequired":true,"valueName":"search_term_string"}}],"inLanguage":"es"},{"@type":"Organization","@id":"https:\/\/pagina10.com\/web\/#organization","name":"P\u00e1gina10","alternateName":"P\u00e1gina10 Peri\u00f3dico Regional","url":"https:\/\/pagina10.com\/web\/","logo":{"@type":"ImageObject","inLanguage":"es","@id":"https:\/\/pagina10.com\/web\/#\/schema\/logo\/image\/","url":"https:\/\/pagina10.com\/web\/wp-content\/uploads\/2024\/01\/40-pagina-10-periodico-regional-pasto.jpg","contentUrl":"https:\/\/pagina10.com\/web\/wp-content\/uploads\/2024\/01\/40-pagina-10-periodico-regional-pasto.jpg","width":1280,"height":720,"caption":"P\u00e1gina10"},"image":{"@id":"https:\/\/pagina10.com\/web\/#\/schema\/logo\/image\/"},"sameAs":["https:\/\/www.facebook.com\/pag10com","https:\/\/x.com\/Pag10com","https:\/\/www.instagram.com\/pagina10col\/","https:\/\/youtube.com\/channel\/pag10","https:\/\/www.tiktok.com\/@p10col"]},{"@type":"Person","@id":"https:\/\/pagina10.com\/web\/#\/schema\/person\/a7a5d38f0629dfc107f619fbae4f6cc3","name":"P\u00e1gina 10","description":"P\u00e1gina10.com es un peri\u00f3dico digital que nace en Colombia, en el departamento de Nari\u00f1o, con un enfoque global, fundamentado en cuatro pilares esenciales: la libertad, el pluralismo, la inclusi\u00f3n y la independencia. P\u00e1gina10.com hace referencia a Nari\u00f1o como el d\u00e9cimo departamento creado en Colombia, despu\u00e9s de un proceso pol\u00edtico liderado por actores y actrices regionales con el fin de obtener la independencia y autonom\u00eda de nuestros territorios. Con la creaci\u00f3n de P\u00e1gina10.com se pretende abrir un escenario para el dialogo, la reflexi\u00f3n y el debate que se extienda a otras geograf\u00edas de Am\u00e9rica Latina y del planeta, en una apuesta por transformar colectivamente los desaf\u00edos de un mundo contempor\u00e1neo, m\u00e1s all\u00e1 de las fronteras impuestas.","url":"https:\/\/pagina10.com\/web\/author\/mcepeda\/"}]}},"_links":{"self":[{"href":"https:\/\/pagina10.com\/web\/wp-json\/wp\/v2\/posts\/18551","targetHints":{"allow":["GET"]}}],"collection":[{"href":"https:\/\/pagina10.com\/web\/wp-json\/wp\/v2\/posts"}],"about":[{"href":"https:\/\/pagina10.com\/web\/wp-json\/wp\/v2\/types\/post"}],"author":[{"embeddable":true,"href":"https:\/\/pagina10.com\/web\/wp-json\/wp\/v2\/users\/29"}],"replies":[{"embeddable":true,"href":"https:\/\/pagina10.com\/web\/wp-json\/wp\/v2\/comments?post=18551"}],"version-history":[{"count":0,"href":"https:\/\/pagina10.com\/web\/wp-json\/wp\/v2\/posts\/18551\/revisions"}],"wp:featuredmedia":[{"embeddable":true,"href":"https:\/\/pagina10.com\/web\/wp-json\/wp\/v2\/media\/18550"}],"wp:attachment":[{"href":"https:\/\/pagina10.com\/web\/wp-json\/wp\/v2\/media?parent=18551"}],"wp:term":[{"taxonomy":"category","embeddable":true,"href":"https:\/\/pagina10.com\/web\/wp-json\/wp\/v2\/categories?post=18551"},{"taxonomy":"post_tag","embeddable":true,"href":"https:\/\/pagina10.com\/web\/wp-json\/wp\/v2\/tags?post=18551"}],"curies":[{"name":"wp","href":"https:\/\/api.w.org\/{rel}","templated":true}]}}