{"id":18553,"date":"2015-11-17T16:31:38","date_gmt":"2015-11-17T16:31:38","guid":{"rendered":"https:\/\/pagina10.com\/web\/estudio-comprobo-que-tomar-dos-o-tres-cafes-al-dia-ayuda-para-vivir-mas\/"},"modified":"2015-11-17T16:31:38","modified_gmt":"2015-11-17T16:31:38","slug":"estudio-comprobo-que-tomar-dos-o-tres-cafes-al-dia-ayuda-para-vivir-mas","status":"publish","type":"post","link":"https:\/\/pagina10.com\/web\/estudio-comprobo-que-tomar-dos-o-tres-cafes-al-dia-ayuda-para-vivir-mas\/","title":{"rendered":"Estudio comprob\u00f3 que tomar dos o tres caf\u00e9s al d\u00eda ayuda para vivir m\u00e1s"},"content":{"rendered":"<p><img fetchpriority=\"high\" decoding=\"async\" class=\" size-full wp-image-18552\" src=\"https:\/\/pagina10.com\/web\/wp-content\/uploads\/2015\/11\/331616d92a0ed662b5777cddbb9859c0.jpg\" alt=\"\" width=\"624\" height=\"351\" srcset=\"https:\/\/pagina10.com\/web\/wp-content\/uploads\/2015\/11\/331616d92a0ed662b5777cddbb9859c0.jpg 624w, https:\/\/pagina10.com\/web\/wp-content\/uploads\/2015\/11\/331616d92a0ed662b5777cddbb9859c0-300x169.jpg 300w\" sizes=\"(max-width: 624px) 100vw, 624px\" \/><\/p>\n<p style=\"text-align: justify;\">Qu\u00e9 componentes tendr\u00e1 el caf\u00e9 que lo hacen tan beneficioso para la salud? Los investigadores llevan a\u00f1os investigando por qu\u00e9, por ejemplo, tal y como se publica en la revista \u00abCirculation\u00bb, las personas que beben entre tres a cinco tazas de caf\u00e9 al d\u00eda parecen tener menos probabilidades de morir prematuramente de algunas enfermedades que los que no ingieren caf\u00e9 o toman menos cantidad.<\/p>\n<p style=\"text-align: justify;\">El estudio de la Universidad de Harvard (EE.UU.), realizado con los datos de tres grandes estudios epidemiol\u00f3gicos -74.890 mujeres del Estudio de Salud de Enfermeras, 93.054 mujeres del Estudio de Salud de las Enfermeras 2 y 40.557 varones del Estudio de Seguimiento de los Profesionales de Salud- demuestra que el caf\u00e9, con o sin cafe\u00edna, aporta beneficios para prevenir enfermedades como las cardiovasculares, neurol\u00f3gicas, diabetes tipo 2 e incluso el suicidio.<\/p>\n<p style=\"text-align: justify;\">Pensamos, apunta el primer autor de la investigaci\u00f3n, Ming Ding, que determinados compuestos en el caf\u00e9 reducen la resistencia a la insulina y la inflamaci\u00f3n sistem\u00e1tica. \u00abEso podr\u00eda explicar algunas de nuestras conclusiones- reconoce-, aunque sin embargo, se necesitan m\u00e1s estudios para investigar los mecanismos biol\u00f3gicos que producen dichos efectos\u00bb.<\/p>\n<p style=\"text-align: justify;\">\u00abEl estudio proporciona una prueba m\u00e1s de que el consumo moderado de caf\u00e9 puede conferir beneficios para la salud en t\u00e9rminos de reducci\u00f3n de la muerte prematura debida a varias enfermedades\u00bb, afirma el autor principal Frank Hu.<\/p>\n<p style=\"text-align: justify;\">Ahora bien, los investigadores advierten que el estudio no est\u00e1 dise\u00f1ado para mostrar una relaci\u00f3n causa-efecto directa entre el consumo de caf\u00e9 y las causas de muerte por culpa de una enfermedad. As\u00ed que los resultados deben ser interpretados con precauci\u00f3n. Lo que s\u00ed es cierto es este estudio proporciona una prueba m\u00e1s de que el consumo moderado de caf\u00e9 puede tener beneficios para la salud en t\u00e9rminos de reducir la muerte prematura debido a varias enfermedades.<\/p>\n<p style=\"text-align: justify;\">Los datos, dice Hu, apoyan algunas recomendaciones que sugieren que \u00abel consumo moderado de caf\u00e9 puede ser incorporado en el patr\u00f3n de dieta saludable\u00bb.<\/p>\n<p style=\"text-align: justify;\">&nbsp;<\/p>\n<p>Fuent: ABC<\/p>\n","protected":false},"excerpt":{"rendered":"<p>Qu\u00e9 componentes tendr\u00e1 el caf\u00e9 que lo hacen tan beneficioso para la salud? Los investigadores llevan a\u00f1os investigando por qu\u00e9, por ejemplo, tal y como se publica en la revista \u00abCirculation\u00bb, las personas que beben entre tres a cinco tazas de caf\u00e9 al d\u00eda parecen tener menos probabilidades de morir prematuramente de algunas enfermedades que [&hellip;]<\/p>\n","protected":false},"author":29,"featured_media":18552,"comment_status":"open","ping_status":"open","sticky":false,"template":"","format":"standard","meta":{"footnotes":""},"categories":[1],"tags":[],"class_list":["post-18553","post","type-post","status-publish","format-standard","has-post-thumbnail","hentry","category-sin-categoria"],"yoast_head":"<!-- This site is optimized with the Yoast SEO plugin v27.1.1 - https:\/\/yoast.com\/product\/yoast-seo-wordpress\/ -->\n<title>Estudio comprob\u00f3 que tomar dos o tres caf\u00e9s al d\u00eda ayuda para vivir m\u00e1s | P\u00e1gina10<\/title>\n<meta name=\"robots\" content=\"index, follow, max-snippet:-1, max-image-preview:large, max-video-preview:-1\" \/>\n<link rel=\"canonical\" href=\"https:\/\/pagina10.com\/web\/estudio-comprobo-que-tomar-dos-o-tres-cafes-al-dia-ayuda-para-vivir-mas\/\" \/>\n<meta property=\"og:locale\" content=\"es_ES\" \/>\n<meta property=\"og:type\" content=\"article\" \/>\n<meta property=\"og:title\" content=\"Estudio comprob\u00f3 que tomar dos o tres caf\u00e9s al d\u00eda ayuda para vivir m\u00e1s | P\u00e1gina10\" \/>\n<meta property=\"og:description\" content=\"Qu\u00e9 componentes tendr\u00e1 el caf\u00e9 que lo hacen tan beneficioso para la salud? Los investigadores llevan a\u00f1os investigando por qu\u00e9, por ejemplo, tal y como se publica en la revista \u00abCirculation\u00bb, las personas que beben entre tres a cinco tazas de caf\u00e9 al d\u00eda parecen tener menos probabilidades de morir prematuramente de algunas enfermedades que [&hellip;]\" \/>\n<meta property=\"og:url\" content=\"https:\/\/pagina10.com\/web\/estudio-comprobo-que-tomar-dos-o-tres-cafes-al-dia-ayuda-para-vivir-mas\/\" \/>\n<meta property=\"og:site_name\" content=\"P\u00e1gina10\" \/>\n<meta property=\"article:publisher\" content=\"https:\/\/www.facebook.com\/pag10com\" \/>\n<meta property=\"article:published_time\" content=\"2015-11-17T16:31:38+00:00\" \/>\n<meta property=\"og:image\" content=\"https:\/\/pagina10.com\/web\/wp-content\/uploads\/2015\/11\/331616d92a0ed662b5777cddbb9859c0.jpg\" \/>\n\t<meta property=\"og:image:width\" content=\"624\" \/>\n\t<meta property=\"og:image:height\" content=\"351\" \/>\n\t<meta property=\"og:image:type\" content=\"image\/jpeg\" \/>\n<meta name=\"author\" content=\"P\u00e1gina 10\" \/>\n<meta name=\"twitter:card\" content=\"summary_large_image\" \/>\n<meta name=\"twitter:creator\" content=\"@Pag10com\" \/>\n<meta name=\"twitter:site\" content=\"@Pag10com\" \/>\n<meta name=\"twitter:label1\" content=\"Escrito por\" \/>\n\t<meta name=\"twitter:data1\" content=\"P\u00e1gina 10\" \/>\n\t<meta name=\"twitter:label2\" content=\"Tiempo de lectura\" \/>\n\t<meta name=\"twitter:data2\" content=\"2 minutos\" \/>\n<script type=\"application\/ld+json\" class=\"yoast-schema-graph\">{\"@context\":\"https:\/\/schema.org\",\"@graph\":[{\"@type\":\"Article\",\"@id\":\"https:\/\/pagina10.com\/web\/estudio-comprobo-que-tomar-dos-o-tres-cafes-al-dia-ayuda-para-vivir-mas\/#article\",\"isPartOf\":{\"@id\":\"https:\/\/pagina10.com\/web\/estudio-comprobo-que-tomar-dos-o-tres-cafes-al-dia-ayuda-para-vivir-mas\/\"},\"author\":{\"name\":\"P\u00e1gina 10\",\"@id\":\"https:\/\/pagina10.com\/web\/#\/schema\/person\/a7a5d38f0629dfc107f619fbae4f6cc3\"},\"headline\":\"Estudio comprob\u00f3 que tomar dos o tres caf\u00e9s al d\u00eda ayuda para vivir m\u00e1s\",\"datePublished\":\"2015-11-17T16:31:38+00:00\",\"mainEntityOfPage\":{\"@id\":\"https:\/\/pagina10.com\/web\/estudio-comprobo-que-tomar-dos-o-tres-cafes-al-dia-ayuda-para-vivir-mas\/\"},\"wordCount\":360,\"commentCount\":0,\"publisher\":{\"@id\":\"https:\/\/pagina10.com\/web\/#organization\"},\"image\":{\"@id\":\"https:\/\/pagina10.com\/web\/estudio-comprobo-que-tomar-dos-o-tres-cafes-al-dia-ayuda-para-vivir-mas\/#primaryimage\"},\"thumbnailUrl\":\"https:\/\/pagina10.com\/web\/wp-content\/uploads\/2015\/11\/331616d92a0ed662b5777cddbb9859c0.jpg\",\"inLanguage\":\"es\",\"potentialAction\":[{\"@type\":\"CommentAction\",\"name\":\"Comment\",\"target\":[\"https:\/\/pagina10.com\/web\/estudio-comprobo-que-tomar-dos-o-tres-cafes-al-dia-ayuda-para-vivir-mas\/#respond\"]}]},{\"@type\":\"WebPage\",\"@id\":\"https:\/\/pagina10.com\/web\/estudio-comprobo-que-tomar-dos-o-tres-cafes-al-dia-ayuda-para-vivir-mas\/\",\"url\":\"https:\/\/pagina10.com\/web\/estudio-comprobo-que-tomar-dos-o-tres-cafes-al-dia-ayuda-para-vivir-mas\/\",\"name\":\"Estudio comprob\u00f3 que tomar dos o tres caf\u00e9s al d\u00eda ayuda para vivir m\u00e1s | P\u00e1gina10\",\"isPartOf\":{\"@id\":\"https:\/\/pagina10.com\/web\/#website\"},\"primaryImageOfPage\":{\"@id\":\"https:\/\/pagina10.com\/web\/estudio-comprobo-que-tomar-dos-o-tres-cafes-al-dia-ayuda-para-vivir-mas\/#primaryimage\"},\"image\":{\"@id\":\"https:\/\/pagina10.com\/web\/estudio-comprobo-que-tomar-dos-o-tres-cafes-al-dia-ayuda-para-vivir-mas\/#primaryimage\"},\"thumbnailUrl\":\"https:\/\/pagina10.com\/web\/wp-content\/uploads\/2015\/11\/331616d92a0ed662b5777cddbb9859c0.jpg\",\"datePublished\":\"2015-11-17T16:31:38+00:00\",\"breadcrumb\":{\"@id\":\"https:\/\/pagina10.com\/web\/estudio-comprobo-que-tomar-dos-o-tres-cafes-al-dia-ayuda-para-vivir-mas\/#breadcrumb\"},\"inLanguage\":\"es\",\"potentialAction\":[{\"@type\":\"ReadAction\",\"target\":[\"https:\/\/pagina10.com\/web\/estudio-comprobo-que-tomar-dos-o-tres-cafes-al-dia-ayuda-para-vivir-mas\/\"]}]},{\"@type\":\"ImageObject\",\"inLanguage\":\"es\",\"@id\":\"https:\/\/pagina10.com\/web\/estudio-comprobo-que-tomar-dos-o-tres-cafes-al-dia-ayuda-para-vivir-mas\/#primaryimage\",\"url\":\"https:\/\/pagina10.com\/web\/wp-content\/uploads\/2015\/11\/331616d92a0ed662b5777cddbb9859c0.jpg\",\"contentUrl\":\"https:\/\/pagina10.com\/web\/wp-content\/uploads\/2015\/11\/331616d92a0ed662b5777cddbb9859c0.jpg\",\"width\":624,\"height\":351},{\"@type\":\"BreadcrumbList\",\"@id\":\"https:\/\/pagina10.com\/web\/estudio-comprobo-que-tomar-dos-o-tres-cafes-al-dia-ayuda-para-vivir-mas\/#breadcrumb\",\"itemListElement\":[{\"@type\":\"ListItem\",\"position\":1,\"name\":\"Portada\",\"item\":\"https:\/\/pagina10.com\/web\/\"},{\"@type\":\"ListItem\",\"position\":2,\"name\":\"Estudio comprob\u00f3 que tomar dos o tres caf\u00e9s al d\u00eda ayuda para vivir m\u00e1s\"}]},{\"@type\":\"WebSite\",\"@id\":\"https:\/\/pagina10.com\/web\/#website\",\"url\":\"https:\/\/pagina10.com\/web\/\",\"name\":\"P\u00e1gina10\",\"description\":\"Peri\u00f3dico Regional\",\"publisher\":{\"@id\":\"https:\/\/pagina10.com\/web\/#organization\"},\"alternateName\":\"P\u00e1gina10 Peri\u00f3dico Regional\",\"potentialAction\":[{\"@type\":\"SearchAction\",\"target\":{\"@type\":\"EntryPoint\",\"urlTemplate\":\"https:\/\/pagina10.com\/web\/?s={search_term_string}\"},\"query-input\":{\"@type\":\"PropertyValueSpecification\",\"valueRequired\":true,\"valueName\":\"search_term_string\"}}],\"inLanguage\":\"es\"},{\"@type\":\"Organization\",\"@id\":\"https:\/\/pagina10.com\/web\/#organization\",\"name\":\"P\u00e1gina10\",\"alternateName\":\"P\u00e1gina10 Peri\u00f3dico Regional\",\"url\":\"https:\/\/pagina10.com\/web\/\",\"logo\":{\"@type\":\"ImageObject\",\"inLanguage\":\"es\",\"@id\":\"https:\/\/pagina10.com\/web\/#\/schema\/logo\/image\/\",\"url\":\"https:\/\/pagina10.com\/web\/wp-content\/uploads\/2024\/01\/40-pagina-10-periodico-regional-pasto.jpg\",\"contentUrl\":\"https:\/\/pagina10.com\/web\/wp-content\/uploads\/2024\/01\/40-pagina-10-periodico-regional-pasto.jpg\",\"width\":1280,\"height\":720,\"caption\":\"P\u00e1gina10\"},\"image\":{\"@id\":\"https:\/\/pagina10.com\/web\/#\/schema\/logo\/image\/\"},\"sameAs\":[\"https:\/\/www.facebook.com\/pag10com\",\"https:\/\/x.com\/Pag10com\",\"https:\/\/www.instagram.com\/pagina10col\/\",\"https:\/\/youtube.com\/channel\/pag10\",\"https:\/\/www.tiktok.com\/@p10col\"]},{\"@type\":\"Person\",\"@id\":\"https:\/\/pagina10.com\/web\/#\/schema\/person\/a7a5d38f0629dfc107f619fbae4f6cc3\",\"name\":\"P\u00e1gina 10\",\"description\":\"P\u00e1gina10.com es un peri\u00f3dico digital que nace en Colombia, en el departamento de Nari\u00f1o, con un enfoque global, fundamentado en cuatro pilares esenciales: la libertad, el pluralismo, la inclusi\u00f3n y la independencia. P\u00e1gina10.com hace referencia a Nari\u00f1o como el d\u00e9cimo departamento creado en Colombia, despu\u00e9s de un proceso pol\u00edtico liderado por actores y actrices regionales con el fin de obtener la independencia y autonom\u00eda de nuestros territorios. Con la creaci\u00f3n de P\u00e1gina10.com se pretende abrir un escenario para el dialogo, la reflexi\u00f3n y el debate que se extienda a otras geograf\u00edas de Am\u00e9rica Latina y del planeta, en una apuesta por transformar colectivamente los desaf\u00edos de un mundo contempor\u00e1neo, m\u00e1s all\u00e1 de las fronteras impuestas.\",\"url\":\"https:\/\/pagina10.com\/web\/author\/mcepeda\/\"}]}<\/script>\n<!-- \/ Yoast SEO plugin. -->","yoast_head_json":{"title":"Estudio comprob\u00f3 que tomar dos o tres caf\u00e9s al d\u00eda ayuda para vivir m\u00e1s | P\u00e1gina10","robots":{"index":"index","follow":"follow","max-snippet":"max-snippet:-1","max-image-preview":"max-image-preview:large","max-video-preview":"max-video-preview:-1"},"canonical":"https:\/\/pagina10.com\/web\/estudio-comprobo-que-tomar-dos-o-tres-cafes-al-dia-ayuda-para-vivir-mas\/","og_locale":"es_ES","og_type":"article","og_title":"Estudio comprob\u00f3 que tomar dos o tres caf\u00e9s al d\u00eda ayuda para vivir m\u00e1s | P\u00e1gina10","og_description":"Qu\u00e9 componentes tendr\u00e1 el caf\u00e9 que lo hacen tan beneficioso para la salud? Los investigadores llevan a\u00f1os investigando por qu\u00e9, por ejemplo, tal y como se publica en la revista \u00abCirculation\u00bb, las personas que beben entre tres a cinco tazas de caf\u00e9 al d\u00eda parecen tener menos probabilidades de morir prematuramente de algunas enfermedades que [&hellip;]","og_url":"https:\/\/pagina10.com\/web\/estudio-comprobo-que-tomar-dos-o-tres-cafes-al-dia-ayuda-para-vivir-mas\/","og_site_name":"P\u00e1gina10","article_publisher":"https:\/\/www.facebook.com\/pag10com","article_published_time":"2015-11-17T16:31:38+00:00","og_image":[{"width":624,"height":351,"url":"https:\/\/pagina10.com\/web\/wp-content\/uploads\/2015\/11\/331616d92a0ed662b5777cddbb9859c0.jpg","type":"image\/jpeg"}],"author":"P\u00e1gina 10","twitter_card":"summary_large_image","twitter_creator":"@Pag10com","twitter_site":"@Pag10com","twitter_misc":{"Escrito por":"P\u00e1gina 10","Tiempo de lectura":"2 minutos"},"schema":{"@context":"https:\/\/schema.org","@graph":[{"@type":"Article","@id":"https:\/\/pagina10.com\/web\/estudio-comprobo-que-tomar-dos-o-tres-cafes-al-dia-ayuda-para-vivir-mas\/#article","isPartOf":{"@id":"https:\/\/pagina10.com\/web\/estudio-comprobo-que-tomar-dos-o-tres-cafes-al-dia-ayuda-para-vivir-mas\/"},"author":{"name":"P\u00e1gina 10","@id":"https:\/\/pagina10.com\/web\/#\/schema\/person\/a7a5d38f0629dfc107f619fbae4f6cc3"},"headline":"Estudio comprob\u00f3 que tomar dos o tres caf\u00e9s al d\u00eda ayuda para vivir m\u00e1s","datePublished":"2015-11-17T16:31:38+00:00","mainEntityOfPage":{"@id":"https:\/\/pagina10.com\/web\/estudio-comprobo-que-tomar-dos-o-tres-cafes-al-dia-ayuda-para-vivir-mas\/"},"wordCount":360,"commentCount":0,"publisher":{"@id":"https:\/\/pagina10.com\/web\/#organization"},"image":{"@id":"https:\/\/pagina10.com\/web\/estudio-comprobo-que-tomar-dos-o-tres-cafes-al-dia-ayuda-para-vivir-mas\/#primaryimage"},"thumbnailUrl":"https:\/\/pagina10.com\/web\/wp-content\/uploads\/2015\/11\/331616d92a0ed662b5777cddbb9859c0.jpg","inLanguage":"es","potentialAction":[{"@type":"CommentAction","name":"Comment","target":["https:\/\/pagina10.com\/web\/estudio-comprobo-que-tomar-dos-o-tres-cafes-al-dia-ayuda-para-vivir-mas\/#respond"]}]},{"@type":"WebPage","@id":"https:\/\/pagina10.com\/web\/estudio-comprobo-que-tomar-dos-o-tres-cafes-al-dia-ayuda-para-vivir-mas\/","url":"https:\/\/pagina10.com\/web\/estudio-comprobo-que-tomar-dos-o-tres-cafes-al-dia-ayuda-para-vivir-mas\/","name":"Estudio comprob\u00f3 que tomar dos o tres caf\u00e9s al d\u00eda ayuda para vivir m\u00e1s | P\u00e1gina10","isPartOf":{"@id":"https:\/\/pagina10.com\/web\/#website"},"primaryImageOfPage":{"@id":"https:\/\/pagina10.com\/web\/estudio-comprobo-que-tomar-dos-o-tres-cafes-al-dia-ayuda-para-vivir-mas\/#primaryimage"},"image":{"@id":"https:\/\/pagina10.com\/web\/estudio-comprobo-que-tomar-dos-o-tres-cafes-al-dia-ayuda-para-vivir-mas\/#primaryimage"},"thumbnailUrl":"https:\/\/pagina10.com\/web\/wp-content\/uploads\/2015\/11\/331616d92a0ed662b5777cddbb9859c0.jpg","datePublished":"2015-11-17T16:31:38+00:00","breadcrumb":{"@id":"https:\/\/pagina10.com\/web\/estudio-comprobo-que-tomar-dos-o-tres-cafes-al-dia-ayuda-para-vivir-mas\/#breadcrumb"},"inLanguage":"es","potentialAction":[{"@type":"ReadAction","target":["https:\/\/pagina10.com\/web\/estudio-comprobo-que-tomar-dos-o-tres-cafes-al-dia-ayuda-para-vivir-mas\/"]}]},{"@type":"ImageObject","inLanguage":"es","@id":"https:\/\/pagina10.com\/web\/estudio-comprobo-que-tomar-dos-o-tres-cafes-al-dia-ayuda-para-vivir-mas\/#primaryimage","url":"https:\/\/pagina10.com\/web\/wp-content\/uploads\/2015\/11\/331616d92a0ed662b5777cddbb9859c0.jpg","contentUrl":"https:\/\/pagina10.com\/web\/wp-content\/uploads\/2015\/11\/331616d92a0ed662b5777cddbb9859c0.jpg","width":624,"height":351},{"@type":"BreadcrumbList","@id":"https:\/\/pagina10.com\/web\/estudio-comprobo-que-tomar-dos-o-tres-cafes-al-dia-ayuda-para-vivir-mas\/#breadcrumb","itemListElement":[{"@type":"ListItem","position":1,"name":"Portada","item":"https:\/\/pagina10.com\/web\/"},{"@type":"ListItem","position":2,"name":"Estudio comprob\u00f3 que tomar dos o tres caf\u00e9s al d\u00eda ayuda para vivir m\u00e1s"}]},{"@type":"WebSite","@id":"https:\/\/pagina10.com\/web\/#website","url":"https:\/\/pagina10.com\/web\/","name":"P\u00e1gina10","description":"Peri\u00f3dico Regional","publisher":{"@id":"https:\/\/pagina10.com\/web\/#organization"},"alternateName":"P\u00e1gina10 Peri\u00f3dico Regional","potentialAction":[{"@type":"SearchAction","target":{"@type":"EntryPoint","urlTemplate":"https:\/\/pagina10.com\/web\/?s={search_term_string}"},"query-input":{"@type":"PropertyValueSpecification","valueRequired":true,"valueName":"search_term_string"}}],"inLanguage":"es"},{"@type":"Organization","@id":"https:\/\/pagina10.com\/web\/#organization","name":"P\u00e1gina10","alternateName":"P\u00e1gina10 Peri\u00f3dico Regional","url":"https:\/\/pagina10.com\/web\/","logo":{"@type":"ImageObject","inLanguage":"es","@id":"https:\/\/pagina10.com\/web\/#\/schema\/logo\/image\/","url":"https:\/\/pagina10.com\/web\/wp-content\/uploads\/2024\/01\/40-pagina-10-periodico-regional-pasto.jpg","contentUrl":"https:\/\/pagina10.com\/web\/wp-content\/uploads\/2024\/01\/40-pagina-10-periodico-regional-pasto.jpg","width":1280,"height":720,"caption":"P\u00e1gina10"},"image":{"@id":"https:\/\/pagina10.com\/web\/#\/schema\/logo\/image\/"},"sameAs":["https:\/\/www.facebook.com\/pag10com","https:\/\/x.com\/Pag10com","https:\/\/www.instagram.com\/pagina10col\/","https:\/\/youtube.com\/channel\/pag10","https:\/\/www.tiktok.com\/@p10col"]},{"@type":"Person","@id":"https:\/\/pagina10.com\/web\/#\/schema\/person\/a7a5d38f0629dfc107f619fbae4f6cc3","name":"P\u00e1gina 10","description":"P\u00e1gina10.com es un peri\u00f3dico digital que nace en Colombia, en el departamento de Nari\u00f1o, con un enfoque global, fundamentado en cuatro pilares esenciales: la libertad, el pluralismo, la inclusi\u00f3n y la independencia. P\u00e1gina10.com hace referencia a Nari\u00f1o como el d\u00e9cimo departamento creado en Colombia, despu\u00e9s de un proceso pol\u00edtico liderado por actores y actrices regionales con el fin de obtener la independencia y autonom\u00eda de nuestros territorios. Con la creaci\u00f3n de P\u00e1gina10.com se pretende abrir un escenario para el dialogo, la reflexi\u00f3n y el debate que se extienda a otras geograf\u00edas de Am\u00e9rica Latina y del planeta, en una apuesta por transformar colectivamente los desaf\u00edos de un mundo contempor\u00e1neo, m\u00e1s all\u00e1 de las fronteras impuestas.","url":"https:\/\/pagina10.com\/web\/author\/mcepeda\/"}]}},"_links":{"self":[{"href":"https:\/\/pagina10.com\/web\/wp-json\/wp\/v2\/posts\/18553","targetHints":{"allow":["GET"]}}],"collection":[{"href":"https:\/\/pagina10.com\/web\/wp-json\/wp\/v2\/posts"}],"about":[{"href":"https:\/\/pagina10.com\/web\/wp-json\/wp\/v2\/types\/post"}],"author":[{"embeddable":true,"href":"https:\/\/pagina10.com\/web\/wp-json\/wp\/v2\/users\/29"}],"replies":[{"embeddable":true,"href":"https:\/\/pagina10.com\/web\/wp-json\/wp\/v2\/comments?post=18553"}],"version-history":[{"count":0,"href":"https:\/\/pagina10.com\/web\/wp-json\/wp\/v2\/posts\/18553\/revisions"}],"wp:featuredmedia":[{"embeddable":true,"href":"https:\/\/pagina10.com\/web\/wp-json\/wp\/v2\/media\/18552"}],"wp:attachment":[{"href":"https:\/\/pagina10.com\/web\/wp-json\/wp\/v2\/media?parent=18553"}],"wp:term":[{"taxonomy":"category","embeddable":true,"href":"https:\/\/pagina10.com\/web\/wp-json\/wp\/v2\/categories?post=18553"},{"taxonomy":"post_tag","embeddable":true,"href":"https:\/\/pagina10.com\/web\/wp-json\/wp\/v2\/tags?post=18553"}],"curies":[{"name":"wp","href":"https:\/\/api.w.org\/{rel}","templated":true}]}}