{"id":18555,"date":"2015-11-17T18:59:02","date_gmt":"2015-11-17T18:59:02","guid":{"rendered":"https:\/\/pagina10.com\/web\/narinenses-se-destacan-en-convocatoria-de-periodismo-cultural\/"},"modified":"2015-11-17T18:59:02","modified_gmt":"2015-11-17T18:59:02","slug":"narinenses-se-destacan-en-convocatoria-de-periodismo-cultural","status":"publish","type":"post","link":"https:\/\/pagina10.com\/web\/narinenses-se-destacan-en-convocatoria-de-periodismo-cultural\/","title":{"rendered":"Nari\u00f1enses se destacan en convocatoria de periodismo cultural"},"content":{"rendered":"<p><img fetchpriority=\"high\" decoding=\"async\" class=\" size-full wp-image-18554\" src=\"https:\/\/pagina10.com\/web\/wp-content\/uploads\/2015\/11\/2c843956d5c4ebc467dcfa6336268a82.jpg\" alt=\"\" width=\"960\" height=\"640\" srcset=\"https:\/\/pagina10.com\/web\/wp-content\/uploads\/2015\/11\/2c843956d5c4ebc467dcfa6336268a82.jpg 960w, https:\/\/pagina10.com\/web\/wp-content\/uploads\/2015\/11\/2c843956d5c4ebc467dcfa6336268a82-300x200.jpg 300w, https:\/\/pagina10.com\/web\/wp-content\/uploads\/2015\/11\/2c843956d5c4ebc467dcfa6336268a82-768x512.jpg 768w, https:\/\/pagina10.com\/web\/wp-content\/uploads\/2015\/11\/2c843956d5c4ebc467dcfa6336268a82-450x300.jpg 450w\" sizes=\"(max-width: 960px) 100vw, 960px\" \/><\/p>\n<p style=\"text-align: justify;\">El departamento de Nari\u00f1o cuenta con dos trabajos ganadores y dos finalistas en la convocatoria de periodismo cultural \u201cDistintas maneras de narrar las m\u00fasicas de marimba y cantos tradicionales del Pac\u00edfico sur\u201d<\/p>\n<p style=\"text-align: justify;\">&nbsp;<\/p>\n<p style=\"text-align: justify;\">Los trabajos postulados por el realizador audiovisual &nbsp;V\u00edctor Hern\u00e1ndez&nbsp;denominado \u201cRelatos del manglar\u201d y por el fot\u00f3grafo&nbsp;Carlos Benavides&nbsp;con su propuesta \u201cBalsadas en honor al Se\u00f1or de la Misericordia\u201d &nbsp;ganaron, respectivamente, en las categor\u00edas mejor pieza audiovisual y mejor reportaje fotogr\u00e1fico. Por su parte los trabajos presentados por la realizadora audiovisual&nbsp;Carolina Revelo Rodr\u00edguez&nbsp;con \u201cCanto negro canto m\u00edo\u201d, y los periodistas&nbsp;Jhon Vivas y Francisco Guevara&nbsp;&nbsp;con \u201cSalvavidas\u201d fueron finalistas en la categor\u00eda mejor pieza audiovisual.<\/p>\n<p style=\"text-align: justify;\">&nbsp;<\/p>\n<p style=\"text-align: justify;\">Los reconocimientos los otorga el Ministerio de Cultura, la Secretar\u00eda de Cultura del Valle y la Secretar\u00eda de Cultura de Cali, a las piezas y trabajos period\u00edsticos que contribuyan a valorar, salvaguardar y visibilizar la riqueza musical, \u00e9tnica y espiritual de la manifestaci\u00f3n \u201cM\u00fasicas de marimba y los cantos tradicionales del Pacifico Sur\u201d, declarada patrimonio inmaterial de la humanidad.<\/p>\n<p style=\"text-align: justify;\">&nbsp;<\/p>\n<p style=\"text-align: justify;\">Estos resultados evidencian, una vez m\u00e1s, el nivel y el buen momento por el que pasan las narrativas nari\u00f1enses, y la proyecci\u00f3n e impacto de los trabajos comunicativos producidos desde el territorio. &nbsp;&nbsp;<\/p>\n<p style=\"text-align: justify;\">&nbsp;<\/p>\n<p style=\"text-align: justify;\">Felicitaciones a los ganadores y finalistas.<\/p>\n<p style=\"text-align: justify;\">&nbsp;<\/p>\n<p style=\"text-align: justify;\">Link con el bolet\u00edn de prensa:&nbsp;<a href=\"http:\/\/www.mincultura.gov.co\/prensa\/noticias\/Paginas\/Finalistas-y-ganadores-de-la-Convocatoria-de-periodismo-cultural--%E2%80%9CDistintas-maneras-de-narrar-las-m%C3%BAsicas-de-marimba-y-can.aspx\" target=\"_blank\"><\/a><a href=\"http:\/\/www.mincultura.gov.co\/\">http:\/\/www.mincultura.gov.co\/<\/a><wbr \/>prensa\/noticias\/Paginas\/<wbr \/>Finalistas-y-ganadores-de-la-<wbr \/>Convocatoria-de-periodismo-<wbr \/>cultural&#8211;%E2%80%9CDistintas-<wbr \/>maneras-de-narrar-las-m%C3%<wbr \/>BAsicas-de-marimba-y-can.aspx<\/p>\n","protected":false},"excerpt":{"rendered":"<p>El departamento de Nari\u00f1o cuenta con dos trabajos ganadores y dos finalistas en la convocatoria de periodismo cultural \u201cDistintas maneras de narrar las m\u00fasicas de marimba y cantos tradicionales del Pac\u00edfico sur\u201d &nbsp; Los trabajos postulados por el realizador audiovisual &nbsp;V\u00edctor Hern\u00e1ndez&nbsp;denominado \u201cRelatos del manglar\u201d y por el fot\u00f3grafo&nbsp;Carlos Benavides&nbsp;con su propuesta \u201cBalsadas en honor [&hellip;]<\/p>\n","protected":false},"author":29,"featured_media":18554,"comment_status":"open","ping_status":"open","sticky":false,"template":"","format":"standard","meta":{"footnotes":""},"categories":[1],"tags":[],"class_list":["post-18555","post","type-post","status-publish","format-standard","has-post-thumbnail","hentry","category-sin-categoria"],"yoast_head":"<!-- This site is optimized with the Yoast SEO plugin v27.1.1 - https:\/\/yoast.com\/product\/yoast-seo-wordpress\/ -->\n<title>Nari\u00f1enses se destacan en convocatoria de periodismo cultural | P\u00e1gina10<\/title>\n<meta name=\"robots\" content=\"index, follow, max-snippet:-1, max-image-preview:large, max-video-preview:-1\" \/>\n<link rel=\"canonical\" href=\"https:\/\/pagina10.com\/web\/narinenses-se-destacan-en-convocatoria-de-periodismo-cultural\/\" \/>\n<meta property=\"og:locale\" content=\"es_ES\" \/>\n<meta property=\"og:type\" content=\"article\" \/>\n<meta property=\"og:title\" content=\"Nari\u00f1enses se destacan en convocatoria de periodismo cultural | P\u00e1gina10\" \/>\n<meta property=\"og:description\" content=\"El departamento de Nari\u00f1o cuenta con dos trabajos ganadores y dos finalistas en la convocatoria de periodismo cultural \u201cDistintas maneras de narrar las m\u00fasicas de marimba y cantos tradicionales del Pac\u00edfico sur\u201d &nbsp; Los trabajos postulados por el realizador audiovisual &nbsp;V\u00edctor Hern\u00e1ndez&nbsp;denominado \u201cRelatos del manglar\u201d y por el fot\u00f3grafo&nbsp;Carlos Benavides&nbsp;con su propuesta \u201cBalsadas en honor [&hellip;]\" \/>\n<meta property=\"og:url\" content=\"https:\/\/pagina10.com\/web\/narinenses-se-destacan-en-convocatoria-de-periodismo-cultural\/\" \/>\n<meta property=\"og:site_name\" content=\"P\u00e1gina10\" \/>\n<meta property=\"article:publisher\" content=\"https:\/\/www.facebook.com\/pag10com\" \/>\n<meta property=\"article:published_time\" content=\"2015-11-17T18:59:02+00:00\" \/>\n<meta property=\"og:image\" content=\"https:\/\/pagina10.com\/web\/wp-content\/uploads\/2015\/11\/2c843956d5c4ebc467dcfa6336268a82.jpg\" \/>\n\t<meta property=\"og:image:width\" content=\"960\" \/>\n\t<meta property=\"og:image:height\" content=\"640\" \/>\n\t<meta property=\"og:image:type\" content=\"image\/jpeg\" \/>\n<meta name=\"author\" content=\"P\u00e1gina 10\" \/>\n<meta name=\"twitter:card\" content=\"summary_large_image\" \/>\n<meta name=\"twitter:creator\" content=\"@Pag10com\" \/>\n<meta name=\"twitter:site\" content=\"@Pag10com\" \/>\n<meta name=\"twitter:label1\" content=\"Escrito por\" \/>\n\t<meta name=\"twitter:data1\" content=\"P\u00e1gina 10\" \/>\n\t<meta name=\"twitter:label2\" content=\"Tiempo de lectura\" \/>\n\t<meta name=\"twitter:data2\" content=\"1 minuto\" \/>\n<script type=\"application\/ld+json\" class=\"yoast-schema-graph\">{\"@context\":\"https:\/\/schema.org\",\"@graph\":[{\"@type\":\"Article\",\"@id\":\"https:\/\/pagina10.com\/web\/narinenses-se-destacan-en-convocatoria-de-periodismo-cultural\/#article\",\"isPartOf\":{\"@id\":\"https:\/\/pagina10.com\/web\/narinenses-se-destacan-en-convocatoria-de-periodismo-cultural\/\"},\"author\":{\"name\":\"P\u00e1gina 10\",\"@id\":\"https:\/\/pagina10.com\/web\/#\/schema\/person\/a7a5d38f0629dfc107f619fbae4f6cc3\"},\"headline\":\"Nari\u00f1enses se destacan en convocatoria de periodismo cultural\",\"datePublished\":\"2015-11-17T18:59:02+00:00\",\"mainEntityOfPage\":{\"@id\":\"https:\/\/pagina10.com\/web\/narinenses-se-destacan-en-convocatoria-de-periodismo-cultural\/\"},\"wordCount\":275,\"commentCount\":0,\"publisher\":{\"@id\":\"https:\/\/pagina10.com\/web\/#organization\"},\"image\":{\"@id\":\"https:\/\/pagina10.com\/web\/narinenses-se-destacan-en-convocatoria-de-periodismo-cultural\/#primaryimage\"},\"thumbnailUrl\":\"https:\/\/pagina10.com\/web\/wp-content\/uploads\/2015\/11\/2c843956d5c4ebc467dcfa6336268a82.jpg\",\"inLanguage\":\"es\",\"potentialAction\":[{\"@type\":\"CommentAction\",\"name\":\"Comment\",\"target\":[\"https:\/\/pagina10.com\/web\/narinenses-se-destacan-en-convocatoria-de-periodismo-cultural\/#respond\"]}]},{\"@type\":\"WebPage\",\"@id\":\"https:\/\/pagina10.com\/web\/narinenses-se-destacan-en-convocatoria-de-periodismo-cultural\/\",\"url\":\"https:\/\/pagina10.com\/web\/narinenses-se-destacan-en-convocatoria-de-periodismo-cultural\/\",\"name\":\"Nari\u00f1enses se destacan en convocatoria de periodismo cultural | P\u00e1gina10\",\"isPartOf\":{\"@id\":\"https:\/\/pagina10.com\/web\/#website\"},\"primaryImageOfPage\":{\"@id\":\"https:\/\/pagina10.com\/web\/narinenses-se-destacan-en-convocatoria-de-periodismo-cultural\/#primaryimage\"},\"image\":{\"@id\":\"https:\/\/pagina10.com\/web\/narinenses-se-destacan-en-convocatoria-de-periodismo-cultural\/#primaryimage\"},\"thumbnailUrl\":\"https:\/\/pagina10.com\/web\/wp-content\/uploads\/2015\/11\/2c843956d5c4ebc467dcfa6336268a82.jpg\",\"datePublished\":\"2015-11-17T18:59:02+00:00\",\"breadcrumb\":{\"@id\":\"https:\/\/pagina10.com\/web\/narinenses-se-destacan-en-convocatoria-de-periodismo-cultural\/#breadcrumb\"},\"inLanguage\":\"es\",\"potentialAction\":[{\"@type\":\"ReadAction\",\"target\":[\"https:\/\/pagina10.com\/web\/narinenses-se-destacan-en-convocatoria-de-periodismo-cultural\/\"]}]},{\"@type\":\"ImageObject\",\"inLanguage\":\"es\",\"@id\":\"https:\/\/pagina10.com\/web\/narinenses-se-destacan-en-convocatoria-de-periodismo-cultural\/#primaryimage\",\"url\":\"https:\/\/pagina10.com\/web\/wp-content\/uploads\/2015\/11\/2c843956d5c4ebc467dcfa6336268a82.jpg\",\"contentUrl\":\"https:\/\/pagina10.com\/web\/wp-content\/uploads\/2015\/11\/2c843956d5c4ebc467dcfa6336268a82.jpg\",\"width\":960,\"height\":640},{\"@type\":\"BreadcrumbList\",\"@id\":\"https:\/\/pagina10.com\/web\/narinenses-se-destacan-en-convocatoria-de-periodismo-cultural\/#breadcrumb\",\"itemListElement\":[{\"@type\":\"ListItem\",\"position\":1,\"name\":\"Portada\",\"item\":\"https:\/\/pagina10.com\/web\/\"},{\"@type\":\"ListItem\",\"position\":2,\"name\":\"Nari\u00f1enses se destacan en convocatoria de periodismo cultural\"}]},{\"@type\":\"WebSite\",\"@id\":\"https:\/\/pagina10.com\/web\/#website\",\"url\":\"https:\/\/pagina10.com\/web\/\",\"name\":\"P\u00e1gina10\",\"description\":\"Peri\u00f3dico Regional\",\"publisher\":{\"@id\":\"https:\/\/pagina10.com\/web\/#organization\"},\"alternateName\":\"P\u00e1gina10 Peri\u00f3dico Regional\",\"potentialAction\":[{\"@type\":\"SearchAction\",\"target\":{\"@type\":\"EntryPoint\",\"urlTemplate\":\"https:\/\/pagina10.com\/web\/?s={search_term_string}\"},\"query-input\":{\"@type\":\"PropertyValueSpecification\",\"valueRequired\":true,\"valueName\":\"search_term_string\"}}],\"inLanguage\":\"es\"},{\"@type\":\"Organization\",\"@id\":\"https:\/\/pagina10.com\/web\/#organization\",\"name\":\"P\u00e1gina10\",\"alternateName\":\"P\u00e1gina10 Peri\u00f3dico Regional\",\"url\":\"https:\/\/pagina10.com\/web\/\",\"logo\":{\"@type\":\"ImageObject\",\"inLanguage\":\"es\",\"@id\":\"https:\/\/pagina10.com\/web\/#\/schema\/logo\/image\/\",\"url\":\"https:\/\/pagina10.com\/web\/wp-content\/uploads\/2024\/01\/40-pagina-10-periodico-regional-pasto.jpg\",\"contentUrl\":\"https:\/\/pagina10.com\/web\/wp-content\/uploads\/2024\/01\/40-pagina-10-periodico-regional-pasto.jpg\",\"width\":1280,\"height\":720,\"caption\":\"P\u00e1gina10\"},\"image\":{\"@id\":\"https:\/\/pagina10.com\/web\/#\/schema\/logo\/image\/\"},\"sameAs\":[\"https:\/\/www.facebook.com\/pag10com\",\"https:\/\/x.com\/Pag10com\",\"https:\/\/www.instagram.com\/pagina10col\/\",\"https:\/\/youtube.com\/channel\/pag10\",\"https:\/\/www.tiktok.com\/@p10col\"]},{\"@type\":\"Person\",\"@id\":\"https:\/\/pagina10.com\/web\/#\/schema\/person\/a7a5d38f0629dfc107f619fbae4f6cc3\",\"name\":\"P\u00e1gina 10\",\"description\":\"P\u00e1gina10.com es un peri\u00f3dico digital que nace en Colombia, en el departamento de Nari\u00f1o, con un enfoque global, fundamentado en cuatro pilares esenciales: la libertad, el pluralismo, la inclusi\u00f3n y la independencia. P\u00e1gina10.com hace referencia a Nari\u00f1o como el d\u00e9cimo departamento creado en Colombia, despu\u00e9s de un proceso pol\u00edtico liderado por actores y actrices regionales con el fin de obtener la independencia y autonom\u00eda de nuestros territorios. Con la creaci\u00f3n de P\u00e1gina10.com se pretende abrir un escenario para el dialogo, la reflexi\u00f3n y el debate que se extienda a otras geograf\u00edas de Am\u00e9rica Latina y del planeta, en una apuesta por transformar colectivamente los desaf\u00edos de un mundo contempor\u00e1neo, m\u00e1s all\u00e1 de las fronteras impuestas.\",\"url\":\"https:\/\/pagina10.com\/web\/author\/mcepeda\/\"}]}<\/script>\n<!-- \/ Yoast SEO plugin. -->","yoast_head_json":{"title":"Nari\u00f1enses se destacan en convocatoria de periodismo cultural | P\u00e1gina10","robots":{"index":"index","follow":"follow","max-snippet":"max-snippet:-1","max-image-preview":"max-image-preview:large","max-video-preview":"max-video-preview:-1"},"canonical":"https:\/\/pagina10.com\/web\/narinenses-se-destacan-en-convocatoria-de-periodismo-cultural\/","og_locale":"es_ES","og_type":"article","og_title":"Nari\u00f1enses se destacan en convocatoria de periodismo cultural | P\u00e1gina10","og_description":"El departamento de Nari\u00f1o cuenta con dos trabajos ganadores y dos finalistas en la convocatoria de periodismo cultural \u201cDistintas maneras de narrar las m\u00fasicas de marimba y cantos tradicionales del Pac\u00edfico sur\u201d &nbsp; Los trabajos postulados por el realizador audiovisual &nbsp;V\u00edctor Hern\u00e1ndez&nbsp;denominado \u201cRelatos del manglar\u201d y por el fot\u00f3grafo&nbsp;Carlos Benavides&nbsp;con su propuesta \u201cBalsadas en honor [&hellip;]","og_url":"https:\/\/pagina10.com\/web\/narinenses-se-destacan-en-convocatoria-de-periodismo-cultural\/","og_site_name":"P\u00e1gina10","article_publisher":"https:\/\/www.facebook.com\/pag10com","article_published_time":"2015-11-17T18:59:02+00:00","og_image":[{"width":960,"height":640,"url":"https:\/\/pagina10.com\/web\/wp-content\/uploads\/2015\/11\/2c843956d5c4ebc467dcfa6336268a82.jpg","type":"image\/jpeg"}],"author":"P\u00e1gina 10","twitter_card":"summary_large_image","twitter_creator":"@Pag10com","twitter_site":"@Pag10com","twitter_misc":{"Escrito por":"P\u00e1gina 10","Tiempo de lectura":"1 minuto"},"schema":{"@context":"https:\/\/schema.org","@graph":[{"@type":"Article","@id":"https:\/\/pagina10.com\/web\/narinenses-se-destacan-en-convocatoria-de-periodismo-cultural\/#article","isPartOf":{"@id":"https:\/\/pagina10.com\/web\/narinenses-se-destacan-en-convocatoria-de-periodismo-cultural\/"},"author":{"name":"P\u00e1gina 10","@id":"https:\/\/pagina10.com\/web\/#\/schema\/person\/a7a5d38f0629dfc107f619fbae4f6cc3"},"headline":"Nari\u00f1enses se destacan en convocatoria de periodismo cultural","datePublished":"2015-11-17T18:59:02+00:00","mainEntityOfPage":{"@id":"https:\/\/pagina10.com\/web\/narinenses-se-destacan-en-convocatoria-de-periodismo-cultural\/"},"wordCount":275,"commentCount":0,"publisher":{"@id":"https:\/\/pagina10.com\/web\/#organization"},"image":{"@id":"https:\/\/pagina10.com\/web\/narinenses-se-destacan-en-convocatoria-de-periodismo-cultural\/#primaryimage"},"thumbnailUrl":"https:\/\/pagina10.com\/web\/wp-content\/uploads\/2015\/11\/2c843956d5c4ebc467dcfa6336268a82.jpg","inLanguage":"es","potentialAction":[{"@type":"CommentAction","name":"Comment","target":["https:\/\/pagina10.com\/web\/narinenses-se-destacan-en-convocatoria-de-periodismo-cultural\/#respond"]}]},{"@type":"WebPage","@id":"https:\/\/pagina10.com\/web\/narinenses-se-destacan-en-convocatoria-de-periodismo-cultural\/","url":"https:\/\/pagina10.com\/web\/narinenses-se-destacan-en-convocatoria-de-periodismo-cultural\/","name":"Nari\u00f1enses se destacan en convocatoria de periodismo cultural | P\u00e1gina10","isPartOf":{"@id":"https:\/\/pagina10.com\/web\/#website"},"primaryImageOfPage":{"@id":"https:\/\/pagina10.com\/web\/narinenses-se-destacan-en-convocatoria-de-periodismo-cultural\/#primaryimage"},"image":{"@id":"https:\/\/pagina10.com\/web\/narinenses-se-destacan-en-convocatoria-de-periodismo-cultural\/#primaryimage"},"thumbnailUrl":"https:\/\/pagina10.com\/web\/wp-content\/uploads\/2015\/11\/2c843956d5c4ebc467dcfa6336268a82.jpg","datePublished":"2015-11-17T18:59:02+00:00","breadcrumb":{"@id":"https:\/\/pagina10.com\/web\/narinenses-se-destacan-en-convocatoria-de-periodismo-cultural\/#breadcrumb"},"inLanguage":"es","potentialAction":[{"@type":"ReadAction","target":["https:\/\/pagina10.com\/web\/narinenses-se-destacan-en-convocatoria-de-periodismo-cultural\/"]}]},{"@type":"ImageObject","inLanguage":"es","@id":"https:\/\/pagina10.com\/web\/narinenses-se-destacan-en-convocatoria-de-periodismo-cultural\/#primaryimage","url":"https:\/\/pagina10.com\/web\/wp-content\/uploads\/2015\/11\/2c843956d5c4ebc467dcfa6336268a82.jpg","contentUrl":"https:\/\/pagina10.com\/web\/wp-content\/uploads\/2015\/11\/2c843956d5c4ebc467dcfa6336268a82.jpg","width":960,"height":640},{"@type":"BreadcrumbList","@id":"https:\/\/pagina10.com\/web\/narinenses-se-destacan-en-convocatoria-de-periodismo-cultural\/#breadcrumb","itemListElement":[{"@type":"ListItem","position":1,"name":"Portada","item":"https:\/\/pagina10.com\/web\/"},{"@type":"ListItem","position":2,"name":"Nari\u00f1enses se destacan en convocatoria de periodismo cultural"}]},{"@type":"WebSite","@id":"https:\/\/pagina10.com\/web\/#website","url":"https:\/\/pagina10.com\/web\/","name":"P\u00e1gina10","description":"Peri\u00f3dico Regional","publisher":{"@id":"https:\/\/pagina10.com\/web\/#organization"},"alternateName":"P\u00e1gina10 Peri\u00f3dico Regional","potentialAction":[{"@type":"SearchAction","target":{"@type":"EntryPoint","urlTemplate":"https:\/\/pagina10.com\/web\/?s={search_term_string}"},"query-input":{"@type":"PropertyValueSpecification","valueRequired":true,"valueName":"search_term_string"}}],"inLanguage":"es"},{"@type":"Organization","@id":"https:\/\/pagina10.com\/web\/#organization","name":"P\u00e1gina10","alternateName":"P\u00e1gina10 Peri\u00f3dico Regional","url":"https:\/\/pagina10.com\/web\/","logo":{"@type":"ImageObject","inLanguage":"es","@id":"https:\/\/pagina10.com\/web\/#\/schema\/logo\/image\/","url":"https:\/\/pagina10.com\/web\/wp-content\/uploads\/2024\/01\/40-pagina-10-periodico-regional-pasto.jpg","contentUrl":"https:\/\/pagina10.com\/web\/wp-content\/uploads\/2024\/01\/40-pagina-10-periodico-regional-pasto.jpg","width":1280,"height":720,"caption":"P\u00e1gina10"},"image":{"@id":"https:\/\/pagina10.com\/web\/#\/schema\/logo\/image\/"},"sameAs":["https:\/\/www.facebook.com\/pag10com","https:\/\/x.com\/Pag10com","https:\/\/www.instagram.com\/pagina10col\/","https:\/\/youtube.com\/channel\/pag10","https:\/\/www.tiktok.com\/@p10col"]},{"@type":"Person","@id":"https:\/\/pagina10.com\/web\/#\/schema\/person\/a7a5d38f0629dfc107f619fbae4f6cc3","name":"P\u00e1gina 10","description":"P\u00e1gina10.com es un peri\u00f3dico digital que nace en Colombia, en el departamento de Nari\u00f1o, con un enfoque global, fundamentado en cuatro pilares esenciales: la libertad, el pluralismo, la inclusi\u00f3n y la independencia. P\u00e1gina10.com hace referencia a Nari\u00f1o como el d\u00e9cimo departamento creado en Colombia, despu\u00e9s de un proceso pol\u00edtico liderado por actores y actrices regionales con el fin de obtener la independencia y autonom\u00eda de nuestros territorios. Con la creaci\u00f3n de P\u00e1gina10.com se pretende abrir un escenario para el dialogo, la reflexi\u00f3n y el debate que se extienda a otras geograf\u00edas de Am\u00e9rica Latina y del planeta, en una apuesta por transformar colectivamente los desaf\u00edos de un mundo contempor\u00e1neo, m\u00e1s all\u00e1 de las fronteras impuestas.","url":"https:\/\/pagina10.com\/web\/author\/mcepeda\/"}]}},"_links":{"self":[{"href":"https:\/\/pagina10.com\/web\/wp-json\/wp\/v2\/posts\/18555","targetHints":{"allow":["GET"]}}],"collection":[{"href":"https:\/\/pagina10.com\/web\/wp-json\/wp\/v2\/posts"}],"about":[{"href":"https:\/\/pagina10.com\/web\/wp-json\/wp\/v2\/types\/post"}],"author":[{"embeddable":true,"href":"https:\/\/pagina10.com\/web\/wp-json\/wp\/v2\/users\/29"}],"replies":[{"embeddable":true,"href":"https:\/\/pagina10.com\/web\/wp-json\/wp\/v2\/comments?post=18555"}],"version-history":[{"count":0,"href":"https:\/\/pagina10.com\/web\/wp-json\/wp\/v2\/posts\/18555\/revisions"}],"wp:featuredmedia":[{"embeddable":true,"href":"https:\/\/pagina10.com\/web\/wp-json\/wp\/v2\/media\/18554"}],"wp:attachment":[{"href":"https:\/\/pagina10.com\/web\/wp-json\/wp\/v2\/media?parent=18555"}],"wp:term":[{"taxonomy":"category","embeddable":true,"href":"https:\/\/pagina10.com\/web\/wp-json\/wp\/v2\/categories?post=18555"},{"taxonomy":"post_tag","embeddable":true,"href":"https:\/\/pagina10.com\/web\/wp-json\/wp\/v2\/tags?post=18555"}],"curies":[{"name":"wp","href":"https:\/\/api.w.org\/{rel}","templated":true}]}}