{"id":18557,"date":"2015-11-17T23:19:20","date_gmt":"2015-11-17T23:19:20","guid":{"rendered":"https:\/\/pagina10.com\/web\/comision-primera-aprobo-proyecto-de-ley-que-castiga-el-soborno-transnacional\/"},"modified":"2015-11-17T23:19:20","modified_gmt":"2015-11-17T23:19:20","slug":"comision-primera-aprobo-proyecto-de-ley-que-castiga-el-soborno-transnacional","status":"publish","type":"post","link":"https:\/\/pagina10.com\/web\/comision-primera-aprobo-proyecto-de-ley-que-castiga-el-soborno-transnacional\/","title":{"rendered":"Comisi\u00f3n Primera aprob\u00f3 proyecto de ley que castiga el soborno transnacional"},"content":{"rendered":"<p><img fetchpriority=\"high\" decoding=\"async\" class=\" size-full wp-image-18556\" src=\"https:\/\/pagina10.com\/web\/wp-content\/uploads\/2015\/11\/5d47ab98f956330fefa66a602064779e.jpg\" alt=\"\" width=\"1183\" height=\"783\" srcset=\"https:\/\/pagina10.com\/web\/wp-content\/uploads\/2015\/11\/5d47ab98f956330fefa66a602064779e.jpg 1183w, https:\/\/pagina10.com\/web\/wp-content\/uploads\/2015\/11\/5d47ab98f956330fefa66a602064779e-300x199.jpg 300w, https:\/\/pagina10.com\/web\/wp-content\/uploads\/2015\/11\/5d47ab98f956330fefa66a602064779e-1024x678.jpg 1024w, https:\/\/pagina10.com\/web\/wp-content\/uploads\/2015\/11\/5d47ab98f956330fefa66a602064779e-768x508.jpg 768w\" sizes=\"(max-width: 1183px) 100vw, 1183px\" \/><\/p>\n<div style=\"text-align: justify;\">\u201cSanci\u00f3n de 200 salarios m\u00ednimos legales \u2013uno de los castigos m\u00e1s altos de la Superintendencia de Sociedades\u2014el Gobierno colombiano castigar\u00eda el soborno internacional, a funcionarios p\u00fablicos\u201d.<\/div>\n<div style=\"text-align: justify;\">&nbsp;<\/div>\n<div style=\"text-align: justify;\">As\u00ed se desprende de un proyecto de ley, que aprobado por la Comisi\u00f3n Primera de Senado,&nbsp; que castiga el soborno transnacional con ponencia del senador Horacio Serpa (liberal)<\/div>\n<div style=\"text-align: justify;\">&nbsp;<\/div>\n<div style=\"text-align: justify;\">La iniciativa contempla que incurrir\u00e1 en un delito transnacional, cuando un funcionario con investidura p\u00fablica, le pague a un par extranjero o deje hacer el trabajo que le demanda el cargo. \u201cPor ejemplo, el caso quedar\u00eda evidente cuando una compa\u00f1\u00eda colombiana que participa en una licitaci\u00f3n p\u00fablica, -en otro pa\u00eds- &nbsp;termina pagando un soborno a un funcionario extranjero\u201d.<\/div>\n<div style=\"text-align: justify;\">&nbsp;<\/div>\n<div style=\"text-align: justify;\">En palabras del senador Horacio Serpa, al aprobarse el proyecto de ley en primer debate, se da un paso importante el castigo de sobornos de orden transaccional e insisti\u00f3 que a trav\u00e9s de la iniciativa Colombia, queda a tono con otros pa\u00edses del mundo, que suscribieron un convenio para castigar este delito como Canad\u00e1 Jap\u00f3n, Estados Unidos y&nbsp; las naciones de Europa -m\u00e1s avanzados econ\u00f3micamente-<\/div>\n","protected":false},"excerpt":{"rendered":"<p>\u201cSanci\u00f3n de 200 salarios m\u00ednimos legales \u2013uno de los castigos m\u00e1s altos de la Superintendencia de Sociedades\u2014el Gobierno colombiano castigar\u00eda el soborno internacional, a funcionarios p\u00fablicos\u201d. &nbsp; As\u00ed se desprende de un proyecto de ley, que aprobado por la Comisi\u00f3n Primera de Senado,&nbsp; que castiga el soborno transnacional con ponencia del senador Horacio Serpa (liberal) [&hellip;]<\/p>\n","protected":false},"author":38,"featured_media":18556,"comment_status":"open","ping_status":"open","sticky":false,"template":"","format":"standard","meta":{"footnotes":""},"categories":[1],"tags":[],"class_list":["post-18557","post","type-post","status-publish","format-standard","has-post-thumbnail","hentry","category-sin-categoria"],"yoast_head":"<!-- This site is optimized with the Yoast SEO plugin v27.1.1 - https:\/\/yoast.com\/product\/yoast-seo-wordpress\/ -->\n<title>Comisi\u00f3n Primera aprob\u00f3 proyecto de ley que castiga el soborno transnacional | P\u00e1gina10<\/title>\n<meta name=\"robots\" content=\"index, follow, max-snippet:-1, max-image-preview:large, max-video-preview:-1\" \/>\n<link rel=\"canonical\" href=\"https:\/\/pagina10.com\/web\/comision-primera-aprobo-proyecto-de-ley-que-castiga-el-soborno-transnacional\/\" \/>\n<meta property=\"og:locale\" content=\"es_ES\" \/>\n<meta property=\"og:type\" content=\"article\" \/>\n<meta property=\"og:title\" content=\"Comisi\u00f3n Primera aprob\u00f3 proyecto de ley que castiga el soborno transnacional | P\u00e1gina10\" \/>\n<meta property=\"og:description\" content=\"\u201cSanci\u00f3n de 200 salarios m\u00ednimos legales \u2013uno de los castigos m\u00e1s altos de la Superintendencia de Sociedades\u2014el Gobierno colombiano castigar\u00eda el soborno internacional, a funcionarios p\u00fablicos\u201d. &nbsp; As\u00ed se desprende de un proyecto de ley, que aprobado por la Comisi\u00f3n Primera de Senado,&nbsp; que castiga el soborno transnacional con ponencia del senador Horacio Serpa (liberal) [&hellip;]\" \/>\n<meta property=\"og:url\" content=\"https:\/\/pagina10.com\/web\/comision-primera-aprobo-proyecto-de-ley-que-castiga-el-soborno-transnacional\/\" \/>\n<meta property=\"og:site_name\" content=\"P\u00e1gina10\" \/>\n<meta property=\"article:publisher\" content=\"https:\/\/www.facebook.com\/pag10com\" \/>\n<meta property=\"article:published_time\" content=\"2015-11-17T23:19:20+00:00\" \/>\n<meta property=\"og:image\" content=\"https:\/\/pagina10.com\/web\/wp-content\/uploads\/2015\/11\/5d47ab98f956330fefa66a602064779e.jpg\" \/>\n\t<meta property=\"og:image:width\" content=\"1183\" \/>\n\t<meta property=\"og:image:height\" content=\"783\" \/>\n\t<meta property=\"og:image:type\" content=\"image\/jpeg\" \/>\n<meta name=\"author\" content=\"Carlos Villota Santacruz.\" \/>\n<meta name=\"twitter:card\" content=\"summary_large_image\" \/>\n<meta name=\"twitter:creator\" content=\"@Pag10com\" \/>\n<meta name=\"twitter:site\" content=\"@Pag10com\" \/>\n<meta name=\"twitter:label1\" content=\"Escrito por\" \/>\n\t<meta name=\"twitter:data1\" content=\"Carlos Villota Santacruz.\" \/>\n\t<meta name=\"twitter:label2\" content=\"Tiempo de lectura\" \/>\n\t<meta name=\"twitter:data2\" content=\"1 minuto\" \/>\n<script type=\"application\/ld+json\" class=\"yoast-schema-graph\">{\"@context\":\"https:\/\/schema.org\",\"@graph\":[{\"@type\":\"Article\",\"@id\":\"https:\/\/pagina10.com\/web\/comision-primera-aprobo-proyecto-de-ley-que-castiga-el-soborno-transnacional\/#article\",\"isPartOf\":{\"@id\":\"https:\/\/pagina10.com\/web\/comision-primera-aprobo-proyecto-de-ley-que-castiga-el-soborno-transnacional\/\"},\"author\":{\"name\":\"Carlos Villota Santacruz.\",\"@id\":\"https:\/\/pagina10.com\/web\/#\/schema\/person\/b459e2d15ec5ba9d5a2c9a81c71c4f7b\"},\"headline\":\"Comisi\u00f3n Primera aprob\u00f3 proyecto de ley que castiga el soborno transnacional\",\"datePublished\":\"2015-11-17T23:19:20+00:00\",\"mainEntityOfPage\":{\"@id\":\"https:\/\/pagina10.com\/web\/comision-primera-aprobo-proyecto-de-ley-que-castiga-el-soborno-transnacional\/\"},\"wordCount\":212,\"commentCount\":0,\"publisher\":{\"@id\":\"https:\/\/pagina10.com\/web\/#organization\"},\"image\":{\"@id\":\"https:\/\/pagina10.com\/web\/comision-primera-aprobo-proyecto-de-ley-que-castiga-el-soborno-transnacional\/#primaryimage\"},\"thumbnailUrl\":\"https:\/\/pagina10.com\/web\/wp-content\/uploads\/2015\/11\/5d47ab98f956330fefa66a602064779e.jpg\",\"inLanguage\":\"es\",\"potentialAction\":[{\"@type\":\"CommentAction\",\"name\":\"Comment\",\"target\":[\"https:\/\/pagina10.com\/web\/comision-primera-aprobo-proyecto-de-ley-que-castiga-el-soborno-transnacional\/#respond\"]}]},{\"@type\":\"WebPage\",\"@id\":\"https:\/\/pagina10.com\/web\/comision-primera-aprobo-proyecto-de-ley-que-castiga-el-soborno-transnacional\/\",\"url\":\"https:\/\/pagina10.com\/web\/comision-primera-aprobo-proyecto-de-ley-que-castiga-el-soborno-transnacional\/\",\"name\":\"Comisi\u00f3n Primera aprob\u00f3 proyecto de ley que castiga el soborno transnacional | P\u00e1gina10\",\"isPartOf\":{\"@id\":\"https:\/\/pagina10.com\/web\/#website\"},\"primaryImageOfPage\":{\"@id\":\"https:\/\/pagina10.com\/web\/comision-primera-aprobo-proyecto-de-ley-que-castiga-el-soborno-transnacional\/#primaryimage\"},\"image\":{\"@id\":\"https:\/\/pagina10.com\/web\/comision-primera-aprobo-proyecto-de-ley-que-castiga-el-soborno-transnacional\/#primaryimage\"},\"thumbnailUrl\":\"https:\/\/pagina10.com\/web\/wp-content\/uploads\/2015\/11\/5d47ab98f956330fefa66a602064779e.jpg\",\"datePublished\":\"2015-11-17T23:19:20+00:00\",\"breadcrumb\":{\"@id\":\"https:\/\/pagina10.com\/web\/comision-primera-aprobo-proyecto-de-ley-que-castiga-el-soborno-transnacional\/#breadcrumb\"},\"inLanguage\":\"es\",\"potentialAction\":[{\"@type\":\"ReadAction\",\"target\":[\"https:\/\/pagina10.com\/web\/comision-primera-aprobo-proyecto-de-ley-que-castiga-el-soborno-transnacional\/\"]}]},{\"@type\":\"ImageObject\",\"inLanguage\":\"es\",\"@id\":\"https:\/\/pagina10.com\/web\/comision-primera-aprobo-proyecto-de-ley-que-castiga-el-soborno-transnacional\/#primaryimage\",\"url\":\"https:\/\/pagina10.com\/web\/wp-content\/uploads\/2015\/11\/5d47ab98f956330fefa66a602064779e.jpg\",\"contentUrl\":\"https:\/\/pagina10.com\/web\/wp-content\/uploads\/2015\/11\/5d47ab98f956330fefa66a602064779e.jpg\",\"width\":1183,\"height\":783},{\"@type\":\"BreadcrumbList\",\"@id\":\"https:\/\/pagina10.com\/web\/comision-primera-aprobo-proyecto-de-ley-que-castiga-el-soborno-transnacional\/#breadcrumb\",\"itemListElement\":[{\"@type\":\"ListItem\",\"position\":1,\"name\":\"Portada\",\"item\":\"https:\/\/pagina10.com\/web\/\"},{\"@type\":\"ListItem\",\"position\":2,\"name\":\"Comisi\u00f3n Primera aprob\u00f3 proyecto de ley que castiga el soborno transnacional\"}]},{\"@type\":\"WebSite\",\"@id\":\"https:\/\/pagina10.com\/web\/#website\",\"url\":\"https:\/\/pagina10.com\/web\/\",\"name\":\"P\u00e1gina10\",\"description\":\"Peri\u00f3dico Regional\",\"publisher\":{\"@id\":\"https:\/\/pagina10.com\/web\/#organization\"},\"alternateName\":\"P\u00e1gina10 Peri\u00f3dico Regional\",\"potentialAction\":[{\"@type\":\"SearchAction\",\"target\":{\"@type\":\"EntryPoint\",\"urlTemplate\":\"https:\/\/pagina10.com\/web\/?s={search_term_string}\"},\"query-input\":{\"@type\":\"PropertyValueSpecification\",\"valueRequired\":true,\"valueName\":\"search_term_string\"}}],\"inLanguage\":\"es\"},{\"@type\":\"Organization\",\"@id\":\"https:\/\/pagina10.com\/web\/#organization\",\"name\":\"P\u00e1gina10\",\"alternateName\":\"P\u00e1gina10 Peri\u00f3dico Regional\",\"url\":\"https:\/\/pagina10.com\/web\/\",\"logo\":{\"@type\":\"ImageObject\",\"inLanguage\":\"es\",\"@id\":\"https:\/\/pagina10.com\/web\/#\/schema\/logo\/image\/\",\"url\":\"https:\/\/pagina10.com\/web\/wp-content\/uploads\/2024\/01\/40-pagina-10-periodico-regional-pasto.jpg\",\"contentUrl\":\"https:\/\/pagina10.com\/web\/wp-content\/uploads\/2024\/01\/40-pagina-10-periodico-regional-pasto.jpg\",\"width\":1280,\"height\":720,\"caption\":\"P\u00e1gina10\"},\"image\":{\"@id\":\"https:\/\/pagina10.com\/web\/#\/schema\/logo\/image\/\"},\"sameAs\":[\"https:\/\/www.facebook.com\/pag10com\",\"https:\/\/x.com\/Pag10com\",\"https:\/\/www.instagram.com\/pagina10col\/\",\"https:\/\/youtube.com\/channel\/pag10\",\"https:\/\/www.tiktok.com\/@p10col\"]},{\"@type\":\"Person\",\"@id\":\"https:\/\/pagina10.com\/web\/#\/schema\/person\/b459e2d15ec5ba9d5a2c9a81c71c4f7b\",\"name\":\"Carlos Villota Santacruz.\",\"description\":\"Internacionalista-Comunicador Social y Periodista. Experto en Comunicaci\u00f3n para el desarrollo y ciudad-regi\u00f3n.. Promotor de proyectos e investigaci\u00f3n comunicativa en radio, prensa y televisi\u00f3n. Experiencia en el manejo de imagen externa, interna y protocolaria de entidades p\u00fablicas y privadas, encuentros culturales, empresariales y ambientales. Docente en el \u00e1rea de televisi\u00f3n, relaciones internacionales y bloques econ\u00f3micos. Experto y conferencista en temas de marketing pol\u00edtico, marketing de ciudad, integraci\u00f3n cultural, TLC y desarrollo urban\u00edstico. E-mail: villotasantacruzcarlos@yahoo.com.co\",\"url\":\"https:\/\/pagina10.com\/web\/author\/cvillota\/\"}]}<\/script>\n<!-- \/ Yoast SEO plugin. -->","yoast_head_json":{"title":"Comisi\u00f3n Primera aprob\u00f3 proyecto de ley que castiga el soborno transnacional | P\u00e1gina10","robots":{"index":"index","follow":"follow","max-snippet":"max-snippet:-1","max-image-preview":"max-image-preview:large","max-video-preview":"max-video-preview:-1"},"canonical":"https:\/\/pagina10.com\/web\/comision-primera-aprobo-proyecto-de-ley-que-castiga-el-soborno-transnacional\/","og_locale":"es_ES","og_type":"article","og_title":"Comisi\u00f3n Primera aprob\u00f3 proyecto de ley que castiga el soborno transnacional | P\u00e1gina10","og_description":"\u201cSanci\u00f3n de 200 salarios m\u00ednimos legales \u2013uno de los castigos m\u00e1s altos de la Superintendencia de Sociedades\u2014el Gobierno colombiano castigar\u00eda el soborno internacional, a funcionarios p\u00fablicos\u201d. &nbsp; As\u00ed se desprende de un proyecto de ley, que aprobado por la Comisi\u00f3n Primera de Senado,&nbsp; que castiga el soborno transnacional con ponencia del senador Horacio Serpa (liberal) [&hellip;]","og_url":"https:\/\/pagina10.com\/web\/comision-primera-aprobo-proyecto-de-ley-que-castiga-el-soborno-transnacional\/","og_site_name":"P\u00e1gina10","article_publisher":"https:\/\/www.facebook.com\/pag10com","article_published_time":"2015-11-17T23:19:20+00:00","og_image":[{"width":1183,"height":783,"url":"https:\/\/pagina10.com\/web\/wp-content\/uploads\/2015\/11\/5d47ab98f956330fefa66a602064779e.jpg","type":"image\/jpeg"}],"author":"Carlos Villota Santacruz.","twitter_card":"summary_large_image","twitter_creator":"@Pag10com","twitter_site":"@Pag10com","twitter_misc":{"Escrito por":"Carlos Villota Santacruz.","Tiempo de lectura":"1 minuto"},"schema":{"@context":"https:\/\/schema.org","@graph":[{"@type":"Article","@id":"https:\/\/pagina10.com\/web\/comision-primera-aprobo-proyecto-de-ley-que-castiga-el-soborno-transnacional\/#article","isPartOf":{"@id":"https:\/\/pagina10.com\/web\/comision-primera-aprobo-proyecto-de-ley-que-castiga-el-soborno-transnacional\/"},"author":{"name":"Carlos Villota Santacruz.","@id":"https:\/\/pagina10.com\/web\/#\/schema\/person\/b459e2d15ec5ba9d5a2c9a81c71c4f7b"},"headline":"Comisi\u00f3n Primera aprob\u00f3 proyecto de ley que castiga el soborno transnacional","datePublished":"2015-11-17T23:19:20+00:00","mainEntityOfPage":{"@id":"https:\/\/pagina10.com\/web\/comision-primera-aprobo-proyecto-de-ley-que-castiga-el-soborno-transnacional\/"},"wordCount":212,"commentCount":0,"publisher":{"@id":"https:\/\/pagina10.com\/web\/#organization"},"image":{"@id":"https:\/\/pagina10.com\/web\/comision-primera-aprobo-proyecto-de-ley-que-castiga-el-soborno-transnacional\/#primaryimage"},"thumbnailUrl":"https:\/\/pagina10.com\/web\/wp-content\/uploads\/2015\/11\/5d47ab98f956330fefa66a602064779e.jpg","inLanguage":"es","potentialAction":[{"@type":"CommentAction","name":"Comment","target":["https:\/\/pagina10.com\/web\/comision-primera-aprobo-proyecto-de-ley-que-castiga-el-soborno-transnacional\/#respond"]}]},{"@type":"WebPage","@id":"https:\/\/pagina10.com\/web\/comision-primera-aprobo-proyecto-de-ley-que-castiga-el-soborno-transnacional\/","url":"https:\/\/pagina10.com\/web\/comision-primera-aprobo-proyecto-de-ley-que-castiga-el-soborno-transnacional\/","name":"Comisi\u00f3n Primera aprob\u00f3 proyecto de ley que castiga el soborno transnacional | P\u00e1gina10","isPartOf":{"@id":"https:\/\/pagina10.com\/web\/#website"},"primaryImageOfPage":{"@id":"https:\/\/pagina10.com\/web\/comision-primera-aprobo-proyecto-de-ley-que-castiga-el-soborno-transnacional\/#primaryimage"},"image":{"@id":"https:\/\/pagina10.com\/web\/comision-primera-aprobo-proyecto-de-ley-que-castiga-el-soborno-transnacional\/#primaryimage"},"thumbnailUrl":"https:\/\/pagina10.com\/web\/wp-content\/uploads\/2015\/11\/5d47ab98f956330fefa66a602064779e.jpg","datePublished":"2015-11-17T23:19:20+00:00","breadcrumb":{"@id":"https:\/\/pagina10.com\/web\/comision-primera-aprobo-proyecto-de-ley-que-castiga-el-soborno-transnacional\/#breadcrumb"},"inLanguage":"es","potentialAction":[{"@type":"ReadAction","target":["https:\/\/pagina10.com\/web\/comision-primera-aprobo-proyecto-de-ley-que-castiga-el-soborno-transnacional\/"]}]},{"@type":"ImageObject","inLanguage":"es","@id":"https:\/\/pagina10.com\/web\/comision-primera-aprobo-proyecto-de-ley-que-castiga-el-soborno-transnacional\/#primaryimage","url":"https:\/\/pagina10.com\/web\/wp-content\/uploads\/2015\/11\/5d47ab98f956330fefa66a602064779e.jpg","contentUrl":"https:\/\/pagina10.com\/web\/wp-content\/uploads\/2015\/11\/5d47ab98f956330fefa66a602064779e.jpg","width":1183,"height":783},{"@type":"BreadcrumbList","@id":"https:\/\/pagina10.com\/web\/comision-primera-aprobo-proyecto-de-ley-que-castiga-el-soborno-transnacional\/#breadcrumb","itemListElement":[{"@type":"ListItem","position":1,"name":"Portada","item":"https:\/\/pagina10.com\/web\/"},{"@type":"ListItem","position":2,"name":"Comisi\u00f3n Primera aprob\u00f3 proyecto de ley que castiga el soborno transnacional"}]},{"@type":"WebSite","@id":"https:\/\/pagina10.com\/web\/#website","url":"https:\/\/pagina10.com\/web\/","name":"P\u00e1gina10","description":"Peri\u00f3dico Regional","publisher":{"@id":"https:\/\/pagina10.com\/web\/#organization"},"alternateName":"P\u00e1gina10 Peri\u00f3dico Regional","potentialAction":[{"@type":"SearchAction","target":{"@type":"EntryPoint","urlTemplate":"https:\/\/pagina10.com\/web\/?s={search_term_string}"},"query-input":{"@type":"PropertyValueSpecification","valueRequired":true,"valueName":"search_term_string"}}],"inLanguage":"es"},{"@type":"Organization","@id":"https:\/\/pagina10.com\/web\/#organization","name":"P\u00e1gina10","alternateName":"P\u00e1gina10 Peri\u00f3dico Regional","url":"https:\/\/pagina10.com\/web\/","logo":{"@type":"ImageObject","inLanguage":"es","@id":"https:\/\/pagina10.com\/web\/#\/schema\/logo\/image\/","url":"https:\/\/pagina10.com\/web\/wp-content\/uploads\/2024\/01\/40-pagina-10-periodico-regional-pasto.jpg","contentUrl":"https:\/\/pagina10.com\/web\/wp-content\/uploads\/2024\/01\/40-pagina-10-periodico-regional-pasto.jpg","width":1280,"height":720,"caption":"P\u00e1gina10"},"image":{"@id":"https:\/\/pagina10.com\/web\/#\/schema\/logo\/image\/"},"sameAs":["https:\/\/www.facebook.com\/pag10com","https:\/\/x.com\/Pag10com","https:\/\/www.instagram.com\/pagina10col\/","https:\/\/youtube.com\/channel\/pag10","https:\/\/www.tiktok.com\/@p10col"]},{"@type":"Person","@id":"https:\/\/pagina10.com\/web\/#\/schema\/person\/b459e2d15ec5ba9d5a2c9a81c71c4f7b","name":"Carlos Villota Santacruz.","description":"Internacionalista-Comunicador Social y Periodista. Experto en Comunicaci\u00f3n para el desarrollo y ciudad-regi\u00f3n.. Promotor de proyectos e investigaci\u00f3n comunicativa en radio, prensa y televisi\u00f3n. Experiencia en el manejo de imagen externa, interna y protocolaria de entidades p\u00fablicas y privadas, encuentros culturales, empresariales y ambientales. Docente en el \u00e1rea de televisi\u00f3n, relaciones internacionales y bloques econ\u00f3micos. Experto y conferencista en temas de marketing pol\u00edtico, marketing de ciudad, integraci\u00f3n cultural, TLC y desarrollo urban\u00edstico. E-mail: villotasantacruzcarlos@yahoo.com.co","url":"https:\/\/pagina10.com\/web\/author\/cvillota\/"}]}},"_links":{"self":[{"href":"https:\/\/pagina10.com\/web\/wp-json\/wp\/v2\/posts\/18557","targetHints":{"allow":["GET"]}}],"collection":[{"href":"https:\/\/pagina10.com\/web\/wp-json\/wp\/v2\/posts"}],"about":[{"href":"https:\/\/pagina10.com\/web\/wp-json\/wp\/v2\/types\/post"}],"author":[{"embeddable":true,"href":"https:\/\/pagina10.com\/web\/wp-json\/wp\/v2\/users\/38"}],"replies":[{"embeddable":true,"href":"https:\/\/pagina10.com\/web\/wp-json\/wp\/v2\/comments?post=18557"}],"version-history":[{"count":0,"href":"https:\/\/pagina10.com\/web\/wp-json\/wp\/v2\/posts\/18557\/revisions"}],"wp:featuredmedia":[{"embeddable":true,"href":"https:\/\/pagina10.com\/web\/wp-json\/wp\/v2\/media\/18556"}],"wp:attachment":[{"href":"https:\/\/pagina10.com\/web\/wp-json\/wp\/v2\/media?parent=18557"}],"wp:term":[{"taxonomy":"category","embeddable":true,"href":"https:\/\/pagina10.com\/web\/wp-json\/wp\/v2\/categories?post=18557"},{"taxonomy":"post_tag","embeddable":true,"href":"https:\/\/pagina10.com\/web\/wp-json\/wp\/v2\/tags?post=18557"}],"curies":[{"name":"wp","href":"https:\/\/api.w.org\/{rel}","templated":true}]}}