{"id":18559,"date":"2015-11-18T01:17:07","date_gmt":"2015-11-18T01:17:07","guid":{"rendered":"https:\/\/pagina10.com\/web\/4-500-creditos-beca-docentes-para-cursar-maestrias\/"},"modified":"2015-11-18T01:17:07","modified_gmt":"2015-11-18T01:17:07","slug":"4-500-creditos-beca-docentes-para-cursar-maestrias","status":"publish","type":"post","link":"https:\/\/pagina10.com\/web\/4-500-creditos-beca-docentes-para-cursar-maestrias\/","title":{"rendered":"4.500 cr\u00e9ditos beca docentes para cursar maestr\u00edas"},"content":{"rendered":"<p><img fetchpriority=\"high\" decoding=\"async\" class=\" size-full wp-image-18558\" src=\"https:\/\/pagina10.com\/web\/wp-content\/uploads\/2015\/11\/4bfdeb000f098809492fc571c49169db.jpg\" alt=\"\" width=\"733\" height=\"491\" srcset=\"https:\/\/pagina10.com\/web\/wp-content\/uploads\/2015\/11\/4bfdeb000f098809492fc571c49169db.jpg 733w, https:\/\/pagina10.com\/web\/wp-content\/uploads\/2015\/11\/4bfdeb000f098809492fc571c49169db-300x201.jpg 300w, https:\/\/pagina10.com\/web\/wp-content\/uploads\/2015\/11\/4bfdeb000f098809492fc571c49169db-450x300.jpg 450w\" sizes=\"(max-width: 733px) 100vw, 733px\" \/><\/p>\n<div style=\"text-align: justify;\">El programa de Becas para la Excelencia Docente brindar\u00e1 2.250 cr\u00e9ditos beca cada semestre con los que los docentes podr\u00e1n cursar sus estudios de postgrado en 22 universidades acreditadas en alta calidad.<\/div>\n<p style=\"text-align: justify;\">La Viceministra de Educaci\u00f3n Superior y Ministra (e) Natalia Ariza Ram\u00edrez anunci\u00f3 la apertura de la convocatoria del programa de Becas para la Excelencia Docente para que maestros de colegios oficiales del pa\u00eds puedan acceder en 2016 a 4.500 cr\u00e9ditos beca, adicionales a los 3.000 de este a\u00f1o.<\/p>\n<p style=\"text-align: justify;\">De acuerdo a la Ministra (e) Natalia Ariza ser\u00e1n 2.250 cr\u00e9ditos beca cada semestre con los que los docentes podr\u00e1n cursar sus estudios de postgrado en 22 universidades acreditadas en alta calidad.<\/p>\n<p style=\"text-align: justify;\">&#8220;Estos cr\u00e9ditos becas son 100% condonables, es decir los maestros no deben cancelar nada si se grad\u00faan y permanecen en la instituci\u00f3n donde laboran. En el 2016 esperamos llegar a las 95 secretarias de educaci\u00f3n certificadas con una inversi\u00f3n proyectada de $56.000 millones de pesos&#8221; explic\u00f3 la Ministra (e) Natalia Ariza.<\/p>\n<p style=\"text-align: justify;\">La jefe de la cartera (e) tambi\u00e9n explic\u00f3 que en la primera convocatoria se matricularon 2.700 maestros en este programa, algunos de colegios pioneros en Jornada \u00danica; otros de colegios con tendencia de mejoramiento, identificados por el \u00cdndice Sint\u00e9tico de Calidad; y tambi\u00e9n de Instituciones de departamentos de la Orinoquia y la Amazonia. Hasta el momento ninguno de estos docentes ha desertado de los programas de maestr\u00eda, gracias al acompa\u00f1amiento que hacen las Universidades a los colegios de los docentes becados.<\/p>\n<p style=\"text-align: justify;\">De igual forma, Ariza explic\u00f3 que para acceder a estos cr\u00e9ditos becas los docentes deben inscribirse a trav\u00e9s de la p\u00e1gina web del Ministerio de Educaci\u00f3n, www.mineducacion.gov.co y la entidad ser\u00e1 la que elegir\u00e1 el programa y la Instituci\u00f3n de Educaci\u00f3n Superior de acuerdo a la ubicaci\u00f3n geogr\u00e1fica en la que se encuentra el docente que cumpla con los requisitos establecidos y estas IES a su vez contactar\u00e1n a los candidatos para que inicien el proceso de admisi\u00f3n.<\/p>\n<p style=\"text-align: justify;\">Estos candidatos deber\u00e1n iniciar las gestiones del cr\u00e9dito 100% condonable ante el ICETEX, el cual para este programa no requerir\u00e1 un deudor solidario y tambi\u00e9n tiene la posibilidad de acceder aun cuando se tenga reporte negativo en el estudio financiero.<\/p>\n<p style=\"text-align: justify;\">&#8220;Este cr\u00e9dito beca solamente requiere el compromiso del docente lo que implica: desarrollar un proyecto que impacte el mejoramiento de su instituci\u00f3n educativa, graduarse en los semestres regulares que dura el programa y permanecer en su establecimiento educativo en el trascurso de la maestr\u00eda y durante 2 a\u00f1os adicionales para consolidar los procesos de mejoramiento&#8221; agreg\u00f3 la Ministra (e) Natalia Ariza.<\/p>\n<p style=\"text-align: justify;\">Los requisitos para acceder a los cr\u00e9ditos becas son:<\/p>\n<ul style=\"text-align: justify;\">\n<li>Ser docente de aula o tutor del PTA.<\/li>\n<li>Tener nombramiento en propiedad o en periodo de prueba.<\/li>\n<li>Tener una edad m\u00e1xima de 45 a\u00f1os.<\/li>\n<li>Desempe\u00f1arse en b\u00e1sica primaria o b\u00e1sica secundaria o media en las \u00e1reas de matem\u00e1ticas, lengua castellana, ciencias naturales, sociales o filosof\u00eda.<\/li>\n<li>No contar con estudios de maestr\u00eda.<\/li>\n<\/ul>\n<p style=\"text-align: justify;\">Esta estrategia que busca mejorar la pr\u00e1ctica docente e impactar la calidad de la educaci\u00f3n en el pa\u00eds, ya ha comenzado a tener buenos resultados. En los colegios que ya se beneficiaron de estos cr\u00e9ditos beca para maestros, sacaron m\u00e1s beneficiarios de la segunda convocatoria del programa Ser Pilo Paga 2.0. Estas instituciones aumentaron en un 23% respecto al 2014, el a\u00f1o pasado aportaron a \u00e9ste programa 619 pilos y para esta segunda versi\u00f3n son 760.<\/p>\n<p style=\"text-align: justify;\">Listado programas e Instituciones de Educaci\u00f3n Superior en los que se asignar\u00e1n cr\u00e9ditos beca:<\/p>\n<table align=\"center\" border=\"0\" cellpadding=\"0\" cellspacing=\"0\">\n<tbody>\n<tr>\n<td>\n<p>IES<\/p>\n<\/td>\n<td>\n<p>OFERTA I-2016<\/p>\n<\/td>\n<td>\n<p>Programa<\/p>\n<\/td>\n<td>\n<p>Secretar\u00edas<\/p>\n<\/td>\n<\/tr>\n<tr>\n<td rowspan=\"5\">\n<p>U. Cauca<\/p>\n<\/td>\n<td rowspan=\"5\">\n<p>250<\/p>\n<\/td>\n<td rowspan=\"5\">\n<p>Maestr\u00eda en educaci\u00f3n<\/p>\n<\/td>\n<td>\n<p>Putumayo<\/p>\n<\/td>\n<\/tr>\n<tr>\n<td>\n<p>Caquet\u00e1<\/p>\n<\/td>\n<\/tr>\n<tr>\n<td>\n<p>Popay\u00e1n<\/p>\n<\/td>\n<\/tr>\n<tr>\n<td>\n<p>Cauca<\/p>\n<\/td>\n<\/tr>\n<tr>\n<td>\n<p>Nari\u00f1o<\/p>\n<\/td>\n<\/tr>\n<tr>\n<td rowspan=\"2\">\n<p>Universidad de los Andes<\/p>\n<\/td>\n<td rowspan=\"2\">\n<p>200<\/p>\n<\/td>\n<td rowspan=\"2\">\n<p>Maestr\u00eda en educaci\u00f3n<\/p>\n<\/td>\n<td>\n<p>Bogot\u00e1<\/p>\n<\/td>\n<\/tr>\n<tr>\n<td>\n<p>Ibagu\u00e9<\/p>\n<\/td>\n<\/tr>\n<tr>\n<td rowspan=\"4\">\n<p>Universidad Pedag\u00f3gica Tecnol\u00f3gica de Colombia<\/p>\n<\/td>\n<td rowspan=\"4\">\n<p>200<\/p>\n<\/td>\n<td rowspan=\"4\">\n<p>Maestr\u00eda en educaci\u00f3n<\/p>\n<\/td>\n<td>\n<p>Tunja<\/p>\n<\/td>\n<\/tr>\n<tr>\n<td>\n<p>Sogamoso<\/p>\n<\/td>\n<\/tr>\n<tr>\n<td>\n<p>Duitama<\/p>\n<\/td>\n<\/tr>\n<tr>\n<td>\n<p>Chiquinquir\u00e1<\/p>\n<\/td>\n<\/tr>\n<tr>\n<td>\n<p>Universidad del Norte<\/p>\n<\/td>\n<td>\n<p>200<\/p>\n<\/td>\n<td>\n<p>Maestr\u00eda en educaci\u00f3n<\/p>\n<\/td>\n<td>\n<p>Barranquilla<\/p>\n<\/td>\n<\/tr>\n<tr>\n<td rowspan=\"2\">\n<p>Universidad Tecnol\u00f3gica de Pereira<\/p>\n<\/td>\n<td rowspan=\"2\">\n<p>170<\/p>\n<\/td>\n<td rowspan=\"2\">\n<p>Maestr\u00eda en educaci\u00f3n<\/p>\n<\/td>\n<td>\n<p>Pereira<\/p>\n<\/td>\n<\/tr>\n<tr>\n<td>\n<p>Risaralda<\/p>\n<\/td>\n<\/tr>\n<tr>\n<td rowspan=\"3\">\n<p>Universidad Pontificia Bolivariana<\/p>\n<\/td>\n<td rowspan=\"3\">\n<p>150<\/p>\n<\/td>\n<td rowspan=\"3\">\n<p>Maestr\u00eda en educaci\u00f3n<\/p>\n<\/td>\n<td>\n<p>Amazonas<\/p>\n<\/td>\n<\/tr>\n<tr>\n<td>\n<p>Vaup\u00e9s<\/p>\n<\/td>\n<\/tr>\n<tr>\n<td>\n<p>Guain\u00eda<\/p>\n<\/td>\n<\/tr>\n<tr>\n<td rowspan=\"2\">\n<p>Universidad Industrial de Santander<\/p>\n<\/td>\n<td rowspan=\"2\">\n<p>150<\/p>\n<\/td>\n<td rowspan=\"2\">\n<p>Maestr\u00eda en pedagog\u00eda<\/p>\n<\/td>\n<td>\n<p>Socorro<\/p>\n<\/td>\n<\/tr>\n<tr>\n<td>\n<p>Barrancabermeja<\/p>\n<\/td>\n<\/tr>\n<tr>\n<td rowspan=\"3\">\n<p>Universidad Santo Tom\u00e1s<\/p>\n<\/td>\n<td rowspan=\"3\">\n<p>150<\/p>\n<\/td>\n<td rowspan=\"3\">\n<p>Maestr\u00eda en did\u00e1ctica<\/p>\n<\/td>\n<td>\n<p>Neiva<\/p>\n<\/td>\n<\/tr>\n<tr>\n<td>\n<p>Pasto<\/p>\n<\/td>\n<\/tr>\n<tr>\n<td>\n<p>Monter\u00eda<\/p>\n<\/td>\n<\/tr>\n<tr>\n<td rowspan=\"2\">\n<p>Universidad de Antioquia<\/p>\n<\/td>\n<td rowspan=\"2\">\n<p>120<\/p>\n<\/td>\n<td rowspan=\"2\">\n<p>Maestr\u00eda en educaci\u00f3n<\/p>\n<\/td>\n<td>\n<p>Antioquia<\/p>\n<\/td>\n<\/tr>\n<tr>\n<td>\n<p>Medell\u00edn<\/p>\n<\/td>\n<\/tr>\n<tr>\n<td rowspan=\"3\">\n<p>Universidad de la Sabana<\/p>\n<\/td>\n<td rowspan=\"3\">\n<p>100<\/p>\n<\/td>\n<td rowspan=\"3\">\n<p>Maestr\u00eda en pedagog\u00eda<\/p>\n<\/td>\n<td>\n<p>Ch\u00eda<\/p>\n<\/td>\n<\/tr>\n<tr>\n<td>\n<p>Zipaquir\u00e1<\/p>\n<\/td>\n<\/tr>\n<tr>\n<td>\n<p>Cajic\u00e1<\/p>\n<\/td>\n<\/tr>\n<tr>\n<td rowspan=\"2\">\n<p>Universidad Javeriana<\/p>\n<\/td>\n<td rowspan=\"2\">\n<p>100<\/p>\n<\/td>\n<td rowspan=\"2\">\n<p>Maestr\u00eda en educaci\u00f3n<\/p>\n<\/td>\n<td>\n<p>Bogot\u00e1<\/p>\n<\/td>\n<\/tr>\n<tr>\n<td>\n<p>Cundinamarca<\/p>\n<\/td>\n<\/tr>\n<tr>\n<td rowspan=\"2\">\n<p>Universidad de Caldas<\/p>\n<\/td>\n<td rowspan=\"2\">\n<p>80<\/p>\n<\/td>\n<td rowspan=\"2\">\n<p>Maestr\u00eda en educaci\u00f3n<\/p>\n<\/td>\n<td>\n<p>Manizales<\/p>\n<\/td>\n<\/tr>\n<tr>\n<td>\n<p>Caldas<\/p>\n<\/td>\n<\/tr>\n<tr>\n<td rowspan=\"2\">\n<p>ICESI<\/p>\n<\/td>\n<td rowspan=\"2\">\n<p>80<\/p>\n<\/td>\n<td rowspan=\"2\">\n<p>Maestr\u00eda en educaci\u00f3n<\/p>\n<\/td>\n<td>\n<p>Cali<\/p>\n<\/td>\n<\/tr>\n<tr>\n<td>\n<p>Jamund\u00ed<\/p>\n<\/td>\n<\/tr>\n<tr>\n<td rowspan=\"2\">\n<p>Universidad Externado<\/p>\n<\/td>\n<td rowspan=\"2\">\n<p>60<\/p>\n<\/td>\n<td rowspan=\"2\">\n<p>Maestr\u00eda en educaci\u00f3n<\/p>\n<\/td>\n<td>\n<p>Bogot\u00e1<\/p>\n<\/td>\n<\/tr>\n<tr>\n<td>\n<p>Cundinamarca<\/p>\n<\/td>\n<\/tr>\n<tr>\n<td rowspan=\"2\">\n<p>Universidad de Medell\u00edn<\/p>\n<\/td>\n<td rowspan=\"2\">\n<p>50<\/p>\n<\/td>\n<td rowspan=\"2\">\n<p>Maestr\u00eda en educaci\u00f3n<\/p>\n<\/td>\n<td>\n<p>Choc\u00f3<\/p>\n<\/td>\n<\/tr>\n<tr>\n<td>\n<p>Quibd\u00f3<\/p>\n<\/td>\n<\/tr>\n<tr>\n<td>\n<p>UNAL-Arauca<\/p>\n<\/td>\n<td>\n<p>60<\/p>\n<\/td>\n<td>\n<p>Maestr\u00eda en Ense\u00f1anza de las Ciencias Exactas y Naturales<\/p>\n<\/td>\n<td>\n<p>Arauca<\/p>\n<\/td>\n<\/tr>\n<tr>\n<td>\n<p>UNAL-Palmira<\/p>\n<\/td>\n<td>\n<p>60<\/p>\n<\/td>\n<td>\n<p>Maestr\u00eda en Ense\u00f1anza de las Ciencias Exactas y Naturales<\/p>\n<\/td>\n<td>\n<p>Palmira<\/p>\n<\/td>\n<\/tr>\n<tr>\n<td rowspan=\"2\">\n<p>Universidad de la Salle<\/p>\n<\/td>\n<td rowspan=\"2\">\n<p>40<\/p>\n<\/td>\n<td rowspan=\"2\">\n<p>Maestr\u00eda en docencia<\/p>\n<\/td>\n<td>\n<p>Yopal<\/p>\n<\/td>\n<\/tr>\n<tr>\n<td>\n<p>Casanare<\/p>\n<\/td>\n<\/tr>\n<tr>\n<td><\/td>\n<td>\n<p>2220<\/p>\n<\/td>\n<td><\/td>\n<td>\n<p>41<\/p>\n<\/td>\n<\/tr>\n<\/tbody>\n<\/table>\n<p style=\"text-align: justify;\">&#8212;&#8212;&#8212;&#8212;&#8212;&#8212;&#8211;<\/p>\n","protected":false},"excerpt":{"rendered":"<p>El programa de Becas para la Excelencia Docente brindar\u00e1 2.250 cr\u00e9ditos beca cada semestre con los que los docentes podr\u00e1n cursar sus estudios de postgrado en 22 universidades acreditadas en alta calidad. La Viceministra de Educaci\u00f3n Superior y Ministra (e) Natalia Ariza Ram\u00edrez anunci\u00f3 la apertura de la convocatoria del programa de Becas para la [&hellip;]<\/p>\n","protected":false},"author":29,"featured_media":18558,"comment_status":"open","ping_status":"open","sticky":false,"template":"","format":"standard","meta":{"footnotes":""},"categories":[1],"tags":[],"class_list":["post-18559","post","type-post","status-publish","format-standard","has-post-thumbnail","hentry","category-sin-categoria"],"yoast_head":"<!-- This site is optimized with the Yoast SEO plugin v27.1.1 - https:\/\/yoast.com\/product\/yoast-seo-wordpress\/ -->\n<title>4.500 cr\u00e9ditos beca docentes para cursar maestr\u00edas | P\u00e1gina10<\/title>\n<meta name=\"robots\" content=\"index, follow, max-snippet:-1, max-image-preview:large, max-video-preview:-1\" \/>\n<link rel=\"canonical\" href=\"https:\/\/pagina10.com\/web\/4-500-creditos-beca-docentes-para-cursar-maestrias\/\" \/>\n<meta property=\"og:locale\" content=\"es_ES\" \/>\n<meta property=\"og:type\" content=\"article\" \/>\n<meta property=\"og:title\" content=\"4.500 cr\u00e9ditos beca docentes para cursar maestr\u00edas | P\u00e1gina10\" \/>\n<meta property=\"og:description\" content=\"El programa de Becas para la Excelencia Docente brindar\u00e1 2.250 cr\u00e9ditos beca cada semestre con los que los docentes podr\u00e1n cursar sus estudios de postgrado en 22 universidades acreditadas en alta calidad. La Viceministra de Educaci\u00f3n Superior y Ministra (e) Natalia Ariza Ram\u00edrez anunci\u00f3 la apertura de la convocatoria del programa de Becas para la [&hellip;]\" \/>\n<meta property=\"og:url\" content=\"https:\/\/pagina10.com\/web\/4-500-creditos-beca-docentes-para-cursar-maestrias\/\" \/>\n<meta property=\"og:site_name\" content=\"P\u00e1gina10\" \/>\n<meta property=\"article:publisher\" content=\"https:\/\/www.facebook.com\/pag10com\" \/>\n<meta property=\"article:published_time\" content=\"2015-11-18T01:17:07+00:00\" \/>\n<meta property=\"og:image\" content=\"https:\/\/pagina10.com\/web\/wp-content\/uploads\/2015\/11\/4bfdeb000f098809492fc571c49169db.jpg\" \/>\n\t<meta property=\"og:image:width\" content=\"733\" \/>\n\t<meta property=\"og:image:height\" content=\"491\" \/>\n\t<meta property=\"og:image:type\" content=\"image\/jpeg\" \/>\n<meta name=\"author\" content=\"P\u00e1gina 10\" \/>\n<meta name=\"twitter:card\" content=\"summary_large_image\" \/>\n<meta name=\"twitter:creator\" content=\"@Pag10com\" \/>\n<meta name=\"twitter:site\" content=\"@Pag10com\" \/>\n<meta name=\"twitter:label1\" content=\"Escrito por\" \/>\n\t<meta name=\"twitter:data1\" content=\"P\u00e1gina 10\" \/>\n\t<meta name=\"twitter:label2\" content=\"Tiempo de lectura\" \/>\n\t<meta name=\"twitter:data2\" content=\"4 minutos\" \/>\n<script type=\"application\/ld+json\" class=\"yoast-schema-graph\">{\"@context\":\"https:\/\/schema.org\",\"@graph\":[{\"@type\":\"Article\",\"@id\":\"https:\/\/pagina10.com\/web\/4-500-creditos-beca-docentes-para-cursar-maestrias\/#article\",\"isPartOf\":{\"@id\":\"https:\/\/pagina10.com\/web\/4-500-creditos-beca-docentes-para-cursar-maestrias\/\"},\"author\":{\"name\":\"P\u00e1gina 10\",\"@id\":\"https:\/\/pagina10.com\/web\/#\/schema\/person\/a7a5d38f0629dfc107f619fbae4f6cc3\"},\"headline\":\"4.500 cr\u00e9ditos beca docentes para cursar maestr\u00edas\",\"datePublished\":\"2015-11-18T01:17:07+00:00\",\"mainEntityOfPage\":{\"@id\":\"https:\/\/pagina10.com\/web\/4-500-creditos-beca-docentes-para-cursar-maestrias\/\"},\"wordCount\":833,\"commentCount\":0,\"publisher\":{\"@id\":\"https:\/\/pagina10.com\/web\/#organization\"},\"image\":{\"@id\":\"https:\/\/pagina10.com\/web\/4-500-creditos-beca-docentes-para-cursar-maestrias\/#primaryimage\"},\"thumbnailUrl\":\"https:\/\/pagina10.com\/web\/wp-content\/uploads\/2015\/11\/4bfdeb000f098809492fc571c49169db.jpg\",\"inLanguage\":\"es\",\"potentialAction\":[{\"@type\":\"CommentAction\",\"name\":\"Comment\",\"target\":[\"https:\/\/pagina10.com\/web\/4-500-creditos-beca-docentes-para-cursar-maestrias\/#respond\"]}]},{\"@type\":\"WebPage\",\"@id\":\"https:\/\/pagina10.com\/web\/4-500-creditos-beca-docentes-para-cursar-maestrias\/\",\"url\":\"https:\/\/pagina10.com\/web\/4-500-creditos-beca-docentes-para-cursar-maestrias\/\",\"name\":\"4.500 cr\u00e9ditos beca docentes para cursar maestr\u00edas | P\u00e1gina10\",\"isPartOf\":{\"@id\":\"https:\/\/pagina10.com\/web\/#website\"},\"primaryImageOfPage\":{\"@id\":\"https:\/\/pagina10.com\/web\/4-500-creditos-beca-docentes-para-cursar-maestrias\/#primaryimage\"},\"image\":{\"@id\":\"https:\/\/pagina10.com\/web\/4-500-creditos-beca-docentes-para-cursar-maestrias\/#primaryimage\"},\"thumbnailUrl\":\"https:\/\/pagina10.com\/web\/wp-content\/uploads\/2015\/11\/4bfdeb000f098809492fc571c49169db.jpg\",\"datePublished\":\"2015-11-18T01:17:07+00:00\",\"breadcrumb\":{\"@id\":\"https:\/\/pagina10.com\/web\/4-500-creditos-beca-docentes-para-cursar-maestrias\/#breadcrumb\"},\"inLanguage\":\"es\",\"potentialAction\":[{\"@type\":\"ReadAction\",\"target\":[\"https:\/\/pagina10.com\/web\/4-500-creditos-beca-docentes-para-cursar-maestrias\/\"]}]},{\"@type\":\"ImageObject\",\"inLanguage\":\"es\",\"@id\":\"https:\/\/pagina10.com\/web\/4-500-creditos-beca-docentes-para-cursar-maestrias\/#primaryimage\",\"url\":\"https:\/\/pagina10.com\/web\/wp-content\/uploads\/2015\/11\/4bfdeb000f098809492fc571c49169db.jpg\",\"contentUrl\":\"https:\/\/pagina10.com\/web\/wp-content\/uploads\/2015\/11\/4bfdeb000f098809492fc571c49169db.jpg\",\"width\":733,\"height\":491},{\"@type\":\"BreadcrumbList\",\"@id\":\"https:\/\/pagina10.com\/web\/4-500-creditos-beca-docentes-para-cursar-maestrias\/#breadcrumb\",\"itemListElement\":[{\"@type\":\"ListItem\",\"position\":1,\"name\":\"Portada\",\"item\":\"https:\/\/pagina10.com\/web\/\"},{\"@type\":\"ListItem\",\"position\":2,\"name\":\"4.500 cr\u00e9ditos beca docentes para cursar maestr\u00edas\"}]},{\"@type\":\"WebSite\",\"@id\":\"https:\/\/pagina10.com\/web\/#website\",\"url\":\"https:\/\/pagina10.com\/web\/\",\"name\":\"P\u00e1gina10\",\"description\":\"Peri\u00f3dico Regional\",\"publisher\":{\"@id\":\"https:\/\/pagina10.com\/web\/#organization\"},\"alternateName\":\"P\u00e1gina10 Peri\u00f3dico Regional\",\"potentialAction\":[{\"@type\":\"SearchAction\",\"target\":{\"@type\":\"EntryPoint\",\"urlTemplate\":\"https:\/\/pagina10.com\/web\/?s={search_term_string}\"},\"query-input\":{\"@type\":\"PropertyValueSpecification\",\"valueRequired\":true,\"valueName\":\"search_term_string\"}}],\"inLanguage\":\"es\"},{\"@type\":\"Organization\",\"@id\":\"https:\/\/pagina10.com\/web\/#organization\",\"name\":\"P\u00e1gina10\",\"alternateName\":\"P\u00e1gina10 Peri\u00f3dico Regional\",\"url\":\"https:\/\/pagina10.com\/web\/\",\"logo\":{\"@type\":\"ImageObject\",\"inLanguage\":\"es\",\"@id\":\"https:\/\/pagina10.com\/web\/#\/schema\/logo\/image\/\",\"url\":\"https:\/\/pagina10.com\/web\/wp-content\/uploads\/2024\/01\/40-pagina-10-periodico-regional-pasto.jpg\",\"contentUrl\":\"https:\/\/pagina10.com\/web\/wp-content\/uploads\/2024\/01\/40-pagina-10-periodico-regional-pasto.jpg\",\"width\":1280,\"height\":720,\"caption\":\"P\u00e1gina10\"},\"image\":{\"@id\":\"https:\/\/pagina10.com\/web\/#\/schema\/logo\/image\/\"},\"sameAs\":[\"https:\/\/www.facebook.com\/pag10com\",\"https:\/\/x.com\/Pag10com\",\"https:\/\/www.instagram.com\/pagina10col\/\",\"https:\/\/youtube.com\/channel\/pag10\",\"https:\/\/www.tiktok.com\/@p10col\"]},{\"@type\":\"Person\",\"@id\":\"https:\/\/pagina10.com\/web\/#\/schema\/person\/a7a5d38f0629dfc107f619fbae4f6cc3\",\"name\":\"P\u00e1gina 10\",\"description\":\"P\u00e1gina10.com es un peri\u00f3dico digital que nace en Colombia, en el departamento de Nari\u00f1o, con un enfoque global, fundamentado en cuatro pilares esenciales: la libertad, el pluralismo, la inclusi\u00f3n y la independencia. P\u00e1gina10.com hace referencia a Nari\u00f1o como el d\u00e9cimo departamento creado en Colombia, despu\u00e9s de un proceso pol\u00edtico liderado por actores y actrices regionales con el fin de obtener la independencia y autonom\u00eda de nuestros territorios. Con la creaci\u00f3n de P\u00e1gina10.com se pretende abrir un escenario para el dialogo, la reflexi\u00f3n y el debate que se extienda a otras geograf\u00edas de Am\u00e9rica Latina y del planeta, en una apuesta por transformar colectivamente los desaf\u00edos de un mundo contempor\u00e1neo, m\u00e1s all\u00e1 de las fronteras impuestas.\",\"url\":\"https:\/\/pagina10.com\/web\/author\/mcepeda\/\"}]}<\/script>\n<!-- \/ Yoast SEO plugin. -->","yoast_head_json":{"title":"4.500 cr\u00e9ditos beca docentes para cursar maestr\u00edas | P\u00e1gina10","robots":{"index":"index","follow":"follow","max-snippet":"max-snippet:-1","max-image-preview":"max-image-preview:large","max-video-preview":"max-video-preview:-1"},"canonical":"https:\/\/pagina10.com\/web\/4-500-creditos-beca-docentes-para-cursar-maestrias\/","og_locale":"es_ES","og_type":"article","og_title":"4.500 cr\u00e9ditos beca docentes para cursar maestr\u00edas | P\u00e1gina10","og_description":"El programa de Becas para la Excelencia Docente brindar\u00e1 2.250 cr\u00e9ditos beca cada semestre con los que los docentes podr\u00e1n cursar sus estudios de postgrado en 22 universidades acreditadas en alta calidad. La Viceministra de Educaci\u00f3n Superior y Ministra (e) Natalia Ariza Ram\u00edrez anunci\u00f3 la apertura de la convocatoria del programa de Becas para la [&hellip;]","og_url":"https:\/\/pagina10.com\/web\/4-500-creditos-beca-docentes-para-cursar-maestrias\/","og_site_name":"P\u00e1gina10","article_publisher":"https:\/\/www.facebook.com\/pag10com","article_published_time":"2015-11-18T01:17:07+00:00","og_image":[{"width":733,"height":491,"url":"https:\/\/pagina10.com\/web\/wp-content\/uploads\/2015\/11\/4bfdeb000f098809492fc571c49169db.jpg","type":"image\/jpeg"}],"author":"P\u00e1gina 10","twitter_card":"summary_large_image","twitter_creator":"@Pag10com","twitter_site":"@Pag10com","twitter_misc":{"Escrito por":"P\u00e1gina 10","Tiempo de lectura":"4 minutos"},"schema":{"@context":"https:\/\/schema.org","@graph":[{"@type":"Article","@id":"https:\/\/pagina10.com\/web\/4-500-creditos-beca-docentes-para-cursar-maestrias\/#article","isPartOf":{"@id":"https:\/\/pagina10.com\/web\/4-500-creditos-beca-docentes-para-cursar-maestrias\/"},"author":{"name":"P\u00e1gina 10","@id":"https:\/\/pagina10.com\/web\/#\/schema\/person\/a7a5d38f0629dfc107f619fbae4f6cc3"},"headline":"4.500 cr\u00e9ditos beca docentes para cursar maestr\u00edas","datePublished":"2015-11-18T01:17:07+00:00","mainEntityOfPage":{"@id":"https:\/\/pagina10.com\/web\/4-500-creditos-beca-docentes-para-cursar-maestrias\/"},"wordCount":833,"commentCount":0,"publisher":{"@id":"https:\/\/pagina10.com\/web\/#organization"},"image":{"@id":"https:\/\/pagina10.com\/web\/4-500-creditos-beca-docentes-para-cursar-maestrias\/#primaryimage"},"thumbnailUrl":"https:\/\/pagina10.com\/web\/wp-content\/uploads\/2015\/11\/4bfdeb000f098809492fc571c49169db.jpg","inLanguage":"es","potentialAction":[{"@type":"CommentAction","name":"Comment","target":["https:\/\/pagina10.com\/web\/4-500-creditos-beca-docentes-para-cursar-maestrias\/#respond"]}]},{"@type":"WebPage","@id":"https:\/\/pagina10.com\/web\/4-500-creditos-beca-docentes-para-cursar-maestrias\/","url":"https:\/\/pagina10.com\/web\/4-500-creditos-beca-docentes-para-cursar-maestrias\/","name":"4.500 cr\u00e9ditos beca docentes para cursar maestr\u00edas | P\u00e1gina10","isPartOf":{"@id":"https:\/\/pagina10.com\/web\/#website"},"primaryImageOfPage":{"@id":"https:\/\/pagina10.com\/web\/4-500-creditos-beca-docentes-para-cursar-maestrias\/#primaryimage"},"image":{"@id":"https:\/\/pagina10.com\/web\/4-500-creditos-beca-docentes-para-cursar-maestrias\/#primaryimage"},"thumbnailUrl":"https:\/\/pagina10.com\/web\/wp-content\/uploads\/2015\/11\/4bfdeb000f098809492fc571c49169db.jpg","datePublished":"2015-11-18T01:17:07+00:00","breadcrumb":{"@id":"https:\/\/pagina10.com\/web\/4-500-creditos-beca-docentes-para-cursar-maestrias\/#breadcrumb"},"inLanguage":"es","potentialAction":[{"@type":"ReadAction","target":["https:\/\/pagina10.com\/web\/4-500-creditos-beca-docentes-para-cursar-maestrias\/"]}]},{"@type":"ImageObject","inLanguage":"es","@id":"https:\/\/pagina10.com\/web\/4-500-creditos-beca-docentes-para-cursar-maestrias\/#primaryimage","url":"https:\/\/pagina10.com\/web\/wp-content\/uploads\/2015\/11\/4bfdeb000f098809492fc571c49169db.jpg","contentUrl":"https:\/\/pagina10.com\/web\/wp-content\/uploads\/2015\/11\/4bfdeb000f098809492fc571c49169db.jpg","width":733,"height":491},{"@type":"BreadcrumbList","@id":"https:\/\/pagina10.com\/web\/4-500-creditos-beca-docentes-para-cursar-maestrias\/#breadcrumb","itemListElement":[{"@type":"ListItem","position":1,"name":"Portada","item":"https:\/\/pagina10.com\/web\/"},{"@type":"ListItem","position":2,"name":"4.500 cr\u00e9ditos beca docentes para cursar maestr\u00edas"}]},{"@type":"WebSite","@id":"https:\/\/pagina10.com\/web\/#website","url":"https:\/\/pagina10.com\/web\/","name":"P\u00e1gina10","description":"Peri\u00f3dico Regional","publisher":{"@id":"https:\/\/pagina10.com\/web\/#organization"},"alternateName":"P\u00e1gina10 Peri\u00f3dico Regional","potentialAction":[{"@type":"SearchAction","target":{"@type":"EntryPoint","urlTemplate":"https:\/\/pagina10.com\/web\/?s={search_term_string}"},"query-input":{"@type":"PropertyValueSpecification","valueRequired":true,"valueName":"search_term_string"}}],"inLanguage":"es"},{"@type":"Organization","@id":"https:\/\/pagina10.com\/web\/#organization","name":"P\u00e1gina10","alternateName":"P\u00e1gina10 Peri\u00f3dico Regional","url":"https:\/\/pagina10.com\/web\/","logo":{"@type":"ImageObject","inLanguage":"es","@id":"https:\/\/pagina10.com\/web\/#\/schema\/logo\/image\/","url":"https:\/\/pagina10.com\/web\/wp-content\/uploads\/2024\/01\/40-pagina-10-periodico-regional-pasto.jpg","contentUrl":"https:\/\/pagina10.com\/web\/wp-content\/uploads\/2024\/01\/40-pagina-10-periodico-regional-pasto.jpg","width":1280,"height":720,"caption":"P\u00e1gina10"},"image":{"@id":"https:\/\/pagina10.com\/web\/#\/schema\/logo\/image\/"},"sameAs":["https:\/\/www.facebook.com\/pag10com","https:\/\/x.com\/Pag10com","https:\/\/www.instagram.com\/pagina10col\/","https:\/\/youtube.com\/channel\/pag10","https:\/\/www.tiktok.com\/@p10col"]},{"@type":"Person","@id":"https:\/\/pagina10.com\/web\/#\/schema\/person\/a7a5d38f0629dfc107f619fbae4f6cc3","name":"P\u00e1gina 10","description":"P\u00e1gina10.com es un peri\u00f3dico digital que nace en Colombia, en el departamento de Nari\u00f1o, con un enfoque global, fundamentado en cuatro pilares esenciales: la libertad, el pluralismo, la inclusi\u00f3n y la independencia. P\u00e1gina10.com hace referencia a Nari\u00f1o como el d\u00e9cimo departamento creado en Colombia, despu\u00e9s de un proceso pol\u00edtico liderado por actores y actrices regionales con el fin de obtener la independencia y autonom\u00eda de nuestros territorios. Con la creaci\u00f3n de P\u00e1gina10.com se pretende abrir un escenario para el dialogo, la reflexi\u00f3n y el debate que se extienda a otras geograf\u00edas de Am\u00e9rica Latina y del planeta, en una apuesta por transformar colectivamente los desaf\u00edos de un mundo contempor\u00e1neo, m\u00e1s all\u00e1 de las fronteras impuestas.","url":"https:\/\/pagina10.com\/web\/author\/mcepeda\/"}]}},"_links":{"self":[{"href":"https:\/\/pagina10.com\/web\/wp-json\/wp\/v2\/posts\/18559","targetHints":{"allow":["GET"]}}],"collection":[{"href":"https:\/\/pagina10.com\/web\/wp-json\/wp\/v2\/posts"}],"about":[{"href":"https:\/\/pagina10.com\/web\/wp-json\/wp\/v2\/types\/post"}],"author":[{"embeddable":true,"href":"https:\/\/pagina10.com\/web\/wp-json\/wp\/v2\/users\/29"}],"replies":[{"embeddable":true,"href":"https:\/\/pagina10.com\/web\/wp-json\/wp\/v2\/comments?post=18559"}],"version-history":[{"count":0,"href":"https:\/\/pagina10.com\/web\/wp-json\/wp\/v2\/posts\/18559\/revisions"}],"wp:featuredmedia":[{"embeddable":true,"href":"https:\/\/pagina10.com\/web\/wp-json\/wp\/v2\/media\/18558"}],"wp:attachment":[{"href":"https:\/\/pagina10.com\/web\/wp-json\/wp\/v2\/media?parent=18559"}],"wp:term":[{"taxonomy":"category","embeddable":true,"href":"https:\/\/pagina10.com\/web\/wp-json\/wp\/v2\/categories?post=18559"},{"taxonomy":"post_tag","embeddable":true,"href":"https:\/\/pagina10.com\/web\/wp-json\/wp\/v2\/tags?post=18559"}],"curies":[{"name":"wp","href":"https:\/\/api.w.org\/{rel}","templated":true}]}}