{"id":18561,"date":"2015-11-18T03:33:19","date_gmt":"2015-11-18T03:33:19","guid":{"rendered":"https:\/\/pagina10.com\/web\/listo-calendario-academico-2016-para-colegios-no-certificados-de-narino\/"},"modified":"2015-11-18T03:33:19","modified_gmt":"2015-11-18T03:33:19","slug":"listo-calendario-academico-2016-para-colegios-no-certificados-de-narino","status":"publish","type":"post","link":"https:\/\/pagina10.com\/web\/listo-calendario-academico-2016-para-colegios-no-certificados-de-narino\/","title":{"rendered":"Listo calendario Acad\u00e9mico 2016 para colegios no certificados de Nari\u00f1o"},"content":{"rendered":"<p><img fetchpriority=\"high\" decoding=\"async\" class=\" size-full wp-image-18560\" src=\"https:\/\/pagina10.com\/web\/wp-content\/uploads\/2015\/11\/bbc8e63231c2d692ad626205aef12b7e.jpg\" alt=\"\" width=\"630\" height=\"355\" srcset=\"https:\/\/pagina10.com\/web\/wp-content\/uploads\/2015\/11\/bbc8e63231c2d692ad626205aef12b7e.jpg 630w, https:\/\/pagina10.com\/web\/wp-content\/uploads\/2015\/11\/bbc8e63231c2d692ad626205aef12b7e-300x169.jpg 300w\" sizes=\"(max-width: 630px) 100vw, 630px\" \/><\/p>\n<p style=\"text-align: justify;\">La Secretar\u00eda de Educaci\u00f3n Departamental, a trav\u00e9s de la Resoluci\u00f3n 5662, estableci\u00f3 el Calendario Acad\u00e9mico 2016 para los colegios pertenecientes a los 61 municipios no certificados de Nari\u00f1o.<\/p>\n<p style=\"text-align: justify;\">La nueva jornada escolar comenzar\u00e1 el 18 de enero, durante dos semanas los docentes y directivos docentes participar\u00e1n en actividades de Desarrollo Institucional, donde se har\u00e1n los ajustes para el proyecto educativo del 2016.<\/p>\n<p style=\"text-align: justify;\">Los estudiantes ingresar\u00e1n a clase a partir del primero de febrero hasta el 10 de julio, de ah\u00ed habr\u00e1n tres semanas de receso, luego volver\u00e1n al colegio el primero de agosto hasta el 4 de diciembre, fecha en la que los ni\u00f1os y j\u00f3venes culminar\u00e1n su a\u00f1o acad\u00e9mico.<\/p>\n<p style=\"text-align: justify;\">De acuerdo al art\u00edculo tercero de dicha resoluci\u00f3n le corresponder\u00e1 al rector velar por el cumplimiento de la jornada escolar, en el marco de las normas vigentes, la cual establece un total de trabajo de 40 semanas.<\/p>\n<p>&nbsp;<\/p>\n<p>&nbsp;<\/p>\n","protected":false},"excerpt":{"rendered":"<p>La Secretar\u00eda de Educaci\u00f3n Departamental, a trav\u00e9s de la Resoluci\u00f3n 5662, estableci\u00f3 el Calendario Acad\u00e9mico 2016 para los colegios pertenecientes a los 61 municipios no certificados de Nari\u00f1o. La nueva jornada escolar comenzar\u00e1 el 18 de enero, durante dos semanas los docentes y directivos docentes participar\u00e1n en actividades de Desarrollo Institucional, donde se har\u00e1n los [&hellip;]<\/p>\n","protected":false},"author":29,"featured_media":18560,"comment_status":"open","ping_status":"open","sticky":false,"template":"","format":"standard","meta":{"footnotes":""},"categories":[1],"tags":[],"class_list":["post-18561","post","type-post","status-publish","format-standard","has-post-thumbnail","hentry","category-sin-categoria"],"yoast_head":"<!-- This site is optimized with the Yoast SEO plugin v27.1.1 - https:\/\/yoast.com\/product\/yoast-seo-wordpress\/ -->\n<title>Listo calendario Acad\u00e9mico 2016 para colegios no certificados de Nari\u00f1o | P\u00e1gina10<\/title>\n<meta name=\"robots\" content=\"index, follow, max-snippet:-1, max-image-preview:large, max-video-preview:-1\" \/>\n<link rel=\"canonical\" href=\"https:\/\/pagina10.com\/web\/listo-calendario-academico-2016-para-colegios-no-certificados-de-narino\/\" \/>\n<meta property=\"og:locale\" content=\"es_ES\" \/>\n<meta property=\"og:type\" content=\"article\" \/>\n<meta property=\"og:title\" content=\"Listo calendario Acad\u00e9mico 2016 para colegios no certificados de Nari\u00f1o | P\u00e1gina10\" \/>\n<meta property=\"og:description\" content=\"La Secretar\u00eda de Educaci\u00f3n Departamental, a trav\u00e9s de la Resoluci\u00f3n 5662, estableci\u00f3 el Calendario Acad\u00e9mico 2016 para los colegios pertenecientes a los 61 municipios no certificados de Nari\u00f1o. La nueva jornada escolar comenzar\u00e1 el 18 de enero, durante dos semanas los docentes y directivos docentes participar\u00e1n en actividades de Desarrollo Institucional, donde se har\u00e1n los [&hellip;]\" \/>\n<meta property=\"og:url\" content=\"https:\/\/pagina10.com\/web\/listo-calendario-academico-2016-para-colegios-no-certificados-de-narino\/\" \/>\n<meta property=\"og:site_name\" content=\"P\u00e1gina10\" \/>\n<meta property=\"article:publisher\" content=\"https:\/\/www.facebook.com\/pag10com\" \/>\n<meta property=\"article:published_time\" content=\"2015-11-18T03:33:19+00:00\" \/>\n<meta property=\"og:image\" content=\"https:\/\/pagina10.com\/web\/wp-content\/uploads\/2015\/11\/bbc8e63231c2d692ad626205aef12b7e.jpg\" \/>\n\t<meta property=\"og:image:width\" content=\"630\" \/>\n\t<meta property=\"og:image:height\" content=\"355\" \/>\n\t<meta property=\"og:image:type\" content=\"image\/jpeg\" \/>\n<meta name=\"author\" content=\"P\u00e1gina 10\" \/>\n<meta name=\"twitter:card\" content=\"summary_large_image\" \/>\n<meta name=\"twitter:creator\" content=\"@Pag10com\" \/>\n<meta name=\"twitter:site\" content=\"@Pag10com\" \/>\n<meta name=\"twitter:label1\" content=\"Escrito por\" \/>\n\t<meta name=\"twitter:data1\" content=\"P\u00e1gina 10\" \/>\n\t<meta name=\"twitter:label2\" content=\"Tiempo de lectura\" \/>\n\t<meta name=\"twitter:data2\" content=\"1 minuto\" \/>\n<script type=\"application\/ld+json\" class=\"yoast-schema-graph\">{\"@context\":\"https:\/\/schema.org\",\"@graph\":[{\"@type\":\"Article\",\"@id\":\"https:\/\/pagina10.com\/web\/listo-calendario-academico-2016-para-colegios-no-certificados-de-narino\/#article\",\"isPartOf\":{\"@id\":\"https:\/\/pagina10.com\/web\/listo-calendario-academico-2016-para-colegios-no-certificados-de-narino\/\"},\"author\":{\"name\":\"P\u00e1gina 10\",\"@id\":\"https:\/\/pagina10.com\/web\/#\/schema\/person\/a7a5d38f0629dfc107f619fbae4f6cc3\"},\"headline\":\"Listo calendario Acad\u00e9mico 2016 para colegios no certificados de Nari\u00f1o\",\"datePublished\":\"2015-11-18T03:33:19+00:00\",\"mainEntityOfPage\":{\"@id\":\"https:\/\/pagina10.com\/web\/listo-calendario-academico-2016-para-colegios-no-certificados-de-narino\/\"},\"wordCount\":170,\"commentCount\":0,\"publisher\":{\"@id\":\"https:\/\/pagina10.com\/web\/#organization\"},\"image\":{\"@id\":\"https:\/\/pagina10.com\/web\/listo-calendario-academico-2016-para-colegios-no-certificados-de-narino\/#primaryimage\"},\"thumbnailUrl\":\"https:\/\/pagina10.com\/web\/wp-content\/uploads\/2015\/11\/bbc8e63231c2d692ad626205aef12b7e.jpg\",\"inLanguage\":\"es\",\"potentialAction\":[{\"@type\":\"CommentAction\",\"name\":\"Comment\",\"target\":[\"https:\/\/pagina10.com\/web\/listo-calendario-academico-2016-para-colegios-no-certificados-de-narino\/#respond\"]}]},{\"@type\":\"WebPage\",\"@id\":\"https:\/\/pagina10.com\/web\/listo-calendario-academico-2016-para-colegios-no-certificados-de-narino\/\",\"url\":\"https:\/\/pagina10.com\/web\/listo-calendario-academico-2016-para-colegios-no-certificados-de-narino\/\",\"name\":\"Listo calendario Acad\u00e9mico 2016 para colegios no certificados de Nari\u00f1o | P\u00e1gina10\",\"isPartOf\":{\"@id\":\"https:\/\/pagina10.com\/web\/#website\"},\"primaryImageOfPage\":{\"@id\":\"https:\/\/pagina10.com\/web\/listo-calendario-academico-2016-para-colegios-no-certificados-de-narino\/#primaryimage\"},\"image\":{\"@id\":\"https:\/\/pagina10.com\/web\/listo-calendario-academico-2016-para-colegios-no-certificados-de-narino\/#primaryimage\"},\"thumbnailUrl\":\"https:\/\/pagina10.com\/web\/wp-content\/uploads\/2015\/11\/bbc8e63231c2d692ad626205aef12b7e.jpg\",\"datePublished\":\"2015-11-18T03:33:19+00:00\",\"breadcrumb\":{\"@id\":\"https:\/\/pagina10.com\/web\/listo-calendario-academico-2016-para-colegios-no-certificados-de-narino\/#breadcrumb\"},\"inLanguage\":\"es\",\"potentialAction\":[{\"@type\":\"ReadAction\",\"target\":[\"https:\/\/pagina10.com\/web\/listo-calendario-academico-2016-para-colegios-no-certificados-de-narino\/\"]}]},{\"@type\":\"ImageObject\",\"inLanguage\":\"es\",\"@id\":\"https:\/\/pagina10.com\/web\/listo-calendario-academico-2016-para-colegios-no-certificados-de-narino\/#primaryimage\",\"url\":\"https:\/\/pagina10.com\/web\/wp-content\/uploads\/2015\/11\/bbc8e63231c2d692ad626205aef12b7e.jpg\",\"contentUrl\":\"https:\/\/pagina10.com\/web\/wp-content\/uploads\/2015\/11\/bbc8e63231c2d692ad626205aef12b7e.jpg\",\"width\":630,\"height\":355},{\"@type\":\"BreadcrumbList\",\"@id\":\"https:\/\/pagina10.com\/web\/listo-calendario-academico-2016-para-colegios-no-certificados-de-narino\/#breadcrumb\",\"itemListElement\":[{\"@type\":\"ListItem\",\"position\":1,\"name\":\"Portada\",\"item\":\"https:\/\/pagina10.com\/web\/\"},{\"@type\":\"ListItem\",\"position\":2,\"name\":\"Listo calendario Acad\u00e9mico 2016 para colegios no certificados de Nari\u00f1o\"}]},{\"@type\":\"WebSite\",\"@id\":\"https:\/\/pagina10.com\/web\/#website\",\"url\":\"https:\/\/pagina10.com\/web\/\",\"name\":\"P\u00e1gina10\",\"description\":\"Peri\u00f3dico Regional\",\"publisher\":{\"@id\":\"https:\/\/pagina10.com\/web\/#organization\"},\"alternateName\":\"P\u00e1gina10 Peri\u00f3dico Regional\",\"potentialAction\":[{\"@type\":\"SearchAction\",\"target\":{\"@type\":\"EntryPoint\",\"urlTemplate\":\"https:\/\/pagina10.com\/web\/?s={search_term_string}\"},\"query-input\":{\"@type\":\"PropertyValueSpecification\",\"valueRequired\":true,\"valueName\":\"search_term_string\"}}],\"inLanguage\":\"es\"},{\"@type\":\"Organization\",\"@id\":\"https:\/\/pagina10.com\/web\/#organization\",\"name\":\"P\u00e1gina10\",\"alternateName\":\"P\u00e1gina10 Peri\u00f3dico Regional\",\"url\":\"https:\/\/pagina10.com\/web\/\",\"logo\":{\"@type\":\"ImageObject\",\"inLanguage\":\"es\",\"@id\":\"https:\/\/pagina10.com\/web\/#\/schema\/logo\/image\/\",\"url\":\"https:\/\/pagina10.com\/web\/wp-content\/uploads\/2024\/01\/40-pagina-10-periodico-regional-pasto.jpg\",\"contentUrl\":\"https:\/\/pagina10.com\/web\/wp-content\/uploads\/2024\/01\/40-pagina-10-periodico-regional-pasto.jpg\",\"width\":1280,\"height\":720,\"caption\":\"P\u00e1gina10\"},\"image\":{\"@id\":\"https:\/\/pagina10.com\/web\/#\/schema\/logo\/image\/\"},\"sameAs\":[\"https:\/\/www.facebook.com\/pag10com\",\"https:\/\/x.com\/Pag10com\",\"https:\/\/www.instagram.com\/pagina10col\/\",\"https:\/\/youtube.com\/channel\/pag10\",\"https:\/\/www.tiktok.com\/@p10col\"]},{\"@type\":\"Person\",\"@id\":\"https:\/\/pagina10.com\/web\/#\/schema\/person\/a7a5d38f0629dfc107f619fbae4f6cc3\",\"name\":\"P\u00e1gina 10\",\"description\":\"P\u00e1gina10.com es un peri\u00f3dico digital que nace en Colombia, en el departamento de Nari\u00f1o, con un enfoque global, fundamentado en cuatro pilares esenciales: la libertad, el pluralismo, la inclusi\u00f3n y la independencia. P\u00e1gina10.com hace referencia a Nari\u00f1o como el d\u00e9cimo departamento creado en Colombia, despu\u00e9s de un proceso pol\u00edtico liderado por actores y actrices regionales con el fin de obtener la independencia y autonom\u00eda de nuestros territorios. Con la creaci\u00f3n de P\u00e1gina10.com se pretende abrir un escenario para el dialogo, la reflexi\u00f3n y el debate que se extienda a otras geograf\u00edas de Am\u00e9rica Latina y del planeta, en una apuesta por transformar colectivamente los desaf\u00edos de un mundo contempor\u00e1neo, m\u00e1s all\u00e1 de las fronteras impuestas.\",\"url\":\"https:\/\/pagina10.com\/web\/author\/mcepeda\/\"}]}<\/script>\n<!-- \/ Yoast SEO plugin. -->","yoast_head_json":{"title":"Listo calendario Acad\u00e9mico 2016 para colegios no certificados de Nari\u00f1o | P\u00e1gina10","robots":{"index":"index","follow":"follow","max-snippet":"max-snippet:-1","max-image-preview":"max-image-preview:large","max-video-preview":"max-video-preview:-1"},"canonical":"https:\/\/pagina10.com\/web\/listo-calendario-academico-2016-para-colegios-no-certificados-de-narino\/","og_locale":"es_ES","og_type":"article","og_title":"Listo calendario Acad\u00e9mico 2016 para colegios no certificados de Nari\u00f1o | P\u00e1gina10","og_description":"La Secretar\u00eda de Educaci\u00f3n Departamental, a trav\u00e9s de la Resoluci\u00f3n 5662, estableci\u00f3 el Calendario Acad\u00e9mico 2016 para los colegios pertenecientes a los 61 municipios no certificados de Nari\u00f1o. La nueva jornada escolar comenzar\u00e1 el 18 de enero, durante dos semanas los docentes y directivos docentes participar\u00e1n en actividades de Desarrollo Institucional, donde se har\u00e1n los [&hellip;]","og_url":"https:\/\/pagina10.com\/web\/listo-calendario-academico-2016-para-colegios-no-certificados-de-narino\/","og_site_name":"P\u00e1gina10","article_publisher":"https:\/\/www.facebook.com\/pag10com","article_published_time":"2015-11-18T03:33:19+00:00","og_image":[{"width":630,"height":355,"url":"https:\/\/pagina10.com\/web\/wp-content\/uploads\/2015\/11\/bbc8e63231c2d692ad626205aef12b7e.jpg","type":"image\/jpeg"}],"author":"P\u00e1gina 10","twitter_card":"summary_large_image","twitter_creator":"@Pag10com","twitter_site":"@Pag10com","twitter_misc":{"Escrito por":"P\u00e1gina 10","Tiempo de lectura":"1 minuto"},"schema":{"@context":"https:\/\/schema.org","@graph":[{"@type":"Article","@id":"https:\/\/pagina10.com\/web\/listo-calendario-academico-2016-para-colegios-no-certificados-de-narino\/#article","isPartOf":{"@id":"https:\/\/pagina10.com\/web\/listo-calendario-academico-2016-para-colegios-no-certificados-de-narino\/"},"author":{"name":"P\u00e1gina 10","@id":"https:\/\/pagina10.com\/web\/#\/schema\/person\/a7a5d38f0629dfc107f619fbae4f6cc3"},"headline":"Listo calendario Acad\u00e9mico 2016 para colegios no certificados de Nari\u00f1o","datePublished":"2015-11-18T03:33:19+00:00","mainEntityOfPage":{"@id":"https:\/\/pagina10.com\/web\/listo-calendario-academico-2016-para-colegios-no-certificados-de-narino\/"},"wordCount":170,"commentCount":0,"publisher":{"@id":"https:\/\/pagina10.com\/web\/#organization"},"image":{"@id":"https:\/\/pagina10.com\/web\/listo-calendario-academico-2016-para-colegios-no-certificados-de-narino\/#primaryimage"},"thumbnailUrl":"https:\/\/pagina10.com\/web\/wp-content\/uploads\/2015\/11\/bbc8e63231c2d692ad626205aef12b7e.jpg","inLanguage":"es","potentialAction":[{"@type":"CommentAction","name":"Comment","target":["https:\/\/pagina10.com\/web\/listo-calendario-academico-2016-para-colegios-no-certificados-de-narino\/#respond"]}]},{"@type":"WebPage","@id":"https:\/\/pagina10.com\/web\/listo-calendario-academico-2016-para-colegios-no-certificados-de-narino\/","url":"https:\/\/pagina10.com\/web\/listo-calendario-academico-2016-para-colegios-no-certificados-de-narino\/","name":"Listo calendario Acad\u00e9mico 2016 para colegios no certificados de Nari\u00f1o | P\u00e1gina10","isPartOf":{"@id":"https:\/\/pagina10.com\/web\/#website"},"primaryImageOfPage":{"@id":"https:\/\/pagina10.com\/web\/listo-calendario-academico-2016-para-colegios-no-certificados-de-narino\/#primaryimage"},"image":{"@id":"https:\/\/pagina10.com\/web\/listo-calendario-academico-2016-para-colegios-no-certificados-de-narino\/#primaryimage"},"thumbnailUrl":"https:\/\/pagina10.com\/web\/wp-content\/uploads\/2015\/11\/bbc8e63231c2d692ad626205aef12b7e.jpg","datePublished":"2015-11-18T03:33:19+00:00","breadcrumb":{"@id":"https:\/\/pagina10.com\/web\/listo-calendario-academico-2016-para-colegios-no-certificados-de-narino\/#breadcrumb"},"inLanguage":"es","potentialAction":[{"@type":"ReadAction","target":["https:\/\/pagina10.com\/web\/listo-calendario-academico-2016-para-colegios-no-certificados-de-narino\/"]}]},{"@type":"ImageObject","inLanguage":"es","@id":"https:\/\/pagina10.com\/web\/listo-calendario-academico-2016-para-colegios-no-certificados-de-narino\/#primaryimage","url":"https:\/\/pagina10.com\/web\/wp-content\/uploads\/2015\/11\/bbc8e63231c2d692ad626205aef12b7e.jpg","contentUrl":"https:\/\/pagina10.com\/web\/wp-content\/uploads\/2015\/11\/bbc8e63231c2d692ad626205aef12b7e.jpg","width":630,"height":355},{"@type":"BreadcrumbList","@id":"https:\/\/pagina10.com\/web\/listo-calendario-academico-2016-para-colegios-no-certificados-de-narino\/#breadcrumb","itemListElement":[{"@type":"ListItem","position":1,"name":"Portada","item":"https:\/\/pagina10.com\/web\/"},{"@type":"ListItem","position":2,"name":"Listo calendario Acad\u00e9mico 2016 para colegios no certificados de Nari\u00f1o"}]},{"@type":"WebSite","@id":"https:\/\/pagina10.com\/web\/#website","url":"https:\/\/pagina10.com\/web\/","name":"P\u00e1gina10","description":"Peri\u00f3dico Regional","publisher":{"@id":"https:\/\/pagina10.com\/web\/#organization"},"alternateName":"P\u00e1gina10 Peri\u00f3dico Regional","potentialAction":[{"@type":"SearchAction","target":{"@type":"EntryPoint","urlTemplate":"https:\/\/pagina10.com\/web\/?s={search_term_string}"},"query-input":{"@type":"PropertyValueSpecification","valueRequired":true,"valueName":"search_term_string"}}],"inLanguage":"es"},{"@type":"Organization","@id":"https:\/\/pagina10.com\/web\/#organization","name":"P\u00e1gina10","alternateName":"P\u00e1gina10 Peri\u00f3dico Regional","url":"https:\/\/pagina10.com\/web\/","logo":{"@type":"ImageObject","inLanguage":"es","@id":"https:\/\/pagina10.com\/web\/#\/schema\/logo\/image\/","url":"https:\/\/pagina10.com\/web\/wp-content\/uploads\/2024\/01\/40-pagina-10-periodico-regional-pasto.jpg","contentUrl":"https:\/\/pagina10.com\/web\/wp-content\/uploads\/2024\/01\/40-pagina-10-periodico-regional-pasto.jpg","width":1280,"height":720,"caption":"P\u00e1gina10"},"image":{"@id":"https:\/\/pagina10.com\/web\/#\/schema\/logo\/image\/"},"sameAs":["https:\/\/www.facebook.com\/pag10com","https:\/\/x.com\/Pag10com","https:\/\/www.instagram.com\/pagina10col\/","https:\/\/youtube.com\/channel\/pag10","https:\/\/www.tiktok.com\/@p10col"]},{"@type":"Person","@id":"https:\/\/pagina10.com\/web\/#\/schema\/person\/a7a5d38f0629dfc107f619fbae4f6cc3","name":"P\u00e1gina 10","description":"P\u00e1gina10.com es un peri\u00f3dico digital que nace en Colombia, en el departamento de Nari\u00f1o, con un enfoque global, fundamentado en cuatro pilares esenciales: la libertad, el pluralismo, la inclusi\u00f3n y la independencia. P\u00e1gina10.com hace referencia a Nari\u00f1o como el d\u00e9cimo departamento creado en Colombia, despu\u00e9s de un proceso pol\u00edtico liderado por actores y actrices regionales con el fin de obtener la independencia y autonom\u00eda de nuestros territorios. Con la creaci\u00f3n de P\u00e1gina10.com se pretende abrir un escenario para el dialogo, la reflexi\u00f3n y el debate que se extienda a otras geograf\u00edas de Am\u00e9rica Latina y del planeta, en una apuesta por transformar colectivamente los desaf\u00edos de un mundo contempor\u00e1neo, m\u00e1s all\u00e1 de las fronteras impuestas.","url":"https:\/\/pagina10.com\/web\/author\/mcepeda\/"}]}},"_links":{"self":[{"href":"https:\/\/pagina10.com\/web\/wp-json\/wp\/v2\/posts\/18561","targetHints":{"allow":["GET"]}}],"collection":[{"href":"https:\/\/pagina10.com\/web\/wp-json\/wp\/v2\/posts"}],"about":[{"href":"https:\/\/pagina10.com\/web\/wp-json\/wp\/v2\/types\/post"}],"author":[{"embeddable":true,"href":"https:\/\/pagina10.com\/web\/wp-json\/wp\/v2\/users\/29"}],"replies":[{"embeddable":true,"href":"https:\/\/pagina10.com\/web\/wp-json\/wp\/v2\/comments?post=18561"}],"version-history":[{"count":0,"href":"https:\/\/pagina10.com\/web\/wp-json\/wp\/v2\/posts\/18561\/revisions"}],"wp:featuredmedia":[{"embeddable":true,"href":"https:\/\/pagina10.com\/web\/wp-json\/wp\/v2\/media\/18560"}],"wp:attachment":[{"href":"https:\/\/pagina10.com\/web\/wp-json\/wp\/v2\/media?parent=18561"}],"wp:term":[{"taxonomy":"category","embeddable":true,"href":"https:\/\/pagina10.com\/web\/wp-json\/wp\/v2\/categories?post=18561"},{"taxonomy":"post_tag","embeddable":true,"href":"https:\/\/pagina10.com\/web\/wp-json\/wp\/v2\/tags?post=18561"}],"curies":[{"name":"wp","href":"https:\/\/api.w.org\/{rel}","templated":true}]}}