{"id":18563,"date":"2015-11-18T03:39:07","date_gmt":"2015-11-18T03:39:07","guid":{"rendered":"https:\/\/pagina10.com\/web\/destruido-en-samaniego-gigantesco-complejo-cocalero-del-eln\/"},"modified":"2015-11-18T03:39:07","modified_gmt":"2015-11-18T03:39:07","slug":"destruido-en-samaniego-gigantesco-complejo-cocalero-del-eln","status":"publish","type":"post","link":"https:\/\/pagina10.com\/web\/destruido-en-samaniego-gigantesco-complejo-cocalero-del-eln\/","title":{"rendered":"Destruido en Samaniego gigantesco complejo cocalero del ELN"},"content":{"rendered":"<p><img fetchpriority=\"high\" decoding=\"async\" class=\" size-full wp-image-18562\" src=\"https:\/\/pagina10.com\/web\/wp-content\/uploads\/2015\/11\/fca87b02c18d40493696191e03f61f1f.jpg\" alt=\"\" width=\"687\" height=\"515\" srcset=\"https:\/\/pagina10.com\/web\/wp-content\/uploads\/2015\/11\/fca87b02c18d40493696191e03f61f1f.jpg 687w, https:\/\/pagina10.com\/web\/wp-content\/uploads\/2015\/11\/fca87b02c18d40493696191e03f61f1f-300x225.jpg 300w, https:\/\/pagina10.com\/web\/wp-content\/uploads\/2015\/11\/fca87b02c18d40493696191e03f61f1f-86x64.jpg 86w\" sizes=\"(max-width: 687px) 100vw, 687px\" \/><\/p>\n<p style=\"text-align: justify;\">Las tropas del Ej\u00e9rcito Nacional avanzan&nbsp;victoriosas contra el narcotr\u00e1fico, negocio que ha dejado importantes ganancias a la&nbsp;ilegalidad, que diariamente enfrentan los soldados en el territorio nacional y en las \u00faltimas&nbsp;horas por el compromiso de nuestros soldados en el departamento de Nari\u00f1o se ubica un&nbsp;complejo cocalero del ELN con abundantes insumos para el procesamiento de alcaloides.<\/p>\n<p style=\"text-align: justify;\">Hace tres meses la red de aliados para la prosperidad puso sobre aviso a las tropas del&nbsp;Batall\u00f3n de Infanter\u00eda No. 9 &#8216;Batalla de Boyac\u00e1&#8217; de la Vig\u00e9sima Tercera Brigada sobre un&nbsp;complejo cocalero que se encontraba oculto en zona boscosa del municipio de Samaniego,&nbsp;desde entonces las tropas iniciaron un trabajo de inteligencia exhaustivo que permiti\u00f3 ubicar&nbsp;el punto exacto en el que la Frente Comuneros del Sur del ELN hab\u00eda instalado un&nbsp;cristalizadero contiguo a la quebrada la Baraz\u00f3n, de donde este grupo ilegal desechaba los&nbsp;residuos del proceso de alcaloides, este lugar que contaba con ocho estructuras, cuatro de&nbsp;ellas empleadas para el alojamiento de 50 personas, una zona destinada para duchas y&nbsp;sanitarios, otro sector de cocina, un \u00e1rea para almacenamiento de agua madre y un cuarto&nbsp;de 8 x 4 metros que ten\u00eda una planta el\u00e9ctrica.<\/p>\n<p style=\"text-align: justify;\">Los soldados que ingresaron a registrar este complejo cocalero se encontraron con dos&nbsp;cristalizaderos en donde se ubicaron los siguientes insumos s\u00f3lidos con una valor equivalente&nbsp;a 1.755 millones de pesos, entre ellos se encontr\u00f3 una tonelada de carb\u00f3n activado, una&nbsp;tonelada de permanganato, dos toneladas de calcio clorh\u00eddrico y m\u00e1s de tres toneladas de&nbsp;cal, que suman un total de siete toneladas de insumos para el procesamiento de alcaloides.<\/p>\n<p style=\"text-align: justify;\">Los insumos l\u00edquidos hallados estar\u00edan avaluados en 450 millones de pesos los cuales suman&nbsp;un total de 24.200 galones, diferenciados as\u00ed 300 galones de acpm, 300 galones de etanol,&nbsp;300 galones de sulfato, 500 galones de gasolina, 600 galones de hexano, 800 galones de&nbsp;\u00e1cido clorh\u00eddrico, 1300 galones de gasolina, 8000 galones de agua madre y 8000 galones de&nbsp;thinner.<\/p>\n<p style=\"text-align: justify;\">Para el procesamiento de los diferentes alcaloides que se produc\u00edan en estos cristalizaderos&nbsp;se hac\u00eda necesario una empacadora al vac\u00edo, dos torres de destilaci\u00f3n de 200 litros cada una, 100 kilos de empaques, cintas, papel celofam, dos compresores, tres motobombas, tres&nbsp;plantas el\u00e9ctricas, 10 hornos microondas, 100 canecas de 55 galones cada una con&nbsp;sustancias diferentes y 2000 metros de manguera.<\/p>\n<p style=\"text-align: justify;\">En este lugar se encontraron un total de 347 kilos de una sustancia que al parecer se trata&nbsp;de clorhidrato de coca\u00edna y 4000 galones de coca\u00edna l\u00edquida.<\/p>\n<p style=\"text-align: justify;\">Seg\u00fan documentos encontrados en este lugar se pudo establecer que este cristalizadero&nbsp;estar\u00eda avaluado en un valor aproximado A 10.000 millones de pesos, de los cuales 6.000&nbsp;millones ser\u00edan de insumos l\u00edquidos y s\u00f3lidos para el procesamiento de m\u00e1s de 7 toneladas&nbsp;de clorhidrato de coca\u00edna mensuales, lo cual se constitu\u00eda en una fuente s\u00f3lida para la&nbsp;financiaci\u00f3n de este grupo al margen de la ley, ya que es considerado como uno de los m\u00e1s&nbsp;grandes que hasta la fecha se han ubicado en Nari\u00f1o.<\/p>\n<p style=\"text-align: justify;\">Cada kilo de clorhidrato de coca\u00edna puesto en la frontera tiene un costo de 6 millones de&nbsp;pesos y su valor crece de forma exponencial en otros pa\u00edses donde se comercializa este&nbsp;alcaloide, adem\u00e1s que cada gal\u00f3n de agua madre, qu\u00edmico empleado para el procesamiento&nbsp;de clorhidrato de coca\u00edna y de dif\u00edcil consecuci\u00f3n, cada tambor tiene un valor que supera los&nbsp;500 mil pesos.<\/p>\n<p style=\"text-align: justify;\">Este contundente resultado se suma a los 802 kilos de clorhidrato incautados en los 17&nbsp;cristalizaderos ubicados y destruidos en el departamento de Nari\u00f1o por las tropas de la&nbsp;Fuerza de Tarea Pegaso, demostrando el compromiso de nuestros h\u00e9roes por golpear las&nbsp;finanzas ilegales y el narcotr\u00e1fico.&nbsp;<\/p>\n","protected":false},"excerpt":{"rendered":"<p>Las tropas del Ej\u00e9rcito Nacional avanzan&nbsp;victoriosas contra el narcotr\u00e1fico, negocio que ha dejado importantes ganancias a la&nbsp;ilegalidad, que diariamente enfrentan los soldados en el territorio nacional y en las \u00faltimas&nbsp;horas por el compromiso de nuestros soldados en el departamento de Nari\u00f1o se ubica un&nbsp;complejo cocalero del ELN con abundantes insumos para el procesamiento de alcaloides. [&hellip;]<\/p>\n","protected":false},"author":29,"featured_media":18562,"comment_status":"open","ping_status":"open","sticky":false,"template":"","format":"standard","meta":{"footnotes":""},"categories":[1],"tags":[],"class_list":["post-18563","post","type-post","status-publish","format-standard","has-post-thumbnail","hentry","category-sin-categoria"],"yoast_head":"<!-- This site is optimized with the Yoast SEO plugin v27.1.1 - https:\/\/yoast.com\/product\/yoast-seo-wordpress\/ -->\n<title>Destruido en Samaniego gigantesco complejo cocalero del ELN | P\u00e1gina10<\/title>\n<meta name=\"robots\" content=\"index, follow, max-snippet:-1, max-image-preview:large, max-video-preview:-1\" \/>\n<link rel=\"canonical\" href=\"https:\/\/pagina10.com\/web\/destruido-en-samaniego-gigantesco-complejo-cocalero-del-eln\/\" \/>\n<meta property=\"og:locale\" content=\"es_ES\" \/>\n<meta property=\"og:type\" content=\"article\" \/>\n<meta property=\"og:title\" content=\"Destruido en Samaniego gigantesco complejo cocalero del ELN | P\u00e1gina10\" \/>\n<meta property=\"og:description\" content=\"Las tropas del Ej\u00e9rcito Nacional avanzan&nbsp;victoriosas contra el narcotr\u00e1fico, negocio que ha dejado importantes ganancias a la&nbsp;ilegalidad, que diariamente enfrentan los soldados en el territorio nacional y en las \u00faltimas&nbsp;horas por el compromiso de nuestros soldados en el departamento de Nari\u00f1o se ubica un&nbsp;complejo cocalero del ELN con abundantes insumos para el procesamiento de alcaloides. [&hellip;]\" \/>\n<meta property=\"og:url\" content=\"https:\/\/pagina10.com\/web\/destruido-en-samaniego-gigantesco-complejo-cocalero-del-eln\/\" \/>\n<meta property=\"og:site_name\" content=\"P\u00e1gina10\" \/>\n<meta property=\"article:publisher\" content=\"https:\/\/www.facebook.com\/pag10com\" \/>\n<meta property=\"article:published_time\" content=\"2015-11-18T03:39:07+00:00\" \/>\n<meta property=\"og:image\" content=\"https:\/\/pagina10.com\/web\/wp-content\/uploads\/2015\/11\/fca87b02c18d40493696191e03f61f1f.jpg\" \/>\n\t<meta property=\"og:image:width\" content=\"687\" \/>\n\t<meta property=\"og:image:height\" content=\"515\" \/>\n\t<meta property=\"og:image:type\" content=\"image\/jpeg\" \/>\n<meta name=\"author\" content=\"P\u00e1gina 10\" \/>\n<meta name=\"twitter:card\" content=\"summary_large_image\" \/>\n<meta name=\"twitter:creator\" content=\"@Pag10com\" \/>\n<meta name=\"twitter:site\" content=\"@Pag10com\" \/>\n<meta name=\"twitter:label1\" content=\"Escrito por\" \/>\n\t<meta name=\"twitter:data1\" content=\"P\u00e1gina 10\" \/>\n\t<meta name=\"twitter:label2\" content=\"Tiempo de lectura\" \/>\n\t<meta name=\"twitter:data2\" content=\"3 minutos\" \/>\n<script type=\"application\/ld+json\" class=\"yoast-schema-graph\">{\"@context\":\"https:\/\/schema.org\",\"@graph\":[{\"@type\":\"Article\",\"@id\":\"https:\/\/pagina10.com\/web\/destruido-en-samaniego-gigantesco-complejo-cocalero-del-eln\/#article\",\"isPartOf\":{\"@id\":\"https:\/\/pagina10.com\/web\/destruido-en-samaniego-gigantesco-complejo-cocalero-del-eln\/\"},\"author\":{\"name\":\"P\u00e1gina 10\",\"@id\":\"https:\/\/pagina10.com\/web\/#\/schema\/person\/a7a5d38f0629dfc107f619fbae4f6cc3\"},\"headline\":\"Destruido en Samaniego gigantesco complejo cocalero del ELN\",\"datePublished\":\"2015-11-18T03:39:07+00:00\",\"mainEntityOfPage\":{\"@id\":\"https:\/\/pagina10.com\/web\/destruido-en-samaniego-gigantesco-complejo-cocalero-del-eln\/\"},\"wordCount\":678,\"commentCount\":0,\"publisher\":{\"@id\":\"https:\/\/pagina10.com\/web\/#organization\"},\"image\":{\"@id\":\"https:\/\/pagina10.com\/web\/destruido-en-samaniego-gigantesco-complejo-cocalero-del-eln\/#primaryimage\"},\"thumbnailUrl\":\"https:\/\/pagina10.com\/web\/wp-content\/uploads\/2015\/11\/fca87b02c18d40493696191e03f61f1f.jpg\",\"inLanguage\":\"es\",\"potentialAction\":[{\"@type\":\"CommentAction\",\"name\":\"Comment\",\"target\":[\"https:\/\/pagina10.com\/web\/destruido-en-samaniego-gigantesco-complejo-cocalero-del-eln\/#respond\"]}]},{\"@type\":\"WebPage\",\"@id\":\"https:\/\/pagina10.com\/web\/destruido-en-samaniego-gigantesco-complejo-cocalero-del-eln\/\",\"url\":\"https:\/\/pagina10.com\/web\/destruido-en-samaniego-gigantesco-complejo-cocalero-del-eln\/\",\"name\":\"Destruido en Samaniego gigantesco complejo cocalero del ELN | P\u00e1gina10\",\"isPartOf\":{\"@id\":\"https:\/\/pagina10.com\/web\/#website\"},\"primaryImageOfPage\":{\"@id\":\"https:\/\/pagina10.com\/web\/destruido-en-samaniego-gigantesco-complejo-cocalero-del-eln\/#primaryimage\"},\"image\":{\"@id\":\"https:\/\/pagina10.com\/web\/destruido-en-samaniego-gigantesco-complejo-cocalero-del-eln\/#primaryimage\"},\"thumbnailUrl\":\"https:\/\/pagina10.com\/web\/wp-content\/uploads\/2015\/11\/fca87b02c18d40493696191e03f61f1f.jpg\",\"datePublished\":\"2015-11-18T03:39:07+00:00\",\"breadcrumb\":{\"@id\":\"https:\/\/pagina10.com\/web\/destruido-en-samaniego-gigantesco-complejo-cocalero-del-eln\/#breadcrumb\"},\"inLanguage\":\"es\",\"potentialAction\":[{\"@type\":\"ReadAction\",\"target\":[\"https:\/\/pagina10.com\/web\/destruido-en-samaniego-gigantesco-complejo-cocalero-del-eln\/\"]}]},{\"@type\":\"ImageObject\",\"inLanguage\":\"es\",\"@id\":\"https:\/\/pagina10.com\/web\/destruido-en-samaniego-gigantesco-complejo-cocalero-del-eln\/#primaryimage\",\"url\":\"https:\/\/pagina10.com\/web\/wp-content\/uploads\/2015\/11\/fca87b02c18d40493696191e03f61f1f.jpg\",\"contentUrl\":\"https:\/\/pagina10.com\/web\/wp-content\/uploads\/2015\/11\/fca87b02c18d40493696191e03f61f1f.jpg\",\"width\":687,\"height\":515},{\"@type\":\"BreadcrumbList\",\"@id\":\"https:\/\/pagina10.com\/web\/destruido-en-samaniego-gigantesco-complejo-cocalero-del-eln\/#breadcrumb\",\"itemListElement\":[{\"@type\":\"ListItem\",\"position\":1,\"name\":\"Portada\",\"item\":\"https:\/\/pagina10.com\/web\/\"},{\"@type\":\"ListItem\",\"position\":2,\"name\":\"Destruido en Samaniego gigantesco complejo cocalero del ELN\"}]},{\"@type\":\"WebSite\",\"@id\":\"https:\/\/pagina10.com\/web\/#website\",\"url\":\"https:\/\/pagina10.com\/web\/\",\"name\":\"P\u00e1gina10\",\"description\":\"Peri\u00f3dico Regional\",\"publisher\":{\"@id\":\"https:\/\/pagina10.com\/web\/#organization\"},\"alternateName\":\"P\u00e1gina10 Peri\u00f3dico Regional\",\"potentialAction\":[{\"@type\":\"SearchAction\",\"target\":{\"@type\":\"EntryPoint\",\"urlTemplate\":\"https:\/\/pagina10.com\/web\/?s={search_term_string}\"},\"query-input\":{\"@type\":\"PropertyValueSpecification\",\"valueRequired\":true,\"valueName\":\"search_term_string\"}}],\"inLanguage\":\"es\"},{\"@type\":\"Organization\",\"@id\":\"https:\/\/pagina10.com\/web\/#organization\",\"name\":\"P\u00e1gina10\",\"alternateName\":\"P\u00e1gina10 Peri\u00f3dico Regional\",\"url\":\"https:\/\/pagina10.com\/web\/\",\"logo\":{\"@type\":\"ImageObject\",\"inLanguage\":\"es\",\"@id\":\"https:\/\/pagina10.com\/web\/#\/schema\/logo\/image\/\",\"url\":\"https:\/\/pagina10.com\/web\/wp-content\/uploads\/2024\/01\/40-pagina-10-periodico-regional-pasto.jpg\",\"contentUrl\":\"https:\/\/pagina10.com\/web\/wp-content\/uploads\/2024\/01\/40-pagina-10-periodico-regional-pasto.jpg\",\"width\":1280,\"height\":720,\"caption\":\"P\u00e1gina10\"},\"image\":{\"@id\":\"https:\/\/pagina10.com\/web\/#\/schema\/logo\/image\/\"},\"sameAs\":[\"https:\/\/www.facebook.com\/pag10com\",\"https:\/\/x.com\/Pag10com\",\"https:\/\/www.instagram.com\/pagina10col\/\",\"https:\/\/youtube.com\/channel\/pag10\",\"https:\/\/www.tiktok.com\/@p10col\"]},{\"@type\":\"Person\",\"@id\":\"https:\/\/pagina10.com\/web\/#\/schema\/person\/a7a5d38f0629dfc107f619fbae4f6cc3\",\"name\":\"P\u00e1gina 10\",\"description\":\"P\u00e1gina10.com es un peri\u00f3dico digital que nace en Colombia, en el departamento de Nari\u00f1o, con un enfoque global, fundamentado en cuatro pilares esenciales: la libertad, el pluralismo, la inclusi\u00f3n y la independencia. P\u00e1gina10.com hace referencia a Nari\u00f1o como el d\u00e9cimo departamento creado en Colombia, despu\u00e9s de un proceso pol\u00edtico liderado por actores y actrices regionales con el fin de obtener la independencia y autonom\u00eda de nuestros territorios. Con la creaci\u00f3n de P\u00e1gina10.com se pretende abrir un escenario para el dialogo, la reflexi\u00f3n y el debate que se extienda a otras geograf\u00edas de Am\u00e9rica Latina y del planeta, en una apuesta por transformar colectivamente los desaf\u00edos de un mundo contempor\u00e1neo, m\u00e1s all\u00e1 de las fronteras impuestas.\",\"url\":\"https:\/\/pagina10.com\/web\/author\/mcepeda\/\"}]}<\/script>\n<!-- \/ Yoast SEO plugin. -->","yoast_head_json":{"title":"Destruido en Samaniego gigantesco complejo cocalero del ELN | P\u00e1gina10","robots":{"index":"index","follow":"follow","max-snippet":"max-snippet:-1","max-image-preview":"max-image-preview:large","max-video-preview":"max-video-preview:-1"},"canonical":"https:\/\/pagina10.com\/web\/destruido-en-samaniego-gigantesco-complejo-cocalero-del-eln\/","og_locale":"es_ES","og_type":"article","og_title":"Destruido en Samaniego gigantesco complejo cocalero del ELN | P\u00e1gina10","og_description":"Las tropas del Ej\u00e9rcito Nacional avanzan&nbsp;victoriosas contra el narcotr\u00e1fico, negocio que ha dejado importantes ganancias a la&nbsp;ilegalidad, que diariamente enfrentan los soldados en el territorio nacional y en las \u00faltimas&nbsp;horas por el compromiso de nuestros soldados en el departamento de Nari\u00f1o se ubica un&nbsp;complejo cocalero del ELN con abundantes insumos para el procesamiento de alcaloides. [&hellip;]","og_url":"https:\/\/pagina10.com\/web\/destruido-en-samaniego-gigantesco-complejo-cocalero-del-eln\/","og_site_name":"P\u00e1gina10","article_publisher":"https:\/\/www.facebook.com\/pag10com","article_published_time":"2015-11-18T03:39:07+00:00","og_image":[{"width":687,"height":515,"url":"https:\/\/pagina10.com\/web\/wp-content\/uploads\/2015\/11\/fca87b02c18d40493696191e03f61f1f.jpg","type":"image\/jpeg"}],"author":"P\u00e1gina 10","twitter_card":"summary_large_image","twitter_creator":"@Pag10com","twitter_site":"@Pag10com","twitter_misc":{"Escrito por":"P\u00e1gina 10","Tiempo de lectura":"3 minutos"},"schema":{"@context":"https:\/\/schema.org","@graph":[{"@type":"Article","@id":"https:\/\/pagina10.com\/web\/destruido-en-samaniego-gigantesco-complejo-cocalero-del-eln\/#article","isPartOf":{"@id":"https:\/\/pagina10.com\/web\/destruido-en-samaniego-gigantesco-complejo-cocalero-del-eln\/"},"author":{"name":"P\u00e1gina 10","@id":"https:\/\/pagina10.com\/web\/#\/schema\/person\/a7a5d38f0629dfc107f619fbae4f6cc3"},"headline":"Destruido en Samaniego gigantesco complejo cocalero del ELN","datePublished":"2015-11-18T03:39:07+00:00","mainEntityOfPage":{"@id":"https:\/\/pagina10.com\/web\/destruido-en-samaniego-gigantesco-complejo-cocalero-del-eln\/"},"wordCount":678,"commentCount":0,"publisher":{"@id":"https:\/\/pagina10.com\/web\/#organization"},"image":{"@id":"https:\/\/pagina10.com\/web\/destruido-en-samaniego-gigantesco-complejo-cocalero-del-eln\/#primaryimage"},"thumbnailUrl":"https:\/\/pagina10.com\/web\/wp-content\/uploads\/2015\/11\/fca87b02c18d40493696191e03f61f1f.jpg","inLanguage":"es","potentialAction":[{"@type":"CommentAction","name":"Comment","target":["https:\/\/pagina10.com\/web\/destruido-en-samaniego-gigantesco-complejo-cocalero-del-eln\/#respond"]}]},{"@type":"WebPage","@id":"https:\/\/pagina10.com\/web\/destruido-en-samaniego-gigantesco-complejo-cocalero-del-eln\/","url":"https:\/\/pagina10.com\/web\/destruido-en-samaniego-gigantesco-complejo-cocalero-del-eln\/","name":"Destruido en Samaniego gigantesco complejo cocalero del ELN | P\u00e1gina10","isPartOf":{"@id":"https:\/\/pagina10.com\/web\/#website"},"primaryImageOfPage":{"@id":"https:\/\/pagina10.com\/web\/destruido-en-samaniego-gigantesco-complejo-cocalero-del-eln\/#primaryimage"},"image":{"@id":"https:\/\/pagina10.com\/web\/destruido-en-samaniego-gigantesco-complejo-cocalero-del-eln\/#primaryimage"},"thumbnailUrl":"https:\/\/pagina10.com\/web\/wp-content\/uploads\/2015\/11\/fca87b02c18d40493696191e03f61f1f.jpg","datePublished":"2015-11-18T03:39:07+00:00","breadcrumb":{"@id":"https:\/\/pagina10.com\/web\/destruido-en-samaniego-gigantesco-complejo-cocalero-del-eln\/#breadcrumb"},"inLanguage":"es","potentialAction":[{"@type":"ReadAction","target":["https:\/\/pagina10.com\/web\/destruido-en-samaniego-gigantesco-complejo-cocalero-del-eln\/"]}]},{"@type":"ImageObject","inLanguage":"es","@id":"https:\/\/pagina10.com\/web\/destruido-en-samaniego-gigantesco-complejo-cocalero-del-eln\/#primaryimage","url":"https:\/\/pagina10.com\/web\/wp-content\/uploads\/2015\/11\/fca87b02c18d40493696191e03f61f1f.jpg","contentUrl":"https:\/\/pagina10.com\/web\/wp-content\/uploads\/2015\/11\/fca87b02c18d40493696191e03f61f1f.jpg","width":687,"height":515},{"@type":"BreadcrumbList","@id":"https:\/\/pagina10.com\/web\/destruido-en-samaniego-gigantesco-complejo-cocalero-del-eln\/#breadcrumb","itemListElement":[{"@type":"ListItem","position":1,"name":"Portada","item":"https:\/\/pagina10.com\/web\/"},{"@type":"ListItem","position":2,"name":"Destruido en Samaniego gigantesco complejo cocalero del ELN"}]},{"@type":"WebSite","@id":"https:\/\/pagina10.com\/web\/#website","url":"https:\/\/pagina10.com\/web\/","name":"P\u00e1gina10","description":"Peri\u00f3dico Regional","publisher":{"@id":"https:\/\/pagina10.com\/web\/#organization"},"alternateName":"P\u00e1gina10 Peri\u00f3dico Regional","potentialAction":[{"@type":"SearchAction","target":{"@type":"EntryPoint","urlTemplate":"https:\/\/pagina10.com\/web\/?s={search_term_string}"},"query-input":{"@type":"PropertyValueSpecification","valueRequired":true,"valueName":"search_term_string"}}],"inLanguage":"es"},{"@type":"Organization","@id":"https:\/\/pagina10.com\/web\/#organization","name":"P\u00e1gina10","alternateName":"P\u00e1gina10 Peri\u00f3dico Regional","url":"https:\/\/pagina10.com\/web\/","logo":{"@type":"ImageObject","inLanguage":"es","@id":"https:\/\/pagina10.com\/web\/#\/schema\/logo\/image\/","url":"https:\/\/pagina10.com\/web\/wp-content\/uploads\/2024\/01\/40-pagina-10-periodico-regional-pasto.jpg","contentUrl":"https:\/\/pagina10.com\/web\/wp-content\/uploads\/2024\/01\/40-pagina-10-periodico-regional-pasto.jpg","width":1280,"height":720,"caption":"P\u00e1gina10"},"image":{"@id":"https:\/\/pagina10.com\/web\/#\/schema\/logo\/image\/"},"sameAs":["https:\/\/www.facebook.com\/pag10com","https:\/\/x.com\/Pag10com","https:\/\/www.instagram.com\/pagina10col\/","https:\/\/youtube.com\/channel\/pag10","https:\/\/www.tiktok.com\/@p10col"]},{"@type":"Person","@id":"https:\/\/pagina10.com\/web\/#\/schema\/person\/a7a5d38f0629dfc107f619fbae4f6cc3","name":"P\u00e1gina 10","description":"P\u00e1gina10.com es un peri\u00f3dico digital que nace en Colombia, en el departamento de Nari\u00f1o, con un enfoque global, fundamentado en cuatro pilares esenciales: la libertad, el pluralismo, la inclusi\u00f3n y la independencia. P\u00e1gina10.com hace referencia a Nari\u00f1o como el d\u00e9cimo departamento creado en Colombia, despu\u00e9s de un proceso pol\u00edtico liderado por actores y actrices regionales con el fin de obtener la independencia y autonom\u00eda de nuestros territorios. Con la creaci\u00f3n de P\u00e1gina10.com se pretende abrir un escenario para el dialogo, la reflexi\u00f3n y el debate que se extienda a otras geograf\u00edas de Am\u00e9rica Latina y del planeta, en una apuesta por transformar colectivamente los desaf\u00edos de un mundo contempor\u00e1neo, m\u00e1s all\u00e1 de las fronteras impuestas.","url":"https:\/\/pagina10.com\/web\/author\/mcepeda\/"}]}},"_links":{"self":[{"href":"https:\/\/pagina10.com\/web\/wp-json\/wp\/v2\/posts\/18563","targetHints":{"allow":["GET"]}}],"collection":[{"href":"https:\/\/pagina10.com\/web\/wp-json\/wp\/v2\/posts"}],"about":[{"href":"https:\/\/pagina10.com\/web\/wp-json\/wp\/v2\/types\/post"}],"author":[{"embeddable":true,"href":"https:\/\/pagina10.com\/web\/wp-json\/wp\/v2\/users\/29"}],"replies":[{"embeddable":true,"href":"https:\/\/pagina10.com\/web\/wp-json\/wp\/v2\/comments?post=18563"}],"version-history":[{"count":0,"href":"https:\/\/pagina10.com\/web\/wp-json\/wp\/v2\/posts\/18563\/revisions"}],"wp:featuredmedia":[{"embeddable":true,"href":"https:\/\/pagina10.com\/web\/wp-json\/wp\/v2\/media\/18562"}],"wp:attachment":[{"href":"https:\/\/pagina10.com\/web\/wp-json\/wp\/v2\/media?parent=18563"}],"wp:term":[{"taxonomy":"category","embeddable":true,"href":"https:\/\/pagina10.com\/web\/wp-json\/wp\/v2\/categories?post=18563"},{"taxonomy":"post_tag","embeddable":true,"href":"https:\/\/pagina10.com\/web\/wp-json\/wp\/v2\/tags?post=18563"}],"curies":[{"name":"wp","href":"https:\/\/api.w.org\/{rel}","templated":true}]}}