{"id":18567,"date":"2015-11-18T12:47:16","date_gmt":"2015-11-18T12:47:16","guid":{"rendered":"https:\/\/pagina10.com\/web\/canto-negro-canto-mio\/"},"modified":"2015-11-18T12:47:16","modified_gmt":"2015-11-18T12:47:16","slug":"canto-negro-canto-mio","status":"publish","type":"post","link":"https:\/\/pagina10.com\/web\/canto-negro-canto-mio\/","title":{"rendered":"Canto Negro, Canto M\u00edo"},"content":{"rendered":"<p><img fetchpriority=\"high\" decoding=\"async\" class=\" size-full wp-image-18566\" src=\"https:\/\/pagina10.com\/web\/wp-content\/uploads\/2015\/11\/aaa25d25ed3e47064adaa28b857936ed.jpg\" alt=\"\" width=\"960\" height=\"549\" srcset=\"https:\/\/pagina10.com\/web\/wp-content\/uploads\/2015\/11\/aaa25d25ed3e47064adaa28b857936ed.jpg 960w, https:\/\/pagina10.com\/web\/wp-content\/uploads\/2015\/11\/aaa25d25ed3e47064adaa28b857936ed-300x172.jpg 300w, https:\/\/pagina10.com\/web\/wp-content\/uploads\/2015\/11\/aaa25d25ed3e47064adaa28b857936ed-768x439.jpg 768w, https:\/\/pagina10.com\/web\/wp-content\/uploads\/2015\/11\/aaa25d25ed3e47064adaa28b857936ed-750x430.jpg 750w\" sizes=\"(max-width: 960px) 100vw, 960px\" \/><\/p>\n<p style=\"text-align: justify;\">Entre arrullos, alabados y el chureo de los bambucos viejos, cuatro cantadoras de Tumaco \u2013 Nari\u00f1o, evidencian su manifestaci\u00f3n musical tradicional a trav\u00e9s del canto como una forma de resistir y defender el quehacer cotidiano del pueblo negro hecho canci\u00f3n.Finalista de los reconocimientos al periodismo cultural Distintas Maneras de narrar las M\u00fasicas de Marimba y Cantos Tradicionales del Pac\u00edfico Sur del Ministerio de Cultura y que tambi\u00e9n hace parte de la primera selecci\u00f3n audiovisual, de la muestra audiovisual, de la selecci\u00f3n de jurados adem\u00e1s de su exhibici\u00f3n, durante los d\u00edas del Festival Internacional Audiovisual Mambe en Florencia &#8211; Caquet\u00e1.<\/p>\n<p style=\"text-align: justify;\"><span style=\"color: #141823; font-family: helvetica, arial, sans-serif; font-size: 14px; line-height: 19.32px;\"><\/span><\/p>\n<p><iframe width=\"640\" height=\"360\" src=\"https:\/\/www.youtube.com\/embed\/AVwM2MiTqbM\" frameborder=\"0\" allowfullscreen=\"true\" style=\"display: block; margin-left: auto; margin-right: auto;\"><\/iframe><\/p>\n","protected":false},"excerpt":{"rendered":"<p>Entre arrullos, alabados y el chureo de los bambucos viejos, cuatro cantadoras de Tumaco \u2013 Nari\u00f1o, evidencian su manifestaci\u00f3n musical tradicional a trav\u00e9s del canto como una forma de resistir y defender el quehacer cotidiano del pueblo negro hecho canci\u00f3n.Finalista de los reconocimientos al periodismo cultural Distintas Maneras de narrar las M\u00fasicas de Marimba y [&hellip;]<\/p>\n","protected":false},"author":29,"featured_media":18566,"comment_status":"open","ping_status":"open","sticky":false,"template":"","format":"standard","meta":{"footnotes":""},"categories":[1],"tags":[],"class_list":["post-18567","post","type-post","status-publish","format-standard","has-post-thumbnail","hentry","category-sin-categoria"],"yoast_head":"<!-- This site is optimized with the Yoast SEO plugin v27.1.1 - https:\/\/yoast.com\/product\/yoast-seo-wordpress\/ -->\n<title>Canto Negro, Canto M\u00edo | P\u00e1gina10<\/title>\n<meta name=\"robots\" content=\"index, follow, max-snippet:-1, max-image-preview:large, max-video-preview:-1\" \/>\n<link rel=\"canonical\" href=\"https:\/\/pagina10.com\/web\/canto-negro-canto-mio\/\" \/>\n<meta property=\"og:locale\" content=\"es_ES\" \/>\n<meta property=\"og:type\" content=\"article\" \/>\n<meta property=\"og:title\" content=\"Canto Negro, Canto M\u00edo | P\u00e1gina10\" \/>\n<meta property=\"og:description\" content=\"Entre arrullos, alabados y el chureo de los bambucos viejos, cuatro cantadoras de Tumaco \u2013 Nari\u00f1o, evidencian su manifestaci\u00f3n musical tradicional a trav\u00e9s del canto como una forma de resistir y defender el quehacer cotidiano del pueblo negro hecho canci\u00f3n.Finalista de los reconocimientos al periodismo cultural Distintas Maneras de narrar las M\u00fasicas de Marimba y [&hellip;]\" \/>\n<meta property=\"og:url\" content=\"https:\/\/pagina10.com\/web\/canto-negro-canto-mio\/\" \/>\n<meta property=\"og:site_name\" content=\"P\u00e1gina10\" \/>\n<meta property=\"article:publisher\" content=\"https:\/\/www.facebook.com\/pag10com\" \/>\n<meta property=\"article:published_time\" content=\"2015-11-18T12:47:16+00:00\" \/>\n<meta property=\"og:image\" content=\"https:\/\/pagina10.com\/web\/wp-content\/uploads\/2015\/11\/aaa25d25ed3e47064adaa28b857936ed.jpg\" \/>\n\t<meta property=\"og:image:width\" content=\"960\" \/>\n\t<meta property=\"og:image:height\" content=\"549\" \/>\n\t<meta property=\"og:image:type\" content=\"image\/jpeg\" \/>\n<meta name=\"author\" content=\"P\u00e1gina 10\" \/>\n<meta name=\"twitter:card\" content=\"summary_large_image\" \/>\n<meta name=\"twitter:creator\" content=\"@Pag10com\" \/>\n<meta name=\"twitter:site\" content=\"@Pag10com\" \/>\n<meta name=\"twitter:label1\" content=\"Escrito por\" \/>\n\t<meta name=\"twitter:data1\" content=\"P\u00e1gina 10\" \/>\n\t<meta name=\"twitter:label2\" content=\"Tiempo de lectura\" \/>\n\t<meta name=\"twitter:data2\" content=\"1 minuto\" \/>\n<script type=\"application\/ld+json\" class=\"yoast-schema-graph\">{\"@context\":\"https:\/\/schema.org\",\"@graph\":[{\"@type\":\"Article\",\"@id\":\"https:\/\/pagina10.com\/web\/canto-negro-canto-mio\/#article\",\"isPartOf\":{\"@id\":\"https:\/\/pagina10.com\/web\/canto-negro-canto-mio\/\"},\"author\":{\"name\":\"P\u00e1gina 10\",\"@id\":\"https:\/\/pagina10.com\/web\/#\/schema\/person\/a7a5d38f0629dfc107f619fbae4f6cc3\"},\"headline\":\"Canto Negro, Canto M\u00edo\",\"datePublished\":\"2015-11-18T12:47:16+00:00\",\"mainEntityOfPage\":{\"@id\":\"https:\/\/pagina10.com\/web\/canto-negro-canto-mio\/\"},\"wordCount\":116,\"commentCount\":0,\"publisher\":{\"@id\":\"https:\/\/pagina10.com\/web\/#organization\"},\"image\":{\"@id\":\"https:\/\/pagina10.com\/web\/canto-negro-canto-mio\/#primaryimage\"},\"thumbnailUrl\":\"https:\/\/pagina10.com\/web\/wp-content\/uploads\/2015\/11\/aaa25d25ed3e47064adaa28b857936ed.jpg\",\"inLanguage\":\"es\",\"potentialAction\":[{\"@type\":\"CommentAction\",\"name\":\"Comment\",\"target\":[\"https:\/\/pagina10.com\/web\/canto-negro-canto-mio\/#respond\"]}]},{\"@type\":\"WebPage\",\"@id\":\"https:\/\/pagina10.com\/web\/canto-negro-canto-mio\/\",\"url\":\"https:\/\/pagina10.com\/web\/canto-negro-canto-mio\/\",\"name\":\"Canto Negro, Canto M\u00edo | P\u00e1gina10\",\"isPartOf\":{\"@id\":\"https:\/\/pagina10.com\/web\/#website\"},\"primaryImageOfPage\":{\"@id\":\"https:\/\/pagina10.com\/web\/canto-negro-canto-mio\/#primaryimage\"},\"image\":{\"@id\":\"https:\/\/pagina10.com\/web\/canto-negro-canto-mio\/#primaryimage\"},\"thumbnailUrl\":\"https:\/\/pagina10.com\/web\/wp-content\/uploads\/2015\/11\/aaa25d25ed3e47064adaa28b857936ed.jpg\",\"datePublished\":\"2015-11-18T12:47:16+00:00\",\"breadcrumb\":{\"@id\":\"https:\/\/pagina10.com\/web\/canto-negro-canto-mio\/#breadcrumb\"},\"inLanguage\":\"es\",\"potentialAction\":[{\"@type\":\"ReadAction\",\"target\":[\"https:\/\/pagina10.com\/web\/canto-negro-canto-mio\/\"]}]},{\"@type\":\"ImageObject\",\"inLanguage\":\"es\",\"@id\":\"https:\/\/pagina10.com\/web\/canto-negro-canto-mio\/#primaryimage\",\"url\":\"https:\/\/pagina10.com\/web\/wp-content\/uploads\/2015\/11\/aaa25d25ed3e47064adaa28b857936ed.jpg\",\"contentUrl\":\"https:\/\/pagina10.com\/web\/wp-content\/uploads\/2015\/11\/aaa25d25ed3e47064adaa28b857936ed.jpg\",\"width\":960,\"height\":549},{\"@type\":\"BreadcrumbList\",\"@id\":\"https:\/\/pagina10.com\/web\/canto-negro-canto-mio\/#breadcrumb\",\"itemListElement\":[{\"@type\":\"ListItem\",\"position\":1,\"name\":\"Portada\",\"item\":\"https:\/\/pagina10.com\/web\/\"},{\"@type\":\"ListItem\",\"position\":2,\"name\":\"Canto Negro, Canto M\u00edo\"}]},{\"@type\":\"WebSite\",\"@id\":\"https:\/\/pagina10.com\/web\/#website\",\"url\":\"https:\/\/pagina10.com\/web\/\",\"name\":\"P\u00e1gina10\",\"description\":\"Peri\u00f3dico Regional\",\"publisher\":{\"@id\":\"https:\/\/pagina10.com\/web\/#organization\"},\"alternateName\":\"P\u00e1gina10 Peri\u00f3dico Regional\",\"potentialAction\":[{\"@type\":\"SearchAction\",\"target\":{\"@type\":\"EntryPoint\",\"urlTemplate\":\"https:\/\/pagina10.com\/web\/?s={search_term_string}\"},\"query-input\":{\"@type\":\"PropertyValueSpecification\",\"valueRequired\":true,\"valueName\":\"search_term_string\"}}],\"inLanguage\":\"es\"},{\"@type\":\"Organization\",\"@id\":\"https:\/\/pagina10.com\/web\/#organization\",\"name\":\"P\u00e1gina10\",\"alternateName\":\"P\u00e1gina10 Peri\u00f3dico Regional\",\"url\":\"https:\/\/pagina10.com\/web\/\",\"logo\":{\"@type\":\"ImageObject\",\"inLanguage\":\"es\",\"@id\":\"https:\/\/pagina10.com\/web\/#\/schema\/logo\/image\/\",\"url\":\"https:\/\/pagina10.com\/web\/wp-content\/uploads\/2024\/01\/40-pagina-10-periodico-regional-pasto.jpg\",\"contentUrl\":\"https:\/\/pagina10.com\/web\/wp-content\/uploads\/2024\/01\/40-pagina-10-periodico-regional-pasto.jpg\",\"width\":1280,\"height\":720,\"caption\":\"P\u00e1gina10\"},\"image\":{\"@id\":\"https:\/\/pagina10.com\/web\/#\/schema\/logo\/image\/\"},\"sameAs\":[\"https:\/\/www.facebook.com\/pag10com\",\"https:\/\/x.com\/Pag10com\",\"https:\/\/www.instagram.com\/pagina10col\/\",\"https:\/\/youtube.com\/channel\/pag10\",\"https:\/\/www.tiktok.com\/@p10col\"]},{\"@type\":\"Person\",\"@id\":\"https:\/\/pagina10.com\/web\/#\/schema\/person\/a7a5d38f0629dfc107f619fbae4f6cc3\",\"name\":\"P\u00e1gina 10\",\"description\":\"P\u00e1gina10.com es un peri\u00f3dico digital que nace en Colombia, en el departamento de Nari\u00f1o, con un enfoque global, fundamentado en cuatro pilares esenciales: la libertad, el pluralismo, la inclusi\u00f3n y la independencia. P\u00e1gina10.com hace referencia a Nari\u00f1o como el d\u00e9cimo departamento creado en Colombia, despu\u00e9s de un proceso pol\u00edtico liderado por actores y actrices regionales con el fin de obtener la independencia y autonom\u00eda de nuestros territorios. Con la creaci\u00f3n de P\u00e1gina10.com se pretende abrir un escenario para el dialogo, la reflexi\u00f3n y el debate que se extienda a otras geograf\u00edas de Am\u00e9rica Latina y del planeta, en una apuesta por transformar colectivamente los desaf\u00edos de un mundo contempor\u00e1neo, m\u00e1s all\u00e1 de las fronteras impuestas.\",\"url\":\"https:\/\/pagina10.com\/web\/author\/mcepeda\/\"}]}<\/script>\n<!-- \/ Yoast SEO plugin. -->","yoast_head_json":{"title":"Canto Negro, Canto M\u00edo | P\u00e1gina10","robots":{"index":"index","follow":"follow","max-snippet":"max-snippet:-1","max-image-preview":"max-image-preview:large","max-video-preview":"max-video-preview:-1"},"canonical":"https:\/\/pagina10.com\/web\/canto-negro-canto-mio\/","og_locale":"es_ES","og_type":"article","og_title":"Canto Negro, Canto M\u00edo | P\u00e1gina10","og_description":"Entre arrullos, alabados y el chureo de los bambucos viejos, cuatro cantadoras de Tumaco \u2013 Nari\u00f1o, evidencian su manifestaci\u00f3n musical tradicional a trav\u00e9s del canto como una forma de resistir y defender el quehacer cotidiano del pueblo negro hecho canci\u00f3n.Finalista de los reconocimientos al periodismo cultural Distintas Maneras de narrar las M\u00fasicas de Marimba y [&hellip;]","og_url":"https:\/\/pagina10.com\/web\/canto-negro-canto-mio\/","og_site_name":"P\u00e1gina10","article_publisher":"https:\/\/www.facebook.com\/pag10com","article_published_time":"2015-11-18T12:47:16+00:00","og_image":[{"width":960,"height":549,"url":"https:\/\/pagina10.com\/web\/wp-content\/uploads\/2015\/11\/aaa25d25ed3e47064adaa28b857936ed.jpg","type":"image\/jpeg"}],"author":"P\u00e1gina 10","twitter_card":"summary_large_image","twitter_creator":"@Pag10com","twitter_site":"@Pag10com","twitter_misc":{"Escrito por":"P\u00e1gina 10","Tiempo de lectura":"1 minuto"},"schema":{"@context":"https:\/\/schema.org","@graph":[{"@type":"Article","@id":"https:\/\/pagina10.com\/web\/canto-negro-canto-mio\/#article","isPartOf":{"@id":"https:\/\/pagina10.com\/web\/canto-negro-canto-mio\/"},"author":{"name":"P\u00e1gina 10","@id":"https:\/\/pagina10.com\/web\/#\/schema\/person\/a7a5d38f0629dfc107f619fbae4f6cc3"},"headline":"Canto Negro, Canto M\u00edo","datePublished":"2015-11-18T12:47:16+00:00","mainEntityOfPage":{"@id":"https:\/\/pagina10.com\/web\/canto-negro-canto-mio\/"},"wordCount":116,"commentCount":0,"publisher":{"@id":"https:\/\/pagina10.com\/web\/#organization"},"image":{"@id":"https:\/\/pagina10.com\/web\/canto-negro-canto-mio\/#primaryimage"},"thumbnailUrl":"https:\/\/pagina10.com\/web\/wp-content\/uploads\/2015\/11\/aaa25d25ed3e47064adaa28b857936ed.jpg","inLanguage":"es","potentialAction":[{"@type":"CommentAction","name":"Comment","target":["https:\/\/pagina10.com\/web\/canto-negro-canto-mio\/#respond"]}]},{"@type":"WebPage","@id":"https:\/\/pagina10.com\/web\/canto-negro-canto-mio\/","url":"https:\/\/pagina10.com\/web\/canto-negro-canto-mio\/","name":"Canto Negro, Canto M\u00edo | P\u00e1gina10","isPartOf":{"@id":"https:\/\/pagina10.com\/web\/#website"},"primaryImageOfPage":{"@id":"https:\/\/pagina10.com\/web\/canto-negro-canto-mio\/#primaryimage"},"image":{"@id":"https:\/\/pagina10.com\/web\/canto-negro-canto-mio\/#primaryimage"},"thumbnailUrl":"https:\/\/pagina10.com\/web\/wp-content\/uploads\/2015\/11\/aaa25d25ed3e47064adaa28b857936ed.jpg","datePublished":"2015-11-18T12:47:16+00:00","breadcrumb":{"@id":"https:\/\/pagina10.com\/web\/canto-negro-canto-mio\/#breadcrumb"},"inLanguage":"es","potentialAction":[{"@type":"ReadAction","target":["https:\/\/pagina10.com\/web\/canto-negro-canto-mio\/"]}]},{"@type":"ImageObject","inLanguage":"es","@id":"https:\/\/pagina10.com\/web\/canto-negro-canto-mio\/#primaryimage","url":"https:\/\/pagina10.com\/web\/wp-content\/uploads\/2015\/11\/aaa25d25ed3e47064adaa28b857936ed.jpg","contentUrl":"https:\/\/pagina10.com\/web\/wp-content\/uploads\/2015\/11\/aaa25d25ed3e47064adaa28b857936ed.jpg","width":960,"height":549},{"@type":"BreadcrumbList","@id":"https:\/\/pagina10.com\/web\/canto-negro-canto-mio\/#breadcrumb","itemListElement":[{"@type":"ListItem","position":1,"name":"Portada","item":"https:\/\/pagina10.com\/web\/"},{"@type":"ListItem","position":2,"name":"Canto Negro, Canto M\u00edo"}]},{"@type":"WebSite","@id":"https:\/\/pagina10.com\/web\/#website","url":"https:\/\/pagina10.com\/web\/","name":"P\u00e1gina10","description":"Peri\u00f3dico Regional","publisher":{"@id":"https:\/\/pagina10.com\/web\/#organization"},"alternateName":"P\u00e1gina10 Peri\u00f3dico Regional","potentialAction":[{"@type":"SearchAction","target":{"@type":"EntryPoint","urlTemplate":"https:\/\/pagina10.com\/web\/?s={search_term_string}"},"query-input":{"@type":"PropertyValueSpecification","valueRequired":true,"valueName":"search_term_string"}}],"inLanguage":"es"},{"@type":"Organization","@id":"https:\/\/pagina10.com\/web\/#organization","name":"P\u00e1gina10","alternateName":"P\u00e1gina10 Peri\u00f3dico Regional","url":"https:\/\/pagina10.com\/web\/","logo":{"@type":"ImageObject","inLanguage":"es","@id":"https:\/\/pagina10.com\/web\/#\/schema\/logo\/image\/","url":"https:\/\/pagina10.com\/web\/wp-content\/uploads\/2024\/01\/40-pagina-10-periodico-regional-pasto.jpg","contentUrl":"https:\/\/pagina10.com\/web\/wp-content\/uploads\/2024\/01\/40-pagina-10-periodico-regional-pasto.jpg","width":1280,"height":720,"caption":"P\u00e1gina10"},"image":{"@id":"https:\/\/pagina10.com\/web\/#\/schema\/logo\/image\/"},"sameAs":["https:\/\/www.facebook.com\/pag10com","https:\/\/x.com\/Pag10com","https:\/\/www.instagram.com\/pagina10col\/","https:\/\/youtube.com\/channel\/pag10","https:\/\/www.tiktok.com\/@p10col"]},{"@type":"Person","@id":"https:\/\/pagina10.com\/web\/#\/schema\/person\/a7a5d38f0629dfc107f619fbae4f6cc3","name":"P\u00e1gina 10","description":"P\u00e1gina10.com es un peri\u00f3dico digital que nace en Colombia, en el departamento de Nari\u00f1o, con un enfoque global, fundamentado en cuatro pilares esenciales: la libertad, el pluralismo, la inclusi\u00f3n y la independencia. P\u00e1gina10.com hace referencia a Nari\u00f1o como el d\u00e9cimo departamento creado en Colombia, despu\u00e9s de un proceso pol\u00edtico liderado por actores y actrices regionales con el fin de obtener la independencia y autonom\u00eda de nuestros territorios. Con la creaci\u00f3n de P\u00e1gina10.com se pretende abrir un escenario para el dialogo, la reflexi\u00f3n y el debate que se extienda a otras geograf\u00edas de Am\u00e9rica Latina y del planeta, en una apuesta por transformar colectivamente los desaf\u00edos de un mundo contempor\u00e1neo, m\u00e1s all\u00e1 de las fronteras impuestas.","url":"https:\/\/pagina10.com\/web\/author\/mcepeda\/"}]}},"_links":{"self":[{"href":"https:\/\/pagina10.com\/web\/wp-json\/wp\/v2\/posts\/18567","targetHints":{"allow":["GET"]}}],"collection":[{"href":"https:\/\/pagina10.com\/web\/wp-json\/wp\/v2\/posts"}],"about":[{"href":"https:\/\/pagina10.com\/web\/wp-json\/wp\/v2\/types\/post"}],"author":[{"embeddable":true,"href":"https:\/\/pagina10.com\/web\/wp-json\/wp\/v2\/users\/29"}],"replies":[{"embeddable":true,"href":"https:\/\/pagina10.com\/web\/wp-json\/wp\/v2\/comments?post=18567"}],"version-history":[{"count":0,"href":"https:\/\/pagina10.com\/web\/wp-json\/wp\/v2\/posts\/18567\/revisions"}],"wp:featuredmedia":[{"embeddable":true,"href":"https:\/\/pagina10.com\/web\/wp-json\/wp\/v2\/media\/18566"}],"wp:attachment":[{"href":"https:\/\/pagina10.com\/web\/wp-json\/wp\/v2\/media?parent=18567"}],"wp:term":[{"taxonomy":"category","embeddable":true,"href":"https:\/\/pagina10.com\/web\/wp-json\/wp\/v2\/categories?post=18567"},{"taxonomy":"post_tag","embeddable":true,"href":"https:\/\/pagina10.com\/web\/wp-json\/wp\/v2\/tags?post=18567"}],"curies":[{"name":"wp","href":"https:\/\/api.w.org\/{rel}","templated":true}]}}