{"id":18644,"date":"2015-11-10T17:08:00","date_gmt":"2015-11-10T17:08:00","guid":{"rendered":"https:\/\/pagina10.com\/web\/mandatarios-de-otras-regiones-del-pais-destacan-trabajo-de-alcaldia-de-pasto\/"},"modified":"2015-11-10T17:08:00","modified_gmt":"2015-11-10T17:08:00","slug":"mandatarios-de-otras-regiones-del-pais-destacan-trabajo-de-alcaldia-de-pasto","status":"publish","type":"post","link":"https:\/\/pagina10.com\/web\/mandatarios-de-otras-regiones-del-pais-destacan-trabajo-de-alcaldia-de-pasto\/","title":{"rendered":"Mandatarios de otras regiones del pa\u00eds destacan trabajo de Alcald\u00eda de Pasto"},"content":{"rendered":"<p><img fetchpriority=\"high\" decoding=\"async\" class=\" size-full wp-image-18643\" src=\"https:\/\/pagina10.com\/web\/wp-content\/uploads\/2015\/11\/fa64fab7923f208b56a0f8c8be012072.jpg\" alt=\"\" width=\"472\" height=\"315\" srcset=\"https:\/\/pagina10.com\/web\/wp-content\/uploads\/2015\/11\/fa64fab7923f208b56a0f8c8be012072.jpg 472w, https:\/\/pagina10.com\/web\/wp-content\/uploads\/2015\/11\/fa64fab7923f208b56a0f8c8be012072-300x200.jpg 300w, https:\/\/pagina10.com\/web\/wp-content\/uploads\/2015\/11\/fa64fab7923f208b56a0f8c8be012072-450x300.jpg 450w\" sizes=\"(max-width: 472px) 100vw, 472px\" \/><\/p>\n<p style=\"text-align: justify;\">En el marco del evento &#8220;Di\u00e1logo con los protagonistas: Sostenibilidad de las pol\u00edticas p\u00fablicas \u2013 Experiencias transformadoras de ciudad&#8221; organizado por Colombia L\u00edder, el Alcalde de Pasto Harold Guerrero L\u00f3pez invit\u00f3 a la delegaci\u00f3n de mandatarios de otras regiones del pa\u00eds, para mostrar las experiencias y obras adelantadas durante la actual Administraci\u00f3n Local.<\/p>\n<p style=\"text-align: justify;\">En el itinerario llevado a cabo con esta importante delegaci\u00f3n de alcaldes de varias regiones del pa\u00eds, se visit\u00f3 el Museo del Carnaval donde conocieron sobre la fiesta m\u00e1s grande del sur de Colombia, luego los visitantes llegaron hasta el Centro de Emprendimiento Digital y Tecnol\u00f3gico obra concebida y ejecutada por el alcalde Harold Guerrero L\u00f3pez.<\/p>\n<p style=\"text-align: justify;\">Durante el recorrido tambi\u00e9n estuvo presente Jes\u00fas Abad Colorado, fot\u00f3grafo que m\u00e1s ha retratado el tema del conflicto armado en Colombia, quien destac\u00f3 la labor adelantada por la Administraci\u00f3n Local en el tema educativo.<\/p>\n<p style=\"text-align: justify;\">El recorrido concluy\u00f3 con la presentaci\u00f3n de la obra de teatro &#8216;Mambr\u00fa se fue a la Guerra&#8217; presentada por los estudiantes de la Instituci\u00f3n Educativa Municipal Luis Eduardo Osejo que sensibiliza sobre el no reclutamiento de menores de edad en el conflicto armado. En este mismo recinto el cuerpo docente liderado por Betty Yela rectora del establecimiento, entregaron una placa de reconocimiento al alcalde de Pasto Harold Guerrero L\u00f3pez quien a su vez manifest\u00f3 su agradecimiento por el sorpresivo enaltecimiento.<\/p>\n","protected":false},"excerpt":{"rendered":"<p>En el marco del evento &#8220;Di\u00e1logo con los protagonistas: Sostenibilidad de las pol\u00edticas p\u00fablicas \u2013 Experiencias transformadoras de ciudad&#8221; organizado por Colombia L\u00edder, el Alcalde de Pasto Harold Guerrero L\u00f3pez invit\u00f3 a la delegaci\u00f3n de mandatarios de otras regiones del pa\u00eds, para mostrar las experiencias y obras adelantadas durante la actual Administraci\u00f3n Local. En el [&hellip;]<\/p>\n","protected":false},"author":29,"featured_media":18643,"comment_status":"open","ping_status":"open","sticky":false,"template":"","format":"standard","meta":{"footnotes":""},"categories":[1],"tags":[],"class_list":["post-18644","post","type-post","status-publish","format-standard","has-post-thumbnail","hentry","category-sin-categoria"],"yoast_head":"<!-- This site is optimized with the Yoast SEO plugin v27.1.1 - https:\/\/yoast.com\/product\/yoast-seo-wordpress\/ -->\n<title>Mandatarios de otras regiones del pa\u00eds destacan trabajo de Alcald\u00eda de Pasto | P\u00e1gina10<\/title>\n<meta name=\"robots\" content=\"index, follow, max-snippet:-1, max-image-preview:large, max-video-preview:-1\" \/>\n<link rel=\"canonical\" href=\"https:\/\/pagina10.com\/web\/mandatarios-de-otras-regiones-del-pais-destacan-trabajo-de-alcaldia-de-pasto\/\" \/>\n<meta property=\"og:locale\" content=\"es_ES\" \/>\n<meta property=\"og:type\" content=\"article\" \/>\n<meta property=\"og:title\" content=\"Mandatarios de otras regiones del pa\u00eds destacan trabajo de Alcald\u00eda de Pasto | P\u00e1gina10\" \/>\n<meta property=\"og:description\" content=\"En el marco del evento &#8220;Di\u00e1logo con los protagonistas: Sostenibilidad de las pol\u00edticas p\u00fablicas \u2013 Experiencias transformadoras de ciudad&#8221; organizado por Colombia L\u00edder, el Alcalde de Pasto Harold Guerrero L\u00f3pez invit\u00f3 a la delegaci\u00f3n de mandatarios de otras regiones del pa\u00eds, para mostrar las experiencias y obras adelantadas durante la actual Administraci\u00f3n Local. En el [&hellip;]\" \/>\n<meta property=\"og:url\" content=\"https:\/\/pagina10.com\/web\/mandatarios-de-otras-regiones-del-pais-destacan-trabajo-de-alcaldia-de-pasto\/\" \/>\n<meta property=\"og:site_name\" content=\"P\u00e1gina10\" \/>\n<meta property=\"article:publisher\" content=\"https:\/\/www.facebook.com\/pag10com\" \/>\n<meta property=\"article:published_time\" content=\"2015-11-10T17:08:00+00:00\" \/>\n<meta property=\"og:image\" content=\"https:\/\/pagina10.com\/web\/wp-content\/uploads\/2015\/11\/fa64fab7923f208b56a0f8c8be012072.jpg\" \/>\n\t<meta property=\"og:image:width\" content=\"472\" \/>\n\t<meta property=\"og:image:height\" content=\"315\" \/>\n\t<meta property=\"og:image:type\" content=\"image\/jpeg\" \/>\n<meta name=\"author\" content=\"P\u00e1gina 10\" \/>\n<meta name=\"twitter:card\" content=\"summary_large_image\" \/>\n<meta name=\"twitter:creator\" content=\"@Pag10com\" \/>\n<meta name=\"twitter:site\" content=\"@Pag10com\" \/>\n<meta name=\"twitter:label1\" content=\"Escrito por\" \/>\n\t<meta name=\"twitter:data1\" content=\"P\u00e1gina 10\" \/>\n\t<meta name=\"twitter:label2\" content=\"Tiempo de lectura\" \/>\n\t<meta name=\"twitter:data2\" content=\"1 minuto\" \/>\n<script type=\"application\/ld+json\" class=\"yoast-schema-graph\">{\"@context\":\"https:\/\/schema.org\",\"@graph\":[{\"@type\":\"Article\",\"@id\":\"https:\/\/pagina10.com\/web\/mandatarios-de-otras-regiones-del-pais-destacan-trabajo-de-alcaldia-de-pasto\/#article\",\"isPartOf\":{\"@id\":\"https:\/\/pagina10.com\/web\/mandatarios-de-otras-regiones-del-pais-destacan-trabajo-de-alcaldia-de-pasto\/\"},\"author\":{\"name\":\"P\u00e1gina 10\",\"@id\":\"https:\/\/pagina10.com\/web\/#\/schema\/person\/a7a5d38f0629dfc107f619fbae4f6cc3\"},\"headline\":\"Mandatarios de otras regiones del pa\u00eds destacan trabajo de Alcald\u00eda de Pasto\",\"datePublished\":\"2015-11-10T17:08:00+00:00\",\"mainEntityOfPage\":{\"@id\":\"https:\/\/pagina10.com\/web\/mandatarios-de-otras-regiones-del-pais-destacan-trabajo-de-alcaldia-de-pasto\/\"},\"wordCount\":257,\"commentCount\":0,\"publisher\":{\"@id\":\"https:\/\/pagina10.com\/web\/#organization\"},\"image\":{\"@id\":\"https:\/\/pagina10.com\/web\/mandatarios-de-otras-regiones-del-pais-destacan-trabajo-de-alcaldia-de-pasto\/#primaryimage\"},\"thumbnailUrl\":\"https:\/\/pagina10.com\/web\/wp-content\/uploads\/2015\/11\/fa64fab7923f208b56a0f8c8be012072.jpg\",\"inLanguage\":\"es\",\"potentialAction\":[{\"@type\":\"CommentAction\",\"name\":\"Comment\",\"target\":[\"https:\/\/pagina10.com\/web\/mandatarios-de-otras-regiones-del-pais-destacan-trabajo-de-alcaldia-de-pasto\/#respond\"]}]},{\"@type\":\"WebPage\",\"@id\":\"https:\/\/pagina10.com\/web\/mandatarios-de-otras-regiones-del-pais-destacan-trabajo-de-alcaldia-de-pasto\/\",\"url\":\"https:\/\/pagina10.com\/web\/mandatarios-de-otras-regiones-del-pais-destacan-trabajo-de-alcaldia-de-pasto\/\",\"name\":\"Mandatarios de otras regiones del pa\u00eds destacan trabajo de Alcald\u00eda de Pasto | P\u00e1gina10\",\"isPartOf\":{\"@id\":\"https:\/\/pagina10.com\/web\/#website\"},\"primaryImageOfPage\":{\"@id\":\"https:\/\/pagina10.com\/web\/mandatarios-de-otras-regiones-del-pais-destacan-trabajo-de-alcaldia-de-pasto\/#primaryimage\"},\"image\":{\"@id\":\"https:\/\/pagina10.com\/web\/mandatarios-de-otras-regiones-del-pais-destacan-trabajo-de-alcaldia-de-pasto\/#primaryimage\"},\"thumbnailUrl\":\"https:\/\/pagina10.com\/web\/wp-content\/uploads\/2015\/11\/fa64fab7923f208b56a0f8c8be012072.jpg\",\"datePublished\":\"2015-11-10T17:08:00+00:00\",\"breadcrumb\":{\"@id\":\"https:\/\/pagina10.com\/web\/mandatarios-de-otras-regiones-del-pais-destacan-trabajo-de-alcaldia-de-pasto\/#breadcrumb\"},\"inLanguage\":\"es\",\"potentialAction\":[{\"@type\":\"ReadAction\",\"target\":[\"https:\/\/pagina10.com\/web\/mandatarios-de-otras-regiones-del-pais-destacan-trabajo-de-alcaldia-de-pasto\/\"]}]},{\"@type\":\"ImageObject\",\"inLanguage\":\"es\",\"@id\":\"https:\/\/pagina10.com\/web\/mandatarios-de-otras-regiones-del-pais-destacan-trabajo-de-alcaldia-de-pasto\/#primaryimage\",\"url\":\"https:\/\/pagina10.com\/web\/wp-content\/uploads\/2015\/11\/fa64fab7923f208b56a0f8c8be012072.jpg\",\"contentUrl\":\"https:\/\/pagina10.com\/web\/wp-content\/uploads\/2015\/11\/fa64fab7923f208b56a0f8c8be012072.jpg\",\"width\":472,\"height\":315},{\"@type\":\"BreadcrumbList\",\"@id\":\"https:\/\/pagina10.com\/web\/mandatarios-de-otras-regiones-del-pais-destacan-trabajo-de-alcaldia-de-pasto\/#breadcrumb\",\"itemListElement\":[{\"@type\":\"ListItem\",\"position\":1,\"name\":\"Portada\",\"item\":\"https:\/\/pagina10.com\/web\/\"},{\"@type\":\"ListItem\",\"position\":2,\"name\":\"Mandatarios de otras regiones del pa\u00eds destacan trabajo de Alcald\u00eda de Pasto\"}]},{\"@type\":\"WebSite\",\"@id\":\"https:\/\/pagina10.com\/web\/#website\",\"url\":\"https:\/\/pagina10.com\/web\/\",\"name\":\"P\u00e1gina10\",\"description\":\"Peri\u00f3dico Regional\",\"publisher\":{\"@id\":\"https:\/\/pagina10.com\/web\/#organization\"},\"alternateName\":\"P\u00e1gina10 Peri\u00f3dico Regional\",\"potentialAction\":[{\"@type\":\"SearchAction\",\"target\":{\"@type\":\"EntryPoint\",\"urlTemplate\":\"https:\/\/pagina10.com\/web\/?s={search_term_string}\"},\"query-input\":{\"@type\":\"PropertyValueSpecification\",\"valueRequired\":true,\"valueName\":\"search_term_string\"}}],\"inLanguage\":\"es\"},{\"@type\":\"Organization\",\"@id\":\"https:\/\/pagina10.com\/web\/#organization\",\"name\":\"P\u00e1gina10\",\"alternateName\":\"P\u00e1gina10 Peri\u00f3dico Regional\",\"url\":\"https:\/\/pagina10.com\/web\/\",\"logo\":{\"@type\":\"ImageObject\",\"inLanguage\":\"es\",\"@id\":\"https:\/\/pagina10.com\/web\/#\/schema\/logo\/image\/\",\"url\":\"https:\/\/pagina10.com\/web\/wp-content\/uploads\/2024\/01\/40-pagina-10-periodico-regional-pasto.jpg\",\"contentUrl\":\"https:\/\/pagina10.com\/web\/wp-content\/uploads\/2024\/01\/40-pagina-10-periodico-regional-pasto.jpg\",\"width\":1280,\"height\":720,\"caption\":\"P\u00e1gina10\"},\"image\":{\"@id\":\"https:\/\/pagina10.com\/web\/#\/schema\/logo\/image\/\"},\"sameAs\":[\"https:\/\/www.facebook.com\/pag10com\",\"https:\/\/x.com\/Pag10com\",\"https:\/\/www.instagram.com\/pagina10col\/\",\"https:\/\/youtube.com\/channel\/pag10\",\"https:\/\/www.tiktok.com\/@p10col\"]},{\"@type\":\"Person\",\"@id\":\"https:\/\/pagina10.com\/web\/#\/schema\/person\/a7a5d38f0629dfc107f619fbae4f6cc3\",\"name\":\"P\u00e1gina 10\",\"description\":\"P\u00e1gina10.com es un peri\u00f3dico digital que nace en Colombia, en el departamento de Nari\u00f1o, con un enfoque global, fundamentado en cuatro pilares esenciales: la libertad, el pluralismo, la inclusi\u00f3n y la independencia. P\u00e1gina10.com hace referencia a Nari\u00f1o como el d\u00e9cimo departamento creado en Colombia, despu\u00e9s de un proceso pol\u00edtico liderado por actores y actrices regionales con el fin de obtener la independencia y autonom\u00eda de nuestros territorios. Con la creaci\u00f3n de P\u00e1gina10.com se pretende abrir un escenario para el dialogo, la reflexi\u00f3n y el debate que se extienda a otras geograf\u00edas de Am\u00e9rica Latina y del planeta, en una apuesta por transformar colectivamente los desaf\u00edos de un mundo contempor\u00e1neo, m\u00e1s all\u00e1 de las fronteras impuestas.\",\"url\":\"https:\/\/pagina10.com\/web\/author\/mcepeda\/\"}]}<\/script>\n<!-- \/ Yoast SEO plugin. -->","yoast_head_json":{"title":"Mandatarios de otras regiones del pa\u00eds destacan trabajo de Alcald\u00eda de Pasto | P\u00e1gina10","robots":{"index":"index","follow":"follow","max-snippet":"max-snippet:-1","max-image-preview":"max-image-preview:large","max-video-preview":"max-video-preview:-1"},"canonical":"https:\/\/pagina10.com\/web\/mandatarios-de-otras-regiones-del-pais-destacan-trabajo-de-alcaldia-de-pasto\/","og_locale":"es_ES","og_type":"article","og_title":"Mandatarios de otras regiones del pa\u00eds destacan trabajo de Alcald\u00eda de Pasto | P\u00e1gina10","og_description":"En el marco del evento &#8220;Di\u00e1logo con los protagonistas: Sostenibilidad de las pol\u00edticas p\u00fablicas \u2013 Experiencias transformadoras de ciudad&#8221; organizado por Colombia L\u00edder, el Alcalde de Pasto Harold Guerrero L\u00f3pez invit\u00f3 a la delegaci\u00f3n de mandatarios de otras regiones del pa\u00eds, para mostrar las experiencias y obras adelantadas durante la actual Administraci\u00f3n Local. En el [&hellip;]","og_url":"https:\/\/pagina10.com\/web\/mandatarios-de-otras-regiones-del-pais-destacan-trabajo-de-alcaldia-de-pasto\/","og_site_name":"P\u00e1gina10","article_publisher":"https:\/\/www.facebook.com\/pag10com","article_published_time":"2015-11-10T17:08:00+00:00","og_image":[{"width":472,"height":315,"url":"https:\/\/pagina10.com\/web\/wp-content\/uploads\/2015\/11\/fa64fab7923f208b56a0f8c8be012072.jpg","type":"image\/jpeg"}],"author":"P\u00e1gina 10","twitter_card":"summary_large_image","twitter_creator":"@Pag10com","twitter_site":"@Pag10com","twitter_misc":{"Escrito por":"P\u00e1gina 10","Tiempo de lectura":"1 minuto"},"schema":{"@context":"https:\/\/schema.org","@graph":[{"@type":"Article","@id":"https:\/\/pagina10.com\/web\/mandatarios-de-otras-regiones-del-pais-destacan-trabajo-de-alcaldia-de-pasto\/#article","isPartOf":{"@id":"https:\/\/pagina10.com\/web\/mandatarios-de-otras-regiones-del-pais-destacan-trabajo-de-alcaldia-de-pasto\/"},"author":{"name":"P\u00e1gina 10","@id":"https:\/\/pagina10.com\/web\/#\/schema\/person\/a7a5d38f0629dfc107f619fbae4f6cc3"},"headline":"Mandatarios de otras regiones del pa\u00eds destacan trabajo de Alcald\u00eda de Pasto","datePublished":"2015-11-10T17:08:00+00:00","mainEntityOfPage":{"@id":"https:\/\/pagina10.com\/web\/mandatarios-de-otras-regiones-del-pais-destacan-trabajo-de-alcaldia-de-pasto\/"},"wordCount":257,"commentCount":0,"publisher":{"@id":"https:\/\/pagina10.com\/web\/#organization"},"image":{"@id":"https:\/\/pagina10.com\/web\/mandatarios-de-otras-regiones-del-pais-destacan-trabajo-de-alcaldia-de-pasto\/#primaryimage"},"thumbnailUrl":"https:\/\/pagina10.com\/web\/wp-content\/uploads\/2015\/11\/fa64fab7923f208b56a0f8c8be012072.jpg","inLanguage":"es","potentialAction":[{"@type":"CommentAction","name":"Comment","target":["https:\/\/pagina10.com\/web\/mandatarios-de-otras-regiones-del-pais-destacan-trabajo-de-alcaldia-de-pasto\/#respond"]}]},{"@type":"WebPage","@id":"https:\/\/pagina10.com\/web\/mandatarios-de-otras-regiones-del-pais-destacan-trabajo-de-alcaldia-de-pasto\/","url":"https:\/\/pagina10.com\/web\/mandatarios-de-otras-regiones-del-pais-destacan-trabajo-de-alcaldia-de-pasto\/","name":"Mandatarios de otras regiones del pa\u00eds destacan trabajo de Alcald\u00eda de Pasto | P\u00e1gina10","isPartOf":{"@id":"https:\/\/pagina10.com\/web\/#website"},"primaryImageOfPage":{"@id":"https:\/\/pagina10.com\/web\/mandatarios-de-otras-regiones-del-pais-destacan-trabajo-de-alcaldia-de-pasto\/#primaryimage"},"image":{"@id":"https:\/\/pagina10.com\/web\/mandatarios-de-otras-regiones-del-pais-destacan-trabajo-de-alcaldia-de-pasto\/#primaryimage"},"thumbnailUrl":"https:\/\/pagina10.com\/web\/wp-content\/uploads\/2015\/11\/fa64fab7923f208b56a0f8c8be012072.jpg","datePublished":"2015-11-10T17:08:00+00:00","breadcrumb":{"@id":"https:\/\/pagina10.com\/web\/mandatarios-de-otras-regiones-del-pais-destacan-trabajo-de-alcaldia-de-pasto\/#breadcrumb"},"inLanguage":"es","potentialAction":[{"@type":"ReadAction","target":["https:\/\/pagina10.com\/web\/mandatarios-de-otras-regiones-del-pais-destacan-trabajo-de-alcaldia-de-pasto\/"]}]},{"@type":"ImageObject","inLanguage":"es","@id":"https:\/\/pagina10.com\/web\/mandatarios-de-otras-regiones-del-pais-destacan-trabajo-de-alcaldia-de-pasto\/#primaryimage","url":"https:\/\/pagina10.com\/web\/wp-content\/uploads\/2015\/11\/fa64fab7923f208b56a0f8c8be012072.jpg","contentUrl":"https:\/\/pagina10.com\/web\/wp-content\/uploads\/2015\/11\/fa64fab7923f208b56a0f8c8be012072.jpg","width":472,"height":315},{"@type":"BreadcrumbList","@id":"https:\/\/pagina10.com\/web\/mandatarios-de-otras-regiones-del-pais-destacan-trabajo-de-alcaldia-de-pasto\/#breadcrumb","itemListElement":[{"@type":"ListItem","position":1,"name":"Portada","item":"https:\/\/pagina10.com\/web\/"},{"@type":"ListItem","position":2,"name":"Mandatarios de otras regiones del pa\u00eds destacan trabajo de Alcald\u00eda de Pasto"}]},{"@type":"WebSite","@id":"https:\/\/pagina10.com\/web\/#website","url":"https:\/\/pagina10.com\/web\/","name":"P\u00e1gina10","description":"Peri\u00f3dico Regional","publisher":{"@id":"https:\/\/pagina10.com\/web\/#organization"},"alternateName":"P\u00e1gina10 Peri\u00f3dico Regional","potentialAction":[{"@type":"SearchAction","target":{"@type":"EntryPoint","urlTemplate":"https:\/\/pagina10.com\/web\/?s={search_term_string}"},"query-input":{"@type":"PropertyValueSpecification","valueRequired":true,"valueName":"search_term_string"}}],"inLanguage":"es"},{"@type":"Organization","@id":"https:\/\/pagina10.com\/web\/#organization","name":"P\u00e1gina10","alternateName":"P\u00e1gina10 Peri\u00f3dico Regional","url":"https:\/\/pagina10.com\/web\/","logo":{"@type":"ImageObject","inLanguage":"es","@id":"https:\/\/pagina10.com\/web\/#\/schema\/logo\/image\/","url":"https:\/\/pagina10.com\/web\/wp-content\/uploads\/2024\/01\/40-pagina-10-periodico-regional-pasto.jpg","contentUrl":"https:\/\/pagina10.com\/web\/wp-content\/uploads\/2024\/01\/40-pagina-10-periodico-regional-pasto.jpg","width":1280,"height":720,"caption":"P\u00e1gina10"},"image":{"@id":"https:\/\/pagina10.com\/web\/#\/schema\/logo\/image\/"},"sameAs":["https:\/\/www.facebook.com\/pag10com","https:\/\/x.com\/Pag10com","https:\/\/www.instagram.com\/pagina10col\/","https:\/\/youtube.com\/channel\/pag10","https:\/\/www.tiktok.com\/@p10col"]},{"@type":"Person","@id":"https:\/\/pagina10.com\/web\/#\/schema\/person\/a7a5d38f0629dfc107f619fbae4f6cc3","name":"P\u00e1gina 10","description":"P\u00e1gina10.com es un peri\u00f3dico digital que nace en Colombia, en el departamento de Nari\u00f1o, con un enfoque global, fundamentado en cuatro pilares esenciales: la libertad, el pluralismo, la inclusi\u00f3n y la independencia. P\u00e1gina10.com hace referencia a Nari\u00f1o como el d\u00e9cimo departamento creado en Colombia, despu\u00e9s de un proceso pol\u00edtico liderado por actores y actrices regionales con el fin de obtener la independencia y autonom\u00eda de nuestros territorios. Con la creaci\u00f3n de P\u00e1gina10.com se pretende abrir un escenario para el dialogo, la reflexi\u00f3n y el debate que se extienda a otras geograf\u00edas de Am\u00e9rica Latina y del planeta, en una apuesta por transformar colectivamente los desaf\u00edos de un mundo contempor\u00e1neo, m\u00e1s all\u00e1 de las fronteras impuestas.","url":"https:\/\/pagina10.com\/web\/author\/mcepeda\/"}]}},"_links":{"self":[{"href":"https:\/\/pagina10.com\/web\/wp-json\/wp\/v2\/posts\/18644","targetHints":{"allow":["GET"]}}],"collection":[{"href":"https:\/\/pagina10.com\/web\/wp-json\/wp\/v2\/posts"}],"about":[{"href":"https:\/\/pagina10.com\/web\/wp-json\/wp\/v2\/types\/post"}],"author":[{"embeddable":true,"href":"https:\/\/pagina10.com\/web\/wp-json\/wp\/v2\/users\/29"}],"replies":[{"embeddable":true,"href":"https:\/\/pagina10.com\/web\/wp-json\/wp\/v2\/comments?post=18644"}],"version-history":[{"count":0,"href":"https:\/\/pagina10.com\/web\/wp-json\/wp\/v2\/posts\/18644\/revisions"}],"wp:featuredmedia":[{"embeddable":true,"href":"https:\/\/pagina10.com\/web\/wp-json\/wp\/v2\/media\/18643"}],"wp:attachment":[{"href":"https:\/\/pagina10.com\/web\/wp-json\/wp\/v2\/media?parent=18644"}],"wp:term":[{"taxonomy":"category","embeddable":true,"href":"https:\/\/pagina10.com\/web\/wp-json\/wp\/v2\/categories?post=18644"},{"taxonomy":"post_tag","embeddable":true,"href":"https:\/\/pagina10.com\/web\/wp-json\/wp\/v2\/tags?post=18644"}],"curies":[{"name":"wp","href":"https:\/\/api.w.org\/{rel}","templated":true}]}}