{"id":18774,"date":"2015-12-02T20:57:01","date_gmt":"2015-12-02T20:57:01","guid":{"rendered":"https:\/\/pagina10.com\/web\/capturan-a-presuntos-responsables-de-atentado-contra-comandante-de-la-policia-metropolitana-de-pasto\/"},"modified":"2015-12-02T20:57:01","modified_gmt":"2015-12-02T20:57:01","slug":"capturan-a-presuntos-responsables-de-atentado-contra-comandante-de-la-policia-metropolitana-de-pasto","status":"publish","type":"post","link":"https:\/\/pagina10.com\/web\/capturan-a-presuntos-responsables-de-atentado-contra-comandante-de-la-policia-metropolitana-de-pasto\/","title":{"rendered":"Capturan a presuntos responsables de atentado contra comandante de la Polic\u00eda Metropolitana de Pasto"},"content":{"rendered":"<p><img fetchpriority=\"high\" decoding=\"async\" class=\" size-full wp-image-18773\" src=\"https:\/\/pagina10.com\/web\/wp-content\/uploads\/2015\/12\/a7594665816114cdcea1343b59795365.jpg\" alt=\"\" width=\"1543\" height=\"867\" srcset=\"https:\/\/pagina10.com\/web\/wp-content\/uploads\/2015\/12\/a7594665816114cdcea1343b59795365.jpg 1543w, https:\/\/pagina10.com\/web\/wp-content\/uploads\/2015\/12\/a7594665816114cdcea1343b59795365-300x169.jpg 300w, https:\/\/pagina10.com\/web\/wp-content\/uploads\/2015\/12\/a7594665816114cdcea1343b59795365-1024x575.jpg 1024w, https:\/\/pagina10.com\/web\/wp-content\/uploads\/2015\/12\/a7594665816114cdcea1343b59795365-768x432.jpg 768w, https:\/\/pagina10.com\/web\/wp-content\/uploads\/2015\/12\/a7594665816114cdcea1343b59795365-1536x863.jpg 1536w\" sizes=\"(max-width: 1543px) 100vw, 1543px\" \/><\/p>\n<p style=\"text-align: justify;\">Por los delitos de concierto para delinquir agravado y terrorismo agravado fueron capturados por la Polic\u00eda Judicial de la Sij\u00edn \u2013 Nari\u00f1o, Jos\u00e9 Hermes Gil Agudelo, alias L\u00e1mpara, presunto integrante del Clan \u00dasuga,&nbsp;y William Alexander Salgado Vergara, alias Kevin.<\/p>\n<p style=\"text-align: justify;\">Los hechos materia de investigaci\u00f3n ocurrieron el 14 de noviembre \u00faltimo, cuando los hoy capturados supuestamente atentaron contra la integridad del coronel Jos\u00e9 Javier P\u00e9rez Wats, comandante de la Polic\u00eda Metropolitana de Pasto, quien llegaba a su casa ubicada en el barrio Las Margaritas de esa ciudad.<\/p>\n<p style=\"text-align: justify;\">La Fiscal\u00eda 58 Seccional de la capital nari\u00f1ense, adscrita a la Estructura de Apoyo, imput\u00f3 cargos a los indiciados, quienes no aceptaron su responsabilidad en los hechos y fueron remitidos a la c\u00e1rcel judicial de la ciudad para cumplir la medida de aseguramiento impuesta por un juez de garant\u00edas.<\/p>\n","protected":false},"excerpt":{"rendered":"<p>Por los delitos de concierto para delinquir agravado y terrorismo agravado fueron capturados por la Polic\u00eda Judicial de la Sij\u00edn \u2013 Nari\u00f1o, Jos\u00e9 Hermes Gil Agudelo, alias L\u00e1mpara, presunto integrante del Clan \u00dasuga,&nbsp;y William Alexander Salgado Vergara, alias Kevin. Los hechos materia de investigaci\u00f3n ocurrieron el 14 de noviembre \u00faltimo, cuando los hoy capturados supuestamente [&hellip;]<\/p>\n","protected":false},"author":29,"featured_media":18773,"comment_status":"open","ping_status":"open","sticky":false,"template":"","format":"standard","meta":{"footnotes":""},"categories":[1],"tags":[],"class_list":["post-18774","post","type-post","status-publish","format-standard","has-post-thumbnail","hentry","category-sin-categoria"],"yoast_head":"<!-- This site is optimized with the Yoast SEO plugin v27.1.1 - https:\/\/yoast.com\/product\/yoast-seo-wordpress\/ -->\n<title>Capturan a presuntos responsables de atentado contra comandante de la Polic\u00eda Metropolitana de Pasto | P\u00e1gina10<\/title>\n<meta name=\"robots\" content=\"index, follow, max-snippet:-1, max-image-preview:large, max-video-preview:-1\" \/>\n<link rel=\"canonical\" href=\"https:\/\/pagina10.com\/web\/capturan-a-presuntos-responsables-de-atentado-contra-comandante-de-la-policia-metropolitana-de-pasto\/\" \/>\n<meta property=\"og:locale\" content=\"es_ES\" \/>\n<meta property=\"og:type\" content=\"article\" \/>\n<meta property=\"og:title\" content=\"Capturan a presuntos responsables de atentado contra comandante de la Polic\u00eda Metropolitana de Pasto | P\u00e1gina10\" \/>\n<meta property=\"og:description\" content=\"Por los delitos de concierto para delinquir agravado y terrorismo agravado fueron capturados por la Polic\u00eda Judicial de la Sij\u00edn \u2013 Nari\u00f1o, Jos\u00e9 Hermes Gil Agudelo, alias L\u00e1mpara, presunto integrante del Clan \u00dasuga,&nbsp;y William Alexander Salgado Vergara, alias Kevin. Los hechos materia de investigaci\u00f3n ocurrieron el 14 de noviembre \u00faltimo, cuando los hoy capturados supuestamente [&hellip;]\" \/>\n<meta property=\"og:url\" content=\"https:\/\/pagina10.com\/web\/capturan-a-presuntos-responsables-de-atentado-contra-comandante-de-la-policia-metropolitana-de-pasto\/\" \/>\n<meta property=\"og:site_name\" content=\"P\u00e1gina10\" \/>\n<meta property=\"article:publisher\" content=\"https:\/\/www.facebook.com\/pag10com\" \/>\n<meta property=\"article:published_time\" content=\"2015-12-02T20:57:01+00:00\" \/>\n<meta property=\"og:image\" content=\"https:\/\/pagina10.com\/web\/wp-content\/uploads\/2015\/12\/a7594665816114cdcea1343b59795365.jpg\" \/>\n\t<meta property=\"og:image:width\" content=\"1543\" \/>\n\t<meta property=\"og:image:height\" content=\"867\" \/>\n\t<meta property=\"og:image:type\" content=\"image\/jpeg\" \/>\n<meta name=\"author\" content=\"P\u00e1gina 10\" \/>\n<meta name=\"twitter:card\" content=\"summary_large_image\" \/>\n<meta name=\"twitter:creator\" content=\"@Pag10com\" \/>\n<meta name=\"twitter:site\" content=\"@Pag10com\" \/>\n<meta name=\"twitter:label1\" content=\"Escrito por\" \/>\n\t<meta name=\"twitter:data1\" content=\"P\u00e1gina 10\" \/>\n\t<meta name=\"twitter:label2\" content=\"Tiempo de lectura\" \/>\n\t<meta name=\"twitter:data2\" content=\"1 minuto\" \/>\n<script type=\"application\/ld+json\" class=\"yoast-schema-graph\">{\"@context\":\"https:\/\/schema.org\",\"@graph\":[{\"@type\":\"Article\",\"@id\":\"https:\/\/pagina10.com\/web\/capturan-a-presuntos-responsables-de-atentado-contra-comandante-de-la-policia-metropolitana-de-pasto\/#article\",\"isPartOf\":{\"@id\":\"https:\/\/pagina10.com\/web\/capturan-a-presuntos-responsables-de-atentado-contra-comandante-de-la-policia-metropolitana-de-pasto\/\"},\"author\":{\"name\":\"P\u00e1gina 10\",\"@id\":\"https:\/\/pagina10.com\/web\/#\/schema\/person\/a7a5d38f0629dfc107f619fbae4f6cc3\"},\"headline\":\"Capturan a presuntos responsables de atentado contra comandante de la Polic\u00eda Metropolitana de Pasto\",\"datePublished\":\"2015-12-02T20:57:01+00:00\",\"mainEntityOfPage\":{\"@id\":\"https:\/\/pagina10.com\/web\/capturan-a-presuntos-responsables-de-atentado-contra-comandante-de-la-policia-metropolitana-de-pasto\/\"},\"wordCount\":160,\"commentCount\":0,\"publisher\":{\"@id\":\"https:\/\/pagina10.com\/web\/#organization\"},\"image\":{\"@id\":\"https:\/\/pagina10.com\/web\/capturan-a-presuntos-responsables-de-atentado-contra-comandante-de-la-policia-metropolitana-de-pasto\/#primaryimage\"},\"thumbnailUrl\":\"https:\/\/pagina10.com\/web\/wp-content\/uploads\/2015\/12\/a7594665816114cdcea1343b59795365.jpg\",\"inLanguage\":\"es\",\"potentialAction\":[{\"@type\":\"CommentAction\",\"name\":\"Comment\",\"target\":[\"https:\/\/pagina10.com\/web\/capturan-a-presuntos-responsables-de-atentado-contra-comandante-de-la-policia-metropolitana-de-pasto\/#respond\"]}]},{\"@type\":\"WebPage\",\"@id\":\"https:\/\/pagina10.com\/web\/capturan-a-presuntos-responsables-de-atentado-contra-comandante-de-la-policia-metropolitana-de-pasto\/\",\"url\":\"https:\/\/pagina10.com\/web\/capturan-a-presuntos-responsables-de-atentado-contra-comandante-de-la-policia-metropolitana-de-pasto\/\",\"name\":\"Capturan a presuntos responsables de atentado contra comandante de la Polic\u00eda Metropolitana de Pasto | P\u00e1gina10\",\"isPartOf\":{\"@id\":\"https:\/\/pagina10.com\/web\/#website\"},\"primaryImageOfPage\":{\"@id\":\"https:\/\/pagina10.com\/web\/capturan-a-presuntos-responsables-de-atentado-contra-comandante-de-la-policia-metropolitana-de-pasto\/#primaryimage\"},\"image\":{\"@id\":\"https:\/\/pagina10.com\/web\/capturan-a-presuntos-responsables-de-atentado-contra-comandante-de-la-policia-metropolitana-de-pasto\/#primaryimage\"},\"thumbnailUrl\":\"https:\/\/pagina10.com\/web\/wp-content\/uploads\/2015\/12\/a7594665816114cdcea1343b59795365.jpg\",\"datePublished\":\"2015-12-02T20:57:01+00:00\",\"breadcrumb\":{\"@id\":\"https:\/\/pagina10.com\/web\/capturan-a-presuntos-responsables-de-atentado-contra-comandante-de-la-policia-metropolitana-de-pasto\/#breadcrumb\"},\"inLanguage\":\"es\",\"potentialAction\":[{\"@type\":\"ReadAction\",\"target\":[\"https:\/\/pagina10.com\/web\/capturan-a-presuntos-responsables-de-atentado-contra-comandante-de-la-policia-metropolitana-de-pasto\/\"]}]},{\"@type\":\"ImageObject\",\"inLanguage\":\"es\",\"@id\":\"https:\/\/pagina10.com\/web\/capturan-a-presuntos-responsables-de-atentado-contra-comandante-de-la-policia-metropolitana-de-pasto\/#primaryimage\",\"url\":\"https:\/\/pagina10.com\/web\/wp-content\/uploads\/2015\/12\/a7594665816114cdcea1343b59795365.jpg\",\"contentUrl\":\"https:\/\/pagina10.com\/web\/wp-content\/uploads\/2015\/12\/a7594665816114cdcea1343b59795365.jpg\",\"width\":1543,\"height\":867},{\"@type\":\"BreadcrumbList\",\"@id\":\"https:\/\/pagina10.com\/web\/capturan-a-presuntos-responsables-de-atentado-contra-comandante-de-la-policia-metropolitana-de-pasto\/#breadcrumb\",\"itemListElement\":[{\"@type\":\"ListItem\",\"position\":1,\"name\":\"Portada\",\"item\":\"https:\/\/pagina10.com\/web\/\"},{\"@type\":\"ListItem\",\"position\":2,\"name\":\"Capturan a presuntos responsables de atentado contra comandante de la Polic\u00eda Metropolitana de Pasto\"}]},{\"@type\":\"WebSite\",\"@id\":\"https:\/\/pagina10.com\/web\/#website\",\"url\":\"https:\/\/pagina10.com\/web\/\",\"name\":\"P\u00e1gina10\",\"description\":\"Peri\u00f3dico Regional\",\"publisher\":{\"@id\":\"https:\/\/pagina10.com\/web\/#organization\"},\"alternateName\":\"P\u00e1gina10 Peri\u00f3dico Regional\",\"potentialAction\":[{\"@type\":\"SearchAction\",\"target\":{\"@type\":\"EntryPoint\",\"urlTemplate\":\"https:\/\/pagina10.com\/web\/?s={search_term_string}\"},\"query-input\":{\"@type\":\"PropertyValueSpecification\",\"valueRequired\":true,\"valueName\":\"search_term_string\"}}],\"inLanguage\":\"es\"},{\"@type\":\"Organization\",\"@id\":\"https:\/\/pagina10.com\/web\/#organization\",\"name\":\"P\u00e1gina10\",\"alternateName\":\"P\u00e1gina10 Peri\u00f3dico Regional\",\"url\":\"https:\/\/pagina10.com\/web\/\",\"logo\":{\"@type\":\"ImageObject\",\"inLanguage\":\"es\",\"@id\":\"https:\/\/pagina10.com\/web\/#\/schema\/logo\/image\/\",\"url\":\"https:\/\/pagina10.com\/web\/wp-content\/uploads\/2024\/01\/40-pagina-10-periodico-regional-pasto.jpg\",\"contentUrl\":\"https:\/\/pagina10.com\/web\/wp-content\/uploads\/2024\/01\/40-pagina-10-periodico-regional-pasto.jpg\",\"width\":1280,\"height\":720,\"caption\":\"P\u00e1gina10\"},\"image\":{\"@id\":\"https:\/\/pagina10.com\/web\/#\/schema\/logo\/image\/\"},\"sameAs\":[\"https:\/\/www.facebook.com\/pag10com\",\"https:\/\/x.com\/Pag10com\",\"https:\/\/www.instagram.com\/pagina10col\/\",\"https:\/\/youtube.com\/channel\/pag10\",\"https:\/\/www.tiktok.com\/@p10col\"]},{\"@type\":\"Person\",\"@id\":\"https:\/\/pagina10.com\/web\/#\/schema\/person\/a7a5d38f0629dfc107f619fbae4f6cc3\",\"name\":\"P\u00e1gina 10\",\"description\":\"P\u00e1gina10.com es un peri\u00f3dico digital que nace en Colombia, en el departamento de Nari\u00f1o, con un enfoque global, fundamentado en cuatro pilares esenciales: la libertad, el pluralismo, la inclusi\u00f3n y la independencia. P\u00e1gina10.com hace referencia a Nari\u00f1o como el d\u00e9cimo departamento creado en Colombia, despu\u00e9s de un proceso pol\u00edtico liderado por actores y actrices regionales con el fin de obtener la independencia y autonom\u00eda de nuestros territorios. Con la creaci\u00f3n de P\u00e1gina10.com se pretende abrir un escenario para el dialogo, la reflexi\u00f3n y el debate que se extienda a otras geograf\u00edas de Am\u00e9rica Latina y del planeta, en una apuesta por transformar colectivamente los desaf\u00edos de un mundo contempor\u00e1neo, m\u00e1s all\u00e1 de las fronteras impuestas.\",\"url\":\"https:\/\/pagina10.com\/web\/author\/mcepeda\/\"}]}<\/script>\n<!-- \/ Yoast SEO plugin. -->","yoast_head_json":{"title":"Capturan a presuntos responsables de atentado contra comandante de la Polic\u00eda Metropolitana de Pasto | P\u00e1gina10","robots":{"index":"index","follow":"follow","max-snippet":"max-snippet:-1","max-image-preview":"max-image-preview:large","max-video-preview":"max-video-preview:-1"},"canonical":"https:\/\/pagina10.com\/web\/capturan-a-presuntos-responsables-de-atentado-contra-comandante-de-la-policia-metropolitana-de-pasto\/","og_locale":"es_ES","og_type":"article","og_title":"Capturan a presuntos responsables de atentado contra comandante de la Polic\u00eda Metropolitana de Pasto | P\u00e1gina10","og_description":"Por los delitos de concierto para delinquir agravado y terrorismo agravado fueron capturados por la Polic\u00eda Judicial de la Sij\u00edn \u2013 Nari\u00f1o, Jos\u00e9 Hermes Gil Agudelo, alias L\u00e1mpara, presunto integrante del Clan \u00dasuga,&nbsp;y William Alexander Salgado Vergara, alias Kevin. Los hechos materia de investigaci\u00f3n ocurrieron el 14 de noviembre \u00faltimo, cuando los hoy capturados supuestamente [&hellip;]","og_url":"https:\/\/pagina10.com\/web\/capturan-a-presuntos-responsables-de-atentado-contra-comandante-de-la-policia-metropolitana-de-pasto\/","og_site_name":"P\u00e1gina10","article_publisher":"https:\/\/www.facebook.com\/pag10com","article_published_time":"2015-12-02T20:57:01+00:00","og_image":[{"width":1543,"height":867,"url":"https:\/\/pagina10.com\/web\/wp-content\/uploads\/2015\/12\/a7594665816114cdcea1343b59795365.jpg","type":"image\/jpeg"}],"author":"P\u00e1gina 10","twitter_card":"summary_large_image","twitter_creator":"@Pag10com","twitter_site":"@Pag10com","twitter_misc":{"Escrito por":"P\u00e1gina 10","Tiempo de lectura":"1 minuto"},"schema":{"@context":"https:\/\/schema.org","@graph":[{"@type":"Article","@id":"https:\/\/pagina10.com\/web\/capturan-a-presuntos-responsables-de-atentado-contra-comandante-de-la-policia-metropolitana-de-pasto\/#article","isPartOf":{"@id":"https:\/\/pagina10.com\/web\/capturan-a-presuntos-responsables-de-atentado-contra-comandante-de-la-policia-metropolitana-de-pasto\/"},"author":{"name":"P\u00e1gina 10","@id":"https:\/\/pagina10.com\/web\/#\/schema\/person\/a7a5d38f0629dfc107f619fbae4f6cc3"},"headline":"Capturan a presuntos responsables de atentado contra comandante de la Polic\u00eda Metropolitana de Pasto","datePublished":"2015-12-02T20:57:01+00:00","mainEntityOfPage":{"@id":"https:\/\/pagina10.com\/web\/capturan-a-presuntos-responsables-de-atentado-contra-comandante-de-la-policia-metropolitana-de-pasto\/"},"wordCount":160,"commentCount":0,"publisher":{"@id":"https:\/\/pagina10.com\/web\/#organization"},"image":{"@id":"https:\/\/pagina10.com\/web\/capturan-a-presuntos-responsables-de-atentado-contra-comandante-de-la-policia-metropolitana-de-pasto\/#primaryimage"},"thumbnailUrl":"https:\/\/pagina10.com\/web\/wp-content\/uploads\/2015\/12\/a7594665816114cdcea1343b59795365.jpg","inLanguage":"es","potentialAction":[{"@type":"CommentAction","name":"Comment","target":["https:\/\/pagina10.com\/web\/capturan-a-presuntos-responsables-de-atentado-contra-comandante-de-la-policia-metropolitana-de-pasto\/#respond"]}]},{"@type":"WebPage","@id":"https:\/\/pagina10.com\/web\/capturan-a-presuntos-responsables-de-atentado-contra-comandante-de-la-policia-metropolitana-de-pasto\/","url":"https:\/\/pagina10.com\/web\/capturan-a-presuntos-responsables-de-atentado-contra-comandante-de-la-policia-metropolitana-de-pasto\/","name":"Capturan a presuntos responsables de atentado contra comandante de la Polic\u00eda Metropolitana de Pasto | P\u00e1gina10","isPartOf":{"@id":"https:\/\/pagina10.com\/web\/#website"},"primaryImageOfPage":{"@id":"https:\/\/pagina10.com\/web\/capturan-a-presuntos-responsables-de-atentado-contra-comandante-de-la-policia-metropolitana-de-pasto\/#primaryimage"},"image":{"@id":"https:\/\/pagina10.com\/web\/capturan-a-presuntos-responsables-de-atentado-contra-comandante-de-la-policia-metropolitana-de-pasto\/#primaryimage"},"thumbnailUrl":"https:\/\/pagina10.com\/web\/wp-content\/uploads\/2015\/12\/a7594665816114cdcea1343b59795365.jpg","datePublished":"2015-12-02T20:57:01+00:00","breadcrumb":{"@id":"https:\/\/pagina10.com\/web\/capturan-a-presuntos-responsables-de-atentado-contra-comandante-de-la-policia-metropolitana-de-pasto\/#breadcrumb"},"inLanguage":"es","potentialAction":[{"@type":"ReadAction","target":["https:\/\/pagina10.com\/web\/capturan-a-presuntos-responsables-de-atentado-contra-comandante-de-la-policia-metropolitana-de-pasto\/"]}]},{"@type":"ImageObject","inLanguage":"es","@id":"https:\/\/pagina10.com\/web\/capturan-a-presuntos-responsables-de-atentado-contra-comandante-de-la-policia-metropolitana-de-pasto\/#primaryimage","url":"https:\/\/pagina10.com\/web\/wp-content\/uploads\/2015\/12\/a7594665816114cdcea1343b59795365.jpg","contentUrl":"https:\/\/pagina10.com\/web\/wp-content\/uploads\/2015\/12\/a7594665816114cdcea1343b59795365.jpg","width":1543,"height":867},{"@type":"BreadcrumbList","@id":"https:\/\/pagina10.com\/web\/capturan-a-presuntos-responsables-de-atentado-contra-comandante-de-la-policia-metropolitana-de-pasto\/#breadcrumb","itemListElement":[{"@type":"ListItem","position":1,"name":"Portada","item":"https:\/\/pagina10.com\/web\/"},{"@type":"ListItem","position":2,"name":"Capturan a presuntos responsables de atentado contra comandante de la Polic\u00eda Metropolitana de Pasto"}]},{"@type":"WebSite","@id":"https:\/\/pagina10.com\/web\/#website","url":"https:\/\/pagina10.com\/web\/","name":"P\u00e1gina10","description":"Peri\u00f3dico Regional","publisher":{"@id":"https:\/\/pagina10.com\/web\/#organization"},"alternateName":"P\u00e1gina10 Peri\u00f3dico Regional","potentialAction":[{"@type":"SearchAction","target":{"@type":"EntryPoint","urlTemplate":"https:\/\/pagina10.com\/web\/?s={search_term_string}"},"query-input":{"@type":"PropertyValueSpecification","valueRequired":true,"valueName":"search_term_string"}}],"inLanguage":"es"},{"@type":"Organization","@id":"https:\/\/pagina10.com\/web\/#organization","name":"P\u00e1gina10","alternateName":"P\u00e1gina10 Peri\u00f3dico Regional","url":"https:\/\/pagina10.com\/web\/","logo":{"@type":"ImageObject","inLanguage":"es","@id":"https:\/\/pagina10.com\/web\/#\/schema\/logo\/image\/","url":"https:\/\/pagina10.com\/web\/wp-content\/uploads\/2024\/01\/40-pagina-10-periodico-regional-pasto.jpg","contentUrl":"https:\/\/pagina10.com\/web\/wp-content\/uploads\/2024\/01\/40-pagina-10-periodico-regional-pasto.jpg","width":1280,"height":720,"caption":"P\u00e1gina10"},"image":{"@id":"https:\/\/pagina10.com\/web\/#\/schema\/logo\/image\/"},"sameAs":["https:\/\/www.facebook.com\/pag10com","https:\/\/x.com\/Pag10com","https:\/\/www.instagram.com\/pagina10col\/","https:\/\/youtube.com\/channel\/pag10","https:\/\/www.tiktok.com\/@p10col"]},{"@type":"Person","@id":"https:\/\/pagina10.com\/web\/#\/schema\/person\/a7a5d38f0629dfc107f619fbae4f6cc3","name":"P\u00e1gina 10","description":"P\u00e1gina10.com es un peri\u00f3dico digital que nace en Colombia, en el departamento de Nari\u00f1o, con un enfoque global, fundamentado en cuatro pilares esenciales: la libertad, el pluralismo, la inclusi\u00f3n y la independencia. P\u00e1gina10.com hace referencia a Nari\u00f1o como el d\u00e9cimo departamento creado en Colombia, despu\u00e9s de un proceso pol\u00edtico liderado por actores y actrices regionales con el fin de obtener la independencia y autonom\u00eda de nuestros territorios. Con la creaci\u00f3n de P\u00e1gina10.com se pretende abrir un escenario para el dialogo, la reflexi\u00f3n y el debate que se extienda a otras geograf\u00edas de Am\u00e9rica Latina y del planeta, en una apuesta por transformar colectivamente los desaf\u00edos de un mundo contempor\u00e1neo, m\u00e1s all\u00e1 de las fronteras impuestas.","url":"https:\/\/pagina10.com\/web\/author\/mcepeda\/"}]}},"_links":{"self":[{"href":"https:\/\/pagina10.com\/web\/wp-json\/wp\/v2\/posts\/18774","targetHints":{"allow":["GET"]}}],"collection":[{"href":"https:\/\/pagina10.com\/web\/wp-json\/wp\/v2\/posts"}],"about":[{"href":"https:\/\/pagina10.com\/web\/wp-json\/wp\/v2\/types\/post"}],"author":[{"embeddable":true,"href":"https:\/\/pagina10.com\/web\/wp-json\/wp\/v2\/users\/29"}],"replies":[{"embeddable":true,"href":"https:\/\/pagina10.com\/web\/wp-json\/wp\/v2\/comments?post=18774"}],"version-history":[{"count":0,"href":"https:\/\/pagina10.com\/web\/wp-json\/wp\/v2\/posts\/18774\/revisions"}],"wp:featuredmedia":[{"embeddable":true,"href":"https:\/\/pagina10.com\/web\/wp-json\/wp\/v2\/media\/18773"}],"wp:attachment":[{"href":"https:\/\/pagina10.com\/web\/wp-json\/wp\/v2\/media?parent=18774"}],"wp:term":[{"taxonomy":"category","embeddable":true,"href":"https:\/\/pagina10.com\/web\/wp-json\/wp\/v2\/categories?post=18774"},{"taxonomy":"post_tag","embeddable":true,"href":"https:\/\/pagina10.com\/web\/wp-json\/wp\/v2\/tags?post=18774"}],"curies":[{"name":"wp","href":"https:\/\/api.w.org\/{rel}","templated":true}]}}