{"id":18778,"date":"2015-12-03T13:26:21","date_gmt":"2015-12-03T13:26:21","guid":{"rendered":"https:\/\/pagina10.com\/web\/por-fin-proyecto-de-ley-animalista-aprobado-en-historica-plenaria-del-congreso\/"},"modified":"2015-12-03T13:26:21","modified_gmt":"2015-12-03T13:26:21","slug":"por-fin-proyecto-de-ley-animalista-aprobado-en-historica-plenaria-del-congreso","status":"publish","type":"post","link":"https:\/\/pagina10.com\/web\/por-fin-proyecto-de-ley-animalista-aprobado-en-historica-plenaria-del-congreso\/","title":{"rendered":"Por Fin ! Proyecto de ley animalista aprobado en hist\u00f3rica plenaria del Congreso"},"content":{"rendered":"<p><img fetchpriority=\"high\" decoding=\"async\" class=\" size-full wp-image-18777\" src=\"https:\/\/pagina10.com\/web\/wp-content\/uploads\/2015\/12\/a50ee8bdd4bfd67dd54300d91464f75a.jpg\" alt=\"\" width=\"4902\" height=\"3268\" \/><\/p>\n<p style=\"text-align: justify;\">Este mi\u00e9rcoles en la plenaria del Senado de la Rep\u00fablica fue aprobado por unanimidad&nbsp;el proyecto de ley con el cual se reconocen los derechos de los animales en Colombia. <span style=\"line-height: 19.8px;\">&nbsp;El autor del proyecto fue el congresista liberal, Juan Carlos Losada, quien explic\u00f3 que ahora el maltrato animal ser\u00e1 un delito contenido en el C\u00f3digo Penal.<\/span><\/p>\n<p style=\"text-align: justify;\"><span style=\"line-height: 19.8px;\" data-mce-mark=\"1\"><span style=\"line-height: 19.8px;\" data-mce-mark=\"1\">El proyecto deber\u00e1 surtir un proceso de conciliaci\u00f3n con lo aprobado en la C\u00e1mara de Representantes y pasar\u00e1 a sanci\u00f3n presidencial.<\/span><\/span><\/p>\n<p style=\"text-align: justify;\">El primer objetivo es reconocer a los animales como seres sintientes, para que sean protegidos contra el sufrimiento injustificado provocado por los seres humanos; el segundo, tipificar como punibles las conductas en contra de los animales; el tercero, establecer multas de 60 salarios m\u00ednimos mensuales vigentes y prisi\u00f3n de 12 a 36 meses para quienes maltraten a los animales.&nbsp;Tambi\u00e9n permite que la Polic\u00eda Nacional retenga a los animales v\u00edctimas de maltratos y establece multas de dos a 20 salarios m\u00ednimos cuando una persona abandone a un animal dom\u00e9stico.<\/p>\n<p style=\"text-align: justify;\">&#8220;Para m\u00ed es un honor que en menos de un mes logr\u00e1ramos un cambio hist\u00f3rico de quitar el paradigma de c\u00f3mo concebimos el derecho a la vida en Colombia. (&#8230;). Vamos a tener una Colombia mucho m\u00e1s tolerante, mucho menos violenta gracias a este proyecto de ley&#8221;, dijo&nbsp;<span style=\"line-height: 19.8px;\" data-mce-mark=\"1\">Juan Carlos Losada<\/span><\/p>\n<p style=\"text-align: justify;\"><span style=\"line-height: 1.8;\" data-mce-mark=\"1\">&#8220;El trato a los animales se basa en el respeto, la solidaridad, la compasi\u00f3n, la \u00e9tica, la justicia, el cuidado, la prevenci\u00f3n del sufrimiento, la erradicaci\u00f3n del cautiverio y el abandono, as\u00ed\u0301 como de cualquier forma de abuso, maltrato, violencia, y trato cruel&#8221;, asegur\u00f3 el parlamentario.<\/span><\/p>\n<p style=\"text-align: justify;\"><strong style=\"line-height: 1.8;\">Algunos aspectos que contiene la ley animalista:<\/strong><\/p>\n<p style=\"text-align: justify;\"><strong>Objeto.<\/strong> Los animales como seres sintientes no son cosas, recibir\u00e1n especial protecci\u00f3n contra el sufrimiento y el dolor, en especial, el causado directa o indirectamente por los humanos, por lo cual en la presente ley se tipifican como punibles algunas conductas relacionadas con el maltrato a los animales, y se establece un procedimiento sancionatorio de car\u00e1cter policivo y judicial.<\/p>\n<p style=\"text-align: justify;\"><strong>Bienestar animal. En el cuidado de los animales, el responsable o tenedor de ellos asegurara\u0301 como m\u00ednimo:<\/strong><\/p>\n<p style=\"text-align: justify;\">1. Que no sufran hambre ni sed.<\/p>\n<p style=\"text-align: justify;\">2. Que no sufran injustificadamente malestar f\u00edsico ni dolor.<\/p>\n<p style=\"text-align: justify;\">3. Que no les sean provocadas enfermedades por negligencia o descuido.<\/p>\n<p style=\"text-align: justify;\">4. Que no sean sometidos a condiciones de miedo ni estr\u00e9s.<\/p>\n<p style=\"text-align: justify;\">5. Que puedan manifestar su comportamiento natural.<\/p>\n","protected":false},"excerpt":{"rendered":"<p>Este mi\u00e9rcoles en la plenaria del Senado de la Rep\u00fablica fue aprobado por unanimidad&nbsp;el proyecto de ley con el cual se reconocen los derechos de los animales en Colombia. &nbsp;El autor del proyecto fue el congresista liberal, Juan Carlos Losada, quien explic\u00f3 que ahora el maltrato animal ser\u00e1 un delito contenido en el C\u00f3digo Penal. [&hellip;]<\/p>\n","protected":false},"author":29,"featured_media":18777,"comment_status":"open","ping_status":"open","sticky":false,"template":"","format":"standard","meta":{"footnotes":""},"categories":[1],"tags":[],"class_list":["post-18778","post","type-post","status-publish","format-standard","has-post-thumbnail","hentry","category-sin-categoria"],"yoast_head":"<!-- This site is optimized with the Yoast SEO plugin v27.1.1 - https:\/\/yoast.com\/product\/yoast-seo-wordpress\/ -->\n<title>Por Fin ! Proyecto de ley animalista aprobado en hist\u00f3rica plenaria del Congreso | P\u00e1gina10<\/title>\n<meta name=\"robots\" content=\"index, follow, max-snippet:-1, max-image-preview:large, max-video-preview:-1\" \/>\n<link rel=\"canonical\" href=\"https:\/\/pagina10.com\/web\/por-fin-proyecto-de-ley-animalista-aprobado-en-historica-plenaria-del-congreso\/\" \/>\n<meta property=\"og:locale\" content=\"es_ES\" \/>\n<meta property=\"og:type\" content=\"article\" \/>\n<meta property=\"og:title\" content=\"Por Fin ! Proyecto de ley animalista aprobado en hist\u00f3rica plenaria del Congreso | P\u00e1gina10\" \/>\n<meta property=\"og:description\" content=\"Este mi\u00e9rcoles en la plenaria del Senado de la Rep\u00fablica fue aprobado por unanimidad&nbsp;el proyecto de ley con el cual se reconocen los derechos de los animales en Colombia. &nbsp;El autor del proyecto fue el congresista liberal, Juan Carlos Losada, quien explic\u00f3 que ahora el maltrato animal ser\u00e1 un delito contenido en el C\u00f3digo Penal. [&hellip;]\" \/>\n<meta property=\"og:url\" content=\"https:\/\/pagina10.com\/web\/por-fin-proyecto-de-ley-animalista-aprobado-en-historica-plenaria-del-congreso\/\" \/>\n<meta property=\"og:site_name\" content=\"P\u00e1gina10\" \/>\n<meta property=\"article:publisher\" content=\"https:\/\/www.facebook.com\/pag10com\" \/>\n<meta property=\"article:published_time\" content=\"2015-12-03T13:26:21+00:00\" \/>\n<meta property=\"og:image\" content=\"https:\/\/pagina10.com\/web\/wp-content\/uploads\/2015\/12\/a50ee8bdd4bfd67dd54300d91464f75a-scaled.jpg\" \/>\n\t<meta property=\"og:image:width\" content=\"2560\" \/>\n\t<meta property=\"og:image:height\" content=\"1707\" \/>\n\t<meta property=\"og:image:type\" content=\"image\/jpeg\" \/>\n<meta name=\"author\" content=\"P\u00e1gina 10\" \/>\n<meta name=\"twitter:card\" content=\"summary_large_image\" \/>\n<meta name=\"twitter:creator\" content=\"@Pag10com\" \/>\n<meta name=\"twitter:site\" content=\"@Pag10com\" \/>\n<meta name=\"twitter:label1\" content=\"Escrito por\" \/>\n\t<meta name=\"twitter:data1\" content=\"P\u00e1gina 10\" \/>\n\t<meta name=\"twitter:label2\" content=\"Tiempo de lectura\" \/>\n\t<meta name=\"twitter:data2\" content=\"2 minutos\" \/>\n<script type=\"application\/ld+json\" class=\"yoast-schema-graph\">{\"@context\":\"https:\/\/schema.org\",\"@graph\":[{\"@type\":\"Article\",\"@id\":\"https:\/\/pagina10.com\/web\/por-fin-proyecto-de-ley-animalista-aprobado-en-historica-plenaria-del-congreso\/#article\",\"isPartOf\":{\"@id\":\"https:\/\/pagina10.com\/web\/por-fin-proyecto-de-ley-animalista-aprobado-en-historica-plenaria-del-congreso\/\"},\"author\":{\"name\":\"P\u00e1gina 10\",\"@id\":\"https:\/\/pagina10.com\/web\/#\/schema\/person\/a7a5d38f0629dfc107f619fbae4f6cc3\"},\"headline\":\"Por Fin ! Proyecto de ley animalista aprobado en hist\u00f3rica plenaria del Congreso\",\"datePublished\":\"2015-12-03T13:26:21+00:00\",\"mainEntityOfPage\":{\"@id\":\"https:\/\/pagina10.com\/web\/por-fin-proyecto-de-ley-animalista-aprobado-en-historica-plenaria-del-congreso\/\"},\"wordCount\":424,\"commentCount\":0,\"publisher\":{\"@id\":\"https:\/\/pagina10.com\/web\/#organization\"},\"image\":{\"@id\":\"https:\/\/pagina10.com\/web\/por-fin-proyecto-de-ley-animalista-aprobado-en-historica-plenaria-del-congreso\/#primaryimage\"},\"thumbnailUrl\":\"https:\/\/pagina10.com\/web\/wp-content\/uploads\/2015\/12\/a50ee8bdd4bfd67dd54300d91464f75a-scaled.jpg\",\"inLanguage\":\"es\",\"potentialAction\":[{\"@type\":\"CommentAction\",\"name\":\"Comment\",\"target\":[\"https:\/\/pagina10.com\/web\/por-fin-proyecto-de-ley-animalista-aprobado-en-historica-plenaria-del-congreso\/#respond\"]}]},{\"@type\":\"WebPage\",\"@id\":\"https:\/\/pagina10.com\/web\/por-fin-proyecto-de-ley-animalista-aprobado-en-historica-plenaria-del-congreso\/\",\"url\":\"https:\/\/pagina10.com\/web\/por-fin-proyecto-de-ley-animalista-aprobado-en-historica-plenaria-del-congreso\/\",\"name\":\"Por Fin ! Proyecto de ley animalista aprobado en hist\u00f3rica plenaria del Congreso | P\u00e1gina10\",\"isPartOf\":{\"@id\":\"https:\/\/pagina10.com\/web\/#website\"},\"primaryImageOfPage\":{\"@id\":\"https:\/\/pagina10.com\/web\/por-fin-proyecto-de-ley-animalista-aprobado-en-historica-plenaria-del-congreso\/#primaryimage\"},\"image\":{\"@id\":\"https:\/\/pagina10.com\/web\/por-fin-proyecto-de-ley-animalista-aprobado-en-historica-plenaria-del-congreso\/#primaryimage\"},\"thumbnailUrl\":\"https:\/\/pagina10.com\/web\/wp-content\/uploads\/2015\/12\/a50ee8bdd4bfd67dd54300d91464f75a-scaled.jpg\",\"datePublished\":\"2015-12-03T13:26:21+00:00\",\"breadcrumb\":{\"@id\":\"https:\/\/pagina10.com\/web\/por-fin-proyecto-de-ley-animalista-aprobado-en-historica-plenaria-del-congreso\/#breadcrumb\"},\"inLanguage\":\"es\",\"potentialAction\":[{\"@type\":\"ReadAction\",\"target\":[\"https:\/\/pagina10.com\/web\/por-fin-proyecto-de-ley-animalista-aprobado-en-historica-plenaria-del-congreso\/\"]}]},{\"@type\":\"ImageObject\",\"inLanguage\":\"es\",\"@id\":\"https:\/\/pagina10.com\/web\/por-fin-proyecto-de-ley-animalista-aprobado-en-historica-plenaria-del-congreso\/#primaryimage\",\"url\":\"https:\/\/pagina10.com\/web\/wp-content\/uploads\/2015\/12\/a50ee8bdd4bfd67dd54300d91464f75a-scaled.jpg\",\"contentUrl\":\"https:\/\/pagina10.com\/web\/wp-content\/uploads\/2015\/12\/a50ee8bdd4bfd67dd54300d91464f75a-scaled.jpg\",\"width\":2560,\"height\":1707},{\"@type\":\"BreadcrumbList\",\"@id\":\"https:\/\/pagina10.com\/web\/por-fin-proyecto-de-ley-animalista-aprobado-en-historica-plenaria-del-congreso\/#breadcrumb\",\"itemListElement\":[{\"@type\":\"ListItem\",\"position\":1,\"name\":\"Portada\",\"item\":\"https:\/\/pagina10.com\/web\/\"},{\"@type\":\"ListItem\",\"position\":2,\"name\":\"Por Fin ! Proyecto de ley animalista aprobado en hist\u00f3rica plenaria del Congreso\"}]},{\"@type\":\"WebSite\",\"@id\":\"https:\/\/pagina10.com\/web\/#website\",\"url\":\"https:\/\/pagina10.com\/web\/\",\"name\":\"P\u00e1gina10\",\"description\":\"Peri\u00f3dico Regional\",\"publisher\":{\"@id\":\"https:\/\/pagina10.com\/web\/#organization\"},\"alternateName\":\"P\u00e1gina10 Peri\u00f3dico Regional\",\"potentialAction\":[{\"@type\":\"SearchAction\",\"target\":{\"@type\":\"EntryPoint\",\"urlTemplate\":\"https:\/\/pagina10.com\/web\/?s={search_term_string}\"},\"query-input\":{\"@type\":\"PropertyValueSpecification\",\"valueRequired\":true,\"valueName\":\"search_term_string\"}}],\"inLanguage\":\"es\"},{\"@type\":\"Organization\",\"@id\":\"https:\/\/pagina10.com\/web\/#organization\",\"name\":\"P\u00e1gina10\",\"alternateName\":\"P\u00e1gina10 Peri\u00f3dico Regional\",\"url\":\"https:\/\/pagina10.com\/web\/\",\"logo\":{\"@type\":\"ImageObject\",\"inLanguage\":\"es\",\"@id\":\"https:\/\/pagina10.com\/web\/#\/schema\/logo\/image\/\",\"url\":\"https:\/\/pagina10.com\/web\/wp-content\/uploads\/2024\/01\/40-pagina-10-periodico-regional-pasto.jpg\",\"contentUrl\":\"https:\/\/pagina10.com\/web\/wp-content\/uploads\/2024\/01\/40-pagina-10-periodico-regional-pasto.jpg\",\"width\":1280,\"height\":720,\"caption\":\"P\u00e1gina10\"},\"image\":{\"@id\":\"https:\/\/pagina10.com\/web\/#\/schema\/logo\/image\/\"},\"sameAs\":[\"https:\/\/www.facebook.com\/pag10com\",\"https:\/\/x.com\/Pag10com\",\"https:\/\/www.instagram.com\/pagina10col\/\",\"https:\/\/youtube.com\/channel\/pag10\",\"https:\/\/www.tiktok.com\/@p10col\"]},{\"@type\":\"Person\",\"@id\":\"https:\/\/pagina10.com\/web\/#\/schema\/person\/a7a5d38f0629dfc107f619fbae4f6cc3\",\"name\":\"P\u00e1gina 10\",\"description\":\"P\u00e1gina10.com es un peri\u00f3dico digital que nace en Colombia, en el departamento de Nari\u00f1o, con un enfoque global, fundamentado en cuatro pilares esenciales: la libertad, el pluralismo, la inclusi\u00f3n y la independencia. P\u00e1gina10.com hace referencia a Nari\u00f1o como el d\u00e9cimo departamento creado en Colombia, despu\u00e9s de un proceso pol\u00edtico liderado por actores y actrices regionales con el fin de obtener la independencia y autonom\u00eda de nuestros territorios. Con la creaci\u00f3n de P\u00e1gina10.com se pretende abrir un escenario para el dialogo, la reflexi\u00f3n y el debate que se extienda a otras geograf\u00edas de Am\u00e9rica Latina y del planeta, en una apuesta por transformar colectivamente los desaf\u00edos de un mundo contempor\u00e1neo, m\u00e1s all\u00e1 de las fronteras impuestas.\",\"url\":\"https:\/\/pagina10.com\/web\/author\/mcepeda\/\"}]}<\/script>\n<!-- \/ Yoast SEO plugin. -->","yoast_head_json":{"title":"Por Fin ! Proyecto de ley animalista aprobado en hist\u00f3rica plenaria del Congreso | P\u00e1gina10","robots":{"index":"index","follow":"follow","max-snippet":"max-snippet:-1","max-image-preview":"max-image-preview:large","max-video-preview":"max-video-preview:-1"},"canonical":"https:\/\/pagina10.com\/web\/por-fin-proyecto-de-ley-animalista-aprobado-en-historica-plenaria-del-congreso\/","og_locale":"es_ES","og_type":"article","og_title":"Por Fin ! Proyecto de ley animalista aprobado en hist\u00f3rica plenaria del Congreso | P\u00e1gina10","og_description":"Este mi\u00e9rcoles en la plenaria del Senado de la Rep\u00fablica fue aprobado por unanimidad&nbsp;el proyecto de ley con el cual se reconocen los derechos de los animales en Colombia. &nbsp;El autor del proyecto fue el congresista liberal, Juan Carlos Losada, quien explic\u00f3 que ahora el maltrato animal ser\u00e1 un delito contenido en el C\u00f3digo Penal. [&hellip;]","og_url":"https:\/\/pagina10.com\/web\/por-fin-proyecto-de-ley-animalista-aprobado-en-historica-plenaria-del-congreso\/","og_site_name":"P\u00e1gina10","article_publisher":"https:\/\/www.facebook.com\/pag10com","article_published_time":"2015-12-03T13:26:21+00:00","og_image":[{"width":2560,"height":1707,"url":"https:\/\/pagina10.com\/web\/wp-content\/uploads\/2015\/12\/a50ee8bdd4bfd67dd54300d91464f75a-scaled.jpg","type":"image\/jpeg"}],"author":"P\u00e1gina 10","twitter_card":"summary_large_image","twitter_creator":"@Pag10com","twitter_site":"@Pag10com","twitter_misc":{"Escrito por":"P\u00e1gina 10","Tiempo de lectura":"2 minutos"},"schema":{"@context":"https:\/\/schema.org","@graph":[{"@type":"Article","@id":"https:\/\/pagina10.com\/web\/por-fin-proyecto-de-ley-animalista-aprobado-en-historica-plenaria-del-congreso\/#article","isPartOf":{"@id":"https:\/\/pagina10.com\/web\/por-fin-proyecto-de-ley-animalista-aprobado-en-historica-plenaria-del-congreso\/"},"author":{"name":"P\u00e1gina 10","@id":"https:\/\/pagina10.com\/web\/#\/schema\/person\/a7a5d38f0629dfc107f619fbae4f6cc3"},"headline":"Por Fin ! Proyecto de ley animalista aprobado en hist\u00f3rica plenaria del Congreso","datePublished":"2015-12-03T13:26:21+00:00","mainEntityOfPage":{"@id":"https:\/\/pagina10.com\/web\/por-fin-proyecto-de-ley-animalista-aprobado-en-historica-plenaria-del-congreso\/"},"wordCount":424,"commentCount":0,"publisher":{"@id":"https:\/\/pagina10.com\/web\/#organization"},"image":{"@id":"https:\/\/pagina10.com\/web\/por-fin-proyecto-de-ley-animalista-aprobado-en-historica-plenaria-del-congreso\/#primaryimage"},"thumbnailUrl":"https:\/\/pagina10.com\/web\/wp-content\/uploads\/2015\/12\/a50ee8bdd4bfd67dd54300d91464f75a-scaled.jpg","inLanguage":"es","potentialAction":[{"@type":"CommentAction","name":"Comment","target":["https:\/\/pagina10.com\/web\/por-fin-proyecto-de-ley-animalista-aprobado-en-historica-plenaria-del-congreso\/#respond"]}]},{"@type":"WebPage","@id":"https:\/\/pagina10.com\/web\/por-fin-proyecto-de-ley-animalista-aprobado-en-historica-plenaria-del-congreso\/","url":"https:\/\/pagina10.com\/web\/por-fin-proyecto-de-ley-animalista-aprobado-en-historica-plenaria-del-congreso\/","name":"Por Fin ! Proyecto de ley animalista aprobado en hist\u00f3rica plenaria del Congreso | P\u00e1gina10","isPartOf":{"@id":"https:\/\/pagina10.com\/web\/#website"},"primaryImageOfPage":{"@id":"https:\/\/pagina10.com\/web\/por-fin-proyecto-de-ley-animalista-aprobado-en-historica-plenaria-del-congreso\/#primaryimage"},"image":{"@id":"https:\/\/pagina10.com\/web\/por-fin-proyecto-de-ley-animalista-aprobado-en-historica-plenaria-del-congreso\/#primaryimage"},"thumbnailUrl":"https:\/\/pagina10.com\/web\/wp-content\/uploads\/2015\/12\/a50ee8bdd4bfd67dd54300d91464f75a-scaled.jpg","datePublished":"2015-12-03T13:26:21+00:00","breadcrumb":{"@id":"https:\/\/pagina10.com\/web\/por-fin-proyecto-de-ley-animalista-aprobado-en-historica-plenaria-del-congreso\/#breadcrumb"},"inLanguage":"es","potentialAction":[{"@type":"ReadAction","target":["https:\/\/pagina10.com\/web\/por-fin-proyecto-de-ley-animalista-aprobado-en-historica-plenaria-del-congreso\/"]}]},{"@type":"ImageObject","inLanguage":"es","@id":"https:\/\/pagina10.com\/web\/por-fin-proyecto-de-ley-animalista-aprobado-en-historica-plenaria-del-congreso\/#primaryimage","url":"https:\/\/pagina10.com\/web\/wp-content\/uploads\/2015\/12\/a50ee8bdd4bfd67dd54300d91464f75a-scaled.jpg","contentUrl":"https:\/\/pagina10.com\/web\/wp-content\/uploads\/2015\/12\/a50ee8bdd4bfd67dd54300d91464f75a-scaled.jpg","width":2560,"height":1707},{"@type":"BreadcrumbList","@id":"https:\/\/pagina10.com\/web\/por-fin-proyecto-de-ley-animalista-aprobado-en-historica-plenaria-del-congreso\/#breadcrumb","itemListElement":[{"@type":"ListItem","position":1,"name":"Portada","item":"https:\/\/pagina10.com\/web\/"},{"@type":"ListItem","position":2,"name":"Por Fin ! Proyecto de ley animalista aprobado en hist\u00f3rica plenaria del Congreso"}]},{"@type":"WebSite","@id":"https:\/\/pagina10.com\/web\/#website","url":"https:\/\/pagina10.com\/web\/","name":"P\u00e1gina10","description":"Peri\u00f3dico Regional","publisher":{"@id":"https:\/\/pagina10.com\/web\/#organization"},"alternateName":"P\u00e1gina10 Peri\u00f3dico Regional","potentialAction":[{"@type":"SearchAction","target":{"@type":"EntryPoint","urlTemplate":"https:\/\/pagina10.com\/web\/?s={search_term_string}"},"query-input":{"@type":"PropertyValueSpecification","valueRequired":true,"valueName":"search_term_string"}}],"inLanguage":"es"},{"@type":"Organization","@id":"https:\/\/pagina10.com\/web\/#organization","name":"P\u00e1gina10","alternateName":"P\u00e1gina10 Peri\u00f3dico Regional","url":"https:\/\/pagina10.com\/web\/","logo":{"@type":"ImageObject","inLanguage":"es","@id":"https:\/\/pagina10.com\/web\/#\/schema\/logo\/image\/","url":"https:\/\/pagina10.com\/web\/wp-content\/uploads\/2024\/01\/40-pagina-10-periodico-regional-pasto.jpg","contentUrl":"https:\/\/pagina10.com\/web\/wp-content\/uploads\/2024\/01\/40-pagina-10-periodico-regional-pasto.jpg","width":1280,"height":720,"caption":"P\u00e1gina10"},"image":{"@id":"https:\/\/pagina10.com\/web\/#\/schema\/logo\/image\/"},"sameAs":["https:\/\/www.facebook.com\/pag10com","https:\/\/x.com\/Pag10com","https:\/\/www.instagram.com\/pagina10col\/","https:\/\/youtube.com\/channel\/pag10","https:\/\/www.tiktok.com\/@p10col"]},{"@type":"Person","@id":"https:\/\/pagina10.com\/web\/#\/schema\/person\/a7a5d38f0629dfc107f619fbae4f6cc3","name":"P\u00e1gina 10","description":"P\u00e1gina10.com es un peri\u00f3dico digital que nace en Colombia, en el departamento de Nari\u00f1o, con un enfoque global, fundamentado en cuatro pilares esenciales: la libertad, el pluralismo, la inclusi\u00f3n y la independencia. P\u00e1gina10.com hace referencia a Nari\u00f1o como el d\u00e9cimo departamento creado en Colombia, despu\u00e9s de un proceso pol\u00edtico liderado por actores y actrices regionales con el fin de obtener la independencia y autonom\u00eda de nuestros territorios. Con la creaci\u00f3n de P\u00e1gina10.com se pretende abrir un escenario para el dialogo, la reflexi\u00f3n y el debate que se extienda a otras geograf\u00edas de Am\u00e9rica Latina y del planeta, en una apuesta por transformar colectivamente los desaf\u00edos de un mundo contempor\u00e1neo, m\u00e1s all\u00e1 de las fronteras impuestas.","url":"https:\/\/pagina10.com\/web\/author\/mcepeda\/"}]}},"_links":{"self":[{"href":"https:\/\/pagina10.com\/web\/wp-json\/wp\/v2\/posts\/18778","targetHints":{"allow":["GET"]}}],"collection":[{"href":"https:\/\/pagina10.com\/web\/wp-json\/wp\/v2\/posts"}],"about":[{"href":"https:\/\/pagina10.com\/web\/wp-json\/wp\/v2\/types\/post"}],"author":[{"embeddable":true,"href":"https:\/\/pagina10.com\/web\/wp-json\/wp\/v2\/users\/29"}],"replies":[{"embeddable":true,"href":"https:\/\/pagina10.com\/web\/wp-json\/wp\/v2\/comments?post=18778"}],"version-history":[{"count":0,"href":"https:\/\/pagina10.com\/web\/wp-json\/wp\/v2\/posts\/18778\/revisions"}],"wp:featuredmedia":[{"embeddable":true,"href":"https:\/\/pagina10.com\/web\/wp-json\/wp\/v2\/media\/18777"}],"wp:attachment":[{"href":"https:\/\/pagina10.com\/web\/wp-json\/wp\/v2\/media?parent=18778"}],"wp:term":[{"taxonomy":"category","embeddable":true,"href":"https:\/\/pagina10.com\/web\/wp-json\/wp\/v2\/categories?post=18778"},{"taxonomy":"post_tag","embeddable":true,"href":"https:\/\/pagina10.com\/web\/wp-json\/wp\/v2\/tags?post=18778"}],"curies":[{"name":"wp","href":"https:\/\/api.w.org\/{rel}","templated":true}]}}