{"id":18780,"date":"2015-12-03T13:55:49","date_gmt":"2015-12-03T13:55:49","guid":{"rendered":"https:\/\/pagina10.com\/web\/el-salto-del-wifi-al-li-fi-esta-a-pocos-pasos\/"},"modified":"2015-12-03T13:55:49","modified_gmt":"2015-12-03T13:55:49","slug":"el-salto-del-wifi-al-li-fi-esta-a-pocos-pasos","status":"publish","type":"post","link":"https:\/\/pagina10.com\/web\/el-salto-del-wifi-al-li-fi-esta-a-pocos-pasos\/","title":{"rendered":"El salto del wifi al Li-fi est\u00e1 a pocos pasos"},"content":{"rendered":"<p><img fetchpriority=\"high\" decoding=\"async\" class=\" size-full wp-image-18779\" src=\"https:\/\/pagina10.com\/web\/wp-content\/uploads\/2015\/12\/e755e1c15f0635405d909ff95813dba7.jpg\" alt=\"\" width=\"1189\" height=\"787\" srcset=\"https:\/\/pagina10.com\/web\/wp-content\/uploads\/2015\/12\/e755e1c15f0635405d909ff95813dba7.jpg 1189w, https:\/\/pagina10.com\/web\/wp-content\/uploads\/2015\/12\/e755e1c15f0635405d909ff95813dba7-300x199.jpg 300w, https:\/\/pagina10.com\/web\/wp-content\/uploads\/2015\/12\/e755e1c15f0635405d909ff95813dba7-1024x678.jpg 1024w, https:\/\/pagina10.com\/web\/wp-content\/uploads\/2015\/12\/e755e1c15f0635405d909ff95813dba7-768x508.jpg 768w\" sizes=\"(max-width: 1189px) 100vw, 1189px\" \/><\/p>\n<div style=\"text-align: justify;\">Este modelo de transmisi\u00f3n de datos a trav\u00e9s de la luz visible, que permitir\u00eda aumentar la velocidad de 300megabytes&nbsp;a 5&nbsp;gigabytes, se podr\u00eda utilizar en Colombia.<\/div>\n<p style=\"text-align: justify;\">La tecnolog\u00eda conocida como Li\u2013fi y que utiliza l\u00e1mparas led permite el env\u00edo de datos a trav\u00e9s de la luz, tal como funcionan los controles remotos, que al prender y apagar emiten un c\u00f3digo. De esta manera se constituye en una alta competencia del wifi, que opera como un mecanismo de conexi\u00f3n inal\u00e1mbrico.<\/p>\n<p style=\"text-align: justify;\">A trav\u00e9s de un modelo que se encuentra en etapa de simulaci\u00f3n, el profesor Jos\u00e9 Le\u00f3n Henao, de la Universidad Nacional de Colombia Sede Manizales, realiz\u00f3 la investigaci\u00f3n con que aspira obtener su doctorado en Ingenier\u00eda El\u00e9ctrica; dicho esquema utiliza longitudes de onda de 380 hasta 780 nan\u00f3metros (nm), donde se encuentra la luz visible a trav\u00e9s del uso de iluminaci\u00f3n s\u00f3lida (led).<\/p>\n<p style=\"text-align: justify;\">El investigador explic\u00f3 que dicho modelo se da a trav\u00e9s de un sistema de transmisi\u00f3n que incluye un m\u00f3dulo, un control y una luminaria tipo led (para ahorrar energ\u00eda): \u201cde ah\u00ed se desprende la se\u00f1al, que va a dar a un receptor compuesto por un fotodetector y datos, que puede ser un celular, una tableta, un port\u00e1til, un PC o hasta un televisor\u201d.<\/p>\n<p style=\"text-align: justify;\">Dentro de sus ventajas se resalta que este sistema se puede adaptar en hospitales o cl\u00ednicas, porque al no tener radiaci\u00f3n electromagn\u00e9tica no interfiere con dispositivos electr\u00f3nicos sensibles, como los marcapasos o los utilizados en las unidades de cuidados intensivos (UCI).<\/p>\n<p style=\"text-align: justify;\">En cuanto a seguridad, el modelo Li\u2013fi dise\u00f1ado impide que la se\u00f1al sea \u201crobada\u201d o clonada por ser de corto alcance, es decir, se adapta a espacios reducidos de tres o cuatro m (metros), por ejemplo una habitaci\u00f3n, a diferencia del wifi, cuyo espectro electromagn\u00e9tico traspasa las fronteras y facilita que otros usuarios lo codifiquen.<\/p>\n<p style=\"text-align: justify;\">La propuesta, vista por el autor de la investigaci\u00f3n como el reemplazo del wifi por ser una alternativa de comunicaci\u00f3n m\u00e1s r\u00e1pida, tambi\u00e9n tiene entre sus bondades que no atenta contra \u00f3rganos del cuerpo humano, en particular los ojos, al utilizar bombillos de uno hasta 5 V (voltios).<\/p>\n<p style=\"text-align: justify;\">Igualmente, se\u00f1al\u00f3 que es posible adaptarlo al medio colombiano, pues las frecuencias \u00f3pticas no est\u00e1n reguladas en el pa\u00eds, por lo que en materia legal no existen limitantes: \u201cesto es nuevo en Colombia, por eso no se explota comercialmente ni est\u00e1 regulado como en otros pa\u00edses, donde se ha comprobado que es posible transmitir mensajes a alta velocidad a trav\u00e9s de este sistema de luz visible que optimiza el ancho de banda\u201d, explic\u00f3 el investigador.<\/p>\n<p style=\"text-align: justify;\">No obstante, para su plena aplicaci\u00f3n se requiere integrar t\u00e9cnicas de control de luminosidad con la transmisi\u00f3n de datos: \u201ces necesario cumplir con niveles adecuados de la velocidad de transmisi\u00f3n de datos y el nivel de la luz porque no es lo mismo la iluminaci\u00f3n del d\u00eda que la nocturna\u201d, sostuvo el autor del proyecto.<\/p>\n<p style=\"text-align: justify;\">Asimismo, el planteamiento del problema incluye medir las t\u00e9cnicas de modulaci\u00f3n y los transmisores a trav\u00e9s de antenas luminarias, la sincronizaci\u00f3n de la se\u00f1al y el canal de propagaci\u00f3n para adaptar el sistema, tambi\u00e9n conocido como comunicaci\u00f3n inal\u00e1mbrica.<\/p>\n<p style=\"text-align: justify;\">El experto record\u00f3 que desde los inicios del ser humano, concretamente en materia de comunicaci\u00f3n, los medios \u00f3pticos han servido para transmitir mensajes a velocidad, tal como las hogueras en la guerra de Troya, o las se\u00f1ales de humo usadas por los amerindios para indicarles a sus tropas en qu\u00e9 estado se encontraban. \u201cPartimos de esos datos y del mismo fot\u00f3fono que utilizaba la luz solar sobre un espejo para la transmisi\u00f3n de sonidos\u201d, acot\u00f3 el docente Le\u00f3n Henao.<\/p>\n<p style=\"text-align: justify;\">A nivel latinoamericano, M\u00e9xico comenz\u00f3 a utilizar dispositivos con Li\u2013fi en el primer trimestre de este a\u00f1o.<\/p>\n","protected":false},"excerpt":{"rendered":"<p>Este modelo de transmisi\u00f3n de datos a trav\u00e9s de la luz visible, que permitir\u00eda aumentar la velocidad de 300megabytes&nbsp;a 5&nbsp;gigabytes, se podr\u00eda utilizar en Colombia. La tecnolog\u00eda conocida como Li\u2013fi y que utiliza l\u00e1mparas led permite el env\u00edo de datos a trav\u00e9s de la luz, tal como funcionan los controles remotos, que al prender y [&hellip;]<\/p>\n","protected":false},"author":29,"featured_media":18779,"comment_status":"open","ping_status":"open","sticky":false,"template":"","format":"standard","meta":{"footnotes":""},"categories":[1],"tags":[],"class_list":["post-18780","post","type-post","status-publish","format-standard","has-post-thumbnail","hentry","category-sin-categoria"],"yoast_head":"<!-- This site is optimized with the Yoast SEO plugin v27.1.1 - https:\/\/yoast.com\/product\/yoast-seo-wordpress\/ -->\n<title>El salto del wifi al Li-fi est\u00e1 a pocos pasos | P\u00e1gina10<\/title>\n<meta name=\"robots\" content=\"index, follow, max-snippet:-1, max-image-preview:large, max-video-preview:-1\" \/>\n<link rel=\"canonical\" href=\"https:\/\/pagina10.com\/web\/el-salto-del-wifi-al-li-fi-esta-a-pocos-pasos\/\" \/>\n<meta property=\"og:locale\" content=\"es_ES\" \/>\n<meta property=\"og:type\" content=\"article\" \/>\n<meta property=\"og:title\" content=\"El salto del wifi al Li-fi est\u00e1 a pocos pasos | P\u00e1gina10\" \/>\n<meta property=\"og:description\" content=\"Este modelo de transmisi\u00f3n de datos a trav\u00e9s de la luz visible, que permitir\u00eda aumentar la velocidad de 300megabytes&nbsp;a 5&nbsp;gigabytes, se podr\u00eda utilizar en Colombia. La tecnolog\u00eda conocida como Li\u2013fi y que utiliza l\u00e1mparas led permite el env\u00edo de datos a trav\u00e9s de la luz, tal como funcionan los controles remotos, que al prender y [&hellip;]\" \/>\n<meta property=\"og:url\" content=\"https:\/\/pagina10.com\/web\/el-salto-del-wifi-al-li-fi-esta-a-pocos-pasos\/\" \/>\n<meta property=\"og:site_name\" content=\"P\u00e1gina10\" \/>\n<meta property=\"article:publisher\" content=\"https:\/\/www.facebook.com\/pag10com\" \/>\n<meta property=\"article:published_time\" content=\"2015-12-03T13:55:49+00:00\" \/>\n<meta property=\"og:image\" content=\"https:\/\/pagina10.com\/web\/wp-content\/uploads\/2015\/12\/e755e1c15f0635405d909ff95813dba7.jpg\" \/>\n\t<meta property=\"og:image:width\" content=\"1189\" \/>\n\t<meta property=\"og:image:height\" content=\"787\" \/>\n\t<meta property=\"og:image:type\" content=\"image\/jpeg\" \/>\n<meta name=\"author\" content=\"P\u00e1gina 10\" \/>\n<meta name=\"twitter:card\" content=\"summary_large_image\" \/>\n<meta name=\"twitter:creator\" content=\"@Pag10com\" \/>\n<meta name=\"twitter:site\" content=\"@Pag10com\" \/>\n<meta name=\"twitter:label1\" content=\"Escrito por\" \/>\n\t<meta name=\"twitter:data1\" content=\"P\u00e1gina 10\" \/>\n\t<meta name=\"twitter:label2\" content=\"Tiempo de lectura\" \/>\n\t<meta name=\"twitter:data2\" content=\"3 minutos\" \/>\n<script type=\"application\/ld+json\" class=\"yoast-schema-graph\">{\"@context\":\"https:\/\/schema.org\",\"@graph\":[{\"@type\":\"Article\",\"@id\":\"https:\/\/pagina10.com\/web\/el-salto-del-wifi-al-li-fi-esta-a-pocos-pasos\/#article\",\"isPartOf\":{\"@id\":\"https:\/\/pagina10.com\/web\/el-salto-del-wifi-al-li-fi-esta-a-pocos-pasos\/\"},\"author\":{\"name\":\"P\u00e1gina 10\",\"@id\":\"https:\/\/pagina10.com\/web\/#\/schema\/person\/a7a5d38f0629dfc107f619fbae4f6cc3\"},\"headline\":\"El salto del wifi al Li-fi est\u00e1 a pocos pasos\",\"datePublished\":\"2015-12-03T13:55:49+00:00\",\"mainEntityOfPage\":{\"@id\":\"https:\/\/pagina10.com\/web\/el-salto-del-wifi-al-li-fi-esta-a-pocos-pasos\/\"},\"wordCount\":692,\"commentCount\":0,\"publisher\":{\"@id\":\"https:\/\/pagina10.com\/web\/#organization\"},\"image\":{\"@id\":\"https:\/\/pagina10.com\/web\/el-salto-del-wifi-al-li-fi-esta-a-pocos-pasos\/#primaryimage\"},\"thumbnailUrl\":\"https:\/\/pagina10.com\/web\/wp-content\/uploads\/2015\/12\/e755e1c15f0635405d909ff95813dba7.jpg\",\"inLanguage\":\"es\",\"potentialAction\":[{\"@type\":\"CommentAction\",\"name\":\"Comment\",\"target\":[\"https:\/\/pagina10.com\/web\/el-salto-del-wifi-al-li-fi-esta-a-pocos-pasos\/#respond\"]}]},{\"@type\":\"WebPage\",\"@id\":\"https:\/\/pagina10.com\/web\/el-salto-del-wifi-al-li-fi-esta-a-pocos-pasos\/\",\"url\":\"https:\/\/pagina10.com\/web\/el-salto-del-wifi-al-li-fi-esta-a-pocos-pasos\/\",\"name\":\"El salto del wifi al Li-fi est\u00e1 a pocos pasos | P\u00e1gina10\",\"isPartOf\":{\"@id\":\"https:\/\/pagina10.com\/web\/#website\"},\"primaryImageOfPage\":{\"@id\":\"https:\/\/pagina10.com\/web\/el-salto-del-wifi-al-li-fi-esta-a-pocos-pasos\/#primaryimage\"},\"image\":{\"@id\":\"https:\/\/pagina10.com\/web\/el-salto-del-wifi-al-li-fi-esta-a-pocos-pasos\/#primaryimage\"},\"thumbnailUrl\":\"https:\/\/pagina10.com\/web\/wp-content\/uploads\/2015\/12\/e755e1c15f0635405d909ff95813dba7.jpg\",\"datePublished\":\"2015-12-03T13:55:49+00:00\",\"breadcrumb\":{\"@id\":\"https:\/\/pagina10.com\/web\/el-salto-del-wifi-al-li-fi-esta-a-pocos-pasos\/#breadcrumb\"},\"inLanguage\":\"es\",\"potentialAction\":[{\"@type\":\"ReadAction\",\"target\":[\"https:\/\/pagina10.com\/web\/el-salto-del-wifi-al-li-fi-esta-a-pocos-pasos\/\"]}]},{\"@type\":\"ImageObject\",\"inLanguage\":\"es\",\"@id\":\"https:\/\/pagina10.com\/web\/el-salto-del-wifi-al-li-fi-esta-a-pocos-pasos\/#primaryimage\",\"url\":\"https:\/\/pagina10.com\/web\/wp-content\/uploads\/2015\/12\/e755e1c15f0635405d909ff95813dba7.jpg\",\"contentUrl\":\"https:\/\/pagina10.com\/web\/wp-content\/uploads\/2015\/12\/e755e1c15f0635405d909ff95813dba7.jpg\",\"width\":1189,\"height\":787},{\"@type\":\"BreadcrumbList\",\"@id\":\"https:\/\/pagina10.com\/web\/el-salto-del-wifi-al-li-fi-esta-a-pocos-pasos\/#breadcrumb\",\"itemListElement\":[{\"@type\":\"ListItem\",\"position\":1,\"name\":\"Portada\",\"item\":\"https:\/\/pagina10.com\/web\/\"},{\"@type\":\"ListItem\",\"position\":2,\"name\":\"El salto del wifi al Li-fi est\u00e1 a pocos pasos\"}]},{\"@type\":\"WebSite\",\"@id\":\"https:\/\/pagina10.com\/web\/#website\",\"url\":\"https:\/\/pagina10.com\/web\/\",\"name\":\"P\u00e1gina10\",\"description\":\"Peri\u00f3dico Regional\",\"publisher\":{\"@id\":\"https:\/\/pagina10.com\/web\/#organization\"},\"alternateName\":\"P\u00e1gina10 Peri\u00f3dico Regional\",\"potentialAction\":[{\"@type\":\"SearchAction\",\"target\":{\"@type\":\"EntryPoint\",\"urlTemplate\":\"https:\/\/pagina10.com\/web\/?s={search_term_string}\"},\"query-input\":{\"@type\":\"PropertyValueSpecification\",\"valueRequired\":true,\"valueName\":\"search_term_string\"}}],\"inLanguage\":\"es\"},{\"@type\":\"Organization\",\"@id\":\"https:\/\/pagina10.com\/web\/#organization\",\"name\":\"P\u00e1gina10\",\"alternateName\":\"P\u00e1gina10 Peri\u00f3dico Regional\",\"url\":\"https:\/\/pagina10.com\/web\/\",\"logo\":{\"@type\":\"ImageObject\",\"inLanguage\":\"es\",\"@id\":\"https:\/\/pagina10.com\/web\/#\/schema\/logo\/image\/\",\"url\":\"https:\/\/pagina10.com\/web\/wp-content\/uploads\/2024\/01\/40-pagina-10-periodico-regional-pasto.jpg\",\"contentUrl\":\"https:\/\/pagina10.com\/web\/wp-content\/uploads\/2024\/01\/40-pagina-10-periodico-regional-pasto.jpg\",\"width\":1280,\"height\":720,\"caption\":\"P\u00e1gina10\"},\"image\":{\"@id\":\"https:\/\/pagina10.com\/web\/#\/schema\/logo\/image\/\"},\"sameAs\":[\"https:\/\/www.facebook.com\/pag10com\",\"https:\/\/x.com\/Pag10com\",\"https:\/\/www.instagram.com\/pagina10col\/\",\"https:\/\/youtube.com\/channel\/pag10\",\"https:\/\/www.tiktok.com\/@p10col\"]},{\"@type\":\"Person\",\"@id\":\"https:\/\/pagina10.com\/web\/#\/schema\/person\/a7a5d38f0629dfc107f619fbae4f6cc3\",\"name\":\"P\u00e1gina 10\",\"description\":\"P\u00e1gina10.com es un peri\u00f3dico digital que nace en Colombia, en el departamento de Nari\u00f1o, con un enfoque global, fundamentado en cuatro pilares esenciales: la libertad, el pluralismo, la inclusi\u00f3n y la independencia. P\u00e1gina10.com hace referencia a Nari\u00f1o como el d\u00e9cimo departamento creado en Colombia, despu\u00e9s de un proceso pol\u00edtico liderado por actores y actrices regionales con el fin de obtener la independencia y autonom\u00eda de nuestros territorios. Con la creaci\u00f3n de P\u00e1gina10.com se pretende abrir un escenario para el dialogo, la reflexi\u00f3n y el debate que se extienda a otras geograf\u00edas de Am\u00e9rica Latina y del planeta, en una apuesta por transformar colectivamente los desaf\u00edos de un mundo contempor\u00e1neo, m\u00e1s all\u00e1 de las fronteras impuestas.\",\"url\":\"https:\/\/pagina10.com\/web\/author\/mcepeda\/\"}]}<\/script>\n<!-- \/ Yoast SEO plugin. -->","yoast_head_json":{"title":"El salto del wifi al Li-fi est\u00e1 a pocos pasos | P\u00e1gina10","robots":{"index":"index","follow":"follow","max-snippet":"max-snippet:-1","max-image-preview":"max-image-preview:large","max-video-preview":"max-video-preview:-1"},"canonical":"https:\/\/pagina10.com\/web\/el-salto-del-wifi-al-li-fi-esta-a-pocos-pasos\/","og_locale":"es_ES","og_type":"article","og_title":"El salto del wifi al Li-fi est\u00e1 a pocos pasos | P\u00e1gina10","og_description":"Este modelo de transmisi\u00f3n de datos a trav\u00e9s de la luz visible, que permitir\u00eda aumentar la velocidad de 300megabytes&nbsp;a 5&nbsp;gigabytes, se podr\u00eda utilizar en Colombia. La tecnolog\u00eda conocida como Li\u2013fi y que utiliza l\u00e1mparas led permite el env\u00edo de datos a trav\u00e9s de la luz, tal como funcionan los controles remotos, que al prender y [&hellip;]","og_url":"https:\/\/pagina10.com\/web\/el-salto-del-wifi-al-li-fi-esta-a-pocos-pasos\/","og_site_name":"P\u00e1gina10","article_publisher":"https:\/\/www.facebook.com\/pag10com","article_published_time":"2015-12-03T13:55:49+00:00","og_image":[{"width":1189,"height":787,"url":"https:\/\/pagina10.com\/web\/wp-content\/uploads\/2015\/12\/e755e1c15f0635405d909ff95813dba7.jpg","type":"image\/jpeg"}],"author":"P\u00e1gina 10","twitter_card":"summary_large_image","twitter_creator":"@Pag10com","twitter_site":"@Pag10com","twitter_misc":{"Escrito por":"P\u00e1gina 10","Tiempo de lectura":"3 minutos"},"schema":{"@context":"https:\/\/schema.org","@graph":[{"@type":"Article","@id":"https:\/\/pagina10.com\/web\/el-salto-del-wifi-al-li-fi-esta-a-pocos-pasos\/#article","isPartOf":{"@id":"https:\/\/pagina10.com\/web\/el-salto-del-wifi-al-li-fi-esta-a-pocos-pasos\/"},"author":{"name":"P\u00e1gina 10","@id":"https:\/\/pagina10.com\/web\/#\/schema\/person\/a7a5d38f0629dfc107f619fbae4f6cc3"},"headline":"El salto del wifi al Li-fi est\u00e1 a pocos pasos","datePublished":"2015-12-03T13:55:49+00:00","mainEntityOfPage":{"@id":"https:\/\/pagina10.com\/web\/el-salto-del-wifi-al-li-fi-esta-a-pocos-pasos\/"},"wordCount":692,"commentCount":0,"publisher":{"@id":"https:\/\/pagina10.com\/web\/#organization"},"image":{"@id":"https:\/\/pagina10.com\/web\/el-salto-del-wifi-al-li-fi-esta-a-pocos-pasos\/#primaryimage"},"thumbnailUrl":"https:\/\/pagina10.com\/web\/wp-content\/uploads\/2015\/12\/e755e1c15f0635405d909ff95813dba7.jpg","inLanguage":"es","potentialAction":[{"@type":"CommentAction","name":"Comment","target":["https:\/\/pagina10.com\/web\/el-salto-del-wifi-al-li-fi-esta-a-pocos-pasos\/#respond"]}]},{"@type":"WebPage","@id":"https:\/\/pagina10.com\/web\/el-salto-del-wifi-al-li-fi-esta-a-pocos-pasos\/","url":"https:\/\/pagina10.com\/web\/el-salto-del-wifi-al-li-fi-esta-a-pocos-pasos\/","name":"El salto del wifi al Li-fi est\u00e1 a pocos pasos | P\u00e1gina10","isPartOf":{"@id":"https:\/\/pagina10.com\/web\/#website"},"primaryImageOfPage":{"@id":"https:\/\/pagina10.com\/web\/el-salto-del-wifi-al-li-fi-esta-a-pocos-pasos\/#primaryimage"},"image":{"@id":"https:\/\/pagina10.com\/web\/el-salto-del-wifi-al-li-fi-esta-a-pocos-pasos\/#primaryimage"},"thumbnailUrl":"https:\/\/pagina10.com\/web\/wp-content\/uploads\/2015\/12\/e755e1c15f0635405d909ff95813dba7.jpg","datePublished":"2015-12-03T13:55:49+00:00","breadcrumb":{"@id":"https:\/\/pagina10.com\/web\/el-salto-del-wifi-al-li-fi-esta-a-pocos-pasos\/#breadcrumb"},"inLanguage":"es","potentialAction":[{"@type":"ReadAction","target":["https:\/\/pagina10.com\/web\/el-salto-del-wifi-al-li-fi-esta-a-pocos-pasos\/"]}]},{"@type":"ImageObject","inLanguage":"es","@id":"https:\/\/pagina10.com\/web\/el-salto-del-wifi-al-li-fi-esta-a-pocos-pasos\/#primaryimage","url":"https:\/\/pagina10.com\/web\/wp-content\/uploads\/2015\/12\/e755e1c15f0635405d909ff95813dba7.jpg","contentUrl":"https:\/\/pagina10.com\/web\/wp-content\/uploads\/2015\/12\/e755e1c15f0635405d909ff95813dba7.jpg","width":1189,"height":787},{"@type":"BreadcrumbList","@id":"https:\/\/pagina10.com\/web\/el-salto-del-wifi-al-li-fi-esta-a-pocos-pasos\/#breadcrumb","itemListElement":[{"@type":"ListItem","position":1,"name":"Portada","item":"https:\/\/pagina10.com\/web\/"},{"@type":"ListItem","position":2,"name":"El salto del wifi al Li-fi est\u00e1 a pocos pasos"}]},{"@type":"WebSite","@id":"https:\/\/pagina10.com\/web\/#website","url":"https:\/\/pagina10.com\/web\/","name":"P\u00e1gina10","description":"Peri\u00f3dico Regional","publisher":{"@id":"https:\/\/pagina10.com\/web\/#organization"},"alternateName":"P\u00e1gina10 Peri\u00f3dico Regional","potentialAction":[{"@type":"SearchAction","target":{"@type":"EntryPoint","urlTemplate":"https:\/\/pagina10.com\/web\/?s={search_term_string}"},"query-input":{"@type":"PropertyValueSpecification","valueRequired":true,"valueName":"search_term_string"}}],"inLanguage":"es"},{"@type":"Organization","@id":"https:\/\/pagina10.com\/web\/#organization","name":"P\u00e1gina10","alternateName":"P\u00e1gina10 Peri\u00f3dico Regional","url":"https:\/\/pagina10.com\/web\/","logo":{"@type":"ImageObject","inLanguage":"es","@id":"https:\/\/pagina10.com\/web\/#\/schema\/logo\/image\/","url":"https:\/\/pagina10.com\/web\/wp-content\/uploads\/2024\/01\/40-pagina-10-periodico-regional-pasto.jpg","contentUrl":"https:\/\/pagina10.com\/web\/wp-content\/uploads\/2024\/01\/40-pagina-10-periodico-regional-pasto.jpg","width":1280,"height":720,"caption":"P\u00e1gina10"},"image":{"@id":"https:\/\/pagina10.com\/web\/#\/schema\/logo\/image\/"},"sameAs":["https:\/\/www.facebook.com\/pag10com","https:\/\/x.com\/Pag10com","https:\/\/www.instagram.com\/pagina10col\/","https:\/\/youtube.com\/channel\/pag10","https:\/\/www.tiktok.com\/@p10col"]},{"@type":"Person","@id":"https:\/\/pagina10.com\/web\/#\/schema\/person\/a7a5d38f0629dfc107f619fbae4f6cc3","name":"P\u00e1gina 10","description":"P\u00e1gina10.com es un peri\u00f3dico digital que nace en Colombia, en el departamento de Nari\u00f1o, con un enfoque global, fundamentado en cuatro pilares esenciales: la libertad, el pluralismo, la inclusi\u00f3n y la independencia. P\u00e1gina10.com hace referencia a Nari\u00f1o como el d\u00e9cimo departamento creado en Colombia, despu\u00e9s de un proceso pol\u00edtico liderado por actores y actrices regionales con el fin de obtener la independencia y autonom\u00eda de nuestros territorios. Con la creaci\u00f3n de P\u00e1gina10.com se pretende abrir un escenario para el dialogo, la reflexi\u00f3n y el debate que se extienda a otras geograf\u00edas de Am\u00e9rica Latina y del planeta, en una apuesta por transformar colectivamente los desaf\u00edos de un mundo contempor\u00e1neo, m\u00e1s all\u00e1 de las fronteras impuestas.","url":"https:\/\/pagina10.com\/web\/author\/mcepeda\/"}]}},"_links":{"self":[{"href":"https:\/\/pagina10.com\/web\/wp-json\/wp\/v2\/posts\/18780","targetHints":{"allow":["GET"]}}],"collection":[{"href":"https:\/\/pagina10.com\/web\/wp-json\/wp\/v2\/posts"}],"about":[{"href":"https:\/\/pagina10.com\/web\/wp-json\/wp\/v2\/types\/post"}],"author":[{"embeddable":true,"href":"https:\/\/pagina10.com\/web\/wp-json\/wp\/v2\/users\/29"}],"replies":[{"embeddable":true,"href":"https:\/\/pagina10.com\/web\/wp-json\/wp\/v2\/comments?post=18780"}],"version-history":[{"count":0,"href":"https:\/\/pagina10.com\/web\/wp-json\/wp\/v2\/posts\/18780\/revisions"}],"wp:featuredmedia":[{"embeddable":true,"href":"https:\/\/pagina10.com\/web\/wp-json\/wp\/v2\/media\/18779"}],"wp:attachment":[{"href":"https:\/\/pagina10.com\/web\/wp-json\/wp\/v2\/media?parent=18780"}],"wp:term":[{"taxonomy":"category","embeddable":true,"href":"https:\/\/pagina10.com\/web\/wp-json\/wp\/v2\/categories?post=18780"},{"taxonomy":"post_tag","embeddable":true,"href":"https:\/\/pagina10.com\/web\/wp-json\/wp\/v2\/tags?post=18780"}],"curies":[{"name":"wp","href":"https:\/\/api.w.org\/{rel}","templated":true}]}}