{"id":18782,"date":"2015-12-03T14:05:35","date_gmt":"2015-12-03T14:05:35","guid":{"rendered":"https:\/\/pagina10.com\/web\/paz-territorial-un-gran-desafio-para-el-pais\/"},"modified":"2015-12-03T14:05:35","modified_gmt":"2015-12-03T14:05:35","slug":"paz-territorial-un-gran-desafio-para-el-pais","status":"publish","type":"post","link":"https:\/\/pagina10.com\/web\/paz-territorial-un-gran-desafio-para-el-pais\/","title":{"rendered":"Paz territorial, un gran desaf\u00edo para el pa\u00eds"},"content":{"rendered":"<p><img fetchpriority=\"high\" decoding=\"async\" class=\" size-full wp-image-18781\" src=\"https:\/\/pagina10.com\/web\/wp-content\/uploads\/2015\/12\/64477f391e3fd728ac9d7c29981d2c73.jpg\" alt=\"\" width=\"1193\" height=\"787\" srcset=\"https:\/\/pagina10.com\/web\/wp-content\/uploads\/2015\/12\/64477f391e3fd728ac9d7c29981d2c73.jpg 1193w, https:\/\/pagina10.com\/web\/wp-content\/uploads\/2015\/12\/64477f391e3fd728ac9d7c29981d2c73-300x198.jpg 300w, https:\/\/pagina10.com\/web\/wp-content\/uploads\/2015\/12\/64477f391e3fd728ac9d7c29981d2c73-1024x676.jpg 1024w, https:\/\/pagina10.com\/web\/wp-content\/uploads\/2015\/12\/64477f391e3fd728ac9d7c29981d2c73-768x507.jpg 768w\" sizes=\"(max-width: 1193px) 100vw, 1193px\" \/><\/p>\n<div style=\"text-align: justify;\">Despu\u00e9s de que finalicen los di\u00e1logos de paz entre el Gobierno y las Farc en La Habana, Colombia necesitar\u00e1 reglas claras sobre el uso del territorio que favorezcan al campesinado y traigan la ruralidad al siglo XXI.<\/div>\n<p style=\"text-align: justify;\">As\u00ed lo expres\u00f3 Marco Romero, profesor de Ciencias Pol\u00edticas de la Universidad Nacional de Colombia Sede Bogot\u00e1 y miembro del Centro de Pensamiento y Seguimiento al Di\u00e1logo de Paz, durante su intervenci\u00f3n en el seminario \u201cRetos para la ruralidad en el posconflicto en Colombia\u201d, organizado por la Facultad de Ciencias Agrarias de la U.N Sede Medell\u00edn.<\/p>\n<p style=\"text-align: justify;\">En su intervenci\u00f3n, el acad\u00e9mico advirti\u00f3 que en relaci\u00f3n con \u201cel Censo Nacional Agropecuario, Colombia es uno de los pa\u00edses con la mayor concentraci\u00f3n de la propiedad de la tierra y ese nivel de concentraci\u00f3n se traduce en un modelo latifundista que no es de alta competitividad\u201d.<\/p>\n<p style=\"text-align: justify;\">Seg\u00fan su criterio, el pa\u00eds, las Farc y la sociedad necesitan: \u201creconocer que hay una crisis social rural severa, que se presenten unas asimetr\u00edas muy grandes, que Colombia es una naci\u00f3n de dos pisos, con unas regiones que tienen una serie de oportunidades y otras que est\u00e1n un siglo atr\u00e1s; que el campesinado, los pueblos ind\u00edgenas, los afrodescendientes y las mujeres rurales tienen una serie de oportunidades radicalmente distintas con respecto a otros sectores de la sociedad colombiana\u201d.<\/p>\n<p style=\"text-align: justify;\">De acuerdo con el seguimiento hecho por el docente Romero, es la primera vez que en Colombia un acuerdo de paz revisa el estado social en las regiones, las asimetr\u00edas, las inequidades y las discriminaciones estructurales que hay en los territorios: \u201cpor eso se habla de un fondo de paz, de inversiones en los territorios, de circunscripciones especiales y de planes de soberan\u00eda alimentaria en los territorios y en las regiones\u201d, afirm\u00f3.<\/p>\n<p style=\"text-align: justify;\">Las polaridades referentes al proceso de paz son muchas, pero el docente afirma que hay un consenso enorme alrededor de la necesidad de que el pa\u00eds salga de la l\u00f3gica del microfundio y del latifundio, pues ambas caras de la moneda asfixian la agricultura del pa\u00eds: \u201cnecesitamos que el latifundio ceda, que haya impuestos fuertes a la propiedad no utilizada y reglas claras para que los megaproyectos mineros no acaben con el medioambiente o con la agricultura\u201d, sostuvo el docente Romero.<\/p>\n<p style=\"text-align: justify;\">De acuerdo con un estudio realizado por la U.N., no es cierto que el campesinado no tenga capacidad productiva y que sea un sector que el Estado tenga que estar subsidiando \u201cporque es incapaz\u201d, advierte el acad\u00e9mico.<\/p>\n<p style=\"text-align: justify;\">Desde su punto de vista, Colombia debe dirigirse hacia una \u201cpropiedad media, donde los campesinos puedan tener m\u00e1s propiedad, m\u00e1s tierra, m\u00e1s garant\u00edas para que puedan desplegar sus capacidades productivas y no simplemente cambiar la l\u00f3gica del gran latifundio ganadero que asfixia la agricultura por un modelo en el que los tratados de libre comercio, o la gran agricultura empresarial, tambi\u00e9n la asfixien\u201d.<\/p>\n<p style=\"text-align: justify;\">Pero mientras suceden los di\u00e1logos en La Habana han aparecido en el pa\u00eds sectores que han mostrado su desacuerdo contra el proceso, record\u00f3 el docente. En este sentido, considera que se tiene que trabajar en pedagog\u00eda, en especial con la gente m\u00e1s joven, pues muchos de estos miembros de la sociedad: \u201ccreen que los alimentos vienen de los supermercados. Sin embargo, agreg\u00f3, cuando les hablan de la huella alimentaria, de la necesidad de tener una naci\u00f3n m\u00e1s equitativa, m\u00e1s igual, m\u00e1s respetuosa de los distintos sectores, de la construcci\u00f3n de territorio de los pueblos, los j\u00f3venes entienden muy bien esto y casi siempre son aliados de la causa y del proceso\u201d.<\/p>\n<p style=\"text-align: justify;\">As\u00ed mismo, en el plano pol\u00edtico, explic\u00f3 el docente: \u201chay mucha oposici\u00f3n a la paz por razones de otro orden. Hay sectores que no quieren reformas grandes ni chicas a un&nbsp;statu quo&nbsp;que no funciona\u201d. Otro de los actores que se ha opuesto, seg\u00fan su criterio, es el de las \u00e9lites rurales.<\/p>\n<p style=\"text-align: justify;\">Record\u00f3 que para lograr la paz se ha pactado la necesidad de un proceso de investigaciones, por lo que se ha visto la necesidad de crear un tribunal sobre justicia que no act\u00fae con los est\u00e1ndares de la justicia penal ordinaria.<\/p>\n<p style=\"text-align: justify;\">Durante el evento, en el que tambi\u00e9n participaron el economista Iv\u00e1n Marulanda G\u00f3mez y el exministro de Agricultura, Juan Camilo Restrepo, el profesor Romero precis\u00f3 que \u201cla justicia penal ordinaria solo aplica cuando alguien gana una guerra; entonces, el perdedor casi siempre termina juzgado en condiciones profundamente inequitativas\u201d.<\/p>\n<p style=\"text-align: justify;\">Por eso, en su opini\u00f3n, cuando hay negociaciones se abre una ventana de oportunidad para que las responsabilidades de todos aparezcan: \u201cyo creo que eso es lo que se ha pactado en La Habana y es sano\u201d, concluy\u00f3.<\/p>\n","protected":false},"excerpt":{"rendered":"<p>Despu\u00e9s de que finalicen los di\u00e1logos de paz entre el Gobierno y las Farc en La Habana, Colombia necesitar\u00e1 reglas claras sobre el uso del territorio que favorezcan al campesinado y traigan la ruralidad al siglo XXI. As\u00ed lo expres\u00f3 Marco Romero, profesor de Ciencias Pol\u00edticas de la Universidad Nacional de Colombia Sede Bogot\u00e1 y [&hellip;]<\/p>\n","protected":false},"author":29,"featured_media":18781,"comment_status":"open","ping_status":"open","sticky":false,"template":"","format":"standard","meta":{"footnotes":""},"categories":[1],"tags":[],"class_list":["post-18782","post","type-post","status-publish","format-standard","has-post-thumbnail","hentry","category-sin-categoria"],"yoast_head":"<!-- This site is optimized with the Yoast SEO plugin v27.1.1 - https:\/\/yoast.com\/product\/yoast-seo-wordpress\/ -->\n<title>Paz territorial, un gran desaf\u00edo para el pa\u00eds | P\u00e1gina10<\/title>\n<meta name=\"robots\" content=\"index, follow, max-snippet:-1, max-image-preview:large, max-video-preview:-1\" \/>\n<link rel=\"canonical\" href=\"https:\/\/pagina10.com\/web\/paz-territorial-un-gran-desafio-para-el-pais\/\" \/>\n<meta property=\"og:locale\" content=\"es_ES\" \/>\n<meta property=\"og:type\" content=\"article\" \/>\n<meta property=\"og:title\" content=\"Paz territorial, un gran desaf\u00edo para el pa\u00eds | P\u00e1gina10\" \/>\n<meta property=\"og:description\" content=\"Despu\u00e9s de que finalicen los di\u00e1logos de paz entre el Gobierno y las Farc en La Habana, Colombia necesitar\u00e1 reglas claras sobre el uso del territorio que favorezcan al campesinado y traigan la ruralidad al siglo XXI. As\u00ed lo expres\u00f3 Marco Romero, profesor de Ciencias Pol\u00edticas de la Universidad Nacional de Colombia Sede Bogot\u00e1 y [&hellip;]\" \/>\n<meta property=\"og:url\" content=\"https:\/\/pagina10.com\/web\/paz-territorial-un-gran-desafio-para-el-pais\/\" \/>\n<meta property=\"og:site_name\" content=\"P\u00e1gina10\" \/>\n<meta property=\"article:publisher\" content=\"https:\/\/www.facebook.com\/pag10com\" \/>\n<meta property=\"article:published_time\" content=\"2015-12-03T14:05:35+00:00\" \/>\n<meta property=\"og:image\" content=\"https:\/\/pagina10.com\/web\/wp-content\/uploads\/2015\/12\/64477f391e3fd728ac9d7c29981d2c73.jpg\" \/>\n\t<meta property=\"og:image:width\" content=\"1193\" \/>\n\t<meta property=\"og:image:height\" content=\"787\" \/>\n\t<meta property=\"og:image:type\" content=\"image\/jpeg\" \/>\n<meta name=\"author\" content=\"P\u00e1gina 10\" \/>\n<meta name=\"twitter:card\" content=\"summary_large_image\" \/>\n<meta name=\"twitter:creator\" content=\"@Pag10com\" \/>\n<meta name=\"twitter:site\" content=\"@Pag10com\" \/>\n<meta name=\"twitter:label1\" content=\"Escrito por\" \/>\n\t<meta name=\"twitter:data1\" content=\"P\u00e1gina 10\" \/>\n\t<meta name=\"twitter:label2\" content=\"Tiempo de lectura\" \/>\n\t<meta name=\"twitter:data2\" content=\"4 minutos\" \/>\n<script type=\"application\/ld+json\" class=\"yoast-schema-graph\">{\"@context\":\"https:\/\/schema.org\",\"@graph\":[{\"@type\":\"Article\",\"@id\":\"https:\/\/pagina10.com\/web\/paz-territorial-un-gran-desafio-para-el-pais\/#article\",\"isPartOf\":{\"@id\":\"https:\/\/pagina10.com\/web\/paz-territorial-un-gran-desafio-para-el-pais\/\"},\"author\":{\"name\":\"P\u00e1gina 10\",\"@id\":\"https:\/\/pagina10.com\/web\/#\/schema\/person\/a7a5d38f0629dfc107f619fbae4f6cc3\"},\"headline\":\"Paz territorial, un gran desaf\u00edo para el pa\u00eds\",\"datePublished\":\"2015-12-03T14:05:35+00:00\",\"mainEntityOfPage\":{\"@id\":\"https:\/\/pagina10.com\/web\/paz-territorial-un-gran-desafio-para-el-pais\/\"},\"wordCount\":826,\"commentCount\":0,\"publisher\":{\"@id\":\"https:\/\/pagina10.com\/web\/#organization\"},\"image\":{\"@id\":\"https:\/\/pagina10.com\/web\/paz-territorial-un-gran-desafio-para-el-pais\/#primaryimage\"},\"thumbnailUrl\":\"https:\/\/pagina10.com\/web\/wp-content\/uploads\/2015\/12\/64477f391e3fd728ac9d7c29981d2c73.jpg\",\"inLanguage\":\"es\",\"potentialAction\":[{\"@type\":\"CommentAction\",\"name\":\"Comment\",\"target\":[\"https:\/\/pagina10.com\/web\/paz-territorial-un-gran-desafio-para-el-pais\/#respond\"]}]},{\"@type\":\"WebPage\",\"@id\":\"https:\/\/pagina10.com\/web\/paz-territorial-un-gran-desafio-para-el-pais\/\",\"url\":\"https:\/\/pagina10.com\/web\/paz-territorial-un-gran-desafio-para-el-pais\/\",\"name\":\"Paz territorial, un gran desaf\u00edo para el pa\u00eds | P\u00e1gina10\",\"isPartOf\":{\"@id\":\"https:\/\/pagina10.com\/web\/#website\"},\"primaryImageOfPage\":{\"@id\":\"https:\/\/pagina10.com\/web\/paz-territorial-un-gran-desafio-para-el-pais\/#primaryimage\"},\"image\":{\"@id\":\"https:\/\/pagina10.com\/web\/paz-territorial-un-gran-desafio-para-el-pais\/#primaryimage\"},\"thumbnailUrl\":\"https:\/\/pagina10.com\/web\/wp-content\/uploads\/2015\/12\/64477f391e3fd728ac9d7c29981d2c73.jpg\",\"datePublished\":\"2015-12-03T14:05:35+00:00\",\"breadcrumb\":{\"@id\":\"https:\/\/pagina10.com\/web\/paz-territorial-un-gran-desafio-para-el-pais\/#breadcrumb\"},\"inLanguage\":\"es\",\"potentialAction\":[{\"@type\":\"ReadAction\",\"target\":[\"https:\/\/pagina10.com\/web\/paz-territorial-un-gran-desafio-para-el-pais\/\"]}]},{\"@type\":\"ImageObject\",\"inLanguage\":\"es\",\"@id\":\"https:\/\/pagina10.com\/web\/paz-territorial-un-gran-desafio-para-el-pais\/#primaryimage\",\"url\":\"https:\/\/pagina10.com\/web\/wp-content\/uploads\/2015\/12\/64477f391e3fd728ac9d7c29981d2c73.jpg\",\"contentUrl\":\"https:\/\/pagina10.com\/web\/wp-content\/uploads\/2015\/12\/64477f391e3fd728ac9d7c29981d2c73.jpg\",\"width\":1193,\"height\":787},{\"@type\":\"BreadcrumbList\",\"@id\":\"https:\/\/pagina10.com\/web\/paz-territorial-un-gran-desafio-para-el-pais\/#breadcrumb\",\"itemListElement\":[{\"@type\":\"ListItem\",\"position\":1,\"name\":\"Portada\",\"item\":\"https:\/\/pagina10.com\/web\/\"},{\"@type\":\"ListItem\",\"position\":2,\"name\":\"Paz territorial, un gran desaf\u00edo para el pa\u00eds\"}]},{\"@type\":\"WebSite\",\"@id\":\"https:\/\/pagina10.com\/web\/#website\",\"url\":\"https:\/\/pagina10.com\/web\/\",\"name\":\"P\u00e1gina10\",\"description\":\"Peri\u00f3dico Regional\",\"publisher\":{\"@id\":\"https:\/\/pagina10.com\/web\/#organization\"},\"alternateName\":\"P\u00e1gina10 Peri\u00f3dico Regional\",\"potentialAction\":[{\"@type\":\"SearchAction\",\"target\":{\"@type\":\"EntryPoint\",\"urlTemplate\":\"https:\/\/pagina10.com\/web\/?s={search_term_string}\"},\"query-input\":{\"@type\":\"PropertyValueSpecification\",\"valueRequired\":true,\"valueName\":\"search_term_string\"}}],\"inLanguage\":\"es\"},{\"@type\":\"Organization\",\"@id\":\"https:\/\/pagina10.com\/web\/#organization\",\"name\":\"P\u00e1gina10\",\"alternateName\":\"P\u00e1gina10 Peri\u00f3dico Regional\",\"url\":\"https:\/\/pagina10.com\/web\/\",\"logo\":{\"@type\":\"ImageObject\",\"inLanguage\":\"es\",\"@id\":\"https:\/\/pagina10.com\/web\/#\/schema\/logo\/image\/\",\"url\":\"https:\/\/pagina10.com\/web\/wp-content\/uploads\/2024\/01\/40-pagina-10-periodico-regional-pasto.jpg\",\"contentUrl\":\"https:\/\/pagina10.com\/web\/wp-content\/uploads\/2024\/01\/40-pagina-10-periodico-regional-pasto.jpg\",\"width\":1280,\"height\":720,\"caption\":\"P\u00e1gina10\"},\"image\":{\"@id\":\"https:\/\/pagina10.com\/web\/#\/schema\/logo\/image\/\"},\"sameAs\":[\"https:\/\/www.facebook.com\/pag10com\",\"https:\/\/x.com\/Pag10com\",\"https:\/\/www.instagram.com\/pagina10col\/\",\"https:\/\/youtube.com\/channel\/pag10\",\"https:\/\/www.tiktok.com\/@p10col\"]},{\"@type\":\"Person\",\"@id\":\"https:\/\/pagina10.com\/web\/#\/schema\/person\/a7a5d38f0629dfc107f619fbae4f6cc3\",\"name\":\"P\u00e1gina 10\",\"description\":\"P\u00e1gina10.com es un peri\u00f3dico digital que nace en Colombia, en el departamento de Nari\u00f1o, con un enfoque global, fundamentado en cuatro pilares esenciales: la libertad, el pluralismo, la inclusi\u00f3n y la independencia. P\u00e1gina10.com hace referencia a Nari\u00f1o como el d\u00e9cimo departamento creado en Colombia, despu\u00e9s de un proceso pol\u00edtico liderado por actores y actrices regionales con el fin de obtener la independencia y autonom\u00eda de nuestros territorios. Con la creaci\u00f3n de P\u00e1gina10.com se pretende abrir un escenario para el dialogo, la reflexi\u00f3n y el debate que se extienda a otras geograf\u00edas de Am\u00e9rica Latina y del planeta, en una apuesta por transformar colectivamente los desaf\u00edos de un mundo contempor\u00e1neo, m\u00e1s all\u00e1 de las fronteras impuestas.\",\"url\":\"https:\/\/pagina10.com\/web\/author\/mcepeda\/\"}]}<\/script>\n<!-- \/ Yoast SEO plugin. -->","yoast_head_json":{"title":"Paz territorial, un gran desaf\u00edo para el pa\u00eds | P\u00e1gina10","robots":{"index":"index","follow":"follow","max-snippet":"max-snippet:-1","max-image-preview":"max-image-preview:large","max-video-preview":"max-video-preview:-1"},"canonical":"https:\/\/pagina10.com\/web\/paz-territorial-un-gran-desafio-para-el-pais\/","og_locale":"es_ES","og_type":"article","og_title":"Paz territorial, un gran desaf\u00edo para el pa\u00eds | P\u00e1gina10","og_description":"Despu\u00e9s de que finalicen los di\u00e1logos de paz entre el Gobierno y las Farc en La Habana, Colombia necesitar\u00e1 reglas claras sobre el uso del territorio que favorezcan al campesinado y traigan la ruralidad al siglo XXI. As\u00ed lo expres\u00f3 Marco Romero, profesor de Ciencias Pol\u00edticas de la Universidad Nacional de Colombia Sede Bogot\u00e1 y [&hellip;]","og_url":"https:\/\/pagina10.com\/web\/paz-territorial-un-gran-desafio-para-el-pais\/","og_site_name":"P\u00e1gina10","article_publisher":"https:\/\/www.facebook.com\/pag10com","article_published_time":"2015-12-03T14:05:35+00:00","og_image":[{"width":1193,"height":787,"url":"https:\/\/pagina10.com\/web\/wp-content\/uploads\/2015\/12\/64477f391e3fd728ac9d7c29981d2c73.jpg","type":"image\/jpeg"}],"author":"P\u00e1gina 10","twitter_card":"summary_large_image","twitter_creator":"@Pag10com","twitter_site":"@Pag10com","twitter_misc":{"Escrito por":"P\u00e1gina 10","Tiempo de lectura":"4 minutos"},"schema":{"@context":"https:\/\/schema.org","@graph":[{"@type":"Article","@id":"https:\/\/pagina10.com\/web\/paz-territorial-un-gran-desafio-para-el-pais\/#article","isPartOf":{"@id":"https:\/\/pagina10.com\/web\/paz-territorial-un-gran-desafio-para-el-pais\/"},"author":{"name":"P\u00e1gina 10","@id":"https:\/\/pagina10.com\/web\/#\/schema\/person\/a7a5d38f0629dfc107f619fbae4f6cc3"},"headline":"Paz territorial, un gran desaf\u00edo para el pa\u00eds","datePublished":"2015-12-03T14:05:35+00:00","mainEntityOfPage":{"@id":"https:\/\/pagina10.com\/web\/paz-territorial-un-gran-desafio-para-el-pais\/"},"wordCount":826,"commentCount":0,"publisher":{"@id":"https:\/\/pagina10.com\/web\/#organization"},"image":{"@id":"https:\/\/pagina10.com\/web\/paz-territorial-un-gran-desafio-para-el-pais\/#primaryimage"},"thumbnailUrl":"https:\/\/pagina10.com\/web\/wp-content\/uploads\/2015\/12\/64477f391e3fd728ac9d7c29981d2c73.jpg","inLanguage":"es","potentialAction":[{"@type":"CommentAction","name":"Comment","target":["https:\/\/pagina10.com\/web\/paz-territorial-un-gran-desafio-para-el-pais\/#respond"]}]},{"@type":"WebPage","@id":"https:\/\/pagina10.com\/web\/paz-territorial-un-gran-desafio-para-el-pais\/","url":"https:\/\/pagina10.com\/web\/paz-territorial-un-gran-desafio-para-el-pais\/","name":"Paz territorial, un gran desaf\u00edo para el pa\u00eds | P\u00e1gina10","isPartOf":{"@id":"https:\/\/pagina10.com\/web\/#website"},"primaryImageOfPage":{"@id":"https:\/\/pagina10.com\/web\/paz-territorial-un-gran-desafio-para-el-pais\/#primaryimage"},"image":{"@id":"https:\/\/pagina10.com\/web\/paz-territorial-un-gran-desafio-para-el-pais\/#primaryimage"},"thumbnailUrl":"https:\/\/pagina10.com\/web\/wp-content\/uploads\/2015\/12\/64477f391e3fd728ac9d7c29981d2c73.jpg","datePublished":"2015-12-03T14:05:35+00:00","breadcrumb":{"@id":"https:\/\/pagina10.com\/web\/paz-territorial-un-gran-desafio-para-el-pais\/#breadcrumb"},"inLanguage":"es","potentialAction":[{"@type":"ReadAction","target":["https:\/\/pagina10.com\/web\/paz-territorial-un-gran-desafio-para-el-pais\/"]}]},{"@type":"ImageObject","inLanguage":"es","@id":"https:\/\/pagina10.com\/web\/paz-territorial-un-gran-desafio-para-el-pais\/#primaryimage","url":"https:\/\/pagina10.com\/web\/wp-content\/uploads\/2015\/12\/64477f391e3fd728ac9d7c29981d2c73.jpg","contentUrl":"https:\/\/pagina10.com\/web\/wp-content\/uploads\/2015\/12\/64477f391e3fd728ac9d7c29981d2c73.jpg","width":1193,"height":787},{"@type":"BreadcrumbList","@id":"https:\/\/pagina10.com\/web\/paz-territorial-un-gran-desafio-para-el-pais\/#breadcrumb","itemListElement":[{"@type":"ListItem","position":1,"name":"Portada","item":"https:\/\/pagina10.com\/web\/"},{"@type":"ListItem","position":2,"name":"Paz territorial, un gran desaf\u00edo para el pa\u00eds"}]},{"@type":"WebSite","@id":"https:\/\/pagina10.com\/web\/#website","url":"https:\/\/pagina10.com\/web\/","name":"P\u00e1gina10","description":"Peri\u00f3dico Regional","publisher":{"@id":"https:\/\/pagina10.com\/web\/#organization"},"alternateName":"P\u00e1gina10 Peri\u00f3dico Regional","potentialAction":[{"@type":"SearchAction","target":{"@type":"EntryPoint","urlTemplate":"https:\/\/pagina10.com\/web\/?s={search_term_string}"},"query-input":{"@type":"PropertyValueSpecification","valueRequired":true,"valueName":"search_term_string"}}],"inLanguage":"es"},{"@type":"Organization","@id":"https:\/\/pagina10.com\/web\/#organization","name":"P\u00e1gina10","alternateName":"P\u00e1gina10 Peri\u00f3dico Regional","url":"https:\/\/pagina10.com\/web\/","logo":{"@type":"ImageObject","inLanguage":"es","@id":"https:\/\/pagina10.com\/web\/#\/schema\/logo\/image\/","url":"https:\/\/pagina10.com\/web\/wp-content\/uploads\/2024\/01\/40-pagina-10-periodico-regional-pasto.jpg","contentUrl":"https:\/\/pagina10.com\/web\/wp-content\/uploads\/2024\/01\/40-pagina-10-periodico-regional-pasto.jpg","width":1280,"height":720,"caption":"P\u00e1gina10"},"image":{"@id":"https:\/\/pagina10.com\/web\/#\/schema\/logo\/image\/"},"sameAs":["https:\/\/www.facebook.com\/pag10com","https:\/\/x.com\/Pag10com","https:\/\/www.instagram.com\/pagina10col\/","https:\/\/youtube.com\/channel\/pag10","https:\/\/www.tiktok.com\/@p10col"]},{"@type":"Person","@id":"https:\/\/pagina10.com\/web\/#\/schema\/person\/a7a5d38f0629dfc107f619fbae4f6cc3","name":"P\u00e1gina 10","description":"P\u00e1gina10.com es un peri\u00f3dico digital que nace en Colombia, en el departamento de Nari\u00f1o, con un enfoque global, fundamentado en cuatro pilares esenciales: la libertad, el pluralismo, la inclusi\u00f3n y la independencia. P\u00e1gina10.com hace referencia a Nari\u00f1o como el d\u00e9cimo departamento creado en Colombia, despu\u00e9s de un proceso pol\u00edtico liderado por actores y actrices regionales con el fin de obtener la independencia y autonom\u00eda de nuestros territorios. Con la creaci\u00f3n de P\u00e1gina10.com se pretende abrir un escenario para el dialogo, la reflexi\u00f3n y el debate que se extienda a otras geograf\u00edas de Am\u00e9rica Latina y del planeta, en una apuesta por transformar colectivamente los desaf\u00edos de un mundo contempor\u00e1neo, m\u00e1s all\u00e1 de las fronteras impuestas.","url":"https:\/\/pagina10.com\/web\/author\/mcepeda\/"}]}},"_links":{"self":[{"href":"https:\/\/pagina10.com\/web\/wp-json\/wp\/v2\/posts\/18782","targetHints":{"allow":["GET"]}}],"collection":[{"href":"https:\/\/pagina10.com\/web\/wp-json\/wp\/v2\/posts"}],"about":[{"href":"https:\/\/pagina10.com\/web\/wp-json\/wp\/v2\/types\/post"}],"author":[{"embeddable":true,"href":"https:\/\/pagina10.com\/web\/wp-json\/wp\/v2\/users\/29"}],"replies":[{"embeddable":true,"href":"https:\/\/pagina10.com\/web\/wp-json\/wp\/v2\/comments?post=18782"}],"version-history":[{"count":0,"href":"https:\/\/pagina10.com\/web\/wp-json\/wp\/v2\/posts\/18782\/revisions"}],"wp:featuredmedia":[{"embeddable":true,"href":"https:\/\/pagina10.com\/web\/wp-json\/wp\/v2\/media\/18781"}],"wp:attachment":[{"href":"https:\/\/pagina10.com\/web\/wp-json\/wp\/v2\/media?parent=18782"}],"wp:term":[{"taxonomy":"category","embeddable":true,"href":"https:\/\/pagina10.com\/web\/wp-json\/wp\/v2\/categories?post=18782"},{"taxonomy":"post_tag","embeddable":true,"href":"https:\/\/pagina10.com\/web\/wp-json\/wp\/v2\/tags?post=18782"}],"curies":[{"name":"wp","href":"https:\/\/api.w.org\/{rel}","templated":true}]}}