{"id":18784,"date":"2015-12-03T14:11:23","date_gmt":"2015-12-03T14:11:23","guid":{"rendered":"https:\/\/pagina10.com\/web\/cuanto-gane-y-cuanto-perdi\/"},"modified":"2015-12-03T14:11:23","modified_gmt":"2015-12-03T14:11:23","slug":"cuanto-gane-y-cuanto-perdi","status":"publish","type":"post","link":"https:\/\/pagina10.com\/web\/cuanto-gane-y-cuanto-perdi\/","title":{"rendered":"Cuanto gan\u00e9 y cuanto perd\u00ed"},"content":{"rendered":"<p><img fetchpriority=\"high\" decoding=\"async\" class=\" size-full wp-image-18783\" src=\"https:\/\/pagina10.com\/web\/wp-content\/uploads\/2015\/12\/14a6c4e75f25c59ac46211319f870bdc.jpg\" alt=\"\" width=\"460\" height=\"210\" srcset=\"https:\/\/pagina10.com\/web\/wp-content\/uploads\/2015\/12\/14a6c4e75f25c59ac46211319f870bdc.jpg 460w, https:\/\/pagina10.com\/web\/wp-content\/uploads\/2015\/12\/14a6c4e75f25c59ac46211319f870bdc-300x137.jpg 300w\" sizes=\"(max-width: 460px) 100vw, 460px\" \/><\/p>\n<p style=\"text-align: justify;\">Cada vez que termina un nuevo ciclo hacemos una mirada retrospectiva de nuestro actuar y del actuar del equipo al que pertenecemos; hacemos los balances necesarios, pero no s\u00f3lo en elementos materiales sino en el aprovechamiento del inexorable tiempo. Nos preguntamos si fuimos lo suficientemente coherentes entre las metas que nos fijamos al principio del a\u00f1o con lo que al finalizar el mismo hicimos de verdad. A veces nos mentimos, y esa forma de autoenga\u00f1o no es lo mejor.<\/p>\n<p style=\"text-align: justify;\">&nbsp;<\/p>\n<p style=\"text-align: justify;\">No se trata de ser esclavos del tiempo o de las cosas materiales. En las instituciones educativas de cualquier nivel \u2013por ejemplo- se eval\u00faan todos los procesos, empezando por la evaluaci\u00f3n de conocimientos que se les hace a los estudiantes; luego viene la autoevaluaci\u00f3n, que en la actualidad se la hace de manera muy eficiente por medios electr\u00f3nicos, pero tambi\u00e9n se eval\u00faa la corporalidad, el todo. Ello nos arroja unos resultados que nos indican la calidad de nuestro trabajo y el aporte que le estamos haciendo a la sociedad.<\/p>\n<p style=\"text-align: justify;\">&nbsp;<\/p>\n<p style=\"text-align: justify;\">Uno de los referentes es tomar en cuenta los alcances del sector privado como patr\u00f3n para medir los grados de efectividad del sector p\u00fablico, o tambi\u00e9n a la inversa. Debemos aclarar que lo p\u00fablico no siempre es sin\u00f3nimo de ineficiencia. No. Cuando el Estado se moderniza, se actualiza, se sistematiza con las mejores t\u00e9cnicas, est\u00e1 siendo eficaz.<\/p>\n<p style=\"text-align: justify;\">&nbsp;<\/p>\n<p style=\"text-align: justify;\">Pero no nos vayamos muy lejos. Por qu\u00e9 no medirnos el aceite cada uno, individualmente, en nuestro fuero interno sin que venga el se\u00f1or procurador a esculcar nuestras vidas. Eso ser\u00eda un factor importante que contribuya a la sociedad. Por ejemplo, cu\u00e1ntos libros me le\u00ed en este a\u00f1o. Cu\u00e1nto tiempo le dediqu\u00e9 a mi capacitaci\u00f3n, al mejoramiento de mi vida intelectual y espiritual. Cu\u00e1ntos pecados capitales comet\u00ed en este a\u00f1o que termina; si debo cumplir una rigurosa penitencia o no.<\/p>\n<p style=\"text-align: justify;\">&nbsp;<\/p>\n<p style=\"text-align: justify;\">No le estamos pidiendo que programe una flagelaci\u00f3n en la pr\u00f3xima Semana Santa, ni que tenga que subir al cerro de Monserrate de rodillas. Eso no. Pero s\u00ed es m\u00e1s valido que programe su propio acto de contrici\u00f3n con un balance privado, sin enga\u00f1arse. Es decir, que si un amigo le dice est\u00e1s muy barrig\u00f3n, usted no solucione la situaci\u00f3n metiendo la panza.<\/p>\n<p style=\"text-align: justify;\">&nbsp;<\/p>\n<p style=\"text-align: justify;\">Nuestra raz\u00f3n de ser en este corto paso por este mundo es ser felices, para eso se han desarrollado todo tipo de normas y jurisprudencias; modelos o esquemas sociales. Pero, ojo, como en todo, hay modelos enga\u00f1osos, no todo lo que brilla es oro. Hay ofertas en los medios de comunicaci\u00f3n y en el mundo de los negocios que conducen a esclavizar al individuo, haci\u00e9ndole gastar la platica en cosas que no debe, y antes que asegurarle la felicidad conducen a esclavizarlo.<\/p>\n<p style=\"text-align: justify;\">&nbsp;<\/p>\n<p style=\"text-align: justify;\">O usted, caballero, \u00bfno se ha visto tentado a comprar aquel desodorante que con la primera untada lo siguen las chicas m\u00e1s hermosas? Ya es hora de superar esa minor\u00eda de edad en la que se encuentran muchas personas, y adentrarse en engalanar su conciencia. Las cosas se dan con la lucha diaria, por el roce social, por el salir a conquistar el mundo sin distraerse.<\/p>\n<p style=\"text-align: justify;\">&nbsp;<\/p>\n<p style=\"text-align: justify;\">Establezca un balance de lo que usted plane\u00f3 y lo que alcanz\u00f3. Si los resultados no le satisfacen pero lo intent\u00f3, se debe continuar en la lucha, si vale la pena claro est\u00e1. Necesitamos reducir nuestros esfuerzos en vanidades e incrementarlos en capacidades. S\u00f3lo se es mejor si se toma como patr\u00f3n la propia experiencia, y no la de los dem\u00e1s. Posiblemente, el referente ajeno que hemos adoptado en el pr\u00f3ximo desv\u00edo opta por un camino diferente al nuestro y nos deja embaucados.<\/p>\n<p style=\"text-align: justify;\">&nbsp;<\/p>\n<p style=\"text-align: justify;\">As\u00ed es que estamos en el momento de tantear, qu\u00e9 tan buen servicio le hemos prestado a la comunidad; y, en lo personal, qu\u00e9 tanto le hemos regalado a nuestras vidas y qu\u00e9 grado de satisfacci\u00f3n hemos obtenido. Quiz\u00e1 el viajecito que tenemos planeado desde hace muchos a\u00f1os a\u00fan no lo hemos realizado.<\/p>\n","protected":false},"excerpt":{"rendered":"<p>Cada vez que termina un nuevo ciclo hacemos una mirada retrospectiva de nuestro actuar y del actuar del equipo al que pertenecemos; hacemos los balances necesarios, pero no s\u00f3lo en elementos materiales sino en el aprovechamiento del inexorable tiempo. Nos preguntamos si fuimos lo suficientemente coherentes entre las metas que nos fijamos al principio del [&hellip;]<\/p>\n","protected":false},"author":65,"featured_media":18783,"comment_status":"open","ping_status":"open","sticky":false,"template":"","format":"standard","meta":{"footnotes":""},"categories":[1],"tags":[],"class_list":["post-18784","post","type-post","status-publish","format-standard","has-post-thumbnail","hentry","category-sin-categoria"],"yoast_head":"<!-- This site is optimized with the Yoast SEO plugin v27.1.1 - https:\/\/yoast.com\/product\/yoast-seo-wordpress\/ -->\n<title>Cuanto gan\u00e9 y cuanto perd\u00ed | P\u00e1gina10<\/title>\n<meta name=\"robots\" content=\"index, follow, max-snippet:-1, max-image-preview:large, max-video-preview:-1\" \/>\n<link rel=\"canonical\" href=\"https:\/\/pagina10.com\/web\/cuanto-gane-y-cuanto-perdi\/\" \/>\n<meta property=\"og:locale\" content=\"es_ES\" \/>\n<meta property=\"og:type\" content=\"article\" \/>\n<meta property=\"og:title\" content=\"Cuanto gan\u00e9 y cuanto perd\u00ed | P\u00e1gina10\" \/>\n<meta property=\"og:description\" content=\"Cada vez que termina un nuevo ciclo hacemos una mirada retrospectiva de nuestro actuar y del actuar del equipo al que pertenecemos; hacemos los balances necesarios, pero no s\u00f3lo en elementos materiales sino en el aprovechamiento del inexorable tiempo. Nos preguntamos si fuimos lo suficientemente coherentes entre las metas que nos fijamos al principio del [&hellip;]\" \/>\n<meta property=\"og:url\" content=\"https:\/\/pagina10.com\/web\/cuanto-gane-y-cuanto-perdi\/\" \/>\n<meta property=\"og:site_name\" content=\"P\u00e1gina10\" \/>\n<meta property=\"article:publisher\" content=\"https:\/\/www.facebook.com\/pag10com\" \/>\n<meta property=\"article:published_time\" content=\"2015-12-03T14:11:23+00:00\" \/>\n<meta property=\"og:image\" content=\"https:\/\/pagina10.com\/web\/wp-content\/uploads\/2015\/12\/14a6c4e75f25c59ac46211319f870bdc.jpg\" \/>\n\t<meta property=\"og:image:width\" content=\"460\" \/>\n\t<meta property=\"og:image:height\" content=\"210\" \/>\n\t<meta property=\"og:image:type\" content=\"image\/jpeg\" \/>\n<meta name=\"author\" content=\"Anibal Ar\u00e9valo Rosero\" \/>\n<meta name=\"twitter:card\" content=\"summary_large_image\" \/>\n<meta name=\"twitter:creator\" content=\"@Pag10com\" \/>\n<meta name=\"twitter:site\" content=\"@Pag10com\" \/>\n<meta name=\"twitter:label1\" content=\"Escrito por\" \/>\n\t<meta name=\"twitter:data1\" content=\"Anibal Ar\u00e9valo Rosero\" \/>\n\t<meta name=\"twitter:label2\" content=\"Tiempo de lectura\" \/>\n\t<meta name=\"twitter:data2\" content=\"4 minutos\" \/>\n<script type=\"application\/ld+json\" class=\"yoast-schema-graph\">{\"@context\":\"https:\/\/schema.org\",\"@graph\":[{\"@type\":\"Article\",\"@id\":\"https:\/\/pagina10.com\/web\/cuanto-gane-y-cuanto-perdi\/#article\",\"isPartOf\":{\"@id\":\"https:\/\/pagina10.com\/web\/cuanto-gane-y-cuanto-perdi\/\"},\"author\":{\"name\":\"Anibal Ar\u00e9valo Rosero\",\"@id\":\"https:\/\/pagina10.com\/web\/#\/schema\/person\/9ec3e2b432363a195d2d01bf820c66fe\"},\"headline\":\"Cuanto gan\u00e9 y cuanto perd\u00ed\",\"datePublished\":\"2015-12-03T14:11:23+00:00\",\"mainEntityOfPage\":{\"@id\":\"https:\/\/pagina10.com\/web\/cuanto-gane-y-cuanto-perdi\/\"},\"wordCount\":710,\"commentCount\":0,\"publisher\":{\"@id\":\"https:\/\/pagina10.com\/web\/#organization\"},\"image\":{\"@id\":\"https:\/\/pagina10.com\/web\/cuanto-gane-y-cuanto-perdi\/#primaryimage\"},\"thumbnailUrl\":\"https:\/\/pagina10.com\/web\/wp-content\/uploads\/2015\/12\/14a6c4e75f25c59ac46211319f870bdc.jpg\",\"inLanguage\":\"es\",\"potentialAction\":[{\"@type\":\"CommentAction\",\"name\":\"Comment\",\"target\":[\"https:\/\/pagina10.com\/web\/cuanto-gane-y-cuanto-perdi\/#respond\"]}]},{\"@type\":\"WebPage\",\"@id\":\"https:\/\/pagina10.com\/web\/cuanto-gane-y-cuanto-perdi\/\",\"url\":\"https:\/\/pagina10.com\/web\/cuanto-gane-y-cuanto-perdi\/\",\"name\":\"Cuanto gan\u00e9 y cuanto perd\u00ed | P\u00e1gina10\",\"isPartOf\":{\"@id\":\"https:\/\/pagina10.com\/web\/#website\"},\"primaryImageOfPage\":{\"@id\":\"https:\/\/pagina10.com\/web\/cuanto-gane-y-cuanto-perdi\/#primaryimage\"},\"image\":{\"@id\":\"https:\/\/pagina10.com\/web\/cuanto-gane-y-cuanto-perdi\/#primaryimage\"},\"thumbnailUrl\":\"https:\/\/pagina10.com\/web\/wp-content\/uploads\/2015\/12\/14a6c4e75f25c59ac46211319f870bdc.jpg\",\"datePublished\":\"2015-12-03T14:11:23+00:00\",\"breadcrumb\":{\"@id\":\"https:\/\/pagina10.com\/web\/cuanto-gane-y-cuanto-perdi\/#breadcrumb\"},\"inLanguage\":\"es\",\"potentialAction\":[{\"@type\":\"ReadAction\",\"target\":[\"https:\/\/pagina10.com\/web\/cuanto-gane-y-cuanto-perdi\/\"]}]},{\"@type\":\"ImageObject\",\"inLanguage\":\"es\",\"@id\":\"https:\/\/pagina10.com\/web\/cuanto-gane-y-cuanto-perdi\/#primaryimage\",\"url\":\"https:\/\/pagina10.com\/web\/wp-content\/uploads\/2015\/12\/14a6c4e75f25c59ac46211319f870bdc.jpg\",\"contentUrl\":\"https:\/\/pagina10.com\/web\/wp-content\/uploads\/2015\/12\/14a6c4e75f25c59ac46211319f870bdc.jpg\",\"width\":460,\"height\":210},{\"@type\":\"BreadcrumbList\",\"@id\":\"https:\/\/pagina10.com\/web\/cuanto-gane-y-cuanto-perdi\/#breadcrumb\",\"itemListElement\":[{\"@type\":\"ListItem\",\"position\":1,\"name\":\"Portada\",\"item\":\"https:\/\/pagina10.com\/web\/\"},{\"@type\":\"ListItem\",\"position\":2,\"name\":\"Cuanto gan\u00e9 y cuanto perd\u00ed\"}]},{\"@type\":\"WebSite\",\"@id\":\"https:\/\/pagina10.com\/web\/#website\",\"url\":\"https:\/\/pagina10.com\/web\/\",\"name\":\"P\u00e1gina10\",\"description\":\"Peri\u00f3dico Regional\",\"publisher\":{\"@id\":\"https:\/\/pagina10.com\/web\/#organization\"},\"alternateName\":\"P\u00e1gina10 Peri\u00f3dico Regional\",\"potentialAction\":[{\"@type\":\"SearchAction\",\"target\":{\"@type\":\"EntryPoint\",\"urlTemplate\":\"https:\/\/pagina10.com\/web\/?s={search_term_string}\"},\"query-input\":{\"@type\":\"PropertyValueSpecification\",\"valueRequired\":true,\"valueName\":\"search_term_string\"}}],\"inLanguage\":\"es\"},{\"@type\":\"Organization\",\"@id\":\"https:\/\/pagina10.com\/web\/#organization\",\"name\":\"P\u00e1gina10\",\"alternateName\":\"P\u00e1gina10 Peri\u00f3dico Regional\",\"url\":\"https:\/\/pagina10.com\/web\/\",\"logo\":{\"@type\":\"ImageObject\",\"inLanguage\":\"es\",\"@id\":\"https:\/\/pagina10.com\/web\/#\/schema\/logo\/image\/\",\"url\":\"https:\/\/pagina10.com\/web\/wp-content\/uploads\/2024\/01\/40-pagina-10-periodico-regional-pasto.jpg\",\"contentUrl\":\"https:\/\/pagina10.com\/web\/wp-content\/uploads\/2024\/01\/40-pagina-10-periodico-regional-pasto.jpg\",\"width\":1280,\"height\":720,\"caption\":\"P\u00e1gina10\"},\"image\":{\"@id\":\"https:\/\/pagina10.com\/web\/#\/schema\/logo\/image\/\"},\"sameAs\":[\"https:\/\/www.facebook.com\/pag10com\",\"https:\/\/x.com\/Pag10com\",\"https:\/\/www.instagram.com\/pagina10col\/\",\"https:\/\/youtube.com\/channel\/pag10\",\"https:\/\/www.tiktok.com\/@p10col\"]},{\"@type\":\"Person\",\"@id\":\"https:\/\/pagina10.com\/web\/#\/schema\/person\/9ec3e2b432363a195d2d01bf820c66fe\",\"name\":\"Anibal Ar\u00e9valo Rosero\",\"description\":\"An\u00edbal Ar\u00e9valo Rosero a trav\u00e9s de su vida ha realizado diversas actividades tendientes a reivindicar al ser humano en su conciencia plena. Durante su vida ha hecho teatro, a escrito poes\u00eda y en sus tiempos de universitario realiz\u00f3 varias publicaciones entre las que se recuerda la revista Quinde. Junto con otros compa\u00f1eros fund\u00f3 el Taller Cultural El Cueche, equipo con el que se hicieron varias publicaciones. De este mismo grupo hay que resaltar que se hizo un trabajo pionero en la difusi\u00f3n de la m\u00fasica andina, latinoamericana y del caribe. Despu\u00e9s de terminar sus estudios de biolog\u00eda en la Universidad de Nari\u00f1o entr\u00f3 a laborar en emisoras de la ciudad de Pasto como en RCN, donde se desempe\u00f1aba como locutor de planta. Dirigi\u00f3 programas en la extinta Ondas del Mayo, en varias oportunidades; tambi\u00e9n en Ecos de Pasto. Fue colaborador de el Noticias RCN y dirigi\u00f3 el programa Simana al D\u00eda, del Sindicato del Magisterio de Nari\u00f1o, en dos \u00e9pocas. En el a\u00f1o de 1992 funda el Comit\u00e9 de Solidaridad con Cuba Jos\u00e9 Mart\u00ed, cuyo objetivo era divulgar la realidad cubana y expresar apoyo moral, pol\u00edtico y material al pa\u00eds caribe\u00f1o. Ante la mala interpretaci\u00f3n que la gente le daba a este tipo de acciones, se decide promover viajes de solidad a Cuba para participar en la Brigada Latinoamericana de Trabajo Voluntario, en el Festival Cuba Vive y, de manera especia,l en el 14 Festival Mundial de la Juventud y los Estudiantes, que se desarroll\u00f3 en la isla en el a\u00f1o de 1997. Con esta experiencia impulsa el turismo al pa\u00eds caribe\u00f1o con el resultado de que miles de personas han participado de las excursiones organizadas por Ar\u00e9valo Rosero. Asimismo ha venido impulsando las Brigadas de Salud en Cuba, tendiente a llevar pacientes de c\u00e1ncer a ese destino con el fin de que reciban atenci\u00f3n m\u00e9dica, teniendo en cuenta que la experiencia cubana en el tema ha sido bastante favorable. Veinte a\u00f1os despu\u00e9s de estas nutritivas experiencias, le permiten impulsar excursiones adem\u00e1s a M\u00e9xico, Machu Picchu, Argentina, Ecuador, Panam\u00e1 y Tierra Santa. En cuanto al desempe\u00f1o period\u00edstico, adem\u00e1s de los medios radiales y de televisi\u00f3n, en los canales de la universidades de Nari\u00f1o y Mariana, se ha desempe\u00f1ado como columnista en Diario del Sur durante 6 a\u00f1os y en algunos medios virtuales. Tambi\u00e9n es colaborador de el Diario del Cauca. Considera que la pr\u00e1ctica de la lectura es beber de la fuente nutricia que permite apropiarse de manera consciente del ejercicio de la democracia; y la posibilidad de escribir y ser le\u00eddo, acceder al poder, por que considera la palabra como el mayor instrumento de acci\u00f3n cuando est\u00e1 bien encamina al leg\u00edtimo servicio social. En la actualidad adem\u00e1s de so\u00f1ar con viajar por el mundo se desempe\u00f1a como docente del departamento de ciencias de Inem Luis Delf\u00edn Insuasty de Pasto. Correo: Esta direcci\u00f3n de correo electr\u00f3nico est\u00e1 protegida contra spambots. Usted necesita tener Javascript activado para poder verla.\\\" target=\\\"_blank\\\" style=\\\"color: #1155cc; text-align: justify; font-family: arial, sans-serif; font-size: 13px; line-height: normal;\\\"&gt;fundacionecosofia@gmail.com\",\"url\":\"https:\/\/pagina10.com\/web\/author\/anibal\/\"}]}<\/script>\n<!-- \/ Yoast SEO plugin. -->","yoast_head_json":{"title":"Cuanto gan\u00e9 y cuanto perd\u00ed | P\u00e1gina10","robots":{"index":"index","follow":"follow","max-snippet":"max-snippet:-1","max-image-preview":"max-image-preview:large","max-video-preview":"max-video-preview:-1"},"canonical":"https:\/\/pagina10.com\/web\/cuanto-gane-y-cuanto-perdi\/","og_locale":"es_ES","og_type":"article","og_title":"Cuanto gan\u00e9 y cuanto perd\u00ed | P\u00e1gina10","og_description":"Cada vez que termina un nuevo ciclo hacemos una mirada retrospectiva de nuestro actuar y del actuar del equipo al que pertenecemos; hacemos los balances necesarios, pero no s\u00f3lo en elementos materiales sino en el aprovechamiento del inexorable tiempo. Nos preguntamos si fuimos lo suficientemente coherentes entre las metas que nos fijamos al principio del [&hellip;]","og_url":"https:\/\/pagina10.com\/web\/cuanto-gane-y-cuanto-perdi\/","og_site_name":"P\u00e1gina10","article_publisher":"https:\/\/www.facebook.com\/pag10com","article_published_time":"2015-12-03T14:11:23+00:00","og_image":[{"width":460,"height":210,"url":"https:\/\/pagina10.com\/web\/wp-content\/uploads\/2015\/12\/14a6c4e75f25c59ac46211319f870bdc.jpg","type":"image\/jpeg"}],"author":"Anibal Ar\u00e9valo Rosero","twitter_card":"summary_large_image","twitter_creator":"@Pag10com","twitter_site":"@Pag10com","twitter_misc":{"Escrito por":"Anibal Ar\u00e9valo Rosero","Tiempo de lectura":"4 minutos"},"schema":{"@context":"https:\/\/schema.org","@graph":[{"@type":"Article","@id":"https:\/\/pagina10.com\/web\/cuanto-gane-y-cuanto-perdi\/#article","isPartOf":{"@id":"https:\/\/pagina10.com\/web\/cuanto-gane-y-cuanto-perdi\/"},"author":{"name":"Anibal Ar\u00e9valo Rosero","@id":"https:\/\/pagina10.com\/web\/#\/schema\/person\/9ec3e2b432363a195d2d01bf820c66fe"},"headline":"Cuanto gan\u00e9 y cuanto perd\u00ed","datePublished":"2015-12-03T14:11:23+00:00","mainEntityOfPage":{"@id":"https:\/\/pagina10.com\/web\/cuanto-gane-y-cuanto-perdi\/"},"wordCount":710,"commentCount":0,"publisher":{"@id":"https:\/\/pagina10.com\/web\/#organization"},"image":{"@id":"https:\/\/pagina10.com\/web\/cuanto-gane-y-cuanto-perdi\/#primaryimage"},"thumbnailUrl":"https:\/\/pagina10.com\/web\/wp-content\/uploads\/2015\/12\/14a6c4e75f25c59ac46211319f870bdc.jpg","inLanguage":"es","potentialAction":[{"@type":"CommentAction","name":"Comment","target":["https:\/\/pagina10.com\/web\/cuanto-gane-y-cuanto-perdi\/#respond"]}]},{"@type":"WebPage","@id":"https:\/\/pagina10.com\/web\/cuanto-gane-y-cuanto-perdi\/","url":"https:\/\/pagina10.com\/web\/cuanto-gane-y-cuanto-perdi\/","name":"Cuanto gan\u00e9 y cuanto perd\u00ed | P\u00e1gina10","isPartOf":{"@id":"https:\/\/pagina10.com\/web\/#website"},"primaryImageOfPage":{"@id":"https:\/\/pagina10.com\/web\/cuanto-gane-y-cuanto-perdi\/#primaryimage"},"image":{"@id":"https:\/\/pagina10.com\/web\/cuanto-gane-y-cuanto-perdi\/#primaryimage"},"thumbnailUrl":"https:\/\/pagina10.com\/web\/wp-content\/uploads\/2015\/12\/14a6c4e75f25c59ac46211319f870bdc.jpg","datePublished":"2015-12-03T14:11:23+00:00","breadcrumb":{"@id":"https:\/\/pagina10.com\/web\/cuanto-gane-y-cuanto-perdi\/#breadcrumb"},"inLanguage":"es","potentialAction":[{"@type":"ReadAction","target":["https:\/\/pagina10.com\/web\/cuanto-gane-y-cuanto-perdi\/"]}]},{"@type":"ImageObject","inLanguage":"es","@id":"https:\/\/pagina10.com\/web\/cuanto-gane-y-cuanto-perdi\/#primaryimage","url":"https:\/\/pagina10.com\/web\/wp-content\/uploads\/2015\/12\/14a6c4e75f25c59ac46211319f870bdc.jpg","contentUrl":"https:\/\/pagina10.com\/web\/wp-content\/uploads\/2015\/12\/14a6c4e75f25c59ac46211319f870bdc.jpg","width":460,"height":210},{"@type":"BreadcrumbList","@id":"https:\/\/pagina10.com\/web\/cuanto-gane-y-cuanto-perdi\/#breadcrumb","itemListElement":[{"@type":"ListItem","position":1,"name":"Portada","item":"https:\/\/pagina10.com\/web\/"},{"@type":"ListItem","position":2,"name":"Cuanto gan\u00e9 y cuanto perd\u00ed"}]},{"@type":"WebSite","@id":"https:\/\/pagina10.com\/web\/#website","url":"https:\/\/pagina10.com\/web\/","name":"P\u00e1gina10","description":"Peri\u00f3dico Regional","publisher":{"@id":"https:\/\/pagina10.com\/web\/#organization"},"alternateName":"P\u00e1gina10 Peri\u00f3dico Regional","potentialAction":[{"@type":"SearchAction","target":{"@type":"EntryPoint","urlTemplate":"https:\/\/pagina10.com\/web\/?s={search_term_string}"},"query-input":{"@type":"PropertyValueSpecification","valueRequired":true,"valueName":"search_term_string"}}],"inLanguage":"es"},{"@type":"Organization","@id":"https:\/\/pagina10.com\/web\/#organization","name":"P\u00e1gina10","alternateName":"P\u00e1gina10 Peri\u00f3dico Regional","url":"https:\/\/pagina10.com\/web\/","logo":{"@type":"ImageObject","inLanguage":"es","@id":"https:\/\/pagina10.com\/web\/#\/schema\/logo\/image\/","url":"https:\/\/pagina10.com\/web\/wp-content\/uploads\/2024\/01\/40-pagina-10-periodico-regional-pasto.jpg","contentUrl":"https:\/\/pagina10.com\/web\/wp-content\/uploads\/2024\/01\/40-pagina-10-periodico-regional-pasto.jpg","width":1280,"height":720,"caption":"P\u00e1gina10"},"image":{"@id":"https:\/\/pagina10.com\/web\/#\/schema\/logo\/image\/"},"sameAs":["https:\/\/www.facebook.com\/pag10com","https:\/\/x.com\/Pag10com","https:\/\/www.instagram.com\/pagina10col\/","https:\/\/youtube.com\/channel\/pag10","https:\/\/www.tiktok.com\/@p10col"]},{"@type":"Person","@id":"https:\/\/pagina10.com\/web\/#\/schema\/person\/9ec3e2b432363a195d2d01bf820c66fe","name":"Anibal Ar\u00e9valo Rosero","description":"An\u00edbal Ar\u00e9valo Rosero a trav\u00e9s de su vida ha realizado diversas actividades tendientes a reivindicar al ser humano en su conciencia plena. Durante su vida ha hecho teatro, a escrito poes\u00eda y en sus tiempos de universitario realiz\u00f3 varias publicaciones entre las que se recuerda la revista Quinde. Junto con otros compa\u00f1eros fund\u00f3 el Taller Cultural El Cueche, equipo con el que se hicieron varias publicaciones. De este mismo grupo hay que resaltar que se hizo un trabajo pionero en la difusi\u00f3n de la m\u00fasica andina, latinoamericana y del caribe. Despu\u00e9s de terminar sus estudios de biolog\u00eda en la Universidad de Nari\u00f1o entr\u00f3 a laborar en emisoras de la ciudad de Pasto como en RCN, donde se desempe\u00f1aba como locutor de planta. Dirigi\u00f3 programas en la extinta Ondas del Mayo, en varias oportunidades; tambi\u00e9n en Ecos de Pasto. Fue colaborador de el Noticias RCN y dirigi\u00f3 el programa Simana al D\u00eda, del Sindicato del Magisterio de Nari\u00f1o, en dos \u00e9pocas. En el a\u00f1o de 1992 funda el Comit\u00e9 de Solidaridad con Cuba Jos\u00e9 Mart\u00ed, cuyo objetivo era divulgar la realidad cubana y expresar apoyo moral, pol\u00edtico y material al pa\u00eds caribe\u00f1o. Ante la mala interpretaci\u00f3n que la gente le daba a este tipo de acciones, se decide promover viajes de solidad a Cuba para participar en la Brigada Latinoamericana de Trabajo Voluntario, en el Festival Cuba Vive y, de manera especia,l en el 14 Festival Mundial de la Juventud y los Estudiantes, que se desarroll\u00f3 en la isla en el a\u00f1o de 1997. Con esta experiencia impulsa el turismo al pa\u00eds caribe\u00f1o con el resultado de que miles de personas han participado de las excursiones organizadas por Ar\u00e9valo Rosero. Asimismo ha venido impulsando las Brigadas de Salud en Cuba, tendiente a llevar pacientes de c\u00e1ncer a ese destino con el fin de que reciban atenci\u00f3n m\u00e9dica, teniendo en cuenta que la experiencia cubana en el tema ha sido bastante favorable. Veinte a\u00f1os despu\u00e9s de estas nutritivas experiencias, le permiten impulsar excursiones adem\u00e1s a M\u00e9xico, Machu Picchu, Argentina, Ecuador, Panam\u00e1 y Tierra Santa. En cuanto al desempe\u00f1o period\u00edstico, adem\u00e1s de los medios radiales y de televisi\u00f3n, en los canales de la universidades de Nari\u00f1o y Mariana, se ha desempe\u00f1ado como columnista en Diario del Sur durante 6 a\u00f1os y en algunos medios virtuales. Tambi\u00e9n es colaborador de el Diario del Cauca. Considera que la pr\u00e1ctica de la lectura es beber de la fuente nutricia que permite apropiarse de manera consciente del ejercicio de la democracia; y la posibilidad de escribir y ser le\u00eddo, acceder al poder, por que considera la palabra como el mayor instrumento de acci\u00f3n cuando est\u00e1 bien encamina al leg\u00edtimo servicio social. En la actualidad adem\u00e1s de so\u00f1ar con viajar por el mundo se desempe\u00f1a como docente del departamento de ciencias de Inem Luis Delf\u00edn Insuasty de Pasto. Correo: Esta direcci\u00f3n de correo electr\u00f3nico est\u00e1 protegida contra spambots. Usted necesita tener Javascript activado para poder verla.\" target=\"_blank\" style=\"color: #1155cc; text-align: justify; font-family: arial, sans-serif; font-size: 13px; line-height: normal;\"&gt;fundacionecosofia@gmail.com","url":"https:\/\/pagina10.com\/web\/author\/anibal\/"}]}},"_links":{"self":[{"href":"https:\/\/pagina10.com\/web\/wp-json\/wp\/v2\/posts\/18784","targetHints":{"allow":["GET"]}}],"collection":[{"href":"https:\/\/pagina10.com\/web\/wp-json\/wp\/v2\/posts"}],"about":[{"href":"https:\/\/pagina10.com\/web\/wp-json\/wp\/v2\/types\/post"}],"author":[{"embeddable":true,"href":"https:\/\/pagina10.com\/web\/wp-json\/wp\/v2\/users\/65"}],"replies":[{"embeddable":true,"href":"https:\/\/pagina10.com\/web\/wp-json\/wp\/v2\/comments?post=18784"}],"version-history":[{"count":0,"href":"https:\/\/pagina10.com\/web\/wp-json\/wp\/v2\/posts\/18784\/revisions"}],"wp:featuredmedia":[{"embeddable":true,"href":"https:\/\/pagina10.com\/web\/wp-json\/wp\/v2\/media\/18783"}],"wp:attachment":[{"href":"https:\/\/pagina10.com\/web\/wp-json\/wp\/v2\/media?parent=18784"}],"wp:term":[{"taxonomy":"category","embeddable":true,"href":"https:\/\/pagina10.com\/web\/wp-json\/wp\/v2\/categories?post=18784"},{"taxonomy":"post_tag","embeddable":true,"href":"https:\/\/pagina10.com\/web\/wp-json\/wp\/v2\/tags?post=18784"}],"curies":[{"name":"wp","href":"https:\/\/api.w.org\/{rel}","templated":true}]}}