{"id":18786,"date":"2015-12-03T14:13:05","date_gmt":"2015-12-03T14:13:05","guid":{"rendered":"https:\/\/pagina10.com\/web\/cooperativas-de-vigilancia-acogeran-personas-con-discapacidad\/"},"modified":"2015-12-03T14:13:05","modified_gmt":"2015-12-03T14:13:05","slug":"cooperativas-de-vigilancia-acogeran-personas-con-discapacidad","status":"publish","type":"post","link":"https:\/\/pagina10.com\/web\/cooperativas-de-vigilancia-acogeran-personas-con-discapacidad\/","title":{"rendered":"Cooperativas de vigilancia acoger\u00e1n personas con discapacidad"},"content":{"rendered":"<p><img fetchpriority=\"high\" decoding=\"async\" class=\" size-full wp-image-18785\" src=\"https:\/\/pagina10.com\/web\/wp-content\/uploads\/2015\/12\/bc4500266b4b7dcee7542f43f152ea0f.jpg\" alt=\"\" width=\"1181\" height=\"791\" srcset=\"https:\/\/pagina10.com\/web\/wp-content\/uploads\/2015\/12\/bc4500266b4b7dcee7542f43f152ea0f.jpg 1181w, https:\/\/pagina10.com\/web\/wp-content\/uploads\/2015\/12\/bc4500266b4b7dcee7542f43f152ea0f-300x201.jpg 300w, https:\/\/pagina10.com\/web\/wp-content\/uploads\/2015\/12\/bc4500266b4b7dcee7542f43f152ea0f-1024x686.jpg 1024w, https:\/\/pagina10.com\/web\/wp-content\/uploads\/2015\/12\/bc4500266b4b7dcee7542f43f152ea0f-768x514.jpg 768w, https:\/\/pagina10.com\/web\/wp-content\/uploads\/2015\/12\/bc4500266b4b7dcee7542f43f152ea0f-450x300.jpg 450w\" sizes=\"(max-width: 1181px) 100vw, 1181px\" \/><\/p>\n<div style=\"text-align: justify;\">El Congreso de Colombia dio un paso fundamental para fortalecer la calidad de vida y los derechos laborales de las personas con discapacidad \u2013m\u00e1s de 3 millones de ciudadanos- \u201cluego fuera normatizada su vinculaci\u00f3n como prioritaria en un proyecto de ley que crea un marco legal para las Cooperativas de Vigilancia y Seguridad Privada\u201d.<\/div>\n<div style=\"text-align: justify;\">&nbsp;<\/div>\n<div style=\"text-align: justify;\">La propuesta fue liderada por el presidente del Senado Luis Fernando Velasco (liberal), qui\u00e9n dijo que \u201cla iniciativa crea un est\u00edmulo a las empresas p\u00fablicas y privadas de car\u00e1cter cooperativo, que vinculen y contraten en su planta de personal a personas con discapacidad o personas mayores de 45 a\u00f1os\u201d.<\/div>\n<div style=\"text-align: justify;\">&nbsp;<\/div>\n<div style=\"text-align: justify;\">\u201cEstas empresas \u2013adem\u00e1s- recibir\u00e1n un puntaje adicional a trav\u00e9s del Ministerio de Hacienda y del Departamento Nacional de Planeaci\u00f3n para procesos de&nbsp; licitaci\u00f3n p\u00fabica, concursos de m\u00e9ritos y contrataci\u00f3n directa (con plazo m\u00e1ximo de 6 meses a partir de la promulgaci\u00f3n de la ley)<\/div>\n<div style=\"text-align: justify;\">&nbsp;<\/div>\n<div style=\"text-align: justify;\">El senador Luis Fernando Velasco record\u00f3 que a trav\u00e9s del proyecto de ley, \u201clas personas con discapacidad tendr\u00e1n un escenario laboral en las Cooperativas de Vigilancia, que ser\u00e1 complementado con un seguro de vida individual para cada empleado, de 24 horas del d\u00eda\u201d.<\/div>\n<div style=\"text-align: justify;\">&nbsp;<\/div>\n<div style=\"text-align: justify;\">\u201cTambi\u00e9n los empleados&nbsp; vinculados a empresas y Cooperativas de Vigilancia, podr\u00e1n laborar m\u00e1ximo 12 horas diarias, de las cuales 4 ser\u00e1n de jornada suplementaria, sin sobrepasar el m\u00e1ximo semanal de 60 horas exigido por la ley y respetando los descansos m\u00ednimos establecido en la normatividad laboral colombiana\u201d, sostuvo el legislador<\/div>\n<div style=\"text-align: justify;\">&nbsp;<\/div>\n<div dir=\"ltr\" style=\"text-align: justify;\">&nbsp;<\/div>\n<div dir=\"ltr\" style=\"text-align: justify;\">En resumen, el proyecto de ley que crea un marco legal para las Cooperativas de Vigilancia y sSeguridad Privada en el pa\u00eds, tendr\u00e1 como base la aplicaci\u00f3n del C\u00f3digo Sustantivo del Trabajo alrededor de la protecci\u00f3n de los derechos laborales (remuneraci\u00f3n, horarios, aportes de salud, pensi\u00f3n, aseguradora de riesgos, cesant\u00edas, vacaciones y primas)<\/div>\n","protected":false},"excerpt":{"rendered":"<p>El Congreso de Colombia dio un paso fundamental para fortalecer la calidad de vida y los derechos laborales de las personas con discapacidad \u2013m\u00e1s de 3 millones de ciudadanos- \u201cluego fuera normatizada su vinculaci\u00f3n como prioritaria en un proyecto de ley que crea un marco legal para las Cooperativas de Vigilancia y Seguridad Privada\u201d. &nbsp; [&hellip;]<\/p>\n","protected":false},"author":38,"featured_media":18785,"comment_status":"open","ping_status":"open","sticky":false,"template":"","format":"standard","meta":{"footnotes":""},"categories":[1],"tags":[],"class_list":["post-18786","post","type-post","status-publish","format-standard","has-post-thumbnail","hentry","category-sin-categoria"],"yoast_head":"<!-- This site is optimized with the Yoast SEO plugin v27.1.1 - https:\/\/yoast.com\/product\/yoast-seo-wordpress\/ -->\n<title>Cooperativas de vigilancia acoger\u00e1n personas con discapacidad | P\u00e1gina10<\/title>\n<meta name=\"robots\" content=\"index, follow, max-snippet:-1, max-image-preview:large, max-video-preview:-1\" \/>\n<link rel=\"canonical\" href=\"https:\/\/pagina10.com\/web\/cooperativas-de-vigilancia-acogeran-personas-con-discapacidad\/\" \/>\n<meta property=\"og:locale\" content=\"es_ES\" \/>\n<meta property=\"og:type\" content=\"article\" \/>\n<meta property=\"og:title\" content=\"Cooperativas de vigilancia acoger\u00e1n personas con discapacidad | P\u00e1gina10\" \/>\n<meta property=\"og:description\" content=\"El Congreso de Colombia dio un paso fundamental para fortalecer la calidad de vida y los derechos laborales de las personas con discapacidad \u2013m\u00e1s de 3 millones de ciudadanos- \u201cluego fuera normatizada su vinculaci\u00f3n como prioritaria en un proyecto de ley que crea un marco legal para las Cooperativas de Vigilancia y Seguridad Privada\u201d. &nbsp; [&hellip;]\" \/>\n<meta property=\"og:url\" content=\"https:\/\/pagina10.com\/web\/cooperativas-de-vigilancia-acogeran-personas-con-discapacidad\/\" \/>\n<meta property=\"og:site_name\" content=\"P\u00e1gina10\" \/>\n<meta property=\"article:publisher\" content=\"https:\/\/www.facebook.com\/pag10com\" \/>\n<meta property=\"article:published_time\" content=\"2015-12-03T14:13:05+00:00\" \/>\n<meta property=\"og:image\" content=\"https:\/\/pagina10.com\/web\/wp-content\/uploads\/2015\/12\/bc4500266b4b7dcee7542f43f152ea0f.jpg\" \/>\n\t<meta property=\"og:image:width\" content=\"1181\" \/>\n\t<meta property=\"og:image:height\" content=\"791\" \/>\n\t<meta property=\"og:image:type\" content=\"image\/jpeg\" \/>\n<meta name=\"author\" content=\"Carlos Villota Santacruz.\" \/>\n<meta name=\"twitter:card\" content=\"summary_large_image\" \/>\n<meta name=\"twitter:creator\" content=\"@Pag10com\" \/>\n<meta name=\"twitter:site\" content=\"@Pag10com\" \/>\n<meta name=\"twitter:label1\" content=\"Escrito por\" \/>\n\t<meta name=\"twitter:data1\" content=\"Carlos Villota Santacruz.\" \/>\n\t<meta name=\"twitter:label2\" content=\"Tiempo de lectura\" \/>\n\t<meta name=\"twitter:data2\" content=\"2 minutos\" \/>\n<script type=\"application\/ld+json\" class=\"yoast-schema-graph\">{\"@context\":\"https:\/\/schema.org\",\"@graph\":[{\"@type\":\"Article\",\"@id\":\"https:\/\/pagina10.com\/web\/cooperativas-de-vigilancia-acogeran-personas-con-discapacidad\/#article\",\"isPartOf\":{\"@id\":\"https:\/\/pagina10.com\/web\/cooperativas-de-vigilancia-acogeran-personas-con-discapacidad\/\"},\"author\":{\"name\":\"Carlos Villota Santacruz.\",\"@id\":\"https:\/\/pagina10.com\/web\/#\/schema\/person\/b459e2d15ec5ba9d5a2c9a81c71c4f7b\"},\"headline\":\"Cooperativas de vigilancia acoger\u00e1n personas con discapacidad\",\"datePublished\":\"2015-12-03T14:13:05+00:00\",\"mainEntityOfPage\":{\"@id\":\"https:\/\/pagina10.com\/web\/cooperativas-de-vigilancia-acogeran-personas-con-discapacidad\/\"},\"wordCount\":335,\"commentCount\":0,\"publisher\":{\"@id\":\"https:\/\/pagina10.com\/web\/#organization\"},\"image\":{\"@id\":\"https:\/\/pagina10.com\/web\/cooperativas-de-vigilancia-acogeran-personas-con-discapacidad\/#primaryimage\"},\"thumbnailUrl\":\"https:\/\/pagina10.com\/web\/wp-content\/uploads\/2015\/12\/bc4500266b4b7dcee7542f43f152ea0f.jpg\",\"inLanguage\":\"es\",\"potentialAction\":[{\"@type\":\"CommentAction\",\"name\":\"Comment\",\"target\":[\"https:\/\/pagina10.com\/web\/cooperativas-de-vigilancia-acogeran-personas-con-discapacidad\/#respond\"]}]},{\"@type\":\"WebPage\",\"@id\":\"https:\/\/pagina10.com\/web\/cooperativas-de-vigilancia-acogeran-personas-con-discapacidad\/\",\"url\":\"https:\/\/pagina10.com\/web\/cooperativas-de-vigilancia-acogeran-personas-con-discapacidad\/\",\"name\":\"Cooperativas de vigilancia acoger\u00e1n personas con discapacidad | P\u00e1gina10\",\"isPartOf\":{\"@id\":\"https:\/\/pagina10.com\/web\/#website\"},\"primaryImageOfPage\":{\"@id\":\"https:\/\/pagina10.com\/web\/cooperativas-de-vigilancia-acogeran-personas-con-discapacidad\/#primaryimage\"},\"image\":{\"@id\":\"https:\/\/pagina10.com\/web\/cooperativas-de-vigilancia-acogeran-personas-con-discapacidad\/#primaryimage\"},\"thumbnailUrl\":\"https:\/\/pagina10.com\/web\/wp-content\/uploads\/2015\/12\/bc4500266b4b7dcee7542f43f152ea0f.jpg\",\"datePublished\":\"2015-12-03T14:13:05+00:00\",\"breadcrumb\":{\"@id\":\"https:\/\/pagina10.com\/web\/cooperativas-de-vigilancia-acogeran-personas-con-discapacidad\/#breadcrumb\"},\"inLanguage\":\"es\",\"potentialAction\":[{\"@type\":\"ReadAction\",\"target\":[\"https:\/\/pagina10.com\/web\/cooperativas-de-vigilancia-acogeran-personas-con-discapacidad\/\"]}]},{\"@type\":\"ImageObject\",\"inLanguage\":\"es\",\"@id\":\"https:\/\/pagina10.com\/web\/cooperativas-de-vigilancia-acogeran-personas-con-discapacidad\/#primaryimage\",\"url\":\"https:\/\/pagina10.com\/web\/wp-content\/uploads\/2015\/12\/bc4500266b4b7dcee7542f43f152ea0f.jpg\",\"contentUrl\":\"https:\/\/pagina10.com\/web\/wp-content\/uploads\/2015\/12\/bc4500266b4b7dcee7542f43f152ea0f.jpg\",\"width\":1181,\"height\":791},{\"@type\":\"BreadcrumbList\",\"@id\":\"https:\/\/pagina10.com\/web\/cooperativas-de-vigilancia-acogeran-personas-con-discapacidad\/#breadcrumb\",\"itemListElement\":[{\"@type\":\"ListItem\",\"position\":1,\"name\":\"Portada\",\"item\":\"https:\/\/pagina10.com\/web\/\"},{\"@type\":\"ListItem\",\"position\":2,\"name\":\"Cooperativas de vigilancia acoger\u00e1n personas con discapacidad\"}]},{\"@type\":\"WebSite\",\"@id\":\"https:\/\/pagina10.com\/web\/#website\",\"url\":\"https:\/\/pagina10.com\/web\/\",\"name\":\"P\u00e1gina10\",\"description\":\"Peri\u00f3dico Regional\",\"publisher\":{\"@id\":\"https:\/\/pagina10.com\/web\/#organization\"},\"alternateName\":\"P\u00e1gina10 Peri\u00f3dico Regional\",\"potentialAction\":[{\"@type\":\"SearchAction\",\"target\":{\"@type\":\"EntryPoint\",\"urlTemplate\":\"https:\/\/pagina10.com\/web\/?s={search_term_string}\"},\"query-input\":{\"@type\":\"PropertyValueSpecification\",\"valueRequired\":true,\"valueName\":\"search_term_string\"}}],\"inLanguage\":\"es\"},{\"@type\":\"Organization\",\"@id\":\"https:\/\/pagina10.com\/web\/#organization\",\"name\":\"P\u00e1gina10\",\"alternateName\":\"P\u00e1gina10 Peri\u00f3dico Regional\",\"url\":\"https:\/\/pagina10.com\/web\/\",\"logo\":{\"@type\":\"ImageObject\",\"inLanguage\":\"es\",\"@id\":\"https:\/\/pagina10.com\/web\/#\/schema\/logo\/image\/\",\"url\":\"https:\/\/pagina10.com\/web\/wp-content\/uploads\/2024\/01\/40-pagina-10-periodico-regional-pasto.jpg\",\"contentUrl\":\"https:\/\/pagina10.com\/web\/wp-content\/uploads\/2024\/01\/40-pagina-10-periodico-regional-pasto.jpg\",\"width\":1280,\"height\":720,\"caption\":\"P\u00e1gina10\"},\"image\":{\"@id\":\"https:\/\/pagina10.com\/web\/#\/schema\/logo\/image\/\"},\"sameAs\":[\"https:\/\/www.facebook.com\/pag10com\",\"https:\/\/x.com\/Pag10com\",\"https:\/\/www.instagram.com\/pagina10col\/\",\"https:\/\/youtube.com\/channel\/pag10\",\"https:\/\/www.tiktok.com\/@p10col\"]},{\"@type\":\"Person\",\"@id\":\"https:\/\/pagina10.com\/web\/#\/schema\/person\/b459e2d15ec5ba9d5a2c9a81c71c4f7b\",\"name\":\"Carlos Villota Santacruz.\",\"description\":\"Internacionalista-Comunicador Social y Periodista. Experto en Comunicaci\u00f3n para el desarrollo y ciudad-regi\u00f3n.. Promotor de proyectos e investigaci\u00f3n comunicativa en radio, prensa y televisi\u00f3n. Experiencia en el manejo de imagen externa, interna y protocolaria de entidades p\u00fablicas y privadas, encuentros culturales, empresariales y ambientales. Docente en el \u00e1rea de televisi\u00f3n, relaciones internacionales y bloques econ\u00f3micos. Experto y conferencista en temas de marketing pol\u00edtico, marketing de ciudad, integraci\u00f3n cultural, TLC y desarrollo urban\u00edstico. E-mail: villotasantacruzcarlos@yahoo.com.co\",\"url\":\"https:\/\/pagina10.com\/web\/author\/cvillota\/\"}]}<\/script>\n<!-- \/ Yoast SEO plugin. -->","yoast_head_json":{"title":"Cooperativas de vigilancia acoger\u00e1n personas con discapacidad | P\u00e1gina10","robots":{"index":"index","follow":"follow","max-snippet":"max-snippet:-1","max-image-preview":"max-image-preview:large","max-video-preview":"max-video-preview:-1"},"canonical":"https:\/\/pagina10.com\/web\/cooperativas-de-vigilancia-acogeran-personas-con-discapacidad\/","og_locale":"es_ES","og_type":"article","og_title":"Cooperativas de vigilancia acoger\u00e1n personas con discapacidad | P\u00e1gina10","og_description":"El Congreso de Colombia dio un paso fundamental para fortalecer la calidad de vida y los derechos laborales de las personas con discapacidad \u2013m\u00e1s de 3 millones de ciudadanos- \u201cluego fuera normatizada su vinculaci\u00f3n como prioritaria en un proyecto de ley que crea un marco legal para las Cooperativas de Vigilancia y Seguridad Privada\u201d. &nbsp; [&hellip;]","og_url":"https:\/\/pagina10.com\/web\/cooperativas-de-vigilancia-acogeran-personas-con-discapacidad\/","og_site_name":"P\u00e1gina10","article_publisher":"https:\/\/www.facebook.com\/pag10com","article_published_time":"2015-12-03T14:13:05+00:00","og_image":[{"width":1181,"height":791,"url":"https:\/\/pagina10.com\/web\/wp-content\/uploads\/2015\/12\/bc4500266b4b7dcee7542f43f152ea0f.jpg","type":"image\/jpeg"}],"author":"Carlos Villota Santacruz.","twitter_card":"summary_large_image","twitter_creator":"@Pag10com","twitter_site":"@Pag10com","twitter_misc":{"Escrito por":"Carlos Villota Santacruz.","Tiempo de lectura":"2 minutos"},"schema":{"@context":"https:\/\/schema.org","@graph":[{"@type":"Article","@id":"https:\/\/pagina10.com\/web\/cooperativas-de-vigilancia-acogeran-personas-con-discapacidad\/#article","isPartOf":{"@id":"https:\/\/pagina10.com\/web\/cooperativas-de-vigilancia-acogeran-personas-con-discapacidad\/"},"author":{"name":"Carlos Villota Santacruz.","@id":"https:\/\/pagina10.com\/web\/#\/schema\/person\/b459e2d15ec5ba9d5a2c9a81c71c4f7b"},"headline":"Cooperativas de vigilancia acoger\u00e1n personas con discapacidad","datePublished":"2015-12-03T14:13:05+00:00","mainEntityOfPage":{"@id":"https:\/\/pagina10.com\/web\/cooperativas-de-vigilancia-acogeran-personas-con-discapacidad\/"},"wordCount":335,"commentCount":0,"publisher":{"@id":"https:\/\/pagina10.com\/web\/#organization"},"image":{"@id":"https:\/\/pagina10.com\/web\/cooperativas-de-vigilancia-acogeran-personas-con-discapacidad\/#primaryimage"},"thumbnailUrl":"https:\/\/pagina10.com\/web\/wp-content\/uploads\/2015\/12\/bc4500266b4b7dcee7542f43f152ea0f.jpg","inLanguage":"es","potentialAction":[{"@type":"CommentAction","name":"Comment","target":["https:\/\/pagina10.com\/web\/cooperativas-de-vigilancia-acogeran-personas-con-discapacidad\/#respond"]}]},{"@type":"WebPage","@id":"https:\/\/pagina10.com\/web\/cooperativas-de-vigilancia-acogeran-personas-con-discapacidad\/","url":"https:\/\/pagina10.com\/web\/cooperativas-de-vigilancia-acogeran-personas-con-discapacidad\/","name":"Cooperativas de vigilancia acoger\u00e1n personas con discapacidad | P\u00e1gina10","isPartOf":{"@id":"https:\/\/pagina10.com\/web\/#website"},"primaryImageOfPage":{"@id":"https:\/\/pagina10.com\/web\/cooperativas-de-vigilancia-acogeran-personas-con-discapacidad\/#primaryimage"},"image":{"@id":"https:\/\/pagina10.com\/web\/cooperativas-de-vigilancia-acogeran-personas-con-discapacidad\/#primaryimage"},"thumbnailUrl":"https:\/\/pagina10.com\/web\/wp-content\/uploads\/2015\/12\/bc4500266b4b7dcee7542f43f152ea0f.jpg","datePublished":"2015-12-03T14:13:05+00:00","breadcrumb":{"@id":"https:\/\/pagina10.com\/web\/cooperativas-de-vigilancia-acogeran-personas-con-discapacidad\/#breadcrumb"},"inLanguage":"es","potentialAction":[{"@type":"ReadAction","target":["https:\/\/pagina10.com\/web\/cooperativas-de-vigilancia-acogeran-personas-con-discapacidad\/"]}]},{"@type":"ImageObject","inLanguage":"es","@id":"https:\/\/pagina10.com\/web\/cooperativas-de-vigilancia-acogeran-personas-con-discapacidad\/#primaryimage","url":"https:\/\/pagina10.com\/web\/wp-content\/uploads\/2015\/12\/bc4500266b4b7dcee7542f43f152ea0f.jpg","contentUrl":"https:\/\/pagina10.com\/web\/wp-content\/uploads\/2015\/12\/bc4500266b4b7dcee7542f43f152ea0f.jpg","width":1181,"height":791},{"@type":"BreadcrumbList","@id":"https:\/\/pagina10.com\/web\/cooperativas-de-vigilancia-acogeran-personas-con-discapacidad\/#breadcrumb","itemListElement":[{"@type":"ListItem","position":1,"name":"Portada","item":"https:\/\/pagina10.com\/web\/"},{"@type":"ListItem","position":2,"name":"Cooperativas de vigilancia acoger\u00e1n personas con discapacidad"}]},{"@type":"WebSite","@id":"https:\/\/pagina10.com\/web\/#website","url":"https:\/\/pagina10.com\/web\/","name":"P\u00e1gina10","description":"Peri\u00f3dico Regional","publisher":{"@id":"https:\/\/pagina10.com\/web\/#organization"},"alternateName":"P\u00e1gina10 Peri\u00f3dico Regional","potentialAction":[{"@type":"SearchAction","target":{"@type":"EntryPoint","urlTemplate":"https:\/\/pagina10.com\/web\/?s={search_term_string}"},"query-input":{"@type":"PropertyValueSpecification","valueRequired":true,"valueName":"search_term_string"}}],"inLanguage":"es"},{"@type":"Organization","@id":"https:\/\/pagina10.com\/web\/#organization","name":"P\u00e1gina10","alternateName":"P\u00e1gina10 Peri\u00f3dico Regional","url":"https:\/\/pagina10.com\/web\/","logo":{"@type":"ImageObject","inLanguage":"es","@id":"https:\/\/pagina10.com\/web\/#\/schema\/logo\/image\/","url":"https:\/\/pagina10.com\/web\/wp-content\/uploads\/2024\/01\/40-pagina-10-periodico-regional-pasto.jpg","contentUrl":"https:\/\/pagina10.com\/web\/wp-content\/uploads\/2024\/01\/40-pagina-10-periodico-regional-pasto.jpg","width":1280,"height":720,"caption":"P\u00e1gina10"},"image":{"@id":"https:\/\/pagina10.com\/web\/#\/schema\/logo\/image\/"},"sameAs":["https:\/\/www.facebook.com\/pag10com","https:\/\/x.com\/Pag10com","https:\/\/www.instagram.com\/pagina10col\/","https:\/\/youtube.com\/channel\/pag10","https:\/\/www.tiktok.com\/@p10col"]},{"@type":"Person","@id":"https:\/\/pagina10.com\/web\/#\/schema\/person\/b459e2d15ec5ba9d5a2c9a81c71c4f7b","name":"Carlos Villota Santacruz.","description":"Internacionalista-Comunicador Social y Periodista. Experto en Comunicaci\u00f3n para el desarrollo y ciudad-regi\u00f3n.. Promotor de proyectos e investigaci\u00f3n comunicativa en radio, prensa y televisi\u00f3n. Experiencia en el manejo de imagen externa, interna y protocolaria de entidades p\u00fablicas y privadas, encuentros culturales, empresariales y ambientales. Docente en el \u00e1rea de televisi\u00f3n, relaciones internacionales y bloques econ\u00f3micos. Experto y conferencista en temas de marketing pol\u00edtico, marketing de ciudad, integraci\u00f3n cultural, TLC y desarrollo urban\u00edstico. E-mail: villotasantacruzcarlos@yahoo.com.co","url":"https:\/\/pagina10.com\/web\/author\/cvillota\/"}]}},"_links":{"self":[{"href":"https:\/\/pagina10.com\/web\/wp-json\/wp\/v2\/posts\/18786","targetHints":{"allow":["GET"]}}],"collection":[{"href":"https:\/\/pagina10.com\/web\/wp-json\/wp\/v2\/posts"}],"about":[{"href":"https:\/\/pagina10.com\/web\/wp-json\/wp\/v2\/types\/post"}],"author":[{"embeddable":true,"href":"https:\/\/pagina10.com\/web\/wp-json\/wp\/v2\/users\/38"}],"replies":[{"embeddable":true,"href":"https:\/\/pagina10.com\/web\/wp-json\/wp\/v2\/comments?post=18786"}],"version-history":[{"count":0,"href":"https:\/\/pagina10.com\/web\/wp-json\/wp\/v2\/posts\/18786\/revisions"}],"wp:featuredmedia":[{"embeddable":true,"href":"https:\/\/pagina10.com\/web\/wp-json\/wp\/v2\/media\/18785"}],"wp:attachment":[{"href":"https:\/\/pagina10.com\/web\/wp-json\/wp\/v2\/media?parent=18786"}],"wp:term":[{"taxonomy":"category","embeddable":true,"href":"https:\/\/pagina10.com\/web\/wp-json\/wp\/v2\/categories?post=18786"},{"taxonomy":"post_tag","embeddable":true,"href":"https:\/\/pagina10.com\/web\/wp-json\/wp\/v2\/tags?post=18786"}],"curies":[{"name":"wp","href":"https:\/\/api.w.org\/{rel}","templated":true}]}}