{"id":18834,"date":"2015-12-07T15:04:17","date_gmt":"2015-12-07T15:04:17","guid":{"rendered":"https:\/\/pagina10.com\/web\/narino-nominado-al-premio-regalias-bien-invertidas\/"},"modified":"2015-12-07T15:04:17","modified_gmt":"2015-12-07T15:04:17","slug":"narino-nominado-al-premio-regalias-bien-invertidas","status":"publish","type":"post","link":"https:\/\/pagina10.com\/web\/narino-nominado-al-premio-regalias-bien-invertidas\/","title":{"rendered":"Nari\u00f1o nominado al premio \u201cRegal\u00edas Bien Invertidas\u201d"},"content":{"rendered":"<p><img fetchpriority=\"high\" decoding=\"async\" class=\" size-full wp-image-18833\" src=\"https:\/\/pagina10.com\/web\/wp-content\/uploads\/2015\/12\/d38e331bade5498ffd8fe91fceb523b4.jpg\" alt=\"\" width=\"960\" height=\"640\" srcset=\"https:\/\/pagina10.com\/web\/wp-content\/uploads\/2015\/12\/d38e331bade5498ffd8fe91fceb523b4.jpg 960w, https:\/\/pagina10.com\/web\/wp-content\/uploads\/2015\/12\/d38e331bade5498ffd8fe91fceb523b4-300x200.jpg 300w, https:\/\/pagina10.com\/web\/wp-content\/uploads\/2015\/12\/d38e331bade5498ffd8fe91fceb523b4-768x512.jpg 768w, https:\/\/pagina10.com\/web\/wp-content\/uploads\/2015\/12\/d38e331bade5498ffd8fe91fceb523b4-450x300.jpg 450w\" sizes=\"(max-width: 960px) 100vw, 960px\" \/><\/p>\n<div>\n<p style=\"text-align: justify;\">Por primera vez la eficiencia y la transparencia en el manejo de las regal\u00edas del pa\u00eds ser\u00e1 premiado, dentro de una estrategia propiciada por el Departamento Nacional de Planeaci\u00f3n, DNP, con la que se busca no s\u00f3lo reconocer y estimular el esfuerzo de los mejores alcaldes y gobernadores, sino tambi\u00e9n resaltar los proyectos que mayor impacto positivo tuvieron dentro de las comunidades.<\/p>\n<\/p><\/div>\n<p style=\"text-align: justify;\">Este reconocimiento se focaliza en los actuales mandatarios locales quienes durante su administraci\u00f3n, en los primeros 3 a\u00f1os de existencia del Sistema General de Regal\u00edas, se destacaron por la buena administraci\u00f3n de los recursos.<\/p>\n<p style=\"text-align: justify;\">Regal\u00edas Bien Invertidas es el nombre del reconocimiento a las buenas pr\u00e1cticas de las entidades territoriales en la priorizaci\u00f3n, ejecuci\u00f3n, gesti\u00f3n e impacto de los proyectos financiados con recursos del Sistema General de Regal\u00edas. La metodolog\u00eda utilizada fue dise\u00f1ada por los acad\u00e9micos de la faculta de Econom\u00eda de la Universidad del Rosario y establece tres categor\u00edas para municipios y departamentos, y prioriza el nivel de impacto de los proyectos seg\u00fan aspectos como equidad, participaci\u00f3n ciudadana, integraci\u00f3n regional y ciencia y tecnolog\u00eda.<\/p>\n<p style=\"text-align: justify;\">\u00bfQui\u00e9nes decidieron? Este ejercicio cont\u00f3 con la participaci\u00f3n de un jurado de alto nivel donde deliberaron para definir los proyectos ganadores el Programa de Naciones Unidas para el Desarrollo (Pnud), la Direcci\u00f3n de Regiones de Presidencia de la Rep\u00fablica, Transparencia por Colombia y la Universidad del Rosario. Y para definir las mejores entidades territoriales la Comisi\u00f3n Econ\u00f3mica para Am\u00e9rica Latina y el Caribe (Cepal), el Banco Mundial, el Consejo Privado de Competitividad, la Asociaci\u00f3n Colombiana del Petr\u00f3leo y la Fundaci\u00f3n Cerrej\u00f3n.&nbsp; Adicionalmente cont\u00f3 con otros aliados como Ecopetrol, para el reconocimiento de los proyectos; y las Federaciones de Departamentos y Municipios, la Fundaci\u00f3n Cerrej\u00f3n, la Asociaci\u00f3n Colombiana del Petr\u00f3leo, Portafolio y Caracol TV, para el reconocimiento a las entidades territoriales.<\/p>\n<p style=\"text-align: justify;\">Los nominados a \u201cRegal\u00edas Bien Invertidas\u201d<\/p>\n<p style=\"text-align: justify;\">\u2022Para la elecci\u00f3n de las entidades territoriales se cuenta con cinco nominados entre los 32 departamentos: Nari\u00f1o, Norte de Santander, Atl\u00e1ntico, Guain\u00eda y Antioquia.<\/p>\n<p style=\"text-align: justify;\">\u2022Y con tres municipios por cada una de las siguientes categor\u00edas seg\u00fan su desempe\u00f1o econ\u00f3mico, institucional, y ambiental lo mismo que con una mejor calidad de vida en su poblaci\u00f3n frente al promedio del pa\u00eds as\u00ed:<\/p>\n<p style=\"text-align: justify;\">-Con mayor desarrollo: En total se consideraron 39 municipios.<\/p>\n<p style=\"text-align: justify;\">Tulu\u00e1 \u2013 Valle del Cauca, Gachancip\u00e1 \u2013 Cundinamarca y Santa Marta \u2013 Magdalena<\/p>\n<p style=\"text-align: justify;\">-Con desarrollo intermedio: En total se consideraron 683 municipios.<\/p>\n<p style=\"text-align: justify;\">Belmira &#8211; Antioquia,&nbsp; Versalles \u2013 Valle del Cauca y San Pablo \u2013 Nari\u00f1o.<\/p>\n<p style=\"text-align: justify;\">-Con menor desarrollo: En total se consideraron 316 municipios.<\/p>\n<p style=\"text-align: justify;\">Coyaima &#8211; Tolima, Arcabuco \u2013 Boyac\u00e1 y Sora \u2013 Boyac\u00e1.<\/p>\n<p style=\"text-align: justify;\">\u2022 Para la elecci\u00f3n de los proyectos, las gobernaciones y las alcald\u00edas postularon 165 proyectos aprobados por valor de $728.118 millones en 28 departamentos.&nbsp; De estos fueron preseleccionados 47 proyectos y 17 fueron los nominados en las siguientes categor\u00edas.<\/p>\n<p style=\"text-align: justify;\">-Participaci\u00f3n de la sociedad civil: proyectos que en sus etapas de formulaci\u00f3n y ejecuci\u00f3n facilitaron la participaci\u00f3n de la comunidad beneficiaria y\/o grupos de inter\u00e9s.<\/p>\n<p style=\"text-align: justify;\">-Integraci\u00f3n regional: proyectos que demuestran la generaci\u00f3n de alianzas entre actores, entidades y organizaciones relevantes para maximizar resultados y dar sostenibilidad a las inversiones.&nbsp;<\/p>\n<p style=\"text-align: justify;\">-Equidad: proyectos que atienden territorios o grupos poblacionales con altos \u00edndices de pobreza, marginalidad o en condiciones especiales.<\/p>\n<p style=\"text-align: justify;\">-Innovaci\u00f3n: proyectos destacados por la generaci\u00f3n y aplicaci\u00f3n de nuevos conocimientos, para dar respuestas creativas y novedosas a las necesidades o problem\u00e1ticas identificadas.<\/p>\n<p style=\"text-align: justify;\">Detalle de los proyectos finalistas&nbsp;<br \/>&nbsp;<\/p>\n<table cellspacing=\"2\" cellpadding=\"2\" border=\"0\" align=\"center\">\n<tbody>\n<tr>\n<td width=\"86\" bgcolor=\"#ECE9D9\">\n<p align=\"center\">CATEGOR\u00cdA<\/p>\n<\/td>\n<td width=\"355\" bgcolor=\"#ECE9D9\">\n<p align=\"center\">NOMBRE PROYECTO<\/p>\n<\/td>\n<td width=\"95\" bgcolor=\"#ECE9D9\">\n<p align=\"center\">DEPARTAMENTO<\/p>\n<\/td>\n<td width=\"113\" bgcolor=\"#ECE9D9\">\n<p align=\"center\">ENTIDAD EJECUTORA<\/p>\n<\/td>\n<\/tr>\n<tr>\n<td width=\"86\" rowspan=\"4\">\n<p>Innovaci\u00f3n<\/p>\n<\/td>\n<td width=\"355\">\n<p align=\"center\">Implementaci\u00f3n del centro de pensamiento y gobernanza departamental de Bol\u00edvar<\/p>\n<\/td>\n<td width=\"95\">\n<p align=\"center\">Bolivar<\/p>\n<\/td>\n<td width=\"113\">\n<p align=\"center\">&nbsp;Departamento de Bolivar<\/p>\n<\/td>\n<\/tr>\n<tr>\n<td width=\"355\">\n<p align=\"center\">Investigaci\u00f3n alternativas para el uso de subproductos derivados de la agroindustria piscicola<\/p>\n<\/td>\n<td width=\"95\">\n<p align=\"center\">Cauca<\/p>\n<\/td>\n<td width=\"113\">\n<p align=\"center\">&nbsp;Universidad del Cauca<\/p>\n<\/td>\n<\/tr>\n<tr>\n<td width=\"355\">\n<p align=\"center\">Fortalecimiento proyecto Antioquia: origen de caf\u00e9s especiales en el departamento de Antioquia<\/p>\n<\/td>\n<td width=\"95\">\n<p align=\"center\">Antioquia<\/p>\n<\/td>\n<td width=\"113\">\n<p align=\"center\">&nbsp;Departamento de Antioquia<\/p>\n<\/td>\n<\/tr>\n<tr>\n<td width=\"355\">\n<p align=\"center\">Desarrollo y&nbsp; educaci\u00f3n digital para todos Cali, Valle del Cauca, occidente<\/p>\n<\/td>\n<td width=\"95\">\n<p align=\"center\">Valle del Cauca<\/p>\n<\/td>\n<td width=\"113\">\n<p align=\"center\">&nbsp;Municipio&nbsp; de Santiago&nbsp; de&nbsp; Cali<\/p>\n<\/td>\n<\/tr>\n<tr>\n<td width=\"86\" bgcolor=\"#F4F4F4\" rowspan=\"4\">\n<p>Equidad<\/p>\n<\/td>\n<td width=\"355\" bgcolor=\"#F4F4F4\">\n<p align=\"center\">Construcci\u00f3n de la memoria hist\u00f3rica de las mujeres v\u00edctimas del conflicto armado en los municipios el Carmen de Bol\u00edvar, Maria La Baja, San Juan Nepomuceno y Zambrano<\/p>\n<\/td>\n<td width=\"95\" bgcolor=\"#F4F4F4\">\n<p align=\"center\">Bolivar<\/p>\n<\/td>\n<td width=\"113\" bgcolor=\"#F4F4F4\">\n<p align=\"center\">&nbsp;Departamento de Bolivar<\/p>\n<\/td>\n<\/tr>\n<tr>\n<td width=\"355\" bgcolor=\"#F4F4F4\">\n<p align=\"center\"><span style=\"background-color: #ffff00;\">Construcci\u00f3n de placa huellas en los sectores rurales de Yapulquer y Chungana Cuaspud, Nari\u00f1o, occidente<\/span><\/p>\n<\/td>\n<td width=\"95\" bgcolor=\"#F4F4F4\">\n<p align=\"center\"><span style=\"background-color: #ffff00;\">Nari\u00f1o<\/span><\/p>\n<\/td>\n<td width=\"113\" bgcolor=\"#F4F4F4\">\n<p align=\"center\"><span style=\"background-color: #ffff00;\">&nbsp;Municipio de Cuaspud<\/span><\/p>\n<\/td>\n<\/tr>\n<tr>\n<td width=\"355\" bgcolor=\"#F4F4F4\">\n<p align=\"center\">Fortalecimiento al consejo comunitario de negritudes de ca\u00f1o bodegas del municipio de Yond\u00f3, Antioquia, occidente<\/p>\n<\/td>\n<td width=\"95\" bgcolor=\"#F4F4F4\">\n<p align=\"center\">Antioquia<\/p>\n<\/td>\n<td width=\"113\" bgcolor=\"#F4F4F4\">\n<p align=\"center\">&nbsp;Municipio de Yond\u00f3<\/p>\n<\/td>\n<\/tr>\n<tr>\n<td width=\"355\" bgcolor=\"#F4F4F4\">\n<p align=\"center\">Desarrollo humano integral y fortalecimiento microempresarial a trav\u00e9s del mejoramiento de las capacidades competencias y destrezas de la mujer en todo el departamento, Atl\u00e1ntico, Caribe<\/p>\n<\/td>\n<td width=\"95\" bgcolor=\"#F4F4F4\">\n<p align=\"center\">Atl\u00e1ntico<\/p>\n<\/td>\n<td width=\"113\" bgcolor=\"#F4F4F4\">\n<p align=\"center\">&nbsp;Departamento del Atl\u00e1ntico<\/p>\n<\/td>\n<\/tr>\n<tr>\n<td width=\"86\" rowspan=\"5\">\n<p>Integraci\u00f3n Regional<\/p>\n<\/td>\n<td width=\"355\">\n<p align=\"center\">Implementaci\u00f3n red de formaci\u00f3n del talento humano para la innovaci\u00f3n social y productiva en el departamento del cauca Popay\u00e1n, Cauca<\/p>\n<\/td>\n<td width=\"95\">\n<p align=\"center\">Cauca<\/p>\n<\/td>\n<td width=\"113\">\n<p align=\"center\">&nbsp;Universidad del Cauca<\/p>\n<\/td>\n<\/tr>\n<tr>\n<td width=\"355\">\n<p align=\"center\">Fortalecimiento de la caficultura caucana como una oportunidad en el pacto social a desarrollarse en 30 municipios cafeteros y con una cobertura total de 47.340 familia en tres l\u00edneas de acci\u00f3n<\/p>\n<\/td>\n<td width=\"95\">\n<p align=\"center\">Cauca<\/p>\n<\/td>\n<td width=\"113\">\n<p align=\"center\">&nbsp;Departamento del Cauca<\/p>\n<\/td>\n<\/tr>\n<tr>\n<td width=\"355\">\n<p align=\"center\">Implementaci\u00f3n de estrategias para la generaci\u00f3n de ingresos y empleo en el departamento de La Guajira, mediante el desarrollo econ\u00f3mico incluyente<\/p>\n<\/td>\n<td width=\"95\">\n<p align=\"center\">La Guajira<\/p>\n<\/td>\n<td width=\"113\">\n<p align=\"center\">&nbsp;Departamento de La Guajira<\/p>\n<\/td>\n<\/tr>\n<tr>\n<td width=\"355\">\n<p align=\"center\">Habilitaci\u00f3n de circuitos viales subregionales en Antioquia para potenciar la&nbsp; conectividad y accesibilidad del departamento occidente, Antioquia, todo el departamento<\/p>\n<\/td>\n<td width=\"95\">\n<p align=\"center\">Antioquia<\/p>\n<\/td>\n<td width=\"113\">\n<p align=\"center\">&nbsp;Departamento de Antioquia<\/p>\n<\/td>\n<\/tr>\n<tr>\n<td width=\"355\">\n<p align=\"center\">Innovaci\u00f3n en el modelo de gesti\u00f3n de medicamento en el departamento de Cundinamarca fase II<\/p>\n<\/td>\n<td width=\"95\">\n<p align=\"center\">Cundinamarca<\/p>\n<\/td>\n<td width=\"113\">\n<p align=\"center\">&nbsp;Departamento de Cundinamarca<\/p>\n<\/td>\n<\/tr>\n<tr>\n<td width=\"86\" bgcolor=\"#F4F4F4\" rowspan=\"4\">\n<p>Participaci\u00f3n<\/p>\n<\/td>\n<td width=\"355\" bgcolor=\"#F4F4F4\">\n<p align=\"center\">Fortalecimiento y apoyo&nbsp; a la participaci\u00f3n ciudadana a trav\u00e9s de procesos de capacitaci\u00f3n y la construcci\u00f3n de una caseta comunitaria concepci\u00f3n, Antioquia, occidente<\/p>\n<\/td>\n<td width=\"95\" bgcolor=\"#F4F4F4\">\n<p align=\"center\">Antioquia<\/p>\n<\/td>\n<td width=\"113\" bgcolor=\"#F4F4F4\">\n<p align=\"center\">&nbsp;Municipio de Concepci\u00f3n<\/p>\n<\/td>\n<\/tr>\n<tr>\n<td width=\"355\" bgcolor=\"#F4F4F4\">\n<p align=\"center\"><span style=\"background-color: #ffff00;\">Construcci\u00f3n de infraestructura para el mejoramiento de la formaci\u00f3n acad\u00e9mica, investigativa y de proyecci\u00f3n social de la extensi\u00f3n de T\u00faquerres de la Universidad de Nari\u00f1o<\/span><\/p>\n<\/td>\n<td width=\"95\" bgcolor=\"#F4F4F4\">\n<p align=\"center\"><span style=\"background-color: #ffff00;\">Nari\u00f1o<\/span><\/p>\n<\/td>\n<td width=\"113\" bgcolor=\"#F4F4F4\">\n<p align=\"center\"><span style=\"background-color: #ffff00;\">&nbsp;Departamento de Nari\u00f1o<\/span><\/p>\n<\/td>\n<\/tr>\n<tr>\n<td width=\"355\" bgcolor=\"#F4F4F4\">\n<p align=\"center\">Mejoramiento del equipamiento educativo y deportivo existente en la vereda carrizales occidente, Antioquia, retiro<\/p>\n<\/td>\n<td width=\"95\" bgcolor=\"#F4F4F4\">\n<p align=\"center\">Antioquia<\/p>\n<\/td>\n<td width=\"113\" bgcolor=\"#F4F4F4\">\n<p align=\"center\">&nbsp;Municipio&nbsp; El Retiro<\/p>\n<\/td>\n<\/tr>\n<tr>\n<td width=\"355\" bgcolor=\"#F4F4F4\">\n<p align=\"center\">Ampliaci\u00f3n y adecuaci\u00f3n de las instalaciones de centro d\u00eda en el municipio de Sop\u00f3, Cundinamarca, centro oriente<\/p>\n<\/td>\n<td width=\"95\" bgcolor=\"#F4F4F4\">\n<p align=\"center\">Cundinamarca<\/p>\n<\/td>\n<td width=\"113\" bgcolor=\"#F4F4F4\">\n<p align=\"center\">&nbsp;Municipio de Sop\u00f3<\/p>\n<\/td>\n<\/tr>\n<\/tbody>\n<\/table>\n<p style=\"text-align: justify;\"><a href=\"https:\/\/www.sgr.gov.co\/Portals\/0\/Blog\/Files\/1\/759\/Alcaldes,%20gobernadores%20y%20proyectos%20ser%C3%A1n%20premiados%20por%20el%20mejor%20uso%20de%20las%20regal%C3%ADas.pdf\">&nbsp;<\/a><\/p>\n","protected":false},"excerpt":{"rendered":"<p>Por primera vez la eficiencia y la transparencia en el manejo de las regal\u00edas del pa\u00eds ser\u00e1 premiado, dentro de una estrategia propiciada por el Departamento Nacional de Planeaci\u00f3n, DNP, con la que se busca no s\u00f3lo reconocer y estimular el esfuerzo de los mejores alcaldes y gobernadores, sino tambi\u00e9n resaltar los proyectos que mayor [&hellip;]<\/p>\n","protected":false},"author":29,"featured_media":18833,"comment_status":"open","ping_status":"open","sticky":false,"template":"","format":"standard","meta":{"footnotes":""},"categories":[1],"tags":[],"class_list":["post-18834","post","type-post","status-publish","format-standard","has-post-thumbnail","hentry","category-sin-categoria"],"yoast_head":"<!-- This site is optimized with the Yoast SEO plugin v27.1.1 - https:\/\/yoast.com\/product\/yoast-seo-wordpress\/ -->\n<title>Nari\u00f1o nominado al premio \u201cRegal\u00edas Bien Invertidas\u201d | P\u00e1gina10<\/title>\n<meta name=\"robots\" content=\"index, follow, max-snippet:-1, max-image-preview:large, max-video-preview:-1\" \/>\n<link rel=\"canonical\" href=\"https:\/\/pagina10.com\/web\/narino-nominado-al-premio-regalias-bien-invertidas\/\" \/>\n<meta property=\"og:locale\" content=\"es_ES\" \/>\n<meta property=\"og:type\" content=\"article\" \/>\n<meta property=\"og:title\" content=\"Nari\u00f1o nominado al premio \u201cRegal\u00edas Bien Invertidas\u201d | P\u00e1gina10\" \/>\n<meta property=\"og:description\" content=\"Por primera vez la eficiencia y la transparencia en el manejo de las regal\u00edas del pa\u00eds ser\u00e1 premiado, dentro de una estrategia propiciada por el Departamento Nacional de Planeaci\u00f3n, DNP, con la que se busca no s\u00f3lo reconocer y estimular el esfuerzo de los mejores alcaldes y gobernadores, sino tambi\u00e9n resaltar los proyectos que mayor [&hellip;]\" \/>\n<meta property=\"og:url\" content=\"https:\/\/pagina10.com\/web\/narino-nominado-al-premio-regalias-bien-invertidas\/\" \/>\n<meta property=\"og:site_name\" content=\"P\u00e1gina10\" \/>\n<meta property=\"article:publisher\" content=\"https:\/\/www.facebook.com\/pag10com\" \/>\n<meta property=\"article:published_time\" content=\"2015-12-07T15:04:17+00:00\" \/>\n<meta property=\"og:image\" content=\"https:\/\/pagina10.com\/web\/wp-content\/uploads\/2015\/12\/d38e331bade5498ffd8fe91fceb523b4.jpg\" \/>\n\t<meta property=\"og:image:width\" content=\"960\" \/>\n\t<meta property=\"og:image:height\" content=\"640\" \/>\n\t<meta property=\"og:image:type\" content=\"image\/jpeg\" \/>\n<meta name=\"author\" content=\"P\u00e1gina 10\" \/>\n<meta name=\"twitter:card\" content=\"summary_large_image\" \/>\n<meta name=\"twitter:creator\" content=\"@Pag10com\" \/>\n<meta name=\"twitter:site\" content=\"@Pag10com\" \/>\n<meta name=\"twitter:label1\" content=\"Escrito por\" \/>\n\t<meta name=\"twitter:data1\" content=\"P\u00e1gina 10\" \/>\n\t<meta name=\"twitter:label2\" content=\"Tiempo de lectura\" \/>\n\t<meta name=\"twitter:data2\" content=\"5 minutos\" \/>\n<script type=\"application\/ld+json\" class=\"yoast-schema-graph\">{\"@context\":\"https:\/\/schema.org\",\"@graph\":[{\"@type\":\"Article\",\"@id\":\"https:\/\/pagina10.com\/web\/narino-nominado-al-premio-regalias-bien-invertidas\/#article\",\"isPartOf\":{\"@id\":\"https:\/\/pagina10.com\/web\/narino-nominado-al-premio-regalias-bien-invertidas\/\"},\"author\":{\"name\":\"P\u00e1gina 10\",\"@id\":\"https:\/\/pagina10.com\/web\/#\/schema\/person\/a7a5d38f0629dfc107f619fbae4f6cc3\"},\"headline\":\"Nari\u00f1o nominado al premio \u201cRegal\u00edas Bien Invertidas\u201d\",\"datePublished\":\"2015-12-07T15:04:17+00:00\",\"mainEntityOfPage\":{\"@id\":\"https:\/\/pagina10.com\/web\/narino-nominado-al-premio-regalias-bien-invertidas\/\"},\"wordCount\":1095,\"commentCount\":0,\"publisher\":{\"@id\":\"https:\/\/pagina10.com\/web\/#organization\"},\"image\":{\"@id\":\"https:\/\/pagina10.com\/web\/narino-nominado-al-premio-regalias-bien-invertidas\/#primaryimage\"},\"thumbnailUrl\":\"https:\/\/pagina10.com\/web\/wp-content\/uploads\/2015\/12\/d38e331bade5498ffd8fe91fceb523b4.jpg\",\"inLanguage\":\"es\",\"potentialAction\":[{\"@type\":\"CommentAction\",\"name\":\"Comment\",\"target\":[\"https:\/\/pagina10.com\/web\/narino-nominado-al-premio-regalias-bien-invertidas\/#respond\"]}]},{\"@type\":\"WebPage\",\"@id\":\"https:\/\/pagina10.com\/web\/narino-nominado-al-premio-regalias-bien-invertidas\/\",\"url\":\"https:\/\/pagina10.com\/web\/narino-nominado-al-premio-regalias-bien-invertidas\/\",\"name\":\"Nari\u00f1o nominado al premio \u201cRegal\u00edas Bien Invertidas\u201d | P\u00e1gina10\",\"isPartOf\":{\"@id\":\"https:\/\/pagina10.com\/web\/#website\"},\"primaryImageOfPage\":{\"@id\":\"https:\/\/pagina10.com\/web\/narino-nominado-al-premio-regalias-bien-invertidas\/#primaryimage\"},\"image\":{\"@id\":\"https:\/\/pagina10.com\/web\/narino-nominado-al-premio-regalias-bien-invertidas\/#primaryimage\"},\"thumbnailUrl\":\"https:\/\/pagina10.com\/web\/wp-content\/uploads\/2015\/12\/d38e331bade5498ffd8fe91fceb523b4.jpg\",\"datePublished\":\"2015-12-07T15:04:17+00:00\",\"breadcrumb\":{\"@id\":\"https:\/\/pagina10.com\/web\/narino-nominado-al-premio-regalias-bien-invertidas\/#breadcrumb\"},\"inLanguage\":\"es\",\"potentialAction\":[{\"@type\":\"ReadAction\",\"target\":[\"https:\/\/pagina10.com\/web\/narino-nominado-al-premio-regalias-bien-invertidas\/\"]}]},{\"@type\":\"ImageObject\",\"inLanguage\":\"es\",\"@id\":\"https:\/\/pagina10.com\/web\/narino-nominado-al-premio-regalias-bien-invertidas\/#primaryimage\",\"url\":\"https:\/\/pagina10.com\/web\/wp-content\/uploads\/2015\/12\/d38e331bade5498ffd8fe91fceb523b4.jpg\",\"contentUrl\":\"https:\/\/pagina10.com\/web\/wp-content\/uploads\/2015\/12\/d38e331bade5498ffd8fe91fceb523b4.jpg\",\"width\":960,\"height\":640},{\"@type\":\"BreadcrumbList\",\"@id\":\"https:\/\/pagina10.com\/web\/narino-nominado-al-premio-regalias-bien-invertidas\/#breadcrumb\",\"itemListElement\":[{\"@type\":\"ListItem\",\"position\":1,\"name\":\"Portada\",\"item\":\"https:\/\/pagina10.com\/web\/\"},{\"@type\":\"ListItem\",\"position\":2,\"name\":\"Nari\u00f1o nominado al premio \u201cRegal\u00edas Bien Invertidas\u201d\"}]},{\"@type\":\"WebSite\",\"@id\":\"https:\/\/pagina10.com\/web\/#website\",\"url\":\"https:\/\/pagina10.com\/web\/\",\"name\":\"P\u00e1gina10\",\"description\":\"Peri\u00f3dico Regional\",\"publisher\":{\"@id\":\"https:\/\/pagina10.com\/web\/#organization\"},\"alternateName\":\"P\u00e1gina10 Peri\u00f3dico Regional\",\"potentialAction\":[{\"@type\":\"SearchAction\",\"target\":{\"@type\":\"EntryPoint\",\"urlTemplate\":\"https:\/\/pagina10.com\/web\/?s={search_term_string}\"},\"query-input\":{\"@type\":\"PropertyValueSpecification\",\"valueRequired\":true,\"valueName\":\"search_term_string\"}}],\"inLanguage\":\"es\"},{\"@type\":\"Organization\",\"@id\":\"https:\/\/pagina10.com\/web\/#organization\",\"name\":\"P\u00e1gina10\",\"alternateName\":\"P\u00e1gina10 Peri\u00f3dico Regional\",\"url\":\"https:\/\/pagina10.com\/web\/\",\"logo\":{\"@type\":\"ImageObject\",\"inLanguage\":\"es\",\"@id\":\"https:\/\/pagina10.com\/web\/#\/schema\/logo\/image\/\",\"url\":\"https:\/\/pagina10.com\/web\/wp-content\/uploads\/2024\/01\/40-pagina-10-periodico-regional-pasto.jpg\",\"contentUrl\":\"https:\/\/pagina10.com\/web\/wp-content\/uploads\/2024\/01\/40-pagina-10-periodico-regional-pasto.jpg\",\"width\":1280,\"height\":720,\"caption\":\"P\u00e1gina10\"},\"image\":{\"@id\":\"https:\/\/pagina10.com\/web\/#\/schema\/logo\/image\/\"},\"sameAs\":[\"https:\/\/www.facebook.com\/pag10com\",\"https:\/\/x.com\/Pag10com\",\"https:\/\/www.instagram.com\/pagina10col\/\",\"https:\/\/youtube.com\/channel\/pag10\",\"https:\/\/www.tiktok.com\/@p10col\"]},{\"@type\":\"Person\",\"@id\":\"https:\/\/pagina10.com\/web\/#\/schema\/person\/a7a5d38f0629dfc107f619fbae4f6cc3\",\"name\":\"P\u00e1gina 10\",\"description\":\"P\u00e1gina10.com es un peri\u00f3dico digital que nace en Colombia, en el departamento de Nari\u00f1o, con un enfoque global, fundamentado en cuatro pilares esenciales: la libertad, el pluralismo, la inclusi\u00f3n y la independencia. P\u00e1gina10.com hace referencia a Nari\u00f1o como el d\u00e9cimo departamento creado en Colombia, despu\u00e9s de un proceso pol\u00edtico liderado por actores y actrices regionales con el fin de obtener la independencia y autonom\u00eda de nuestros territorios. Con la creaci\u00f3n de P\u00e1gina10.com se pretende abrir un escenario para el dialogo, la reflexi\u00f3n y el debate que se extienda a otras geograf\u00edas de Am\u00e9rica Latina y del planeta, en una apuesta por transformar colectivamente los desaf\u00edos de un mundo contempor\u00e1neo, m\u00e1s all\u00e1 de las fronteras impuestas.\",\"url\":\"https:\/\/pagina10.com\/web\/author\/mcepeda\/\"}]}<\/script>\n<!-- \/ Yoast SEO plugin. -->","yoast_head_json":{"title":"Nari\u00f1o nominado al premio \u201cRegal\u00edas Bien Invertidas\u201d | P\u00e1gina10","robots":{"index":"index","follow":"follow","max-snippet":"max-snippet:-1","max-image-preview":"max-image-preview:large","max-video-preview":"max-video-preview:-1"},"canonical":"https:\/\/pagina10.com\/web\/narino-nominado-al-premio-regalias-bien-invertidas\/","og_locale":"es_ES","og_type":"article","og_title":"Nari\u00f1o nominado al premio \u201cRegal\u00edas Bien Invertidas\u201d | P\u00e1gina10","og_description":"Por primera vez la eficiencia y la transparencia en el manejo de las regal\u00edas del pa\u00eds ser\u00e1 premiado, dentro de una estrategia propiciada por el Departamento Nacional de Planeaci\u00f3n, DNP, con la que se busca no s\u00f3lo reconocer y estimular el esfuerzo de los mejores alcaldes y gobernadores, sino tambi\u00e9n resaltar los proyectos que mayor [&hellip;]","og_url":"https:\/\/pagina10.com\/web\/narino-nominado-al-premio-regalias-bien-invertidas\/","og_site_name":"P\u00e1gina10","article_publisher":"https:\/\/www.facebook.com\/pag10com","article_published_time":"2015-12-07T15:04:17+00:00","og_image":[{"width":960,"height":640,"url":"https:\/\/pagina10.com\/web\/wp-content\/uploads\/2015\/12\/d38e331bade5498ffd8fe91fceb523b4.jpg","type":"image\/jpeg"}],"author":"P\u00e1gina 10","twitter_card":"summary_large_image","twitter_creator":"@Pag10com","twitter_site":"@Pag10com","twitter_misc":{"Escrito por":"P\u00e1gina 10","Tiempo de lectura":"5 minutos"},"schema":{"@context":"https:\/\/schema.org","@graph":[{"@type":"Article","@id":"https:\/\/pagina10.com\/web\/narino-nominado-al-premio-regalias-bien-invertidas\/#article","isPartOf":{"@id":"https:\/\/pagina10.com\/web\/narino-nominado-al-premio-regalias-bien-invertidas\/"},"author":{"name":"P\u00e1gina 10","@id":"https:\/\/pagina10.com\/web\/#\/schema\/person\/a7a5d38f0629dfc107f619fbae4f6cc3"},"headline":"Nari\u00f1o nominado al premio \u201cRegal\u00edas Bien Invertidas\u201d","datePublished":"2015-12-07T15:04:17+00:00","mainEntityOfPage":{"@id":"https:\/\/pagina10.com\/web\/narino-nominado-al-premio-regalias-bien-invertidas\/"},"wordCount":1095,"commentCount":0,"publisher":{"@id":"https:\/\/pagina10.com\/web\/#organization"},"image":{"@id":"https:\/\/pagina10.com\/web\/narino-nominado-al-premio-regalias-bien-invertidas\/#primaryimage"},"thumbnailUrl":"https:\/\/pagina10.com\/web\/wp-content\/uploads\/2015\/12\/d38e331bade5498ffd8fe91fceb523b4.jpg","inLanguage":"es","potentialAction":[{"@type":"CommentAction","name":"Comment","target":["https:\/\/pagina10.com\/web\/narino-nominado-al-premio-regalias-bien-invertidas\/#respond"]}]},{"@type":"WebPage","@id":"https:\/\/pagina10.com\/web\/narino-nominado-al-premio-regalias-bien-invertidas\/","url":"https:\/\/pagina10.com\/web\/narino-nominado-al-premio-regalias-bien-invertidas\/","name":"Nari\u00f1o nominado al premio \u201cRegal\u00edas Bien Invertidas\u201d | P\u00e1gina10","isPartOf":{"@id":"https:\/\/pagina10.com\/web\/#website"},"primaryImageOfPage":{"@id":"https:\/\/pagina10.com\/web\/narino-nominado-al-premio-regalias-bien-invertidas\/#primaryimage"},"image":{"@id":"https:\/\/pagina10.com\/web\/narino-nominado-al-premio-regalias-bien-invertidas\/#primaryimage"},"thumbnailUrl":"https:\/\/pagina10.com\/web\/wp-content\/uploads\/2015\/12\/d38e331bade5498ffd8fe91fceb523b4.jpg","datePublished":"2015-12-07T15:04:17+00:00","breadcrumb":{"@id":"https:\/\/pagina10.com\/web\/narino-nominado-al-premio-regalias-bien-invertidas\/#breadcrumb"},"inLanguage":"es","potentialAction":[{"@type":"ReadAction","target":["https:\/\/pagina10.com\/web\/narino-nominado-al-premio-regalias-bien-invertidas\/"]}]},{"@type":"ImageObject","inLanguage":"es","@id":"https:\/\/pagina10.com\/web\/narino-nominado-al-premio-regalias-bien-invertidas\/#primaryimage","url":"https:\/\/pagina10.com\/web\/wp-content\/uploads\/2015\/12\/d38e331bade5498ffd8fe91fceb523b4.jpg","contentUrl":"https:\/\/pagina10.com\/web\/wp-content\/uploads\/2015\/12\/d38e331bade5498ffd8fe91fceb523b4.jpg","width":960,"height":640},{"@type":"BreadcrumbList","@id":"https:\/\/pagina10.com\/web\/narino-nominado-al-premio-regalias-bien-invertidas\/#breadcrumb","itemListElement":[{"@type":"ListItem","position":1,"name":"Portada","item":"https:\/\/pagina10.com\/web\/"},{"@type":"ListItem","position":2,"name":"Nari\u00f1o nominado al premio \u201cRegal\u00edas Bien Invertidas\u201d"}]},{"@type":"WebSite","@id":"https:\/\/pagina10.com\/web\/#website","url":"https:\/\/pagina10.com\/web\/","name":"P\u00e1gina10","description":"Peri\u00f3dico Regional","publisher":{"@id":"https:\/\/pagina10.com\/web\/#organization"},"alternateName":"P\u00e1gina10 Peri\u00f3dico Regional","potentialAction":[{"@type":"SearchAction","target":{"@type":"EntryPoint","urlTemplate":"https:\/\/pagina10.com\/web\/?s={search_term_string}"},"query-input":{"@type":"PropertyValueSpecification","valueRequired":true,"valueName":"search_term_string"}}],"inLanguage":"es"},{"@type":"Organization","@id":"https:\/\/pagina10.com\/web\/#organization","name":"P\u00e1gina10","alternateName":"P\u00e1gina10 Peri\u00f3dico Regional","url":"https:\/\/pagina10.com\/web\/","logo":{"@type":"ImageObject","inLanguage":"es","@id":"https:\/\/pagina10.com\/web\/#\/schema\/logo\/image\/","url":"https:\/\/pagina10.com\/web\/wp-content\/uploads\/2024\/01\/40-pagina-10-periodico-regional-pasto.jpg","contentUrl":"https:\/\/pagina10.com\/web\/wp-content\/uploads\/2024\/01\/40-pagina-10-periodico-regional-pasto.jpg","width":1280,"height":720,"caption":"P\u00e1gina10"},"image":{"@id":"https:\/\/pagina10.com\/web\/#\/schema\/logo\/image\/"},"sameAs":["https:\/\/www.facebook.com\/pag10com","https:\/\/x.com\/Pag10com","https:\/\/www.instagram.com\/pagina10col\/","https:\/\/youtube.com\/channel\/pag10","https:\/\/www.tiktok.com\/@p10col"]},{"@type":"Person","@id":"https:\/\/pagina10.com\/web\/#\/schema\/person\/a7a5d38f0629dfc107f619fbae4f6cc3","name":"P\u00e1gina 10","description":"P\u00e1gina10.com es un peri\u00f3dico digital que nace en Colombia, en el departamento de Nari\u00f1o, con un enfoque global, fundamentado en cuatro pilares esenciales: la libertad, el pluralismo, la inclusi\u00f3n y la independencia. P\u00e1gina10.com hace referencia a Nari\u00f1o como el d\u00e9cimo departamento creado en Colombia, despu\u00e9s de un proceso pol\u00edtico liderado por actores y actrices regionales con el fin de obtener la independencia y autonom\u00eda de nuestros territorios. Con la creaci\u00f3n de P\u00e1gina10.com se pretende abrir un escenario para el dialogo, la reflexi\u00f3n y el debate que se extienda a otras geograf\u00edas de Am\u00e9rica Latina y del planeta, en una apuesta por transformar colectivamente los desaf\u00edos de un mundo contempor\u00e1neo, m\u00e1s all\u00e1 de las fronteras impuestas.","url":"https:\/\/pagina10.com\/web\/author\/mcepeda\/"}]}},"_links":{"self":[{"href":"https:\/\/pagina10.com\/web\/wp-json\/wp\/v2\/posts\/18834","targetHints":{"allow":["GET"]}}],"collection":[{"href":"https:\/\/pagina10.com\/web\/wp-json\/wp\/v2\/posts"}],"about":[{"href":"https:\/\/pagina10.com\/web\/wp-json\/wp\/v2\/types\/post"}],"author":[{"embeddable":true,"href":"https:\/\/pagina10.com\/web\/wp-json\/wp\/v2\/users\/29"}],"replies":[{"embeddable":true,"href":"https:\/\/pagina10.com\/web\/wp-json\/wp\/v2\/comments?post=18834"}],"version-history":[{"count":0,"href":"https:\/\/pagina10.com\/web\/wp-json\/wp\/v2\/posts\/18834\/revisions"}],"wp:featuredmedia":[{"embeddable":true,"href":"https:\/\/pagina10.com\/web\/wp-json\/wp\/v2\/media\/18833"}],"wp:attachment":[{"href":"https:\/\/pagina10.com\/web\/wp-json\/wp\/v2\/media?parent=18834"}],"wp:term":[{"taxonomy":"category","embeddable":true,"href":"https:\/\/pagina10.com\/web\/wp-json\/wp\/v2\/categories?post=18834"},{"taxonomy":"post_tag","embeddable":true,"href":"https:\/\/pagina10.com\/web\/wp-json\/wp\/v2\/tags?post=18834"}],"curies":[{"name":"wp","href":"https:\/\/api.w.org\/{rel}","templated":true}]}}