{"id":18842,"date":"2015-12-09T01:12:26","date_gmt":"2015-12-09T01:12:26","guid":{"rendered":"https:\/\/pagina10.com\/web\/concierto-de-cuerdas-red-de-escuelas-de-formacion-musical\/"},"modified":"2015-12-09T01:12:26","modified_gmt":"2015-12-09T01:12:26","slug":"concierto-de-cuerdas-red-de-escuelas-de-formacion-musical","status":"publish","type":"post","link":"https:\/\/pagina10.com\/web\/concierto-de-cuerdas-red-de-escuelas-de-formacion-musical\/","title":{"rendered":"Concierto de cuerdas Red de Escuelas de Formaci\u00f3n Musical"},"content":{"rendered":"<p><img fetchpriority=\"high\" decoding=\"async\" class=\" size-full wp-image-18841\" src=\"https:\/\/pagina10.com\/web\/wp-content\/uploads\/2015\/12\/a6f0933febdd8e96de063a2715590844.jpg\" alt=\"\" width=\"960\" height=\"639\" srcset=\"https:\/\/pagina10.com\/web\/wp-content\/uploads\/2015\/12\/a6f0933febdd8e96de063a2715590844.jpg 960w, https:\/\/pagina10.com\/web\/wp-content\/uploads\/2015\/12\/a6f0933febdd8e96de063a2715590844-300x200.jpg 300w, https:\/\/pagina10.com\/web\/wp-content\/uploads\/2015\/12\/a6f0933febdd8e96de063a2715590844-768x511.jpg 768w, https:\/\/pagina10.com\/web\/wp-content\/uploads\/2015\/12\/a6f0933febdd8e96de063a2715590844-450x300.jpg 450w\" sizes=\"(max-width: 960px) 100vw, 960px\" \/><\/p>\n<p style=\"text-align: justify;\">La Red de Escuelas de Formaci\u00f3n Musical llevar\u00e1 a cabo este mi\u00e9rcoles 09 de diciembre en el Teatro Imperial, un concierto gratuito de cuerdas en el que participar\u00e1n los ni\u00f1os y ni\u00f1as que hacen parte de las sedes IEM Villa Flor II, Ciudad de Pasto y Tamasagra.<\/p>\n<p style=\"text-align: justify;\">En el evento tambi\u00e9n se presentar\u00e1n los integrantes de la Banda Sinf\u00f3nica de la Red que representar\u00e1n al Departamento de Nari\u00f1o en el Encuentro de Procesos Musicales que se realizar\u00e1 en Popay\u00e1n el 17 y 18 de diciembre de 2015.<\/p>\n<p style=\"text-align: justify;\">Las personas que deseen asistir deben donar elementos de aseo personal los cuales ser\u00e1n entregados a los adultos mayores de la Fundaci\u00f3n Amparo San Jos\u00e9.<\/p>\n","protected":false},"excerpt":{"rendered":"<p>La Red de Escuelas de Formaci\u00f3n Musical llevar\u00e1 a cabo este mi\u00e9rcoles 09 de diciembre en el Teatro Imperial, un concierto gratuito de cuerdas en el que participar\u00e1n los ni\u00f1os y ni\u00f1as que hacen parte de las sedes IEM Villa Flor II, Ciudad de Pasto y Tamasagra. En el evento tambi\u00e9n se presentar\u00e1n los integrantes [&hellip;]<\/p>\n","protected":false},"author":29,"featured_media":18841,"comment_status":"open","ping_status":"open","sticky":false,"template":"","format":"standard","meta":{"footnotes":""},"categories":[1],"tags":[],"class_list":["post-18842","post","type-post","status-publish","format-standard","has-post-thumbnail","hentry","category-sin-categoria"],"yoast_head":"<!-- This site is optimized with the Yoast SEO plugin v27.1.1 - https:\/\/yoast.com\/product\/yoast-seo-wordpress\/ -->\n<title>Concierto de cuerdas Red de Escuelas de Formaci\u00f3n Musical | P\u00e1gina10<\/title>\n<meta name=\"robots\" content=\"index, follow, max-snippet:-1, max-image-preview:large, max-video-preview:-1\" \/>\n<link rel=\"canonical\" href=\"https:\/\/pagina10.com\/web\/concierto-de-cuerdas-red-de-escuelas-de-formacion-musical\/\" \/>\n<meta property=\"og:locale\" content=\"es_ES\" \/>\n<meta property=\"og:type\" content=\"article\" \/>\n<meta property=\"og:title\" content=\"Concierto de cuerdas Red de Escuelas de Formaci\u00f3n Musical | P\u00e1gina10\" \/>\n<meta property=\"og:description\" content=\"La Red de Escuelas de Formaci\u00f3n Musical llevar\u00e1 a cabo este mi\u00e9rcoles 09 de diciembre en el Teatro Imperial, un concierto gratuito de cuerdas en el que participar\u00e1n los ni\u00f1os y ni\u00f1as que hacen parte de las sedes IEM Villa Flor II, Ciudad de Pasto y Tamasagra. En el evento tambi\u00e9n se presentar\u00e1n los integrantes [&hellip;]\" \/>\n<meta property=\"og:url\" content=\"https:\/\/pagina10.com\/web\/concierto-de-cuerdas-red-de-escuelas-de-formacion-musical\/\" \/>\n<meta property=\"og:site_name\" content=\"P\u00e1gina10\" \/>\n<meta property=\"article:publisher\" content=\"https:\/\/www.facebook.com\/pag10com\" \/>\n<meta property=\"article:published_time\" content=\"2015-12-09T01:12:26+00:00\" \/>\n<meta property=\"og:image\" content=\"https:\/\/pagina10.com\/web\/wp-content\/uploads\/2015\/12\/a6f0933febdd8e96de063a2715590844.jpg\" \/>\n\t<meta property=\"og:image:width\" content=\"960\" \/>\n\t<meta property=\"og:image:height\" content=\"639\" \/>\n\t<meta property=\"og:image:type\" content=\"image\/jpeg\" \/>\n<meta name=\"author\" content=\"P\u00e1gina 10\" \/>\n<meta name=\"twitter:card\" content=\"summary_large_image\" \/>\n<meta name=\"twitter:creator\" content=\"@Pag10com\" \/>\n<meta name=\"twitter:site\" content=\"@Pag10com\" \/>\n<meta name=\"twitter:label1\" content=\"Escrito por\" \/>\n\t<meta name=\"twitter:data1\" content=\"P\u00e1gina 10\" \/>\n\t<meta name=\"twitter:label2\" content=\"Tiempo de lectura\" \/>\n\t<meta name=\"twitter:data2\" content=\"1 minuto\" \/>\n<script type=\"application\/ld+json\" class=\"yoast-schema-graph\">{\"@context\":\"https:\/\/schema.org\",\"@graph\":[{\"@type\":\"Article\",\"@id\":\"https:\/\/pagina10.com\/web\/concierto-de-cuerdas-red-de-escuelas-de-formacion-musical\/#article\",\"isPartOf\":{\"@id\":\"https:\/\/pagina10.com\/web\/concierto-de-cuerdas-red-de-escuelas-de-formacion-musical\/\"},\"author\":{\"name\":\"P\u00e1gina 10\",\"@id\":\"https:\/\/pagina10.com\/web\/#\/schema\/person\/a7a5d38f0629dfc107f619fbae4f6cc3\"},\"headline\":\"Concierto de cuerdas Red de Escuelas de Formaci\u00f3n Musical\",\"datePublished\":\"2015-12-09T01:12:26+00:00\",\"mainEntityOfPage\":{\"@id\":\"https:\/\/pagina10.com\/web\/concierto-de-cuerdas-red-de-escuelas-de-formacion-musical\/\"},\"wordCount\":131,\"commentCount\":0,\"publisher\":{\"@id\":\"https:\/\/pagina10.com\/web\/#organization\"},\"image\":{\"@id\":\"https:\/\/pagina10.com\/web\/concierto-de-cuerdas-red-de-escuelas-de-formacion-musical\/#primaryimage\"},\"thumbnailUrl\":\"https:\/\/pagina10.com\/web\/wp-content\/uploads\/2015\/12\/a6f0933febdd8e96de063a2715590844.jpg\",\"inLanguage\":\"es\",\"potentialAction\":[{\"@type\":\"CommentAction\",\"name\":\"Comment\",\"target\":[\"https:\/\/pagina10.com\/web\/concierto-de-cuerdas-red-de-escuelas-de-formacion-musical\/#respond\"]}]},{\"@type\":\"WebPage\",\"@id\":\"https:\/\/pagina10.com\/web\/concierto-de-cuerdas-red-de-escuelas-de-formacion-musical\/\",\"url\":\"https:\/\/pagina10.com\/web\/concierto-de-cuerdas-red-de-escuelas-de-formacion-musical\/\",\"name\":\"Concierto de cuerdas Red de Escuelas de Formaci\u00f3n Musical | P\u00e1gina10\",\"isPartOf\":{\"@id\":\"https:\/\/pagina10.com\/web\/#website\"},\"primaryImageOfPage\":{\"@id\":\"https:\/\/pagina10.com\/web\/concierto-de-cuerdas-red-de-escuelas-de-formacion-musical\/#primaryimage\"},\"image\":{\"@id\":\"https:\/\/pagina10.com\/web\/concierto-de-cuerdas-red-de-escuelas-de-formacion-musical\/#primaryimage\"},\"thumbnailUrl\":\"https:\/\/pagina10.com\/web\/wp-content\/uploads\/2015\/12\/a6f0933febdd8e96de063a2715590844.jpg\",\"datePublished\":\"2015-12-09T01:12:26+00:00\",\"breadcrumb\":{\"@id\":\"https:\/\/pagina10.com\/web\/concierto-de-cuerdas-red-de-escuelas-de-formacion-musical\/#breadcrumb\"},\"inLanguage\":\"es\",\"potentialAction\":[{\"@type\":\"ReadAction\",\"target\":[\"https:\/\/pagina10.com\/web\/concierto-de-cuerdas-red-de-escuelas-de-formacion-musical\/\"]}]},{\"@type\":\"ImageObject\",\"inLanguage\":\"es\",\"@id\":\"https:\/\/pagina10.com\/web\/concierto-de-cuerdas-red-de-escuelas-de-formacion-musical\/#primaryimage\",\"url\":\"https:\/\/pagina10.com\/web\/wp-content\/uploads\/2015\/12\/a6f0933febdd8e96de063a2715590844.jpg\",\"contentUrl\":\"https:\/\/pagina10.com\/web\/wp-content\/uploads\/2015\/12\/a6f0933febdd8e96de063a2715590844.jpg\",\"width\":960,\"height\":639},{\"@type\":\"BreadcrumbList\",\"@id\":\"https:\/\/pagina10.com\/web\/concierto-de-cuerdas-red-de-escuelas-de-formacion-musical\/#breadcrumb\",\"itemListElement\":[{\"@type\":\"ListItem\",\"position\":1,\"name\":\"Portada\",\"item\":\"https:\/\/pagina10.com\/web\/\"},{\"@type\":\"ListItem\",\"position\":2,\"name\":\"Concierto de cuerdas Red de Escuelas de Formaci\u00f3n Musical\"}]},{\"@type\":\"WebSite\",\"@id\":\"https:\/\/pagina10.com\/web\/#website\",\"url\":\"https:\/\/pagina10.com\/web\/\",\"name\":\"P\u00e1gina10\",\"description\":\"Peri\u00f3dico Regional\",\"publisher\":{\"@id\":\"https:\/\/pagina10.com\/web\/#organization\"},\"alternateName\":\"P\u00e1gina10 Peri\u00f3dico Regional\",\"potentialAction\":[{\"@type\":\"SearchAction\",\"target\":{\"@type\":\"EntryPoint\",\"urlTemplate\":\"https:\/\/pagina10.com\/web\/?s={search_term_string}\"},\"query-input\":{\"@type\":\"PropertyValueSpecification\",\"valueRequired\":true,\"valueName\":\"search_term_string\"}}],\"inLanguage\":\"es\"},{\"@type\":\"Organization\",\"@id\":\"https:\/\/pagina10.com\/web\/#organization\",\"name\":\"P\u00e1gina10\",\"alternateName\":\"P\u00e1gina10 Peri\u00f3dico Regional\",\"url\":\"https:\/\/pagina10.com\/web\/\",\"logo\":{\"@type\":\"ImageObject\",\"inLanguage\":\"es\",\"@id\":\"https:\/\/pagina10.com\/web\/#\/schema\/logo\/image\/\",\"url\":\"https:\/\/pagina10.com\/web\/wp-content\/uploads\/2024\/01\/40-pagina-10-periodico-regional-pasto.jpg\",\"contentUrl\":\"https:\/\/pagina10.com\/web\/wp-content\/uploads\/2024\/01\/40-pagina-10-periodico-regional-pasto.jpg\",\"width\":1280,\"height\":720,\"caption\":\"P\u00e1gina10\"},\"image\":{\"@id\":\"https:\/\/pagina10.com\/web\/#\/schema\/logo\/image\/\"},\"sameAs\":[\"https:\/\/www.facebook.com\/pag10com\",\"https:\/\/x.com\/Pag10com\",\"https:\/\/www.instagram.com\/pagina10col\/\",\"https:\/\/youtube.com\/channel\/pag10\",\"https:\/\/www.tiktok.com\/@p10col\"]},{\"@type\":\"Person\",\"@id\":\"https:\/\/pagina10.com\/web\/#\/schema\/person\/a7a5d38f0629dfc107f619fbae4f6cc3\",\"name\":\"P\u00e1gina 10\",\"description\":\"P\u00e1gina10.com es un peri\u00f3dico digital que nace en Colombia, en el departamento de Nari\u00f1o, con un enfoque global, fundamentado en cuatro pilares esenciales: la libertad, el pluralismo, la inclusi\u00f3n y la independencia. P\u00e1gina10.com hace referencia a Nari\u00f1o como el d\u00e9cimo departamento creado en Colombia, despu\u00e9s de un proceso pol\u00edtico liderado por actores y actrices regionales con el fin de obtener la independencia y autonom\u00eda de nuestros territorios. Con la creaci\u00f3n de P\u00e1gina10.com se pretende abrir un escenario para el dialogo, la reflexi\u00f3n y el debate que se extienda a otras geograf\u00edas de Am\u00e9rica Latina y del planeta, en una apuesta por transformar colectivamente los desaf\u00edos de un mundo contempor\u00e1neo, m\u00e1s all\u00e1 de las fronteras impuestas.\",\"url\":\"https:\/\/pagina10.com\/web\/author\/mcepeda\/\"}]}<\/script>\n<!-- \/ Yoast SEO plugin. -->","yoast_head_json":{"title":"Concierto de cuerdas Red de Escuelas de Formaci\u00f3n Musical | P\u00e1gina10","robots":{"index":"index","follow":"follow","max-snippet":"max-snippet:-1","max-image-preview":"max-image-preview:large","max-video-preview":"max-video-preview:-1"},"canonical":"https:\/\/pagina10.com\/web\/concierto-de-cuerdas-red-de-escuelas-de-formacion-musical\/","og_locale":"es_ES","og_type":"article","og_title":"Concierto de cuerdas Red de Escuelas de Formaci\u00f3n Musical | P\u00e1gina10","og_description":"La Red de Escuelas de Formaci\u00f3n Musical llevar\u00e1 a cabo este mi\u00e9rcoles 09 de diciembre en el Teatro Imperial, un concierto gratuito de cuerdas en el que participar\u00e1n los ni\u00f1os y ni\u00f1as que hacen parte de las sedes IEM Villa Flor II, Ciudad de Pasto y Tamasagra. En el evento tambi\u00e9n se presentar\u00e1n los integrantes [&hellip;]","og_url":"https:\/\/pagina10.com\/web\/concierto-de-cuerdas-red-de-escuelas-de-formacion-musical\/","og_site_name":"P\u00e1gina10","article_publisher":"https:\/\/www.facebook.com\/pag10com","article_published_time":"2015-12-09T01:12:26+00:00","og_image":[{"width":960,"height":639,"url":"https:\/\/pagina10.com\/web\/wp-content\/uploads\/2015\/12\/a6f0933febdd8e96de063a2715590844.jpg","type":"image\/jpeg"}],"author":"P\u00e1gina 10","twitter_card":"summary_large_image","twitter_creator":"@Pag10com","twitter_site":"@Pag10com","twitter_misc":{"Escrito por":"P\u00e1gina 10","Tiempo de lectura":"1 minuto"},"schema":{"@context":"https:\/\/schema.org","@graph":[{"@type":"Article","@id":"https:\/\/pagina10.com\/web\/concierto-de-cuerdas-red-de-escuelas-de-formacion-musical\/#article","isPartOf":{"@id":"https:\/\/pagina10.com\/web\/concierto-de-cuerdas-red-de-escuelas-de-formacion-musical\/"},"author":{"name":"P\u00e1gina 10","@id":"https:\/\/pagina10.com\/web\/#\/schema\/person\/a7a5d38f0629dfc107f619fbae4f6cc3"},"headline":"Concierto de cuerdas Red de Escuelas de Formaci\u00f3n Musical","datePublished":"2015-12-09T01:12:26+00:00","mainEntityOfPage":{"@id":"https:\/\/pagina10.com\/web\/concierto-de-cuerdas-red-de-escuelas-de-formacion-musical\/"},"wordCount":131,"commentCount":0,"publisher":{"@id":"https:\/\/pagina10.com\/web\/#organization"},"image":{"@id":"https:\/\/pagina10.com\/web\/concierto-de-cuerdas-red-de-escuelas-de-formacion-musical\/#primaryimage"},"thumbnailUrl":"https:\/\/pagina10.com\/web\/wp-content\/uploads\/2015\/12\/a6f0933febdd8e96de063a2715590844.jpg","inLanguage":"es","potentialAction":[{"@type":"CommentAction","name":"Comment","target":["https:\/\/pagina10.com\/web\/concierto-de-cuerdas-red-de-escuelas-de-formacion-musical\/#respond"]}]},{"@type":"WebPage","@id":"https:\/\/pagina10.com\/web\/concierto-de-cuerdas-red-de-escuelas-de-formacion-musical\/","url":"https:\/\/pagina10.com\/web\/concierto-de-cuerdas-red-de-escuelas-de-formacion-musical\/","name":"Concierto de cuerdas Red de Escuelas de Formaci\u00f3n Musical | P\u00e1gina10","isPartOf":{"@id":"https:\/\/pagina10.com\/web\/#website"},"primaryImageOfPage":{"@id":"https:\/\/pagina10.com\/web\/concierto-de-cuerdas-red-de-escuelas-de-formacion-musical\/#primaryimage"},"image":{"@id":"https:\/\/pagina10.com\/web\/concierto-de-cuerdas-red-de-escuelas-de-formacion-musical\/#primaryimage"},"thumbnailUrl":"https:\/\/pagina10.com\/web\/wp-content\/uploads\/2015\/12\/a6f0933febdd8e96de063a2715590844.jpg","datePublished":"2015-12-09T01:12:26+00:00","breadcrumb":{"@id":"https:\/\/pagina10.com\/web\/concierto-de-cuerdas-red-de-escuelas-de-formacion-musical\/#breadcrumb"},"inLanguage":"es","potentialAction":[{"@type":"ReadAction","target":["https:\/\/pagina10.com\/web\/concierto-de-cuerdas-red-de-escuelas-de-formacion-musical\/"]}]},{"@type":"ImageObject","inLanguage":"es","@id":"https:\/\/pagina10.com\/web\/concierto-de-cuerdas-red-de-escuelas-de-formacion-musical\/#primaryimage","url":"https:\/\/pagina10.com\/web\/wp-content\/uploads\/2015\/12\/a6f0933febdd8e96de063a2715590844.jpg","contentUrl":"https:\/\/pagina10.com\/web\/wp-content\/uploads\/2015\/12\/a6f0933febdd8e96de063a2715590844.jpg","width":960,"height":639},{"@type":"BreadcrumbList","@id":"https:\/\/pagina10.com\/web\/concierto-de-cuerdas-red-de-escuelas-de-formacion-musical\/#breadcrumb","itemListElement":[{"@type":"ListItem","position":1,"name":"Portada","item":"https:\/\/pagina10.com\/web\/"},{"@type":"ListItem","position":2,"name":"Concierto de cuerdas Red de Escuelas de Formaci\u00f3n Musical"}]},{"@type":"WebSite","@id":"https:\/\/pagina10.com\/web\/#website","url":"https:\/\/pagina10.com\/web\/","name":"P\u00e1gina10","description":"Peri\u00f3dico Regional","publisher":{"@id":"https:\/\/pagina10.com\/web\/#organization"},"alternateName":"P\u00e1gina10 Peri\u00f3dico Regional","potentialAction":[{"@type":"SearchAction","target":{"@type":"EntryPoint","urlTemplate":"https:\/\/pagina10.com\/web\/?s={search_term_string}"},"query-input":{"@type":"PropertyValueSpecification","valueRequired":true,"valueName":"search_term_string"}}],"inLanguage":"es"},{"@type":"Organization","@id":"https:\/\/pagina10.com\/web\/#organization","name":"P\u00e1gina10","alternateName":"P\u00e1gina10 Peri\u00f3dico Regional","url":"https:\/\/pagina10.com\/web\/","logo":{"@type":"ImageObject","inLanguage":"es","@id":"https:\/\/pagina10.com\/web\/#\/schema\/logo\/image\/","url":"https:\/\/pagina10.com\/web\/wp-content\/uploads\/2024\/01\/40-pagina-10-periodico-regional-pasto.jpg","contentUrl":"https:\/\/pagina10.com\/web\/wp-content\/uploads\/2024\/01\/40-pagina-10-periodico-regional-pasto.jpg","width":1280,"height":720,"caption":"P\u00e1gina10"},"image":{"@id":"https:\/\/pagina10.com\/web\/#\/schema\/logo\/image\/"},"sameAs":["https:\/\/www.facebook.com\/pag10com","https:\/\/x.com\/Pag10com","https:\/\/www.instagram.com\/pagina10col\/","https:\/\/youtube.com\/channel\/pag10","https:\/\/www.tiktok.com\/@p10col"]},{"@type":"Person","@id":"https:\/\/pagina10.com\/web\/#\/schema\/person\/a7a5d38f0629dfc107f619fbae4f6cc3","name":"P\u00e1gina 10","description":"P\u00e1gina10.com es un peri\u00f3dico digital que nace en Colombia, en el departamento de Nari\u00f1o, con un enfoque global, fundamentado en cuatro pilares esenciales: la libertad, el pluralismo, la inclusi\u00f3n y la independencia. P\u00e1gina10.com hace referencia a Nari\u00f1o como el d\u00e9cimo departamento creado en Colombia, despu\u00e9s de un proceso pol\u00edtico liderado por actores y actrices regionales con el fin de obtener la independencia y autonom\u00eda de nuestros territorios. Con la creaci\u00f3n de P\u00e1gina10.com se pretende abrir un escenario para el dialogo, la reflexi\u00f3n y el debate que se extienda a otras geograf\u00edas de Am\u00e9rica Latina y del planeta, en una apuesta por transformar colectivamente los desaf\u00edos de un mundo contempor\u00e1neo, m\u00e1s all\u00e1 de las fronteras impuestas.","url":"https:\/\/pagina10.com\/web\/author\/mcepeda\/"}]}},"_links":{"self":[{"href":"https:\/\/pagina10.com\/web\/wp-json\/wp\/v2\/posts\/18842","targetHints":{"allow":["GET"]}}],"collection":[{"href":"https:\/\/pagina10.com\/web\/wp-json\/wp\/v2\/posts"}],"about":[{"href":"https:\/\/pagina10.com\/web\/wp-json\/wp\/v2\/types\/post"}],"author":[{"embeddable":true,"href":"https:\/\/pagina10.com\/web\/wp-json\/wp\/v2\/users\/29"}],"replies":[{"embeddable":true,"href":"https:\/\/pagina10.com\/web\/wp-json\/wp\/v2\/comments?post=18842"}],"version-history":[{"count":0,"href":"https:\/\/pagina10.com\/web\/wp-json\/wp\/v2\/posts\/18842\/revisions"}],"wp:featuredmedia":[{"embeddable":true,"href":"https:\/\/pagina10.com\/web\/wp-json\/wp\/v2\/media\/18841"}],"wp:attachment":[{"href":"https:\/\/pagina10.com\/web\/wp-json\/wp\/v2\/media?parent=18842"}],"wp:term":[{"taxonomy":"category","embeddable":true,"href":"https:\/\/pagina10.com\/web\/wp-json\/wp\/v2\/categories?post=18842"},{"taxonomy":"post_tag","embeddable":true,"href":"https:\/\/pagina10.com\/web\/wp-json\/wp\/v2\/tags?post=18842"}],"curies":[{"name":"wp","href":"https:\/\/api.w.org\/{rel}","templated":true}]}}