{"id":18844,"date":"2015-12-09T01:16:36","date_gmt":"2015-12-09T01:16:36","guid":{"rendered":"https:\/\/pagina10.com\/web\/secretaria-de-educacion-realizara-rendicion-de-cuentas-a-comunidad-educativa\/"},"modified":"2015-12-09T01:16:36","modified_gmt":"2015-12-09T01:16:36","slug":"secretaria-de-educacion-realizara-rendicion-de-cuentas-a-comunidad-educativa","status":"publish","type":"post","link":"https:\/\/pagina10.com\/web\/secretaria-de-educacion-realizara-rendicion-de-cuentas-a-comunidad-educativa\/","title":{"rendered":"Secretar\u00eda de Educaci\u00f3n realizar\u00e1 rendici\u00f3n de cuentas a comunidad educativa"},"content":{"rendered":"<p><img fetchpriority=\"high\" decoding=\"async\" class=\" size-full wp-image-18843\" src=\"https:\/\/pagina10.com\/web\/wp-content\/uploads\/2015\/12\/464901c3f498cf0567c51df128c63558.jpg\" alt=\"\" width=\"2048\" height=\"1215\" srcset=\"https:\/\/pagina10.com\/web\/wp-content\/uploads\/2015\/12\/464901c3f498cf0567c51df128c63558.jpg 2048w, https:\/\/pagina10.com\/web\/wp-content\/uploads\/2015\/12\/464901c3f498cf0567c51df128c63558-300x178.jpg 300w, https:\/\/pagina10.com\/web\/wp-content\/uploads\/2015\/12\/464901c3f498cf0567c51df128c63558-1024x608.jpg 1024w, https:\/\/pagina10.com\/web\/wp-content\/uploads\/2015\/12\/464901c3f498cf0567c51df128c63558-768x456.jpg 768w, https:\/\/pagina10.com\/web\/wp-content\/uploads\/2015\/12\/464901c3f498cf0567c51df128c63558-1536x911.jpg 1536w\" sizes=\"(max-width: 2048px) 100vw, 2048px\" \/><\/p>\n<p style=\"text-align: justify;\">Este mi\u00e9rcoles, 9 de diciembre, el Secretario de Educaci\u00f3n Departamental, \u00c1ngel Leonel Garc\u00eda Paredes, realizar\u00e1 un acto p\u00fablico de rendici\u00f3n de cuentas.<\/p>\n<p style=\"text-align: justify;\">Esta actividad busca que la comunidad educativa pueda conocer a profundidad los resultados de las acciones, proyectos, gestiones e inversiones realizadas durante los \u00faltimos cuatro a\u00f1os para mejorar la educaci\u00f3n en los 61 municipios no certificados del departamento de Nari\u00f1o.<\/p>\n<p style=\"text-align: justify;\">La rendici\u00f3n de cuentas se focalizar\u00e1 en aspectos como la cobertura educativa, calidad educativa, infraestructura, gestiones ante el Ministerio de Educaci\u00f3n y otras entidades nacionales e internacionales, gesti\u00f3n del talento humano, funcionamiento administrativo, entre otros.<\/p>\n<p style=\"text-align: justify;\">A este evento han sido invitados los rectores, docentes y todas aquellas personas que est\u00e9n interesadas en conocer los avances de la administraci\u00f3n saliente en el proposito de garantizar el derecho a la educaci\u00f3n de ni\u00f1os, j\u00f3venes y adultos.<\/p>\n<p style=\"text-align: justify;\">Durante la rendici\u00f3n de cuentas se habilitar\u00e1 el perfil institucional de facebook de la Secretar\u00eda de Educaci\u00f3n Departamental para que las personas puedan formular sus inquietudes durante el evento.<\/p>\n<p style=\"text-align: justify;\">Esta actividad se llevar\u00e1 a cabo el mi\u00e9rcoles, 9 de diciembre, en las instalaciones del Hotel Morasurco, a partir de las 9 de la ma\u00f1ana.<\/p>\n","protected":false},"excerpt":{"rendered":"<p>Este mi\u00e9rcoles, 9 de diciembre, el Secretario de Educaci\u00f3n Departamental, \u00c1ngel Leonel Garc\u00eda Paredes, realizar\u00e1 un acto p\u00fablico de rendici\u00f3n de cuentas. Esta actividad busca que la comunidad educativa pueda conocer a profundidad los resultados de las acciones, proyectos, gestiones e inversiones realizadas durante los \u00faltimos cuatro a\u00f1os para mejorar la educaci\u00f3n en los 61 [&hellip;]<\/p>\n","protected":false},"author":29,"featured_media":18843,"comment_status":"open","ping_status":"open","sticky":false,"template":"","format":"standard","meta":{"footnotes":""},"categories":[1],"tags":[],"class_list":["post-18844","post","type-post","status-publish","format-standard","has-post-thumbnail","hentry","category-sin-categoria"],"yoast_head":"<!-- This site is optimized with the Yoast SEO plugin v27.1.1 - https:\/\/yoast.com\/product\/yoast-seo-wordpress\/ -->\n<title>Secretar\u00eda de Educaci\u00f3n realizar\u00e1 rendici\u00f3n de cuentas a comunidad educativa | P\u00e1gina10<\/title>\n<meta name=\"robots\" content=\"index, follow, max-snippet:-1, max-image-preview:large, max-video-preview:-1\" \/>\n<link rel=\"canonical\" href=\"https:\/\/pagina10.com\/web\/secretaria-de-educacion-realizara-rendicion-de-cuentas-a-comunidad-educativa\/\" \/>\n<meta property=\"og:locale\" content=\"es_ES\" \/>\n<meta property=\"og:type\" content=\"article\" \/>\n<meta property=\"og:title\" content=\"Secretar\u00eda de Educaci\u00f3n realizar\u00e1 rendici\u00f3n de cuentas a comunidad educativa | P\u00e1gina10\" \/>\n<meta property=\"og:description\" content=\"Este mi\u00e9rcoles, 9 de diciembre, el Secretario de Educaci\u00f3n Departamental, \u00c1ngel Leonel Garc\u00eda Paredes, realizar\u00e1 un acto p\u00fablico de rendici\u00f3n de cuentas. Esta actividad busca que la comunidad educativa pueda conocer a profundidad los resultados de las acciones, proyectos, gestiones e inversiones realizadas durante los \u00faltimos cuatro a\u00f1os para mejorar la educaci\u00f3n en los 61 [&hellip;]\" \/>\n<meta property=\"og:url\" content=\"https:\/\/pagina10.com\/web\/secretaria-de-educacion-realizara-rendicion-de-cuentas-a-comunidad-educativa\/\" \/>\n<meta property=\"og:site_name\" content=\"P\u00e1gina10\" \/>\n<meta property=\"article:publisher\" content=\"https:\/\/www.facebook.com\/pag10com\" \/>\n<meta property=\"article:published_time\" content=\"2015-12-09T01:16:36+00:00\" \/>\n<meta property=\"og:image\" content=\"https:\/\/pagina10.com\/web\/wp-content\/uploads\/2015\/12\/464901c3f498cf0567c51df128c63558.jpg\" \/>\n\t<meta property=\"og:image:width\" content=\"2048\" \/>\n\t<meta property=\"og:image:height\" content=\"1215\" \/>\n\t<meta property=\"og:image:type\" content=\"image\/jpeg\" \/>\n<meta name=\"author\" content=\"P\u00e1gina 10\" \/>\n<meta name=\"twitter:card\" content=\"summary_large_image\" \/>\n<meta name=\"twitter:creator\" content=\"@Pag10com\" \/>\n<meta name=\"twitter:site\" content=\"@Pag10com\" \/>\n<meta name=\"twitter:label1\" content=\"Escrito por\" \/>\n\t<meta name=\"twitter:data1\" content=\"P\u00e1gina 10\" \/>\n\t<meta name=\"twitter:label2\" content=\"Tiempo de lectura\" \/>\n\t<meta name=\"twitter:data2\" content=\"1 minuto\" \/>\n<script type=\"application\/ld+json\" class=\"yoast-schema-graph\">{\"@context\":\"https:\/\/schema.org\",\"@graph\":[{\"@type\":\"Article\",\"@id\":\"https:\/\/pagina10.com\/web\/secretaria-de-educacion-realizara-rendicion-de-cuentas-a-comunidad-educativa\/#article\",\"isPartOf\":{\"@id\":\"https:\/\/pagina10.com\/web\/secretaria-de-educacion-realizara-rendicion-de-cuentas-a-comunidad-educativa\/\"},\"author\":{\"name\":\"P\u00e1gina 10\",\"@id\":\"https:\/\/pagina10.com\/web\/#\/schema\/person\/a7a5d38f0629dfc107f619fbae4f6cc3\"},\"headline\":\"Secretar\u00eda de Educaci\u00f3n realizar\u00e1 rendici\u00f3n de cuentas a comunidad educativa\",\"datePublished\":\"2015-12-09T01:16:36+00:00\",\"mainEntityOfPage\":{\"@id\":\"https:\/\/pagina10.com\/web\/secretaria-de-educacion-realizara-rendicion-de-cuentas-a-comunidad-educativa\/\"},\"wordCount\":220,\"commentCount\":0,\"publisher\":{\"@id\":\"https:\/\/pagina10.com\/web\/#organization\"},\"image\":{\"@id\":\"https:\/\/pagina10.com\/web\/secretaria-de-educacion-realizara-rendicion-de-cuentas-a-comunidad-educativa\/#primaryimage\"},\"thumbnailUrl\":\"https:\/\/pagina10.com\/web\/wp-content\/uploads\/2015\/12\/464901c3f498cf0567c51df128c63558.jpg\",\"inLanguage\":\"es\",\"potentialAction\":[{\"@type\":\"CommentAction\",\"name\":\"Comment\",\"target\":[\"https:\/\/pagina10.com\/web\/secretaria-de-educacion-realizara-rendicion-de-cuentas-a-comunidad-educativa\/#respond\"]}]},{\"@type\":\"WebPage\",\"@id\":\"https:\/\/pagina10.com\/web\/secretaria-de-educacion-realizara-rendicion-de-cuentas-a-comunidad-educativa\/\",\"url\":\"https:\/\/pagina10.com\/web\/secretaria-de-educacion-realizara-rendicion-de-cuentas-a-comunidad-educativa\/\",\"name\":\"Secretar\u00eda de Educaci\u00f3n realizar\u00e1 rendici\u00f3n de cuentas a comunidad educativa | P\u00e1gina10\",\"isPartOf\":{\"@id\":\"https:\/\/pagina10.com\/web\/#website\"},\"primaryImageOfPage\":{\"@id\":\"https:\/\/pagina10.com\/web\/secretaria-de-educacion-realizara-rendicion-de-cuentas-a-comunidad-educativa\/#primaryimage\"},\"image\":{\"@id\":\"https:\/\/pagina10.com\/web\/secretaria-de-educacion-realizara-rendicion-de-cuentas-a-comunidad-educativa\/#primaryimage\"},\"thumbnailUrl\":\"https:\/\/pagina10.com\/web\/wp-content\/uploads\/2015\/12\/464901c3f498cf0567c51df128c63558.jpg\",\"datePublished\":\"2015-12-09T01:16:36+00:00\",\"breadcrumb\":{\"@id\":\"https:\/\/pagina10.com\/web\/secretaria-de-educacion-realizara-rendicion-de-cuentas-a-comunidad-educativa\/#breadcrumb\"},\"inLanguage\":\"es\",\"potentialAction\":[{\"@type\":\"ReadAction\",\"target\":[\"https:\/\/pagina10.com\/web\/secretaria-de-educacion-realizara-rendicion-de-cuentas-a-comunidad-educativa\/\"]}]},{\"@type\":\"ImageObject\",\"inLanguage\":\"es\",\"@id\":\"https:\/\/pagina10.com\/web\/secretaria-de-educacion-realizara-rendicion-de-cuentas-a-comunidad-educativa\/#primaryimage\",\"url\":\"https:\/\/pagina10.com\/web\/wp-content\/uploads\/2015\/12\/464901c3f498cf0567c51df128c63558.jpg\",\"contentUrl\":\"https:\/\/pagina10.com\/web\/wp-content\/uploads\/2015\/12\/464901c3f498cf0567c51df128c63558.jpg\",\"width\":2048,\"height\":1215},{\"@type\":\"BreadcrumbList\",\"@id\":\"https:\/\/pagina10.com\/web\/secretaria-de-educacion-realizara-rendicion-de-cuentas-a-comunidad-educativa\/#breadcrumb\",\"itemListElement\":[{\"@type\":\"ListItem\",\"position\":1,\"name\":\"Portada\",\"item\":\"https:\/\/pagina10.com\/web\/\"},{\"@type\":\"ListItem\",\"position\":2,\"name\":\"Secretar\u00eda de Educaci\u00f3n realizar\u00e1 rendici\u00f3n de cuentas a comunidad educativa\"}]},{\"@type\":\"WebSite\",\"@id\":\"https:\/\/pagina10.com\/web\/#website\",\"url\":\"https:\/\/pagina10.com\/web\/\",\"name\":\"P\u00e1gina10\",\"description\":\"Peri\u00f3dico Regional\",\"publisher\":{\"@id\":\"https:\/\/pagina10.com\/web\/#organization\"},\"alternateName\":\"P\u00e1gina10 Peri\u00f3dico Regional\",\"potentialAction\":[{\"@type\":\"SearchAction\",\"target\":{\"@type\":\"EntryPoint\",\"urlTemplate\":\"https:\/\/pagina10.com\/web\/?s={search_term_string}\"},\"query-input\":{\"@type\":\"PropertyValueSpecification\",\"valueRequired\":true,\"valueName\":\"search_term_string\"}}],\"inLanguage\":\"es\"},{\"@type\":\"Organization\",\"@id\":\"https:\/\/pagina10.com\/web\/#organization\",\"name\":\"P\u00e1gina10\",\"alternateName\":\"P\u00e1gina10 Peri\u00f3dico Regional\",\"url\":\"https:\/\/pagina10.com\/web\/\",\"logo\":{\"@type\":\"ImageObject\",\"inLanguage\":\"es\",\"@id\":\"https:\/\/pagina10.com\/web\/#\/schema\/logo\/image\/\",\"url\":\"https:\/\/pagina10.com\/web\/wp-content\/uploads\/2024\/01\/40-pagina-10-periodico-regional-pasto.jpg\",\"contentUrl\":\"https:\/\/pagina10.com\/web\/wp-content\/uploads\/2024\/01\/40-pagina-10-periodico-regional-pasto.jpg\",\"width\":1280,\"height\":720,\"caption\":\"P\u00e1gina10\"},\"image\":{\"@id\":\"https:\/\/pagina10.com\/web\/#\/schema\/logo\/image\/\"},\"sameAs\":[\"https:\/\/www.facebook.com\/pag10com\",\"https:\/\/x.com\/Pag10com\",\"https:\/\/www.instagram.com\/pagina10col\/\",\"https:\/\/youtube.com\/channel\/pag10\",\"https:\/\/www.tiktok.com\/@p10col\"]},{\"@type\":\"Person\",\"@id\":\"https:\/\/pagina10.com\/web\/#\/schema\/person\/a7a5d38f0629dfc107f619fbae4f6cc3\",\"name\":\"P\u00e1gina 10\",\"description\":\"P\u00e1gina10.com es un peri\u00f3dico digital que nace en Colombia, en el departamento de Nari\u00f1o, con un enfoque global, fundamentado en cuatro pilares esenciales: la libertad, el pluralismo, la inclusi\u00f3n y la independencia. P\u00e1gina10.com hace referencia a Nari\u00f1o como el d\u00e9cimo departamento creado en Colombia, despu\u00e9s de un proceso pol\u00edtico liderado por actores y actrices regionales con el fin de obtener la independencia y autonom\u00eda de nuestros territorios. Con la creaci\u00f3n de P\u00e1gina10.com se pretende abrir un escenario para el dialogo, la reflexi\u00f3n y el debate que se extienda a otras geograf\u00edas de Am\u00e9rica Latina y del planeta, en una apuesta por transformar colectivamente los desaf\u00edos de un mundo contempor\u00e1neo, m\u00e1s all\u00e1 de las fronteras impuestas.\",\"url\":\"https:\/\/pagina10.com\/web\/author\/mcepeda\/\"}]}<\/script>\n<!-- \/ Yoast SEO plugin. -->","yoast_head_json":{"title":"Secretar\u00eda de Educaci\u00f3n realizar\u00e1 rendici\u00f3n de cuentas a comunidad educativa | P\u00e1gina10","robots":{"index":"index","follow":"follow","max-snippet":"max-snippet:-1","max-image-preview":"max-image-preview:large","max-video-preview":"max-video-preview:-1"},"canonical":"https:\/\/pagina10.com\/web\/secretaria-de-educacion-realizara-rendicion-de-cuentas-a-comunidad-educativa\/","og_locale":"es_ES","og_type":"article","og_title":"Secretar\u00eda de Educaci\u00f3n realizar\u00e1 rendici\u00f3n de cuentas a comunidad educativa | P\u00e1gina10","og_description":"Este mi\u00e9rcoles, 9 de diciembre, el Secretario de Educaci\u00f3n Departamental, \u00c1ngel Leonel Garc\u00eda Paredes, realizar\u00e1 un acto p\u00fablico de rendici\u00f3n de cuentas. Esta actividad busca que la comunidad educativa pueda conocer a profundidad los resultados de las acciones, proyectos, gestiones e inversiones realizadas durante los \u00faltimos cuatro a\u00f1os para mejorar la educaci\u00f3n en los 61 [&hellip;]","og_url":"https:\/\/pagina10.com\/web\/secretaria-de-educacion-realizara-rendicion-de-cuentas-a-comunidad-educativa\/","og_site_name":"P\u00e1gina10","article_publisher":"https:\/\/www.facebook.com\/pag10com","article_published_time":"2015-12-09T01:16:36+00:00","og_image":[{"width":2048,"height":1215,"url":"https:\/\/pagina10.com\/web\/wp-content\/uploads\/2015\/12\/464901c3f498cf0567c51df128c63558.jpg","type":"image\/jpeg"}],"author":"P\u00e1gina 10","twitter_card":"summary_large_image","twitter_creator":"@Pag10com","twitter_site":"@Pag10com","twitter_misc":{"Escrito por":"P\u00e1gina 10","Tiempo de lectura":"1 minuto"},"schema":{"@context":"https:\/\/schema.org","@graph":[{"@type":"Article","@id":"https:\/\/pagina10.com\/web\/secretaria-de-educacion-realizara-rendicion-de-cuentas-a-comunidad-educativa\/#article","isPartOf":{"@id":"https:\/\/pagina10.com\/web\/secretaria-de-educacion-realizara-rendicion-de-cuentas-a-comunidad-educativa\/"},"author":{"name":"P\u00e1gina 10","@id":"https:\/\/pagina10.com\/web\/#\/schema\/person\/a7a5d38f0629dfc107f619fbae4f6cc3"},"headline":"Secretar\u00eda de Educaci\u00f3n realizar\u00e1 rendici\u00f3n de cuentas a comunidad educativa","datePublished":"2015-12-09T01:16:36+00:00","mainEntityOfPage":{"@id":"https:\/\/pagina10.com\/web\/secretaria-de-educacion-realizara-rendicion-de-cuentas-a-comunidad-educativa\/"},"wordCount":220,"commentCount":0,"publisher":{"@id":"https:\/\/pagina10.com\/web\/#organization"},"image":{"@id":"https:\/\/pagina10.com\/web\/secretaria-de-educacion-realizara-rendicion-de-cuentas-a-comunidad-educativa\/#primaryimage"},"thumbnailUrl":"https:\/\/pagina10.com\/web\/wp-content\/uploads\/2015\/12\/464901c3f498cf0567c51df128c63558.jpg","inLanguage":"es","potentialAction":[{"@type":"CommentAction","name":"Comment","target":["https:\/\/pagina10.com\/web\/secretaria-de-educacion-realizara-rendicion-de-cuentas-a-comunidad-educativa\/#respond"]}]},{"@type":"WebPage","@id":"https:\/\/pagina10.com\/web\/secretaria-de-educacion-realizara-rendicion-de-cuentas-a-comunidad-educativa\/","url":"https:\/\/pagina10.com\/web\/secretaria-de-educacion-realizara-rendicion-de-cuentas-a-comunidad-educativa\/","name":"Secretar\u00eda de Educaci\u00f3n realizar\u00e1 rendici\u00f3n de cuentas a comunidad educativa | P\u00e1gina10","isPartOf":{"@id":"https:\/\/pagina10.com\/web\/#website"},"primaryImageOfPage":{"@id":"https:\/\/pagina10.com\/web\/secretaria-de-educacion-realizara-rendicion-de-cuentas-a-comunidad-educativa\/#primaryimage"},"image":{"@id":"https:\/\/pagina10.com\/web\/secretaria-de-educacion-realizara-rendicion-de-cuentas-a-comunidad-educativa\/#primaryimage"},"thumbnailUrl":"https:\/\/pagina10.com\/web\/wp-content\/uploads\/2015\/12\/464901c3f498cf0567c51df128c63558.jpg","datePublished":"2015-12-09T01:16:36+00:00","breadcrumb":{"@id":"https:\/\/pagina10.com\/web\/secretaria-de-educacion-realizara-rendicion-de-cuentas-a-comunidad-educativa\/#breadcrumb"},"inLanguage":"es","potentialAction":[{"@type":"ReadAction","target":["https:\/\/pagina10.com\/web\/secretaria-de-educacion-realizara-rendicion-de-cuentas-a-comunidad-educativa\/"]}]},{"@type":"ImageObject","inLanguage":"es","@id":"https:\/\/pagina10.com\/web\/secretaria-de-educacion-realizara-rendicion-de-cuentas-a-comunidad-educativa\/#primaryimage","url":"https:\/\/pagina10.com\/web\/wp-content\/uploads\/2015\/12\/464901c3f498cf0567c51df128c63558.jpg","contentUrl":"https:\/\/pagina10.com\/web\/wp-content\/uploads\/2015\/12\/464901c3f498cf0567c51df128c63558.jpg","width":2048,"height":1215},{"@type":"BreadcrumbList","@id":"https:\/\/pagina10.com\/web\/secretaria-de-educacion-realizara-rendicion-de-cuentas-a-comunidad-educativa\/#breadcrumb","itemListElement":[{"@type":"ListItem","position":1,"name":"Portada","item":"https:\/\/pagina10.com\/web\/"},{"@type":"ListItem","position":2,"name":"Secretar\u00eda de Educaci\u00f3n realizar\u00e1 rendici\u00f3n de cuentas a comunidad educativa"}]},{"@type":"WebSite","@id":"https:\/\/pagina10.com\/web\/#website","url":"https:\/\/pagina10.com\/web\/","name":"P\u00e1gina10","description":"Peri\u00f3dico Regional","publisher":{"@id":"https:\/\/pagina10.com\/web\/#organization"},"alternateName":"P\u00e1gina10 Peri\u00f3dico Regional","potentialAction":[{"@type":"SearchAction","target":{"@type":"EntryPoint","urlTemplate":"https:\/\/pagina10.com\/web\/?s={search_term_string}"},"query-input":{"@type":"PropertyValueSpecification","valueRequired":true,"valueName":"search_term_string"}}],"inLanguage":"es"},{"@type":"Organization","@id":"https:\/\/pagina10.com\/web\/#organization","name":"P\u00e1gina10","alternateName":"P\u00e1gina10 Peri\u00f3dico Regional","url":"https:\/\/pagina10.com\/web\/","logo":{"@type":"ImageObject","inLanguage":"es","@id":"https:\/\/pagina10.com\/web\/#\/schema\/logo\/image\/","url":"https:\/\/pagina10.com\/web\/wp-content\/uploads\/2024\/01\/40-pagina-10-periodico-regional-pasto.jpg","contentUrl":"https:\/\/pagina10.com\/web\/wp-content\/uploads\/2024\/01\/40-pagina-10-periodico-regional-pasto.jpg","width":1280,"height":720,"caption":"P\u00e1gina10"},"image":{"@id":"https:\/\/pagina10.com\/web\/#\/schema\/logo\/image\/"},"sameAs":["https:\/\/www.facebook.com\/pag10com","https:\/\/x.com\/Pag10com","https:\/\/www.instagram.com\/pagina10col\/","https:\/\/youtube.com\/channel\/pag10","https:\/\/www.tiktok.com\/@p10col"]},{"@type":"Person","@id":"https:\/\/pagina10.com\/web\/#\/schema\/person\/a7a5d38f0629dfc107f619fbae4f6cc3","name":"P\u00e1gina 10","description":"P\u00e1gina10.com es un peri\u00f3dico digital que nace en Colombia, en el departamento de Nari\u00f1o, con un enfoque global, fundamentado en cuatro pilares esenciales: la libertad, el pluralismo, la inclusi\u00f3n y la independencia. P\u00e1gina10.com hace referencia a Nari\u00f1o como el d\u00e9cimo departamento creado en Colombia, despu\u00e9s de un proceso pol\u00edtico liderado por actores y actrices regionales con el fin de obtener la independencia y autonom\u00eda de nuestros territorios. Con la creaci\u00f3n de P\u00e1gina10.com se pretende abrir un escenario para el dialogo, la reflexi\u00f3n y el debate que se extienda a otras geograf\u00edas de Am\u00e9rica Latina y del planeta, en una apuesta por transformar colectivamente los desaf\u00edos de un mundo contempor\u00e1neo, m\u00e1s all\u00e1 de las fronteras impuestas.","url":"https:\/\/pagina10.com\/web\/author\/mcepeda\/"}]}},"_links":{"self":[{"href":"https:\/\/pagina10.com\/web\/wp-json\/wp\/v2\/posts\/18844","targetHints":{"allow":["GET"]}}],"collection":[{"href":"https:\/\/pagina10.com\/web\/wp-json\/wp\/v2\/posts"}],"about":[{"href":"https:\/\/pagina10.com\/web\/wp-json\/wp\/v2\/types\/post"}],"author":[{"embeddable":true,"href":"https:\/\/pagina10.com\/web\/wp-json\/wp\/v2\/users\/29"}],"replies":[{"embeddable":true,"href":"https:\/\/pagina10.com\/web\/wp-json\/wp\/v2\/comments?post=18844"}],"version-history":[{"count":0,"href":"https:\/\/pagina10.com\/web\/wp-json\/wp\/v2\/posts\/18844\/revisions"}],"wp:featuredmedia":[{"embeddable":true,"href":"https:\/\/pagina10.com\/web\/wp-json\/wp\/v2\/media\/18843"}],"wp:attachment":[{"href":"https:\/\/pagina10.com\/web\/wp-json\/wp\/v2\/media?parent=18844"}],"wp:term":[{"taxonomy":"category","embeddable":true,"href":"https:\/\/pagina10.com\/web\/wp-json\/wp\/v2\/categories?post=18844"},{"taxonomy":"post_tag","embeddable":true,"href":"https:\/\/pagina10.com\/web\/wp-json\/wp\/v2\/tags?post=18844"}],"curies":[{"name":"wp","href":"https:\/\/api.w.org\/{rel}","templated":true}]}}