{"id":18846,"date":"2015-12-09T01:25:27","date_gmt":"2015-12-09T01:25:27","guid":{"rendered":"https:\/\/pagina10.com\/web\/cual-sera-el-destino-de-los-tesoros-del-galeon-san-jose\/"},"modified":"2015-12-09T01:25:27","modified_gmt":"2015-12-09T01:25:27","slug":"cual-sera-el-destino-de-los-tesoros-del-galeon-san-jose","status":"publish","type":"post","link":"https:\/\/pagina10.com\/web\/cual-sera-el-destino-de-los-tesoros-del-galeon-san-jose\/","title":{"rendered":"Cu\u00e1l ser\u00e1 el destino de los tesoros del gale\u00f3n San Jos\u00e9"},"content":{"rendered":"<p><img fetchpriority=\"high\" decoding=\"async\" class=\" size-full wp-image-18845\" src=\"https:\/\/pagina10.com\/web\/wp-content\/uploads\/2015\/12\/ebe3d175c409b58b03668a7a7625c5e9.jpg\" alt=\"\" width=\"624\" height=\"351\" srcset=\"https:\/\/pagina10.com\/web\/wp-content\/uploads\/2015\/12\/ebe3d175c409b58b03668a7a7625c5e9.jpg 624w, https:\/\/pagina10.com\/web\/wp-content\/uploads\/2015\/12\/ebe3d175c409b58b03668a7a7625c5e9-300x169.jpg 300w\" sizes=\"(max-width: 624px) 100vw, 624px\" \/><\/p>\n<p style=\"text-align: justify;\">Viejos galeones perdidos, como el m\u00edtico San Jos\u00e9, han estado en el imaginario de Colombia desde su fundaci\u00f3n.&nbsp;Solo basta pararse en las primeras p\u00e1ginas de la c\u00e9lebre novela &#8220;Cien a\u00f1os de soledad&#8221; del premio Nobel Gabriel Garc\u00eda M\u00e1rquez para darse una idea:<\/p>\n<p style=\"text-align: justify;\">&#8220;Frente a ellos, rodeado de helechos y palmeras, blanco y polvoriento en la silenciosa luz de la ma\u00f1ana, estaba un enorme gale\u00f3n espa\u00f1ol. Ligeramente volteado a estribor, de su arboladura intacta colgaban las piltrafas escu\u00e1lidas del velamen, entre jarcias adornadas de orqu\u00eddeas&#8221;.<\/p>\n<p style=\"text-align: justify;\">Y esa ilusi\u00f3n literaria se convirti\u00f3 en realidad con el tuit del presidente de Colombia, Juan Manuel Santos, este viernes 4 de diciembre: &#8220;Gran noticia: \u00a1Encontramos el Gale\u00f3n San Jos\u00e9! Ma\u00f1ana dar\u00e9 los detalles en rueda de prensa desde Cartagena&#8221;.<\/p>\n<p style=\"text-align: justify;\">Pero apenas Santos present\u00f3 las im\u00e1genes de los ca\u00f1ones y vasijas arrumadas en el lecho marino cercano a Cartagena \u2013donde en 1708 los ingleses hundieron el gale\u00f3n espa\u00f1ol con 11 millones de monedas de oro a bordo\u2013 comenzaron los reclamos de paternidad sobre el gigantesco tesoro.<\/p>\n<p style=\"text-align: justify;\">Entre los reclamantes, el gobierno espa\u00f1ol. El secretario de Estado de Cultura, Jos\u00e9 Mar\u00eda Lasalle, se pronunci\u00f3 sobre el asunto apenas se supo la noticia.<\/p>\n<p style=\"text-align: justify;\">&#8220;El gobierno espa\u00f1ol va a solicitar una informaci\u00f3n precisa acerca de la aplicaci\u00f3n de la legislaci\u00f3n de su pa\u00eds en la que fundamenta la intervenci\u00f3n sobre un pecio (pedazo de naufragio) espa\u00f1ol&#8221;, dijo Lasalle, cuyo cargo equivale al de viceministro.<\/p>\n<p style=\"text-align: justify;\">Pero no solo Espa\u00f1a alz\u00f3 su voz. La empresa estadounidense Sea Search Armada se encuentra en medio de un litigio en varias cortes internacionales con el gobierno de Colombia sobre la propiedad del magn\u00edfico bot\u00edn sumergido.<\/p>\n<p style=\"text-align: justify;\">Entonces, \u00bfde qui\u00e9n son en realidad los casi US$1.500 millones en monedas de oro, plata y piedras preciosas que se estima est\u00e1n en el fondo del mar entre los restos del m\u00edtico San Jos\u00e9?<\/p>\n<p style=\"text-align: justify;\"><strong>Los derechos de Espa\u00f1a<\/strong><\/p>\n<p style=\"text-align: justify;\">&#8220;El gale\u00f3n San Jos\u00e9 es patrimonio de todos los colombianos&#8221;, dijo el presidente Santos durante la rueda de prensa de este s\u00e1bado.<br \/>Sin embargo, Lasalle fue cauto ante la euforia del mandatario colombiano.<\/p>\n<p style=\"text-align: justify;\">&#8220;Estamos analizando qu\u00e9 actuaciones se pueden adoptar en defensa de lo que entendemos es el patrimonio subacu\u00e1tico y respecto a las convenciones de la Unesco con las que est\u00e1 comprometido nuestro pa\u00eds desde hace muchos a\u00f1os&#8221;, afirm\u00f3.<\/p>\n<p style=\"text-align: justify;\">Pero el ministro de Relaciones Exteriores de Espa\u00f1a, Jos\u00e9 Manuel Garc\u00eda-Margallo, fue m\u00e1s all\u00e1 y afirm\u00f3 que el gale\u00f3n San Jos\u00e9 es un barco de &#8220;Estado&#8221;.<br \/>&#8220;Se trata de un barco de Estado, de guerra, y no barcos privados, por lo que hay una titularidad del Estado donde est\u00e9 abanderado el pabell\u00f3n del nav\u00edo&#8221;, dijo Garc\u00eda-Margallo este lunes<\/p>\n<p style=\"text-align: justify;\">Y hay un antecedente que podr\u00eda jugar en contra de Colombia en este caso: en 2007, Espa\u00f1a obtuvo de vuelta el tesoro de la fragata Las Mercedes hundida en octubre de 1804 cerca del puerto de C\u00e1diz y que hab\u00eda sido hallada por una empresa estadounidense.<\/p>\n<p style=\"text-align: justify;\">Por entonces, Odyssey Marine Exploration logr\u00f3 extraer del fondo del mar Mediterr\u00e1neo unas 500.000 monedas de plata de aquella embarcaci\u00f3n.&nbsp;Sin embargo, un juez en Florida y despu\u00e9s una corte de apelaciones en Atlanta le ordenaron devolver el tesoro a los espa\u00f1oles.<\/p>\n<p style=\"text-align: justify;\">&#8220;No se trata de dilucidar en una sentencia qui\u00e9n es el leg\u00edtimo due\u00f1o del patrimonio subacu\u00e1tico hallado porque, seg\u00fan el principio de inmunidad soberana, mientras un Estado no abandone expresamente su patrimonio p\u00fablico subacu\u00e1tico, seguir\u00e1 siendo su propietario&#8221;, escribi\u00f3 el jurista espa\u00f1ol Carlos P\u00e9rez Vaquero.<\/p>\n<p style=\"text-align: justify;\">Y agreg\u00f3: &#8220;Con independencia del tiempo que haya transcurrido o del lugar en que se encuentren los restos&#8221;.<\/p>\n<p style=\"text-align: justify;\"><strong>El argumento de Colombia<\/strong><br \/>La gran diferencia entre el caso de la fragata Las Mercedes y el gale\u00f3n San Jos\u00e9 es su ubicaci\u00f3n: mientras Las Mercedes yace cerca de las playas del sur de Espa\u00f1a, el San Jos\u00e9 reposa bajo el oc\u00e9ano a unos 8.000 kil\u00f3metros de distancia de la costa espa\u00f1ola.<\/p>\n<p style=\"text-align: justify;\">Y es aqu\u00ed donde el pa\u00eds sudamericano blande sus mejores sables: Colombia no hace parte del convenio de patrimonio subacu\u00e1tico de la Unesco firmado en Par\u00eds en 2001 y que cita el ministro de Cultura espa\u00f1ol.<\/p>\n<p style=\"text-align: justify;\">&#8220;Al no ser parte de ninguna convenci\u00f3n que afecte la propiedad del gale\u00f3n, puede concluirse con certeza, luego de los an\u00e1lisis, que este pecio forma parte exclusivamente del patrimonio colombiano&#8221;, le dijo al diario El Tiempo el abogado colombiano N\u00e9stor Humberto Mart\u00ednez, quien hace parte de la Comisi\u00f3n Colombiana de Antig\u00fcedades N\u00e1ufragas.<\/p>\n<p style=\"text-align: justify;\">El pa\u00eds tambi\u00e9n hab\u00eda preparado un soporte legal, tal vez anticip\u00e1ndose al hallazgo anunciado este s\u00e1bado: en 2013, el congreso colombiano aprob\u00f3 la ley de patrimonio sumergido para la protecci\u00f3n de tesoros subacu\u00e1ticos como el San Jos\u00e9.<br \/>All\u00ed se expresa que el gobierno es due\u00f1o de lo que sea declarado patrimonio y que est\u00e9 sumergido en su territorio mar\u00edtimo.&nbsp;Adem\u00e1s se tiene contemplado qu\u00e9 se le pagara a la empresa que ayude con el rescate de los restos con parte del tesoro encontrado.<\/p>\n<p style=\"text-align: justify;\">&#8220;Respetamos profundamente al gobierno espa\u00f1ol. Vamos a esperar a que llegue la solicitud formal de la que habla el ministro, la cual estudiaremos con la Canciller\u00eda y la Presidencia de la Rep\u00fablica&#8221;, anot\u00f3 la ministra de Cultura de Colombia, Mariana Garc\u00e9s.<\/p>\n<p style=\"text-align: justify;\"><strong>Sea Search<\/strong><br \/>Pero Espa\u00f1a no es el \u00fanico obst\u00e1culo que tiene Colombia tras el anuncio del hallazgo del &#8220;mayor tesoro sumergido de la humanidad&#8221;.<br \/>En 1981 la empresa de exploraci\u00f3n submarina Sea Search Armada (SSA) declar\u00f3 que hab\u00eda encontrado el lugar donde se hab\u00eda hundido el legendario gale\u00f3n.<\/p>\n<p style=\"text-align: justify;\">Colombia, mediante continuas acciones legales, demand\u00f3 a Sea Search Armada con la intenci\u00f3n de proteger el inmenso tesoro subacu\u00e1tico y en 1984 negaron que la empresa hubiera descubierto el barco perdido.<\/p>\n<p style=\"text-align: justify;\">Y a pesar de que en 2007 se declar\u00f3 al San Jos\u00e9 patrimonio cultural e hist\u00f3rico de la naci\u00f3n y en 2011 una corte estadounidense se declar\u00f3 a favor de dicho pronunciamiento, la SSA est\u00e1 lejos de declarar el caso cerrado.<\/p>\n<p style=\"text-align: justify;\">&#8220;El gobierno de Colombia mantiene la gran mentira de que ellos &#8216;ganaron&#8217; el caso en la corte federal y que SSA perdi\u00f3 sus derechos sobre el tesoro. Nada puede ser m\u00e1s alejado de la realidad&#8221;, escribi\u00f3 en un comunicado Jack Harbeston, director de SSA.<\/p>\n<p style=\"text-align: justify;\">La empresa naviera saca a relucir un dictamen de la Corte Suprema de Justicia de Colombia, que estableci\u00f3 que la mitad de todo lo que se hallara en el gale\u00f3n que no fuera patrimonio deb\u00eda repartirse por mitades entre SSA y el gobierno colombiano.<\/p>\n<p style=\"text-align: justify;\">&#8220;Aparentemente Colombia no tiene intenciones de implementar la orden de su Corte Suprema, que le ordena negociar con SSA&#8221;, agreg\u00f3 Harbeston.<\/p>\n<p style=\"text-align: justify;\">Por su parte el gobierno de Colombia se\u00f1al\u00f3 que referente a esta demanda las sentencias de cortes federales de EE.UU. en 2005 y 2011 decidieron el caso a su favor y que el hallazgo de la Armada Colombiana \u2013hecho el pasado 27 de noviembre\u2013, se hizo con nueva informaci\u00f3n y en un lugar distinto al descrito por SSA.<\/p>\n<p style=\"text-align: justify;\">Por ahora se espera que los tesoros que se hallen en el San Jos\u00e9 se conserven en un museo.<\/p>\n<p style=\"text-align: justify;\">Y, en \u00faltima instancia, que estas disputas no terminen convirtiendo en realidad la profec\u00eda de Garc\u00eda M\u00e1rquez en &#8220;Cien a\u00f1os de soledad&#8221;: &#8220;Muchos a\u00f1os despu\u00e9s, el coronel Aureliano Buend\u00eda volvi\u00f3 a travesar la regi\u00f3n, cuando era ya una ruta regular del correo, y lo \u00fanico que encontr\u00f3 de la nave fue el costillar carbonizado en medio de un campo de amapolas&#8221;.<\/p>\n<p style=\"text-align: justify;\">&nbsp;<\/p>\n<p>Fuente: BBC<\/p>\n","protected":false},"excerpt":{"rendered":"<p>Viejos galeones perdidos, como el m\u00edtico San Jos\u00e9, han estado en el imaginario de Colombia desde su fundaci\u00f3n.&nbsp;Solo basta pararse en las primeras p\u00e1ginas de la c\u00e9lebre novela &#8220;Cien a\u00f1os de soledad&#8221; del premio Nobel Gabriel Garc\u00eda M\u00e1rquez para darse una idea: &#8220;Frente a ellos, rodeado de helechos y palmeras, blanco y polvoriento en la [&hellip;]<\/p>\n","protected":false},"author":29,"featured_media":18845,"comment_status":"open","ping_status":"open","sticky":false,"template":"","format":"standard","meta":{"footnotes":""},"categories":[1],"tags":[],"class_list":["post-18846","post","type-post","status-publish","format-standard","has-post-thumbnail","hentry","category-sin-categoria"],"yoast_head":"<!-- This site is optimized with the Yoast SEO plugin v27.1.1 - https:\/\/yoast.com\/product\/yoast-seo-wordpress\/ -->\n<title>Cu\u00e1l ser\u00e1 el destino de los tesoros del gale\u00f3n San Jos\u00e9 | P\u00e1gina10<\/title>\n<meta name=\"robots\" content=\"index, follow, max-snippet:-1, max-image-preview:large, max-video-preview:-1\" \/>\n<link rel=\"canonical\" href=\"https:\/\/pagina10.com\/web\/cual-sera-el-destino-de-los-tesoros-del-galeon-san-jose\/\" \/>\n<meta property=\"og:locale\" content=\"es_ES\" \/>\n<meta property=\"og:type\" content=\"article\" \/>\n<meta property=\"og:title\" content=\"Cu\u00e1l ser\u00e1 el destino de los tesoros del gale\u00f3n San Jos\u00e9 | P\u00e1gina10\" \/>\n<meta property=\"og:description\" content=\"Viejos galeones perdidos, como el m\u00edtico San Jos\u00e9, han estado en el imaginario de Colombia desde su fundaci\u00f3n.&nbsp;Solo basta pararse en las primeras p\u00e1ginas de la c\u00e9lebre novela &#8220;Cien a\u00f1os de soledad&#8221; del premio Nobel Gabriel Garc\u00eda M\u00e1rquez para darse una idea: &#8220;Frente a ellos, rodeado de helechos y palmeras, blanco y polvoriento en la [&hellip;]\" \/>\n<meta property=\"og:url\" content=\"https:\/\/pagina10.com\/web\/cual-sera-el-destino-de-los-tesoros-del-galeon-san-jose\/\" \/>\n<meta property=\"og:site_name\" content=\"P\u00e1gina10\" \/>\n<meta property=\"article:publisher\" content=\"https:\/\/www.facebook.com\/pag10com\" \/>\n<meta property=\"article:published_time\" content=\"2015-12-09T01:25:27+00:00\" \/>\n<meta property=\"og:image\" content=\"https:\/\/pagina10.com\/web\/wp-content\/uploads\/2015\/12\/ebe3d175c409b58b03668a7a7625c5e9.jpg\" \/>\n\t<meta property=\"og:image:width\" content=\"624\" \/>\n\t<meta property=\"og:image:height\" content=\"351\" \/>\n\t<meta property=\"og:image:type\" content=\"image\/jpeg\" \/>\n<meta name=\"author\" content=\"P\u00e1gina 10\" \/>\n<meta name=\"twitter:card\" content=\"summary_large_image\" \/>\n<meta name=\"twitter:creator\" content=\"@Pag10com\" \/>\n<meta name=\"twitter:site\" content=\"@Pag10com\" \/>\n<meta name=\"twitter:label1\" content=\"Escrito por\" \/>\n\t<meta name=\"twitter:data1\" content=\"P\u00e1gina 10\" \/>\n\t<meta name=\"twitter:label2\" content=\"Tiempo de lectura\" \/>\n\t<meta name=\"twitter:data2\" content=\"7 minutos\" \/>\n<script type=\"application\/ld+json\" class=\"yoast-schema-graph\">{\"@context\":\"https:\/\/schema.org\",\"@graph\":[{\"@type\":\"Article\",\"@id\":\"https:\/\/pagina10.com\/web\/cual-sera-el-destino-de-los-tesoros-del-galeon-san-jose\/#article\",\"isPartOf\":{\"@id\":\"https:\/\/pagina10.com\/web\/cual-sera-el-destino-de-los-tesoros-del-galeon-san-jose\/\"},\"author\":{\"name\":\"P\u00e1gina 10\",\"@id\":\"https:\/\/pagina10.com\/web\/#\/schema\/person\/a7a5d38f0629dfc107f619fbae4f6cc3\"},\"headline\":\"Cu\u00e1l ser\u00e1 el destino de los tesoros del gale\u00f3n San Jos\u00e9\",\"datePublished\":\"2015-12-09T01:25:27+00:00\",\"mainEntityOfPage\":{\"@id\":\"https:\/\/pagina10.com\/web\/cual-sera-el-destino-de-los-tesoros-del-galeon-san-jose\/\"},\"wordCount\":1343,\"commentCount\":0,\"publisher\":{\"@id\":\"https:\/\/pagina10.com\/web\/#organization\"},\"image\":{\"@id\":\"https:\/\/pagina10.com\/web\/cual-sera-el-destino-de-los-tesoros-del-galeon-san-jose\/#primaryimage\"},\"thumbnailUrl\":\"https:\/\/pagina10.com\/web\/wp-content\/uploads\/2015\/12\/ebe3d175c409b58b03668a7a7625c5e9.jpg\",\"inLanguage\":\"es\",\"potentialAction\":[{\"@type\":\"CommentAction\",\"name\":\"Comment\",\"target\":[\"https:\/\/pagina10.com\/web\/cual-sera-el-destino-de-los-tesoros-del-galeon-san-jose\/#respond\"]}]},{\"@type\":\"WebPage\",\"@id\":\"https:\/\/pagina10.com\/web\/cual-sera-el-destino-de-los-tesoros-del-galeon-san-jose\/\",\"url\":\"https:\/\/pagina10.com\/web\/cual-sera-el-destino-de-los-tesoros-del-galeon-san-jose\/\",\"name\":\"Cu\u00e1l ser\u00e1 el destino de los tesoros del gale\u00f3n San Jos\u00e9 | P\u00e1gina10\",\"isPartOf\":{\"@id\":\"https:\/\/pagina10.com\/web\/#website\"},\"primaryImageOfPage\":{\"@id\":\"https:\/\/pagina10.com\/web\/cual-sera-el-destino-de-los-tesoros-del-galeon-san-jose\/#primaryimage\"},\"image\":{\"@id\":\"https:\/\/pagina10.com\/web\/cual-sera-el-destino-de-los-tesoros-del-galeon-san-jose\/#primaryimage\"},\"thumbnailUrl\":\"https:\/\/pagina10.com\/web\/wp-content\/uploads\/2015\/12\/ebe3d175c409b58b03668a7a7625c5e9.jpg\",\"datePublished\":\"2015-12-09T01:25:27+00:00\",\"breadcrumb\":{\"@id\":\"https:\/\/pagina10.com\/web\/cual-sera-el-destino-de-los-tesoros-del-galeon-san-jose\/#breadcrumb\"},\"inLanguage\":\"es\",\"potentialAction\":[{\"@type\":\"ReadAction\",\"target\":[\"https:\/\/pagina10.com\/web\/cual-sera-el-destino-de-los-tesoros-del-galeon-san-jose\/\"]}]},{\"@type\":\"ImageObject\",\"inLanguage\":\"es\",\"@id\":\"https:\/\/pagina10.com\/web\/cual-sera-el-destino-de-los-tesoros-del-galeon-san-jose\/#primaryimage\",\"url\":\"https:\/\/pagina10.com\/web\/wp-content\/uploads\/2015\/12\/ebe3d175c409b58b03668a7a7625c5e9.jpg\",\"contentUrl\":\"https:\/\/pagina10.com\/web\/wp-content\/uploads\/2015\/12\/ebe3d175c409b58b03668a7a7625c5e9.jpg\",\"width\":624,\"height\":351},{\"@type\":\"BreadcrumbList\",\"@id\":\"https:\/\/pagina10.com\/web\/cual-sera-el-destino-de-los-tesoros-del-galeon-san-jose\/#breadcrumb\",\"itemListElement\":[{\"@type\":\"ListItem\",\"position\":1,\"name\":\"Portada\",\"item\":\"https:\/\/pagina10.com\/web\/\"},{\"@type\":\"ListItem\",\"position\":2,\"name\":\"Cu\u00e1l ser\u00e1 el destino de los tesoros del gale\u00f3n San Jos\u00e9\"}]},{\"@type\":\"WebSite\",\"@id\":\"https:\/\/pagina10.com\/web\/#website\",\"url\":\"https:\/\/pagina10.com\/web\/\",\"name\":\"P\u00e1gina10\",\"description\":\"Peri\u00f3dico Regional\",\"publisher\":{\"@id\":\"https:\/\/pagina10.com\/web\/#organization\"},\"alternateName\":\"P\u00e1gina10 Peri\u00f3dico Regional\",\"potentialAction\":[{\"@type\":\"SearchAction\",\"target\":{\"@type\":\"EntryPoint\",\"urlTemplate\":\"https:\/\/pagina10.com\/web\/?s={search_term_string}\"},\"query-input\":{\"@type\":\"PropertyValueSpecification\",\"valueRequired\":true,\"valueName\":\"search_term_string\"}}],\"inLanguage\":\"es\"},{\"@type\":\"Organization\",\"@id\":\"https:\/\/pagina10.com\/web\/#organization\",\"name\":\"P\u00e1gina10\",\"alternateName\":\"P\u00e1gina10 Peri\u00f3dico Regional\",\"url\":\"https:\/\/pagina10.com\/web\/\",\"logo\":{\"@type\":\"ImageObject\",\"inLanguage\":\"es\",\"@id\":\"https:\/\/pagina10.com\/web\/#\/schema\/logo\/image\/\",\"url\":\"https:\/\/pagina10.com\/web\/wp-content\/uploads\/2024\/01\/40-pagina-10-periodico-regional-pasto.jpg\",\"contentUrl\":\"https:\/\/pagina10.com\/web\/wp-content\/uploads\/2024\/01\/40-pagina-10-periodico-regional-pasto.jpg\",\"width\":1280,\"height\":720,\"caption\":\"P\u00e1gina10\"},\"image\":{\"@id\":\"https:\/\/pagina10.com\/web\/#\/schema\/logo\/image\/\"},\"sameAs\":[\"https:\/\/www.facebook.com\/pag10com\",\"https:\/\/x.com\/Pag10com\",\"https:\/\/www.instagram.com\/pagina10col\/\",\"https:\/\/youtube.com\/channel\/pag10\",\"https:\/\/www.tiktok.com\/@p10col\"]},{\"@type\":\"Person\",\"@id\":\"https:\/\/pagina10.com\/web\/#\/schema\/person\/a7a5d38f0629dfc107f619fbae4f6cc3\",\"name\":\"P\u00e1gina 10\",\"description\":\"P\u00e1gina10.com es un peri\u00f3dico digital que nace en Colombia, en el departamento de Nari\u00f1o, con un enfoque global, fundamentado en cuatro pilares esenciales: la libertad, el pluralismo, la inclusi\u00f3n y la independencia. P\u00e1gina10.com hace referencia a Nari\u00f1o como el d\u00e9cimo departamento creado en Colombia, despu\u00e9s de un proceso pol\u00edtico liderado por actores y actrices regionales con el fin de obtener la independencia y autonom\u00eda de nuestros territorios. Con la creaci\u00f3n de P\u00e1gina10.com se pretende abrir un escenario para el dialogo, la reflexi\u00f3n y el debate que se extienda a otras geograf\u00edas de Am\u00e9rica Latina y del planeta, en una apuesta por transformar colectivamente los desaf\u00edos de un mundo contempor\u00e1neo, m\u00e1s all\u00e1 de las fronteras impuestas.\",\"url\":\"https:\/\/pagina10.com\/web\/author\/mcepeda\/\"}]}<\/script>\n<!-- \/ Yoast SEO plugin. -->","yoast_head_json":{"title":"Cu\u00e1l ser\u00e1 el destino de los tesoros del gale\u00f3n San Jos\u00e9 | P\u00e1gina10","robots":{"index":"index","follow":"follow","max-snippet":"max-snippet:-1","max-image-preview":"max-image-preview:large","max-video-preview":"max-video-preview:-1"},"canonical":"https:\/\/pagina10.com\/web\/cual-sera-el-destino-de-los-tesoros-del-galeon-san-jose\/","og_locale":"es_ES","og_type":"article","og_title":"Cu\u00e1l ser\u00e1 el destino de los tesoros del gale\u00f3n San Jos\u00e9 | P\u00e1gina10","og_description":"Viejos galeones perdidos, como el m\u00edtico San Jos\u00e9, han estado en el imaginario de Colombia desde su fundaci\u00f3n.&nbsp;Solo basta pararse en las primeras p\u00e1ginas de la c\u00e9lebre novela &#8220;Cien a\u00f1os de soledad&#8221; del premio Nobel Gabriel Garc\u00eda M\u00e1rquez para darse una idea: &#8220;Frente a ellos, rodeado de helechos y palmeras, blanco y polvoriento en la [&hellip;]","og_url":"https:\/\/pagina10.com\/web\/cual-sera-el-destino-de-los-tesoros-del-galeon-san-jose\/","og_site_name":"P\u00e1gina10","article_publisher":"https:\/\/www.facebook.com\/pag10com","article_published_time":"2015-12-09T01:25:27+00:00","og_image":[{"width":624,"height":351,"url":"https:\/\/pagina10.com\/web\/wp-content\/uploads\/2015\/12\/ebe3d175c409b58b03668a7a7625c5e9.jpg","type":"image\/jpeg"}],"author":"P\u00e1gina 10","twitter_card":"summary_large_image","twitter_creator":"@Pag10com","twitter_site":"@Pag10com","twitter_misc":{"Escrito por":"P\u00e1gina 10","Tiempo de lectura":"7 minutos"},"schema":{"@context":"https:\/\/schema.org","@graph":[{"@type":"Article","@id":"https:\/\/pagina10.com\/web\/cual-sera-el-destino-de-los-tesoros-del-galeon-san-jose\/#article","isPartOf":{"@id":"https:\/\/pagina10.com\/web\/cual-sera-el-destino-de-los-tesoros-del-galeon-san-jose\/"},"author":{"name":"P\u00e1gina 10","@id":"https:\/\/pagina10.com\/web\/#\/schema\/person\/a7a5d38f0629dfc107f619fbae4f6cc3"},"headline":"Cu\u00e1l ser\u00e1 el destino de los tesoros del gale\u00f3n San Jos\u00e9","datePublished":"2015-12-09T01:25:27+00:00","mainEntityOfPage":{"@id":"https:\/\/pagina10.com\/web\/cual-sera-el-destino-de-los-tesoros-del-galeon-san-jose\/"},"wordCount":1343,"commentCount":0,"publisher":{"@id":"https:\/\/pagina10.com\/web\/#organization"},"image":{"@id":"https:\/\/pagina10.com\/web\/cual-sera-el-destino-de-los-tesoros-del-galeon-san-jose\/#primaryimage"},"thumbnailUrl":"https:\/\/pagina10.com\/web\/wp-content\/uploads\/2015\/12\/ebe3d175c409b58b03668a7a7625c5e9.jpg","inLanguage":"es","potentialAction":[{"@type":"CommentAction","name":"Comment","target":["https:\/\/pagina10.com\/web\/cual-sera-el-destino-de-los-tesoros-del-galeon-san-jose\/#respond"]}]},{"@type":"WebPage","@id":"https:\/\/pagina10.com\/web\/cual-sera-el-destino-de-los-tesoros-del-galeon-san-jose\/","url":"https:\/\/pagina10.com\/web\/cual-sera-el-destino-de-los-tesoros-del-galeon-san-jose\/","name":"Cu\u00e1l ser\u00e1 el destino de los tesoros del gale\u00f3n San Jos\u00e9 | P\u00e1gina10","isPartOf":{"@id":"https:\/\/pagina10.com\/web\/#website"},"primaryImageOfPage":{"@id":"https:\/\/pagina10.com\/web\/cual-sera-el-destino-de-los-tesoros-del-galeon-san-jose\/#primaryimage"},"image":{"@id":"https:\/\/pagina10.com\/web\/cual-sera-el-destino-de-los-tesoros-del-galeon-san-jose\/#primaryimage"},"thumbnailUrl":"https:\/\/pagina10.com\/web\/wp-content\/uploads\/2015\/12\/ebe3d175c409b58b03668a7a7625c5e9.jpg","datePublished":"2015-12-09T01:25:27+00:00","breadcrumb":{"@id":"https:\/\/pagina10.com\/web\/cual-sera-el-destino-de-los-tesoros-del-galeon-san-jose\/#breadcrumb"},"inLanguage":"es","potentialAction":[{"@type":"ReadAction","target":["https:\/\/pagina10.com\/web\/cual-sera-el-destino-de-los-tesoros-del-galeon-san-jose\/"]}]},{"@type":"ImageObject","inLanguage":"es","@id":"https:\/\/pagina10.com\/web\/cual-sera-el-destino-de-los-tesoros-del-galeon-san-jose\/#primaryimage","url":"https:\/\/pagina10.com\/web\/wp-content\/uploads\/2015\/12\/ebe3d175c409b58b03668a7a7625c5e9.jpg","contentUrl":"https:\/\/pagina10.com\/web\/wp-content\/uploads\/2015\/12\/ebe3d175c409b58b03668a7a7625c5e9.jpg","width":624,"height":351},{"@type":"BreadcrumbList","@id":"https:\/\/pagina10.com\/web\/cual-sera-el-destino-de-los-tesoros-del-galeon-san-jose\/#breadcrumb","itemListElement":[{"@type":"ListItem","position":1,"name":"Portada","item":"https:\/\/pagina10.com\/web\/"},{"@type":"ListItem","position":2,"name":"Cu\u00e1l ser\u00e1 el destino de los tesoros del gale\u00f3n San Jos\u00e9"}]},{"@type":"WebSite","@id":"https:\/\/pagina10.com\/web\/#website","url":"https:\/\/pagina10.com\/web\/","name":"P\u00e1gina10","description":"Peri\u00f3dico Regional","publisher":{"@id":"https:\/\/pagina10.com\/web\/#organization"},"alternateName":"P\u00e1gina10 Peri\u00f3dico Regional","potentialAction":[{"@type":"SearchAction","target":{"@type":"EntryPoint","urlTemplate":"https:\/\/pagina10.com\/web\/?s={search_term_string}"},"query-input":{"@type":"PropertyValueSpecification","valueRequired":true,"valueName":"search_term_string"}}],"inLanguage":"es"},{"@type":"Organization","@id":"https:\/\/pagina10.com\/web\/#organization","name":"P\u00e1gina10","alternateName":"P\u00e1gina10 Peri\u00f3dico Regional","url":"https:\/\/pagina10.com\/web\/","logo":{"@type":"ImageObject","inLanguage":"es","@id":"https:\/\/pagina10.com\/web\/#\/schema\/logo\/image\/","url":"https:\/\/pagina10.com\/web\/wp-content\/uploads\/2024\/01\/40-pagina-10-periodico-regional-pasto.jpg","contentUrl":"https:\/\/pagina10.com\/web\/wp-content\/uploads\/2024\/01\/40-pagina-10-periodico-regional-pasto.jpg","width":1280,"height":720,"caption":"P\u00e1gina10"},"image":{"@id":"https:\/\/pagina10.com\/web\/#\/schema\/logo\/image\/"},"sameAs":["https:\/\/www.facebook.com\/pag10com","https:\/\/x.com\/Pag10com","https:\/\/www.instagram.com\/pagina10col\/","https:\/\/youtube.com\/channel\/pag10","https:\/\/www.tiktok.com\/@p10col"]},{"@type":"Person","@id":"https:\/\/pagina10.com\/web\/#\/schema\/person\/a7a5d38f0629dfc107f619fbae4f6cc3","name":"P\u00e1gina 10","description":"P\u00e1gina10.com es un peri\u00f3dico digital que nace en Colombia, en el departamento de Nari\u00f1o, con un enfoque global, fundamentado en cuatro pilares esenciales: la libertad, el pluralismo, la inclusi\u00f3n y la independencia. P\u00e1gina10.com hace referencia a Nari\u00f1o como el d\u00e9cimo departamento creado en Colombia, despu\u00e9s de un proceso pol\u00edtico liderado por actores y actrices regionales con el fin de obtener la independencia y autonom\u00eda de nuestros territorios. Con la creaci\u00f3n de P\u00e1gina10.com se pretende abrir un escenario para el dialogo, la reflexi\u00f3n y el debate que se extienda a otras geograf\u00edas de Am\u00e9rica Latina y del planeta, en una apuesta por transformar colectivamente los desaf\u00edos de un mundo contempor\u00e1neo, m\u00e1s all\u00e1 de las fronteras impuestas.","url":"https:\/\/pagina10.com\/web\/author\/mcepeda\/"}]}},"_links":{"self":[{"href":"https:\/\/pagina10.com\/web\/wp-json\/wp\/v2\/posts\/18846","targetHints":{"allow":["GET"]}}],"collection":[{"href":"https:\/\/pagina10.com\/web\/wp-json\/wp\/v2\/posts"}],"about":[{"href":"https:\/\/pagina10.com\/web\/wp-json\/wp\/v2\/types\/post"}],"author":[{"embeddable":true,"href":"https:\/\/pagina10.com\/web\/wp-json\/wp\/v2\/users\/29"}],"replies":[{"embeddable":true,"href":"https:\/\/pagina10.com\/web\/wp-json\/wp\/v2\/comments?post=18846"}],"version-history":[{"count":0,"href":"https:\/\/pagina10.com\/web\/wp-json\/wp\/v2\/posts\/18846\/revisions"}],"wp:featuredmedia":[{"embeddable":true,"href":"https:\/\/pagina10.com\/web\/wp-json\/wp\/v2\/media\/18845"}],"wp:attachment":[{"href":"https:\/\/pagina10.com\/web\/wp-json\/wp\/v2\/media?parent=18846"}],"wp:term":[{"taxonomy":"category","embeddable":true,"href":"https:\/\/pagina10.com\/web\/wp-json\/wp\/v2\/categories?post=18846"},{"taxonomy":"post_tag","embeddable":true,"href":"https:\/\/pagina10.com\/web\/wp-json\/wp\/v2\/tags?post=18846"}],"curies":[{"name":"wp","href":"https:\/\/api.w.org\/{rel}","templated":true}]}}