{"id":18850,"date":"2015-12-09T12:57:46","date_gmt":"2015-12-09T12:57:46","guid":{"rendered":"https:\/\/pagina10.com\/web\/clasificacion-mundial-de-la-fifa-ubico-a-la-seleccion-colombia-en-8-lugar\/"},"modified":"2015-12-09T12:57:46","modified_gmt":"2015-12-09T12:57:46","slug":"clasificacion-mundial-de-la-fifa-ubico-a-la-seleccion-colombia-en-8-lugar","status":"publish","type":"post","link":"https:\/\/pagina10.com\/web\/clasificacion-mundial-de-la-fifa-ubico-a-la-seleccion-colombia-en-8-lugar\/","title":{"rendered":"Clasificaci\u00f3n Mundial de la FIFA ubic\u00f3 a la Selecci\u00f3n Colombia en 8 lugar"},"content":{"rendered":"<p><img fetchpriority=\"high\" decoding=\"async\" class=\" size-full wp-image-18849\" src=\"https:\/\/pagina10.com\/web\/wp-content\/uploads\/2015\/12\/77cda37698ccb90a80c7b44315874d95.jpg\" alt=\"\" width=\"4922\" height=\"2542\" \/><\/p>\n<p style=\"text-align: justify;\">Con 1211 puntos, la Selecci\u00f3n Colombia cedi\u00f3 un lugar en la Clasificaci\u00f3n Mundial de la FIFA en el mes de diciembre y de esta manera cierra el 2015 en la octava casilla del escalaf\u00f3n que confirm\u00f3 en la punta a la Selecci\u00f3n de B\u00e9lgica con 1494 puntos, seguida por Argentina con 1455.<\/p>\n<p style=\"text-align: justify;\">Los encuentros clasificatorios para la Copa Mundial de la FIFA Rusia 2018 influyeron notablemente en la edici\u00f3n de diciembre de la Clasificaci\u00f3n Mundial de la FIFA: de los 137 partidos computados, m\u00e1s de dos tercios (92) fueron eliminatorias mundialistas, ocho fueron eliminatorias para decidir cu\u00e1les ser\u00edan las cuatro selecciones finales de la Eurocopa 2016 y los 37 restantes fueron amistosos internacionales.<\/p>\n<p style=\"text-align: justify;\">Los Diablos Rojos se apoderaron, por primera vez, de la cumbre en la clasificaci\u00f3n en noviembre y gracias a la victoria por 3-1 alcanzada el pasado 23 de noviembre frente a Italia en Bruselas, se afianzaron en la primera posici\u00f3n en la \u00faltima evaluaci\u00f3n de 2015.<\/p>\n<p style=\"text-align: justify;\">El a\u00f1o que se acerca a su fin result\u00f3 ser muy competitivo, ya que Argentina, ubicada en el segundo puesto, y Espa\u00f1a, en el tercero, superaron en puntos a Alemania, la Selecci\u00f3n del A\u00f1o en 2014 y actual campeona del mundo.<\/p>\n<p>&nbsp;<\/p>\n<p>Estas fueron las primeras quince selecciones en la Clasificaci\u00f3n Mundial de la FIFA al cierre de 2015.<\/p>\n<table border=\"0\" cellspacing=\"0\" cellpadding=\"0\">\n<tbody>\n<tr>\n<td valign=\"bottom\" nowrap=\"nowrap\" width=\"172\"><strong>POSICION<\/strong><\/td>\n<td valign=\"bottom\" nowrap=\"nowrap\" width=\"180\"><strong>SELECCI\u00d3N<\/strong><\/td>\n<td valign=\"bottom\" nowrap=\"nowrap\" width=\"240\"><strong>PUNTOS<\/strong><\/td>\n<\/tr>\n<tr>\n<td valign=\"bottom\" nowrap=\"nowrap\" width=\"172\">1<\/td>\n<td valign=\"bottom\" nowrap=\"nowrap\" width=\"180\">B\u00c9LGICA<\/td>\n<td valign=\"bottom\" nowrap=\"nowrap\" width=\"240\">1494<\/td>\n<\/tr>\n<tr>\n<td valign=\"bottom\" nowrap=\"nowrap\" width=\"172\">2<\/td>\n<td valign=\"bottom\" nowrap=\"nowrap\" width=\"180\">ARGENTINA<\/td>\n<td valign=\"bottom\" nowrap=\"nowrap\" width=\"240\">1455<\/td>\n<\/tr>\n<tr>\n<td valign=\"bottom\" nowrap=\"nowrap\" width=\"172\">3<\/td>\n<td valign=\"bottom\" nowrap=\"nowrap\" width=\"180\">ESPA\u00d1A<\/td>\n<td valign=\"bottom\" nowrap=\"nowrap\" width=\"240\">1370<\/td>\n<\/tr>\n<tr>\n<td valign=\"bottom\" nowrap=\"nowrap\" width=\"172\">4<\/td>\n<td valign=\"bottom\" nowrap=\"nowrap\" width=\"180\">ALEMANIA<\/td>\n<td valign=\"bottom\" nowrap=\"nowrap\" width=\"240\">1347<\/td>\n<\/tr>\n<tr>\n<td valign=\"bottom\" nowrap=\"nowrap\" width=\"172\">5<\/td>\n<td valign=\"bottom\" nowrap=\"nowrap\" width=\"180\">CHILE<\/td>\n<td valign=\"bottom\" nowrap=\"nowrap\" width=\"240\">1273<\/td>\n<\/tr>\n<tr>\n<td valign=\"bottom\" nowrap=\"nowrap\" width=\"172\">6<\/td>\n<td valign=\"bottom\" nowrap=\"nowrap\" width=\"180\">BRASIL<\/td>\n<td valign=\"bottom\" nowrap=\"nowrap\" width=\"240\">1287<\/td>\n<\/tr>\n<tr>\n<td valign=\"bottom\" nowrap=\"nowrap\" width=\"172\">7<\/td>\n<td valign=\"bottom\" nowrap=\"nowrap\" width=\"180\">PORTUGAL<\/td>\n<td valign=\"bottom\" nowrap=\"nowrap\" width=\"240\">1219<\/td>\n<\/tr>\n<tr>\n<td valign=\"bottom\" nowrap=\"nowrap\" width=\"172\">8<\/td>\n<td valign=\"bottom\" nowrap=\"nowrap\" width=\"180\">COLOMBIA<\/td>\n<td valign=\"bottom\" nowrap=\"nowrap\" width=\"240\">1211<\/td>\n<\/tr>\n<tr>\n<td valign=\"bottom\" nowrap=\"nowrap\" width=\"172\">9<\/td>\n<td valign=\"bottom\" nowrap=\"nowrap\" width=\"180\">INGLATERRA<\/td>\n<td valign=\"bottom\" nowrap=\"nowrap\" width=\"240\">1106<\/td>\n<\/tr>\n<tr>\n<td valign=\"bottom\" nowrap=\"nowrap\" width=\"172\">10<\/td>\n<td valign=\"bottom\" nowrap=\"nowrap\" width=\"180\">AUSTRIA<\/td>\n<td valign=\"bottom\" nowrap=\"nowrap\" width=\"240\">1091<\/td>\n<\/tr>\n<tr>\n<td valign=\"bottom\" nowrap=\"nowrap\" width=\"172\">11<\/td>\n<td valign=\"bottom\" nowrap=\"nowrap\" width=\"180\">URUGUAY<\/td>\n<td valign=\"bottom\" nowrap=\"nowrap\" width=\"240\">1074<\/td>\n<\/tr>\n<tr>\n<td valign=\"bottom\" nowrap=\"nowrap\" width=\"172\">12<\/td>\n<td valign=\"bottom\" nowrap=\"nowrap\" width=\"180\">SUIZA<\/td>\n<td valign=\"bottom\" nowrap=\"nowrap\" width=\"240\">1050<\/td>\n<\/tr>\n<tr>\n<td valign=\"bottom\" nowrap=\"nowrap\" width=\"172\">13<\/td>\n<td valign=\"bottom\" nowrap=\"nowrap\" width=\"180\">ECUADOR<\/td>\n<td valign=\"bottom\" nowrap=\"nowrap\" width=\"240\">1040<\/td>\n<\/tr>\n<tr>\n<td valign=\"bottom\" nowrap=\"nowrap\" width=\"172\">14<\/td>\n<td valign=\"bottom\" nowrap=\"nowrap\" width=\"180\">HOLANDA<\/td>\n<td valign=\"bottom\" nowrap=\"nowrap\" width=\"240\">994<\/td>\n<\/tr>\n<tr>\n<td valign=\"bottom\" nowrap=\"nowrap\" width=\"172\">15<\/td>\n<td valign=\"bottom\" nowrap=\"nowrap\" width=\"180\">ITALIA<\/td>\n<td valign=\"bottom\" nowrap=\"nowrap\" width=\"240\">991<\/td>\n<\/tr>\n<\/tbody>\n<\/table>\n<p>&nbsp;<\/p>\n<p><strong>As\u00ed fue la evoluci\u00f3n de la Selecci\u00f3n Colombia en la Clasificaci\u00f3n Mundial FIFA entre enero y diciembre de 2015:<\/strong><\/p>\n<table border=\"0\" cellspacing=\"0\" cellpadding=\"0\">\n<tbody>\n<tr>\n<td valign=\"bottom\" nowrap=\"nowrap\" width=\"172\"><strong>MES<\/strong><\/td>\n<td valign=\"bottom\" nowrap=\"nowrap\" width=\"180\"><strong>POSICION<\/strong><\/td>\n<td valign=\"bottom\" nowrap=\"nowrap\" width=\"240\"><strong>PUNTOS<\/strong><\/td>\n<\/tr>\n<tr>\n<td valign=\"bottom\" nowrap=\"nowrap\" width=\"172\">Enero 2015<\/td>\n<td valign=\"bottom\" nowrap=\"nowrap\" width=\"180\">3<\/td>\n<td valign=\"bottom\" nowrap=\"nowrap\" width=\"240\">1450<\/td>\n<\/tr>\n<tr>\n<td valign=\"bottom\" nowrap=\"nowrap\" width=\"172\">Febrero 2015<\/td>\n<td valign=\"bottom\" nowrap=\"nowrap\" width=\"180\">3<\/td>\n<td valign=\"bottom\" nowrap=\"nowrap\" width=\"240\">1456<\/td>\n<\/tr>\n<tr>\n<td valign=\"bottom\" nowrap=\"nowrap\" width=\"172\">Marzo 2015<\/td>\n<td valign=\"bottom\" nowrap=\"nowrap\" width=\"180\">3<\/td>\n<td valign=\"bottom\" nowrap=\"nowrap\" width=\"240\">1499<\/td>\n<\/tr>\n<tr>\n<td valign=\"bottom\" nowrap=\"nowrap\" width=\"172\">Abril 2015<\/td>\n<td valign=\"bottom\" nowrap=\"nowrap\" width=\"180\">4<\/td>\n<td valign=\"bottom\" nowrap=\"nowrap\" width=\"240\">1412<\/td>\n<\/tr>\n<tr>\n<td valign=\"bottom\" nowrap=\"nowrap\" width=\"172\">Mayo 2015<\/td>\n<td valign=\"bottom\" nowrap=\"nowrap\" width=\"180\">4<\/td>\n<td valign=\"bottom\" nowrap=\"nowrap\" width=\"240\">1412<\/td>\n<\/tr>\n<tr>\n<td valign=\"bottom\" nowrap=\"nowrap\" width=\"172\">Junio 2015<\/td>\n<td valign=\"bottom\" nowrap=\"nowrap\" width=\"180\">4<\/td>\n<td valign=\"bottom\" nowrap=\"nowrap\" width=\"240\">1435<\/td>\n<\/tr>\n<tr>\n<td valign=\"bottom\" nowrap=\"nowrap\" width=\"172\">Julio 2015<\/td>\n<td valign=\"bottom\" nowrap=\"nowrap\" width=\"180\">4<\/td>\n<td valign=\"bottom\" nowrap=\"nowrap\" width=\"240\">1217<\/td>\n<\/tr>\n<tr>\n<td valign=\"bottom\" nowrap=\"nowrap\" width=\"172\">Agosto 2015<\/td>\n<td valign=\"bottom\" nowrap=\"nowrap\" width=\"180\">4<\/td>\n<td valign=\"bottom\" nowrap=\"nowrap\" width=\"240\">1218<\/td>\n<\/tr>\n<tr>\n<td valign=\"bottom\" nowrap=\"nowrap\" width=\"172\">Septiembre 2015<\/td>\n<td valign=\"bottom\" nowrap=\"nowrap\" width=\"180\">4<\/td>\n<td valign=\"bottom\" nowrap=\"nowrap\" width=\"240\">1224<\/td>\n<\/tr>\n<tr>\n<td valign=\"bottom\" nowrap=\"nowrap\" width=\"172\">Octubre 2015<\/td>\n<td valign=\"bottom\" nowrap=\"nowrap\" width=\"180\">5<\/td>\n<td valign=\"bottom\" nowrap=\"nowrap\" width=\"240\">1228<\/td>\n<\/tr>\n<tr>\n<td valign=\"bottom\" nowrap=\"nowrap\" width=\"172\">Noviembre 2015<\/td>\n<td valign=\"bottom\" nowrap=\"nowrap\" width=\"180\">7<\/td>\n<td valign=\"bottom\" nowrap=\"nowrap\" width=\"240\">1224<\/td>\n<\/tr>\n<tr>\n<td valign=\"bottom\" nowrap=\"nowrap\" width=\"172\">Diciembre 2015<\/td>\n<td valign=\"bottom\" nowrap=\"nowrap\" width=\"180\">8<\/td>\n<td valign=\"bottom\" nowrap=\"nowrap\" width=\"240\">1211<\/td>\n<\/tr>\n<\/tbody>\n<\/table>\n<p>&nbsp;<\/p>\n<p>De esta manera quedaron ubicadas las diez selecciones de la CONMEBOL:<\/p>\n<table border=\"0\" cellspacing=\"0\" cellpadding=\"0\">\n<tbody>\n<tr>\n<td valign=\"bottom\" nowrap=\"nowrap\" width=\"172\">SELECCI\u00d3N<\/td>\n<td valign=\"bottom\" nowrap=\"nowrap\" width=\"180\"><strong>POSICI\u00d3N<\/strong><\/td>\n<td valign=\"bottom\" nowrap=\"nowrap\" width=\"240\"><strong>PUNTOS<\/strong><\/td>\n<\/tr>\n<tr>\n<td valign=\"bottom\" nowrap=\"nowrap\" width=\"172\">ARGENTINA<\/td>\n<td valign=\"bottom\" nowrap=\"nowrap\" width=\"180\">2<\/td>\n<td valign=\"bottom\" nowrap=\"nowrap\" width=\"240\">1455<\/td>\n<\/tr>\n<tr>\n<td valign=\"bottom\" nowrap=\"nowrap\" width=\"172\">CHILE<\/td>\n<td valign=\"bottom\" nowrap=\"nowrap\" width=\"180\">5<\/td>\n<td valign=\"bottom\" nowrap=\"nowrap\" width=\"240\">1273<\/td>\n<\/tr>\n<tr>\n<td valign=\"bottom\" nowrap=\"nowrap\" width=\"172\">BRASIL<\/td>\n<td valign=\"bottom\" nowrap=\"nowrap\" width=\"180\">7<\/td>\n<td valign=\"bottom\" nowrap=\"nowrap\" width=\"240\">1251<\/td>\n<\/tr>\n<tr>\n<td valign=\"bottom\" nowrap=\"nowrap\" width=\"172\">COLOMBIA<\/td>\n<td valign=\"bottom\" nowrap=\"nowrap\" width=\"180\">8<\/td>\n<td valign=\"bottom\" nowrap=\"nowrap\" width=\"240\">1211<\/td>\n<\/tr>\n<tr>\n<td valign=\"bottom\" nowrap=\"nowrap\" width=\"172\">URUGUAY<\/td>\n<td valign=\"bottom\" nowrap=\"nowrap\" width=\"180\">11<\/td>\n<td valign=\"bottom\" nowrap=\"nowrap\" width=\"240\">1074<\/td>\n<\/tr>\n<tr>\n<td valign=\"bottom\" nowrap=\"nowrap\" width=\"172\">ECUADOR<\/td>\n<td valign=\"bottom\" nowrap=\"nowrap\" width=\"180\">13<\/td>\n<td valign=\"bottom\" nowrap=\"nowrap\" width=\"240\">1040<\/td>\n<\/tr>\n<tr>\n<td valign=\"bottom\" nowrap=\"nowrap\" width=\"172\">PARAGUAY<\/td>\n<td valign=\"bottom\" nowrap=\"nowrap\" width=\"180\">46<\/td>\n<td valign=\"bottom\" nowrap=\"nowrap\" width=\"240\">647<\/td>\n<\/tr>\n<tr>\n<td valign=\"bottom\" nowrap=\"nowrap\" width=\"172\">PER\u00da<\/td>\n<td valign=\"bottom\" nowrap=\"nowrap\" width=\"180\">47<\/td>\n<td valign=\"bottom\" nowrap=\"nowrap\" width=\"240\">644<\/td>\n<\/tr>\n<tr>\n<td valign=\"bottom\" nowrap=\"nowrap\" width=\"172\">BOLIVIA<\/td>\n<td valign=\"bottom\" nowrap=\"nowrap\" width=\"180\">68<\/td>\n<td valign=\"bottom\" nowrap=\"nowrap\" width=\"240\">500<\/td>\n<\/tr>\n<tr>\n<td valign=\"bottom\" nowrap=\"nowrap\" width=\"172\">VENEZUELA<\/td>\n<td valign=\"bottom\" nowrap=\"nowrap\" width=\"180\">83<\/td>\n<td valign=\"bottom\" nowrap=\"nowrap\" width=\"240\">408<\/td>\n<\/tr>\n<\/tbody>\n<\/table>\n<p>&nbsp;<\/p>\n<p>Fuente: FCF&nbsp;<\/p>\n<p>&nbsp;<\/p>\n","protected":false},"excerpt":{"rendered":"<p>Con 1211 puntos, la Selecci\u00f3n Colombia cedi\u00f3 un lugar en la Clasificaci\u00f3n Mundial de la FIFA en el mes de diciembre y de esta manera cierra el 2015 en la octava casilla del escalaf\u00f3n que confirm\u00f3 en la punta a la Selecci\u00f3n de B\u00e9lgica con 1494 puntos, seguida por Argentina con 1455. Los encuentros clasificatorios [&hellip;]<\/p>\n","protected":false},"author":29,"featured_media":18849,"comment_status":"open","ping_status":"open","sticky":false,"template":"","format":"standard","meta":{"footnotes":""},"categories":[1],"tags":[],"class_list":["post-18850","post","type-post","status-publish","format-standard","has-post-thumbnail","hentry","category-sin-categoria"],"yoast_head":"<!-- This site is optimized with the Yoast SEO plugin v27.1.1 - https:\/\/yoast.com\/product\/yoast-seo-wordpress\/ -->\n<title>Clasificaci\u00f3n Mundial de la FIFA ubic\u00f3 a la Selecci\u00f3n Colombia en 8 lugar | P\u00e1gina10<\/title>\n<meta name=\"robots\" content=\"index, follow, max-snippet:-1, max-image-preview:large, max-video-preview:-1\" \/>\n<link rel=\"canonical\" href=\"https:\/\/pagina10.com\/web\/clasificacion-mundial-de-la-fifa-ubico-a-la-seleccion-colombia-en-8-lugar\/\" \/>\n<meta property=\"og:locale\" content=\"es_ES\" \/>\n<meta property=\"og:type\" content=\"article\" \/>\n<meta property=\"og:title\" content=\"Clasificaci\u00f3n Mundial de la FIFA ubic\u00f3 a la Selecci\u00f3n Colombia en 8 lugar | P\u00e1gina10\" \/>\n<meta property=\"og:description\" content=\"Con 1211 puntos, la Selecci\u00f3n Colombia cedi\u00f3 un lugar en la Clasificaci\u00f3n Mundial de la FIFA en el mes de diciembre y de esta manera cierra el 2015 en la octava casilla del escalaf\u00f3n que confirm\u00f3 en la punta a la Selecci\u00f3n de B\u00e9lgica con 1494 puntos, seguida por Argentina con 1455. Los encuentros clasificatorios [&hellip;]\" \/>\n<meta property=\"og:url\" content=\"https:\/\/pagina10.com\/web\/clasificacion-mundial-de-la-fifa-ubico-a-la-seleccion-colombia-en-8-lugar\/\" \/>\n<meta property=\"og:site_name\" content=\"P\u00e1gina10\" \/>\n<meta property=\"article:publisher\" content=\"https:\/\/www.facebook.com\/pag10com\" \/>\n<meta property=\"article:published_time\" content=\"2015-12-09T12:57:46+00:00\" \/>\n<meta property=\"og:image\" content=\"https:\/\/pagina10.com\/web\/wp-content\/uploads\/2015\/12\/77cda37698ccb90a80c7b44315874d95-scaled.jpg\" \/>\n\t<meta property=\"og:image:width\" content=\"2560\" \/>\n\t<meta property=\"og:image:height\" content=\"1322\" \/>\n\t<meta property=\"og:image:type\" content=\"image\/jpeg\" \/>\n<meta name=\"author\" content=\"P\u00e1gina 10\" \/>\n<meta name=\"twitter:card\" content=\"summary_large_image\" \/>\n<meta name=\"twitter:creator\" content=\"@Pag10com\" \/>\n<meta name=\"twitter:site\" content=\"@Pag10com\" \/>\n<meta name=\"twitter:label1\" content=\"Escrito por\" \/>\n\t<meta name=\"twitter:data1\" content=\"P\u00e1gina 10\" \/>\n\t<meta name=\"twitter:label2\" content=\"Tiempo de lectura\" \/>\n\t<meta name=\"twitter:data2\" content=\"2 minutos\" \/>\n<script type=\"application\/ld+json\" class=\"yoast-schema-graph\">{\"@context\":\"https:\/\/schema.org\",\"@graph\":[{\"@type\":\"Article\",\"@id\":\"https:\/\/pagina10.com\/web\/clasificacion-mundial-de-la-fifa-ubico-a-la-seleccion-colombia-en-8-lugar\/#article\",\"isPartOf\":{\"@id\":\"https:\/\/pagina10.com\/web\/clasificacion-mundial-de-la-fifa-ubico-a-la-seleccion-colombia-en-8-lugar\/\"},\"author\":{\"name\":\"P\u00e1gina 10\",\"@id\":\"https:\/\/pagina10.com\/web\/#\/schema\/person\/a7a5d38f0629dfc107f619fbae4f6cc3\"},\"headline\":\"Clasificaci\u00f3n Mundial de la FIFA ubic\u00f3 a la Selecci\u00f3n Colombia en 8 lugar\",\"datePublished\":\"2015-12-09T12:57:46+00:00\",\"mainEntityOfPage\":{\"@id\":\"https:\/\/pagina10.com\/web\/clasificacion-mundial-de-la-fifa-ubico-a-la-seleccion-colombia-en-8-lugar\/\"},\"wordCount\":327,\"commentCount\":0,\"publisher\":{\"@id\":\"https:\/\/pagina10.com\/web\/#organization\"},\"image\":{\"@id\":\"https:\/\/pagina10.com\/web\/clasificacion-mundial-de-la-fifa-ubico-a-la-seleccion-colombia-en-8-lugar\/#primaryimage\"},\"thumbnailUrl\":\"https:\/\/pagina10.com\/web\/wp-content\/uploads\/2015\/12\/77cda37698ccb90a80c7b44315874d95-scaled.jpg\",\"inLanguage\":\"es\",\"potentialAction\":[{\"@type\":\"CommentAction\",\"name\":\"Comment\",\"target\":[\"https:\/\/pagina10.com\/web\/clasificacion-mundial-de-la-fifa-ubico-a-la-seleccion-colombia-en-8-lugar\/#respond\"]}]},{\"@type\":\"WebPage\",\"@id\":\"https:\/\/pagina10.com\/web\/clasificacion-mundial-de-la-fifa-ubico-a-la-seleccion-colombia-en-8-lugar\/\",\"url\":\"https:\/\/pagina10.com\/web\/clasificacion-mundial-de-la-fifa-ubico-a-la-seleccion-colombia-en-8-lugar\/\",\"name\":\"Clasificaci\u00f3n Mundial de la FIFA ubic\u00f3 a la Selecci\u00f3n Colombia en 8 lugar | P\u00e1gina10\",\"isPartOf\":{\"@id\":\"https:\/\/pagina10.com\/web\/#website\"},\"primaryImageOfPage\":{\"@id\":\"https:\/\/pagina10.com\/web\/clasificacion-mundial-de-la-fifa-ubico-a-la-seleccion-colombia-en-8-lugar\/#primaryimage\"},\"image\":{\"@id\":\"https:\/\/pagina10.com\/web\/clasificacion-mundial-de-la-fifa-ubico-a-la-seleccion-colombia-en-8-lugar\/#primaryimage\"},\"thumbnailUrl\":\"https:\/\/pagina10.com\/web\/wp-content\/uploads\/2015\/12\/77cda37698ccb90a80c7b44315874d95-scaled.jpg\",\"datePublished\":\"2015-12-09T12:57:46+00:00\",\"breadcrumb\":{\"@id\":\"https:\/\/pagina10.com\/web\/clasificacion-mundial-de-la-fifa-ubico-a-la-seleccion-colombia-en-8-lugar\/#breadcrumb\"},\"inLanguage\":\"es\",\"potentialAction\":[{\"@type\":\"ReadAction\",\"target\":[\"https:\/\/pagina10.com\/web\/clasificacion-mundial-de-la-fifa-ubico-a-la-seleccion-colombia-en-8-lugar\/\"]}]},{\"@type\":\"ImageObject\",\"inLanguage\":\"es\",\"@id\":\"https:\/\/pagina10.com\/web\/clasificacion-mundial-de-la-fifa-ubico-a-la-seleccion-colombia-en-8-lugar\/#primaryimage\",\"url\":\"https:\/\/pagina10.com\/web\/wp-content\/uploads\/2015\/12\/77cda37698ccb90a80c7b44315874d95-scaled.jpg\",\"contentUrl\":\"https:\/\/pagina10.com\/web\/wp-content\/uploads\/2015\/12\/77cda37698ccb90a80c7b44315874d95-scaled.jpg\",\"width\":2560,\"height\":1322},{\"@type\":\"BreadcrumbList\",\"@id\":\"https:\/\/pagina10.com\/web\/clasificacion-mundial-de-la-fifa-ubico-a-la-seleccion-colombia-en-8-lugar\/#breadcrumb\",\"itemListElement\":[{\"@type\":\"ListItem\",\"position\":1,\"name\":\"Portada\",\"item\":\"https:\/\/pagina10.com\/web\/\"},{\"@type\":\"ListItem\",\"position\":2,\"name\":\"Clasificaci\u00f3n Mundial de la FIFA ubic\u00f3 a la Selecci\u00f3n Colombia en 8 lugar\"}]},{\"@type\":\"WebSite\",\"@id\":\"https:\/\/pagina10.com\/web\/#website\",\"url\":\"https:\/\/pagina10.com\/web\/\",\"name\":\"P\u00e1gina10\",\"description\":\"Peri\u00f3dico Regional\",\"publisher\":{\"@id\":\"https:\/\/pagina10.com\/web\/#organization\"},\"alternateName\":\"P\u00e1gina10 Peri\u00f3dico Regional\",\"potentialAction\":[{\"@type\":\"SearchAction\",\"target\":{\"@type\":\"EntryPoint\",\"urlTemplate\":\"https:\/\/pagina10.com\/web\/?s={search_term_string}\"},\"query-input\":{\"@type\":\"PropertyValueSpecification\",\"valueRequired\":true,\"valueName\":\"search_term_string\"}}],\"inLanguage\":\"es\"},{\"@type\":\"Organization\",\"@id\":\"https:\/\/pagina10.com\/web\/#organization\",\"name\":\"P\u00e1gina10\",\"alternateName\":\"P\u00e1gina10 Peri\u00f3dico Regional\",\"url\":\"https:\/\/pagina10.com\/web\/\",\"logo\":{\"@type\":\"ImageObject\",\"inLanguage\":\"es\",\"@id\":\"https:\/\/pagina10.com\/web\/#\/schema\/logo\/image\/\",\"url\":\"https:\/\/pagina10.com\/web\/wp-content\/uploads\/2024\/01\/40-pagina-10-periodico-regional-pasto.jpg\",\"contentUrl\":\"https:\/\/pagina10.com\/web\/wp-content\/uploads\/2024\/01\/40-pagina-10-periodico-regional-pasto.jpg\",\"width\":1280,\"height\":720,\"caption\":\"P\u00e1gina10\"},\"image\":{\"@id\":\"https:\/\/pagina10.com\/web\/#\/schema\/logo\/image\/\"},\"sameAs\":[\"https:\/\/www.facebook.com\/pag10com\",\"https:\/\/x.com\/Pag10com\",\"https:\/\/www.instagram.com\/pagina10col\/\",\"https:\/\/youtube.com\/channel\/pag10\",\"https:\/\/www.tiktok.com\/@p10col\"]},{\"@type\":\"Person\",\"@id\":\"https:\/\/pagina10.com\/web\/#\/schema\/person\/a7a5d38f0629dfc107f619fbae4f6cc3\",\"name\":\"P\u00e1gina 10\",\"description\":\"P\u00e1gina10.com es un peri\u00f3dico digital que nace en Colombia, en el departamento de Nari\u00f1o, con un enfoque global, fundamentado en cuatro pilares esenciales: la libertad, el pluralismo, la inclusi\u00f3n y la independencia. P\u00e1gina10.com hace referencia a Nari\u00f1o como el d\u00e9cimo departamento creado en Colombia, despu\u00e9s de un proceso pol\u00edtico liderado por actores y actrices regionales con el fin de obtener la independencia y autonom\u00eda de nuestros territorios. Con la creaci\u00f3n de P\u00e1gina10.com se pretende abrir un escenario para el dialogo, la reflexi\u00f3n y el debate que se extienda a otras geograf\u00edas de Am\u00e9rica Latina y del planeta, en una apuesta por transformar colectivamente los desaf\u00edos de un mundo contempor\u00e1neo, m\u00e1s all\u00e1 de las fronteras impuestas.\",\"url\":\"https:\/\/pagina10.com\/web\/author\/mcepeda\/\"}]}<\/script>\n<!-- \/ Yoast SEO plugin. -->","yoast_head_json":{"title":"Clasificaci\u00f3n Mundial de la FIFA ubic\u00f3 a la Selecci\u00f3n Colombia en 8 lugar | P\u00e1gina10","robots":{"index":"index","follow":"follow","max-snippet":"max-snippet:-1","max-image-preview":"max-image-preview:large","max-video-preview":"max-video-preview:-1"},"canonical":"https:\/\/pagina10.com\/web\/clasificacion-mundial-de-la-fifa-ubico-a-la-seleccion-colombia-en-8-lugar\/","og_locale":"es_ES","og_type":"article","og_title":"Clasificaci\u00f3n Mundial de la FIFA ubic\u00f3 a la Selecci\u00f3n Colombia en 8 lugar | P\u00e1gina10","og_description":"Con 1211 puntos, la Selecci\u00f3n Colombia cedi\u00f3 un lugar en la Clasificaci\u00f3n Mundial de la FIFA en el mes de diciembre y de esta manera cierra el 2015 en la octava casilla del escalaf\u00f3n que confirm\u00f3 en la punta a la Selecci\u00f3n de B\u00e9lgica con 1494 puntos, seguida por Argentina con 1455. Los encuentros clasificatorios [&hellip;]","og_url":"https:\/\/pagina10.com\/web\/clasificacion-mundial-de-la-fifa-ubico-a-la-seleccion-colombia-en-8-lugar\/","og_site_name":"P\u00e1gina10","article_publisher":"https:\/\/www.facebook.com\/pag10com","article_published_time":"2015-12-09T12:57:46+00:00","og_image":[{"width":2560,"height":1322,"url":"https:\/\/pagina10.com\/web\/wp-content\/uploads\/2015\/12\/77cda37698ccb90a80c7b44315874d95-scaled.jpg","type":"image\/jpeg"}],"author":"P\u00e1gina 10","twitter_card":"summary_large_image","twitter_creator":"@Pag10com","twitter_site":"@Pag10com","twitter_misc":{"Escrito por":"P\u00e1gina 10","Tiempo de lectura":"2 minutos"},"schema":{"@context":"https:\/\/schema.org","@graph":[{"@type":"Article","@id":"https:\/\/pagina10.com\/web\/clasificacion-mundial-de-la-fifa-ubico-a-la-seleccion-colombia-en-8-lugar\/#article","isPartOf":{"@id":"https:\/\/pagina10.com\/web\/clasificacion-mundial-de-la-fifa-ubico-a-la-seleccion-colombia-en-8-lugar\/"},"author":{"name":"P\u00e1gina 10","@id":"https:\/\/pagina10.com\/web\/#\/schema\/person\/a7a5d38f0629dfc107f619fbae4f6cc3"},"headline":"Clasificaci\u00f3n Mundial de la FIFA ubic\u00f3 a la Selecci\u00f3n Colombia en 8 lugar","datePublished":"2015-12-09T12:57:46+00:00","mainEntityOfPage":{"@id":"https:\/\/pagina10.com\/web\/clasificacion-mundial-de-la-fifa-ubico-a-la-seleccion-colombia-en-8-lugar\/"},"wordCount":327,"commentCount":0,"publisher":{"@id":"https:\/\/pagina10.com\/web\/#organization"},"image":{"@id":"https:\/\/pagina10.com\/web\/clasificacion-mundial-de-la-fifa-ubico-a-la-seleccion-colombia-en-8-lugar\/#primaryimage"},"thumbnailUrl":"https:\/\/pagina10.com\/web\/wp-content\/uploads\/2015\/12\/77cda37698ccb90a80c7b44315874d95-scaled.jpg","inLanguage":"es","potentialAction":[{"@type":"CommentAction","name":"Comment","target":["https:\/\/pagina10.com\/web\/clasificacion-mundial-de-la-fifa-ubico-a-la-seleccion-colombia-en-8-lugar\/#respond"]}]},{"@type":"WebPage","@id":"https:\/\/pagina10.com\/web\/clasificacion-mundial-de-la-fifa-ubico-a-la-seleccion-colombia-en-8-lugar\/","url":"https:\/\/pagina10.com\/web\/clasificacion-mundial-de-la-fifa-ubico-a-la-seleccion-colombia-en-8-lugar\/","name":"Clasificaci\u00f3n Mundial de la FIFA ubic\u00f3 a la Selecci\u00f3n Colombia en 8 lugar | P\u00e1gina10","isPartOf":{"@id":"https:\/\/pagina10.com\/web\/#website"},"primaryImageOfPage":{"@id":"https:\/\/pagina10.com\/web\/clasificacion-mundial-de-la-fifa-ubico-a-la-seleccion-colombia-en-8-lugar\/#primaryimage"},"image":{"@id":"https:\/\/pagina10.com\/web\/clasificacion-mundial-de-la-fifa-ubico-a-la-seleccion-colombia-en-8-lugar\/#primaryimage"},"thumbnailUrl":"https:\/\/pagina10.com\/web\/wp-content\/uploads\/2015\/12\/77cda37698ccb90a80c7b44315874d95-scaled.jpg","datePublished":"2015-12-09T12:57:46+00:00","breadcrumb":{"@id":"https:\/\/pagina10.com\/web\/clasificacion-mundial-de-la-fifa-ubico-a-la-seleccion-colombia-en-8-lugar\/#breadcrumb"},"inLanguage":"es","potentialAction":[{"@type":"ReadAction","target":["https:\/\/pagina10.com\/web\/clasificacion-mundial-de-la-fifa-ubico-a-la-seleccion-colombia-en-8-lugar\/"]}]},{"@type":"ImageObject","inLanguage":"es","@id":"https:\/\/pagina10.com\/web\/clasificacion-mundial-de-la-fifa-ubico-a-la-seleccion-colombia-en-8-lugar\/#primaryimage","url":"https:\/\/pagina10.com\/web\/wp-content\/uploads\/2015\/12\/77cda37698ccb90a80c7b44315874d95-scaled.jpg","contentUrl":"https:\/\/pagina10.com\/web\/wp-content\/uploads\/2015\/12\/77cda37698ccb90a80c7b44315874d95-scaled.jpg","width":2560,"height":1322},{"@type":"BreadcrumbList","@id":"https:\/\/pagina10.com\/web\/clasificacion-mundial-de-la-fifa-ubico-a-la-seleccion-colombia-en-8-lugar\/#breadcrumb","itemListElement":[{"@type":"ListItem","position":1,"name":"Portada","item":"https:\/\/pagina10.com\/web\/"},{"@type":"ListItem","position":2,"name":"Clasificaci\u00f3n Mundial de la FIFA ubic\u00f3 a la Selecci\u00f3n Colombia en 8 lugar"}]},{"@type":"WebSite","@id":"https:\/\/pagina10.com\/web\/#website","url":"https:\/\/pagina10.com\/web\/","name":"P\u00e1gina10","description":"Peri\u00f3dico Regional","publisher":{"@id":"https:\/\/pagina10.com\/web\/#organization"},"alternateName":"P\u00e1gina10 Peri\u00f3dico Regional","potentialAction":[{"@type":"SearchAction","target":{"@type":"EntryPoint","urlTemplate":"https:\/\/pagina10.com\/web\/?s={search_term_string}"},"query-input":{"@type":"PropertyValueSpecification","valueRequired":true,"valueName":"search_term_string"}}],"inLanguage":"es"},{"@type":"Organization","@id":"https:\/\/pagina10.com\/web\/#organization","name":"P\u00e1gina10","alternateName":"P\u00e1gina10 Peri\u00f3dico Regional","url":"https:\/\/pagina10.com\/web\/","logo":{"@type":"ImageObject","inLanguage":"es","@id":"https:\/\/pagina10.com\/web\/#\/schema\/logo\/image\/","url":"https:\/\/pagina10.com\/web\/wp-content\/uploads\/2024\/01\/40-pagina-10-periodico-regional-pasto.jpg","contentUrl":"https:\/\/pagina10.com\/web\/wp-content\/uploads\/2024\/01\/40-pagina-10-periodico-regional-pasto.jpg","width":1280,"height":720,"caption":"P\u00e1gina10"},"image":{"@id":"https:\/\/pagina10.com\/web\/#\/schema\/logo\/image\/"},"sameAs":["https:\/\/www.facebook.com\/pag10com","https:\/\/x.com\/Pag10com","https:\/\/www.instagram.com\/pagina10col\/","https:\/\/youtube.com\/channel\/pag10","https:\/\/www.tiktok.com\/@p10col"]},{"@type":"Person","@id":"https:\/\/pagina10.com\/web\/#\/schema\/person\/a7a5d38f0629dfc107f619fbae4f6cc3","name":"P\u00e1gina 10","description":"P\u00e1gina10.com es un peri\u00f3dico digital que nace en Colombia, en el departamento de Nari\u00f1o, con un enfoque global, fundamentado en cuatro pilares esenciales: la libertad, el pluralismo, la inclusi\u00f3n y la independencia. P\u00e1gina10.com hace referencia a Nari\u00f1o como el d\u00e9cimo departamento creado en Colombia, despu\u00e9s de un proceso pol\u00edtico liderado por actores y actrices regionales con el fin de obtener la independencia y autonom\u00eda de nuestros territorios. Con la creaci\u00f3n de P\u00e1gina10.com se pretende abrir un escenario para el dialogo, la reflexi\u00f3n y el debate que se extienda a otras geograf\u00edas de Am\u00e9rica Latina y del planeta, en una apuesta por transformar colectivamente los desaf\u00edos de un mundo contempor\u00e1neo, m\u00e1s all\u00e1 de las fronteras impuestas.","url":"https:\/\/pagina10.com\/web\/author\/mcepeda\/"}]}},"_links":{"self":[{"href":"https:\/\/pagina10.com\/web\/wp-json\/wp\/v2\/posts\/18850","targetHints":{"allow":["GET"]}}],"collection":[{"href":"https:\/\/pagina10.com\/web\/wp-json\/wp\/v2\/posts"}],"about":[{"href":"https:\/\/pagina10.com\/web\/wp-json\/wp\/v2\/types\/post"}],"author":[{"embeddable":true,"href":"https:\/\/pagina10.com\/web\/wp-json\/wp\/v2\/users\/29"}],"replies":[{"embeddable":true,"href":"https:\/\/pagina10.com\/web\/wp-json\/wp\/v2\/comments?post=18850"}],"version-history":[{"count":0,"href":"https:\/\/pagina10.com\/web\/wp-json\/wp\/v2\/posts\/18850\/revisions"}],"wp:featuredmedia":[{"embeddable":true,"href":"https:\/\/pagina10.com\/web\/wp-json\/wp\/v2\/media\/18849"}],"wp:attachment":[{"href":"https:\/\/pagina10.com\/web\/wp-json\/wp\/v2\/media?parent=18850"}],"wp:term":[{"taxonomy":"category","embeddable":true,"href":"https:\/\/pagina10.com\/web\/wp-json\/wp\/v2\/categories?post=18850"},{"taxonomy":"post_tag","embeddable":true,"href":"https:\/\/pagina10.com\/web\/wp-json\/wp\/v2\/tags?post=18850"}],"curies":[{"name":"wp","href":"https:\/\/api.w.org\/{rel}","templated":true}]}}