{"id":18852,"date":"2015-12-09T14:17:01","date_gmt":"2015-12-09T14:17:01","guid":{"rendered":"https:\/\/pagina10.com\/web\/finaliza-con-exito-talleres-de-cultura-ciudadana-apoyados-con-presupuesto-participativo\/"},"modified":"2015-12-09T14:17:01","modified_gmt":"2015-12-09T14:17:01","slug":"finaliza-con-exito-talleres-de-cultura-ciudadana-apoyados-con-presupuesto-participativo","status":"publish","type":"post","link":"https:\/\/pagina10.com\/web\/finaliza-con-exito-talleres-de-cultura-ciudadana-apoyados-con-presupuesto-participativo\/","title":{"rendered":"Finaliza con \u00e9xito talleres de cultura ciudadana a j\u00f3venes realizadores audiovisuales"},"content":{"rendered":"<p><img fetchpriority=\"high\" decoding=\"async\" class=\" size-full wp-image-18851\" src=\"https:\/\/pagina10.com\/web\/wp-content\/uploads\/2015\/12\/159cbf4731f9f10f0ddef09a9bf0f456.jpg\" alt=\"\" width=\"854\" height=\"481\" srcset=\"https:\/\/pagina10.com\/web\/wp-content\/uploads\/2015\/12\/159cbf4731f9f10f0ddef09a9bf0f456.jpg 854w, https:\/\/pagina10.com\/web\/wp-content\/uploads\/2015\/12\/159cbf4731f9f10f0ddef09a9bf0f456-300x169.jpg 300w, https:\/\/pagina10.com\/web\/wp-content\/uploads\/2015\/12\/159cbf4731f9f10f0ddef09a9bf0f456-768x433.jpg 768w\" sizes=\"(max-width: 854px) 100vw, 854px\" \/><\/p>\n<p style=\"text-align: justify;\">La Subsecretaria de Cultura Ciudadana viene trabajando con la comunidad de Pasto unos talleres de Cultura Ciudadana en el proceso de Presupuesto Participativo.<\/p>\n<p style=\"text-align: justify;\">La Doctora Magda Cadena, Subsecretaria de Cultura indic\u00f3 que este es un proyecto de la escuela audiovisual infantil de cine y video comunitario cuyo objetivo es formar en audiovisual a ni\u00f1os y j\u00f3venes para mostrar la ciudad y sus potencialidades, ver y dar a conocer la localidad desde m\u00faltiples miradas mediante cortometrajes y microdocumentales creativos de buena factura conceptual.<\/p>\n<p style=\"text-align: justify;\">A estos ni\u00f1os y j\u00f3venes se los ha formado en escritura, en edici\u00f3n, producci\u00f3n, grabaci\u00f3n y difusi\u00f3n de las producciones audiovisuales para que a la par se construyan tejidos sociales con las familias y comunidades mas cercanas.<\/p>\n<p style=\"text-align: justify;\">Este trabajo se lo realiz\u00f3 con las instituciones educativas de Gualmatan en la parte rural y en la ciudad con la comuna 8. El proyecto fue apoyado por la&nbsp;Fundaci\u00f3n Perro Triste Producciones quienes trabajaron por 5 meses con estas comunidades. &nbsp;<\/p>\n<p><iframe width=\"560\" height=\"315\" src=\"https:\/\/www.youtube.com\/embed\/Wg3zh6vgqaU\" frameborder=\"0\" allowfullscreen=\"true\"><\/iframe><\/p>\n<p>&nbsp;<\/p>\n<p><iframe width=\"560\" height=\"315\" src=\"https:\/\/www.youtube.com\/embed\/j8zWstA5HRk\" frameborder=\"0\" allowfullscreen=\"true\"><\/iframe><\/p>\n<p>&nbsp;<\/p>\n<p><iframe width=\"560\" height=\"315\" src=\"https:\/\/www.youtube.com\/embed\/ZWMRcRgkKXs\" frameborder=\"0\" allowfullscreen=\"true\"><\/iframe><\/p>\n","protected":false},"excerpt":{"rendered":"<p>La Subsecretaria de Cultura Ciudadana viene trabajando con la comunidad de Pasto unos talleres de Cultura Ciudadana en el proceso de Presupuesto Participativo. La Doctora Magda Cadena, Subsecretaria de Cultura indic\u00f3 que este es un proyecto de la escuela audiovisual infantil de cine y video comunitario cuyo objetivo es formar en audiovisual a ni\u00f1os y [&hellip;]<\/p>\n","protected":false},"author":29,"featured_media":18851,"comment_status":"open","ping_status":"open","sticky":false,"template":"","format":"standard","meta":{"footnotes":""},"categories":[1],"tags":[],"class_list":["post-18852","post","type-post","status-publish","format-standard","has-post-thumbnail","hentry","category-sin-categoria"],"yoast_head":"<!-- This site is optimized with the Yoast SEO plugin v27.1.1 - https:\/\/yoast.com\/product\/yoast-seo-wordpress\/ -->\n<title>Finaliza con \u00e9xito talleres de cultura ciudadana a j\u00f3venes realizadores audiovisuales | P\u00e1gina10<\/title>\n<meta name=\"robots\" content=\"index, follow, max-snippet:-1, max-image-preview:large, max-video-preview:-1\" \/>\n<link rel=\"canonical\" href=\"https:\/\/pagina10.com\/web\/finaliza-con-exito-talleres-de-cultura-ciudadana-apoyados-con-presupuesto-participativo\/\" \/>\n<meta property=\"og:locale\" content=\"es_ES\" \/>\n<meta property=\"og:type\" content=\"article\" \/>\n<meta property=\"og:title\" content=\"Finaliza con \u00e9xito talleres de cultura ciudadana a j\u00f3venes realizadores audiovisuales | P\u00e1gina10\" \/>\n<meta property=\"og:description\" content=\"La Subsecretaria de Cultura Ciudadana viene trabajando con la comunidad de Pasto unos talleres de Cultura Ciudadana en el proceso de Presupuesto Participativo. La Doctora Magda Cadena, Subsecretaria de Cultura indic\u00f3 que este es un proyecto de la escuela audiovisual infantil de cine y video comunitario cuyo objetivo es formar en audiovisual a ni\u00f1os y [&hellip;]\" \/>\n<meta property=\"og:url\" content=\"https:\/\/pagina10.com\/web\/finaliza-con-exito-talleres-de-cultura-ciudadana-apoyados-con-presupuesto-participativo\/\" \/>\n<meta property=\"og:site_name\" content=\"P\u00e1gina10\" \/>\n<meta property=\"article:publisher\" content=\"https:\/\/www.facebook.com\/pag10com\" \/>\n<meta property=\"article:published_time\" content=\"2015-12-09T14:17:01+00:00\" \/>\n<meta property=\"og:image\" content=\"https:\/\/pagina10.com\/web\/wp-content\/uploads\/2015\/12\/159cbf4731f9f10f0ddef09a9bf0f456.jpg\" \/>\n\t<meta property=\"og:image:width\" content=\"854\" \/>\n\t<meta property=\"og:image:height\" content=\"481\" \/>\n\t<meta property=\"og:image:type\" content=\"image\/jpeg\" \/>\n<meta name=\"author\" content=\"P\u00e1gina 10\" \/>\n<meta name=\"twitter:card\" content=\"summary_large_image\" \/>\n<meta name=\"twitter:creator\" content=\"@Pag10com\" \/>\n<meta name=\"twitter:site\" content=\"@Pag10com\" \/>\n<meta name=\"twitter:label1\" content=\"Escrito por\" \/>\n\t<meta name=\"twitter:data1\" content=\"P\u00e1gina 10\" \/>\n\t<meta name=\"twitter:label2\" content=\"Tiempo de lectura\" \/>\n\t<meta name=\"twitter:data2\" content=\"1 minuto\" \/>\n<script type=\"application\/ld+json\" class=\"yoast-schema-graph\">{\"@context\":\"https:\/\/schema.org\",\"@graph\":[{\"@type\":\"Article\",\"@id\":\"https:\/\/pagina10.com\/web\/finaliza-con-exito-talleres-de-cultura-ciudadana-apoyados-con-presupuesto-participativo\/#article\",\"isPartOf\":{\"@id\":\"https:\/\/pagina10.com\/web\/finaliza-con-exito-talleres-de-cultura-ciudadana-apoyados-con-presupuesto-participativo\/\"},\"author\":{\"name\":\"P\u00e1gina 10\",\"@id\":\"https:\/\/pagina10.com\/web\/#\/schema\/person\/a7a5d38f0629dfc107f619fbae4f6cc3\"},\"headline\":\"Finaliza con \u00e9xito talleres de cultura ciudadana a j\u00f3venes realizadores audiovisuales\",\"datePublished\":\"2015-12-09T14:17:01+00:00\",\"mainEntityOfPage\":{\"@id\":\"https:\/\/pagina10.com\/web\/finaliza-con-exito-talleres-de-cultura-ciudadana-apoyados-con-presupuesto-participativo\/\"},\"wordCount\":184,\"commentCount\":0,\"publisher\":{\"@id\":\"https:\/\/pagina10.com\/web\/#organization\"},\"image\":{\"@id\":\"https:\/\/pagina10.com\/web\/finaliza-con-exito-talleres-de-cultura-ciudadana-apoyados-con-presupuesto-participativo\/#primaryimage\"},\"thumbnailUrl\":\"https:\/\/pagina10.com\/web\/wp-content\/uploads\/2015\/12\/159cbf4731f9f10f0ddef09a9bf0f456.jpg\",\"inLanguage\":\"es\",\"potentialAction\":[{\"@type\":\"CommentAction\",\"name\":\"Comment\",\"target\":[\"https:\/\/pagina10.com\/web\/finaliza-con-exito-talleres-de-cultura-ciudadana-apoyados-con-presupuesto-participativo\/#respond\"]}]},{\"@type\":\"WebPage\",\"@id\":\"https:\/\/pagina10.com\/web\/finaliza-con-exito-talleres-de-cultura-ciudadana-apoyados-con-presupuesto-participativo\/\",\"url\":\"https:\/\/pagina10.com\/web\/finaliza-con-exito-talleres-de-cultura-ciudadana-apoyados-con-presupuesto-participativo\/\",\"name\":\"Finaliza con \u00e9xito talleres de cultura ciudadana a j\u00f3venes realizadores audiovisuales | P\u00e1gina10\",\"isPartOf\":{\"@id\":\"https:\/\/pagina10.com\/web\/#website\"},\"primaryImageOfPage\":{\"@id\":\"https:\/\/pagina10.com\/web\/finaliza-con-exito-talleres-de-cultura-ciudadana-apoyados-con-presupuesto-participativo\/#primaryimage\"},\"image\":{\"@id\":\"https:\/\/pagina10.com\/web\/finaliza-con-exito-talleres-de-cultura-ciudadana-apoyados-con-presupuesto-participativo\/#primaryimage\"},\"thumbnailUrl\":\"https:\/\/pagina10.com\/web\/wp-content\/uploads\/2015\/12\/159cbf4731f9f10f0ddef09a9bf0f456.jpg\",\"datePublished\":\"2015-12-09T14:17:01+00:00\",\"breadcrumb\":{\"@id\":\"https:\/\/pagina10.com\/web\/finaliza-con-exito-talleres-de-cultura-ciudadana-apoyados-con-presupuesto-participativo\/#breadcrumb\"},\"inLanguage\":\"es\",\"potentialAction\":[{\"@type\":\"ReadAction\",\"target\":[\"https:\/\/pagina10.com\/web\/finaliza-con-exito-talleres-de-cultura-ciudadana-apoyados-con-presupuesto-participativo\/\"]}]},{\"@type\":\"ImageObject\",\"inLanguage\":\"es\",\"@id\":\"https:\/\/pagina10.com\/web\/finaliza-con-exito-talleres-de-cultura-ciudadana-apoyados-con-presupuesto-participativo\/#primaryimage\",\"url\":\"https:\/\/pagina10.com\/web\/wp-content\/uploads\/2015\/12\/159cbf4731f9f10f0ddef09a9bf0f456.jpg\",\"contentUrl\":\"https:\/\/pagina10.com\/web\/wp-content\/uploads\/2015\/12\/159cbf4731f9f10f0ddef09a9bf0f456.jpg\",\"width\":854,\"height\":481},{\"@type\":\"BreadcrumbList\",\"@id\":\"https:\/\/pagina10.com\/web\/finaliza-con-exito-talleres-de-cultura-ciudadana-apoyados-con-presupuesto-participativo\/#breadcrumb\",\"itemListElement\":[{\"@type\":\"ListItem\",\"position\":1,\"name\":\"Portada\",\"item\":\"https:\/\/pagina10.com\/web\/\"},{\"@type\":\"ListItem\",\"position\":2,\"name\":\"Finaliza con \u00e9xito talleres de cultura ciudadana a j\u00f3venes realizadores audiovisuales\"}]},{\"@type\":\"WebSite\",\"@id\":\"https:\/\/pagina10.com\/web\/#website\",\"url\":\"https:\/\/pagina10.com\/web\/\",\"name\":\"P\u00e1gina10\",\"description\":\"Peri\u00f3dico Regional\",\"publisher\":{\"@id\":\"https:\/\/pagina10.com\/web\/#organization\"},\"alternateName\":\"P\u00e1gina10 Peri\u00f3dico Regional\",\"potentialAction\":[{\"@type\":\"SearchAction\",\"target\":{\"@type\":\"EntryPoint\",\"urlTemplate\":\"https:\/\/pagina10.com\/web\/?s={search_term_string}\"},\"query-input\":{\"@type\":\"PropertyValueSpecification\",\"valueRequired\":true,\"valueName\":\"search_term_string\"}}],\"inLanguage\":\"es\"},{\"@type\":\"Organization\",\"@id\":\"https:\/\/pagina10.com\/web\/#organization\",\"name\":\"P\u00e1gina10\",\"alternateName\":\"P\u00e1gina10 Peri\u00f3dico Regional\",\"url\":\"https:\/\/pagina10.com\/web\/\",\"logo\":{\"@type\":\"ImageObject\",\"inLanguage\":\"es\",\"@id\":\"https:\/\/pagina10.com\/web\/#\/schema\/logo\/image\/\",\"url\":\"https:\/\/pagina10.com\/web\/wp-content\/uploads\/2024\/01\/40-pagina-10-periodico-regional-pasto.jpg\",\"contentUrl\":\"https:\/\/pagina10.com\/web\/wp-content\/uploads\/2024\/01\/40-pagina-10-periodico-regional-pasto.jpg\",\"width\":1280,\"height\":720,\"caption\":\"P\u00e1gina10\"},\"image\":{\"@id\":\"https:\/\/pagina10.com\/web\/#\/schema\/logo\/image\/\"},\"sameAs\":[\"https:\/\/www.facebook.com\/pag10com\",\"https:\/\/x.com\/Pag10com\",\"https:\/\/www.instagram.com\/pagina10col\/\",\"https:\/\/youtube.com\/channel\/pag10\",\"https:\/\/www.tiktok.com\/@p10col\"]},{\"@type\":\"Person\",\"@id\":\"https:\/\/pagina10.com\/web\/#\/schema\/person\/a7a5d38f0629dfc107f619fbae4f6cc3\",\"name\":\"P\u00e1gina 10\",\"description\":\"P\u00e1gina10.com es un peri\u00f3dico digital que nace en Colombia, en el departamento de Nari\u00f1o, con un enfoque global, fundamentado en cuatro pilares esenciales: la libertad, el pluralismo, la inclusi\u00f3n y la independencia. P\u00e1gina10.com hace referencia a Nari\u00f1o como el d\u00e9cimo departamento creado en Colombia, despu\u00e9s de un proceso pol\u00edtico liderado por actores y actrices regionales con el fin de obtener la independencia y autonom\u00eda de nuestros territorios. Con la creaci\u00f3n de P\u00e1gina10.com se pretende abrir un escenario para el dialogo, la reflexi\u00f3n y el debate que se extienda a otras geograf\u00edas de Am\u00e9rica Latina y del planeta, en una apuesta por transformar colectivamente los desaf\u00edos de un mundo contempor\u00e1neo, m\u00e1s all\u00e1 de las fronteras impuestas.\",\"url\":\"https:\/\/pagina10.com\/web\/author\/mcepeda\/\"}]}<\/script>\n<!-- \/ Yoast SEO plugin. -->","yoast_head_json":{"title":"Finaliza con \u00e9xito talleres de cultura ciudadana a j\u00f3venes realizadores audiovisuales | P\u00e1gina10","robots":{"index":"index","follow":"follow","max-snippet":"max-snippet:-1","max-image-preview":"max-image-preview:large","max-video-preview":"max-video-preview:-1"},"canonical":"https:\/\/pagina10.com\/web\/finaliza-con-exito-talleres-de-cultura-ciudadana-apoyados-con-presupuesto-participativo\/","og_locale":"es_ES","og_type":"article","og_title":"Finaliza con \u00e9xito talleres de cultura ciudadana a j\u00f3venes realizadores audiovisuales | P\u00e1gina10","og_description":"La Subsecretaria de Cultura Ciudadana viene trabajando con la comunidad de Pasto unos talleres de Cultura Ciudadana en el proceso de Presupuesto Participativo. La Doctora Magda Cadena, Subsecretaria de Cultura indic\u00f3 que este es un proyecto de la escuela audiovisual infantil de cine y video comunitario cuyo objetivo es formar en audiovisual a ni\u00f1os y [&hellip;]","og_url":"https:\/\/pagina10.com\/web\/finaliza-con-exito-talleres-de-cultura-ciudadana-apoyados-con-presupuesto-participativo\/","og_site_name":"P\u00e1gina10","article_publisher":"https:\/\/www.facebook.com\/pag10com","article_published_time":"2015-12-09T14:17:01+00:00","og_image":[{"width":854,"height":481,"url":"https:\/\/pagina10.com\/web\/wp-content\/uploads\/2015\/12\/159cbf4731f9f10f0ddef09a9bf0f456.jpg","type":"image\/jpeg"}],"author":"P\u00e1gina 10","twitter_card":"summary_large_image","twitter_creator":"@Pag10com","twitter_site":"@Pag10com","twitter_misc":{"Escrito por":"P\u00e1gina 10","Tiempo de lectura":"1 minuto"},"schema":{"@context":"https:\/\/schema.org","@graph":[{"@type":"Article","@id":"https:\/\/pagina10.com\/web\/finaliza-con-exito-talleres-de-cultura-ciudadana-apoyados-con-presupuesto-participativo\/#article","isPartOf":{"@id":"https:\/\/pagina10.com\/web\/finaliza-con-exito-talleres-de-cultura-ciudadana-apoyados-con-presupuesto-participativo\/"},"author":{"name":"P\u00e1gina 10","@id":"https:\/\/pagina10.com\/web\/#\/schema\/person\/a7a5d38f0629dfc107f619fbae4f6cc3"},"headline":"Finaliza con \u00e9xito talleres de cultura ciudadana a j\u00f3venes realizadores audiovisuales","datePublished":"2015-12-09T14:17:01+00:00","mainEntityOfPage":{"@id":"https:\/\/pagina10.com\/web\/finaliza-con-exito-talleres-de-cultura-ciudadana-apoyados-con-presupuesto-participativo\/"},"wordCount":184,"commentCount":0,"publisher":{"@id":"https:\/\/pagina10.com\/web\/#organization"},"image":{"@id":"https:\/\/pagina10.com\/web\/finaliza-con-exito-talleres-de-cultura-ciudadana-apoyados-con-presupuesto-participativo\/#primaryimage"},"thumbnailUrl":"https:\/\/pagina10.com\/web\/wp-content\/uploads\/2015\/12\/159cbf4731f9f10f0ddef09a9bf0f456.jpg","inLanguage":"es","potentialAction":[{"@type":"CommentAction","name":"Comment","target":["https:\/\/pagina10.com\/web\/finaliza-con-exito-talleres-de-cultura-ciudadana-apoyados-con-presupuesto-participativo\/#respond"]}]},{"@type":"WebPage","@id":"https:\/\/pagina10.com\/web\/finaliza-con-exito-talleres-de-cultura-ciudadana-apoyados-con-presupuesto-participativo\/","url":"https:\/\/pagina10.com\/web\/finaliza-con-exito-talleres-de-cultura-ciudadana-apoyados-con-presupuesto-participativo\/","name":"Finaliza con \u00e9xito talleres de cultura ciudadana a j\u00f3venes realizadores audiovisuales | P\u00e1gina10","isPartOf":{"@id":"https:\/\/pagina10.com\/web\/#website"},"primaryImageOfPage":{"@id":"https:\/\/pagina10.com\/web\/finaliza-con-exito-talleres-de-cultura-ciudadana-apoyados-con-presupuesto-participativo\/#primaryimage"},"image":{"@id":"https:\/\/pagina10.com\/web\/finaliza-con-exito-talleres-de-cultura-ciudadana-apoyados-con-presupuesto-participativo\/#primaryimage"},"thumbnailUrl":"https:\/\/pagina10.com\/web\/wp-content\/uploads\/2015\/12\/159cbf4731f9f10f0ddef09a9bf0f456.jpg","datePublished":"2015-12-09T14:17:01+00:00","breadcrumb":{"@id":"https:\/\/pagina10.com\/web\/finaliza-con-exito-talleres-de-cultura-ciudadana-apoyados-con-presupuesto-participativo\/#breadcrumb"},"inLanguage":"es","potentialAction":[{"@type":"ReadAction","target":["https:\/\/pagina10.com\/web\/finaliza-con-exito-talleres-de-cultura-ciudadana-apoyados-con-presupuesto-participativo\/"]}]},{"@type":"ImageObject","inLanguage":"es","@id":"https:\/\/pagina10.com\/web\/finaliza-con-exito-talleres-de-cultura-ciudadana-apoyados-con-presupuesto-participativo\/#primaryimage","url":"https:\/\/pagina10.com\/web\/wp-content\/uploads\/2015\/12\/159cbf4731f9f10f0ddef09a9bf0f456.jpg","contentUrl":"https:\/\/pagina10.com\/web\/wp-content\/uploads\/2015\/12\/159cbf4731f9f10f0ddef09a9bf0f456.jpg","width":854,"height":481},{"@type":"BreadcrumbList","@id":"https:\/\/pagina10.com\/web\/finaliza-con-exito-talleres-de-cultura-ciudadana-apoyados-con-presupuesto-participativo\/#breadcrumb","itemListElement":[{"@type":"ListItem","position":1,"name":"Portada","item":"https:\/\/pagina10.com\/web\/"},{"@type":"ListItem","position":2,"name":"Finaliza con \u00e9xito talleres de cultura ciudadana a j\u00f3venes realizadores audiovisuales"}]},{"@type":"WebSite","@id":"https:\/\/pagina10.com\/web\/#website","url":"https:\/\/pagina10.com\/web\/","name":"P\u00e1gina10","description":"Peri\u00f3dico Regional","publisher":{"@id":"https:\/\/pagina10.com\/web\/#organization"},"alternateName":"P\u00e1gina10 Peri\u00f3dico Regional","potentialAction":[{"@type":"SearchAction","target":{"@type":"EntryPoint","urlTemplate":"https:\/\/pagina10.com\/web\/?s={search_term_string}"},"query-input":{"@type":"PropertyValueSpecification","valueRequired":true,"valueName":"search_term_string"}}],"inLanguage":"es"},{"@type":"Organization","@id":"https:\/\/pagina10.com\/web\/#organization","name":"P\u00e1gina10","alternateName":"P\u00e1gina10 Peri\u00f3dico Regional","url":"https:\/\/pagina10.com\/web\/","logo":{"@type":"ImageObject","inLanguage":"es","@id":"https:\/\/pagina10.com\/web\/#\/schema\/logo\/image\/","url":"https:\/\/pagina10.com\/web\/wp-content\/uploads\/2024\/01\/40-pagina-10-periodico-regional-pasto.jpg","contentUrl":"https:\/\/pagina10.com\/web\/wp-content\/uploads\/2024\/01\/40-pagina-10-periodico-regional-pasto.jpg","width":1280,"height":720,"caption":"P\u00e1gina10"},"image":{"@id":"https:\/\/pagina10.com\/web\/#\/schema\/logo\/image\/"},"sameAs":["https:\/\/www.facebook.com\/pag10com","https:\/\/x.com\/Pag10com","https:\/\/www.instagram.com\/pagina10col\/","https:\/\/youtube.com\/channel\/pag10","https:\/\/www.tiktok.com\/@p10col"]},{"@type":"Person","@id":"https:\/\/pagina10.com\/web\/#\/schema\/person\/a7a5d38f0629dfc107f619fbae4f6cc3","name":"P\u00e1gina 10","description":"P\u00e1gina10.com es un peri\u00f3dico digital que nace en Colombia, en el departamento de Nari\u00f1o, con un enfoque global, fundamentado en cuatro pilares esenciales: la libertad, el pluralismo, la inclusi\u00f3n y la independencia. P\u00e1gina10.com hace referencia a Nari\u00f1o como el d\u00e9cimo departamento creado en Colombia, despu\u00e9s de un proceso pol\u00edtico liderado por actores y actrices regionales con el fin de obtener la independencia y autonom\u00eda de nuestros territorios. Con la creaci\u00f3n de P\u00e1gina10.com se pretende abrir un escenario para el dialogo, la reflexi\u00f3n y el debate que se extienda a otras geograf\u00edas de Am\u00e9rica Latina y del planeta, en una apuesta por transformar colectivamente los desaf\u00edos de un mundo contempor\u00e1neo, m\u00e1s all\u00e1 de las fronteras impuestas.","url":"https:\/\/pagina10.com\/web\/author\/mcepeda\/"}]}},"_links":{"self":[{"href":"https:\/\/pagina10.com\/web\/wp-json\/wp\/v2\/posts\/18852","targetHints":{"allow":["GET"]}}],"collection":[{"href":"https:\/\/pagina10.com\/web\/wp-json\/wp\/v2\/posts"}],"about":[{"href":"https:\/\/pagina10.com\/web\/wp-json\/wp\/v2\/types\/post"}],"author":[{"embeddable":true,"href":"https:\/\/pagina10.com\/web\/wp-json\/wp\/v2\/users\/29"}],"replies":[{"embeddable":true,"href":"https:\/\/pagina10.com\/web\/wp-json\/wp\/v2\/comments?post=18852"}],"version-history":[{"count":0,"href":"https:\/\/pagina10.com\/web\/wp-json\/wp\/v2\/posts\/18852\/revisions"}],"wp:featuredmedia":[{"embeddable":true,"href":"https:\/\/pagina10.com\/web\/wp-json\/wp\/v2\/media\/18851"}],"wp:attachment":[{"href":"https:\/\/pagina10.com\/web\/wp-json\/wp\/v2\/media?parent=18852"}],"wp:term":[{"taxonomy":"category","embeddable":true,"href":"https:\/\/pagina10.com\/web\/wp-json\/wp\/v2\/categories?post=18852"},{"taxonomy":"post_tag","embeddable":true,"href":"https:\/\/pagina10.com\/web\/wp-json\/wp\/v2\/tags?post=18852"}],"curies":[{"name":"wp","href":"https:\/\/api.w.org\/{rel}","templated":true}]}}