{"id":18854,"date":"2015-12-09T14:56:52","date_gmt":"2015-12-09T14:56:52","guid":{"rendered":"https:\/\/pagina10.com\/web\/en-venezuela-la-oposicion-gano-por-primera-vez-las-elecciones\/"},"modified":"2015-12-09T14:56:52","modified_gmt":"2015-12-09T14:56:52","slug":"en-venezuela-la-oposicion-gano-por-primera-vez-las-elecciones","status":"publish","type":"post","link":"https:\/\/pagina10.com\/web\/en-venezuela-la-oposicion-gano-por-primera-vez-las-elecciones\/","title":{"rendered":"En Venezuela: la oposici\u00f3n gan\u00f3 por primera vez las elecciones"},"content":{"rendered":"<p><img fetchpriority=\"high\" decoding=\"async\" class=\" size-full wp-image-18853\" src=\"https:\/\/pagina10.com\/web\/wp-content\/uploads\/2015\/12\/3b91f1854c690e2a3ed6bcbeb216b1b4.jpg\" alt=\"\" width=\"627\" height=\"352\" srcset=\"https:\/\/pagina10.com\/web\/wp-content\/uploads\/2015\/12\/3b91f1854c690e2a3ed6bcbeb216b1b4.jpg 627w, https:\/\/pagina10.com\/web\/wp-content\/uploads\/2015\/12\/3b91f1854c690e2a3ed6bcbeb216b1b4-300x168.jpg 300w\" sizes=\"(max-width: 627px) 100vw, 627px\" \/><\/p>\n<div style=\"text-align: justify;\">Despu\u00e9s que el \u00faltimo venezolano deposito su voto por un candidato a ocupar una curul de la Asamblea Nacional, emergi\u00f3 un punto de inflexi\u00f3n. Una nueva etapa en su historia electoral, que le dijo no a la Revoluci\u00f3n Bolivariana de Hugo Ch\u00e1vez, un no al Gobierno del presidente Nicol\u00e1s Maduro, que no cuenta con el apoyo popular.<\/div>\n<div style=\"text-align: justify;\"><br clear=\"none\" \/><\/div>\n<div style=\"text-align: justify;\">Es en esencia es la m\u00e1s dura derrota del \u201cChavismo\u201d en 16 a\u00f1os. Pero tambi\u00e9n una oportunidad para la oposici\u00f3n encabeza de Enrique Capriles y Mar\u00eda Corina Machado para definir un camino de edificar un di\u00e1logo que le permita al pa\u00eds, salir del \u201coscuro t\u00fanel\u201d el que se encuentra que se traduce en una alta polarizaci\u00f3n, desabastecimiento econ\u00f3mico y crisis en el orden internacional, que tiene a esta naci\u00f3n Suramericana en una especie de \u201caislamiento\u201d, con consecuencias desbastadoras para la poblaci\u00f3n.<\/div>\n<div style=\"text-align: justify;\"><br clear=\"none\" \/><\/div>\n<div style=\"text-align: justify;\">De entrada, el significado del resultado electoral, abre la puerta a la oposici\u00f3n a controlar la Asamblea Nacional que obligar\u00e1 al Gobierno de Maduro a construir una estrategia \u2013antes del 5 de enero- que le permita asimilar una derrotada que tiene una repercusi\u00f3n interna y externas que se sentir\u00e1 con el paso del tiempo.<\/div>\n<div style=\"text-align: justify;\"><br clear=\"none\" \/><\/div>\n<div style=\"text-align: justify;\">Lo evidente, es que los venezolanos y venezolanas reclaman un cambio. Un cambio de rumbo de pa\u00eds. Muchos de ellos viajaron desde estados Unidos, Colombia, Ecuador, Espa\u00f1a y Argentina para ejercer el derecho al voto. Por un voto reflexivo. Un hecho sin antecedentes, que dej\u00f3 en evidencia que el pa\u00eds est\u00e1 en la mira de la comunidad internacional, que ha hecho un llamado al fortalecimiento de la democracia, bajo el respeto de la libertad de prensa.<\/div>\n<div style=\"text-align: justify;\"><br clear=\"none\" \/><\/div>\n<div style=\"text-align: justify;\">Si bien, el presidente Nicol\u00e1s Maduro amenaz\u00f3 en un principio en no reconocer el resultado de las elecciones. Sus palabras al aceptar la victoria de la oposici\u00f3n, sumado a la cobertura de los medios de comunicaci\u00f3n extranjeros, permite mirar un ma\u00f1ana mejor en una naci\u00f3n \u2013una de las m\u00e1s violentas del mundo- que est\u00e1 a llamada a reinvetarse, a trabajar en equipo, con el concurso del sector p\u00fablico, el sector privado, la academia y el sector empresarial.<\/div>\n<div style=\"text-align: justify;\"><br clear=\"none\" \/><\/div>\n<div style=\"text-align: justify;\">\u201cNo ser\u00e1 propiamente un camino de rosas\u201d. Pero si queda para la historia que las elecciones cont\u00f3 con una alta participaci\u00f3n. Que fue una elecci\u00f3n parlamentaria, casi presidencial, por lo que estaba en juego para la oposici\u00f3n, que ahora deber\u00e1 administrar el triunfo. No se ha ganado nada a\u00fan, pero si se dio un paso en democracia para que Venezuela retome su rumbo, salvando de paso una o dos generaciones que reclaman un cambio de manera inmediata.<\/div>\n","protected":false},"excerpt":{"rendered":"<p>Despu\u00e9s que el \u00faltimo venezolano deposito su voto por un candidato a ocupar una curul de la Asamblea Nacional, emergi\u00f3 un punto de inflexi\u00f3n. Una nueva etapa en su historia electoral, que le dijo no a la Revoluci\u00f3n Bolivariana de Hugo Ch\u00e1vez, un no al Gobierno del presidente Nicol\u00e1s Maduro, que no cuenta con el [&hellip;]<\/p>\n","protected":false},"author":38,"featured_media":18853,"comment_status":"open","ping_status":"open","sticky":false,"template":"","format":"standard","meta":{"footnotes":""},"categories":[1],"tags":[],"class_list":["post-18854","post","type-post","status-publish","format-standard","has-post-thumbnail","hentry","category-sin-categoria"],"yoast_head":"<!-- This site is optimized with the Yoast SEO plugin v27.1.1 - https:\/\/yoast.com\/product\/yoast-seo-wordpress\/ -->\n<title>En Venezuela: la oposici\u00f3n gan\u00f3 por primera vez las elecciones | P\u00e1gina10<\/title>\n<meta name=\"robots\" content=\"index, follow, max-snippet:-1, max-image-preview:large, max-video-preview:-1\" \/>\n<link rel=\"canonical\" href=\"https:\/\/pagina10.com\/web\/en-venezuela-la-oposicion-gano-por-primera-vez-las-elecciones\/\" \/>\n<meta property=\"og:locale\" content=\"es_ES\" \/>\n<meta property=\"og:type\" content=\"article\" \/>\n<meta property=\"og:title\" content=\"En Venezuela: la oposici\u00f3n gan\u00f3 por primera vez las elecciones | P\u00e1gina10\" \/>\n<meta property=\"og:description\" content=\"Despu\u00e9s que el \u00faltimo venezolano deposito su voto por un candidato a ocupar una curul de la Asamblea Nacional, emergi\u00f3 un punto de inflexi\u00f3n. Una nueva etapa en su historia electoral, que le dijo no a la Revoluci\u00f3n Bolivariana de Hugo Ch\u00e1vez, un no al Gobierno del presidente Nicol\u00e1s Maduro, que no cuenta con el [&hellip;]\" \/>\n<meta property=\"og:url\" content=\"https:\/\/pagina10.com\/web\/en-venezuela-la-oposicion-gano-por-primera-vez-las-elecciones\/\" \/>\n<meta property=\"og:site_name\" content=\"P\u00e1gina10\" \/>\n<meta property=\"article:publisher\" content=\"https:\/\/www.facebook.com\/pag10com\" \/>\n<meta property=\"article:published_time\" content=\"2015-12-09T14:56:52+00:00\" \/>\n<meta property=\"og:image\" content=\"https:\/\/pagina10.com\/web\/wp-content\/uploads\/2015\/12\/3b91f1854c690e2a3ed6bcbeb216b1b4.jpg\" \/>\n\t<meta property=\"og:image:width\" content=\"627\" \/>\n\t<meta property=\"og:image:height\" content=\"352\" \/>\n\t<meta property=\"og:image:type\" content=\"image\/jpeg\" \/>\n<meta name=\"author\" content=\"Carlos Villota Santacruz.\" \/>\n<meta name=\"twitter:card\" content=\"summary_large_image\" \/>\n<meta name=\"twitter:creator\" content=\"@Pag10com\" \/>\n<meta name=\"twitter:site\" content=\"@Pag10com\" \/>\n<meta name=\"twitter:label1\" content=\"Escrito por\" \/>\n\t<meta name=\"twitter:data1\" content=\"Carlos Villota Santacruz.\" \/>\n\t<meta name=\"twitter:label2\" content=\"Tiempo de lectura\" \/>\n\t<meta name=\"twitter:data2\" content=\"2 minutos\" \/>\n<script type=\"application\/ld+json\" class=\"yoast-schema-graph\">{\"@context\":\"https:\/\/schema.org\",\"@graph\":[{\"@type\":\"Article\",\"@id\":\"https:\/\/pagina10.com\/web\/en-venezuela-la-oposicion-gano-por-primera-vez-las-elecciones\/#article\",\"isPartOf\":{\"@id\":\"https:\/\/pagina10.com\/web\/en-venezuela-la-oposicion-gano-por-primera-vez-las-elecciones\/\"},\"author\":{\"name\":\"Carlos Villota Santacruz.\",\"@id\":\"https:\/\/pagina10.com\/web\/#\/schema\/person\/b459e2d15ec5ba9d5a2c9a81c71c4f7b\"},\"headline\":\"En Venezuela: la oposici\u00f3n gan\u00f3 por primera vez las elecciones\",\"datePublished\":\"2015-12-09T14:56:52+00:00\",\"mainEntityOfPage\":{\"@id\":\"https:\/\/pagina10.com\/web\/en-venezuela-la-oposicion-gano-por-primera-vez-las-elecciones\/\"},\"wordCount\":464,\"commentCount\":0,\"publisher\":{\"@id\":\"https:\/\/pagina10.com\/web\/#organization\"},\"image\":{\"@id\":\"https:\/\/pagina10.com\/web\/en-venezuela-la-oposicion-gano-por-primera-vez-las-elecciones\/#primaryimage\"},\"thumbnailUrl\":\"https:\/\/pagina10.com\/web\/wp-content\/uploads\/2015\/12\/3b91f1854c690e2a3ed6bcbeb216b1b4.jpg\",\"inLanguage\":\"es\",\"potentialAction\":[{\"@type\":\"CommentAction\",\"name\":\"Comment\",\"target\":[\"https:\/\/pagina10.com\/web\/en-venezuela-la-oposicion-gano-por-primera-vez-las-elecciones\/#respond\"]}]},{\"@type\":\"WebPage\",\"@id\":\"https:\/\/pagina10.com\/web\/en-venezuela-la-oposicion-gano-por-primera-vez-las-elecciones\/\",\"url\":\"https:\/\/pagina10.com\/web\/en-venezuela-la-oposicion-gano-por-primera-vez-las-elecciones\/\",\"name\":\"En Venezuela: la oposici\u00f3n gan\u00f3 por primera vez las elecciones | P\u00e1gina10\",\"isPartOf\":{\"@id\":\"https:\/\/pagina10.com\/web\/#website\"},\"primaryImageOfPage\":{\"@id\":\"https:\/\/pagina10.com\/web\/en-venezuela-la-oposicion-gano-por-primera-vez-las-elecciones\/#primaryimage\"},\"image\":{\"@id\":\"https:\/\/pagina10.com\/web\/en-venezuela-la-oposicion-gano-por-primera-vez-las-elecciones\/#primaryimage\"},\"thumbnailUrl\":\"https:\/\/pagina10.com\/web\/wp-content\/uploads\/2015\/12\/3b91f1854c690e2a3ed6bcbeb216b1b4.jpg\",\"datePublished\":\"2015-12-09T14:56:52+00:00\",\"breadcrumb\":{\"@id\":\"https:\/\/pagina10.com\/web\/en-venezuela-la-oposicion-gano-por-primera-vez-las-elecciones\/#breadcrumb\"},\"inLanguage\":\"es\",\"potentialAction\":[{\"@type\":\"ReadAction\",\"target\":[\"https:\/\/pagina10.com\/web\/en-venezuela-la-oposicion-gano-por-primera-vez-las-elecciones\/\"]}]},{\"@type\":\"ImageObject\",\"inLanguage\":\"es\",\"@id\":\"https:\/\/pagina10.com\/web\/en-venezuela-la-oposicion-gano-por-primera-vez-las-elecciones\/#primaryimage\",\"url\":\"https:\/\/pagina10.com\/web\/wp-content\/uploads\/2015\/12\/3b91f1854c690e2a3ed6bcbeb216b1b4.jpg\",\"contentUrl\":\"https:\/\/pagina10.com\/web\/wp-content\/uploads\/2015\/12\/3b91f1854c690e2a3ed6bcbeb216b1b4.jpg\",\"width\":627,\"height\":352},{\"@type\":\"BreadcrumbList\",\"@id\":\"https:\/\/pagina10.com\/web\/en-venezuela-la-oposicion-gano-por-primera-vez-las-elecciones\/#breadcrumb\",\"itemListElement\":[{\"@type\":\"ListItem\",\"position\":1,\"name\":\"Portada\",\"item\":\"https:\/\/pagina10.com\/web\/\"},{\"@type\":\"ListItem\",\"position\":2,\"name\":\"En Venezuela: la oposici\u00f3n gan\u00f3 por primera vez las elecciones\"}]},{\"@type\":\"WebSite\",\"@id\":\"https:\/\/pagina10.com\/web\/#website\",\"url\":\"https:\/\/pagina10.com\/web\/\",\"name\":\"P\u00e1gina10\",\"description\":\"Peri\u00f3dico Regional\",\"publisher\":{\"@id\":\"https:\/\/pagina10.com\/web\/#organization\"},\"alternateName\":\"P\u00e1gina10 Peri\u00f3dico Regional\",\"potentialAction\":[{\"@type\":\"SearchAction\",\"target\":{\"@type\":\"EntryPoint\",\"urlTemplate\":\"https:\/\/pagina10.com\/web\/?s={search_term_string}\"},\"query-input\":{\"@type\":\"PropertyValueSpecification\",\"valueRequired\":true,\"valueName\":\"search_term_string\"}}],\"inLanguage\":\"es\"},{\"@type\":\"Organization\",\"@id\":\"https:\/\/pagina10.com\/web\/#organization\",\"name\":\"P\u00e1gina10\",\"alternateName\":\"P\u00e1gina10 Peri\u00f3dico Regional\",\"url\":\"https:\/\/pagina10.com\/web\/\",\"logo\":{\"@type\":\"ImageObject\",\"inLanguage\":\"es\",\"@id\":\"https:\/\/pagina10.com\/web\/#\/schema\/logo\/image\/\",\"url\":\"https:\/\/pagina10.com\/web\/wp-content\/uploads\/2024\/01\/40-pagina-10-periodico-regional-pasto.jpg\",\"contentUrl\":\"https:\/\/pagina10.com\/web\/wp-content\/uploads\/2024\/01\/40-pagina-10-periodico-regional-pasto.jpg\",\"width\":1280,\"height\":720,\"caption\":\"P\u00e1gina10\"},\"image\":{\"@id\":\"https:\/\/pagina10.com\/web\/#\/schema\/logo\/image\/\"},\"sameAs\":[\"https:\/\/www.facebook.com\/pag10com\",\"https:\/\/x.com\/Pag10com\",\"https:\/\/www.instagram.com\/pagina10col\/\",\"https:\/\/youtube.com\/channel\/pag10\",\"https:\/\/www.tiktok.com\/@p10col\"]},{\"@type\":\"Person\",\"@id\":\"https:\/\/pagina10.com\/web\/#\/schema\/person\/b459e2d15ec5ba9d5a2c9a81c71c4f7b\",\"name\":\"Carlos Villota Santacruz.\",\"description\":\"Internacionalista-Comunicador Social y Periodista. Experto en Comunicaci\u00f3n para el desarrollo y ciudad-regi\u00f3n.. Promotor de proyectos e investigaci\u00f3n comunicativa en radio, prensa y televisi\u00f3n. Experiencia en el manejo de imagen externa, interna y protocolaria de entidades p\u00fablicas y privadas, encuentros culturales, empresariales y ambientales. Docente en el \u00e1rea de televisi\u00f3n, relaciones internacionales y bloques econ\u00f3micos. Experto y conferencista en temas de marketing pol\u00edtico, marketing de ciudad, integraci\u00f3n cultural, TLC y desarrollo urban\u00edstico. E-mail: villotasantacruzcarlos@yahoo.com.co\",\"url\":\"https:\/\/pagina10.com\/web\/author\/cvillota\/\"}]}<\/script>\n<!-- \/ Yoast SEO plugin. -->","yoast_head_json":{"title":"En Venezuela: la oposici\u00f3n gan\u00f3 por primera vez las elecciones | P\u00e1gina10","robots":{"index":"index","follow":"follow","max-snippet":"max-snippet:-1","max-image-preview":"max-image-preview:large","max-video-preview":"max-video-preview:-1"},"canonical":"https:\/\/pagina10.com\/web\/en-venezuela-la-oposicion-gano-por-primera-vez-las-elecciones\/","og_locale":"es_ES","og_type":"article","og_title":"En Venezuela: la oposici\u00f3n gan\u00f3 por primera vez las elecciones | P\u00e1gina10","og_description":"Despu\u00e9s que el \u00faltimo venezolano deposito su voto por un candidato a ocupar una curul de la Asamblea Nacional, emergi\u00f3 un punto de inflexi\u00f3n. Una nueva etapa en su historia electoral, que le dijo no a la Revoluci\u00f3n Bolivariana de Hugo Ch\u00e1vez, un no al Gobierno del presidente Nicol\u00e1s Maduro, que no cuenta con el [&hellip;]","og_url":"https:\/\/pagina10.com\/web\/en-venezuela-la-oposicion-gano-por-primera-vez-las-elecciones\/","og_site_name":"P\u00e1gina10","article_publisher":"https:\/\/www.facebook.com\/pag10com","article_published_time":"2015-12-09T14:56:52+00:00","og_image":[{"width":627,"height":352,"url":"https:\/\/pagina10.com\/web\/wp-content\/uploads\/2015\/12\/3b91f1854c690e2a3ed6bcbeb216b1b4.jpg","type":"image\/jpeg"}],"author":"Carlos Villota Santacruz.","twitter_card":"summary_large_image","twitter_creator":"@Pag10com","twitter_site":"@Pag10com","twitter_misc":{"Escrito por":"Carlos Villota Santacruz.","Tiempo de lectura":"2 minutos"},"schema":{"@context":"https:\/\/schema.org","@graph":[{"@type":"Article","@id":"https:\/\/pagina10.com\/web\/en-venezuela-la-oposicion-gano-por-primera-vez-las-elecciones\/#article","isPartOf":{"@id":"https:\/\/pagina10.com\/web\/en-venezuela-la-oposicion-gano-por-primera-vez-las-elecciones\/"},"author":{"name":"Carlos Villota Santacruz.","@id":"https:\/\/pagina10.com\/web\/#\/schema\/person\/b459e2d15ec5ba9d5a2c9a81c71c4f7b"},"headline":"En Venezuela: la oposici\u00f3n gan\u00f3 por primera vez las elecciones","datePublished":"2015-12-09T14:56:52+00:00","mainEntityOfPage":{"@id":"https:\/\/pagina10.com\/web\/en-venezuela-la-oposicion-gano-por-primera-vez-las-elecciones\/"},"wordCount":464,"commentCount":0,"publisher":{"@id":"https:\/\/pagina10.com\/web\/#organization"},"image":{"@id":"https:\/\/pagina10.com\/web\/en-venezuela-la-oposicion-gano-por-primera-vez-las-elecciones\/#primaryimage"},"thumbnailUrl":"https:\/\/pagina10.com\/web\/wp-content\/uploads\/2015\/12\/3b91f1854c690e2a3ed6bcbeb216b1b4.jpg","inLanguage":"es","potentialAction":[{"@type":"CommentAction","name":"Comment","target":["https:\/\/pagina10.com\/web\/en-venezuela-la-oposicion-gano-por-primera-vez-las-elecciones\/#respond"]}]},{"@type":"WebPage","@id":"https:\/\/pagina10.com\/web\/en-venezuela-la-oposicion-gano-por-primera-vez-las-elecciones\/","url":"https:\/\/pagina10.com\/web\/en-venezuela-la-oposicion-gano-por-primera-vez-las-elecciones\/","name":"En Venezuela: la oposici\u00f3n gan\u00f3 por primera vez las elecciones | P\u00e1gina10","isPartOf":{"@id":"https:\/\/pagina10.com\/web\/#website"},"primaryImageOfPage":{"@id":"https:\/\/pagina10.com\/web\/en-venezuela-la-oposicion-gano-por-primera-vez-las-elecciones\/#primaryimage"},"image":{"@id":"https:\/\/pagina10.com\/web\/en-venezuela-la-oposicion-gano-por-primera-vez-las-elecciones\/#primaryimage"},"thumbnailUrl":"https:\/\/pagina10.com\/web\/wp-content\/uploads\/2015\/12\/3b91f1854c690e2a3ed6bcbeb216b1b4.jpg","datePublished":"2015-12-09T14:56:52+00:00","breadcrumb":{"@id":"https:\/\/pagina10.com\/web\/en-venezuela-la-oposicion-gano-por-primera-vez-las-elecciones\/#breadcrumb"},"inLanguage":"es","potentialAction":[{"@type":"ReadAction","target":["https:\/\/pagina10.com\/web\/en-venezuela-la-oposicion-gano-por-primera-vez-las-elecciones\/"]}]},{"@type":"ImageObject","inLanguage":"es","@id":"https:\/\/pagina10.com\/web\/en-venezuela-la-oposicion-gano-por-primera-vez-las-elecciones\/#primaryimage","url":"https:\/\/pagina10.com\/web\/wp-content\/uploads\/2015\/12\/3b91f1854c690e2a3ed6bcbeb216b1b4.jpg","contentUrl":"https:\/\/pagina10.com\/web\/wp-content\/uploads\/2015\/12\/3b91f1854c690e2a3ed6bcbeb216b1b4.jpg","width":627,"height":352},{"@type":"BreadcrumbList","@id":"https:\/\/pagina10.com\/web\/en-venezuela-la-oposicion-gano-por-primera-vez-las-elecciones\/#breadcrumb","itemListElement":[{"@type":"ListItem","position":1,"name":"Portada","item":"https:\/\/pagina10.com\/web\/"},{"@type":"ListItem","position":2,"name":"En Venezuela: la oposici\u00f3n gan\u00f3 por primera vez las elecciones"}]},{"@type":"WebSite","@id":"https:\/\/pagina10.com\/web\/#website","url":"https:\/\/pagina10.com\/web\/","name":"P\u00e1gina10","description":"Peri\u00f3dico Regional","publisher":{"@id":"https:\/\/pagina10.com\/web\/#organization"},"alternateName":"P\u00e1gina10 Peri\u00f3dico Regional","potentialAction":[{"@type":"SearchAction","target":{"@type":"EntryPoint","urlTemplate":"https:\/\/pagina10.com\/web\/?s={search_term_string}"},"query-input":{"@type":"PropertyValueSpecification","valueRequired":true,"valueName":"search_term_string"}}],"inLanguage":"es"},{"@type":"Organization","@id":"https:\/\/pagina10.com\/web\/#organization","name":"P\u00e1gina10","alternateName":"P\u00e1gina10 Peri\u00f3dico Regional","url":"https:\/\/pagina10.com\/web\/","logo":{"@type":"ImageObject","inLanguage":"es","@id":"https:\/\/pagina10.com\/web\/#\/schema\/logo\/image\/","url":"https:\/\/pagina10.com\/web\/wp-content\/uploads\/2024\/01\/40-pagina-10-periodico-regional-pasto.jpg","contentUrl":"https:\/\/pagina10.com\/web\/wp-content\/uploads\/2024\/01\/40-pagina-10-periodico-regional-pasto.jpg","width":1280,"height":720,"caption":"P\u00e1gina10"},"image":{"@id":"https:\/\/pagina10.com\/web\/#\/schema\/logo\/image\/"},"sameAs":["https:\/\/www.facebook.com\/pag10com","https:\/\/x.com\/Pag10com","https:\/\/www.instagram.com\/pagina10col\/","https:\/\/youtube.com\/channel\/pag10","https:\/\/www.tiktok.com\/@p10col"]},{"@type":"Person","@id":"https:\/\/pagina10.com\/web\/#\/schema\/person\/b459e2d15ec5ba9d5a2c9a81c71c4f7b","name":"Carlos Villota Santacruz.","description":"Internacionalista-Comunicador Social y Periodista. Experto en Comunicaci\u00f3n para el desarrollo y ciudad-regi\u00f3n.. Promotor de proyectos e investigaci\u00f3n comunicativa en radio, prensa y televisi\u00f3n. Experiencia en el manejo de imagen externa, interna y protocolaria de entidades p\u00fablicas y privadas, encuentros culturales, empresariales y ambientales. Docente en el \u00e1rea de televisi\u00f3n, relaciones internacionales y bloques econ\u00f3micos. Experto y conferencista en temas de marketing pol\u00edtico, marketing de ciudad, integraci\u00f3n cultural, TLC y desarrollo urban\u00edstico. E-mail: villotasantacruzcarlos@yahoo.com.co","url":"https:\/\/pagina10.com\/web\/author\/cvillota\/"}]}},"_links":{"self":[{"href":"https:\/\/pagina10.com\/web\/wp-json\/wp\/v2\/posts\/18854","targetHints":{"allow":["GET"]}}],"collection":[{"href":"https:\/\/pagina10.com\/web\/wp-json\/wp\/v2\/posts"}],"about":[{"href":"https:\/\/pagina10.com\/web\/wp-json\/wp\/v2\/types\/post"}],"author":[{"embeddable":true,"href":"https:\/\/pagina10.com\/web\/wp-json\/wp\/v2\/users\/38"}],"replies":[{"embeddable":true,"href":"https:\/\/pagina10.com\/web\/wp-json\/wp\/v2\/comments?post=18854"}],"version-history":[{"count":0,"href":"https:\/\/pagina10.com\/web\/wp-json\/wp\/v2\/posts\/18854\/revisions"}],"wp:featuredmedia":[{"embeddable":true,"href":"https:\/\/pagina10.com\/web\/wp-json\/wp\/v2\/media\/18853"}],"wp:attachment":[{"href":"https:\/\/pagina10.com\/web\/wp-json\/wp\/v2\/media?parent=18854"}],"wp:term":[{"taxonomy":"category","embeddable":true,"href":"https:\/\/pagina10.com\/web\/wp-json\/wp\/v2\/categories?post=18854"},{"taxonomy":"post_tag","embeddable":true,"href":"https:\/\/pagina10.com\/web\/wp-json\/wp\/v2\/tags?post=18854"}],"curies":[{"name":"wp","href":"https:\/\/api.w.org\/{rel}","templated":true}]}}