{"id":18856,"date":"2015-12-09T16:23:06","date_gmt":"2015-12-09T16:23:06","guid":{"rendered":"https:\/\/pagina10.com\/web\/la-degradacion-del-humor-sexismo-racismo-y-homofobia-en-festivales\/"},"modified":"2015-12-09T16:23:06","modified_gmt":"2015-12-09T16:23:06","slug":"la-degradacion-del-humor-sexismo-racismo-y-homofobia-en-festivales","status":"publish","type":"post","link":"https:\/\/pagina10.com\/web\/la-degradacion-del-humor-sexismo-racismo-y-homofobia-en-festivales\/","title":{"rendered":"La degradaci\u00f3n del humor: sexismo, racismo y homofobia en festivales"},"content":{"rendered":"<p><img fetchpriority=\"high\" decoding=\"async\" class=\" size-full wp-image-18855\" src=\"https:\/\/pagina10.com\/web\/wp-content\/uploads\/2015\/12\/3d0f1112c2692f706ed17423b08f3167.jpg\" alt=\"\" width=\"549\" height=\"366\" srcset=\"https:\/\/pagina10.com\/web\/wp-content\/uploads\/2015\/12\/3d0f1112c2692f706ed17423b08f3167.jpg 549w, https:\/\/pagina10.com\/web\/wp-content\/uploads\/2015\/12\/3d0f1112c2692f706ed17423b08f3167-300x200.jpg 300w, https:\/\/pagina10.com\/web\/wp-content\/uploads\/2015\/12\/3d0f1112c2692f706ed17423b08f3167-450x300.jpg 450w\" sizes=\"(max-width: 549px) 100vw, 549px\" \/><\/p>\n<p style=\"text-align: justify;\">Hace algunos a\u00f1os fue la \u00faltima vez que asist\u00ed a un festival del humor en Pasto, y la verdad me hice la promesa de no volver nunca m\u00e1s. Las razones que aduzco para sentar mi posici\u00f3n son varias, pero sobre todo porque ese tipo de espect\u00e1culos donde presentan cuenta-chistes invitados y anfitriones se han convertido en una vulgaridad. Los que dicen llamarse humoristas, que por lo general vienen del programa S\u00e1bados Felices, se desdoblan de manera tal que el lenguaje que no lo pueden emplear en la televisi\u00f3n lo hacen en vivo.<\/p>\n<p style=\"text-align: justify;\">&nbsp;<\/p>\n<p style=\"text-align: justify;\">Es penoso decirlo, pero la degradaci\u00f3n que sufre el humor es resultado de la falta de creatividad. Son comidilla de estos humoristas la sexualidad, las mujeres, los afros, los homosexuales, los campesinos, los habitantes de las diferentes regiones de Colombia, entre los m\u00e1s recurrentes. Pero no precisamente para enaltecerlos, sino para ridiculizarlos. Mientras que unos pasan por bobos, las mujeres son reducidas a la servidumbre y a la dependencia del macho. Los afrodescendientes son mostrados como lentos y faltos de inteligencia, en tanto que a los campesinos resignados y carentes de capacidades.<\/p>\n<p style=\"text-align: justify;\">&nbsp;<\/p>\n<p style=\"text-align: justify;\">C\u00f3mo es posible que se degrade a la sexualidad y el sexo a tal punto de referirse a estos de manera vulgar. Las suegras son mostradas como las fastidiosas, que interrumpen los mejores momentos de la vida, pero nunca ocurre lo mismo con los suegros, como una marcada tendencia sexista.<\/p>\n<p style=\"text-align: justify;\">&nbsp;<\/p>\n<p style=\"text-align: justify;\">En este tipo de encuentros buscan provocar la risa diciendo vulgaridades en p\u00fablico, pero no siendo creativos o exhibir un humor fino e inteligente. La verdad es que produce verg\u00fcenza asistir en familia porque es un espect\u00e1culo cargado de morbo.<\/p>\n<p style=\"text-align: justify;\">&nbsp;<\/p>\n<p style=\"text-align: justify;\">Los homosexuales son tratados de manera peyorativa sin ninguna consideraci\u00f3n en una evidente muestra homof\u00f3bica, cuando la sociedad necesita dar pasos adelante en tolerancia y respeto por la diversidad.<\/p>\n<p style=\"text-align: justify;\">&nbsp;<\/p>\n<p style=\"text-align: justify;\">En cuando a los habitantes de las diferentes regiones, son tratados como perezosos, lentos, faltos de inteligencia, y de esto no nos escapamos los pastusos. Chistes que son contados por coterr\u00e1neos que reniegan de su propia condici\u00f3n y desconocen las potencialidades de las gentes del sur, como lo han demostrado personajes que se han destacado en diversos \u00e1mbitos.<\/p>\n<p style=\"text-align: justify;\">&nbsp;<\/p>\n<p style=\"text-align: justify;\">En cambio, los habitantes de ciertas regiones son tratados como los vivos, los astutos, negociantes que llevan las de ganar. Esto muestra una falta de objetividad, puesto que todos los colombianos tenemos potencialidades diversas: mientras que unos se destacan en el deporte, otros lo hacen en el campo cient\u00edfico o en las artes.<\/p>\n<p style=\"text-align: justify;\">&nbsp;<\/p>\n<p style=\"text-align: justify;\">Es una falta de justicia con nuestra propia condici\u00f3n. El chiste es una excelente herramienta pedag\u00f3gica cuando es bien utilizado; mas no cuando de tanto repetir nos convencemos de lo que expresan las formas degradantes de humor y desconocemos lo que en realidad somos.<\/p>\n<p style=\"text-align: justify;\">&nbsp;<\/p>\n<p style=\"text-align: justify;\">Ahora bien, para la temporada de fin de a\u00f1o, se tiene la costumbre de producir canciones acompa\u00f1adas de ritmos populares donde se expresa el humor con doble sentido, con un marcado morbo y la consecuente p\u00e9rdida del verdadero valor que debe cumplir la sexualidad entre los seres humanos como elemento dignificante. Esto denota la falta del elemento creativo con letras pobres en el sentido sem\u00e1ntico.<\/p>\n<p style=\"text-align: justify;\">&nbsp;<\/p>\n<p style=\"text-align: justify;\">La \u00faltima y m\u00e1s recordada canci\u00f3n popular que con gran acierto exalta nuestros valores y costumbres, que alcanz\u00f3 gran \u00e9xito en el pa\u00eds, fue El trompo zarandengue, compuesta hace cerca de veinte a\u00f1os por el m\u00fasico y compositor nari\u00f1ense Hugo Ortega e interpretada por Sol Barniz.Del resto han sido canciones que emplean el doble sentido y sin mejores m\u00e9ritos porque no son de sal\u00f3n por su contenido morboso.<\/p>\n<p style=\"text-align: justify;\">&nbsp;<\/p>\n<p style=\"text-align: justify;\">Consideramos que el humor es m\u00e1s imaginaci\u00f3n que agresi\u00f3n a la sensibilidad y dignidad de ciertos sectores sociales. El humor pastuso por excelencia debe ser proactivo, que no reniegue de nuestra condici\u00f3n y de nuestro dialecto. Es dejar de pensar que somos pobres y que vivimos lejos.<\/p>\n","protected":false},"excerpt":{"rendered":"<p>Hace algunos a\u00f1os fue la \u00faltima vez que asist\u00ed a un festival del humor en Pasto, y la verdad me hice la promesa de no volver nunca m\u00e1s. Las razones que aduzco para sentar mi posici\u00f3n son varias, pero sobre todo porque ese tipo de espect\u00e1culos donde presentan cuenta-chistes invitados y anfitriones se han convertido [&hellip;]<\/p>\n","protected":false},"author":65,"featured_media":18855,"comment_status":"open","ping_status":"open","sticky":false,"template":"","format":"standard","meta":{"footnotes":""},"categories":[1],"tags":[],"class_list":["post-18856","post","type-post","status-publish","format-standard","has-post-thumbnail","hentry","category-sin-categoria"],"yoast_head":"<!-- This site is optimized with the Yoast SEO plugin v27.1.1 - https:\/\/yoast.com\/product\/yoast-seo-wordpress\/ -->\n<title>La degradaci\u00f3n del humor: sexismo, racismo y homofobia en festivales | P\u00e1gina10<\/title>\n<meta name=\"robots\" content=\"index, follow, max-snippet:-1, max-image-preview:large, max-video-preview:-1\" \/>\n<link rel=\"canonical\" href=\"https:\/\/pagina10.com\/web\/la-degradacion-del-humor-sexismo-racismo-y-homofobia-en-festivales\/\" \/>\n<meta property=\"og:locale\" content=\"es_ES\" \/>\n<meta property=\"og:type\" content=\"article\" \/>\n<meta property=\"og:title\" content=\"La degradaci\u00f3n del humor: sexismo, racismo y homofobia en festivales | P\u00e1gina10\" \/>\n<meta property=\"og:description\" content=\"Hace algunos a\u00f1os fue la \u00faltima vez que asist\u00ed a un festival del humor en Pasto, y la verdad me hice la promesa de no volver nunca m\u00e1s. Las razones que aduzco para sentar mi posici\u00f3n son varias, pero sobre todo porque ese tipo de espect\u00e1culos donde presentan cuenta-chistes invitados y anfitriones se han convertido [&hellip;]\" \/>\n<meta property=\"og:url\" content=\"https:\/\/pagina10.com\/web\/la-degradacion-del-humor-sexismo-racismo-y-homofobia-en-festivales\/\" \/>\n<meta property=\"og:site_name\" content=\"P\u00e1gina10\" \/>\n<meta property=\"article:publisher\" content=\"https:\/\/www.facebook.com\/pag10com\" \/>\n<meta property=\"article:published_time\" content=\"2015-12-09T16:23:06+00:00\" \/>\n<meta property=\"og:image\" content=\"https:\/\/pagina10.com\/web\/wp-content\/uploads\/2015\/12\/3d0f1112c2692f706ed17423b08f3167.jpg\" \/>\n\t<meta property=\"og:image:width\" content=\"549\" \/>\n\t<meta property=\"og:image:height\" content=\"366\" \/>\n\t<meta property=\"og:image:type\" content=\"image\/jpeg\" \/>\n<meta name=\"author\" content=\"Anibal Ar\u00e9valo Rosero\" \/>\n<meta name=\"twitter:card\" content=\"summary_large_image\" \/>\n<meta name=\"twitter:creator\" content=\"@Pag10com\" \/>\n<meta name=\"twitter:site\" content=\"@Pag10com\" \/>\n<meta name=\"twitter:label1\" content=\"Escrito por\" \/>\n\t<meta name=\"twitter:data1\" content=\"Anibal Ar\u00e9valo Rosero\" \/>\n\t<meta name=\"twitter:label2\" content=\"Tiempo de lectura\" \/>\n\t<meta name=\"twitter:data2\" content=\"3 minutos\" \/>\n<script type=\"application\/ld+json\" class=\"yoast-schema-graph\">{\"@context\":\"https:\/\/schema.org\",\"@graph\":[{\"@type\":\"Article\",\"@id\":\"https:\/\/pagina10.com\/web\/la-degradacion-del-humor-sexismo-racismo-y-homofobia-en-festivales\/#article\",\"isPartOf\":{\"@id\":\"https:\/\/pagina10.com\/web\/la-degradacion-del-humor-sexismo-racismo-y-homofobia-en-festivales\/\"},\"author\":{\"name\":\"Anibal Ar\u00e9valo Rosero\",\"@id\":\"https:\/\/pagina10.com\/web\/#\/schema\/person\/9ec3e2b432363a195d2d01bf820c66fe\"},\"headline\":\"La degradaci\u00f3n del humor: sexismo, racismo y homofobia en festivales\",\"datePublished\":\"2015-12-09T16:23:06+00:00\",\"mainEntityOfPage\":{\"@id\":\"https:\/\/pagina10.com\/web\/la-degradacion-del-humor-sexismo-racismo-y-homofobia-en-festivales\/\"},\"wordCount\":695,\"commentCount\":0,\"publisher\":{\"@id\":\"https:\/\/pagina10.com\/web\/#organization\"},\"image\":{\"@id\":\"https:\/\/pagina10.com\/web\/la-degradacion-del-humor-sexismo-racismo-y-homofobia-en-festivales\/#primaryimage\"},\"thumbnailUrl\":\"https:\/\/pagina10.com\/web\/wp-content\/uploads\/2015\/12\/3d0f1112c2692f706ed17423b08f3167.jpg\",\"inLanguage\":\"es\",\"potentialAction\":[{\"@type\":\"CommentAction\",\"name\":\"Comment\",\"target\":[\"https:\/\/pagina10.com\/web\/la-degradacion-del-humor-sexismo-racismo-y-homofobia-en-festivales\/#respond\"]}]},{\"@type\":\"WebPage\",\"@id\":\"https:\/\/pagina10.com\/web\/la-degradacion-del-humor-sexismo-racismo-y-homofobia-en-festivales\/\",\"url\":\"https:\/\/pagina10.com\/web\/la-degradacion-del-humor-sexismo-racismo-y-homofobia-en-festivales\/\",\"name\":\"La degradaci\u00f3n del humor: sexismo, racismo y homofobia en festivales | P\u00e1gina10\",\"isPartOf\":{\"@id\":\"https:\/\/pagina10.com\/web\/#website\"},\"primaryImageOfPage\":{\"@id\":\"https:\/\/pagina10.com\/web\/la-degradacion-del-humor-sexismo-racismo-y-homofobia-en-festivales\/#primaryimage\"},\"image\":{\"@id\":\"https:\/\/pagina10.com\/web\/la-degradacion-del-humor-sexismo-racismo-y-homofobia-en-festivales\/#primaryimage\"},\"thumbnailUrl\":\"https:\/\/pagina10.com\/web\/wp-content\/uploads\/2015\/12\/3d0f1112c2692f706ed17423b08f3167.jpg\",\"datePublished\":\"2015-12-09T16:23:06+00:00\",\"breadcrumb\":{\"@id\":\"https:\/\/pagina10.com\/web\/la-degradacion-del-humor-sexismo-racismo-y-homofobia-en-festivales\/#breadcrumb\"},\"inLanguage\":\"es\",\"potentialAction\":[{\"@type\":\"ReadAction\",\"target\":[\"https:\/\/pagina10.com\/web\/la-degradacion-del-humor-sexismo-racismo-y-homofobia-en-festivales\/\"]}]},{\"@type\":\"ImageObject\",\"inLanguage\":\"es\",\"@id\":\"https:\/\/pagina10.com\/web\/la-degradacion-del-humor-sexismo-racismo-y-homofobia-en-festivales\/#primaryimage\",\"url\":\"https:\/\/pagina10.com\/web\/wp-content\/uploads\/2015\/12\/3d0f1112c2692f706ed17423b08f3167.jpg\",\"contentUrl\":\"https:\/\/pagina10.com\/web\/wp-content\/uploads\/2015\/12\/3d0f1112c2692f706ed17423b08f3167.jpg\",\"width\":549,\"height\":366},{\"@type\":\"BreadcrumbList\",\"@id\":\"https:\/\/pagina10.com\/web\/la-degradacion-del-humor-sexismo-racismo-y-homofobia-en-festivales\/#breadcrumb\",\"itemListElement\":[{\"@type\":\"ListItem\",\"position\":1,\"name\":\"Portada\",\"item\":\"https:\/\/pagina10.com\/web\/\"},{\"@type\":\"ListItem\",\"position\":2,\"name\":\"La degradaci\u00f3n del humor: sexismo, racismo y homofobia en festivales\"}]},{\"@type\":\"WebSite\",\"@id\":\"https:\/\/pagina10.com\/web\/#website\",\"url\":\"https:\/\/pagina10.com\/web\/\",\"name\":\"P\u00e1gina10\",\"description\":\"Peri\u00f3dico Regional\",\"publisher\":{\"@id\":\"https:\/\/pagina10.com\/web\/#organization\"},\"alternateName\":\"P\u00e1gina10 Peri\u00f3dico Regional\",\"potentialAction\":[{\"@type\":\"SearchAction\",\"target\":{\"@type\":\"EntryPoint\",\"urlTemplate\":\"https:\/\/pagina10.com\/web\/?s={search_term_string}\"},\"query-input\":{\"@type\":\"PropertyValueSpecification\",\"valueRequired\":true,\"valueName\":\"search_term_string\"}}],\"inLanguage\":\"es\"},{\"@type\":\"Organization\",\"@id\":\"https:\/\/pagina10.com\/web\/#organization\",\"name\":\"P\u00e1gina10\",\"alternateName\":\"P\u00e1gina10 Peri\u00f3dico Regional\",\"url\":\"https:\/\/pagina10.com\/web\/\",\"logo\":{\"@type\":\"ImageObject\",\"inLanguage\":\"es\",\"@id\":\"https:\/\/pagina10.com\/web\/#\/schema\/logo\/image\/\",\"url\":\"https:\/\/pagina10.com\/web\/wp-content\/uploads\/2024\/01\/40-pagina-10-periodico-regional-pasto.jpg\",\"contentUrl\":\"https:\/\/pagina10.com\/web\/wp-content\/uploads\/2024\/01\/40-pagina-10-periodico-regional-pasto.jpg\",\"width\":1280,\"height\":720,\"caption\":\"P\u00e1gina10\"},\"image\":{\"@id\":\"https:\/\/pagina10.com\/web\/#\/schema\/logo\/image\/\"},\"sameAs\":[\"https:\/\/www.facebook.com\/pag10com\",\"https:\/\/x.com\/Pag10com\",\"https:\/\/www.instagram.com\/pagina10col\/\",\"https:\/\/youtube.com\/channel\/pag10\",\"https:\/\/www.tiktok.com\/@p10col\"]},{\"@type\":\"Person\",\"@id\":\"https:\/\/pagina10.com\/web\/#\/schema\/person\/9ec3e2b432363a195d2d01bf820c66fe\",\"name\":\"Anibal Ar\u00e9valo Rosero\",\"description\":\"An\u00edbal Ar\u00e9valo Rosero a trav\u00e9s de su vida ha realizado diversas actividades tendientes a reivindicar al ser humano en su conciencia plena. Durante su vida ha hecho teatro, a escrito poes\u00eda y en sus tiempos de universitario realiz\u00f3 varias publicaciones entre las que se recuerda la revista Quinde. Junto con otros compa\u00f1eros fund\u00f3 el Taller Cultural El Cueche, equipo con el que se hicieron varias publicaciones. De este mismo grupo hay que resaltar que se hizo un trabajo pionero en la difusi\u00f3n de la m\u00fasica andina, latinoamericana y del caribe. Despu\u00e9s de terminar sus estudios de biolog\u00eda en la Universidad de Nari\u00f1o entr\u00f3 a laborar en emisoras de la ciudad de Pasto como en RCN, donde se desempe\u00f1aba como locutor de planta. Dirigi\u00f3 programas en la extinta Ondas del Mayo, en varias oportunidades; tambi\u00e9n en Ecos de Pasto. Fue colaborador de el Noticias RCN y dirigi\u00f3 el programa Simana al D\u00eda, del Sindicato del Magisterio de Nari\u00f1o, en dos \u00e9pocas. En el a\u00f1o de 1992 funda el Comit\u00e9 de Solidaridad con Cuba Jos\u00e9 Mart\u00ed, cuyo objetivo era divulgar la realidad cubana y expresar apoyo moral, pol\u00edtico y material al pa\u00eds caribe\u00f1o. Ante la mala interpretaci\u00f3n que la gente le daba a este tipo de acciones, se decide promover viajes de solidad a Cuba para participar en la Brigada Latinoamericana de Trabajo Voluntario, en el Festival Cuba Vive y, de manera especia,l en el 14 Festival Mundial de la Juventud y los Estudiantes, que se desarroll\u00f3 en la isla en el a\u00f1o de 1997. Con esta experiencia impulsa el turismo al pa\u00eds caribe\u00f1o con el resultado de que miles de personas han participado de las excursiones organizadas por Ar\u00e9valo Rosero. Asimismo ha venido impulsando las Brigadas de Salud en Cuba, tendiente a llevar pacientes de c\u00e1ncer a ese destino con el fin de que reciban atenci\u00f3n m\u00e9dica, teniendo en cuenta que la experiencia cubana en el tema ha sido bastante favorable. Veinte a\u00f1os despu\u00e9s de estas nutritivas experiencias, le permiten impulsar excursiones adem\u00e1s a M\u00e9xico, Machu Picchu, Argentina, Ecuador, Panam\u00e1 y Tierra Santa. En cuanto al desempe\u00f1o period\u00edstico, adem\u00e1s de los medios radiales y de televisi\u00f3n, en los canales de la universidades de Nari\u00f1o y Mariana, se ha desempe\u00f1ado como columnista en Diario del Sur durante 6 a\u00f1os y en algunos medios virtuales. Tambi\u00e9n es colaborador de el Diario del Cauca. Considera que la pr\u00e1ctica de la lectura es beber de la fuente nutricia que permite apropiarse de manera consciente del ejercicio de la democracia; y la posibilidad de escribir y ser le\u00eddo, acceder al poder, por que considera la palabra como el mayor instrumento de acci\u00f3n cuando est\u00e1 bien encamina al leg\u00edtimo servicio social. En la actualidad adem\u00e1s de so\u00f1ar con viajar por el mundo se desempe\u00f1a como docente del departamento de ciencias de Inem Luis Delf\u00edn Insuasty de Pasto. Correo: Esta direcci\u00f3n de correo electr\u00f3nico est\u00e1 protegida contra spambots. Usted necesita tener Javascript activado para poder verla.\\\" target=\\\"_blank\\\" style=\\\"color: #1155cc; text-align: justify; font-family: arial, sans-serif; font-size: 13px; line-height: normal;\\\"&gt;fundacionecosofia@gmail.com\",\"url\":\"https:\/\/pagina10.com\/web\/author\/anibal\/\"}]}<\/script>\n<!-- \/ Yoast SEO plugin. -->","yoast_head_json":{"title":"La degradaci\u00f3n del humor: sexismo, racismo y homofobia en festivales | P\u00e1gina10","robots":{"index":"index","follow":"follow","max-snippet":"max-snippet:-1","max-image-preview":"max-image-preview:large","max-video-preview":"max-video-preview:-1"},"canonical":"https:\/\/pagina10.com\/web\/la-degradacion-del-humor-sexismo-racismo-y-homofobia-en-festivales\/","og_locale":"es_ES","og_type":"article","og_title":"La degradaci\u00f3n del humor: sexismo, racismo y homofobia en festivales | P\u00e1gina10","og_description":"Hace algunos a\u00f1os fue la \u00faltima vez que asist\u00ed a un festival del humor en Pasto, y la verdad me hice la promesa de no volver nunca m\u00e1s. Las razones que aduzco para sentar mi posici\u00f3n son varias, pero sobre todo porque ese tipo de espect\u00e1culos donde presentan cuenta-chistes invitados y anfitriones se han convertido [&hellip;]","og_url":"https:\/\/pagina10.com\/web\/la-degradacion-del-humor-sexismo-racismo-y-homofobia-en-festivales\/","og_site_name":"P\u00e1gina10","article_publisher":"https:\/\/www.facebook.com\/pag10com","article_published_time":"2015-12-09T16:23:06+00:00","og_image":[{"width":549,"height":366,"url":"https:\/\/pagina10.com\/web\/wp-content\/uploads\/2015\/12\/3d0f1112c2692f706ed17423b08f3167.jpg","type":"image\/jpeg"}],"author":"Anibal Ar\u00e9valo Rosero","twitter_card":"summary_large_image","twitter_creator":"@Pag10com","twitter_site":"@Pag10com","twitter_misc":{"Escrito por":"Anibal Ar\u00e9valo Rosero","Tiempo de lectura":"3 minutos"},"schema":{"@context":"https:\/\/schema.org","@graph":[{"@type":"Article","@id":"https:\/\/pagina10.com\/web\/la-degradacion-del-humor-sexismo-racismo-y-homofobia-en-festivales\/#article","isPartOf":{"@id":"https:\/\/pagina10.com\/web\/la-degradacion-del-humor-sexismo-racismo-y-homofobia-en-festivales\/"},"author":{"name":"Anibal Ar\u00e9valo Rosero","@id":"https:\/\/pagina10.com\/web\/#\/schema\/person\/9ec3e2b432363a195d2d01bf820c66fe"},"headline":"La degradaci\u00f3n del humor: sexismo, racismo y homofobia en festivales","datePublished":"2015-12-09T16:23:06+00:00","mainEntityOfPage":{"@id":"https:\/\/pagina10.com\/web\/la-degradacion-del-humor-sexismo-racismo-y-homofobia-en-festivales\/"},"wordCount":695,"commentCount":0,"publisher":{"@id":"https:\/\/pagina10.com\/web\/#organization"},"image":{"@id":"https:\/\/pagina10.com\/web\/la-degradacion-del-humor-sexismo-racismo-y-homofobia-en-festivales\/#primaryimage"},"thumbnailUrl":"https:\/\/pagina10.com\/web\/wp-content\/uploads\/2015\/12\/3d0f1112c2692f706ed17423b08f3167.jpg","inLanguage":"es","potentialAction":[{"@type":"CommentAction","name":"Comment","target":["https:\/\/pagina10.com\/web\/la-degradacion-del-humor-sexismo-racismo-y-homofobia-en-festivales\/#respond"]}]},{"@type":"WebPage","@id":"https:\/\/pagina10.com\/web\/la-degradacion-del-humor-sexismo-racismo-y-homofobia-en-festivales\/","url":"https:\/\/pagina10.com\/web\/la-degradacion-del-humor-sexismo-racismo-y-homofobia-en-festivales\/","name":"La degradaci\u00f3n del humor: sexismo, racismo y homofobia en festivales | P\u00e1gina10","isPartOf":{"@id":"https:\/\/pagina10.com\/web\/#website"},"primaryImageOfPage":{"@id":"https:\/\/pagina10.com\/web\/la-degradacion-del-humor-sexismo-racismo-y-homofobia-en-festivales\/#primaryimage"},"image":{"@id":"https:\/\/pagina10.com\/web\/la-degradacion-del-humor-sexismo-racismo-y-homofobia-en-festivales\/#primaryimage"},"thumbnailUrl":"https:\/\/pagina10.com\/web\/wp-content\/uploads\/2015\/12\/3d0f1112c2692f706ed17423b08f3167.jpg","datePublished":"2015-12-09T16:23:06+00:00","breadcrumb":{"@id":"https:\/\/pagina10.com\/web\/la-degradacion-del-humor-sexismo-racismo-y-homofobia-en-festivales\/#breadcrumb"},"inLanguage":"es","potentialAction":[{"@type":"ReadAction","target":["https:\/\/pagina10.com\/web\/la-degradacion-del-humor-sexismo-racismo-y-homofobia-en-festivales\/"]}]},{"@type":"ImageObject","inLanguage":"es","@id":"https:\/\/pagina10.com\/web\/la-degradacion-del-humor-sexismo-racismo-y-homofobia-en-festivales\/#primaryimage","url":"https:\/\/pagina10.com\/web\/wp-content\/uploads\/2015\/12\/3d0f1112c2692f706ed17423b08f3167.jpg","contentUrl":"https:\/\/pagina10.com\/web\/wp-content\/uploads\/2015\/12\/3d0f1112c2692f706ed17423b08f3167.jpg","width":549,"height":366},{"@type":"BreadcrumbList","@id":"https:\/\/pagina10.com\/web\/la-degradacion-del-humor-sexismo-racismo-y-homofobia-en-festivales\/#breadcrumb","itemListElement":[{"@type":"ListItem","position":1,"name":"Portada","item":"https:\/\/pagina10.com\/web\/"},{"@type":"ListItem","position":2,"name":"La degradaci\u00f3n del humor: sexismo, racismo y homofobia en festivales"}]},{"@type":"WebSite","@id":"https:\/\/pagina10.com\/web\/#website","url":"https:\/\/pagina10.com\/web\/","name":"P\u00e1gina10","description":"Peri\u00f3dico Regional","publisher":{"@id":"https:\/\/pagina10.com\/web\/#organization"},"alternateName":"P\u00e1gina10 Peri\u00f3dico Regional","potentialAction":[{"@type":"SearchAction","target":{"@type":"EntryPoint","urlTemplate":"https:\/\/pagina10.com\/web\/?s={search_term_string}"},"query-input":{"@type":"PropertyValueSpecification","valueRequired":true,"valueName":"search_term_string"}}],"inLanguage":"es"},{"@type":"Organization","@id":"https:\/\/pagina10.com\/web\/#organization","name":"P\u00e1gina10","alternateName":"P\u00e1gina10 Peri\u00f3dico Regional","url":"https:\/\/pagina10.com\/web\/","logo":{"@type":"ImageObject","inLanguage":"es","@id":"https:\/\/pagina10.com\/web\/#\/schema\/logo\/image\/","url":"https:\/\/pagina10.com\/web\/wp-content\/uploads\/2024\/01\/40-pagina-10-periodico-regional-pasto.jpg","contentUrl":"https:\/\/pagina10.com\/web\/wp-content\/uploads\/2024\/01\/40-pagina-10-periodico-regional-pasto.jpg","width":1280,"height":720,"caption":"P\u00e1gina10"},"image":{"@id":"https:\/\/pagina10.com\/web\/#\/schema\/logo\/image\/"},"sameAs":["https:\/\/www.facebook.com\/pag10com","https:\/\/x.com\/Pag10com","https:\/\/www.instagram.com\/pagina10col\/","https:\/\/youtube.com\/channel\/pag10","https:\/\/www.tiktok.com\/@p10col"]},{"@type":"Person","@id":"https:\/\/pagina10.com\/web\/#\/schema\/person\/9ec3e2b432363a195d2d01bf820c66fe","name":"Anibal Ar\u00e9valo Rosero","description":"An\u00edbal Ar\u00e9valo Rosero a trav\u00e9s de su vida ha realizado diversas actividades tendientes a reivindicar al ser humano en su conciencia plena. Durante su vida ha hecho teatro, a escrito poes\u00eda y en sus tiempos de universitario realiz\u00f3 varias publicaciones entre las que se recuerda la revista Quinde. Junto con otros compa\u00f1eros fund\u00f3 el Taller Cultural El Cueche, equipo con el que se hicieron varias publicaciones. De este mismo grupo hay que resaltar que se hizo un trabajo pionero en la difusi\u00f3n de la m\u00fasica andina, latinoamericana y del caribe. Despu\u00e9s de terminar sus estudios de biolog\u00eda en la Universidad de Nari\u00f1o entr\u00f3 a laborar en emisoras de la ciudad de Pasto como en RCN, donde se desempe\u00f1aba como locutor de planta. Dirigi\u00f3 programas en la extinta Ondas del Mayo, en varias oportunidades; tambi\u00e9n en Ecos de Pasto. Fue colaborador de el Noticias RCN y dirigi\u00f3 el programa Simana al D\u00eda, del Sindicato del Magisterio de Nari\u00f1o, en dos \u00e9pocas. En el a\u00f1o de 1992 funda el Comit\u00e9 de Solidaridad con Cuba Jos\u00e9 Mart\u00ed, cuyo objetivo era divulgar la realidad cubana y expresar apoyo moral, pol\u00edtico y material al pa\u00eds caribe\u00f1o. Ante la mala interpretaci\u00f3n que la gente le daba a este tipo de acciones, se decide promover viajes de solidad a Cuba para participar en la Brigada Latinoamericana de Trabajo Voluntario, en el Festival Cuba Vive y, de manera especia,l en el 14 Festival Mundial de la Juventud y los Estudiantes, que se desarroll\u00f3 en la isla en el a\u00f1o de 1997. Con esta experiencia impulsa el turismo al pa\u00eds caribe\u00f1o con el resultado de que miles de personas han participado de las excursiones organizadas por Ar\u00e9valo Rosero. Asimismo ha venido impulsando las Brigadas de Salud en Cuba, tendiente a llevar pacientes de c\u00e1ncer a ese destino con el fin de que reciban atenci\u00f3n m\u00e9dica, teniendo en cuenta que la experiencia cubana en el tema ha sido bastante favorable. Veinte a\u00f1os despu\u00e9s de estas nutritivas experiencias, le permiten impulsar excursiones adem\u00e1s a M\u00e9xico, Machu Picchu, Argentina, Ecuador, Panam\u00e1 y Tierra Santa. En cuanto al desempe\u00f1o period\u00edstico, adem\u00e1s de los medios radiales y de televisi\u00f3n, en los canales de la universidades de Nari\u00f1o y Mariana, se ha desempe\u00f1ado como columnista en Diario del Sur durante 6 a\u00f1os y en algunos medios virtuales. Tambi\u00e9n es colaborador de el Diario del Cauca. Considera que la pr\u00e1ctica de la lectura es beber de la fuente nutricia que permite apropiarse de manera consciente del ejercicio de la democracia; y la posibilidad de escribir y ser le\u00eddo, acceder al poder, por que considera la palabra como el mayor instrumento de acci\u00f3n cuando est\u00e1 bien encamina al leg\u00edtimo servicio social. En la actualidad adem\u00e1s de so\u00f1ar con viajar por el mundo se desempe\u00f1a como docente del departamento de ciencias de Inem Luis Delf\u00edn Insuasty de Pasto. Correo: Esta direcci\u00f3n de correo electr\u00f3nico est\u00e1 protegida contra spambots. Usted necesita tener Javascript activado para poder verla.\" target=\"_blank\" style=\"color: #1155cc; text-align: justify; font-family: arial, sans-serif; font-size: 13px; line-height: normal;\"&gt;fundacionecosofia@gmail.com","url":"https:\/\/pagina10.com\/web\/author\/anibal\/"}]}},"_links":{"self":[{"href":"https:\/\/pagina10.com\/web\/wp-json\/wp\/v2\/posts\/18856","targetHints":{"allow":["GET"]}}],"collection":[{"href":"https:\/\/pagina10.com\/web\/wp-json\/wp\/v2\/posts"}],"about":[{"href":"https:\/\/pagina10.com\/web\/wp-json\/wp\/v2\/types\/post"}],"author":[{"embeddable":true,"href":"https:\/\/pagina10.com\/web\/wp-json\/wp\/v2\/users\/65"}],"replies":[{"embeddable":true,"href":"https:\/\/pagina10.com\/web\/wp-json\/wp\/v2\/comments?post=18856"}],"version-history":[{"count":0,"href":"https:\/\/pagina10.com\/web\/wp-json\/wp\/v2\/posts\/18856\/revisions"}],"wp:featuredmedia":[{"embeddable":true,"href":"https:\/\/pagina10.com\/web\/wp-json\/wp\/v2\/media\/18855"}],"wp:attachment":[{"href":"https:\/\/pagina10.com\/web\/wp-json\/wp\/v2\/media?parent=18856"}],"wp:term":[{"taxonomy":"category","embeddable":true,"href":"https:\/\/pagina10.com\/web\/wp-json\/wp\/v2\/categories?post=18856"},{"taxonomy":"post_tag","embeddable":true,"href":"https:\/\/pagina10.com\/web\/wp-json\/wp\/v2\/tags?post=18856"}],"curies":[{"name":"wp","href":"https:\/\/api.w.org\/{rel}","templated":true}]}}