{"id":18858,"date":"2015-12-09T19:04:32","date_gmt":"2015-12-09T19:04:32","guid":{"rendered":"https:\/\/pagina10.com\/web\/en-el-contadero-se-desarticula-la-banda-delincuencial-los-brujos\/"},"modified":"2015-12-09T19:04:32","modified_gmt":"2015-12-09T19:04:32","slug":"en-el-contadero-se-desarticula-la-banda-delincuencial-los-brujos","status":"publish","type":"post","link":"https:\/\/pagina10.com\/web\/en-el-contadero-se-desarticula-la-banda-delincuencial-los-brujos\/","title":{"rendered":"En El Contadero, se desarticula la banda delincuencial \u201cLos Brujos\u201d"},"content":{"rendered":"<p><img fetchpriority=\"high\" decoding=\"async\" class=\" size-full wp-image-18857\" src=\"https:\/\/pagina10.com\/web\/wp-content\/uploads\/2015\/12\/8ef8e6d35acdae3dd6d88a4e28cc91cd.jpg\" alt=\"\" width=\"1012\" height=\"759\" srcset=\"https:\/\/pagina10.com\/web\/wp-content\/uploads\/2015\/12\/8ef8e6d35acdae3dd6d88a4e28cc91cd.jpg 1012w, https:\/\/pagina10.com\/web\/wp-content\/uploads\/2015\/12\/8ef8e6d35acdae3dd6d88a4e28cc91cd-300x225.jpg 300w, https:\/\/pagina10.com\/web\/wp-content\/uploads\/2015\/12\/8ef8e6d35acdae3dd6d88a4e28cc91cd-768x576.jpg 768w, https:\/\/pagina10.com\/web\/wp-content\/uploads\/2015\/12\/8ef8e6d35acdae3dd6d88a4e28cc91cd-86x64.jpg 86w\" sizes=\"(max-width: 1012px) 100vw, 1012px\" \/><\/p>\n<p style=\"text-align: justify;\">En el despliegue operativo de la Estrategia de Convivencia y Seguridad Ciudadana, mediante labores investigativas en coordinaci\u00f3n con inteligencia del Ej\u00e9rcito Nacional y la vital informaci\u00f3n de la comunidad, se logr\u00f3 la desarticulaci\u00f3n de la banda delincuencial denominada \u201cLos Brujos\u201d dedicada al asalto de residencias en esta zona del departamento, fue as\u00ed que en las \u00faltimas horas personal adscrito a esta Estaci\u00f3n se desplaz\u00f3 hac\u00eda la vereda El Culantro, sector rural a media hora del casco urbano del municipio, logrando la captura en flagrancia de los se\u00f1ores, John Jairo Revelo alias \u201cEl Brujo\u201d de 29 a\u00f1os de edad natural de Pupiales, Edwin Andr\u00e9s Altamiran alias \u201cAndr\u00e9s\u201d, de 23 a\u00f1os, Libardo Arciniegas alias \u201cPataepalo\u201d , de 34 a\u00f1os, Francisco Miguel Arciniegas alias \u201cPacho\u201d, de 39 a\u00f1os de edad naturales del municipio de T\u00faquerres y John DeibyPascumalalias \u201cPascu\u201d, de 19 a\u00f1os natural del Contadero, quienes se encontraban asaltando una residencia de esta vereda, utilizando pasamonta\u00f1as, amenazando a las v\u00edctimas con armas de fuego, amordaz\u00e1ndolos y hurt\u00e1ndoles varios elementos de valor como, celulares de diferentes marcas y referencias, una impresora marca Epson, un televisor de 24 pulgadas, un computador port\u00e1til, una m\u00e1quina de peluquer\u00eda, varios elementos personales y dinero en efectivo, tratando de huir en dos veh\u00edculos y siendo capturados de forma inmediata, notific\u00e1ndoles sus derechos como personas capturadas y presentados ante la Fiscal\u00eda Seccional 23 de Ipiales que lo judicializara por los delitos de Hurto Calificado y Agravado, Fabricaci\u00f3n, Tr\u00e1fico y Porte de Armas de Fuego o Municiones, Concierto para Delinquir y Secuestro.<\/p>\n<p style=\"text-align: justify;\">&nbsp;<\/p>\n<p style=\"text-align: justify;\">En el operativo les fue incautado, dos armas de fuego tipo revolver calibre 38 con 10 cartuchos para los mismos, un hacha y los dos veh\u00edculos en los que se movilizaban.<\/p>\n","protected":false},"excerpt":{"rendered":"<p>En el despliegue operativo de la Estrategia de Convivencia y Seguridad Ciudadana, mediante labores investigativas en coordinaci\u00f3n con inteligencia del Ej\u00e9rcito Nacional y la vital informaci\u00f3n de la comunidad, se logr\u00f3 la desarticulaci\u00f3n de la banda delincuencial denominada \u201cLos Brujos\u201d dedicada al asalto de residencias en esta zona del departamento, fue as\u00ed que en las [&hellip;]<\/p>\n","protected":false},"author":29,"featured_media":18857,"comment_status":"open","ping_status":"open","sticky":false,"template":"","format":"standard","meta":{"footnotes":""},"categories":[1],"tags":[],"class_list":["post-18858","post","type-post","status-publish","format-standard","has-post-thumbnail","hentry","category-sin-categoria"],"yoast_head":"<!-- This site is optimized with the Yoast SEO plugin v27.1.1 - https:\/\/yoast.com\/product\/yoast-seo-wordpress\/ -->\n<title>En El Contadero, se desarticula la banda delincuencial \u201cLos Brujos\u201d | P\u00e1gina10<\/title>\n<meta name=\"robots\" content=\"index, follow, max-snippet:-1, max-image-preview:large, max-video-preview:-1\" \/>\n<link rel=\"canonical\" href=\"https:\/\/pagina10.com\/web\/en-el-contadero-se-desarticula-la-banda-delincuencial-los-brujos\/\" \/>\n<meta property=\"og:locale\" content=\"es_ES\" \/>\n<meta property=\"og:type\" content=\"article\" \/>\n<meta property=\"og:title\" content=\"En El Contadero, se desarticula la banda delincuencial \u201cLos Brujos\u201d | P\u00e1gina10\" \/>\n<meta property=\"og:description\" content=\"En el despliegue operativo de la Estrategia de Convivencia y Seguridad Ciudadana, mediante labores investigativas en coordinaci\u00f3n con inteligencia del Ej\u00e9rcito Nacional y la vital informaci\u00f3n de la comunidad, se logr\u00f3 la desarticulaci\u00f3n de la banda delincuencial denominada \u201cLos Brujos\u201d dedicada al asalto de residencias en esta zona del departamento, fue as\u00ed que en las [&hellip;]\" \/>\n<meta property=\"og:url\" content=\"https:\/\/pagina10.com\/web\/en-el-contadero-se-desarticula-la-banda-delincuencial-los-brujos\/\" \/>\n<meta property=\"og:site_name\" content=\"P\u00e1gina10\" \/>\n<meta property=\"article:publisher\" content=\"https:\/\/www.facebook.com\/pag10com\" \/>\n<meta property=\"article:published_time\" content=\"2015-12-09T19:04:32+00:00\" \/>\n<meta property=\"og:image\" content=\"https:\/\/pagina10.com\/web\/wp-content\/uploads\/2015\/12\/8ef8e6d35acdae3dd6d88a4e28cc91cd.jpg\" \/>\n\t<meta property=\"og:image:width\" content=\"1012\" \/>\n\t<meta property=\"og:image:height\" content=\"759\" \/>\n\t<meta property=\"og:image:type\" content=\"image\/jpeg\" \/>\n<meta name=\"author\" content=\"P\u00e1gina 10\" \/>\n<meta name=\"twitter:card\" content=\"summary_large_image\" \/>\n<meta name=\"twitter:creator\" content=\"@Pag10com\" \/>\n<meta name=\"twitter:site\" content=\"@Pag10com\" \/>\n<meta name=\"twitter:label1\" content=\"Escrito por\" \/>\n\t<meta name=\"twitter:data1\" content=\"P\u00e1gina 10\" \/>\n\t<meta name=\"twitter:label2\" content=\"Tiempo de lectura\" \/>\n\t<meta name=\"twitter:data2\" content=\"2 minutos\" \/>\n<script type=\"application\/ld+json\" class=\"yoast-schema-graph\">{\"@context\":\"https:\/\/schema.org\",\"@graph\":[{\"@type\":\"Article\",\"@id\":\"https:\/\/pagina10.com\/web\/en-el-contadero-se-desarticula-la-banda-delincuencial-los-brujos\/#article\",\"isPartOf\":{\"@id\":\"https:\/\/pagina10.com\/web\/en-el-contadero-se-desarticula-la-banda-delincuencial-los-brujos\/\"},\"author\":{\"name\":\"P\u00e1gina 10\",\"@id\":\"https:\/\/pagina10.com\/web\/#\/schema\/person\/a7a5d38f0629dfc107f619fbae4f6cc3\"},\"headline\":\"En El Contadero, se desarticula la banda delincuencial \u201cLos Brujos\u201d\",\"datePublished\":\"2015-12-09T19:04:32+00:00\",\"mainEntityOfPage\":{\"@id\":\"https:\/\/pagina10.com\/web\/en-el-contadero-se-desarticula-la-banda-delincuencial-los-brujos\/\"},\"wordCount\":311,\"commentCount\":0,\"publisher\":{\"@id\":\"https:\/\/pagina10.com\/web\/#organization\"},\"image\":{\"@id\":\"https:\/\/pagina10.com\/web\/en-el-contadero-se-desarticula-la-banda-delincuencial-los-brujos\/#primaryimage\"},\"thumbnailUrl\":\"https:\/\/pagina10.com\/web\/wp-content\/uploads\/2015\/12\/8ef8e6d35acdae3dd6d88a4e28cc91cd.jpg\",\"inLanguage\":\"es\",\"potentialAction\":[{\"@type\":\"CommentAction\",\"name\":\"Comment\",\"target\":[\"https:\/\/pagina10.com\/web\/en-el-contadero-se-desarticula-la-banda-delincuencial-los-brujos\/#respond\"]}]},{\"@type\":\"WebPage\",\"@id\":\"https:\/\/pagina10.com\/web\/en-el-contadero-se-desarticula-la-banda-delincuencial-los-brujos\/\",\"url\":\"https:\/\/pagina10.com\/web\/en-el-contadero-se-desarticula-la-banda-delincuencial-los-brujos\/\",\"name\":\"En El Contadero, se desarticula la banda delincuencial \u201cLos Brujos\u201d | P\u00e1gina10\",\"isPartOf\":{\"@id\":\"https:\/\/pagina10.com\/web\/#website\"},\"primaryImageOfPage\":{\"@id\":\"https:\/\/pagina10.com\/web\/en-el-contadero-se-desarticula-la-banda-delincuencial-los-brujos\/#primaryimage\"},\"image\":{\"@id\":\"https:\/\/pagina10.com\/web\/en-el-contadero-se-desarticula-la-banda-delincuencial-los-brujos\/#primaryimage\"},\"thumbnailUrl\":\"https:\/\/pagina10.com\/web\/wp-content\/uploads\/2015\/12\/8ef8e6d35acdae3dd6d88a4e28cc91cd.jpg\",\"datePublished\":\"2015-12-09T19:04:32+00:00\",\"breadcrumb\":{\"@id\":\"https:\/\/pagina10.com\/web\/en-el-contadero-se-desarticula-la-banda-delincuencial-los-brujos\/#breadcrumb\"},\"inLanguage\":\"es\",\"potentialAction\":[{\"@type\":\"ReadAction\",\"target\":[\"https:\/\/pagina10.com\/web\/en-el-contadero-se-desarticula-la-banda-delincuencial-los-brujos\/\"]}]},{\"@type\":\"ImageObject\",\"inLanguage\":\"es\",\"@id\":\"https:\/\/pagina10.com\/web\/en-el-contadero-se-desarticula-la-banda-delincuencial-los-brujos\/#primaryimage\",\"url\":\"https:\/\/pagina10.com\/web\/wp-content\/uploads\/2015\/12\/8ef8e6d35acdae3dd6d88a4e28cc91cd.jpg\",\"contentUrl\":\"https:\/\/pagina10.com\/web\/wp-content\/uploads\/2015\/12\/8ef8e6d35acdae3dd6d88a4e28cc91cd.jpg\",\"width\":1012,\"height\":759},{\"@type\":\"BreadcrumbList\",\"@id\":\"https:\/\/pagina10.com\/web\/en-el-contadero-se-desarticula-la-banda-delincuencial-los-brujos\/#breadcrumb\",\"itemListElement\":[{\"@type\":\"ListItem\",\"position\":1,\"name\":\"Portada\",\"item\":\"https:\/\/pagina10.com\/web\/\"},{\"@type\":\"ListItem\",\"position\":2,\"name\":\"En El Contadero, se desarticula la banda delincuencial \u201cLos Brujos\u201d\"}]},{\"@type\":\"WebSite\",\"@id\":\"https:\/\/pagina10.com\/web\/#website\",\"url\":\"https:\/\/pagina10.com\/web\/\",\"name\":\"P\u00e1gina10\",\"description\":\"Peri\u00f3dico Regional\",\"publisher\":{\"@id\":\"https:\/\/pagina10.com\/web\/#organization\"},\"alternateName\":\"P\u00e1gina10 Peri\u00f3dico Regional\",\"potentialAction\":[{\"@type\":\"SearchAction\",\"target\":{\"@type\":\"EntryPoint\",\"urlTemplate\":\"https:\/\/pagina10.com\/web\/?s={search_term_string}\"},\"query-input\":{\"@type\":\"PropertyValueSpecification\",\"valueRequired\":true,\"valueName\":\"search_term_string\"}}],\"inLanguage\":\"es\"},{\"@type\":\"Organization\",\"@id\":\"https:\/\/pagina10.com\/web\/#organization\",\"name\":\"P\u00e1gina10\",\"alternateName\":\"P\u00e1gina10 Peri\u00f3dico Regional\",\"url\":\"https:\/\/pagina10.com\/web\/\",\"logo\":{\"@type\":\"ImageObject\",\"inLanguage\":\"es\",\"@id\":\"https:\/\/pagina10.com\/web\/#\/schema\/logo\/image\/\",\"url\":\"https:\/\/pagina10.com\/web\/wp-content\/uploads\/2024\/01\/40-pagina-10-periodico-regional-pasto.jpg\",\"contentUrl\":\"https:\/\/pagina10.com\/web\/wp-content\/uploads\/2024\/01\/40-pagina-10-periodico-regional-pasto.jpg\",\"width\":1280,\"height\":720,\"caption\":\"P\u00e1gina10\"},\"image\":{\"@id\":\"https:\/\/pagina10.com\/web\/#\/schema\/logo\/image\/\"},\"sameAs\":[\"https:\/\/www.facebook.com\/pag10com\",\"https:\/\/x.com\/Pag10com\",\"https:\/\/www.instagram.com\/pagina10col\/\",\"https:\/\/youtube.com\/channel\/pag10\",\"https:\/\/www.tiktok.com\/@p10col\"]},{\"@type\":\"Person\",\"@id\":\"https:\/\/pagina10.com\/web\/#\/schema\/person\/a7a5d38f0629dfc107f619fbae4f6cc3\",\"name\":\"P\u00e1gina 10\",\"description\":\"P\u00e1gina10.com es un peri\u00f3dico digital que nace en Colombia, en el departamento de Nari\u00f1o, con un enfoque global, fundamentado en cuatro pilares esenciales: la libertad, el pluralismo, la inclusi\u00f3n y la independencia. P\u00e1gina10.com hace referencia a Nari\u00f1o como el d\u00e9cimo departamento creado en Colombia, despu\u00e9s de un proceso pol\u00edtico liderado por actores y actrices regionales con el fin de obtener la independencia y autonom\u00eda de nuestros territorios. Con la creaci\u00f3n de P\u00e1gina10.com se pretende abrir un escenario para el dialogo, la reflexi\u00f3n y el debate que se extienda a otras geograf\u00edas de Am\u00e9rica Latina y del planeta, en una apuesta por transformar colectivamente los desaf\u00edos de un mundo contempor\u00e1neo, m\u00e1s all\u00e1 de las fronteras impuestas.\",\"url\":\"https:\/\/pagina10.com\/web\/author\/mcepeda\/\"}]}<\/script>\n<!-- \/ Yoast SEO plugin. -->","yoast_head_json":{"title":"En El Contadero, se desarticula la banda delincuencial \u201cLos Brujos\u201d | P\u00e1gina10","robots":{"index":"index","follow":"follow","max-snippet":"max-snippet:-1","max-image-preview":"max-image-preview:large","max-video-preview":"max-video-preview:-1"},"canonical":"https:\/\/pagina10.com\/web\/en-el-contadero-se-desarticula-la-banda-delincuencial-los-brujos\/","og_locale":"es_ES","og_type":"article","og_title":"En El Contadero, se desarticula la banda delincuencial \u201cLos Brujos\u201d | P\u00e1gina10","og_description":"En el despliegue operativo de la Estrategia de Convivencia y Seguridad Ciudadana, mediante labores investigativas en coordinaci\u00f3n con inteligencia del Ej\u00e9rcito Nacional y la vital informaci\u00f3n de la comunidad, se logr\u00f3 la desarticulaci\u00f3n de la banda delincuencial denominada \u201cLos Brujos\u201d dedicada al asalto de residencias en esta zona del departamento, fue as\u00ed que en las [&hellip;]","og_url":"https:\/\/pagina10.com\/web\/en-el-contadero-se-desarticula-la-banda-delincuencial-los-brujos\/","og_site_name":"P\u00e1gina10","article_publisher":"https:\/\/www.facebook.com\/pag10com","article_published_time":"2015-12-09T19:04:32+00:00","og_image":[{"width":1012,"height":759,"url":"https:\/\/pagina10.com\/web\/wp-content\/uploads\/2015\/12\/8ef8e6d35acdae3dd6d88a4e28cc91cd.jpg","type":"image\/jpeg"}],"author":"P\u00e1gina 10","twitter_card":"summary_large_image","twitter_creator":"@Pag10com","twitter_site":"@Pag10com","twitter_misc":{"Escrito por":"P\u00e1gina 10","Tiempo de lectura":"2 minutos"},"schema":{"@context":"https:\/\/schema.org","@graph":[{"@type":"Article","@id":"https:\/\/pagina10.com\/web\/en-el-contadero-se-desarticula-la-banda-delincuencial-los-brujos\/#article","isPartOf":{"@id":"https:\/\/pagina10.com\/web\/en-el-contadero-se-desarticula-la-banda-delincuencial-los-brujos\/"},"author":{"name":"P\u00e1gina 10","@id":"https:\/\/pagina10.com\/web\/#\/schema\/person\/a7a5d38f0629dfc107f619fbae4f6cc3"},"headline":"En El Contadero, se desarticula la banda delincuencial \u201cLos Brujos\u201d","datePublished":"2015-12-09T19:04:32+00:00","mainEntityOfPage":{"@id":"https:\/\/pagina10.com\/web\/en-el-contadero-se-desarticula-la-banda-delincuencial-los-brujos\/"},"wordCount":311,"commentCount":0,"publisher":{"@id":"https:\/\/pagina10.com\/web\/#organization"},"image":{"@id":"https:\/\/pagina10.com\/web\/en-el-contadero-se-desarticula-la-banda-delincuencial-los-brujos\/#primaryimage"},"thumbnailUrl":"https:\/\/pagina10.com\/web\/wp-content\/uploads\/2015\/12\/8ef8e6d35acdae3dd6d88a4e28cc91cd.jpg","inLanguage":"es","potentialAction":[{"@type":"CommentAction","name":"Comment","target":["https:\/\/pagina10.com\/web\/en-el-contadero-se-desarticula-la-banda-delincuencial-los-brujos\/#respond"]}]},{"@type":"WebPage","@id":"https:\/\/pagina10.com\/web\/en-el-contadero-se-desarticula-la-banda-delincuencial-los-brujos\/","url":"https:\/\/pagina10.com\/web\/en-el-contadero-se-desarticula-la-banda-delincuencial-los-brujos\/","name":"En El Contadero, se desarticula la banda delincuencial \u201cLos Brujos\u201d | P\u00e1gina10","isPartOf":{"@id":"https:\/\/pagina10.com\/web\/#website"},"primaryImageOfPage":{"@id":"https:\/\/pagina10.com\/web\/en-el-contadero-se-desarticula-la-banda-delincuencial-los-brujos\/#primaryimage"},"image":{"@id":"https:\/\/pagina10.com\/web\/en-el-contadero-se-desarticula-la-banda-delincuencial-los-brujos\/#primaryimage"},"thumbnailUrl":"https:\/\/pagina10.com\/web\/wp-content\/uploads\/2015\/12\/8ef8e6d35acdae3dd6d88a4e28cc91cd.jpg","datePublished":"2015-12-09T19:04:32+00:00","breadcrumb":{"@id":"https:\/\/pagina10.com\/web\/en-el-contadero-se-desarticula-la-banda-delincuencial-los-brujos\/#breadcrumb"},"inLanguage":"es","potentialAction":[{"@type":"ReadAction","target":["https:\/\/pagina10.com\/web\/en-el-contadero-se-desarticula-la-banda-delincuencial-los-brujos\/"]}]},{"@type":"ImageObject","inLanguage":"es","@id":"https:\/\/pagina10.com\/web\/en-el-contadero-se-desarticula-la-banda-delincuencial-los-brujos\/#primaryimage","url":"https:\/\/pagina10.com\/web\/wp-content\/uploads\/2015\/12\/8ef8e6d35acdae3dd6d88a4e28cc91cd.jpg","contentUrl":"https:\/\/pagina10.com\/web\/wp-content\/uploads\/2015\/12\/8ef8e6d35acdae3dd6d88a4e28cc91cd.jpg","width":1012,"height":759},{"@type":"BreadcrumbList","@id":"https:\/\/pagina10.com\/web\/en-el-contadero-se-desarticula-la-banda-delincuencial-los-brujos\/#breadcrumb","itemListElement":[{"@type":"ListItem","position":1,"name":"Portada","item":"https:\/\/pagina10.com\/web\/"},{"@type":"ListItem","position":2,"name":"En El Contadero, se desarticula la banda delincuencial \u201cLos Brujos\u201d"}]},{"@type":"WebSite","@id":"https:\/\/pagina10.com\/web\/#website","url":"https:\/\/pagina10.com\/web\/","name":"P\u00e1gina10","description":"Peri\u00f3dico Regional","publisher":{"@id":"https:\/\/pagina10.com\/web\/#organization"},"alternateName":"P\u00e1gina10 Peri\u00f3dico Regional","potentialAction":[{"@type":"SearchAction","target":{"@type":"EntryPoint","urlTemplate":"https:\/\/pagina10.com\/web\/?s={search_term_string}"},"query-input":{"@type":"PropertyValueSpecification","valueRequired":true,"valueName":"search_term_string"}}],"inLanguage":"es"},{"@type":"Organization","@id":"https:\/\/pagina10.com\/web\/#organization","name":"P\u00e1gina10","alternateName":"P\u00e1gina10 Peri\u00f3dico Regional","url":"https:\/\/pagina10.com\/web\/","logo":{"@type":"ImageObject","inLanguage":"es","@id":"https:\/\/pagina10.com\/web\/#\/schema\/logo\/image\/","url":"https:\/\/pagina10.com\/web\/wp-content\/uploads\/2024\/01\/40-pagina-10-periodico-regional-pasto.jpg","contentUrl":"https:\/\/pagina10.com\/web\/wp-content\/uploads\/2024\/01\/40-pagina-10-periodico-regional-pasto.jpg","width":1280,"height":720,"caption":"P\u00e1gina10"},"image":{"@id":"https:\/\/pagina10.com\/web\/#\/schema\/logo\/image\/"},"sameAs":["https:\/\/www.facebook.com\/pag10com","https:\/\/x.com\/Pag10com","https:\/\/www.instagram.com\/pagina10col\/","https:\/\/youtube.com\/channel\/pag10","https:\/\/www.tiktok.com\/@p10col"]},{"@type":"Person","@id":"https:\/\/pagina10.com\/web\/#\/schema\/person\/a7a5d38f0629dfc107f619fbae4f6cc3","name":"P\u00e1gina 10","description":"P\u00e1gina10.com es un peri\u00f3dico digital que nace en Colombia, en el departamento de Nari\u00f1o, con un enfoque global, fundamentado en cuatro pilares esenciales: la libertad, el pluralismo, la inclusi\u00f3n y la independencia. P\u00e1gina10.com hace referencia a Nari\u00f1o como el d\u00e9cimo departamento creado en Colombia, despu\u00e9s de un proceso pol\u00edtico liderado por actores y actrices regionales con el fin de obtener la independencia y autonom\u00eda de nuestros territorios. Con la creaci\u00f3n de P\u00e1gina10.com se pretende abrir un escenario para el dialogo, la reflexi\u00f3n y el debate que se extienda a otras geograf\u00edas de Am\u00e9rica Latina y del planeta, en una apuesta por transformar colectivamente los desaf\u00edos de un mundo contempor\u00e1neo, m\u00e1s all\u00e1 de las fronteras impuestas.","url":"https:\/\/pagina10.com\/web\/author\/mcepeda\/"}]}},"_links":{"self":[{"href":"https:\/\/pagina10.com\/web\/wp-json\/wp\/v2\/posts\/18858","targetHints":{"allow":["GET"]}}],"collection":[{"href":"https:\/\/pagina10.com\/web\/wp-json\/wp\/v2\/posts"}],"about":[{"href":"https:\/\/pagina10.com\/web\/wp-json\/wp\/v2\/types\/post"}],"author":[{"embeddable":true,"href":"https:\/\/pagina10.com\/web\/wp-json\/wp\/v2\/users\/29"}],"replies":[{"embeddable":true,"href":"https:\/\/pagina10.com\/web\/wp-json\/wp\/v2\/comments?post=18858"}],"version-history":[{"count":0,"href":"https:\/\/pagina10.com\/web\/wp-json\/wp\/v2\/posts\/18858\/revisions"}],"wp:featuredmedia":[{"embeddable":true,"href":"https:\/\/pagina10.com\/web\/wp-json\/wp\/v2\/media\/18857"}],"wp:attachment":[{"href":"https:\/\/pagina10.com\/web\/wp-json\/wp\/v2\/media?parent=18858"}],"wp:term":[{"taxonomy":"category","embeddable":true,"href":"https:\/\/pagina10.com\/web\/wp-json\/wp\/v2\/categories?post=18858"},{"taxonomy":"post_tag","embeddable":true,"href":"https:\/\/pagina10.com\/web\/wp-json\/wp\/v2\/tags?post=18858"}],"curies":[{"name":"wp","href":"https:\/\/api.w.org\/{rel}","templated":true}]}}