{"id":18860,"date":"2015-12-09T19:24:24","date_gmt":"2015-12-09T19:24:24","guid":{"rendered":"https:\/\/pagina10.com\/web\/santa-fe-huracan-un-partido-para-quedar-en-la-historia\/"},"modified":"2015-12-09T19:24:24","modified_gmt":"2015-12-09T19:24:24","slug":"santa-fe-huracan-un-partido-para-quedar-en-la-historia","status":"publish","type":"post","link":"https:\/\/pagina10.com\/web\/santa-fe-huracan-un-partido-para-quedar-en-la-historia\/","title":{"rendered":"Santa Fe-Hurac\u00e1n: un partido para quedar en la historia"},"content":{"rendered":"<p><img fetchpriority=\"high\" decoding=\"async\" class=\" size-full wp-image-18859\" src=\"https:\/\/pagina10.com\/web\/wp-content\/uploads\/2015\/12\/f63ea660e521ae3a9066279c06e42a9b.jpg\" alt=\"\" width=\"610\" height=\"400\" srcset=\"https:\/\/pagina10.com\/web\/wp-content\/uploads\/2015\/12\/f63ea660e521ae3a9066279c06e42a9b.jpg 610w, https:\/\/pagina10.com\/web\/wp-content\/uploads\/2015\/12\/f63ea660e521ae3a9066279c06e42a9b-300x197.jpg 300w\" sizes=\"(max-width: 610px) 100vw, 610px\" \/><\/p>\n<div style=\"text-align: justify;\">El Independiente Santa Fe colombiano y el Hurac\u00e1n argentino buscar\u00e1n el mi\u00e9rcoles su primer t\u00edtulo internacional cuando se midan en el estadio El Camp\u00edn, en Bogot\u00e1, en el partido de vuelta de la final de la Copa Sudamericana-2015.<\/div>\n<div style=\"text-align: justify;\">&nbsp;<\/div>\n<div style=\"text-align: justify;\">El cuadro rojo de Bogot\u00e1 ha hecho una gran campa\u00f1a en lo que va del a\u00f1o y hasta hace tres semanas era candidato a quedarse con la triple corona de la liga y la copa locales y la Sudamericana.<\/div>\n<div style=\"text-align: justify;\">Pero este mi\u00e9rcoles, cuando reciba a Hurac\u00e1n tras el 0-0 logrado hace una semana en Buenos Aires en el partido de ida de la final, tendr\u00e1 la \u00faltima oportunidad de salvar su a\u00f1o y hacer historia, pues perdi\u00f3 la final de la copa colombiana y en cuartos de final de la liga frente al Junior de Barranquilla.<\/div>\n<div style=\"text-align: justify;\">&nbsp;<\/div>\n<div style=\"text-align: justify;\">El partido, que se jugar\u00e1 a las 7:00 de la noche, encuentra a los &#8216;cardenales&#8217; motivados por el resultado alcanzado en Parque Patricios, Buenos Aires, frente a un Hurac\u00e1n que recibi\u00f3 una despedida muy emotiva de sus hinchas antes de viajar a Colombia.<\/div>\n<div style=\"text-align: justify;\">&nbsp;<\/div>\n<div style=\"text-align: justify;\">Pese a la gran motivaci\u00f3n, el conjunto colombiano deber\u00e1 superar algunos problemas internos por denuncias de exdirectivos de la instituci\u00f3n que acusan de corrupci\u00f3n a jugadores del equipo por unos supuestos cobros para poder actuar.<\/div>\n<div style=\"text-align: justify;\">&nbsp;<\/div>\n<div style=\"text-align: justify;\">Las denuncias fueron desestimadas por los propios integrantes del plantel profesional que en carta p\u00fablica manifestaron su apoyo al actual presidente, C\u00e9sar Pastrana, y reafirmaron su compromiso &#8220;de conseguir para nuestro glorioso escudo y nuestro pa\u00eds la primera Copa Sudamericana&#8221;.<\/div>\n<div style=\"text-align: justify;\">&nbsp;<\/div>\n<div style=\"text-align: justify;\">El otro gran escollo que deber\u00e1 superar Santa Fe es el propio Hurac\u00e1n, que se muestra como un equipo s\u00f3lido en defensa y peligroso en el ataque, especialmente con su potente centrodelantero, Ram\u00f3n \u00c1bila.<\/div>\n<div style=\"text-align: justify;\">&nbsp;<\/div>\n<div style=\"text-align: justify;\">El director t\u00e9cnico del equipo bogotano, el uruguayo Gerardo Pelusso, calific\u00f3 al &#8216;Globo&#8217; como un equipo compuesto por &#8220;jugadores que est\u00e1n dispuestos a dar todo por la causa&#8221;.<\/div>\n<div style=\"text-align: justify;\">Pelusso admiti\u00f3 el poder de \u00c1bila y sus compa\u00f1eros y asegur\u00f3 que Santa Fe no subestima al rival aunque record\u00f3 que &#8220;la \u00faltima palabra la tendremos en casa&#8221;.<br clear=\"none\" \/>&nbsp;&nbsp;&nbsp;<br clear=\"none\" \/>QUEDAR EN LA HISTORIA<br clear=\"none\" \/><br clear=\"none\" \/><\/div>\n<div style=\"text-align: justify;\">Por su parte, Hurac\u00e1n lleg\u00f3 a Cali, donde permanecer\u00e1 hasta pocas horas antes del juego, como estrategia para contrarrestar los 2.650 metros de altura de la capital colombiana, y tambi\u00e9n asume el encuentro como un compromiso hist\u00f3rico.<\/div>\n<div style=\"text-align: justify;\">&nbsp;<\/div>\n<div style=\"text-align: justify;\">&#8220;Estamos a d\u00edas de quedar en la historia del club y daremos lo m\u00e1ximo para lograrlo. Vamos a ir a buscar la Copa a Colombia&#8221;, dijo a medios argentinos el volante Mauro Bogado, poco antes de viajar a tierras cafeteras.<\/div>\n<div style=\"text-align: justify;\">&nbsp;<\/div>\n<div style=\"text-align: justify;\">El cuadro del t\u00e9cnico Eduardo Dom\u00ednguez se prepar\u00f3 con todo para el juego y anunci\u00f3 que suministrar\u00e1 a sus deportistas viagra, ibuprofeno y \u00e1cido ti\u00f3ctico que ayuda a mejorar la circulaci\u00f3n pulmonar, en una pr\u00e1ctica habitual en algunos equipos argentinos cuando juegan en altura.<\/div>\n<div style=\"text-align: justify;\">&nbsp;<\/div>\n<div style=\"text-align: justify;\">&#8220;Estas medidas se toman solo por precauci\u00f3n, no es tan significativa la altura&#8221;, afirm\u00f3 el m\u00e9dico de Hurac\u00e1n, Pedro Di Spagna.<\/div>\n<div style=\"text-align: justify;\">&nbsp;<\/div>\n<div style=\"text-align: justify;\">Los jugadores del &#8216;globo&#8217; admitieron que el equipo colombiano los neutraliz\u00f3 en su casa, pero ahora esperan que Santa Fe salga a atacar y conf\u00edan en su buena disposici\u00f3n para hacerle da\u00f1o a su rival.<\/div>\n<div style=\"text-align: justify;\">&#8220;Les va a tocar salir y veremos que proponen. Como ellos se sienten c\u00f3modos jugando de visitantes, Hurac\u00e1n tambi\u00e9n. Por eso vamos a plantear el partido de la misma manera y Santa Fe va a tener que proponer&#8221;, dijo el DT Dom\u00ednguez.<\/div>\n<div style=\"text-align: justify;\">&nbsp;<\/div>\n<div style=\"text-align: justify;\">El juego ser\u00e1 dirigido por la terna brasile\u00f1a encabezada por el \u00e1rbitro Heber L\u00f3pez, acompa\u00f1ado en las l\u00edneas por Kleber Gil y Bruno Boschilia.<\/div>\n<div style=\"text-align: justify;\">&nbsp;<\/div>\n<div style=\"text-align: justify;\">POSIBLES ALINEACIONES:<br clear=\"none\" \/>Santa Fe:&nbsp;R\u00f3binson Zapata &#8211; Yuli\u00e1n Anchico, Yerry Mina, Francisco Meza, Leyvin Balanta &#8211; Juan Daniel Roa, Baldomero Perlaza, Yeison Gordillo, Luis Seijas &#8211; Daniel Angulo y Wilson Morelo. DT: Gerardo Pelusso.<br clear=\"none\" \/>Hurac\u00e1n:&nbsp;Marcos D\u00edaz &#8211; Jos\u00e9 San Rom\u00e1n, Mart\u00edn Nervo, Federico Mancinelli, Luciano Balbi &#8211; Federico Vismara, Mauro Bogado &#8211; Patricio Toranzo, Daniel Montenegro, Cristian Espinoza &#8211; Ram\u00f3n \u00c1bila. DT: Eduardo Dom\u00ednguez.<\/div>\n","protected":false},"excerpt":{"rendered":"<p>El Independiente Santa Fe colombiano y el Hurac\u00e1n argentino buscar\u00e1n el mi\u00e9rcoles su primer t\u00edtulo internacional cuando se midan en el estadio El Camp\u00edn, en Bogot\u00e1, en el partido de vuelta de la final de la Copa Sudamericana-2015. &nbsp; El cuadro rojo de Bogot\u00e1 ha hecho una gran campa\u00f1a en lo que va del a\u00f1o [&hellip;]<\/p>\n","protected":false},"author":38,"featured_media":18859,"comment_status":"open","ping_status":"open","sticky":false,"template":"","format":"standard","meta":{"footnotes":""},"categories":[1],"tags":[],"class_list":["post-18860","post","type-post","status-publish","format-standard","has-post-thumbnail","hentry","category-sin-categoria"],"yoast_head":"<!-- This site is optimized with the Yoast SEO plugin v27.1.1 - https:\/\/yoast.com\/product\/yoast-seo-wordpress\/ -->\n<title>Santa Fe-Hurac\u00e1n: un partido para quedar en la historia | P\u00e1gina10<\/title>\n<meta name=\"robots\" content=\"index, follow, max-snippet:-1, max-image-preview:large, max-video-preview:-1\" \/>\n<link rel=\"canonical\" href=\"https:\/\/pagina10.com\/web\/santa-fe-huracan-un-partido-para-quedar-en-la-historia\/\" \/>\n<meta property=\"og:locale\" content=\"es_ES\" \/>\n<meta property=\"og:type\" content=\"article\" \/>\n<meta property=\"og:title\" content=\"Santa Fe-Hurac\u00e1n: un partido para quedar en la historia | P\u00e1gina10\" \/>\n<meta property=\"og:description\" content=\"El Independiente Santa Fe colombiano y el Hurac\u00e1n argentino buscar\u00e1n el mi\u00e9rcoles su primer t\u00edtulo internacional cuando se midan en el estadio El Camp\u00edn, en Bogot\u00e1, en el partido de vuelta de la final de la Copa Sudamericana-2015. &nbsp; El cuadro rojo de Bogot\u00e1 ha hecho una gran campa\u00f1a en lo que va del a\u00f1o [&hellip;]\" \/>\n<meta property=\"og:url\" content=\"https:\/\/pagina10.com\/web\/santa-fe-huracan-un-partido-para-quedar-en-la-historia\/\" \/>\n<meta property=\"og:site_name\" content=\"P\u00e1gina10\" \/>\n<meta property=\"article:publisher\" content=\"https:\/\/www.facebook.com\/pag10com\" \/>\n<meta property=\"article:published_time\" content=\"2015-12-09T19:24:24+00:00\" \/>\n<meta property=\"og:image\" content=\"https:\/\/pagina10.com\/web\/wp-content\/uploads\/2015\/12\/f63ea660e521ae3a9066279c06e42a9b.jpg\" \/>\n\t<meta property=\"og:image:width\" content=\"610\" \/>\n\t<meta property=\"og:image:height\" content=\"400\" \/>\n\t<meta property=\"og:image:type\" content=\"image\/jpeg\" \/>\n<meta name=\"author\" content=\"Carlos Villota Santacruz.\" \/>\n<meta name=\"twitter:card\" content=\"summary_large_image\" \/>\n<meta name=\"twitter:creator\" content=\"@Pag10com\" \/>\n<meta name=\"twitter:site\" content=\"@Pag10com\" \/>\n<meta name=\"twitter:label1\" content=\"Escrito por\" \/>\n\t<meta name=\"twitter:data1\" content=\"Carlos Villota Santacruz.\" \/>\n\t<meta name=\"twitter:label2\" content=\"Tiempo de lectura\" \/>\n\t<meta name=\"twitter:data2\" content=\"4 minutos\" \/>\n<script type=\"application\/ld+json\" class=\"yoast-schema-graph\">{\"@context\":\"https:\/\/schema.org\",\"@graph\":[{\"@type\":\"Article\",\"@id\":\"https:\/\/pagina10.com\/web\/santa-fe-huracan-un-partido-para-quedar-en-la-historia\/#article\",\"isPartOf\":{\"@id\":\"https:\/\/pagina10.com\/web\/santa-fe-huracan-un-partido-para-quedar-en-la-historia\/\"},\"author\":{\"name\":\"Carlos Villota Santacruz.\",\"@id\":\"https:\/\/pagina10.com\/web\/#\/schema\/person\/b459e2d15ec5ba9d5a2c9a81c71c4f7b\"},\"headline\":\"Santa Fe-Hurac\u00e1n: un partido para quedar en la historia\",\"datePublished\":\"2015-12-09T19:24:24+00:00\",\"mainEntityOfPage\":{\"@id\":\"https:\/\/pagina10.com\/web\/santa-fe-huracan-un-partido-para-quedar-en-la-historia\/\"},\"wordCount\":734,\"commentCount\":0,\"publisher\":{\"@id\":\"https:\/\/pagina10.com\/web\/#organization\"},\"image\":{\"@id\":\"https:\/\/pagina10.com\/web\/santa-fe-huracan-un-partido-para-quedar-en-la-historia\/#primaryimage\"},\"thumbnailUrl\":\"https:\/\/pagina10.com\/web\/wp-content\/uploads\/2015\/12\/f63ea660e521ae3a9066279c06e42a9b.jpg\",\"inLanguage\":\"es\",\"potentialAction\":[{\"@type\":\"CommentAction\",\"name\":\"Comment\",\"target\":[\"https:\/\/pagina10.com\/web\/santa-fe-huracan-un-partido-para-quedar-en-la-historia\/#respond\"]}]},{\"@type\":\"WebPage\",\"@id\":\"https:\/\/pagina10.com\/web\/santa-fe-huracan-un-partido-para-quedar-en-la-historia\/\",\"url\":\"https:\/\/pagina10.com\/web\/santa-fe-huracan-un-partido-para-quedar-en-la-historia\/\",\"name\":\"Santa Fe-Hurac\u00e1n: un partido para quedar en la historia | P\u00e1gina10\",\"isPartOf\":{\"@id\":\"https:\/\/pagina10.com\/web\/#website\"},\"primaryImageOfPage\":{\"@id\":\"https:\/\/pagina10.com\/web\/santa-fe-huracan-un-partido-para-quedar-en-la-historia\/#primaryimage\"},\"image\":{\"@id\":\"https:\/\/pagina10.com\/web\/santa-fe-huracan-un-partido-para-quedar-en-la-historia\/#primaryimage\"},\"thumbnailUrl\":\"https:\/\/pagina10.com\/web\/wp-content\/uploads\/2015\/12\/f63ea660e521ae3a9066279c06e42a9b.jpg\",\"datePublished\":\"2015-12-09T19:24:24+00:00\",\"breadcrumb\":{\"@id\":\"https:\/\/pagina10.com\/web\/santa-fe-huracan-un-partido-para-quedar-en-la-historia\/#breadcrumb\"},\"inLanguage\":\"es\",\"potentialAction\":[{\"@type\":\"ReadAction\",\"target\":[\"https:\/\/pagina10.com\/web\/santa-fe-huracan-un-partido-para-quedar-en-la-historia\/\"]}]},{\"@type\":\"ImageObject\",\"inLanguage\":\"es\",\"@id\":\"https:\/\/pagina10.com\/web\/santa-fe-huracan-un-partido-para-quedar-en-la-historia\/#primaryimage\",\"url\":\"https:\/\/pagina10.com\/web\/wp-content\/uploads\/2015\/12\/f63ea660e521ae3a9066279c06e42a9b.jpg\",\"contentUrl\":\"https:\/\/pagina10.com\/web\/wp-content\/uploads\/2015\/12\/f63ea660e521ae3a9066279c06e42a9b.jpg\",\"width\":610,\"height\":400},{\"@type\":\"BreadcrumbList\",\"@id\":\"https:\/\/pagina10.com\/web\/santa-fe-huracan-un-partido-para-quedar-en-la-historia\/#breadcrumb\",\"itemListElement\":[{\"@type\":\"ListItem\",\"position\":1,\"name\":\"Portada\",\"item\":\"https:\/\/pagina10.com\/web\/\"},{\"@type\":\"ListItem\",\"position\":2,\"name\":\"Santa Fe-Hurac\u00e1n: un partido para quedar en la historia\"}]},{\"@type\":\"WebSite\",\"@id\":\"https:\/\/pagina10.com\/web\/#website\",\"url\":\"https:\/\/pagina10.com\/web\/\",\"name\":\"P\u00e1gina10\",\"description\":\"Peri\u00f3dico Regional\",\"publisher\":{\"@id\":\"https:\/\/pagina10.com\/web\/#organization\"},\"alternateName\":\"P\u00e1gina10 Peri\u00f3dico Regional\",\"potentialAction\":[{\"@type\":\"SearchAction\",\"target\":{\"@type\":\"EntryPoint\",\"urlTemplate\":\"https:\/\/pagina10.com\/web\/?s={search_term_string}\"},\"query-input\":{\"@type\":\"PropertyValueSpecification\",\"valueRequired\":true,\"valueName\":\"search_term_string\"}}],\"inLanguage\":\"es\"},{\"@type\":\"Organization\",\"@id\":\"https:\/\/pagina10.com\/web\/#organization\",\"name\":\"P\u00e1gina10\",\"alternateName\":\"P\u00e1gina10 Peri\u00f3dico Regional\",\"url\":\"https:\/\/pagina10.com\/web\/\",\"logo\":{\"@type\":\"ImageObject\",\"inLanguage\":\"es\",\"@id\":\"https:\/\/pagina10.com\/web\/#\/schema\/logo\/image\/\",\"url\":\"https:\/\/pagina10.com\/web\/wp-content\/uploads\/2024\/01\/40-pagina-10-periodico-regional-pasto.jpg\",\"contentUrl\":\"https:\/\/pagina10.com\/web\/wp-content\/uploads\/2024\/01\/40-pagina-10-periodico-regional-pasto.jpg\",\"width\":1280,\"height\":720,\"caption\":\"P\u00e1gina10\"},\"image\":{\"@id\":\"https:\/\/pagina10.com\/web\/#\/schema\/logo\/image\/\"},\"sameAs\":[\"https:\/\/www.facebook.com\/pag10com\",\"https:\/\/x.com\/Pag10com\",\"https:\/\/www.instagram.com\/pagina10col\/\",\"https:\/\/youtube.com\/channel\/pag10\",\"https:\/\/www.tiktok.com\/@p10col\"]},{\"@type\":\"Person\",\"@id\":\"https:\/\/pagina10.com\/web\/#\/schema\/person\/b459e2d15ec5ba9d5a2c9a81c71c4f7b\",\"name\":\"Carlos Villota Santacruz.\",\"description\":\"Internacionalista-Comunicador Social y Periodista. Experto en Comunicaci\u00f3n para el desarrollo y ciudad-regi\u00f3n.. Promotor de proyectos e investigaci\u00f3n comunicativa en radio, prensa y televisi\u00f3n. Experiencia en el manejo de imagen externa, interna y protocolaria de entidades p\u00fablicas y privadas, encuentros culturales, empresariales y ambientales. Docente en el \u00e1rea de televisi\u00f3n, relaciones internacionales y bloques econ\u00f3micos. Experto y conferencista en temas de marketing pol\u00edtico, marketing de ciudad, integraci\u00f3n cultural, TLC y desarrollo urban\u00edstico. E-mail: villotasantacruzcarlos@yahoo.com.co\",\"url\":\"https:\/\/pagina10.com\/web\/author\/cvillota\/\"}]}<\/script>\n<!-- \/ Yoast SEO plugin. -->","yoast_head_json":{"title":"Santa Fe-Hurac\u00e1n: un partido para quedar en la historia | P\u00e1gina10","robots":{"index":"index","follow":"follow","max-snippet":"max-snippet:-1","max-image-preview":"max-image-preview:large","max-video-preview":"max-video-preview:-1"},"canonical":"https:\/\/pagina10.com\/web\/santa-fe-huracan-un-partido-para-quedar-en-la-historia\/","og_locale":"es_ES","og_type":"article","og_title":"Santa Fe-Hurac\u00e1n: un partido para quedar en la historia | P\u00e1gina10","og_description":"El Independiente Santa Fe colombiano y el Hurac\u00e1n argentino buscar\u00e1n el mi\u00e9rcoles su primer t\u00edtulo internacional cuando se midan en el estadio El Camp\u00edn, en Bogot\u00e1, en el partido de vuelta de la final de la Copa Sudamericana-2015. &nbsp; El cuadro rojo de Bogot\u00e1 ha hecho una gran campa\u00f1a en lo que va del a\u00f1o [&hellip;]","og_url":"https:\/\/pagina10.com\/web\/santa-fe-huracan-un-partido-para-quedar-en-la-historia\/","og_site_name":"P\u00e1gina10","article_publisher":"https:\/\/www.facebook.com\/pag10com","article_published_time":"2015-12-09T19:24:24+00:00","og_image":[{"width":610,"height":400,"url":"https:\/\/pagina10.com\/web\/wp-content\/uploads\/2015\/12\/f63ea660e521ae3a9066279c06e42a9b.jpg","type":"image\/jpeg"}],"author":"Carlos Villota Santacruz.","twitter_card":"summary_large_image","twitter_creator":"@Pag10com","twitter_site":"@Pag10com","twitter_misc":{"Escrito por":"Carlos Villota Santacruz.","Tiempo de lectura":"4 minutos"},"schema":{"@context":"https:\/\/schema.org","@graph":[{"@type":"Article","@id":"https:\/\/pagina10.com\/web\/santa-fe-huracan-un-partido-para-quedar-en-la-historia\/#article","isPartOf":{"@id":"https:\/\/pagina10.com\/web\/santa-fe-huracan-un-partido-para-quedar-en-la-historia\/"},"author":{"name":"Carlos Villota Santacruz.","@id":"https:\/\/pagina10.com\/web\/#\/schema\/person\/b459e2d15ec5ba9d5a2c9a81c71c4f7b"},"headline":"Santa Fe-Hurac\u00e1n: un partido para quedar en la historia","datePublished":"2015-12-09T19:24:24+00:00","mainEntityOfPage":{"@id":"https:\/\/pagina10.com\/web\/santa-fe-huracan-un-partido-para-quedar-en-la-historia\/"},"wordCount":734,"commentCount":0,"publisher":{"@id":"https:\/\/pagina10.com\/web\/#organization"},"image":{"@id":"https:\/\/pagina10.com\/web\/santa-fe-huracan-un-partido-para-quedar-en-la-historia\/#primaryimage"},"thumbnailUrl":"https:\/\/pagina10.com\/web\/wp-content\/uploads\/2015\/12\/f63ea660e521ae3a9066279c06e42a9b.jpg","inLanguage":"es","potentialAction":[{"@type":"CommentAction","name":"Comment","target":["https:\/\/pagina10.com\/web\/santa-fe-huracan-un-partido-para-quedar-en-la-historia\/#respond"]}]},{"@type":"WebPage","@id":"https:\/\/pagina10.com\/web\/santa-fe-huracan-un-partido-para-quedar-en-la-historia\/","url":"https:\/\/pagina10.com\/web\/santa-fe-huracan-un-partido-para-quedar-en-la-historia\/","name":"Santa Fe-Hurac\u00e1n: un partido para quedar en la historia | P\u00e1gina10","isPartOf":{"@id":"https:\/\/pagina10.com\/web\/#website"},"primaryImageOfPage":{"@id":"https:\/\/pagina10.com\/web\/santa-fe-huracan-un-partido-para-quedar-en-la-historia\/#primaryimage"},"image":{"@id":"https:\/\/pagina10.com\/web\/santa-fe-huracan-un-partido-para-quedar-en-la-historia\/#primaryimage"},"thumbnailUrl":"https:\/\/pagina10.com\/web\/wp-content\/uploads\/2015\/12\/f63ea660e521ae3a9066279c06e42a9b.jpg","datePublished":"2015-12-09T19:24:24+00:00","breadcrumb":{"@id":"https:\/\/pagina10.com\/web\/santa-fe-huracan-un-partido-para-quedar-en-la-historia\/#breadcrumb"},"inLanguage":"es","potentialAction":[{"@type":"ReadAction","target":["https:\/\/pagina10.com\/web\/santa-fe-huracan-un-partido-para-quedar-en-la-historia\/"]}]},{"@type":"ImageObject","inLanguage":"es","@id":"https:\/\/pagina10.com\/web\/santa-fe-huracan-un-partido-para-quedar-en-la-historia\/#primaryimage","url":"https:\/\/pagina10.com\/web\/wp-content\/uploads\/2015\/12\/f63ea660e521ae3a9066279c06e42a9b.jpg","contentUrl":"https:\/\/pagina10.com\/web\/wp-content\/uploads\/2015\/12\/f63ea660e521ae3a9066279c06e42a9b.jpg","width":610,"height":400},{"@type":"BreadcrumbList","@id":"https:\/\/pagina10.com\/web\/santa-fe-huracan-un-partido-para-quedar-en-la-historia\/#breadcrumb","itemListElement":[{"@type":"ListItem","position":1,"name":"Portada","item":"https:\/\/pagina10.com\/web\/"},{"@type":"ListItem","position":2,"name":"Santa Fe-Hurac\u00e1n: un partido para quedar en la historia"}]},{"@type":"WebSite","@id":"https:\/\/pagina10.com\/web\/#website","url":"https:\/\/pagina10.com\/web\/","name":"P\u00e1gina10","description":"Peri\u00f3dico Regional","publisher":{"@id":"https:\/\/pagina10.com\/web\/#organization"},"alternateName":"P\u00e1gina10 Peri\u00f3dico Regional","potentialAction":[{"@type":"SearchAction","target":{"@type":"EntryPoint","urlTemplate":"https:\/\/pagina10.com\/web\/?s={search_term_string}"},"query-input":{"@type":"PropertyValueSpecification","valueRequired":true,"valueName":"search_term_string"}}],"inLanguage":"es"},{"@type":"Organization","@id":"https:\/\/pagina10.com\/web\/#organization","name":"P\u00e1gina10","alternateName":"P\u00e1gina10 Peri\u00f3dico Regional","url":"https:\/\/pagina10.com\/web\/","logo":{"@type":"ImageObject","inLanguage":"es","@id":"https:\/\/pagina10.com\/web\/#\/schema\/logo\/image\/","url":"https:\/\/pagina10.com\/web\/wp-content\/uploads\/2024\/01\/40-pagina-10-periodico-regional-pasto.jpg","contentUrl":"https:\/\/pagina10.com\/web\/wp-content\/uploads\/2024\/01\/40-pagina-10-periodico-regional-pasto.jpg","width":1280,"height":720,"caption":"P\u00e1gina10"},"image":{"@id":"https:\/\/pagina10.com\/web\/#\/schema\/logo\/image\/"},"sameAs":["https:\/\/www.facebook.com\/pag10com","https:\/\/x.com\/Pag10com","https:\/\/www.instagram.com\/pagina10col\/","https:\/\/youtube.com\/channel\/pag10","https:\/\/www.tiktok.com\/@p10col"]},{"@type":"Person","@id":"https:\/\/pagina10.com\/web\/#\/schema\/person\/b459e2d15ec5ba9d5a2c9a81c71c4f7b","name":"Carlos Villota Santacruz.","description":"Internacionalista-Comunicador Social y Periodista. Experto en Comunicaci\u00f3n para el desarrollo y ciudad-regi\u00f3n.. Promotor de proyectos e investigaci\u00f3n comunicativa en radio, prensa y televisi\u00f3n. Experiencia en el manejo de imagen externa, interna y protocolaria de entidades p\u00fablicas y privadas, encuentros culturales, empresariales y ambientales. Docente en el \u00e1rea de televisi\u00f3n, relaciones internacionales y bloques econ\u00f3micos. Experto y conferencista en temas de marketing pol\u00edtico, marketing de ciudad, integraci\u00f3n cultural, TLC y desarrollo urban\u00edstico. E-mail: villotasantacruzcarlos@yahoo.com.co","url":"https:\/\/pagina10.com\/web\/author\/cvillota\/"}]}},"_links":{"self":[{"href":"https:\/\/pagina10.com\/web\/wp-json\/wp\/v2\/posts\/18860","targetHints":{"allow":["GET"]}}],"collection":[{"href":"https:\/\/pagina10.com\/web\/wp-json\/wp\/v2\/posts"}],"about":[{"href":"https:\/\/pagina10.com\/web\/wp-json\/wp\/v2\/types\/post"}],"author":[{"embeddable":true,"href":"https:\/\/pagina10.com\/web\/wp-json\/wp\/v2\/users\/38"}],"replies":[{"embeddable":true,"href":"https:\/\/pagina10.com\/web\/wp-json\/wp\/v2\/comments?post=18860"}],"version-history":[{"count":0,"href":"https:\/\/pagina10.com\/web\/wp-json\/wp\/v2\/posts\/18860\/revisions"}],"wp:featuredmedia":[{"embeddable":true,"href":"https:\/\/pagina10.com\/web\/wp-json\/wp\/v2\/media\/18859"}],"wp:attachment":[{"href":"https:\/\/pagina10.com\/web\/wp-json\/wp\/v2\/media?parent=18860"}],"wp:term":[{"taxonomy":"category","embeddable":true,"href":"https:\/\/pagina10.com\/web\/wp-json\/wp\/v2\/categories?post=18860"},{"taxonomy":"post_tag","embeddable":true,"href":"https:\/\/pagina10.com\/web\/wp-json\/wp\/v2\/tags?post=18860"}],"curies":[{"name":"wp","href":"https:\/\/api.w.org\/{rel}","templated":true}]}}