{"id":18862,"date":"2015-12-09T20:29:56","date_gmt":"2015-12-09T20:29:56","guid":{"rendered":"https:\/\/pagina10.com\/web\/las-farc-liberan-al-soldado-jesus-angel-rojas-delgado\/"},"modified":"2015-12-09T20:29:56","modified_gmt":"2015-12-09T20:29:56","slug":"las-farc-liberan-al-soldado-jesus-angel-rojas-delgado","status":"publish","type":"post","link":"https:\/\/pagina10.com\/web\/las-farc-liberan-al-soldado-jesus-angel-rojas-delgado\/","title":{"rendered":"Las FARC liberan al soldado Jes\u00fas \u00c1ngel Rojas Delgado"},"content":{"rendered":"<p><img fetchpriority=\"high\" decoding=\"async\" class=\" size-full wp-image-18861\" src=\"https:\/\/pagina10.com\/web\/wp-content\/uploads\/2015\/12\/d9841ba99e2b24d4fa64fdf120dd7eab.jpg\" alt=\"\" width=\"630\" height=\"320\" srcset=\"https:\/\/pagina10.com\/web\/wp-content\/uploads\/2015\/12\/d9841ba99e2b24d4fa64fdf120dd7eab.jpg 630w, https:\/\/pagina10.com\/web\/wp-content\/uploads\/2015\/12\/d9841ba99e2b24d4fa64fdf120dd7eab-300x152.jpg 300w\" sizes=\"(max-width: 630px) 100vw, 630px\" \/><\/p>\n<p style=\"text-align: justify;\"><span style=\"color: #222222; font-family: arial, sans-serif; font-size: 12.8px; line-height: normal;\">El soldado colombiano que estaba en poder de las Fuerzas Armadas Revolucionarias de Colombia (FARC-EP) fue liberado hoy en una zona rural de Caquet\u00e1, en el sur del pa\u00eds. El militar fue entregado a representantes del Comit\u00e9 Internacional de la Cruz Roja (CICR).&nbsp;<\/span><br style=\"color: #222222; font-family: arial, sans-serif; font-size: 12.8px; line-height: normal;\" \/><br style=\"color: #222222; font-family: arial, sans-serif; font-size: 12.8px; line-height: normal;\" \/><span style=\"color: #222222; font-family: arial, sans-serif; font-size: 12.8px; line-height: normal;\">\u201cEstamos muy contentos de haber podido facilitar esta liberaci\u00f3n, que le permitir\u00e1 a este soldado recuperar su libertad y reencontrarse con su familia\u201d, dijo Christoph Harnisch, jefe de la delegaci\u00f3n del CICR en Colombia. \u201cComo intermediario neutral, agradecemos a las partes involucradas su confianza para llevar a cabo este tipo de operaciones, cuyo fin es estrictamente humanitario\u201d.<\/span><br style=\"color: #222222; font-family: arial, sans-serif; font-size: 12.8px; line-height: normal;\" \/><br style=\"color: #222222; font-family: arial, sans-serif; font-size: 12.8px; line-height: normal;\" \/><span style=\"color: #222222; font-family: arial, sans-serif; font-size: 12.8px; line-height: normal;\">La misi\u00f3n se desarroll\u00f3 por tierra desde la ciudad de Florencia, Caquet\u00e1, en veh\u00edculos identificados con el emblema del CICR. A esta hora, el equipo del CICR se dirige a entregar al soldado a representantes del Ej\u00e9rcito colombiano.<\/span><br style=\"color: #222222; font-family: arial, sans-serif; font-size: 12.8px; line-height: normal;\" \/><br style=\"color: #222222; font-family: arial, sans-serif; font-size: 12.8px; line-height: normal;\" \/><span style=\"color: #222222; font-family: arial, sans-serif; font-size: 12.8px; line-height: normal;\">Un enfermero del CICR que acompa\u00f1\u00f3 la misi\u00f3n humanitaria realiz\u00f3 una valoraci\u00f3n inicial del soldado y confirm\u00f3 que sus condiciones de salud eran aptas para su traslado.<\/span><br style=\"color: #222222; font-family: arial, sans-serif; font-size: 12.8px; line-height: normal;\" \/><br style=\"color: #222222; font-family: arial, sans-serif; font-size: 12.8px; line-height: normal;\" \/><span style=\"color: #222222; font-family: arial, sans-serif; font-size: 12.8px; line-height: normal;\">La persona liberada hoy permaneci\u00f3 en poder de las FARC durante 14 d\u00edas. Hab\u00eda sido retenida el pasado 25 de noviembre mientras se desplazaba por una zona rural de San Vicente del Cagu\u00e1n (Caquet\u00e1).<\/span><br style=\"color: #222222; font-family: arial, sans-serif; font-size: 12.8px; line-height: normal;\" \/><br style=\"color: #222222; font-family: arial, sans-serif; font-size: 12.8px; line-height: normal;\" \/><span style=\"color: #222222; font-family: arial, sans-serif; font-size: 12.8px; line-height: normal;\">Esta es la segunda operaci\u00f3n de liberaci\u00f3n de personas en poder de grupos armados que lleva a cabo el CICR en Colombia esta misma semana. El pasado lunes, fue entregado a sus familiares un ingeniero que estaba en poder del ELN en el Sur de Bol\u00edvar. En lo que va de 2015, 23 personas en poder de estos grupos han recuperado su libertad en Colombia con la participaci\u00f3n del CICR.<\/span><\/p>\n","protected":false},"excerpt":{"rendered":"<p>El soldado colombiano que estaba en poder de las Fuerzas Armadas Revolucionarias de Colombia (FARC-EP) fue liberado hoy en una zona rural de Caquet\u00e1, en el sur del pa\u00eds. El militar fue entregado a representantes del Comit\u00e9 Internacional de la Cruz Roja (CICR).&nbsp;\u201cEstamos muy contentos de haber podido facilitar esta liberaci\u00f3n, que le permitir\u00e1 a [&hellip;]<\/p>\n","protected":false},"author":29,"featured_media":18861,"comment_status":"open","ping_status":"open","sticky":false,"template":"","format":"standard","meta":{"footnotes":""},"categories":[1],"tags":[],"class_list":["post-18862","post","type-post","status-publish","format-standard","has-post-thumbnail","hentry","category-sin-categoria"],"yoast_head":"<!-- This site is optimized with the Yoast SEO plugin v27.1.1 - https:\/\/yoast.com\/product\/yoast-seo-wordpress\/ -->\n<title>Las FARC liberan al soldado Jes\u00fas \u00c1ngel Rojas Delgado | P\u00e1gina10<\/title>\n<meta name=\"robots\" content=\"index, follow, max-snippet:-1, max-image-preview:large, max-video-preview:-1\" \/>\n<link rel=\"canonical\" href=\"https:\/\/pagina10.com\/web\/las-farc-liberan-al-soldado-jesus-angel-rojas-delgado\/\" \/>\n<meta property=\"og:locale\" content=\"es_ES\" \/>\n<meta property=\"og:type\" content=\"article\" \/>\n<meta property=\"og:title\" content=\"Las FARC liberan al soldado Jes\u00fas \u00c1ngel Rojas Delgado | P\u00e1gina10\" \/>\n<meta property=\"og:description\" content=\"El soldado colombiano que estaba en poder de las Fuerzas Armadas Revolucionarias de Colombia (FARC-EP) fue liberado hoy en una zona rural de Caquet\u00e1, en el sur del pa\u00eds. El militar fue entregado a representantes del Comit\u00e9 Internacional de la Cruz Roja (CICR).&nbsp;\u201cEstamos muy contentos de haber podido facilitar esta liberaci\u00f3n, que le permitir\u00e1 a [&hellip;]\" \/>\n<meta property=\"og:url\" content=\"https:\/\/pagina10.com\/web\/las-farc-liberan-al-soldado-jesus-angel-rojas-delgado\/\" \/>\n<meta property=\"og:site_name\" content=\"P\u00e1gina10\" \/>\n<meta property=\"article:publisher\" content=\"https:\/\/www.facebook.com\/pag10com\" \/>\n<meta property=\"article:published_time\" content=\"2015-12-09T20:29:56+00:00\" \/>\n<meta property=\"og:image\" content=\"https:\/\/pagina10.com\/web\/wp-content\/uploads\/2015\/12\/d9841ba99e2b24d4fa64fdf120dd7eab.jpg\" \/>\n\t<meta property=\"og:image:width\" content=\"630\" \/>\n\t<meta property=\"og:image:height\" content=\"320\" \/>\n\t<meta property=\"og:image:type\" content=\"image\/jpeg\" \/>\n<meta name=\"author\" content=\"P\u00e1gina 10\" \/>\n<meta name=\"twitter:card\" content=\"summary_large_image\" \/>\n<meta name=\"twitter:creator\" content=\"@Pag10com\" \/>\n<meta name=\"twitter:site\" content=\"@Pag10com\" \/>\n<meta name=\"twitter:label1\" content=\"Escrito por\" \/>\n\t<meta name=\"twitter:data1\" content=\"P\u00e1gina 10\" \/>\n\t<meta name=\"twitter:label2\" content=\"Tiempo de lectura\" \/>\n\t<meta name=\"twitter:data2\" content=\"1 minuto\" \/>\n<script type=\"application\/ld+json\" class=\"yoast-schema-graph\">{\"@context\":\"https:\/\/schema.org\",\"@graph\":[{\"@type\":\"Article\",\"@id\":\"https:\/\/pagina10.com\/web\/las-farc-liberan-al-soldado-jesus-angel-rojas-delgado\/#article\",\"isPartOf\":{\"@id\":\"https:\/\/pagina10.com\/web\/las-farc-liberan-al-soldado-jesus-angel-rojas-delgado\/\"},\"author\":{\"name\":\"P\u00e1gina 10\",\"@id\":\"https:\/\/pagina10.com\/web\/#\/schema\/person\/a7a5d38f0629dfc107f619fbae4f6cc3\"},\"headline\":\"Las FARC liberan al soldado Jes\u00fas \u00c1ngel Rojas Delgado\",\"datePublished\":\"2015-12-09T20:29:56+00:00\",\"mainEntityOfPage\":{\"@id\":\"https:\/\/pagina10.com\/web\/las-farc-liberan-al-soldado-jesus-angel-rojas-delgado\/\"},\"wordCount\":291,\"commentCount\":0,\"publisher\":{\"@id\":\"https:\/\/pagina10.com\/web\/#organization\"},\"image\":{\"@id\":\"https:\/\/pagina10.com\/web\/las-farc-liberan-al-soldado-jesus-angel-rojas-delgado\/#primaryimage\"},\"thumbnailUrl\":\"https:\/\/pagina10.com\/web\/wp-content\/uploads\/2015\/12\/d9841ba99e2b24d4fa64fdf120dd7eab.jpg\",\"inLanguage\":\"es\",\"potentialAction\":[{\"@type\":\"CommentAction\",\"name\":\"Comment\",\"target\":[\"https:\/\/pagina10.com\/web\/las-farc-liberan-al-soldado-jesus-angel-rojas-delgado\/#respond\"]}]},{\"@type\":\"WebPage\",\"@id\":\"https:\/\/pagina10.com\/web\/las-farc-liberan-al-soldado-jesus-angel-rojas-delgado\/\",\"url\":\"https:\/\/pagina10.com\/web\/las-farc-liberan-al-soldado-jesus-angel-rojas-delgado\/\",\"name\":\"Las FARC liberan al soldado Jes\u00fas \u00c1ngel Rojas Delgado | P\u00e1gina10\",\"isPartOf\":{\"@id\":\"https:\/\/pagina10.com\/web\/#website\"},\"primaryImageOfPage\":{\"@id\":\"https:\/\/pagina10.com\/web\/las-farc-liberan-al-soldado-jesus-angel-rojas-delgado\/#primaryimage\"},\"image\":{\"@id\":\"https:\/\/pagina10.com\/web\/las-farc-liberan-al-soldado-jesus-angel-rojas-delgado\/#primaryimage\"},\"thumbnailUrl\":\"https:\/\/pagina10.com\/web\/wp-content\/uploads\/2015\/12\/d9841ba99e2b24d4fa64fdf120dd7eab.jpg\",\"datePublished\":\"2015-12-09T20:29:56+00:00\",\"breadcrumb\":{\"@id\":\"https:\/\/pagina10.com\/web\/las-farc-liberan-al-soldado-jesus-angel-rojas-delgado\/#breadcrumb\"},\"inLanguage\":\"es\",\"potentialAction\":[{\"@type\":\"ReadAction\",\"target\":[\"https:\/\/pagina10.com\/web\/las-farc-liberan-al-soldado-jesus-angel-rojas-delgado\/\"]}]},{\"@type\":\"ImageObject\",\"inLanguage\":\"es\",\"@id\":\"https:\/\/pagina10.com\/web\/las-farc-liberan-al-soldado-jesus-angel-rojas-delgado\/#primaryimage\",\"url\":\"https:\/\/pagina10.com\/web\/wp-content\/uploads\/2015\/12\/d9841ba99e2b24d4fa64fdf120dd7eab.jpg\",\"contentUrl\":\"https:\/\/pagina10.com\/web\/wp-content\/uploads\/2015\/12\/d9841ba99e2b24d4fa64fdf120dd7eab.jpg\",\"width\":630,\"height\":320},{\"@type\":\"BreadcrumbList\",\"@id\":\"https:\/\/pagina10.com\/web\/las-farc-liberan-al-soldado-jesus-angel-rojas-delgado\/#breadcrumb\",\"itemListElement\":[{\"@type\":\"ListItem\",\"position\":1,\"name\":\"Portada\",\"item\":\"https:\/\/pagina10.com\/web\/\"},{\"@type\":\"ListItem\",\"position\":2,\"name\":\"Las FARC liberan al soldado Jes\u00fas \u00c1ngel Rojas Delgado\"}]},{\"@type\":\"WebSite\",\"@id\":\"https:\/\/pagina10.com\/web\/#website\",\"url\":\"https:\/\/pagina10.com\/web\/\",\"name\":\"P\u00e1gina10\",\"description\":\"Peri\u00f3dico Regional\",\"publisher\":{\"@id\":\"https:\/\/pagina10.com\/web\/#organization\"},\"alternateName\":\"P\u00e1gina10 Peri\u00f3dico Regional\",\"potentialAction\":[{\"@type\":\"SearchAction\",\"target\":{\"@type\":\"EntryPoint\",\"urlTemplate\":\"https:\/\/pagina10.com\/web\/?s={search_term_string}\"},\"query-input\":{\"@type\":\"PropertyValueSpecification\",\"valueRequired\":true,\"valueName\":\"search_term_string\"}}],\"inLanguage\":\"es\"},{\"@type\":\"Organization\",\"@id\":\"https:\/\/pagina10.com\/web\/#organization\",\"name\":\"P\u00e1gina10\",\"alternateName\":\"P\u00e1gina10 Peri\u00f3dico Regional\",\"url\":\"https:\/\/pagina10.com\/web\/\",\"logo\":{\"@type\":\"ImageObject\",\"inLanguage\":\"es\",\"@id\":\"https:\/\/pagina10.com\/web\/#\/schema\/logo\/image\/\",\"url\":\"https:\/\/pagina10.com\/web\/wp-content\/uploads\/2024\/01\/40-pagina-10-periodico-regional-pasto.jpg\",\"contentUrl\":\"https:\/\/pagina10.com\/web\/wp-content\/uploads\/2024\/01\/40-pagina-10-periodico-regional-pasto.jpg\",\"width\":1280,\"height\":720,\"caption\":\"P\u00e1gina10\"},\"image\":{\"@id\":\"https:\/\/pagina10.com\/web\/#\/schema\/logo\/image\/\"},\"sameAs\":[\"https:\/\/www.facebook.com\/pag10com\",\"https:\/\/x.com\/Pag10com\",\"https:\/\/www.instagram.com\/pagina10col\/\",\"https:\/\/youtube.com\/channel\/pag10\",\"https:\/\/www.tiktok.com\/@p10col\"]},{\"@type\":\"Person\",\"@id\":\"https:\/\/pagina10.com\/web\/#\/schema\/person\/a7a5d38f0629dfc107f619fbae4f6cc3\",\"name\":\"P\u00e1gina 10\",\"description\":\"P\u00e1gina10.com es un peri\u00f3dico digital que nace en Colombia, en el departamento de Nari\u00f1o, con un enfoque global, fundamentado en cuatro pilares esenciales: la libertad, el pluralismo, la inclusi\u00f3n y la independencia. P\u00e1gina10.com hace referencia a Nari\u00f1o como el d\u00e9cimo departamento creado en Colombia, despu\u00e9s de un proceso pol\u00edtico liderado por actores y actrices regionales con el fin de obtener la independencia y autonom\u00eda de nuestros territorios. Con la creaci\u00f3n de P\u00e1gina10.com se pretende abrir un escenario para el dialogo, la reflexi\u00f3n y el debate que se extienda a otras geograf\u00edas de Am\u00e9rica Latina y del planeta, en una apuesta por transformar colectivamente los desaf\u00edos de un mundo contempor\u00e1neo, m\u00e1s all\u00e1 de las fronteras impuestas.\",\"url\":\"https:\/\/pagina10.com\/web\/author\/mcepeda\/\"}]}<\/script>\n<!-- \/ Yoast SEO plugin. -->","yoast_head_json":{"title":"Las FARC liberan al soldado Jes\u00fas \u00c1ngel Rojas Delgado | P\u00e1gina10","robots":{"index":"index","follow":"follow","max-snippet":"max-snippet:-1","max-image-preview":"max-image-preview:large","max-video-preview":"max-video-preview:-1"},"canonical":"https:\/\/pagina10.com\/web\/las-farc-liberan-al-soldado-jesus-angel-rojas-delgado\/","og_locale":"es_ES","og_type":"article","og_title":"Las FARC liberan al soldado Jes\u00fas \u00c1ngel Rojas Delgado | P\u00e1gina10","og_description":"El soldado colombiano que estaba en poder de las Fuerzas Armadas Revolucionarias de Colombia (FARC-EP) fue liberado hoy en una zona rural de Caquet\u00e1, en el sur del pa\u00eds. El militar fue entregado a representantes del Comit\u00e9 Internacional de la Cruz Roja (CICR).&nbsp;\u201cEstamos muy contentos de haber podido facilitar esta liberaci\u00f3n, que le permitir\u00e1 a [&hellip;]","og_url":"https:\/\/pagina10.com\/web\/las-farc-liberan-al-soldado-jesus-angel-rojas-delgado\/","og_site_name":"P\u00e1gina10","article_publisher":"https:\/\/www.facebook.com\/pag10com","article_published_time":"2015-12-09T20:29:56+00:00","og_image":[{"width":630,"height":320,"url":"https:\/\/pagina10.com\/web\/wp-content\/uploads\/2015\/12\/d9841ba99e2b24d4fa64fdf120dd7eab.jpg","type":"image\/jpeg"}],"author":"P\u00e1gina 10","twitter_card":"summary_large_image","twitter_creator":"@Pag10com","twitter_site":"@Pag10com","twitter_misc":{"Escrito por":"P\u00e1gina 10","Tiempo de lectura":"1 minuto"},"schema":{"@context":"https:\/\/schema.org","@graph":[{"@type":"Article","@id":"https:\/\/pagina10.com\/web\/las-farc-liberan-al-soldado-jesus-angel-rojas-delgado\/#article","isPartOf":{"@id":"https:\/\/pagina10.com\/web\/las-farc-liberan-al-soldado-jesus-angel-rojas-delgado\/"},"author":{"name":"P\u00e1gina 10","@id":"https:\/\/pagina10.com\/web\/#\/schema\/person\/a7a5d38f0629dfc107f619fbae4f6cc3"},"headline":"Las FARC liberan al soldado Jes\u00fas \u00c1ngel Rojas Delgado","datePublished":"2015-12-09T20:29:56+00:00","mainEntityOfPage":{"@id":"https:\/\/pagina10.com\/web\/las-farc-liberan-al-soldado-jesus-angel-rojas-delgado\/"},"wordCount":291,"commentCount":0,"publisher":{"@id":"https:\/\/pagina10.com\/web\/#organization"},"image":{"@id":"https:\/\/pagina10.com\/web\/las-farc-liberan-al-soldado-jesus-angel-rojas-delgado\/#primaryimage"},"thumbnailUrl":"https:\/\/pagina10.com\/web\/wp-content\/uploads\/2015\/12\/d9841ba99e2b24d4fa64fdf120dd7eab.jpg","inLanguage":"es","potentialAction":[{"@type":"CommentAction","name":"Comment","target":["https:\/\/pagina10.com\/web\/las-farc-liberan-al-soldado-jesus-angel-rojas-delgado\/#respond"]}]},{"@type":"WebPage","@id":"https:\/\/pagina10.com\/web\/las-farc-liberan-al-soldado-jesus-angel-rojas-delgado\/","url":"https:\/\/pagina10.com\/web\/las-farc-liberan-al-soldado-jesus-angel-rojas-delgado\/","name":"Las FARC liberan al soldado Jes\u00fas \u00c1ngel Rojas Delgado | P\u00e1gina10","isPartOf":{"@id":"https:\/\/pagina10.com\/web\/#website"},"primaryImageOfPage":{"@id":"https:\/\/pagina10.com\/web\/las-farc-liberan-al-soldado-jesus-angel-rojas-delgado\/#primaryimage"},"image":{"@id":"https:\/\/pagina10.com\/web\/las-farc-liberan-al-soldado-jesus-angel-rojas-delgado\/#primaryimage"},"thumbnailUrl":"https:\/\/pagina10.com\/web\/wp-content\/uploads\/2015\/12\/d9841ba99e2b24d4fa64fdf120dd7eab.jpg","datePublished":"2015-12-09T20:29:56+00:00","breadcrumb":{"@id":"https:\/\/pagina10.com\/web\/las-farc-liberan-al-soldado-jesus-angel-rojas-delgado\/#breadcrumb"},"inLanguage":"es","potentialAction":[{"@type":"ReadAction","target":["https:\/\/pagina10.com\/web\/las-farc-liberan-al-soldado-jesus-angel-rojas-delgado\/"]}]},{"@type":"ImageObject","inLanguage":"es","@id":"https:\/\/pagina10.com\/web\/las-farc-liberan-al-soldado-jesus-angel-rojas-delgado\/#primaryimage","url":"https:\/\/pagina10.com\/web\/wp-content\/uploads\/2015\/12\/d9841ba99e2b24d4fa64fdf120dd7eab.jpg","contentUrl":"https:\/\/pagina10.com\/web\/wp-content\/uploads\/2015\/12\/d9841ba99e2b24d4fa64fdf120dd7eab.jpg","width":630,"height":320},{"@type":"BreadcrumbList","@id":"https:\/\/pagina10.com\/web\/las-farc-liberan-al-soldado-jesus-angel-rojas-delgado\/#breadcrumb","itemListElement":[{"@type":"ListItem","position":1,"name":"Portada","item":"https:\/\/pagina10.com\/web\/"},{"@type":"ListItem","position":2,"name":"Las FARC liberan al soldado Jes\u00fas \u00c1ngel Rojas Delgado"}]},{"@type":"WebSite","@id":"https:\/\/pagina10.com\/web\/#website","url":"https:\/\/pagina10.com\/web\/","name":"P\u00e1gina10","description":"Peri\u00f3dico Regional","publisher":{"@id":"https:\/\/pagina10.com\/web\/#organization"},"alternateName":"P\u00e1gina10 Peri\u00f3dico Regional","potentialAction":[{"@type":"SearchAction","target":{"@type":"EntryPoint","urlTemplate":"https:\/\/pagina10.com\/web\/?s={search_term_string}"},"query-input":{"@type":"PropertyValueSpecification","valueRequired":true,"valueName":"search_term_string"}}],"inLanguage":"es"},{"@type":"Organization","@id":"https:\/\/pagina10.com\/web\/#organization","name":"P\u00e1gina10","alternateName":"P\u00e1gina10 Peri\u00f3dico Regional","url":"https:\/\/pagina10.com\/web\/","logo":{"@type":"ImageObject","inLanguage":"es","@id":"https:\/\/pagina10.com\/web\/#\/schema\/logo\/image\/","url":"https:\/\/pagina10.com\/web\/wp-content\/uploads\/2024\/01\/40-pagina-10-periodico-regional-pasto.jpg","contentUrl":"https:\/\/pagina10.com\/web\/wp-content\/uploads\/2024\/01\/40-pagina-10-periodico-regional-pasto.jpg","width":1280,"height":720,"caption":"P\u00e1gina10"},"image":{"@id":"https:\/\/pagina10.com\/web\/#\/schema\/logo\/image\/"},"sameAs":["https:\/\/www.facebook.com\/pag10com","https:\/\/x.com\/Pag10com","https:\/\/www.instagram.com\/pagina10col\/","https:\/\/youtube.com\/channel\/pag10","https:\/\/www.tiktok.com\/@p10col"]},{"@type":"Person","@id":"https:\/\/pagina10.com\/web\/#\/schema\/person\/a7a5d38f0629dfc107f619fbae4f6cc3","name":"P\u00e1gina 10","description":"P\u00e1gina10.com es un peri\u00f3dico digital que nace en Colombia, en el departamento de Nari\u00f1o, con un enfoque global, fundamentado en cuatro pilares esenciales: la libertad, el pluralismo, la inclusi\u00f3n y la independencia. P\u00e1gina10.com hace referencia a Nari\u00f1o como el d\u00e9cimo departamento creado en Colombia, despu\u00e9s de un proceso pol\u00edtico liderado por actores y actrices regionales con el fin de obtener la independencia y autonom\u00eda de nuestros territorios. Con la creaci\u00f3n de P\u00e1gina10.com se pretende abrir un escenario para el dialogo, la reflexi\u00f3n y el debate que se extienda a otras geograf\u00edas de Am\u00e9rica Latina y del planeta, en una apuesta por transformar colectivamente los desaf\u00edos de un mundo contempor\u00e1neo, m\u00e1s all\u00e1 de las fronteras impuestas.","url":"https:\/\/pagina10.com\/web\/author\/mcepeda\/"}]}},"_links":{"self":[{"href":"https:\/\/pagina10.com\/web\/wp-json\/wp\/v2\/posts\/18862","targetHints":{"allow":["GET"]}}],"collection":[{"href":"https:\/\/pagina10.com\/web\/wp-json\/wp\/v2\/posts"}],"about":[{"href":"https:\/\/pagina10.com\/web\/wp-json\/wp\/v2\/types\/post"}],"author":[{"embeddable":true,"href":"https:\/\/pagina10.com\/web\/wp-json\/wp\/v2\/users\/29"}],"replies":[{"embeddable":true,"href":"https:\/\/pagina10.com\/web\/wp-json\/wp\/v2\/comments?post=18862"}],"version-history":[{"count":0,"href":"https:\/\/pagina10.com\/web\/wp-json\/wp\/v2\/posts\/18862\/revisions"}],"wp:featuredmedia":[{"embeddable":true,"href":"https:\/\/pagina10.com\/web\/wp-json\/wp\/v2\/media\/18861"}],"wp:attachment":[{"href":"https:\/\/pagina10.com\/web\/wp-json\/wp\/v2\/media?parent=18862"}],"wp:term":[{"taxonomy":"category","embeddable":true,"href":"https:\/\/pagina10.com\/web\/wp-json\/wp\/v2\/categories?post=18862"},{"taxonomy":"post_tag","embeddable":true,"href":"https:\/\/pagina10.com\/web\/wp-json\/wp\/v2\/tags?post=18862"}],"curies":[{"name":"wp","href":"https:\/\/api.w.org\/{rel}","templated":true}]}}