{"id":18866,"date":"2015-12-09T21:22:22","date_gmt":"2015-12-09T21:22:22","guid":{"rendered":"https:\/\/pagina10.com\/web\/einstein-el-nino-que-revoluciono-la-historia\/"},"modified":"2015-12-09T21:22:22","modified_gmt":"2015-12-09T21:22:22","slug":"einstein-el-nino-que-revoluciono-la-historia","status":"publish","type":"post","link":"https:\/\/pagina10.com\/web\/einstein-el-nino-que-revoluciono-la-historia\/","title":{"rendered":"Einstein, el ni\u00f1o que revolucion\u00f3 la historia"},"content":{"rendered":"<p><img fetchpriority=\"high\" decoding=\"async\" class=\" size-full wp-image-18865\" src=\"https:\/\/pagina10.com\/web\/wp-content\/uploads\/2015\/12\/9a0d2f73e0452792d0544ef4022ea343.jpg\" alt=\"\" width=\"1229\" height=\"873\" srcset=\"https:\/\/pagina10.com\/web\/wp-content\/uploads\/2015\/12\/9a0d2f73e0452792d0544ef4022ea343.jpg 1229w, https:\/\/pagina10.com\/web\/wp-content\/uploads\/2015\/12\/9a0d2f73e0452792d0544ef4022ea343-300x213.jpg 300w, https:\/\/pagina10.com\/web\/wp-content\/uploads\/2015\/12\/9a0d2f73e0452792d0544ef4022ea343-1024x727.jpg 1024w, https:\/\/pagina10.com\/web\/wp-content\/uploads\/2015\/12\/9a0d2f73e0452792d0544ef4022ea343-768x546.jpg 768w\" sizes=\"(max-width: 1229px) 100vw, 1229px\" \/><\/p>\n<div style=\"text-align: justify;\">\u201cEsta historia comienza con un ni\u00f1o de 16 a\u00f1os que fue expulsado de Alemania, era un rebelde innato que nunca obedec\u00eda \u00f3rdenes. Su padre se qued\u00f3 sin trabajo y le ofrecieron una oportunidad en Italia y all\u00ed se mud\u00f3 con toda su familia\u201d.<\/div>\n<div style=\"text-align: justify;\">&nbsp;<\/div>\n<div style=\"text-align: justify;\">\n<p>De esa manera comenz\u00f3 su charla Fernando Izurieta, del Departamento de F\u00edsica de la Universidad de Concepci\u00f3n, Chile, invitado internacional encargado de cerrar el homenaje de los 100 a\u00f1os de la teor\u00eda de la relatividad, organizado por el Departamento de F\u00edsica y el Observatorio Astron\u00f3mico de la Universidad Nacional de Colombia, en el auditorio Le\u00f3n de Greiff.<\/p>\n<p>En 1896, en Toscana, el ni\u00f1o que recibi\u00f3 el nombre de Albert Einstein se encontraba en un bosque lleno de luz en su bicicleta. All\u00ed se pregunt\u00f3 qu\u00e9 tan r\u00e1pido viajaba la luz. \u201cSu bicicleta se mov\u00eda a 10 kil\u00f3metros por hora con respecto al suelo, pero el suelo no estaba en reposo, la tierra tampoco estaba quieta en el espacio, ya que giraba con respecto al sol a 100.000 kil\u00f3metros por hora, y el sol, as\u00ed mismo, giraba a 800.000 kil\u00f3metros en torno a la v\u00eda l\u00e1ctea, \u00bfcu\u00e1l era la verdadera velocidad de los rayos de luz?\u201d.<\/p>\n<p>Para el investigador Izurieta \u201clas ideas de Albert Einstein &nbsp;revolucionaron la historia de la especie humana, algo tan trascendental como el descubrimiento del fuego o la rueda\u201d.<\/p>\n<p>El f\u00edsico invitado, quien tambi\u00e9n se ha &nbsp;encargado de la divulgaci\u00f3n cient\u00edfica, devolvi\u00f3 en el tiempo al auditorio con el prop\u00f3sito de entrar en el pasado de uno de los mayores genios de la historia.<\/p>\n<p>A las reflexiones iniciales le siguieron m\u00e1s preguntas. Tiene sentido medir el sonido respecto al aire, pero \u00bfc\u00f3mo mido los rayos de luz? El mundo de Einstein era desigual y, para \u00e9l, al menos las leyes del universo ten\u00edan que ser las mismas sin importar c\u00f3mo se movieran, por lo que dedujo que la velocidad de los rayos de luz ten\u00eda que ser la misma para todos.<\/p>\n<p>Sin embargo, lo que descubri\u00f3 fue un mundo con m\u00e1s de tres dimensiones compuesto por el tiempo; esto, aunque no era visible, pudo obtenerlo a partir de las matem\u00e1ticas. As\u00ed fue como dedujo que el tiempo era relativo al observador y que cualquiera pod\u00eda cortar el espacio y el tiempo de cierta manera, respecto a otra persona que se moviera distinto, ya que cambiar\u00eda la simultaneidad, el tama\u00f1o de las cosas y hasta el ritmo de un reloj.<\/p>\n<p>A trav\u00e9s de cubos tridimensionales y 120 dodecaedros, el experto explic\u00f3 lo que para Einstein era la concepci\u00f3n del espacio tiempo. Sin embargo, sus teor\u00edas no funcionaban con la fuerza de gravedad, que sujeta las galaxias, mantiene a los planetas en su \u00f3rbita y que explica por qu\u00e9 se caen las cosas.<\/p>\n<p>Record\u00f3 que por fin, luego de 10 a\u00f1os de trabajo, hace 100 a\u00f1os, Einstein entendi\u00f3 que la gravedad no era una fuerza, sino que correspond\u00eda a la geometr\u00eda del espacio tiempo.<\/p>\n<p>Seg\u00fan el f\u00edsico chileno, \u201cuna gran masa como el sol curva el espacio y el tiempo. Todas las cosas intentan ir en una trayectoria tan recta como pueden en un espacio curvo, y lo que siguen son ondas y trayectorias curvas, que es lo que uno interpreta como fuerza\u201d.<\/p>\n<p>La relatividad de Einstein predice que el tiempo en la tierra est\u00e1 un poco m\u00e1s curvado que donde est\u00e1n los sat\u00e9lites. \u201cLos relojes avanzan m\u00e1s lentos que los sat\u00e9lites, que est\u00e1n a 20 kil\u00f3metros de alto\u201d, explic\u00f3.<\/p>\n<p>\u201cEl espacio es curvo y nada puede ir recto, ni siquiera los rayos de luz. El efecto es como un espejismo que ocurre en una carretera con el aire c\u00e1lido, pero en este caso no es causado por el aire, sino por la curvatura misma del espacio y el tiempo\u201d, anot\u00f3 Izurieta.<\/p>\n<p>Las ecuaciones de Einstein predicen que se acumula una diferencia de exactamente 38 microsegundos por d\u00eda y esa es exactamente la compensaci\u00f3n que hay que poner en el tel\u00e9fono para que el GPS indique con una precisi\u00f3n de metros y no de kil\u00f3metros. \u201cSi no se supiera de relatividad general el GPS lo enviar\u00eda a cualquier lado menos a su casa\u201d, sostuvo el experto ante el p\u00fablico asistente.<\/p>\n<\/p><\/div>\n","protected":false},"excerpt":{"rendered":"<p>\u201cEsta historia comienza con un ni\u00f1o de 16 a\u00f1os que fue expulsado de Alemania, era un rebelde innato que nunca obedec\u00eda \u00f3rdenes. Su padre se qued\u00f3 sin trabajo y le ofrecieron una oportunidad en Italia y all\u00ed se mud\u00f3 con toda su familia\u201d. &nbsp; De esa manera comenz\u00f3 su charla Fernando Izurieta, del Departamento de [&hellip;]<\/p>\n","protected":false},"author":29,"featured_media":18865,"comment_status":"open","ping_status":"open","sticky":false,"template":"","format":"standard","meta":{"footnotes":""},"categories":[1],"tags":[],"class_list":["post-18866","post","type-post","status-publish","format-standard","has-post-thumbnail","hentry","category-sin-categoria"],"yoast_head":"<!-- This site is optimized with the Yoast SEO plugin v27.1.1 - https:\/\/yoast.com\/product\/yoast-seo-wordpress\/ -->\n<title>Einstein, el ni\u00f1o que revolucion\u00f3 la historia | P\u00e1gina10<\/title>\n<meta name=\"robots\" content=\"index, follow, max-snippet:-1, max-image-preview:large, max-video-preview:-1\" \/>\n<link rel=\"canonical\" href=\"https:\/\/pagina10.com\/web\/einstein-el-nino-que-revoluciono-la-historia\/\" \/>\n<meta property=\"og:locale\" content=\"es_ES\" \/>\n<meta property=\"og:type\" content=\"article\" \/>\n<meta property=\"og:title\" content=\"Einstein, el ni\u00f1o que revolucion\u00f3 la historia | P\u00e1gina10\" \/>\n<meta property=\"og:description\" content=\"\u201cEsta historia comienza con un ni\u00f1o de 16 a\u00f1os que fue expulsado de Alemania, era un rebelde innato que nunca obedec\u00eda \u00f3rdenes. Su padre se qued\u00f3 sin trabajo y le ofrecieron una oportunidad en Italia y all\u00ed se mud\u00f3 con toda su familia\u201d. &nbsp; De esa manera comenz\u00f3 su charla Fernando Izurieta, del Departamento de [&hellip;]\" \/>\n<meta property=\"og:url\" content=\"https:\/\/pagina10.com\/web\/einstein-el-nino-que-revoluciono-la-historia\/\" \/>\n<meta property=\"og:site_name\" content=\"P\u00e1gina10\" \/>\n<meta property=\"article:publisher\" content=\"https:\/\/www.facebook.com\/pag10com\" \/>\n<meta property=\"article:published_time\" content=\"2015-12-09T21:22:22+00:00\" \/>\n<meta property=\"og:image\" content=\"https:\/\/pagina10.com\/web\/wp-content\/uploads\/2015\/12\/9a0d2f73e0452792d0544ef4022ea343.jpg\" \/>\n\t<meta property=\"og:image:width\" content=\"1229\" \/>\n\t<meta property=\"og:image:height\" content=\"873\" \/>\n\t<meta property=\"og:image:type\" content=\"image\/jpeg\" \/>\n<meta name=\"author\" content=\"P\u00e1gina 10\" \/>\n<meta name=\"twitter:card\" content=\"summary_large_image\" \/>\n<meta name=\"twitter:creator\" content=\"@Pag10com\" \/>\n<meta name=\"twitter:site\" content=\"@Pag10com\" \/>\n<meta name=\"twitter:label1\" content=\"Escrito por\" \/>\n\t<meta name=\"twitter:data1\" content=\"P\u00e1gina 10\" \/>\n\t<meta name=\"twitter:label2\" content=\"Tiempo de lectura\" \/>\n\t<meta name=\"twitter:data2\" content=\"4 minutos\" \/>\n<script type=\"application\/ld+json\" class=\"yoast-schema-graph\">{\"@context\":\"https:\/\/schema.org\",\"@graph\":[{\"@type\":\"Article\",\"@id\":\"https:\/\/pagina10.com\/web\/einstein-el-nino-que-revoluciono-la-historia\/#article\",\"isPartOf\":{\"@id\":\"https:\/\/pagina10.com\/web\/einstein-el-nino-que-revoluciono-la-historia\/\"},\"author\":{\"name\":\"P\u00e1gina 10\",\"@id\":\"https:\/\/pagina10.com\/web\/#\/schema\/person\/a7a5d38f0629dfc107f619fbae4f6cc3\"},\"headline\":\"Einstein, el ni\u00f1o que revolucion\u00f3 la historia\",\"datePublished\":\"2015-12-09T21:22:22+00:00\",\"mainEntityOfPage\":{\"@id\":\"https:\/\/pagina10.com\/web\/einstein-el-nino-que-revoluciono-la-historia\/\"},\"wordCount\":752,\"commentCount\":0,\"publisher\":{\"@id\":\"https:\/\/pagina10.com\/web\/#organization\"},\"image\":{\"@id\":\"https:\/\/pagina10.com\/web\/einstein-el-nino-que-revoluciono-la-historia\/#primaryimage\"},\"thumbnailUrl\":\"https:\/\/pagina10.com\/web\/wp-content\/uploads\/2015\/12\/9a0d2f73e0452792d0544ef4022ea343.jpg\",\"inLanguage\":\"es\",\"potentialAction\":[{\"@type\":\"CommentAction\",\"name\":\"Comment\",\"target\":[\"https:\/\/pagina10.com\/web\/einstein-el-nino-que-revoluciono-la-historia\/#respond\"]}]},{\"@type\":\"WebPage\",\"@id\":\"https:\/\/pagina10.com\/web\/einstein-el-nino-que-revoluciono-la-historia\/\",\"url\":\"https:\/\/pagina10.com\/web\/einstein-el-nino-que-revoluciono-la-historia\/\",\"name\":\"Einstein, el ni\u00f1o que revolucion\u00f3 la historia | P\u00e1gina10\",\"isPartOf\":{\"@id\":\"https:\/\/pagina10.com\/web\/#website\"},\"primaryImageOfPage\":{\"@id\":\"https:\/\/pagina10.com\/web\/einstein-el-nino-que-revoluciono-la-historia\/#primaryimage\"},\"image\":{\"@id\":\"https:\/\/pagina10.com\/web\/einstein-el-nino-que-revoluciono-la-historia\/#primaryimage\"},\"thumbnailUrl\":\"https:\/\/pagina10.com\/web\/wp-content\/uploads\/2015\/12\/9a0d2f73e0452792d0544ef4022ea343.jpg\",\"datePublished\":\"2015-12-09T21:22:22+00:00\",\"breadcrumb\":{\"@id\":\"https:\/\/pagina10.com\/web\/einstein-el-nino-que-revoluciono-la-historia\/#breadcrumb\"},\"inLanguage\":\"es\",\"potentialAction\":[{\"@type\":\"ReadAction\",\"target\":[\"https:\/\/pagina10.com\/web\/einstein-el-nino-que-revoluciono-la-historia\/\"]}]},{\"@type\":\"ImageObject\",\"inLanguage\":\"es\",\"@id\":\"https:\/\/pagina10.com\/web\/einstein-el-nino-que-revoluciono-la-historia\/#primaryimage\",\"url\":\"https:\/\/pagina10.com\/web\/wp-content\/uploads\/2015\/12\/9a0d2f73e0452792d0544ef4022ea343.jpg\",\"contentUrl\":\"https:\/\/pagina10.com\/web\/wp-content\/uploads\/2015\/12\/9a0d2f73e0452792d0544ef4022ea343.jpg\",\"width\":1229,\"height\":873},{\"@type\":\"BreadcrumbList\",\"@id\":\"https:\/\/pagina10.com\/web\/einstein-el-nino-que-revoluciono-la-historia\/#breadcrumb\",\"itemListElement\":[{\"@type\":\"ListItem\",\"position\":1,\"name\":\"Portada\",\"item\":\"https:\/\/pagina10.com\/web\/\"},{\"@type\":\"ListItem\",\"position\":2,\"name\":\"Einstein, el ni\u00f1o que revolucion\u00f3 la historia\"}]},{\"@type\":\"WebSite\",\"@id\":\"https:\/\/pagina10.com\/web\/#website\",\"url\":\"https:\/\/pagina10.com\/web\/\",\"name\":\"P\u00e1gina10\",\"description\":\"Peri\u00f3dico Regional\",\"publisher\":{\"@id\":\"https:\/\/pagina10.com\/web\/#organization\"},\"alternateName\":\"P\u00e1gina10 Peri\u00f3dico Regional\",\"potentialAction\":[{\"@type\":\"SearchAction\",\"target\":{\"@type\":\"EntryPoint\",\"urlTemplate\":\"https:\/\/pagina10.com\/web\/?s={search_term_string}\"},\"query-input\":{\"@type\":\"PropertyValueSpecification\",\"valueRequired\":true,\"valueName\":\"search_term_string\"}}],\"inLanguage\":\"es\"},{\"@type\":\"Organization\",\"@id\":\"https:\/\/pagina10.com\/web\/#organization\",\"name\":\"P\u00e1gina10\",\"alternateName\":\"P\u00e1gina10 Peri\u00f3dico Regional\",\"url\":\"https:\/\/pagina10.com\/web\/\",\"logo\":{\"@type\":\"ImageObject\",\"inLanguage\":\"es\",\"@id\":\"https:\/\/pagina10.com\/web\/#\/schema\/logo\/image\/\",\"url\":\"https:\/\/pagina10.com\/web\/wp-content\/uploads\/2024\/01\/40-pagina-10-periodico-regional-pasto.jpg\",\"contentUrl\":\"https:\/\/pagina10.com\/web\/wp-content\/uploads\/2024\/01\/40-pagina-10-periodico-regional-pasto.jpg\",\"width\":1280,\"height\":720,\"caption\":\"P\u00e1gina10\"},\"image\":{\"@id\":\"https:\/\/pagina10.com\/web\/#\/schema\/logo\/image\/\"},\"sameAs\":[\"https:\/\/www.facebook.com\/pag10com\",\"https:\/\/x.com\/Pag10com\",\"https:\/\/www.instagram.com\/pagina10col\/\",\"https:\/\/youtube.com\/channel\/pag10\",\"https:\/\/www.tiktok.com\/@p10col\"]},{\"@type\":\"Person\",\"@id\":\"https:\/\/pagina10.com\/web\/#\/schema\/person\/a7a5d38f0629dfc107f619fbae4f6cc3\",\"name\":\"P\u00e1gina 10\",\"description\":\"P\u00e1gina10.com es un peri\u00f3dico digital que nace en Colombia, en el departamento de Nari\u00f1o, con un enfoque global, fundamentado en cuatro pilares esenciales: la libertad, el pluralismo, la inclusi\u00f3n y la independencia. P\u00e1gina10.com hace referencia a Nari\u00f1o como el d\u00e9cimo departamento creado en Colombia, despu\u00e9s de un proceso pol\u00edtico liderado por actores y actrices regionales con el fin de obtener la independencia y autonom\u00eda de nuestros territorios. Con la creaci\u00f3n de P\u00e1gina10.com se pretende abrir un escenario para el dialogo, la reflexi\u00f3n y el debate que se extienda a otras geograf\u00edas de Am\u00e9rica Latina y del planeta, en una apuesta por transformar colectivamente los desaf\u00edos de un mundo contempor\u00e1neo, m\u00e1s all\u00e1 de las fronteras impuestas.\",\"url\":\"https:\/\/pagina10.com\/web\/author\/mcepeda\/\"}]}<\/script>\n<!-- \/ Yoast SEO plugin. -->","yoast_head_json":{"title":"Einstein, el ni\u00f1o que revolucion\u00f3 la historia | P\u00e1gina10","robots":{"index":"index","follow":"follow","max-snippet":"max-snippet:-1","max-image-preview":"max-image-preview:large","max-video-preview":"max-video-preview:-1"},"canonical":"https:\/\/pagina10.com\/web\/einstein-el-nino-que-revoluciono-la-historia\/","og_locale":"es_ES","og_type":"article","og_title":"Einstein, el ni\u00f1o que revolucion\u00f3 la historia | P\u00e1gina10","og_description":"\u201cEsta historia comienza con un ni\u00f1o de 16 a\u00f1os que fue expulsado de Alemania, era un rebelde innato que nunca obedec\u00eda \u00f3rdenes. Su padre se qued\u00f3 sin trabajo y le ofrecieron una oportunidad en Italia y all\u00ed se mud\u00f3 con toda su familia\u201d. &nbsp; De esa manera comenz\u00f3 su charla Fernando Izurieta, del Departamento de [&hellip;]","og_url":"https:\/\/pagina10.com\/web\/einstein-el-nino-que-revoluciono-la-historia\/","og_site_name":"P\u00e1gina10","article_publisher":"https:\/\/www.facebook.com\/pag10com","article_published_time":"2015-12-09T21:22:22+00:00","og_image":[{"width":1229,"height":873,"url":"https:\/\/pagina10.com\/web\/wp-content\/uploads\/2015\/12\/9a0d2f73e0452792d0544ef4022ea343.jpg","type":"image\/jpeg"}],"author":"P\u00e1gina 10","twitter_card":"summary_large_image","twitter_creator":"@Pag10com","twitter_site":"@Pag10com","twitter_misc":{"Escrito por":"P\u00e1gina 10","Tiempo de lectura":"4 minutos"},"schema":{"@context":"https:\/\/schema.org","@graph":[{"@type":"Article","@id":"https:\/\/pagina10.com\/web\/einstein-el-nino-que-revoluciono-la-historia\/#article","isPartOf":{"@id":"https:\/\/pagina10.com\/web\/einstein-el-nino-que-revoluciono-la-historia\/"},"author":{"name":"P\u00e1gina 10","@id":"https:\/\/pagina10.com\/web\/#\/schema\/person\/a7a5d38f0629dfc107f619fbae4f6cc3"},"headline":"Einstein, el ni\u00f1o que revolucion\u00f3 la historia","datePublished":"2015-12-09T21:22:22+00:00","mainEntityOfPage":{"@id":"https:\/\/pagina10.com\/web\/einstein-el-nino-que-revoluciono-la-historia\/"},"wordCount":752,"commentCount":0,"publisher":{"@id":"https:\/\/pagina10.com\/web\/#organization"},"image":{"@id":"https:\/\/pagina10.com\/web\/einstein-el-nino-que-revoluciono-la-historia\/#primaryimage"},"thumbnailUrl":"https:\/\/pagina10.com\/web\/wp-content\/uploads\/2015\/12\/9a0d2f73e0452792d0544ef4022ea343.jpg","inLanguage":"es","potentialAction":[{"@type":"CommentAction","name":"Comment","target":["https:\/\/pagina10.com\/web\/einstein-el-nino-que-revoluciono-la-historia\/#respond"]}]},{"@type":"WebPage","@id":"https:\/\/pagina10.com\/web\/einstein-el-nino-que-revoluciono-la-historia\/","url":"https:\/\/pagina10.com\/web\/einstein-el-nino-que-revoluciono-la-historia\/","name":"Einstein, el ni\u00f1o que revolucion\u00f3 la historia | P\u00e1gina10","isPartOf":{"@id":"https:\/\/pagina10.com\/web\/#website"},"primaryImageOfPage":{"@id":"https:\/\/pagina10.com\/web\/einstein-el-nino-que-revoluciono-la-historia\/#primaryimage"},"image":{"@id":"https:\/\/pagina10.com\/web\/einstein-el-nino-que-revoluciono-la-historia\/#primaryimage"},"thumbnailUrl":"https:\/\/pagina10.com\/web\/wp-content\/uploads\/2015\/12\/9a0d2f73e0452792d0544ef4022ea343.jpg","datePublished":"2015-12-09T21:22:22+00:00","breadcrumb":{"@id":"https:\/\/pagina10.com\/web\/einstein-el-nino-que-revoluciono-la-historia\/#breadcrumb"},"inLanguage":"es","potentialAction":[{"@type":"ReadAction","target":["https:\/\/pagina10.com\/web\/einstein-el-nino-que-revoluciono-la-historia\/"]}]},{"@type":"ImageObject","inLanguage":"es","@id":"https:\/\/pagina10.com\/web\/einstein-el-nino-que-revoluciono-la-historia\/#primaryimage","url":"https:\/\/pagina10.com\/web\/wp-content\/uploads\/2015\/12\/9a0d2f73e0452792d0544ef4022ea343.jpg","contentUrl":"https:\/\/pagina10.com\/web\/wp-content\/uploads\/2015\/12\/9a0d2f73e0452792d0544ef4022ea343.jpg","width":1229,"height":873},{"@type":"BreadcrumbList","@id":"https:\/\/pagina10.com\/web\/einstein-el-nino-que-revoluciono-la-historia\/#breadcrumb","itemListElement":[{"@type":"ListItem","position":1,"name":"Portada","item":"https:\/\/pagina10.com\/web\/"},{"@type":"ListItem","position":2,"name":"Einstein, el ni\u00f1o que revolucion\u00f3 la historia"}]},{"@type":"WebSite","@id":"https:\/\/pagina10.com\/web\/#website","url":"https:\/\/pagina10.com\/web\/","name":"P\u00e1gina10","description":"Peri\u00f3dico Regional","publisher":{"@id":"https:\/\/pagina10.com\/web\/#organization"},"alternateName":"P\u00e1gina10 Peri\u00f3dico Regional","potentialAction":[{"@type":"SearchAction","target":{"@type":"EntryPoint","urlTemplate":"https:\/\/pagina10.com\/web\/?s={search_term_string}"},"query-input":{"@type":"PropertyValueSpecification","valueRequired":true,"valueName":"search_term_string"}}],"inLanguage":"es"},{"@type":"Organization","@id":"https:\/\/pagina10.com\/web\/#organization","name":"P\u00e1gina10","alternateName":"P\u00e1gina10 Peri\u00f3dico Regional","url":"https:\/\/pagina10.com\/web\/","logo":{"@type":"ImageObject","inLanguage":"es","@id":"https:\/\/pagina10.com\/web\/#\/schema\/logo\/image\/","url":"https:\/\/pagina10.com\/web\/wp-content\/uploads\/2024\/01\/40-pagina-10-periodico-regional-pasto.jpg","contentUrl":"https:\/\/pagina10.com\/web\/wp-content\/uploads\/2024\/01\/40-pagina-10-periodico-regional-pasto.jpg","width":1280,"height":720,"caption":"P\u00e1gina10"},"image":{"@id":"https:\/\/pagina10.com\/web\/#\/schema\/logo\/image\/"},"sameAs":["https:\/\/www.facebook.com\/pag10com","https:\/\/x.com\/Pag10com","https:\/\/www.instagram.com\/pagina10col\/","https:\/\/youtube.com\/channel\/pag10","https:\/\/www.tiktok.com\/@p10col"]},{"@type":"Person","@id":"https:\/\/pagina10.com\/web\/#\/schema\/person\/a7a5d38f0629dfc107f619fbae4f6cc3","name":"P\u00e1gina 10","description":"P\u00e1gina10.com es un peri\u00f3dico digital que nace en Colombia, en el departamento de Nari\u00f1o, con un enfoque global, fundamentado en cuatro pilares esenciales: la libertad, el pluralismo, la inclusi\u00f3n y la independencia. P\u00e1gina10.com hace referencia a Nari\u00f1o como el d\u00e9cimo departamento creado en Colombia, despu\u00e9s de un proceso pol\u00edtico liderado por actores y actrices regionales con el fin de obtener la independencia y autonom\u00eda de nuestros territorios. Con la creaci\u00f3n de P\u00e1gina10.com se pretende abrir un escenario para el dialogo, la reflexi\u00f3n y el debate que se extienda a otras geograf\u00edas de Am\u00e9rica Latina y del planeta, en una apuesta por transformar colectivamente los desaf\u00edos de un mundo contempor\u00e1neo, m\u00e1s all\u00e1 de las fronteras impuestas.","url":"https:\/\/pagina10.com\/web\/author\/mcepeda\/"}]}},"_links":{"self":[{"href":"https:\/\/pagina10.com\/web\/wp-json\/wp\/v2\/posts\/18866","targetHints":{"allow":["GET"]}}],"collection":[{"href":"https:\/\/pagina10.com\/web\/wp-json\/wp\/v2\/posts"}],"about":[{"href":"https:\/\/pagina10.com\/web\/wp-json\/wp\/v2\/types\/post"}],"author":[{"embeddable":true,"href":"https:\/\/pagina10.com\/web\/wp-json\/wp\/v2\/users\/29"}],"replies":[{"embeddable":true,"href":"https:\/\/pagina10.com\/web\/wp-json\/wp\/v2\/comments?post=18866"}],"version-history":[{"count":0,"href":"https:\/\/pagina10.com\/web\/wp-json\/wp\/v2\/posts\/18866\/revisions"}],"wp:featuredmedia":[{"embeddable":true,"href":"https:\/\/pagina10.com\/web\/wp-json\/wp\/v2\/media\/18865"}],"wp:attachment":[{"href":"https:\/\/pagina10.com\/web\/wp-json\/wp\/v2\/media?parent=18866"}],"wp:term":[{"taxonomy":"category","embeddable":true,"href":"https:\/\/pagina10.com\/web\/wp-json\/wp\/v2\/categories?post=18866"},{"taxonomy":"post_tag","embeddable":true,"href":"https:\/\/pagina10.com\/web\/wp-json\/wp\/v2\/tags?post=18866"}],"curies":[{"name":"wp","href":"https:\/\/api.w.org\/{rel}","templated":true}]}}