{"id":18872,"date":"2015-12-10T15:55:05","date_gmt":"2015-12-10T15:55:05","guid":{"rendered":"https:\/\/pagina10.com\/web\/mayeli-valencia-reina-del-carnaval-de-negros-y-blancos-de-pasto-2016\/"},"modified":"2015-12-10T15:55:05","modified_gmt":"2015-12-10T15:55:05","slug":"mayeli-valencia-reina-del-carnaval-de-negros-y-blancos-de-pasto-2016","status":"publish","type":"post","link":"https:\/\/pagina10.com\/web\/mayeli-valencia-reina-del-carnaval-de-negros-y-blancos-de-pasto-2016\/","title":{"rendered":"Mayeli Valencia, Reina del Carnaval de Negros y Blancos de Pasto 2016"},"content":{"rendered":"<p><img fetchpriority=\"high\" decoding=\"async\" class=\" size-full wp-image-18871\" src=\"https:\/\/pagina10.com\/web\/wp-content\/uploads\/2015\/12\/960abc45fa4f0d7d5104887b741c12d4.jpg\" alt=\"\" width=\"960\" height=\"639\" srcset=\"https:\/\/pagina10.com\/web\/wp-content\/uploads\/2015\/12\/960abc45fa4f0d7d5104887b741c12d4.jpg 960w, https:\/\/pagina10.com\/web\/wp-content\/uploads\/2015\/12\/960abc45fa4f0d7d5104887b741c12d4-300x200.jpg 300w, https:\/\/pagina10.com\/web\/wp-content\/uploads\/2015\/12\/960abc45fa4f0d7d5104887b741c12d4-768x511.jpg 768w, https:\/\/pagina10.com\/web\/wp-content\/uploads\/2015\/12\/960abc45fa4f0d7d5104887b741c12d4-450x300.jpg 450w\" sizes=\"(max-width: 960px) 100vw, 960px\" \/><\/p>\n<p style=\"text-align: justify;\">La Corporaci\u00f3n del Carnaval de Negros y Blancos de Pasto, informa a la&nbsp;ciudadan\u00eda en general que por decisi\u00f3n de la junta directiva de Corpocarnaval fue&nbsp;elegida por decreto la reina del Carnaval de Negros y Blancos de Pasto para el&nbsp;a\u00f1o 2016.<\/p>\n<p style=\"text-align: justify;\">La nueva soberana es la se\u00f1orita Mayeli Valencia Calder\u00f3n, quien tiene 21a\u00f1os de&nbsp;edad; sus padres son Miryam del Carmen Calder\u00f3n y Eduardo Valencia, tiene tres&nbsp;hermanos: Yenni, Iv\u00e1n y Leidy Valencia Calder\u00f3n.<\/p>\n<p style=\"text-align: justify;\">A los 17 a\u00f1os se gradu\u00f3 como bachiller y empez\u00f3 a estudiar Tecnolog\u00eda en Salud&nbsp;Oral, actualmente estudia Comunicaci\u00f3n Social en la Universidad Mariana de&nbsp;Pasto; tambi\u00e9n se desempe\u00f1a como modelo y gracias a ello, ha trabajado con&nbsp;importantes empresas en protocolo, fotograf\u00eda y pasarela.<\/p>\n<p style=\"text-align: justify;\">Dentro de sus aficiones y preferencias se encuentran las actividades&nbsp;culturales, hacer deporte, ir al gimnasio, viajar por su regi\u00f3n conociendo todo lo<br \/>hermoso que tiene Nari\u00f1o. Las personas que la conocen la definen como una&nbsp;persona alegre, tranquila, responsable, inteligente, sincera, amable.<\/p>\n<p style=\"text-align: justify;\">Mayeli al igual que la mayor\u00eda de los pastusos ama su carnaval y quiere ser la&nbsp;mayor embajadora que tiene esta fiesta, para ella es importante difundir m\u00e1s la&nbsp;cultura nari\u00f1ense, sus ra\u00edces y resaltar la importancia que tiene el carnaval no&nbsp;solo en el municipio si no en todo el territorio nacional e internacional como&nbsp;patrimonio cultural inmaterial de la humanidad.<\/p>\n<p style=\"text-align: justify;\">&#8220;Como reina del Carnaval de Negros y Blancos de Pasto versi\u00f3n 2016, me&nbsp;comprometo a ser la embajadora ante Colombia y el mundo de Nuestro Patrimonio&nbsp;Cultural Inmaterial de la Humanidad. Es para m\u00ed un honor ser representante de la&nbsp;cultura y riqueza artesanal de nuestra tierra&#8221; manifest\u00f3 Mayeli Valencia en su primera intervenci\u00f3n como la nueva soberana de la fiesta magna. Tambi\u00e9n&nbsp;agradeci\u00f3 a la Administraci\u00f3n Municipal y a Corpocarnaval por depositar en ella la&nbsp;confianza para cumplir con tan agradable responsabilidad.<\/p>\n<p style=\"text-align: justify;\">A su vez, asegur\u00f3 que su compromiso durante este a\u00f1o de reinado, ser\u00e1 el de&nbsp;fortalecer el posicionamiento que ya tiene nuestro carnaval y trabajar para&nbsp;enaltecer el trabajo y la maravillosa labor que realizan los artistas y todas las&nbsp;personas que directa e indirectamente est\u00e1n vinculadas con nuestro Patrimonio.<\/p>\n<p style=\"text-align: justify;\">&nbsp;<\/p>\n<p style=\"text-align: justify;\"><strong>&nbsp;Galeria fotogr\u00e1fica<\/strong><\/p>\n<p><iframe src=\"\/\/embedsocial.com\/facebook_album\/album_photos\/1233193640040625\" width=\"650\" height=\"1450\" frameborder=\"0\" scrolling=\"no\" marginheight=\"0\" marginwidth=\"0\"><\/iframe><\/p>\n","protected":false},"excerpt":{"rendered":"<p>La Corporaci\u00f3n del Carnaval de Negros y Blancos de Pasto, informa a la&nbsp;ciudadan\u00eda en general que por decisi\u00f3n de la junta directiva de Corpocarnaval fue&nbsp;elegida por decreto la reina del Carnaval de Negros y Blancos de Pasto para el&nbsp;a\u00f1o 2016. La nueva soberana es la se\u00f1orita Mayeli Valencia Calder\u00f3n, quien tiene 21a\u00f1os de&nbsp;edad; sus padres [&hellip;]<\/p>\n","protected":false},"author":29,"featured_media":18871,"comment_status":"open","ping_status":"open","sticky":false,"template":"","format":"standard","meta":{"footnotes":""},"categories":[1],"tags":[],"class_list":["post-18872","post","type-post","status-publish","format-standard","has-post-thumbnail","hentry","category-sin-categoria"],"yoast_head":"<!-- This site is optimized with the Yoast SEO plugin v27.1.1 - https:\/\/yoast.com\/product\/yoast-seo-wordpress\/ -->\n<title>Mayeli Valencia, Reina del Carnaval de Negros y Blancos de Pasto 2016 | P\u00e1gina10<\/title>\n<meta name=\"robots\" content=\"index, follow, max-snippet:-1, max-image-preview:large, max-video-preview:-1\" \/>\n<link rel=\"canonical\" href=\"https:\/\/pagina10.com\/web\/mayeli-valencia-reina-del-carnaval-de-negros-y-blancos-de-pasto-2016\/\" \/>\n<meta property=\"og:locale\" content=\"es_ES\" \/>\n<meta property=\"og:type\" content=\"article\" \/>\n<meta property=\"og:title\" content=\"Mayeli Valencia, Reina del Carnaval de Negros y Blancos de Pasto 2016 | P\u00e1gina10\" \/>\n<meta property=\"og:description\" content=\"La Corporaci\u00f3n del Carnaval de Negros y Blancos de Pasto, informa a la&nbsp;ciudadan\u00eda en general que por decisi\u00f3n de la junta directiva de Corpocarnaval fue&nbsp;elegida por decreto la reina del Carnaval de Negros y Blancos de Pasto para el&nbsp;a\u00f1o 2016. La nueva soberana es la se\u00f1orita Mayeli Valencia Calder\u00f3n, quien tiene 21a\u00f1os de&nbsp;edad; sus padres [&hellip;]\" \/>\n<meta property=\"og:url\" content=\"https:\/\/pagina10.com\/web\/mayeli-valencia-reina-del-carnaval-de-negros-y-blancos-de-pasto-2016\/\" \/>\n<meta property=\"og:site_name\" content=\"P\u00e1gina10\" \/>\n<meta property=\"article:publisher\" content=\"https:\/\/www.facebook.com\/pag10com\" \/>\n<meta property=\"article:published_time\" content=\"2015-12-10T15:55:05+00:00\" \/>\n<meta property=\"og:image\" content=\"https:\/\/pagina10.com\/web\/wp-content\/uploads\/2015\/12\/960abc45fa4f0d7d5104887b741c12d4.jpg\" \/>\n\t<meta property=\"og:image:width\" content=\"960\" \/>\n\t<meta property=\"og:image:height\" content=\"639\" \/>\n\t<meta property=\"og:image:type\" content=\"image\/jpeg\" \/>\n<meta name=\"author\" content=\"P\u00e1gina 10\" \/>\n<meta name=\"twitter:card\" content=\"summary_large_image\" \/>\n<meta name=\"twitter:creator\" content=\"@Pag10com\" \/>\n<meta name=\"twitter:site\" content=\"@Pag10com\" \/>\n<meta name=\"twitter:label1\" content=\"Escrito por\" \/>\n\t<meta name=\"twitter:data1\" content=\"P\u00e1gina 10\" \/>\n\t<meta name=\"twitter:label2\" content=\"Tiempo de lectura\" \/>\n\t<meta name=\"twitter:data2\" content=\"2 minutos\" \/>\n<script type=\"application\/ld+json\" class=\"yoast-schema-graph\">{\"@context\":\"https:\/\/schema.org\",\"@graph\":[{\"@type\":\"Article\",\"@id\":\"https:\/\/pagina10.com\/web\/mayeli-valencia-reina-del-carnaval-de-negros-y-blancos-de-pasto-2016\/#article\",\"isPartOf\":{\"@id\":\"https:\/\/pagina10.com\/web\/mayeli-valencia-reina-del-carnaval-de-negros-y-blancos-de-pasto-2016\/\"},\"author\":{\"name\":\"P\u00e1gina 10\",\"@id\":\"https:\/\/pagina10.com\/web\/#\/schema\/person\/a7a5d38f0629dfc107f619fbae4f6cc3\"},\"headline\":\"Mayeli Valencia, Reina del Carnaval de Negros y Blancos de Pasto 2016\",\"datePublished\":\"2015-12-10T15:55:05+00:00\",\"mainEntityOfPage\":{\"@id\":\"https:\/\/pagina10.com\/web\/mayeli-valencia-reina-del-carnaval-de-negros-y-blancos-de-pasto-2016\/\"},\"wordCount\":421,\"commentCount\":0,\"publisher\":{\"@id\":\"https:\/\/pagina10.com\/web\/#organization\"},\"image\":{\"@id\":\"https:\/\/pagina10.com\/web\/mayeli-valencia-reina-del-carnaval-de-negros-y-blancos-de-pasto-2016\/#primaryimage\"},\"thumbnailUrl\":\"https:\/\/pagina10.com\/web\/wp-content\/uploads\/2015\/12\/960abc45fa4f0d7d5104887b741c12d4.jpg\",\"inLanguage\":\"es\",\"potentialAction\":[{\"@type\":\"CommentAction\",\"name\":\"Comment\",\"target\":[\"https:\/\/pagina10.com\/web\/mayeli-valencia-reina-del-carnaval-de-negros-y-blancos-de-pasto-2016\/#respond\"]}]},{\"@type\":\"WebPage\",\"@id\":\"https:\/\/pagina10.com\/web\/mayeli-valencia-reina-del-carnaval-de-negros-y-blancos-de-pasto-2016\/\",\"url\":\"https:\/\/pagina10.com\/web\/mayeli-valencia-reina-del-carnaval-de-negros-y-blancos-de-pasto-2016\/\",\"name\":\"Mayeli Valencia, Reina del Carnaval de Negros y Blancos de Pasto 2016 | P\u00e1gina10\",\"isPartOf\":{\"@id\":\"https:\/\/pagina10.com\/web\/#website\"},\"primaryImageOfPage\":{\"@id\":\"https:\/\/pagina10.com\/web\/mayeli-valencia-reina-del-carnaval-de-negros-y-blancos-de-pasto-2016\/#primaryimage\"},\"image\":{\"@id\":\"https:\/\/pagina10.com\/web\/mayeli-valencia-reina-del-carnaval-de-negros-y-blancos-de-pasto-2016\/#primaryimage\"},\"thumbnailUrl\":\"https:\/\/pagina10.com\/web\/wp-content\/uploads\/2015\/12\/960abc45fa4f0d7d5104887b741c12d4.jpg\",\"datePublished\":\"2015-12-10T15:55:05+00:00\",\"breadcrumb\":{\"@id\":\"https:\/\/pagina10.com\/web\/mayeli-valencia-reina-del-carnaval-de-negros-y-blancos-de-pasto-2016\/#breadcrumb\"},\"inLanguage\":\"es\",\"potentialAction\":[{\"@type\":\"ReadAction\",\"target\":[\"https:\/\/pagina10.com\/web\/mayeli-valencia-reina-del-carnaval-de-negros-y-blancos-de-pasto-2016\/\"]}]},{\"@type\":\"ImageObject\",\"inLanguage\":\"es\",\"@id\":\"https:\/\/pagina10.com\/web\/mayeli-valencia-reina-del-carnaval-de-negros-y-blancos-de-pasto-2016\/#primaryimage\",\"url\":\"https:\/\/pagina10.com\/web\/wp-content\/uploads\/2015\/12\/960abc45fa4f0d7d5104887b741c12d4.jpg\",\"contentUrl\":\"https:\/\/pagina10.com\/web\/wp-content\/uploads\/2015\/12\/960abc45fa4f0d7d5104887b741c12d4.jpg\",\"width\":960,\"height\":639},{\"@type\":\"BreadcrumbList\",\"@id\":\"https:\/\/pagina10.com\/web\/mayeli-valencia-reina-del-carnaval-de-negros-y-blancos-de-pasto-2016\/#breadcrumb\",\"itemListElement\":[{\"@type\":\"ListItem\",\"position\":1,\"name\":\"Portada\",\"item\":\"https:\/\/pagina10.com\/web\/\"},{\"@type\":\"ListItem\",\"position\":2,\"name\":\"Mayeli Valencia, Reina del Carnaval de Negros y Blancos de Pasto 2016\"}]},{\"@type\":\"WebSite\",\"@id\":\"https:\/\/pagina10.com\/web\/#website\",\"url\":\"https:\/\/pagina10.com\/web\/\",\"name\":\"P\u00e1gina10\",\"description\":\"Peri\u00f3dico Regional\",\"publisher\":{\"@id\":\"https:\/\/pagina10.com\/web\/#organization\"},\"alternateName\":\"P\u00e1gina10 Peri\u00f3dico Regional\",\"potentialAction\":[{\"@type\":\"SearchAction\",\"target\":{\"@type\":\"EntryPoint\",\"urlTemplate\":\"https:\/\/pagina10.com\/web\/?s={search_term_string}\"},\"query-input\":{\"@type\":\"PropertyValueSpecification\",\"valueRequired\":true,\"valueName\":\"search_term_string\"}}],\"inLanguage\":\"es\"},{\"@type\":\"Organization\",\"@id\":\"https:\/\/pagina10.com\/web\/#organization\",\"name\":\"P\u00e1gina10\",\"alternateName\":\"P\u00e1gina10 Peri\u00f3dico Regional\",\"url\":\"https:\/\/pagina10.com\/web\/\",\"logo\":{\"@type\":\"ImageObject\",\"inLanguage\":\"es\",\"@id\":\"https:\/\/pagina10.com\/web\/#\/schema\/logo\/image\/\",\"url\":\"https:\/\/pagina10.com\/web\/wp-content\/uploads\/2024\/01\/40-pagina-10-periodico-regional-pasto.jpg\",\"contentUrl\":\"https:\/\/pagina10.com\/web\/wp-content\/uploads\/2024\/01\/40-pagina-10-periodico-regional-pasto.jpg\",\"width\":1280,\"height\":720,\"caption\":\"P\u00e1gina10\"},\"image\":{\"@id\":\"https:\/\/pagina10.com\/web\/#\/schema\/logo\/image\/\"},\"sameAs\":[\"https:\/\/www.facebook.com\/pag10com\",\"https:\/\/x.com\/Pag10com\",\"https:\/\/www.instagram.com\/pagina10col\/\",\"https:\/\/youtube.com\/channel\/pag10\",\"https:\/\/www.tiktok.com\/@p10col\"]},{\"@type\":\"Person\",\"@id\":\"https:\/\/pagina10.com\/web\/#\/schema\/person\/a7a5d38f0629dfc107f619fbae4f6cc3\",\"name\":\"P\u00e1gina 10\",\"description\":\"P\u00e1gina10.com es un peri\u00f3dico digital que nace en Colombia, en el departamento de Nari\u00f1o, con un enfoque global, fundamentado en cuatro pilares esenciales: la libertad, el pluralismo, la inclusi\u00f3n y la independencia. P\u00e1gina10.com hace referencia a Nari\u00f1o como el d\u00e9cimo departamento creado en Colombia, despu\u00e9s de un proceso pol\u00edtico liderado por actores y actrices regionales con el fin de obtener la independencia y autonom\u00eda de nuestros territorios. Con la creaci\u00f3n de P\u00e1gina10.com se pretende abrir un escenario para el dialogo, la reflexi\u00f3n y el debate que se extienda a otras geograf\u00edas de Am\u00e9rica Latina y del planeta, en una apuesta por transformar colectivamente los desaf\u00edos de un mundo contempor\u00e1neo, m\u00e1s all\u00e1 de las fronteras impuestas.\",\"url\":\"https:\/\/pagina10.com\/web\/author\/mcepeda\/\"}]}<\/script>\n<!-- \/ Yoast SEO plugin. -->","yoast_head_json":{"title":"Mayeli Valencia, Reina del Carnaval de Negros y Blancos de Pasto 2016 | P\u00e1gina10","robots":{"index":"index","follow":"follow","max-snippet":"max-snippet:-1","max-image-preview":"max-image-preview:large","max-video-preview":"max-video-preview:-1"},"canonical":"https:\/\/pagina10.com\/web\/mayeli-valencia-reina-del-carnaval-de-negros-y-blancos-de-pasto-2016\/","og_locale":"es_ES","og_type":"article","og_title":"Mayeli Valencia, Reina del Carnaval de Negros y Blancos de Pasto 2016 | P\u00e1gina10","og_description":"La Corporaci\u00f3n del Carnaval de Negros y Blancos de Pasto, informa a la&nbsp;ciudadan\u00eda en general que por decisi\u00f3n de la junta directiva de Corpocarnaval fue&nbsp;elegida por decreto la reina del Carnaval de Negros y Blancos de Pasto para el&nbsp;a\u00f1o 2016. La nueva soberana es la se\u00f1orita Mayeli Valencia Calder\u00f3n, quien tiene 21a\u00f1os de&nbsp;edad; sus padres [&hellip;]","og_url":"https:\/\/pagina10.com\/web\/mayeli-valencia-reina-del-carnaval-de-negros-y-blancos-de-pasto-2016\/","og_site_name":"P\u00e1gina10","article_publisher":"https:\/\/www.facebook.com\/pag10com","article_published_time":"2015-12-10T15:55:05+00:00","og_image":[{"width":960,"height":639,"url":"https:\/\/pagina10.com\/web\/wp-content\/uploads\/2015\/12\/960abc45fa4f0d7d5104887b741c12d4.jpg","type":"image\/jpeg"}],"author":"P\u00e1gina 10","twitter_card":"summary_large_image","twitter_creator":"@Pag10com","twitter_site":"@Pag10com","twitter_misc":{"Escrito por":"P\u00e1gina 10","Tiempo de lectura":"2 minutos"},"schema":{"@context":"https:\/\/schema.org","@graph":[{"@type":"Article","@id":"https:\/\/pagina10.com\/web\/mayeli-valencia-reina-del-carnaval-de-negros-y-blancos-de-pasto-2016\/#article","isPartOf":{"@id":"https:\/\/pagina10.com\/web\/mayeli-valencia-reina-del-carnaval-de-negros-y-blancos-de-pasto-2016\/"},"author":{"name":"P\u00e1gina 10","@id":"https:\/\/pagina10.com\/web\/#\/schema\/person\/a7a5d38f0629dfc107f619fbae4f6cc3"},"headline":"Mayeli Valencia, Reina del Carnaval de Negros y Blancos de Pasto 2016","datePublished":"2015-12-10T15:55:05+00:00","mainEntityOfPage":{"@id":"https:\/\/pagina10.com\/web\/mayeli-valencia-reina-del-carnaval-de-negros-y-blancos-de-pasto-2016\/"},"wordCount":421,"commentCount":0,"publisher":{"@id":"https:\/\/pagina10.com\/web\/#organization"},"image":{"@id":"https:\/\/pagina10.com\/web\/mayeli-valencia-reina-del-carnaval-de-negros-y-blancos-de-pasto-2016\/#primaryimage"},"thumbnailUrl":"https:\/\/pagina10.com\/web\/wp-content\/uploads\/2015\/12\/960abc45fa4f0d7d5104887b741c12d4.jpg","inLanguage":"es","potentialAction":[{"@type":"CommentAction","name":"Comment","target":["https:\/\/pagina10.com\/web\/mayeli-valencia-reina-del-carnaval-de-negros-y-blancos-de-pasto-2016\/#respond"]}]},{"@type":"WebPage","@id":"https:\/\/pagina10.com\/web\/mayeli-valencia-reina-del-carnaval-de-negros-y-blancos-de-pasto-2016\/","url":"https:\/\/pagina10.com\/web\/mayeli-valencia-reina-del-carnaval-de-negros-y-blancos-de-pasto-2016\/","name":"Mayeli Valencia, Reina del Carnaval de Negros y Blancos de Pasto 2016 | P\u00e1gina10","isPartOf":{"@id":"https:\/\/pagina10.com\/web\/#website"},"primaryImageOfPage":{"@id":"https:\/\/pagina10.com\/web\/mayeli-valencia-reina-del-carnaval-de-negros-y-blancos-de-pasto-2016\/#primaryimage"},"image":{"@id":"https:\/\/pagina10.com\/web\/mayeli-valencia-reina-del-carnaval-de-negros-y-blancos-de-pasto-2016\/#primaryimage"},"thumbnailUrl":"https:\/\/pagina10.com\/web\/wp-content\/uploads\/2015\/12\/960abc45fa4f0d7d5104887b741c12d4.jpg","datePublished":"2015-12-10T15:55:05+00:00","breadcrumb":{"@id":"https:\/\/pagina10.com\/web\/mayeli-valencia-reina-del-carnaval-de-negros-y-blancos-de-pasto-2016\/#breadcrumb"},"inLanguage":"es","potentialAction":[{"@type":"ReadAction","target":["https:\/\/pagina10.com\/web\/mayeli-valencia-reina-del-carnaval-de-negros-y-blancos-de-pasto-2016\/"]}]},{"@type":"ImageObject","inLanguage":"es","@id":"https:\/\/pagina10.com\/web\/mayeli-valencia-reina-del-carnaval-de-negros-y-blancos-de-pasto-2016\/#primaryimage","url":"https:\/\/pagina10.com\/web\/wp-content\/uploads\/2015\/12\/960abc45fa4f0d7d5104887b741c12d4.jpg","contentUrl":"https:\/\/pagina10.com\/web\/wp-content\/uploads\/2015\/12\/960abc45fa4f0d7d5104887b741c12d4.jpg","width":960,"height":639},{"@type":"BreadcrumbList","@id":"https:\/\/pagina10.com\/web\/mayeli-valencia-reina-del-carnaval-de-negros-y-blancos-de-pasto-2016\/#breadcrumb","itemListElement":[{"@type":"ListItem","position":1,"name":"Portada","item":"https:\/\/pagina10.com\/web\/"},{"@type":"ListItem","position":2,"name":"Mayeli Valencia, Reina del Carnaval de Negros y Blancos de Pasto 2016"}]},{"@type":"WebSite","@id":"https:\/\/pagina10.com\/web\/#website","url":"https:\/\/pagina10.com\/web\/","name":"P\u00e1gina10","description":"Peri\u00f3dico Regional","publisher":{"@id":"https:\/\/pagina10.com\/web\/#organization"},"alternateName":"P\u00e1gina10 Peri\u00f3dico Regional","potentialAction":[{"@type":"SearchAction","target":{"@type":"EntryPoint","urlTemplate":"https:\/\/pagina10.com\/web\/?s={search_term_string}"},"query-input":{"@type":"PropertyValueSpecification","valueRequired":true,"valueName":"search_term_string"}}],"inLanguage":"es"},{"@type":"Organization","@id":"https:\/\/pagina10.com\/web\/#organization","name":"P\u00e1gina10","alternateName":"P\u00e1gina10 Peri\u00f3dico Regional","url":"https:\/\/pagina10.com\/web\/","logo":{"@type":"ImageObject","inLanguage":"es","@id":"https:\/\/pagina10.com\/web\/#\/schema\/logo\/image\/","url":"https:\/\/pagina10.com\/web\/wp-content\/uploads\/2024\/01\/40-pagina-10-periodico-regional-pasto.jpg","contentUrl":"https:\/\/pagina10.com\/web\/wp-content\/uploads\/2024\/01\/40-pagina-10-periodico-regional-pasto.jpg","width":1280,"height":720,"caption":"P\u00e1gina10"},"image":{"@id":"https:\/\/pagina10.com\/web\/#\/schema\/logo\/image\/"},"sameAs":["https:\/\/www.facebook.com\/pag10com","https:\/\/x.com\/Pag10com","https:\/\/www.instagram.com\/pagina10col\/","https:\/\/youtube.com\/channel\/pag10","https:\/\/www.tiktok.com\/@p10col"]},{"@type":"Person","@id":"https:\/\/pagina10.com\/web\/#\/schema\/person\/a7a5d38f0629dfc107f619fbae4f6cc3","name":"P\u00e1gina 10","description":"P\u00e1gina10.com es un peri\u00f3dico digital que nace en Colombia, en el departamento de Nari\u00f1o, con un enfoque global, fundamentado en cuatro pilares esenciales: la libertad, el pluralismo, la inclusi\u00f3n y la independencia. P\u00e1gina10.com hace referencia a Nari\u00f1o como el d\u00e9cimo departamento creado en Colombia, despu\u00e9s de un proceso pol\u00edtico liderado por actores y actrices regionales con el fin de obtener la independencia y autonom\u00eda de nuestros territorios. Con la creaci\u00f3n de P\u00e1gina10.com se pretende abrir un escenario para el dialogo, la reflexi\u00f3n y el debate que se extienda a otras geograf\u00edas de Am\u00e9rica Latina y del planeta, en una apuesta por transformar colectivamente los desaf\u00edos de un mundo contempor\u00e1neo, m\u00e1s all\u00e1 de las fronteras impuestas.","url":"https:\/\/pagina10.com\/web\/author\/mcepeda\/"}]}},"_links":{"self":[{"href":"https:\/\/pagina10.com\/web\/wp-json\/wp\/v2\/posts\/18872","targetHints":{"allow":["GET"]}}],"collection":[{"href":"https:\/\/pagina10.com\/web\/wp-json\/wp\/v2\/posts"}],"about":[{"href":"https:\/\/pagina10.com\/web\/wp-json\/wp\/v2\/types\/post"}],"author":[{"embeddable":true,"href":"https:\/\/pagina10.com\/web\/wp-json\/wp\/v2\/users\/29"}],"replies":[{"embeddable":true,"href":"https:\/\/pagina10.com\/web\/wp-json\/wp\/v2\/comments?post=18872"}],"version-history":[{"count":0,"href":"https:\/\/pagina10.com\/web\/wp-json\/wp\/v2\/posts\/18872\/revisions"}],"wp:featuredmedia":[{"embeddable":true,"href":"https:\/\/pagina10.com\/web\/wp-json\/wp\/v2\/media\/18871"}],"wp:attachment":[{"href":"https:\/\/pagina10.com\/web\/wp-json\/wp\/v2\/media?parent=18872"}],"wp:term":[{"taxonomy":"category","embeddable":true,"href":"https:\/\/pagina10.com\/web\/wp-json\/wp\/v2\/categories?post=18872"},{"taxonomy":"post_tag","embeddable":true,"href":"https:\/\/pagina10.com\/web\/wp-json\/wp\/v2\/tags?post=18872"}],"curies":[{"name":"wp","href":"https:\/\/api.w.org\/{rel}","templated":true}]}}