{"id":18874,"date":"2015-12-10T16:52:08","date_gmt":"2015-12-10T16:52:08","guid":{"rendered":"https:\/\/pagina10.com\/web\/estos-son-los-nominados-al-golden-globe-2016\/"},"modified":"2015-12-10T16:52:08","modified_gmt":"2015-12-10T16:52:08","slug":"estos-son-los-nominados-al-golden-globe-2016","status":"publish","type":"post","link":"https:\/\/pagina10.com\/web\/estos-son-los-nominados-al-golden-globe-2016\/","title":{"rendered":"Estos son los nominados al Golden Globe 2016"},"content":{"rendered":"<p><img fetchpriority=\"high\" decoding=\"async\" class=\" size-full wp-image-18873\" src=\"https:\/\/pagina10.com\/web\/wp-content\/uploads\/2015\/12\/10fb162bd3fe695043c8fdeec6e00032.jpg\" alt=\"\" width=\"950\" height=\"766\" srcset=\"https:\/\/pagina10.com\/web\/wp-content\/uploads\/2015\/12\/10fb162bd3fe695043c8fdeec6e00032.jpg 950w, https:\/\/pagina10.com\/web\/wp-content\/uploads\/2015\/12\/10fb162bd3fe695043c8fdeec6e00032-300x242.jpg 300w, https:\/\/pagina10.com\/web\/wp-content\/uploads\/2015\/12\/10fb162bd3fe695043c8fdeec6e00032-768x619.jpg 768w\" sizes=\"(max-width: 950px) 100vw, 950px\" \/><\/p>\n<p style=\"text-align: justify;\"><span style=\"line-height: 19.8px;\" data-mce-mark=\"1\">En la ma\u00f1ana de este jueves 10 de diciembre se dieron a conocer los nominados a los &nbsp;Golden Globes 2016. &nbsp;<span style=\"line-height: 19.8px;\" data-mce-mark=\"1\">La encargada de anunciar a los opcionados al galard\u00f3n en la versi\u00f3n n\u00famero 73 de esta entrega fue la actriz Am\u00e9rica Ferrera, en una ceremonia este jueves en el hotel Hilton de Los \u00c1ngeles.&nbsp;<\/span><\/span><\/p>\n<p style=\"text-align: justify;\"><span style=\"line-height: 19.8px;\" data-mce-mark=\"1\">Los Golden Globes premian el trabajo a los actores, escritores y directores tanto de series televisivas como de la gran pantalla.&nbsp;<\/span><\/p>\n<p style=\"text-align: justify;\"><span style=\"line-height: 19.8px;\" data-mce-mark=\"1\">La ceremonia ser\u00e1 conducida por elhumorista brit\u00e1nico Ricky Gervais&nbsp;y se celebrar\u00e1 el domingo&nbsp;10 de eneroen Los \u00c1ngeles a partir de las 17H00 locales (01H00 GMT del lunes). Denzel Washington&nbsp;recibir\u00e1 el&nbsp;premio Cecil B. DeMille&nbsp;en reconocimiento a su trayectoria cinematogr\u00e1fica.<\/span><span style=\"line-height: 19.8px;\" data-mce-mark=\"1\"><br \/><\/span><\/p>\n<p><strong>Nominados<\/strong><\/p>\n<p><strong>CINE<\/strong><\/p>\n<p><strong>Mejor pel\u00edcula drama<\/strong><\/p>\n<p>Carol<br \/>Mad Max: Fury Road<br \/>The Reventant<br \/>Room<br \/>Spotlight<\/p>\n<p><strong>&nbsp;<\/strong><\/p>\n<p><strong>Mejor comedia o musical<\/strong><\/p>\n<p>The Big Short<br \/>Joy<br \/>The Martian<br \/>Spy<br \/>Trainwreck<\/p>\n<p>&nbsp;<\/p>\n<p><strong>Mejor direcci\u00f3n<\/strong><\/p>\n<p>Todd Haynes \u2013 Carol<br \/>Alejandro Gonz\u00e1lez I\u00f1\u00e1rritu \u2013 The Revenant<br \/>Tom McCarthy \u2013 Spotlight<br \/>George Miller \u2013 Mad Max: Fury Road<br \/>Ridley Scott \u2013 The Martian<\/p>\n<p>&nbsp;<\/p>\n<p><strong>Mejor actor dram\u00e1tico<\/strong><\/p>\n<p>Bryan Cranston \u2013 Trumbo<br \/>Leonardo DiCaprio \u2013 The Reventant<br \/>Michael Fassbender \u2013 Steve Jobs<br \/>Eddie Redmayne \u2013 The Danish Girl<br \/>Will Smith \u2013 Concussion<\/p>\n<p>&nbsp;<\/p>\n<p><strong>Mejor actriz dram\u00e1tica<\/strong><\/p>\n<p>Cate Blanchett \u2013 Carol<br \/>Brie Larson \u2013 Room<br \/>Rooney Mara \u2013 Carol<br \/>Saoirse Ronan \u2013 Brooklyn<br \/>Alicia Vikander \u2013 The Danish Girl<\/p>\n<p>&nbsp;<\/p>\n<p><strong>Mejor actor en comedia o musical<\/strong><\/p>\n<p>Christian Bale \u2013 The Big Short<br \/>Steve Carell \u2013 The Big Short<br \/>Matt Damon \u2013 The Martian<br \/>Al Pacino \u2013 Danny Collins<br \/>Mark Ruffalo \u2013 Infinitely Polar Bear<\/p>\n<p>&nbsp;<\/p>\n<p><strong>Mejor actriz en comedia o musical<\/strong><\/p>\n<p>Jennifer Lawrence \u2013 Joy<br \/>Melissa McCarthy \u2013 Spy<br \/>Amy Schumer \u2013 Trainwreck<br \/>Maggie Smith \u2013 The Lady in the Van<br \/>Lily Tomlin \u2013 Grandma<\/p>\n<p>&nbsp;<\/p>\n<p><strong>Mejor actor de reparto<\/strong><\/p>\n<p>Paul Dano \u2013 Love &amp; Mercy<br \/>Idris Elba \u2013 Beasts Of No Nation<br \/>Mark Rylance \u2013 Bridge of Spies<br \/>Michael Shannon \u2013 99 Homes<br \/>Sylvester Stallone \u2013 Creed<\/p>\n<p>&nbsp;<\/p>\n<p><strong>Mejor actriz de reparto<\/strong><\/p>\n<p>Jennifer Jason Leigh \u2013 The Hateful Eight<br \/>Jane Fonda \u2013 Youth<br \/>Helen Mirren \u2013 Trumbo<br \/>Alicia Vikander \u2013 Ex Machina<br \/>Kate Winslet \u2013 Steve Jobs<\/p>\n<p>&nbsp;<\/p>\n<p><strong>Mejor pel\u00edcula extranjera<\/strong><\/p>\n<p>El nuevo nuevo testamento (Le tout nouveau testament)<br \/>El club<br \/>The Fencer (Miekkailija)<br \/>Mustang<br \/>El hijo de Sa\u00fal (Saul fia)<\/p>\n<p>&nbsp;<\/p>\n<p><strong>Mejor gui\u00f3n<\/strong><\/p>\n<p>Room<br \/>Spotlight<br \/>The Big Short<br \/>Steve Jobs<br \/>The Hateful Eight<\/p>\n<p>&nbsp;<\/p>\n<p><strong>Mejor banda sonora<\/strong><\/p>\n<p>Alexandre Desplat \u2013 The Danish Girl<br \/>Carter Burwell \u2013 Carol<br \/>Bryce Dessner, Carsten Nicolai y Ryuichi Sakamoto \u2013 The Revenant<br \/>Ennio Morricone \u2013 The Hateful Eight<br \/>Daniel Pemberton \u2013 Steve Jobs<\/p>\n<p>&nbsp;<\/p>\n<p><strong>Mejor canci\u00f3n<\/strong><\/p>\n<p>Love Me Like You Do \u2013 Fifty Shades of Grey<br \/>One Kind of Love \u2013 Love &amp; Mercy<br \/>See You Again \u2013 Fast &amp; Furious 7<br \/>Simple Sound #3 \u2013 Youth<br \/>Writing&#8217;s On The Wall \u2013 Spectre<\/p>\n<p>&nbsp;<\/p>\n<p><strong>Mejor pel\u00edcula animada<\/strong><\/p>\n<p>Anomalisa<br \/>The Good Dinosaur<br \/>Inside Out<br \/>The Peanuts Movie<br \/>Shaun the Sheep<\/p>\n<p>&nbsp;<\/p>\n<p><strong>TELEVISI\u00d3N<\/strong><\/p>\n<p><strong>Mejor serie (Drama)<\/strong><\/p>\n<p>Empire<br \/>Juego de tronos<br \/>Mr. Robot<br \/>Narcos<br \/>Outlander<\/p>\n<p>&nbsp;<\/p>\n<p><strong>Mejor serie (Comedia o Musical)<\/strong><\/p>\n<p>Casual<br \/>Orange is The New Black<br \/>Mozart in the Jungle<br \/>Veep<br \/>Silicon Valley<br \/>Transparent<\/p>\n<p><strong>&nbsp;<\/strong><\/p>\n<p><strong>Mejor miniserie o telefilme<\/strong><\/p>\n<p>Fargo<br \/>American Crime<br \/>American Horror Story: Hotel<br \/>Flesh &amp; Bone<br \/>Wolf Hall<\/p>\n<p>&nbsp;<\/p>\n<p><strong>Mejor actor de serie (Drama)<\/strong><\/p>\n<p>Jon Hamm \u2013 Mad Men<br \/>Liev Schreiber \u2013 Ray Donovan<br \/>Rami Malek \u2013 Mr. Robot<br \/>Wagner Moura \u2013 Narcos<br \/>Bob Odenkirk \u2013 Better Call Saul<\/p>\n<p>&nbsp;<\/p>\n<p><strong>Mejor actor de serie (Comedia o Musical)<\/strong><\/p>\n<p>Aziz Anzari \u2013 Master of None<br \/>Gael Garc\u00eda Bernal \u2013 Mozart in the Jungle<br \/>Rob Lowe \u2013 The Grinder<br \/>Patrick Stewart \u2013 Blunt Talk<br \/>Jeffrey Tambor \u2013 Transparent<\/p>\n<p>&nbsp;<\/p>\n<p><strong>Mejor actriz de serie (Drama)<\/strong><\/p>\n<p>Caitriona Balfe \u2013 Outlander<br \/>Viola Davis \u2013 How to Get Away With Murder<br \/>Eva Green \u2013 Penny Dreadful<br \/>Taraji P. Henson \u2013 Empire<br \/>Robin Wright \u2013 House of Cards<\/p>\n<p>&nbsp;<\/p>\n<p><strong>Mejor actriz de serie (Comedia o Musical)<\/strong><\/p>\n<p>Rachel Bloom \u2013 Crazy Ex-Girlfriend<br \/>Jamie Lee Curtis \u2013 Scream Queens<br \/>Julia Louis-Dreyfus \u2013 Veep<br \/>Gina Rodr\u00edguez \u2013 Jane the Virgin<br \/>Lily Tomlin \u2013 Grace &amp; Frankie<\/p>\n<p>&nbsp;<\/p>\n<p><strong>Mejor actriz de miniserie o telefilme<\/strong><\/p>\n<p>Lady Gaga \u2013 American Horror Story: Hotel<br \/>Sarah Hay \u2013 Flesh &amp; Bone<br \/>Felicity Huffman \u2013 American Crime<br \/>Queen Layifah \u2013 Bessie<br \/>Kristen Dunst \u2013 Fargo<\/p>\n<p>&nbsp;<\/p>\n<p><strong>Mejor actor de miniserie o telefilme<\/strong><\/p>\n<p>Idris Elba \u2013 Luther<br \/>Oscar Isaac \u2013 Show Me A Hero<br \/>David Oyelowo \u2013 Nightingale<br \/>Mark Rylance \u2013 Wolf Hall<br \/>Patrick Wilson \u2013 Fargo<\/p>\n<p>&nbsp;<\/p>\n<p><strong>Mejor actor de reparto de serie, miniserie o telefilme<\/strong><\/p>\n<p>Alan Cumming \u2013 The Good Wife<br \/>Damien Lewis \u2013 Wolf Hall<br \/>Ben Mendelsohn \u2013 Bloodline<br \/>Tobias Menzies \u2013 Outlander<br \/>Christian Slater \u2013 Mr. Robot<\/p>\n<p>&nbsp;<\/p>\n<p><strong>Mejor actriz de reparto de serie, miniserie o telefilme<\/strong><\/p>\n<p>Uzo Aduba \u2013 Orange Is the New Black<br \/>Joanne Froggatt \u2013 Downton Abbey<br \/>Regina King \u2013 American Crime<br \/>Judith Light \u2013 Transparent<br \/>Maura Tierney \u2013 The Affair<\/p>\n","protected":false},"excerpt":{"rendered":"<p>En la ma\u00f1ana de este jueves 10 de diciembre se dieron a conocer los nominados a los &nbsp;Golden Globes 2016. &nbsp;La encargada de anunciar a los opcionados al galard\u00f3n en la versi\u00f3n n\u00famero 73 de esta entrega fue la actriz Am\u00e9rica Ferrera, en una ceremonia este jueves en el hotel Hilton de Los \u00c1ngeles.&nbsp; Los [&hellip;]<\/p>\n","protected":false},"author":29,"featured_media":18873,"comment_status":"open","ping_status":"open","sticky":false,"template":"","format":"standard","meta":{"footnotes":""},"categories":[1],"tags":[],"class_list":["post-18874","post","type-post","status-publish","format-standard","has-post-thumbnail","hentry","category-sin-categoria"],"yoast_head":"<!-- This site is optimized with the Yoast SEO plugin v27.1.1 - https:\/\/yoast.com\/product\/yoast-seo-wordpress\/ -->\n<title>Estos son los nominados al Golden Globe 2016 | P\u00e1gina10<\/title>\n<meta name=\"robots\" content=\"index, follow, max-snippet:-1, max-image-preview:large, max-video-preview:-1\" \/>\n<link rel=\"canonical\" href=\"https:\/\/pagina10.com\/web\/estos-son-los-nominados-al-golden-globe-2016\/\" \/>\n<meta property=\"og:locale\" content=\"es_ES\" \/>\n<meta property=\"og:type\" content=\"article\" \/>\n<meta property=\"og:title\" content=\"Estos son los nominados al Golden Globe 2016 | P\u00e1gina10\" \/>\n<meta property=\"og:description\" content=\"En la ma\u00f1ana de este jueves 10 de diciembre se dieron a conocer los nominados a los &nbsp;Golden Globes 2016. &nbsp;La encargada de anunciar a los opcionados al galard\u00f3n en la versi\u00f3n n\u00famero 73 de esta entrega fue la actriz Am\u00e9rica Ferrera, en una ceremonia este jueves en el hotel Hilton de Los \u00c1ngeles.&nbsp; Los [&hellip;]\" \/>\n<meta property=\"og:url\" content=\"https:\/\/pagina10.com\/web\/estos-son-los-nominados-al-golden-globe-2016\/\" \/>\n<meta property=\"og:site_name\" content=\"P\u00e1gina10\" \/>\n<meta property=\"article:publisher\" content=\"https:\/\/www.facebook.com\/pag10com\" \/>\n<meta property=\"article:published_time\" content=\"2015-12-10T16:52:08+00:00\" \/>\n<meta property=\"og:image\" content=\"https:\/\/pagina10.com\/web\/wp-content\/uploads\/2015\/12\/10fb162bd3fe695043c8fdeec6e00032.jpg\" \/>\n\t<meta property=\"og:image:width\" content=\"950\" \/>\n\t<meta property=\"og:image:height\" content=\"766\" \/>\n\t<meta property=\"og:image:type\" content=\"image\/jpeg\" \/>\n<meta name=\"author\" content=\"P\u00e1gina 10\" \/>\n<meta name=\"twitter:card\" content=\"summary_large_image\" \/>\n<meta name=\"twitter:creator\" content=\"@Pag10com\" \/>\n<meta name=\"twitter:site\" content=\"@Pag10com\" \/>\n<meta name=\"twitter:label1\" content=\"Escrito por\" \/>\n\t<meta name=\"twitter:data1\" content=\"P\u00e1gina 10\" \/>\n\t<meta name=\"twitter:label2\" content=\"Tiempo de lectura\" \/>\n\t<meta name=\"twitter:data2\" content=\"3 minutos\" \/>\n<script type=\"application\/ld+json\" class=\"yoast-schema-graph\">{\"@context\":\"https:\/\/schema.org\",\"@graph\":[{\"@type\":\"Article\",\"@id\":\"https:\/\/pagina10.com\/web\/estos-son-los-nominados-al-golden-globe-2016\/#article\",\"isPartOf\":{\"@id\":\"https:\/\/pagina10.com\/web\/estos-son-los-nominados-al-golden-globe-2016\/\"},\"author\":{\"name\":\"P\u00e1gina 10\",\"@id\":\"https:\/\/pagina10.com\/web\/#\/schema\/person\/a7a5d38f0629dfc107f619fbae4f6cc3\"},\"headline\":\"Estos son los nominados al Golden Globe 2016\",\"datePublished\":\"2015-12-10T16:52:08+00:00\",\"mainEntityOfPage\":{\"@id\":\"https:\/\/pagina10.com\/web\/estos-son-los-nominados-al-golden-globe-2016\/\"},\"wordCount\":655,\"commentCount\":0,\"publisher\":{\"@id\":\"https:\/\/pagina10.com\/web\/#organization\"},\"image\":{\"@id\":\"https:\/\/pagina10.com\/web\/estos-son-los-nominados-al-golden-globe-2016\/#primaryimage\"},\"thumbnailUrl\":\"https:\/\/pagina10.com\/web\/wp-content\/uploads\/2015\/12\/10fb162bd3fe695043c8fdeec6e00032.jpg\",\"inLanguage\":\"es\",\"potentialAction\":[{\"@type\":\"CommentAction\",\"name\":\"Comment\",\"target\":[\"https:\/\/pagina10.com\/web\/estos-son-los-nominados-al-golden-globe-2016\/#respond\"]}]},{\"@type\":\"WebPage\",\"@id\":\"https:\/\/pagina10.com\/web\/estos-son-los-nominados-al-golden-globe-2016\/\",\"url\":\"https:\/\/pagina10.com\/web\/estos-son-los-nominados-al-golden-globe-2016\/\",\"name\":\"Estos son los nominados al Golden Globe 2016 | P\u00e1gina10\",\"isPartOf\":{\"@id\":\"https:\/\/pagina10.com\/web\/#website\"},\"primaryImageOfPage\":{\"@id\":\"https:\/\/pagina10.com\/web\/estos-son-los-nominados-al-golden-globe-2016\/#primaryimage\"},\"image\":{\"@id\":\"https:\/\/pagina10.com\/web\/estos-son-los-nominados-al-golden-globe-2016\/#primaryimage\"},\"thumbnailUrl\":\"https:\/\/pagina10.com\/web\/wp-content\/uploads\/2015\/12\/10fb162bd3fe695043c8fdeec6e00032.jpg\",\"datePublished\":\"2015-12-10T16:52:08+00:00\",\"breadcrumb\":{\"@id\":\"https:\/\/pagina10.com\/web\/estos-son-los-nominados-al-golden-globe-2016\/#breadcrumb\"},\"inLanguage\":\"es\",\"potentialAction\":[{\"@type\":\"ReadAction\",\"target\":[\"https:\/\/pagina10.com\/web\/estos-son-los-nominados-al-golden-globe-2016\/\"]}]},{\"@type\":\"ImageObject\",\"inLanguage\":\"es\",\"@id\":\"https:\/\/pagina10.com\/web\/estos-son-los-nominados-al-golden-globe-2016\/#primaryimage\",\"url\":\"https:\/\/pagina10.com\/web\/wp-content\/uploads\/2015\/12\/10fb162bd3fe695043c8fdeec6e00032.jpg\",\"contentUrl\":\"https:\/\/pagina10.com\/web\/wp-content\/uploads\/2015\/12\/10fb162bd3fe695043c8fdeec6e00032.jpg\",\"width\":950,\"height\":766},{\"@type\":\"BreadcrumbList\",\"@id\":\"https:\/\/pagina10.com\/web\/estos-son-los-nominados-al-golden-globe-2016\/#breadcrumb\",\"itemListElement\":[{\"@type\":\"ListItem\",\"position\":1,\"name\":\"Portada\",\"item\":\"https:\/\/pagina10.com\/web\/\"},{\"@type\":\"ListItem\",\"position\":2,\"name\":\"Estos son los nominados al Golden Globe 2016\"}]},{\"@type\":\"WebSite\",\"@id\":\"https:\/\/pagina10.com\/web\/#website\",\"url\":\"https:\/\/pagina10.com\/web\/\",\"name\":\"P\u00e1gina10\",\"description\":\"Peri\u00f3dico Regional\",\"publisher\":{\"@id\":\"https:\/\/pagina10.com\/web\/#organization\"},\"alternateName\":\"P\u00e1gina10 Peri\u00f3dico Regional\",\"potentialAction\":[{\"@type\":\"SearchAction\",\"target\":{\"@type\":\"EntryPoint\",\"urlTemplate\":\"https:\/\/pagina10.com\/web\/?s={search_term_string}\"},\"query-input\":{\"@type\":\"PropertyValueSpecification\",\"valueRequired\":true,\"valueName\":\"search_term_string\"}}],\"inLanguage\":\"es\"},{\"@type\":\"Organization\",\"@id\":\"https:\/\/pagina10.com\/web\/#organization\",\"name\":\"P\u00e1gina10\",\"alternateName\":\"P\u00e1gina10 Peri\u00f3dico Regional\",\"url\":\"https:\/\/pagina10.com\/web\/\",\"logo\":{\"@type\":\"ImageObject\",\"inLanguage\":\"es\",\"@id\":\"https:\/\/pagina10.com\/web\/#\/schema\/logo\/image\/\",\"url\":\"https:\/\/pagina10.com\/web\/wp-content\/uploads\/2024\/01\/40-pagina-10-periodico-regional-pasto.jpg\",\"contentUrl\":\"https:\/\/pagina10.com\/web\/wp-content\/uploads\/2024\/01\/40-pagina-10-periodico-regional-pasto.jpg\",\"width\":1280,\"height\":720,\"caption\":\"P\u00e1gina10\"},\"image\":{\"@id\":\"https:\/\/pagina10.com\/web\/#\/schema\/logo\/image\/\"},\"sameAs\":[\"https:\/\/www.facebook.com\/pag10com\",\"https:\/\/x.com\/Pag10com\",\"https:\/\/www.instagram.com\/pagina10col\/\",\"https:\/\/youtube.com\/channel\/pag10\",\"https:\/\/www.tiktok.com\/@p10col\"]},{\"@type\":\"Person\",\"@id\":\"https:\/\/pagina10.com\/web\/#\/schema\/person\/a7a5d38f0629dfc107f619fbae4f6cc3\",\"name\":\"P\u00e1gina 10\",\"description\":\"P\u00e1gina10.com es un peri\u00f3dico digital que nace en Colombia, en el departamento de Nari\u00f1o, con un enfoque global, fundamentado en cuatro pilares esenciales: la libertad, el pluralismo, la inclusi\u00f3n y la independencia. P\u00e1gina10.com hace referencia a Nari\u00f1o como el d\u00e9cimo departamento creado en Colombia, despu\u00e9s de un proceso pol\u00edtico liderado por actores y actrices regionales con el fin de obtener la independencia y autonom\u00eda de nuestros territorios. Con la creaci\u00f3n de P\u00e1gina10.com se pretende abrir un escenario para el dialogo, la reflexi\u00f3n y el debate que se extienda a otras geograf\u00edas de Am\u00e9rica Latina y del planeta, en una apuesta por transformar colectivamente los desaf\u00edos de un mundo contempor\u00e1neo, m\u00e1s all\u00e1 de las fronteras impuestas.\",\"url\":\"https:\/\/pagina10.com\/web\/author\/mcepeda\/\"}]}<\/script>\n<!-- \/ Yoast SEO plugin. -->","yoast_head_json":{"title":"Estos son los nominados al Golden Globe 2016 | P\u00e1gina10","robots":{"index":"index","follow":"follow","max-snippet":"max-snippet:-1","max-image-preview":"max-image-preview:large","max-video-preview":"max-video-preview:-1"},"canonical":"https:\/\/pagina10.com\/web\/estos-son-los-nominados-al-golden-globe-2016\/","og_locale":"es_ES","og_type":"article","og_title":"Estos son los nominados al Golden Globe 2016 | P\u00e1gina10","og_description":"En la ma\u00f1ana de este jueves 10 de diciembre se dieron a conocer los nominados a los &nbsp;Golden Globes 2016. &nbsp;La encargada de anunciar a los opcionados al galard\u00f3n en la versi\u00f3n n\u00famero 73 de esta entrega fue la actriz Am\u00e9rica Ferrera, en una ceremonia este jueves en el hotel Hilton de Los \u00c1ngeles.&nbsp; Los [&hellip;]","og_url":"https:\/\/pagina10.com\/web\/estos-son-los-nominados-al-golden-globe-2016\/","og_site_name":"P\u00e1gina10","article_publisher":"https:\/\/www.facebook.com\/pag10com","article_published_time":"2015-12-10T16:52:08+00:00","og_image":[{"width":950,"height":766,"url":"https:\/\/pagina10.com\/web\/wp-content\/uploads\/2015\/12\/10fb162bd3fe695043c8fdeec6e00032.jpg","type":"image\/jpeg"}],"author":"P\u00e1gina 10","twitter_card":"summary_large_image","twitter_creator":"@Pag10com","twitter_site":"@Pag10com","twitter_misc":{"Escrito por":"P\u00e1gina 10","Tiempo de lectura":"3 minutos"},"schema":{"@context":"https:\/\/schema.org","@graph":[{"@type":"Article","@id":"https:\/\/pagina10.com\/web\/estos-son-los-nominados-al-golden-globe-2016\/#article","isPartOf":{"@id":"https:\/\/pagina10.com\/web\/estos-son-los-nominados-al-golden-globe-2016\/"},"author":{"name":"P\u00e1gina 10","@id":"https:\/\/pagina10.com\/web\/#\/schema\/person\/a7a5d38f0629dfc107f619fbae4f6cc3"},"headline":"Estos son los nominados al Golden Globe 2016","datePublished":"2015-12-10T16:52:08+00:00","mainEntityOfPage":{"@id":"https:\/\/pagina10.com\/web\/estos-son-los-nominados-al-golden-globe-2016\/"},"wordCount":655,"commentCount":0,"publisher":{"@id":"https:\/\/pagina10.com\/web\/#organization"},"image":{"@id":"https:\/\/pagina10.com\/web\/estos-son-los-nominados-al-golden-globe-2016\/#primaryimage"},"thumbnailUrl":"https:\/\/pagina10.com\/web\/wp-content\/uploads\/2015\/12\/10fb162bd3fe695043c8fdeec6e00032.jpg","inLanguage":"es","potentialAction":[{"@type":"CommentAction","name":"Comment","target":["https:\/\/pagina10.com\/web\/estos-son-los-nominados-al-golden-globe-2016\/#respond"]}]},{"@type":"WebPage","@id":"https:\/\/pagina10.com\/web\/estos-son-los-nominados-al-golden-globe-2016\/","url":"https:\/\/pagina10.com\/web\/estos-son-los-nominados-al-golden-globe-2016\/","name":"Estos son los nominados al Golden Globe 2016 | P\u00e1gina10","isPartOf":{"@id":"https:\/\/pagina10.com\/web\/#website"},"primaryImageOfPage":{"@id":"https:\/\/pagina10.com\/web\/estos-son-los-nominados-al-golden-globe-2016\/#primaryimage"},"image":{"@id":"https:\/\/pagina10.com\/web\/estos-son-los-nominados-al-golden-globe-2016\/#primaryimage"},"thumbnailUrl":"https:\/\/pagina10.com\/web\/wp-content\/uploads\/2015\/12\/10fb162bd3fe695043c8fdeec6e00032.jpg","datePublished":"2015-12-10T16:52:08+00:00","breadcrumb":{"@id":"https:\/\/pagina10.com\/web\/estos-son-los-nominados-al-golden-globe-2016\/#breadcrumb"},"inLanguage":"es","potentialAction":[{"@type":"ReadAction","target":["https:\/\/pagina10.com\/web\/estos-son-los-nominados-al-golden-globe-2016\/"]}]},{"@type":"ImageObject","inLanguage":"es","@id":"https:\/\/pagina10.com\/web\/estos-son-los-nominados-al-golden-globe-2016\/#primaryimage","url":"https:\/\/pagina10.com\/web\/wp-content\/uploads\/2015\/12\/10fb162bd3fe695043c8fdeec6e00032.jpg","contentUrl":"https:\/\/pagina10.com\/web\/wp-content\/uploads\/2015\/12\/10fb162bd3fe695043c8fdeec6e00032.jpg","width":950,"height":766},{"@type":"BreadcrumbList","@id":"https:\/\/pagina10.com\/web\/estos-son-los-nominados-al-golden-globe-2016\/#breadcrumb","itemListElement":[{"@type":"ListItem","position":1,"name":"Portada","item":"https:\/\/pagina10.com\/web\/"},{"@type":"ListItem","position":2,"name":"Estos son los nominados al Golden Globe 2016"}]},{"@type":"WebSite","@id":"https:\/\/pagina10.com\/web\/#website","url":"https:\/\/pagina10.com\/web\/","name":"P\u00e1gina10","description":"Peri\u00f3dico Regional","publisher":{"@id":"https:\/\/pagina10.com\/web\/#organization"},"alternateName":"P\u00e1gina10 Peri\u00f3dico Regional","potentialAction":[{"@type":"SearchAction","target":{"@type":"EntryPoint","urlTemplate":"https:\/\/pagina10.com\/web\/?s={search_term_string}"},"query-input":{"@type":"PropertyValueSpecification","valueRequired":true,"valueName":"search_term_string"}}],"inLanguage":"es"},{"@type":"Organization","@id":"https:\/\/pagina10.com\/web\/#organization","name":"P\u00e1gina10","alternateName":"P\u00e1gina10 Peri\u00f3dico Regional","url":"https:\/\/pagina10.com\/web\/","logo":{"@type":"ImageObject","inLanguage":"es","@id":"https:\/\/pagina10.com\/web\/#\/schema\/logo\/image\/","url":"https:\/\/pagina10.com\/web\/wp-content\/uploads\/2024\/01\/40-pagina-10-periodico-regional-pasto.jpg","contentUrl":"https:\/\/pagina10.com\/web\/wp-content\/uploads\/2024\/01\/40-pagina-10-periodico-regional-pasto.jpg","width":1280,"height":720,"caption":"P\u00e1gina10"},"image":{"@id":"https:\/\/pagina10.com\/web\/#\/schema\/logo\/image\/"},"sameAs":["https:\/\/www.facebook.com\/pag10com","https:\/\/x.com\/Pag10com","https:\/\/www.instagram.com\/pagina10col\/","https:\/\/youtube.com\/channel\/pag10","https:\/\/www.tiktok.com\/@p10col"]},{"@type":"Person","@id":"https:\/\/pagina10.com\/web\/#\/schema\/person\/a7a5d38f0629dfc107f619fbae4f6cc3","name":"P\u00e1gina 10","description":"P\u00e1gina10.com es un peri\u00f3dico digital que nace en Colombia, en el departamento de Nari\u00f1o, con un enfoque global, fundamentado en cuatro pilares esenciales: la libertad, el pluralismo, la inclusi\u00f3n y la independencia. P\u00e1gina10.com hace referencia a Nari\u00f1o como el d\u00e9cimo departamento creado en Colombia, despu\u00e9s de un proceso pol\u00edtico liderado por actores y actrices regionales con el fin de obtener la independencia y autonom\u00eda de nuestros territorios. Con la creaci\u00f3n de P\u00e1gina10.com se pretende abrir un escenario para el dialogo, la reflexi\u00f3n y el debate que se extienda a otras geograf\u00edas de Am\u00e9rica Latina y del planeta, en una apuesta por transformar colectivamente los desaf\u00edos de un mundo contempor\u00e1neo, m\u00e1s all\u00e1 de las fronteras impuestas.","url":"https:\/\/pagina10.com\/web\/author\/mcepeda\/"}]}},"_links":{"self":[{"href":"https:\/\/pagina10.com\/web\/wp-json\/wp\/v2\/posts\/18874","targetHints":{"allow":["GET"]}}],"collection":[{"href":"https:\/\/pagina10.com\/web\/wp-json\/wp\/v2\/posts"}],"about":[{"href":"https:\/\/pagina10.com\/web\/wp-json\/wp\/v2\/types\/post"}],"author":[{"embeddable":true,"href":"https:\/\/pagina10.com\/web\/wp-json\/wp\/v2\/users\/29"}],"replies":[{"embeddable":true,"href":"https:\/\/pagina10.com\/web\/wp-json\/wp\/v2\/comments?post=18874"}],"version-history":[{"count":0,"href":"https:\/\/pagina10.com\/web\/wp-json\/wp\/v2\/posts\/18874\/revisions"}],"wp:featuredmedia":[{"embeddable":true,"href":"https:\/\/pagina10.com\/web\/wp-json\/wp\/v2\/media\/18873"}],"wp:attachment":[{"href":"https:\/\/pagina10.com\/web\/wp-json\/wp\/v2\/media?parent=18874"}],"wp:term":[{"taxonomy":"category","embeddable":true,"href":"https:\/\/pagina10.com\/web\/wp-json\/wp\/v2\/categories?post=18874"},{"taxonomy":"post_tag","embeddable":true,"href":"https:\/\/pagina10.com\/web\/wp-json\/wp\/v2\/tags?post=18874"}],"curies":[{"name":"wp","href":"https:\/\/api.w.org\/{rel}","templated":true}]}}