{"id":18876,"date":"2015-12-11T03:03:43","date_gmt":"2015-12-11T03:03:43","guid":{"rendered":"https:\/\/pagina10.com\/web\/en-tumaco-plastico-reciclado-para-construir-casas-palafiticas\/"},"modified":"2015-12-11T03:03:43","modified_gmt":"2015-12-11T03:03:43","slug":"en-tumaco-plastico-reciclado-para-construir-casas-palafiticas","status":"publish","type":"post","link":"https:\/\/pagina10.com\/web\/en-tumaco-plastico-reciclado-para-construir-casas-palafiticas\/","title":{"rendered":"En Tumaco, pl\u00e1stico reciclado para construir casas palaf\u00edticas"},"content":{"rendered":"<p><img fetchpriority=\"high\" decoding=\"async\" class=\" size-full wp-image-18875\" src=\"https:\/\/pagina10.com\/web\/wp-content\/uploads\/2015\/12\/d2e802492d8db1b1eda5b614e2e30e12.jpg\" alt=\"\" width=\"1069\" height=\"665\" srcset=\"https:\/\/pagina10.com\/web\/wp-content\/uploads\/2015\/12\/d2e802492d8db1b1eda5b614e2e30e12.jpg 1069w, https:\/\/pagina10.com\/web\/wp-content\/uploads\/2015\/12\/d2e802492d8db1b1eda5b614e2e30e12-300x187.jpg 300w, https:\/\/pagina10.com\/web\/wp-content\/uploads\/2015\/12\/d2e802492d8db1b1eda5b614e2e30e12-1024x637.jpg 1024w, https:\/\/pagina10.com\/web\/wp-content\/uploads\/2015\/12\/d2e802492d8db1b1eda5b614e2e30e12-768x478.jpg 768w\" sizes=\"(max-width: 1069px) 100vw, 1069px\" \/><\/p>\n<div style=\"text-align: justify;\">Estudiantes de primer semestre de Ingenier\u00eda de la U. N. Sede Tumaco recuperaron materiales de bajo costo, que podr\u00edan durar hasta 3.000 a\u00f1os.<\/div>\n<div style=\"text-align: justify;\">&nbsp;<\/div>\n<div style=\"text-align: justify;\">\n<p>Carol Yesenia Jim\u00e9nez, estudiante de primer semestre de Ingenier\u00eda Qu\u00edmica y perteneciente al Programa Especial de Admisi\u00f3n y Movilidad Acad\u00e9mica (Peama) de la Universidad Nacional de Colombia Sede Tumaco, explic\u00f3 que el proyecto formulado fue denominado \u201cPlanta transformadora de residuos s\u00f3lidos&nbsp;Tumaco Green Home\u201d o en espa\u00f1ol, Tumaco Hogar Verde.<\/p>\n<p>Aunque apenas comienzan su formaci\u00f3n profesional estos j\u00f3venes ya buscan c\u00f3mo aportar desde la academia al beneficio de Tumaco, la segunda ciudad m\u00e1s grande de la costa pac\u00edfica colombiana, con 171.300 habitantes asentados en una zona propensa a tsunamis.<\/p>\n<p>Su propuesta consiste en la producci\u00f3n de una especie de ladrillo para mejorar la vivienda de este municipio de Nari\u00f1o, por medio de la transformaci\u00f3n de residuos pl\u00e1sticos reciclados y de poliestireno expandido (Icopor).<\/p>\n<p>Steven Mendoza, tambi\u00e9n estudiante de Ingenier\u00eda Mec\u00e1nica de la Sede Tumaco, asegur\u00f3 que seg\u00fan la planta recicladora Tresol, en el relleno sanitario del municipio se vierten 30 toneladas de estos residuos diariamente, de ah\u00ed la importancia que cobra el proyecto.<\/p>\n<p>El proceso de transformaci\u00f3n de este material consiste en la recolecci\u00f3n de los elementos, lavado, selecci\u00f3n y triturado. Posteriormente, se pasa por la extrusora, una m\u00e1quina que funde el material, obteniendo as\u00ed una &nbsp;mezcla que es inyectada en moldes met\u00e1licos en forma de ladrillos de 30 x 10 cent\u00edmetros, llamados bloques CAX.<\/p>\n<p>Por su parte Yuliana Ram\u00edrez, estudiante de Ingenier\u00eda de Petr\u00f3leos de la Sede, afirm\u00f3 que la finalidad del proyecto es renovar la cantidad de casas que se encuentran en la zona palaf\u00edtica (casas sobre madera en el mar), y reubicarlas en zonas firmes.<\/p>\n<p>Seg\u00fan la estudiante, el trabajo muestra que la construcci\u00f3n de cada una de estas viviendas, de 36 metros cuadrados (dos habitaciones, sala, un ba\u00f1o y cocina), tendr\u00eda un costo de 15 millones de pesos y podr\u00edan ser construidas en tres d\u00edas.<\/p>\n<p>\u201cCon esto buscamos mejorar los factores ambientales, econ\u00f3micos y sociales de las personas que viven en riesgo, a orillas del mar. Adem\u00e1s,&nbsp; dignificar\u00eda la labor de los recuperadores\u201d, resalt\u00f3 Yuliana.<\/p>\n<p>Asimismo, explic\u00f3 que gracias a este material dichas casas son resistentes a la humedad, un factor importante en una zona tan c\u00e1lida, con una humedad relativa de 83.86 %.<\/p>\n<p>A diferencia de las viviendas de madera, que se deterioran f\u00e1cilmente, este material tendr\u00eda una vida \u00fatil de 3.000 a\u00f1os, seg\u00fan estudios previos.<\/p>\n<p>Tambi\u00e9n destac\u00f3 que dentro del proyecto incluyeron un sistema de pago, para que las personas aporten parte de sus casas con el material reciclado que recojan y lleven a la planta. \u201cEsta es una ventaja que se agrega a los auxilios que el Gobierno pueda entregar\u201d, asegur\u00f3 la estudiante.<\/p>\n<p>La idea es conseguir el apoyo gubernamental y de ONG, para continuar el proyecto. Se estima que el montaje de la planta transformadora de residuos pl\u00e1sticos tendr\u00eda un valor de 600 millones de pesos.<\/p>\n<p>Esta iniciativa fue escogida por la C\u00e1mara de Comercio de Tumaco como el mejor trabajo de la asignatura Introducci\u00f3n a la Ingenier\u00eda de la U.N.; por eso, estos estudiantes tuvieron la oportunidad de viajar a exponer los resultados en la Jornada de Proyectos y Trabajos de Estudiantes de Primer Semestre de la U.N., que se llev\u00f3 a cabo en la Sede Bogot\u00e1.<\/p>\n<\/p><\/div>\n<div style=\"text-align: justify;\">&nbsp;<\/div>\n","protected":false},"excerpt":{"rendered":"<p>Estudiantes de primer semestre de Ingenier\u00eda de la U. N. Sede Tumaco recuperaron materiales de bajo costo, que podr\u00edan durar hasta 3.000 a\u00f1os. &nbsp; Carol Yesenia Jim\u00e9nez, estudiante de primer semestre de Ingenier\u00eda Qu\u00edmica y perteneciente al Programa Especial de Admisi\u00f3n y Movilidad Acad\u00e9mica (Peama) de la Universidad Nacional de Colombia Sede Tumaco, explic\u00f3 que [&hellip;]<\/p>\n","protected":false},"author":29,"featured_media":18875,"comment_status":"open","ping_status":"open","sticky":false,"template":"","format":"standard","meta":{"footnotes":""},"categories":[1],"tags":[],"class_list":["post-18876","post","type-post","status-publish","format-standard","has-post-thumbnail","hentry","category-sin-categoria"],"yoast_head":"<!-- This site is optimized with the Yoast SEO plugin v27.1.1 - https:\/\/yoast.com\/product\/yoast-seo-wordpress\/ -->\n<title>En Tumaco, pl\u00e1stico reciclado para construir casas palaf\u00edticas | P\u00e1gina10<\/title>\n<meta name=\"robots\" content=\"index, follow, max-snippet:-1, max-image-preview:large, max-video-preview:-1\" \/>\n<link rel=\"canonical\" href=\"https:\/\/pagina10.com\/web\/en-tumaco-plastico-reciclado-para-construir-casas-palafiticas\/\" \/>\n<meta property=\"og:locale\" content=\"es_ES\" \/>\n<meta property=\"og:type\" content=\"article\" \/>\n<meta property=\"og:title\" content=\"En Tumaco, pl\u00e1stico reciclado para construir casas palaf\u00edticas | P\u00e1gina10\" \/>\n<meta property=\"og:description\" content=\"Estudiantes de primer semestre de Ingenier\u00eda de la U. N. Sede Tumaco recuperaron materiales de bajo costo, que podr\u00edan durar hasta 3.000 a\u00f1os. &nbsp; Carol Yesenia Jim\u00e9nez, estudiante de primer semestre de Ingenier\u00eda Qu\u00edmica y perteneciente al Programa Especial de Admisi\u00f3n y Movilidad Acad\u00e9mica (Peama) de la Universidad Nacional de Colombia Sede Tumaco, explic\u00f3 que [&hellip;]\" \/>\n<meta property=\"og:url\" content=\"https:\/\/pagina10.com\/web\/en-tumaco-plastico-reciclado-para-construir-casas-palafiticas\/\" \/>\n<meta property=\"og:site_name\" content=\"P\u00e1gina10\" \/>\n<meta property=\"article:publisher\" content=\"https:\/\/www.facebook.com\/pag10com\" \/>\n<meta property=\"article:published_time\" content=\"2015-12-11T03:03:43+00:00\" \/>\n<meta property=\"og:image\" content=\"https:\/\/pagina10.com\/web\/wp-content\/uploads\/2015\/12\/d2e802492d8db1b1eda5b614e2e30e12.jpg\" \/>\n\t<meta property=\"og:image:width\" content=\"1069\" \/>\n\t<meta property=\"og:image:height\" content=\"665\" \/>\n\t<meta property=\"og:image:type\" content=\"image\/jpeg\" \/>\n<meta name=\"author\" content=\"P\u00e1gina 10\" \/>\n<meta name=\"twitter:card\" content=\"summary_large_image\" \/>\n<meta name=\"twitter:creator\" content=\"@Pag10com\" \/>\n<meta name=\"twitter:site\" content=\"@Pag10com\" \/>\n<meta name=\"twitter:label1\" content=\"Escrito por\" \/>\n\t<meta name=\"twitter:data1\" content=\"P\u00e1gina 10\" \/>\n\t<meta name=\"twitter:label2\" content=\"Tiempo de lectura\" \/>\n\t<meta name=\"twitter:data2\" content=\"3 minutos\" \/>\n<script type=\"application\/ld+json\" class=\"yoast-schema-graph\">{\"@context\":\"https:\/\/schema.org\",\"@graph\":[{\"@type\":\"Article\",\"@id\":\"https:\/\/pagina10.com\/web\/en-tumaco-plastico-reciclado-para-construir-casas-palafiticas\/#article\",\"isPartOf\":{\"@id\":\"https:\/\/pagina10.com\/web\/en-tumaco-plastico-reciclado-para-construir-casas-palafiticas\/\"},\"author\":{\"name\":\"P\u00e1gina 10\",\"@id\":\"https:\/\/pagina10.com\/web\/#\/schema\/person\/a7a5d38f0629dfc107f619fbae4f6cc3\"},\"headline\":\"En Tumaco, pl\u00e1stico reciclado para construir casas palaf\u00edticas\",\"datePublished\":\"2015-12-11T03:03:43+00:00\",\"mainEntityOfPage\":{\"@id\":\"https:\/\/pagina10.com\/web\/en-tumaco-plastico-reciclado-para-construir-casas-palafiticas\/\"},\"wordCount\":608,\"commentCount\":0,\"publisher\":{\"@id\":\"https:\/\/pagina10.com\/web\/#organization\"},\"image\":{\"@id\":\"https:\/\/pagina10.com\/web\/en-tumaco-plastico-reciclado-para-construir-casas-palafiticas\/#primaryimage\"},\"thumbnailUrl\":\"https:\/\/pagina10.com\/web\/wp-content\/uploads\/2015\/12\/d2e802492d8db1b1eda5b614e2e30e12.jpg\",\"inLanguage\":\"es\",\"potentialAction\":[{\"@type\":\"CommentAction\",\"name\":\"Comment\",\"target\":[\"https:\/\/pagina10.com\/web\/en-tumaco-plastico-reciclado-para-construir-casas-palafiticas\/#respond\"]}]},{\"@type\":\"WebPage\",\"@id\":\"https:\/\/pagina10.com\/web\/en-tumaco-plastico-reciclado-para-construir-casas-palafiticas\/\",\"url\":\"https:\/\/pagina10.com\/web\/en-tumaco-plastico-reciclado-para-construir-casas-palafiticas\/\",\"name\":\"En Tumaco, pl\u00e1stico reciclado para construir casas palaf\u00edticas | P\u00e1gina10\",\"isPartOf\":{\"@id\":\"https:\/\/pagina10.com\/web\/#website\"},\"primaryImageOfPage\":{\"@id\":\"https:\/\/pagina10.com\/web\/en-tumaco-plastico-reciclado-para-construir-casas-palafiticas\/#primaryimage\"},\"image\":{\"@id\":\"https:\/\/pagina10.com\/web\/en-tumaco-plastico-reciclado-para-construir-casas-palafiticas\/#primaryimage\"},\"thumbnailUrl\":\"https:\/\/pagina10.com\/web\/wp-content\/uploads\/2015\/12\/d2e802492d8db1b1eda5b614e2e30e12.jpg\",\"datePublished\":\"2015-12-11T03:03:43+00:00\",\"breadcrumb\":{\"@id\":\"https:\/\/pagina10.com\/web\/en-tumaco-plastico-reciclado-para-construir-casas-palafiticas\/#breadcrumb\"},\"inLanguage\":\"es\",\"potentialAction\":[{\"@type\":\"ReadAction\",\"target\":[\"https:\/\/pagina10.com\/web\/en-tumaco-plastico-reciclado-para-construir-casas-palafiticas\/\"]}]},{\"@type\":\"ImageObject\",\"inLanguage\":\"es\",\"@id\":\"https:\/\/pagina10.com\/web\/en-tumaco-plastico-reciclado-para-construir-casas-palafiticas\/#primaryimage\",\"url\":\"https:\/\/pagina10.com\/web\/wp-content\/uploads\/2015\/12\/d2e802492d8db1b1eda5b614e2e30e12.jpg\",\"contentUrl\":\"https:\/\/pagina10.com\/web\/wp-content\/uploads\/2015\/12\/d2e802492d8db1b1eda5b614e2e30e12.jpg\",\"width\":1069,\"height\":665},{\"@type\":\"BreadcrumbList\",\"@id\":\"https:\/\/pagina10.com\/web\/en-tumaco-plastico-reciclado-para-construir-casas-palafiticas\/#breadcrumb\",\"itemListElement\":[{\"@type\":\"ListItem\",\"position\":1,\"name\":\"Portada\",\"item\":\"https:\/\/pagina10.com\/web\/\"},{\"@type\":\"ListItem\",\"position\":2,\"name\":\"En Tumaco, pl\u00e1stico reciclado para construir casas palaf\u00edticas\"}]},{\"@type\":\"WebSite\",\"@id\":\"https:\/\/pagina10.com\/web\/#website\",\"url\":\"https:\/\/pagina10.com\/web\/\",\"name\":\"P\u00e1gina10\",\"description\":\"Peri\u00f3dico Regional\",\"publisher\":{\"@id\":\"https:\/\/pagina10.com\/web\/#organization\"},\"alternateName\":\"P\u00e1gina10 Peri\u00f3dico Regional\",\"potentialAction\":[{\"@type\":\"SearchAction\",\"target\":{\"@type\":\"EntryPoint\",\"urlTemplate\":\"https:\/\/pagina10.com\/web\/?s={search_term_string}\"},\"query-input\":{\"@type\":\"PropertyValueSpecification\",\"valueRequired\":true,\"valueName\":\"search_term_string\"}}],\"inLanguage\":\"es\"},{\"@type\":\"Organization\",\"@id\":\"https:\/\/pagina10.com\/web\/#organization\",\"name\":\"P\u00e1gina10\",\"alternateName\":\"P\u00e1gina10 Peri\u00f3dico Regional\",\"url\":\"https:\/\/pagina10.com\/web\/\",\"logo\":{\"@type\":\"ImageObject\",\"inLanguage\":\"es\",\"@id\":\"https:\/\/pagina10.com\/web\/#\/schema\/logo\/image\/\",\"url\":\"https:\/\/pagina10.com\/web\/wp-content\/uploads\/2024\/01\/40-pagina-10-periodico-regional-pasto.jpg\",\"contentUrl\":\"https:\/\/pagina10.com\/web\/wp-content\/uploads\/2024\/01\/40-pagina-10-periodico-regional-pasto.jpg\",\"width\":1280,\"height\":720,\"caption\":\"P\u00e1gina10\"},\"image\":{\"@id\":\"https:\/\/pagina10.com\/web\/#\/schema\/logo\/image\/\"},\"sameAs\":[\"https:\/\/www.facebook.com\/pag10com\",\"https:\/\/x.com\/Pag10com\",\"https:\/\/www.instagram.com\/pagina10col\/\",\"https:\/\/youtube.com\/channel\/pag10\",\"https:\/\/www.tiktok.com\/@p10col\"]},{\"@type\":\"Person\",\"@id\":\"https:\/\/pagina10.com\/web\/#\/schema\/person\/a7a5d38f0629dfc107f619fbae4f6cc3\",\"name\":\"P\u00e1gina 10\",\"description\":\"P\u00e1gina10.com es un peri\u00f3dico digital que nace en Colombia, en el departamento de Nari\u00f1o, con un enfoque global, fundamentado en cuatro pilares esenciales: la libertad, el pluralismo, la inclusi\u00f3n y la independencia. P\u00e1gina10.com hace referencia a Nari\u00f1o como el d\u00e9cimo departamento creado en Colombia, despu\u00e9s de un proceso pol\u00edtico liderado por actores y actrices regionales con el fin de obtener la independencia y autonom\u00eda de nuestros territorios. Con la creaci\u00f3n de P\u00e1gina10.com se pretende abrir un escenario para el dialogo, la reflexi\u00f3n y el debate que se extienda a otras geograf\u00edas de Am\u00e9rica Latina y del planeta, en una apuesta por transformar colectivamente los desaf\u00edos de un mundo contempor\u00e1neo, m\u00e1s all\u00e1 de las fronteras impuestas.\",\"url\":\"https:\/\/pagina10.com\/web\/author\/mcepeda\/\"}]}<\/script>\n<!-- \/ Yoast SEO plugin. -->","yoast_head_json":{"title":"En Tumaco, pl\u00e1stico reciclado para construir casas palaf\u00edticas | P\u00e1gina10","robots":{"index":"index","follow":"follow","max-snippet":"max-snippet:-1","max-image-preview":"max-image-preview:large","max-video-preview":"max-video-preview:-1"},"canonical":"https:\/\/pagina10.com\/web\/en-tumaco-plastico-reciclado-para-construir-casas-palafiticas\/","og_locale":"es_ES","og_type":"article","og_title":"En Tumaco, pl\u00e1stico reciclado para construir casas palaf\u00edticas | P\u00e1gina10","og_description":"Estudiantes de primer semestre de Ingenier\u00eda de la U. N. Sede Tumaco recuperaron materiales de bajo costo, que podr\u00edan durar hasta 3.000 a\u00f1os. &nbsp; Carol Yesenia Jim\u00e9nez, estudiante de primer semestre de Ingenier\u00eda Qu\u00edmica y perteneciente al Programa Especial de Admisi\u00f3n y Movilidad Acad\u00e9mica (Peama) de la Universidad Nacional de Colombia Sede Tumaco, explic\u00f3 que [&hellip;]","og_url":"https:\/\/pagina10.com\/web\/en-tumaco-plastico-reciclado-para-construir-casas-palafiticas\/","og_site_name":"P\u00e1gina10","article_publisher":"https:\/\/www.facebook.com\/pag10com","article_published_time":"2015-12-11T03:03:43+00:00","og_image":[{"width":1069,"height":665,"url":"https:\/\/pagina10.com\/web\/wp-content\/uploads\/2015\/12\/d2e802492d8db1b1eda5b614e2e30e12.jpg","type":"image\/jpeg"}],"author":"P\u00e1gina 10","twitter_card":"summary_large_image","twitter_creator":"@Pag10com","twitter_site":"@Pag10com","twitter_misc":{"Escrito por":"P\u00e1gina 10","Tiempo de lectura":"3 minutos"},"schema":{"@context":"https:\/\/schema.org","@graph":[{"@type":"Article","@id":"https:\/\/pagina10.com\/web\/en-tumaco-plastico-reciclado-para-construir-casas-palafiticas\/#article","isPartOf":{"@id":"https:\/\/pagina10.com\/web\/en-tumaco-plastico-reciclado-para-construir-casas-palafiticas\/"},"author":{"name":"P\u00e1gina 10","@id":"https:\/\/pagina10.com\/web\/#\/schema\/person\/a7a5d38f0629dfc107f619fbae4f6cc3"},"headline":"En Tumaco, pl\u00e1stico reciclado para construir casas palaf\u00edticas","datePublished":"2015-12-11T03:03:43+00:00","mainEntityOfPage":{"@id":"https:\/\/pagina10.com\/web\/en-tumaco-plastico-reciclado-para-construir-casas-palafiticas\/"},"wordCount":608,"commentCount":0,"publisher":{"@id":"https:\/\/pagina10.com\/web\/#organization"},"image":{"@id":"https:\/\/pagina10.com\/web\/en-tumaco-plastico-reciclado-para-construir-casas-palafiticas\/#primaryimage"},"thumbnailUrl":"https:\/\/pagina10.com\/web\/wp-content\/uploads\/2015\/12\/d2e802492d8db1b1eda5b614e2e30e12.jpg","inLanguage":"es","potentialAction":[{"@type":"CommentAction","name":"Comment","target":["https:\/\/pagina10.com\/web\/en-tumaco-plastico-reciclado-para-construir-casas-palafiticas\/#respond"]}]},{"@type":"WebPage","@id":"https:\/\/pagina10.com\/web\/en-tumaco-plastico-reciclado-para-construir-casas-palafiticas\/","url":"https:\/\/pagina10.com\/web\/en-tumaco-plastico-reciclado-para-construir-casas-palafiticas\/","name":"En Tumaco, pl\u00e1stico reciclado para construir casas palaf\u00edticas | P\u00e1gina10","isPartOf":{"@id":"https:\/\/pagina10.com\/web\/#website"},"primaryImageOfPage":{"@id":"https:\/\/pagina10.com\/web\/en-tumaco-plastico-reciclado-para-construir-casas-palafiticas\/#primaryimage"},"image":{"@id":"https:\/\/pagina10.com\/web\/en-tumaco-plastico-reciclado-para-construir-casas-palafiticas\/#primaryimage"},"thumbnailUrl":"https:\/\/pagina10.com\/web\/wp-content\/uploads\/2015\/12\/d2e802492d8db1b1eda5b614e2e30e12.jpg","datePublished":"2015-12-11T03:03:43+00:00","breadcrumb":{"@id":"https:\/\/pagina10.com\/web\/en-tumaco-plastico-reciclado-para-construir-casas-palafiticas\/#breadcrumb"},"inLanguage":"es","potentialAction":[{"@type":"ReadAction","target":["https:\/\/pagina10.com\/web\/en-tumaco-plastico-reciclado-para-construir-casas-palafiticas\/"]}]},{"@type":"ImageObject","inLanguage":"es","@id":"https:\/\/pagina10.com\/web\/en-tumaco-plastico-reciclado-para-construir-casas-palafiticas\/#primaryimage","url":"https:\/\/pagina10.com\/web\/wp-content\/uploads\/2015\/12\/d2e802492d8db1b1eda5b614e2e30e12.jpg","contentUrl":"https:\/\/pagina10.com\/web\/wp-content\/uploads\/2015\/12\/d2e802492d8db1b1eda5b614e2e30e12.jpg","width":1069,"height":665},{"@type":"BreadcrumbList","@id":"https:\/\/pagina10.com\/web\/en-tumaco-plastico-reciclado-para-construir-casas-palafiticas\/#breadcrumb","itemListElement":[{"@type":"ListItem","position":1,"name":"Portada","item":"https:\/\/pagina10.com\/web\/"},{"@type":"ListItem","position":2,"name":"En Tumaco, pl\u00e1stico reciclado para construir casas palaf\u00edticas"}]},{"@type":"WebSite","@id":"https:\/\/pagina10.com\/web\/#website","url":"https:\/\/pagina10.com\/web\/","name":"P\u00e1gina10","description":"Peri\u00f3dico Regional","publisher":{"@id":"https:\/\/pagina10.com\/web\/#organization"},"alternateName":"P\u00e1gina10 Peri\u00f3dico Regional","potentialAction":[{"@type":"SearchAction","target":{"@type":"EntryPoint","urlTemplate":"https:\/\/pagina10.com\/web\/?s={search_term_string}"},"query-input":{"@type":"PropertyValueSpecification","valueRequired":true,"valueName":"search_term_string"}}],"inLanguage":"es"},{"@type":"Organization","@id":"https:\/\/pagina10.com\/web\/#organization","name":"P\u00e1gina10","alternateName":"P\u00e1gina10 Peri\u00f3dico Regional","url":"https:\/\/pagina10.com\/web\/","logo":{"@type":"ImageObject","inLanguage":"es","@id":"https:\/\/pagina10.com\/web\/#\/schema\/logo\/image\/","url":"https:\/\/pagina10.com\/web\/wp-content\/uploads\/2024\/01\/40-pagina-10-periodico-regional-pasto.jpg","contentUrl":"https:\/\/pagina10.com\/web\/wp-content\/uploads\/2024\/01\/40-pagina-10-periodico-regional-pasto.jpg","width":1280,"height":720,"caption":"P\u00e1gina10"},"image":{"@id":"https:\/\/pagina10.com\/web\/#\/schema\/logo\/image\/"},"sameAs":["https:\/\/www.facebook.com\/pag10com","https:\/\/x.com\/Pag10com","https:\/\/www.instagram.com\/pagina10col\/","https:\/\/youtube.com\/channel\/pag10","https:\/\/www.tiktok.com\/@p10col"]},{"@type":"Person","@id":"https:\/\/pagina10.com\/web\/#\/schema\/person\/a7a5d38f0629dfc107f619fbae4f6cc3","name":"P\u00e1gina 10","description":"P\u00e1gina10.com es un peri\u00f3dico digital que nace en Colombia, en el departamento de Nari\u00f1o, con un enfoque global, fundamentado en cuatro pilares esenciales: la libertad, el pluralismo, la inclusi\u00f3n y la independencia. P\u00e1gina10.com hace referencia a Nari\u00f1o como el d\u00e9cimo departamento creado en Colombia, despu\u00e9s de un proceso pol\u00edtico liderado por actores y actrices regionales con el fin de obtener la independencia y autonom\u00eda de nuestros territorios. Con la creaci\u00f3n de P\u00e1gina10.com se pretende abrir un escenario para el dialogo, la reflexi\u00f3n y el debate que se extienda a otras geograf\u00edas de Am\u00e9rica Latina y del planeta, en una apuesta por transformar colectivamente los desaf\u00edos de un mundo contempor\u00e1neo, m\u00e1s all\u00e1 de las fronteras impuestas.","url":"https:\/\/pagina10.com\/web\/author\/mcepeda\/"}]}},"_links":{"self":[{"href":"https:\/\/pagina10.com\/web\/wp-json\/wp\/v2\/posts\/18876","targetHints":{"allow":["GET"]}}],"collection":[{"href":"https:\/\/pagina10.com\/web\/wp-json\/wp\/v2\/posts"}],"about":[{"href":"https:\/\/pagina10.com\/web\/wp-json\/wp\/v2\/types\/post"}],"author":[{"embeddable":true,"href":"https:\/\/pagina10.com\/web\/wp-json\/wp\/v2\/users\/29"}],"replies":[{"embeddable":true,"href":"https:\/\/pagina10.com\/web\/wp-json\/wp\/v2\/comments?post=18876"}],"version-history":[{"count":0,"href":"https:\/\/pagina10.com\/web\/wp-json\/wp\/v2\/posts\/18876\/revisions"}],"wp:featuredmedia":[{"embeddable":true,"href":"https:\/\/pagina10.com\/web\/wp-json\/wp\/v2\/media\/18875"}],"wp:attachment":[{"href":"https:\/\/pagina10.com\/web\/wp-json\/wp\/v2\/media?parent=18876"}],"wp:term":[{"taxonomy":"category","embeddable":true,"href":"https:\/\/pagina10.com\/web\/wp-json\/wp\/v2\/categories?post=18876"},{"taxonomy":"post_tag","embeddable":true,"href":"https:\/\/pagina10.com\/web\/wp-json\/wp\/v2\/tags?post=18876"}],"curies":[{"name":"wp","href":"https:\/\/api.w.org\/{rel}","templated":true}]}}