{"id":18878,"date":"2015-12-11T16:11:52","date_gmt":"2015-12-11T16:11:52","guid":{"rendered":"https:\/\/pagina10.com\/web\/narino-gana-premio-mejores-regalias-invertidas\/"},"modified":"2015-12-11T16:11:52","modified_gmt":"2015-12-11T16:11:52","slug":"narino-gana-premio-mejores-regalias-invertidas","status":"publish","type":"post","link":"https:\/\/pagina10.com\/web\/narino-gana-premio-mejores-regalias-invertidas\/","title":{"rendered":"Nari\u00f1o gana premio \u201cMejores Regal\u00edas Invertidas&#8221;"},"content":{"rendered":"<p><img fetchpriority=\"high\" decoding=\"async\" class=\" size-full wp-image-18877\" src=\"https:\/\/pagina10.com\/web\/wp-content\/uploads\/2015\/12\/37b4496d97100d1046a0c96928c3b096.jpg\" alt=\"\" width=\"960\" height=\"720\" srcset=\"https:\/\/pagina10.com\/web\/wp-content\/uploads\/2015\/12\/37b4496d97100d1046a0c96928c3b096.jpg 960w, https:\/\/pagina10.com\/web\/wp-content\/uploads\/2015\/12\/37b4496d97100d1046a0c96928c3b096-300x225.jpg 300w, https:\/\/pagina10.com\/web\/wp-content\/uploads\/2015\/12\/37b4496d97100d1046a0c96928c3b096-768x576.jpg 768w, https:\/\/pagina10.com\/web\/wp-content\/uploads\/2015\/12\/37b4496d97100d1046a0c96928c3b096-86x64.jpg 86w\" sizes=\"(max-width: 960px) 100vw, 960px\" \/><\/p>\n<p style=\"text-align: justify;\">Dentro de la estrategia del Departamento Nacional de Planeaci\u00f3n \u201cMejores Regal\u00edas Invertidas, Nari\u00f1o, obtiene el primer puesto en la categor\u00eda de Participaci\u00f3n de la Sociedad civil, por el proyecto de construcci\u00f3n de la Sede de la Universidad de Nari\u00f1o en T\u00faquerres<\/p>\n<p style=\"text-align: justify;\">&nbsp;Con gran satisfacci\u00f3n el Gobernador de Nari\u00f1o recibi\u00f3 ayer la notificaci\u00f3n del Departamento Nacional de Planeaci\u00f3n-DNP-, que le otorga al Departamento de Nari\u00f1o el primer puesto en la categor\u00eda de Participaci\u00f3n de la Sociedad civil, por el proyecto de construcci\u00f3n de la Sede de la Universidad de Nari\u00f1o en T\u00faquerres.<\/p>\n<div style=\"text-align: justify;\">\n<p>Las nuevas instalaciones de la Udenar en T\u00faquerres, tienen una inversi\u00f3n que alcanza los $2.600 millones, cofinanciados por la Gobernaci\u00f3n de Nari\u00f1o con recursos del Sistema General de Regal\u00edas Departamental y la Udenar, dentro del proyecto de construcci\u00f3n de infraestructura para el mejoramiento de la formaci\u00f3n acad\u00e9mica investigativa y de proyecci\u00f3n social.<\/p>\n<p>Esta iniciativa que desde el primer trimestre del a\u00f1o 2015, hab\u00eda sido preseleccionada entre los mejores 11 proyectos de Colombia en el concurso Nacional &#8220;Incursionando en el SGR&#8221; por el equipo de buenas pr\u00e1cticas del DNP, cuenta con 1.319 metros cuadrados, distribuidos en cuatro pisos para \u00e1reas de aulas acad\u00e9micas, investigaci\u00f3n y proyecci\u00f3n social, biblioteca, consultorios m\u00e9dicos y laboratorios.<\/p>\n<p>Nari\u00f1o, igualmente est\u00e1 nominado dentro de los cinco departamentos que mejor han invertido las regal\u00edas, y el resultado de esta postulaci\u00f3n se conocer\u00e1 el pr\u00f3ximo lunes 14 de diciembre en Bogot\u00e1, en evento organizado por el Departamento Nacional de Planeaci\u00f3n, DNP, y que cuenta con jurados como la Universidad del Rosario y el Pnud.<\/p>\n<\/p><\/div>\n","protected":false},"excerpt":{"rendered":"<p>Dentro de la estrategia del Departamento Nacional de Planeaci\u00f3n \u201cMejores Regal\u00edas Invertidas, Nari\u00f1o, obtiene el primer puesto en la categor\u00eda de Participaci\u00f3n de la Sociedad civil, por el proyecto de construcci\u00f3n de la Sede de la Universidad de Nari\u00f1o en T\u00faquerres &nbsp;Con gran satisfacci\u00f3n el Gobernador de Nari\u00f1o recibi\u00f3 ayer la notificaci\u00f3n del Departamento Nacional [&hellip;]<\/p>\n","protected":false},"author":29,"featured_media":18877,"comment_status":"open","ping_status":"open","sticky":false,"template":"","format":"standard","meta":{"footnotes":""},"categories":[1],"tags":[],"class_list":["post-18878","post","type-post","status-publish","format-standard","has-post-thumbnail","hentry","category-sin-categoria"],"yoast_head":"<!-- This site is optimized with the Yoast SEO plugin v27.1.1 - https:\/\/yoast.com\/product\/yoast-seo-wordpress\/ -->\n<title>Nari\u00f1o gana premio \u201cMejores Regal\u00edas Invertidas&quot; | P\u00e1gina10<\/title>\n<meta name=\"robots\" content=\"index, follow, max-snippet:-1, max-image-preview:large, max-video-preview:-1\" \/>\n<link rel=\"canonical\" href=\"https:\/\/pagina10.com\/web\/narino-gana-premio-mejores-regalias-invertidas\/\" \/>\n<meta property=\"og:locale\" content=\"es_ES\" \/>\n<meta property=\"og:type\" content=\"article\" \/>\n<meta property=\"og:title\" content=\"Nari\u00f1o gana premio \u201cMejores Regal\u00edas Invertidas&quot; | P\u00e1gina10\" \/>\n<meta property=\"og:description\" content=\"Dentro de la estrategia del Departamento Nacional de Planeaci\u00f3n \u201cMejores Regal\u00edas Invertidas, Nari\u00f1o, obtiene el primer puesto en la categor\u00eda de Participaci\u00f3n de la Sociedad civil, por el proyecto de construcci\u00f3n de la Sede de la Universidad de Nari\u00f1o en T\u00faquerres &nbsp;Con gran satisfacci\u00f3n el Gobernador de Nari\u00f1o recibi\u00f3 ayer la notificaci\u00f3n del Departamento Nacional [&hellip;]\" \/>\n<meta property=\"og:url\" content=\"https:\/\/pagina10.com\/web\/narino-gana-premio-mejores-regalias-invertidas\/\" \/>\n<meta property=\"og:site_name\" content=\"P\u00e1gina10\" \/>\n<meta property=\"article:publisher\" content=\"https:\/\/www.facebook.com\/pag10com\" \/>\n<meta property=\"article:published_time\" content=\"2015-12-11T16:11:52+00:00\" \/>\n<meta property=\"og:image\" content=\"https:\/\/pagina10.com\/web\/wp-content\/uploads\/2015\/12\/37b4496d97100d1046a0c96928c3b096.jpg\" \/>\n\t<meta property=\"og:image:width\" content=\"960\" \/>\n\t<meta property=\"og:image:height\" content=\"720\" \/>\n\t<meta property=\"og:image:type\" content=\"image\/jpeg\" \/>\n<meta name=\"author\" content=\"P\u00e1gina 10\" \/>\n<meta name=\"twitter:card\" content=\"summary_large_image\" \/>\n<meta name=\"twitter:creator\" content=\"@Pag10com\" \/>\n<meta name=\"twitter:site\" content=\"@Pag10com\" \/>\n<meta name=\"twitter:label1\" content=\"Escrito por\" \/>\n\t<meta name=\"twitter:data1\" content=\"P\u00e1gina 10\" \/>\n\t<meta name=\"twitter:label2\" content=\"Tiempo de lectura\" \/>\n\t<meta name=\"twitter:data2\" content=\"1 minuto\" \/>\n<script type=\"application\/ld+json\" class=\"yoast-schema-graph\">{\"@context\":\"https:\/\/schema.org\",\"@graph\":[{\"@type\":\"Article\",\"@id\":\"https:\/\/pagina10.com\/web\/narino-gana-premio-mejores-regalias-invertidas\/#article\",\"isPartOf\":{\"@id\":\"https:\/\/pagina10.com\/web\/narino-gana-premio-mejores-regalias-invertidas\/\"},\"author\":{\"name\":\"P\u00e1gina 10\",\"@id\":\"https:\/\/pagina10.com\/web\/#\/schema\/person\/a7a5d38f0629dfc107f619fbae4f6cc3\"},\"headline\":\"Nari\u00f1o gana premio \u201cMejores Regal\u00edas Invertidas&#8221;\",\"datePublished\":\"2015-12-11T16:11:52+00:00\",\"mainEntityOfPage\":{\"@id\":\"https:\/\/pagina10.com\/web\/narino-gana-premio-mejores-regalias-invertidas\/\"},\"wordCount\":299,\"commentCount\":0,\"publisher\":{\"@id\":\"https:\/\/pagina10.com\/web\/#organization\"},\"image\":{\"@id\":\"https:\/\/pagina10.com\/web\/narino-gana-premio-mejores-regalias-invertidas\/#primaryimage\"},\"thumbnailUrl\":\"https:\/\/pagina10.com\/web\/wp-content\/uploads\/2015\/12\/37b4496d97100d1046a0c96928c3b096.jpg\",\"inLanguage\":\"es\",\"potentialAction\":[{\"@type\":\"CommentAction\",\"name\":\"Comment\",\"target\":[\"https:\/\/pagina10.com\/web\/narino-gana-premio-mejores-regalias-invertidas\/#respond\"]}]},{\"@type\":\"WebPage\",\"@id\":\"https:\/\/pagina10.com\/web\/narino-gana-premio-mejores-regalias-invertidas\/\",\"url\":\"https:\/\/pagina10.com\/web\/narino-gana-premio-mejores-regalias-invertidas\/\",\"name\":\"Nari\u00f1o gana premio \u201cMejores Regal\u00edas Invertidas\\\" | P\u00e1gina10\",\"isPartOf\":{\"@id\":\"https:\/\/pagina10.com\/web\/#website\"},\"primaryImageOfPage\":{\"@id\":\"https:\/\/pagina10.com\/web\/narino-gana-premio-mejores-regalias-invertidas\/#primaryimage\"},\"image\":{\"@id\":\"https:\/\/pagina10.com\/web\/narino-gana-premio-mejores-regalias-invertidas\/#primaryimage\"},\"thumbnailUrl\":\"https:\/\/pagina10.com\/web\/wp-content\/uploads\/2015\/12\/37b4496d97100d1046a0c96928c3b096.jpg\",\"datePublished\":\"2015-12-11T16:11:52+00:00\",\"breadcrumb\":{\"@id\":\"https:\/\/pagina10.com\/web\/narino-gana-premio-mejores-regalias-invertidas\/#breadcrumb\"},\"inLanguage\":\"es\",\"potentialAction\":[{\"@type\":\"ReadAction\",\"target\":[\"https:\/\/pagina10.com\/web\/narino-gana-premio-mejores-regalias-invertidas\/\"]}]},{\"@type\":\"ImageObject\",\"inLanguage\":\"es\",\"@id\":\"https:\/\/pagina10.com\/web\/narino-gana-premio-mejores-regalias-invertidas\/#primaryimage\",\"url\":\"https:\/\/pagina10.com\/web\/wp-content\/uploads\/2015\/12\/37b4496d97100d1046a0c96928c3b096.jpg\",\"contentUrl\":\"https:\/\/pagina10.com\/web\/wp-content\/uploads\/2015\/12\/37b4496d97100d1046a0c96928c3b096.jpg\",\"width\":960,\"height\":720},{\"@type\":\"BreadcrumbList\",\"@id\":\"https:\/\/pagina10.com\/web\/narino-gana-premio-mejores-regalias-invertidas\/#breadcrumb\",\"itemListElement\":[{\"@type\":\"ListItem\",\"position\":1,\"name\":\"Portada\",\"item\":\"https:\/\/pagina10.com\/web\/\"},{\"@type\":\"ListItem\",\"position\":2,\"name\":\"Nari\u00f1o gana premio \u201cMejores Regal\u00edas Invertidas&#8221;\"}]},{\"@type\":\"WebSite\",\"@id\":\"https:\/\/pagina10.com\/web\/#website\",\"url\":\"https:\/\/pagina10.com\/web\/\",\"name\":\"P\u00e1gina10\",\"description\":\"Peri\u00f3dico Regional\",\"publisher\":{\"@id\":\"https:\/\/pagina10.com\/web\/#organization\"},\"alternateName\":\"P\u00e1gina10 Peri\u00f3dico Regional\",\"potentialAction\":[{\"@type\":\"SearchAction\",\"target\":{\"@type\":\"EntryPoint\",\"urlTemplate\":\"https:\/\/pagina10.com\/web\/?s={search_term_string}\"},\"query-input\":{\"@type\":\"PropertyValueSpecification\",\"valueRequired\":true,\"valueName\":\"search_term_string\"}}],\"inLanguage\":\"es\"},{\"@type\":\"Organization\",\"@id\":\"https:\/\/pagina10.com\/web\/#organization\",\"name\":\"P\u00e1gina10\",\"alternateName\":\"P\u00e1gina10 Peri\u00f3dico Regional\",\"url\":\"https:\/\/pagina10.com\/web\/\",\"logo\":{\"@type\":\"ImageObject\",\"inLanguage\":\"es\",\"@id\":\"https:\/\/pagina10.com\/web\/#\/schema\/logo\/image\/\",\"url\":\"https:\/\/pagina10.com\/web\/wp-content\/uploads\/2024\/01\/40-pagina-10-periodico-regional-pasto.jpg\",\"contentUrl\":\"https:\/\/pagina10.com\/web\/wp-content\/uploads\/2024\/01\/40-pagina-10-periodico-regional-pasto.jpg\",\"width\":1280,\"height\":720,\"caption\":\"P\u00e1gina10\"},\"image\":{\"@id\":\"https:\/\/pagina10.com\/web\/#\/schema\/logo\/image\/\"},\"sameAs\":[\"https:\/\/www.facebook.com\/pag10com\",\"https:\/\/x.com\/Pag10com\",\"https:\/\/www.instagram.com\/pagina10col\/\",\"https:\/\/youtube.com\/channel\/pag10\",\"https:\/\/www.tiktok.com\/@p10col\"]},{\"@type\":\"Person\",\"@id\":\"https:\/\/pagina10.com\/web\/#\/schema\/person\/a7a5d38f0629dfc107f619fbae4f6cc3\",\"name\":\"P\u00e1gina 10\",\"description\":\"P\u00e1gina10.com es un peri\u00f3dico digital que nace en Colombia, en el departamento de Nari\u00f1o, con un enfoque global, fundamentado en cuatro pilares esenciales: la libertad, el pluralismo, la inclusi\u00f3n y la independencia. P\u00e1gina10.com hace referencia a Nari\u00f1o como el d\u00e9cimo departamento creado en Colombia, despu\u00e9s de un proceso pol\u00edtico liderado por actores y actrices regionales con el fin de obtener la independencia y autonom\u00eda de nuestros territorios. Con la creaci\u00f3n de P\u00e1gina10.com se pretende abrir un escenario para el dialogo, la reflexi\u00f3n y el debate que se extienda a otras geograf\u00edas de Am\u00e9rica Latina y del planeta, en una apuesta por transformar colectivamente los desaf\u00edos de un mundo contempor\u00e1neo, m\u00e1s all\u00e1 de las fronteras impuestas.\",\"url\":\"https:\/\/pagina10.com\/web\/author\/mcepeda\/\"}]}<\/script>\n<!-- \/ Yoast SEO plugin. -->","yoast_head_json":{"title":"Nari\u00f1o gana premio \u201cMejores Regal\u00edas Invertidas\" | P\u00e1gina10","robots":{"index":"index","follow":"follow","max-snippet":"max-snippet:-1","max-image-preview":"max-image-preview:large","max-video-preview":"max-video-preview:-1"},"canonical":"https:\/\/pagina10.com\/web\/narino-gana-premio-mejores-regalias-invertidas\/","og_locale":"es_ES","og_type":"article","og_title":"Nari\u00f1o gana premio \u201cMejores Regal\u00edas Invertidas\" | P\u00e1gina10","og_description":"Dentro de la estrategia del Departamento Nacional de Planeaci\u00f3n \u201cMejores Regal\u00edas Invertidas, Nari\u00f1o, obtiene el primer puesto en la categor\u00eda de Participaci\u00f3n de la Sociedad civil, por el proyecto de construcci\u00f3n de la Sede de la Universidad de Nari\u00f1o en T\u00faquerres &nbsp;Con gran satisfacci\u00f3n el Gobernador de Nari\u00f1o recibi\u00f3 ayer la notificaci\u00f3n del Departamento Nacional [&hellip;]","og_url":"https:\/\/pagina10.com\/web\/narino-gana-premio-mejores-regalias-invertidas\/","og_site_name":"P\u00e1gina10","article_publisher":"https:\/\/www.facebook.com\/pag10com","article_published_time":"2015-12-11T16:11:52+00:00","og_image":[{"width":960,"height":720,"url":"https:\/\/pagina10.com\/web\/wp-content\/uploads\/2015\/12\/37b4496d97100d1046a0c96928c3b096.jpg","type":"image\/jpeg"}],"author":"P\u00e1gina 10","twitter_card":"summary_large_image","twitter_creator":"@Pag10com","twitter_site":"@Pag10com","twitter_misc":{"Escrito por":"P\u00e1gina 10","Tiempo de lectura":"1 minuto"},"schema":{"@context":"https:\/\/schema.org","@graph":[{"@type":"Article","@id":"https:\/\/pagina10.com\/web\/narino-gana-premio-mejores-regalias-invertidas\/#article","isPartOf":{"@id":"https:\/\/pagina10.com\/web\/narino-gana-premio-mejores-regalias-invertidas\/"},"author":{"name":"P\u00e1gina 10","@id":"https:\/\/pagina10.com\/web\/#\/schema\/person\/a7a5d38f0629dfc107f619fbae4f6cc3"},"headline":"Nari\u00f1o gana premio \u201cMejores Regal\u00edas Invertidas&#8221;","datePublished":"2015-12-11T16:11:52+00:00","mainEntityOfPage":{"@id":"https:\/\/pagina10.com\/web\/narino-gana-premio-mejores-regalias-invertidas\/"},"wordCount":299,"commentCount":0,"publisher":{"@id":"https:\/\/pagina10.com\/web\/#organization"},"image":{"@id":"https:\/\/pagina10.com\/web\/narino-gana-premio-mejores-regalias-invertidas\/#primaryimage"},"thumbnailUrl":"https:\/\/pagina10.com\/web\/wp-content\/uploads\/2015\/12\/37b4496d97100d1046a0c96928c3b096.jpg","inLanguage":"es","potentialAction":[{"@type":"CommentAction","name":"Comment","target":["https:\/\/pagina10.com\/web\/narino-gana-premio-mejores-regalias-invertidas\/#respond"]}]},{"@type":"WebPage","@id":"https:\/\/pagina10.com\/web\/narino-gana-premio-mejores-regalias-invertidas\/","url":"https:\/\/pagina10.com\/web\/narino-gana-premio-mejores-regalias-invertidas\/","name":"Nari\u00f1o gana premio \u201cMejores Regal\u00edas Invertidas\" | P\u00e1gina10","isPartOf":{"@id":"https:\/\/pagina10.com\/web\/#website"},"primaryImageOfPage":{"@id":"https:\/\/pagina10.com\/web\/narino-gana-premio-mejores-regalias-invertidas\/#primaryimage"},"image":{"@id":"https:\/\/pagina10.com\/web\/narino-gana-premio-mejores-regalias-invertidas\/#primaryimage"},"thumbnailUrl":"https:\/\/pagina10.com\/web\/wp-content\/uploads\/2015\/12\/37b4496d97100d1046a0c96928c3b096.jpg","datePublished":"2015-12-11T16:11:52+00:00","breadcrumb":{"@id":"https:\/\/pagina10.com\/web\/narino-gana-premio-mejores-regalias-invertidas\/#breadcrumb"},"inLanguage":"es","potentialAction":[{"@type":"ReadAction","target":["https:\/\/pagina10.com\/web\/narino-gana-premio-mejores-regalias-invertidas\/"]}]},{"@type":"ImageObject","inLanguage":"es","@id":"https:\/\/pagina10.com\/web\/narino-gana-premio-mejores-regalias-invertidas\/#primaryimage","url":"https:\/\/pagina10.com\/web\/wp-content\/uploads\/2015\/12\/37b4496d97100d1046a0c96928c3b096.jpg","contentUrl":"https:\/\/pagina10.com\/web\/wp-content\/uploads\/2015\/12\/37b4496d97100d1046a0c96928c3b096.jpg","width":960,"height":720},{"@type":"BreadcrumbList","@id":"https:\/\/pagina10.com\/web\/narino-gana-premio-mejores-regalias-invertidas\/#breadcrumb","itemListElement":[{"@type":"ListItem","position":1,"name":"Portada","item":"https:\/\/pagina10.com\/web\/"},{"@type":"ListItem","position":2,"name":"Nari\u00f1o gana premio \u201cMejores Regal\u00edas Invertidas&#8221;"}]},{"@type":"WebSite","@id":"https:\/\/pagina10.com\/web\/#website","url":"https:\/\/pagina10.com\/web\/","name":"P\u00e1gina10","description":"Peri\u00f3dico Regional","publisher":{"@id":"https:\/\/pagina10.com\/web\/#organization"},"alternateName":"P\u00e1gina10 Peri\u00f3dico Regional","potentialAction":[{"@type":"SearchAction","target":{"@type":"EntryPoint","urlTemplate":"https:\/\/pagina10.com\/web\/?s={search_term_string}"},"query-input":{"@type":"PropertyValueSpecification","valueRequired":true,"valueName":"search_term_string"}}],"inLanguage":"es"},{"@type":"Organization","@id":"https:\/\/pagina10.com\/web\/#organization","name":"P\u00e1gina10","alternateName":"P\u00e1gina10 Peri\u00f3dico Regional","url":"https:\/\/pagina10.com\/web\/","logo":{"@type":"ImageObject","inLanguage":"es","@id":"https:\/\/pagina10.com\/web\/#\/schema\/logo\/image\/","url":"https:\/\/pagina10.com\/web\/wp-content\/uploads\/2024\/01\/40-pagina-10-periodico-regional-pasto.jpg","contentUrl":"https:\/\/pagina10.com\/web\/wp-content\/uploads\/2024\/01\/40-pagina-10-periodico-regional-pasto.jpg","width":1280,"height":720,"caption":"P\u00e1gina10"},"image":{"@id":"https:\/\/pagina10.com\/web\/#\/schema\/logo\/image\/"},"sameAs":["https:\/\/www.facebook.com\/pag10com","https:\/\/x.com\/Pag10com","https:\/\/www.instagram.com\/pagina10col\/","https:\/\/youtube.com\/channel\/pag10","https:\/\/www.tiktok.com\/@p10col"]},{"@type":"Person","@id":"https:\/\/pagina10.com\/web\/#\/schema\/person\/a7a5d38f0629dfc107f619fbae4f6cc3","name":"P\u00e1gina 10","description":"P\u00e1gina10.com es un peri\u00f3dico digital que nace en Colombia, en el departamento de Nari\u00f1o, con un enfoque global, fundamentado en cuatro pilares esenciales: la libertad, el pluralismo, la inclusi\u00f3n y la independencia. P\u00e1gina10.com hace referencia a Nari\u00f1o como el d\u00e9cimo departamento creado en Colombia, despu\u00e9s de un proceso pol\u00edtico liderado por actores y actrices regionales con el fin de obtener la independencia y autonom\u00eda de nuestros territorios. Con la creaci\u00f3n de P\u00e1gina10.com se pretende abrir un escenario para el dialogo, la reflexi\u00f3n y el debate que se extienda a otras geograf\u00edas de Am\u00e9rica Latina y del planeta, en una apuesta por transformar colectivamente los desaf\u00edos de un mundo contempor\u00e1neo, m\u00e1s all\u00e1 de las fronteras impuestas.","url":"https:\/\/pagina10.com\/web\/author\/mcepeda\/"}]}},"_links":{"self":[{"href":"https:\/\/pagina10.com\/web\/wp-json\/wp\/v2\/posts\/18878","targetHints":{"allow":["GET"]}}],"collection":[{"href":"https:\/\/pagina10.com\/web\/wp-json\/wp\/v2\/posts"}],"about":[{"href":"https:\/\/pagina10.com\/web\/wp-json\/wp\/v2\/types\/post"}],"author":[{"embeddable":true,"href":"https:\/\/pagina10.com\/web\/wp-json\/wp\/v2\/users\/29"}],"replies":[{"embeddable":true,"href":"https:\/\/pagina10.com\/web\/wp-json\/wp\/v2\/comments?post=18878"}],"version-history":[{"count":0,"href":"https:\/\/pagina10.com\/web\/wp-json\/wp\/v2\/posts\/18878\/revisions"}],"wp:featuredmedia":[{"embeddable":true,"href":"https:\/\/pagina10.com\/web\/wp-json\/wp\/v2\/media\/18877"}],"wp:attachment":[{"href":"https:\/\/pagina10.com\/web\/wp-json\/wp\/v2\/media?parent=18878"}],"wp:term":[{"taxonomy":"category","embeddable":true,"href":"https:\/\/pagina10.com\/web\/wp-json\/wp\/v2\/categories?post=18878"},{"taxonomy":"post_tag","embeddable":true,"href":"https:\/\/pagina10.com\/web\/wp-json\/wp\/v2\/tags?post=18878"}],"curies":[{"name":"wp","href":"https:\/\/api.w.org\/{rel}","templated":true}]}}