{"id":18882,"date":"2015-12-11T16:31:01","date_gmt":"2015-12-11T16:31:01","guid":{"rendered":"https:\/\/pagina10.com\/web\/mincultura-te-invita-a-participar-contando-cual-es-tu-sitio-preferido-para-leer\/"},"modified":"2015-12-11T16:31:01","modified_gmt":"2015-12-11T16:31:01","slug":"mincultura-te-invita-a-participar-contando-cual-es-tu-sitio-preferido-para-leer","status":"publish","type":"post","link":"https:\/\/pagina10.com\/web\/mincultura-te-invita-a-participar-contando-cual-es-tu-sitio-preferido-para-leer\/","title":{"rendered":"Mincultura te invita a participar contando cu\u00e1l es tu sitio preferido para leer"},"content":{"rendered":"<p><img fetchpriority=\"high\" decoding=\"async\" class=\" size-full wp-image-18881\" src=\"https:\/\/pagina10.com\/web\/wp-content\/uploads\/2015\/12\/060cade415fc140372d9b1cd472e5846.jpg\" alt=\"\" width=\"457\" height=\"371\" srcset=\"https:\/\/pagina10.com\/web\/wp-content\/uploads\/2015\/12\/060cade415fc140372d9b1cd472e5846.jpg 457w, https:\/\/pagina10.com\/web\/wp-content\/uploads\/2015\/12\/060cade415fc140372d9b1cd472e5846-300x244.jpg 300w\" sizes=\"(max-width: 457px) 100vw, 457px\" \/><\/p>\n<p style=\"text-align: justify;\">El Ministerio de Cultura invita a que los ciudadanos suban videos en redes sociales de sus lugares inspiradores para leer. Quienes lo hagan ganar\u00e1n un premio sorpresa.<\/p>\n<p style=\"text-align: justify;\">\u200b\u200bSi te gusta leer en el parque, el bus, bajo un \u00e1rbol, en tu habitaci\u00f3n o hasta en la ba\u00f1era, el Ministerio de Cultura te invita a subir un video en redes sociales sobre tus lugares predilectos para leer y comentar c\u00f3mo es tu experiencia de lectura en ese espacio, invitando a otros a experimentar nuevos e inspiradores entornos para leer.<\/p>\n<p style=\"text-align: justify;\">Sube tu video desde tu lugar inspirador, comenta por qu\u00e9 es el mejor sitio para leer, a trav\u00e9s del hashtag #LugaresInspiradores, comp\u00e1rtelo en el muro de Facebook del Ministerio de Cultura y participa en esta caser\u00eda de lugares para la lectura. Con tu video y comentario ganar\u00e1s un premio sorpresa. \u00a1No te quedes sin participar!<\/p>\n","protected":false},"excerpt":{"rendered":"<p>El Ministerio de Cultura invita a que los ciudadanos suban videos en redes sociales de sus lugares inspiradores para leer. Quienes lo hagan ganar\u00e1n un premio sorpresa. \u200b\u200bSi te gusta leer en el parque, el bus, bajo un \u00e1rbol, en tu habitaci\u00f3n o hasta en la ba\u00f1era, el Ministerio de Cultura te invita a subir [&hellip;]<\/p>\n","protected":false},"author":29,"featured_media":18881,"comment_status":"open","ping_status":"open","sticky":false,"template":"","format":"standard","meta":{"footnotes":""},"categories":[1],"tags":[],"class_list":["post-18882","post","type-post","status-publish","format-standard","has-post-thumbnail","hentry","category-sin-categoria"],"yoast_head":"<!-- This site is optimized with the Yoast SEO plugin v27.1.1 - https:\/\/yoast.com\/product\/yoast-seo-wordpress\/ -->\n<title>Mincultura te invita a participar contando cu\u00e1l es tu sitio preferido para leer | P\u00e1gina10<\/title>\n<meta name=\"robots\" content=\"index, follow, max-snippet:-1, max-image-preview:large, max-video-preview:-1\" \/>\n<link rel=\"canonical\" href=\"https:\/\/pagina10.com\/web\/mincultura-te-invita-a-participar-contando-cual-es-tu-sitio-preferido-para-leer\/\" \/>\n<meta property=\"og:locale\" content=\"es_ES\" \/>\n<meta property=\"og:type\" content=\"article\" \/>\n<meta property=\"og:title\" content=\"Mincultura te invita a participar contando cu\u00e1l es tu sitio preferido para leer | P\u00e1gina10\" \/>\n<meta property=\"og:description\" content=\"El Ministerio de Cultura invita a que los ciudadanos suban videos en redes sociales de sus lugares inspiradores para leer. Quienes lo hagan ganar\u00e1n un premio sorpresa. \u200b\u200bSi te gusta leer en el parque, el bus, bajo un \u00e1rbol, en tu habitaci\u00f3n o hasta en la ba\u00f1era, el Ministerio de Cultura te invita a subir [&hellip;]\" \/>\n<meta property=\"og:url\" content=\"https:\/\/pagina10.com\/web\/mincultura-te-invita-a-participar-contando-cual-es-tu-sitio-preferido-para-leer\/\" \/>\n<meta property=\"og:site_name\" content=\"P\u00e1gina10\" \/>\n<meta property=\"article:publisher\" content=\"https:\/\/www.facebook.com\/pag10com\" \/>\n<meta property=\"article:published_time\" content=\"2015-12-11T16:31:01+00:00\" \/>\n<meta property=\"og:image\" content=\"https:\/\/pagina10.com\/web\/wp-content\/uploads\/2015\/12\/060cade415fc140372d9b1cd472e5846.jpg\" \/>\n\t<meta property=\"og:image:width\" content=\"457\" \/>\n\t<meta property=\"og:image:height\" content=\"371\" \/>\n\t<meta property=\"og:image:type\" content=\"image\/jpeg\" \/>\n<meta name=\"author\" content=\"P\u00e1gina 10\" \/>\n<meta name=\"twitter:card\" content=\"summary_large_image\" \/>\n<meta name=\"twitter:creator\" content=\"@Pag10com\" \/>\n<meta name=\"twitter:site\" content=\"@Pag10com\" \/>\n<meta name=\"twitter:label1\" content=\"Escrito por\" \/>\n\t<meta name=\"twitter:data1\" content=\"P\u00e1gina 10\" \/>\n\t<meta name=\"twitter:label2\" content=\"Tiempo de lectura\" \/>\n\t<meta name=\"twitter:data2\" content=\"1 minuto\" \/>\n<script type=\"application\/ld+json\" class=\"yoast-schema-graph\">{\"@context\":\"https:\/\/schema.org\",\"@graph\":[{\"@type\":\"Article\",\"@id\":\"https:\/\/pagina10.com\/web\/mincultura-te-invita-a-participar-contando-cual-es-tu-sitio-preferido-para-leer\/#article\",\"isPartOf\":{\"@id\":\"https:\/\/pagina10.com\/web\/mincultura-te-invita-a-participar-contando-cual-es-tu-sitio-preferido-para-leer\/\"},\"author\":{\"name\":\"P\u00e1gina 10\",\"@id\":\"https:\/\/pagina10.com\/web\/#\/schema\/person\/a7a5d38f0629dfc107f619fbae4f6cc3\"},\"headline\":\"Mincultura te invita a participar contando cu\u00e1l es tu sitio preferido para leer\",\"datePublished\":\"2015-12-11T16:31:01+00:00\",\"mainEntityOfPage\":{\"@id\":\"https:\/\/pagina10.com\/web\/mincultura-te-invita-a-participar-contando-cual-es-tu-sitio-preferido-para-leer\/\"},\"wordCount\":165,\"commentCount\":0,\"publisher\":{\"@id\":\"https:\/\/pagina10.com\/web\/#organization\"},\"image\":{\"@id\":\"https:\/\/pagina10.com\/web\/mincultura-te-invita-a-participar-contando-cual-es-tu-sitio-preferido-para-leer\/#primaryimage\"},\"thumbnailUrl\":\"https:\/\/pagina10.com\/web\/wp-content\/uploads\/2015\/12\/060cade415fc140372d9b1cd472e5846.jpg\",\"inLanguage\":\"es\",\"potentialAction\":[{\"@type\":\"CommentAction\",\"name\":\"Comment\",\"target\":[\"https:\/\/pagina10.com\/web\/mincultura-te-invita-a-participar-contando-cual-es-tu-sitio-preferido-para-leer\/#respond\"]}]},{\"@type\":\"WebPage\",\"@id\":\"https:\/\/pagina10.com\/web\/mincultura-te-invita-a-participar-contando-cual-es-tu-sitio-preferido-para-leer\/\",\"url\":\"https:\/\/pagina10.com\/web\/mincultura-te-invita-a-participar-contando-cual-es-tu-sitio-preferido-para-leer\/\",\"name\":\"Mincultura te invita a participar contando cu\u00e1l es tu sitio preferido para leer | P\u00e1gina10\",\"isPartOf\":{\"@id\":\"https:\/\/pagina10.com\/web\/#website\"},\"primaryImageOfPage\":{\"@id\":\"https:\/\/pagina10.com\/web\/mincultura-te-invita-a-participar-contando-cual-es-tu-sitio-preferido-para-leer\/#primaryimage\"},\"image\":{\"@id\":\"https:\/\/pagina10.com\/web\/mincultura-te-invita-a-participar-contando-cual-es-tu-sitio-preferido-para-leer\/#primaryimage\"},\"thumbnailUrl\":\"https:\/\/pagina10.com\/web\/wp-content\/uploads\/2015\/12\/060cade415fc140372d9b1cd472e5846.jpg\",\"datePublished\":\"2015-12-11T16:31:01+00:00\",\"breadcrumb\":{\"@id\":\"https:\/\/pagina10.com\/web\/mincultura-te-invita-a-participar-contando-cual-es-tu-sitio-preferido-para-leer\/#breadcrumb\"},\"inLanguage\":\"es\",\"potentialAction\":[{\"@type\":\"ReadAction\",\"target\":[\"https:\/\/pagina10.com\/web\/mincultura-te-invita-a-participar-contando-cual-es-tu-sitio-preferido-para-leer\/\"]}]},{\"@type\":\"ImageObject\",\"inLanguage\":\"es\",\"@id\":\"https:\/\/pagina10.com\/web\/mincultura-te-invita-a-participar-contando-cual-es-tu-sitio-preferido-para-leer\/#primaryimage\",\"url\":\"https:\/\/pagina10.com\/web\/wp-content\/uploads\/2015\/12\/060cade415fc140372d9b1cd472e5846.jpg\",\"contentUrl\":\"https:\/\/pagina10.com\/web\/wp-content\/uploads\/2015\/12\/060cade415fc140372d9b1cd472e5846.jpg\",\"width\":457,\"height\":371},{\"@type\":\"BreadcrumbList\",\"@id\":\"https:\/\/pagina10.com\/web\/mincultura-te-invita-a-participar-contando-cual-es-tu-sitio-preferido-para-leer\/#breadcrumb\",\"itemListElement\":[{\"@type\":\"ListItem\",\"position\":1,\"name\":\"Portada\",\"item\":\"https:\/\/pagina10.com\/web\/\"},{\"@type\":\"ListItem\",\"position\":2,\"name\":\"Mincultura te invita a participar contando cu\u00e1l es tu sitio preferido para leer\"}]},{\"@type\":\"WebSite\",\"@id\":\"https:\/\/pagina10.com\/web\/#website\",\"url\":\"https:\/\/pagina10.com\/web\/\",\"name\":\"P\u00e1gina10\",\"description\":\"Peri\u00f3dico Regional\",\"publisher\":{\"@id\":\"https:\/\/pagina10.com\/web\/#organization\"},\"alternateName\":\"P\u00e1gina10 Peri\u00f3dico Regional\",\"potentialAction\":[{\"@type\":\"SearchAction\",\"target\":{\"@type\":\"EntryPoint\",\"urlTemplate\":\"https:\/\/pagina10.com\/web\/?s={search_term_string}\"},\"query-input\":{\"@type\":\"PropertyValueSpecification\",\"valueRequired\":true,\"valueName\":\"search_term_string\"}}],\"inLanguage\":\"es\"},{\"@type\":\"Organization\",\"@id\":\"https:\/\/pagina10.com\/web\/#organization\",\"name\":\"P\u00e1gina10\",\"alternateName\":\"P\u00e1gina10 Peri\u00f3dico Regional\",\"url\":\"https:\/\/pagina10.com\/web\/\",\"logo\":{\"@type\":\"ImageObject\",\"inLanguage\":\"es\",\"@id\":\"https:\/\/pagina10.com\/web\/#\/schema\/logo\/image\/\",\"url\":\"https:\/\/pagina10.com\/web\/wp-content\/uploads\/2024\/01\/40-pagina-10-periodico-regional-pasto.jpg\",\"contentUrl\":\"https:\/\/pagina10.com\/web\/wp-content\/uploads\/2024\/01\/40-pagina-10-periodico-regional-pasto.jpg\",\"width\":1280,\"height\":720,\"caption\":\"P\u00e1gina10\"},\"image\":{\"@id\":\"https:\/\/pagina10.com\/web\/#\/schema\/logo\/image\/\"},\"sameAs\":[\"https:\/\/www.facebook.com\/pag10com\",\"https:\/\/x.com\/Pag10com\",\"https:\/\/www.instagram.com\/pagina10col\/\",\"https:\/\/youtube.com\/channel\/pag10\",\"https:\/\/www.tiktok.com\/@p10col\"]},{\"@type\":\"Person\",\"@id\":\"https:\/\/pagina10.com\/web\/#\/schema\/person\/a7a5d38f0629dfc107f619fbae4f6cc3\",\"name\":\"P\u00e1gina 10\",\"description\":\"P\u00e1gina10.com es un peri\u00f3dico digital que nace en Colombia, en el departamento de Nari\u00f1o, con un enfoque global, fundamentado en cuatro pilares esenciales: la libertad, el pluralismo, la inclusi\u00f3n y la independencia. P\u00e1gina10.com hace referencia a Nari\u00f1o como el d\u00e9cimo departamento creado en Colombia, despu\u00e9s de un proceso pol\u00edtico liderado por actores y actrices regionales con el fin de obtener la independencia y autonom\u00eda de nuestros territorios. Con la creaci\u00f3n de P\u00e1gina10.com se pretende abrir un escenario para el dialogo, la reflexi\u00f3n y el debate que se extienda a otras geograf\u00edas de Am\u00e9rica Latina y del planeta, en una apuesta por transformar colectivamente los desaf\u00edos de un mundo contempor\u00e1neo, m\u00e1s all\u00e1 de las fronteras impuestas.\",\"url\":\"https:\/\/pagina10.com\/web\/author\/mcepeda\/\"}]}<\/script>\n<!-- \/ Yoast SEO plugin. -->","yoast_head_json":{"title":"Mincultura te invita a participar contando cu\u00e1l es tu sitio preferido para leer | P\u00e1gina10","robots":{"index":"index","follow":"follow","max-snippet":"max-snippet:-1","max-image-preview":"max-image-preview:large","max-video-preview":"max-video-preview:-1"},"canonical":"https:\/\/pagina10.com\/web\/mincultura-te-invita-a-participar-contando-cual-es-tu-sitio-preferido-para-leer\/","og_locale":"es_ES","og_type":"article","og_title":"Mincultura te invita a participar contando cu\u00e1l es tu sitio preferido para leer | P\u00e1gina10","og_description":"El Ministerio de Cultura invita a que los ciudadanos suban videos en redes sociales de sus lugares inspiradores para leer. Quienes lo hagan ganar\u00e1n un premio sorpresa. \u200b\u200bSi te gusta leer en el parque, el bus, bajo un \u00e1rbol, en tu habitaci\u00f3n o hasta en la ba\u00f1era, el Ministerio de Cultura te invita a subir [&hellip;]","og_url":"https:\/\/pagina10.com\/web\/mincultura-te-invita-a-participar-contando-cual-es-tu-sitio-preferido-para-leer\/","og_site_name":"P\u00e1gina10","article_publisher":"https:\/\/www.facebook.com\/pag10com","article_published_time":"2015-12-11T16:31:01+00:00","og_image":[{"width":457,"height":371,"url":"https:\/\/pagina10.com\/web\/wp-content\/uploads\/2015\/12\/060cade415fc140372d9b1cd472e5846.jpg","type":"image\/jpeg"}],"author":"P\u00e1gina 10","twitter_card":"summary_large_image","twitter_creator":"@Pag10com","twitter_site":"@Pag10com","twitter_misc":{"Escrito por":"P\u00e1gina 10","Tiempo de lectura":"1 minuto"},"schema":{"@context":"https:\/\/schema.org","@graph":[{"@type":"Article","@id":"https:\/\/pagina10.com\/web\/mincultura-te-invita-a-participar-contando-cual-es-tu-sitio-preferido-para-leer\/#article","isPartOf":{"@id":"https:\/\/pagina10.com\/web\/mincultura-te-invita-a-participar-contando-cual-es-tu-sitio-preferido-para-leer\/"},"author":{"name":"P\u00e1gina 10","@id":"https:\/\/pagina10.com\/web\/#\/schema\/person\/a7a5d38f0629dfc107f619fbae4f6cc3"},"headline":"Mincultura te invita a participar contando cu\u00e1l es tu sitio preferido para leer","datePublished":"2015-12-11T16:31:01+00:00","mainEntityOfPage":{"@id":"https:\/\/pagina10.com\/web\/mincultura-te-invita-a-participar-contando-cual-es-tu-sitio-preferido-para-leer\/"},"wordCount":165,"commentCount":0,"publisher":{"@id":"https:\/\/pagina10.com\/web\/#organization"},"image":{"@id":"https:\/\/pagina10.com\/web\/mincultura-te-invita-a-participar-contando-cual-es-tu-sitio-preferido-para-leer\/#primaryimage"},"thumbnailUrl":"https:\/\/pagina10.com\/web\/wp-content\/uploads\/2015\/12\/060cade415fc140372d9b1cd472e5846.jpg","inLanguage":"es","potentialAction":[{"@type":"CommentAction","name":"Comment","target":["https:\/\/pagina10.com\/web\/mincultura-te-invita-a-participar-contando-cual-es-tu-sitio-preferido-para-leer\/#respond"]}]},{"@type":"WebPage","@id":"https:\/\/pagina10.com\/web\/mincultura-te-invita-a-participar-contando-cual-es-tu-sitio-preferido-para-leer\/","url":"https:\/\/pagina10.com\/web\/mincultura-te-invita-a-participar-contando-cual-es-tu-sitio-preferido-para-leer\/","name":"Mincultura te invita a participar contando cu\u00e1l es tu sitio preferido para leer | P\u00e1gina10","isPartOf":{"@id":"https:\/\/pagina10.com\/web\/#website"},"primaryImageOfPage":{"@id":"https:\/\/pagina10.com\/web\/mincultura-te-invita-a-participar-contando-cual-es-tu-sitio-preferido-para-leer\/#primaryimage"},"image":{"@id":"https:\/\/pagina10.com\/web\/mincultura-te-invita-a-participar-contando-cual-es-tu-sitio-preferido-para-leer\/#primaryimage"},"thumbnailUrl":"https:\/\/pagina10.com\/web\/wp-content\/uploads\/2015\/12\/060cade415fc140372d9b1cd472e5846.jpg","datePublished":"2015-12-11T16:31:01+00:00","breadcrumb":{"@id":"https:\/\/pagina10.com\/web\/mincultura-te-invita-a-participar-contando-cual-es-tu-sitio-preferido-para-leer\/#breadcrumb"},"inLanguage":"es","potentialAction":[{"@type":"ReadAction","target":["https:\/\/pagina10.com\/web\/mincultura-te-invita-a-participar-contando-cual-es-tu-sitio-preferido-para-leer\/"]}]},{"@type":"ImageObject","inLanguage":"es","@id":"https:\/\/pagina10.com\/web\/mincultura-te-invita-a-participar-contando-cual-es-tu-sitio-preferido-para-leer\/#primaryimage","url":"https:\/\/pagina10.com\/web\/wp-content\/uploads\/2015\/12\/060cade415fc140372d9b1cd472e5846.jpg","contentUrl":"https:\/\/pagina10.com\/web\/wp-content\/uploads\/2015\/12\/060cade415fc140372d9b1cd472e5846.jpg","width":457,"height":371},{"@type":"BreadcrumbList","@id":"https:\/\/pagina10.com\/web\/mincultura-te-invita-a-participar-contando-cual-es-tu-sitio-preferido-para-leer\/#breadcrumb","itemListElement":[{"@type":"ListItem","position":1,"name":"Portada","item":"https:\/\/pagina10.com\/web\/"},{"@type":"ListItem","position":2,"name":"Mincultura te invita a participar contando cu\u00e1l es tu sitio preferido para leer"}]},{"@type":"WebSite","@id":"https:\/\/pagina10.com\/web\/#website","url":"https:\/\/pagina10.com\/web\/","name":"P\u00e1gina10","description":"Peri\u00f3dico Regional","publisher":{"@id":"https:\/\/pagina10.com\/web\/#organization"},"alternateName":"P\u00e1gina10 Peri\u00f3dico Regional","potentialAction":[{"@type":"SearchAction","target":{"@type":"EntryPoint","urlTemplate":"https:\/\/pagina10.com\/web\/?s={search_term_string}"},"query-input":{"@type":"PropertyValueSpecification","valueRequired":true,"valueName":"search_term_string"}}],"inLanguage":"es"},{"@type":"Organization","@id":"https:\/\/pagina10.com\/web\/#organization","name":"P\u00e1gina10","alternateName":"P\u00e1gina10 Peri\u00f3dico Regional","url":"https:\/\/pagina10.com\/web\/","logo":{"@type":"ImageObject","inLanguage":"es","@id":"https:\/\/pagina10.com\/web\/#\/schema\/logo\/image\/","url":"https:\/\/pagina10.com\/web\/wp-content\/uploads\/2024\/01\/40-pagina-10-periodico-regional-pasto.jpg","contentUrl":"https:\/\/pagina10.com\/web\/wp-content\/uploads\/2024\/01\/40-pagina-10-periodico-regional-pasto.jpg","width":1280,"height":720,"caption":"P\u00e1gina10"},"image":{"@id":"https:\/\/pagina10.com\/web\/#\/schema\/logo\/image\/"},"sameAs":["https:\/\/www.facebook.com\/pag10com","https:\/\/x.com\/Pag10com","https:\/\/www.instagram.com\/pagina10col\/","https:\/\/youtube.com\/channel\/pag10","https:\/\/www.tiktok.com\/@p10col"]},{"@type":"Person","@id":"https:\/\/pagina10.com\/web\/#\/schema\/person\/a7a5d38f0629dfc107f619fbae4f6cc3","name":"P\u00e1gina 10","description":"P\u00e1gina10.com es un peri\u00f3dico digital que nace en Colombia, en el departamento de Nari\u00f1o, con un enfoque global, fundamentado en cuatro pilares esenciales: la libertad, el pluralismo, la inclusi\u00f3n y la independencia. P\u00e1gina10.com hace referencia a Nari\u00f1o como el d\u00e9cimo departamento creado en Colombia, despu\u00e9s de un proceso pol\u00edtico liderado por actores y actrices regionales con el fin de obtener la independencia y autonom\u00eda de nuestros territorios. Con la creaci\u00f3n de P\u00e1gina10.com se pretende abrir un escenario para el dialogo, la reflexi\u00f3n y el debate que se extienda a otras geograf\u00edas de Am\u00e9rica Latina y del planeta, en una apuesta por transformar colectivamente los desaf\u00edos de un mundo contempor\u00e1neo, m\u00e1s all\u00e1 de las fronteras impuestas.","url":"https:\/\/pagina10.com\/web\/author\/mcepeda\/"}]}},"_links":{"self":[{"href":"https:\/\/pagina10.com\/web\/wp-json\/wp\/v2\/posts\/18882","targetHints":{"allow":["GET"]}}],"collection":[{"href":"https:\/\/pagina10.com\/web\/wp-json\/wp\/v2\/posts"}],"about":[{"href":"https:\/\/pagina10.com\/web\/wp-json\/wp\/v2\/types\/post"}],"author":[{"embeddable":true,"href":"https:\/\/pagina10.com\/web\/wp-json\/wp\/v2\/users\/29"}],"replies":[{"embeddable":true,"href":"https:\/\/pagina10.com\/web\/wp-json\/wp\/v2\/comments?post=18882"}],"version-history":[{"count":0,"href":"https:\/\/pagina10.com\/web\/wp-json\/wp\/v2\/posts\/18882\/revisions"}],"wp:featuredmedia":[{"embeddable":true,"href":"https:\/\/pagina10.com\/web\/wp-json\/wp\/v2\/media\/18881"}],"wp:attachment":[{"href":"https:\/\/pagina10.com\/web\/wp-json\/wp\/v2\/media?parent=18882"}],"wp:term":[{"taxonomy":"category","embeddable":true,"href":"https:\/\/pagina10.com\/web\/wp-json\/wp\/v2\/categories?post=18882"},{"taxonomy":"post_tag","embeddable":true,"href":"https:\/\/pagina10.com\/web\/wp-json\/wp\/v2\/tags?post=18882"}],"curies":[{"name":"wp","href":"https:\/\/api.w.org\/{rel}","templated":true}]}}