{"id":18886,"date":"2015-12-11T17:05:22","date_gmt":"2015-12-11T17:05:22","guid":{"rendered":"https:\/\/pagina10.com\/web\/capturado-concejal-en-ejercicio-de-ricaurte-narino\/"},"modified":"2015-12-11T17:05:22","modified_gmt":"2015-12-11T17:05:22","slug":"capturado-concejal-en-ejercicio-de-ricaurte-narino","status":"publish","type":"post","link":"https:\/\/pagina10.com\/web\/capturado-concejal-en-ejercicio-de-ricaurte-narino\/","title":{"rendered":"Capturado concejal en ejercicio de Ricaurte, Nari\u00f1o"},"content":{"rendered":"<p><img fetchpriority=\"high\" decoding=\"async\" class=\" size-full wp-image-18885\" src=\"https:\/\/pagina10.com\/web\/wp-content\/uploads\/2015\/12\/66e333383786289ab1eae6e37fd4ab10.jpg\" alt=\"\" width=\"1256\" height=\"706\" srcset=\"https:\/\/pagina10.com\/web\/wp-content\/uploads\/2015\/12\/66e333383786289ab1eae6e37fd4ab10.jpg 1256w, https:\/\/pagina10.com\/web\/wp-content\/uploads\/2015\/12\/66e333383786289ab1eae6e37fd4ab10-300x169.jpg 300w, https:\/\/pagina10.com\/web\/wp-content\/uploads\/2015\/12\/66e333383786289ab1eae6e37fd4ab10-1024x576.jpg 1024w, https:\/\/pagina10.com\/web\/wp-content\/uploads\/2015\/12\/66e333383786289ab1eae6e37fd4ab10-768x432.jpg 768w\" sizes=\"(max-width: 1256px) 100vw, 1256px\" \/><\/p>\n<p style=\"text-align: justify;\">En cumplimiento a la directriz institucional de combatir organizaciones al margen de la ley, la DIJIN captur\u00f3 en el departamento de Nari\u00f1o a cuatro integrantes de la red de apoyo al terrorismo ONT-FARC entre ellos dos cabecillas, un concejal de Ricaurte y una mujer, responsables por la muerte en desarrollo de plan pistola de dos polic\u00edas y heridas a un auxiliar.<\/p>\n<p style=\"text-align: justify;\">&nbsp;<\/p>\n<p style=\"text-align: justify;\">De acuerdo con la investigaci\u00f3n adelantada por integrantes del Grupo de Homicidios a Miembros de la Fuerza P\u00fablica de la Direcci\u00f3n de Investigaci\u00f3n Criminal e INTERPOL, los hechos ocurrieron en el mes de marzo de este a\u00f1o en el municipio de Ricaurte, Nari\u00f1o.<\/p>\n<p style=\"text-align: justify;\">&nbsp;<\/p>\n<p style=\"text-align: justify;\">De igual manera se realiz\u00f3 con especialistas en Criminal\u00edstica y Perfilaci\u00f3n Criminal de la DIJIN la reconstrucci\u00f3n del delito con la participaci\u00f3n de testigos presenciales, entre otras actividades,que permitieron establecer la participaci\u00f3n y responsabilidad de las organizaciones terroristas que delinquen en el sector.<\/p>\n<p style=\"text-align: justify;\">&nbsp;<\/p>\n<p style=\"text-align: justify;\">Se estableci\u00f3 la intervenci\u00f3n de 12 subversivos que participaron activamente en los hechos materia de investigaci\u00f3n, tres de ellos autores materiales, dos intelectuales y siete \u2018campaneros\u2019, quienes por espacio de un a\u00f1o registraron los movimientos y rutinas de los polic\u00edas asesinados el subteniente Andr\u00e9s Rodr\u00edguez Quevedo y el patrullero Jonathan PasichanaPusil, as\u00ed como del auxiliar de polic\u00eda Jefferson Gonz\u00e1lez quien result\u00f3 herido luego del atentado.<\/p>\n<p style=\"text-align: justify;\">&nbsp;<\/p>\n<p style=\"text-align: justify;\">Los subversivos realizaron inteligencia delictiva constante a la Estaci\u00f3n de Polic\u00eda de Ricaurte, gan\u00e1ndose la confianza de los uniformados para obtener informaci\u00f3n vital utilizada posteriormente para el atentado (grados nombres, turnos y rutinas diarias).<\/p>\n<p style=\"text-align: justify;\">&nbsp;<\/p>\n<p style=\"text-align: justify;\">Mediante actividades de indagaci\u00f3n e investigaci\u00f3n se estableci\u00f3 la&nbsp; participaci\u00f3n de un concejal del municipio de Ricaurte quien en compa\u00f1\u00eda de una mujer entreg\u00f3 informaci\u00f3n a las FARC para adelantar el plan pistola. As\u00ed mismo hacen parte de las redes de apoyo al terrorismo en la regi\u00f3n.<\/p>\n<p style=\"text-align: justify;\">&nbsp;<\/p>\n<p style=\"text-align: justify;\">Dos de los capturados son cabecillas de milicias de Red de Apoyo al Terrorismo (RAT) de los grupos Subversivos FARC y ELN con injerencia delictiva en este mismo Municipio. Ser\u00e1n procesados por los delitos de homicidio agravado, hurto agravado y rebeli\u00f3n.<\/p>\n<p style=\"text-align: justify;\">&nbsp;<\/p>\n<p style=\"text-align: justify;\">Antecedentes de la acci\u00f3n terrorista<\/p>\n<p style=\"text-align: justify;\">&nbsp;<\/p>\n<p style=\"text-align: justify;\">El d\u00eda 14 de marzo del a\u00f1o 2015, a las 16:30 horas en el municipio de Ricaurte-Nari\u00f1o, se present\u00f3 un ataque (plan pistola) en contra de la Polic\u00eda Nacional, donde efectivos que se encontraban realizando patrullaje por el casco urbano del municipio, fueron atacados por tres subversivos integrantes de los grupos terroristas del ELN y las FARC, quienes portando pistola calibre 9 mil\u00edmetros dispararon en repetidas ocasiones hasta rematar sin misericordia mediante tiro de gracia a los se\u00f1ores Subteniente Andr\u00e9s Felipe Rodr\u00edguez Quevedo y Patrullero Jhonathan Steven Pasichana Pusil; en la misma acci\u00f3n delictiva result\u00f3 herido el se\u00f1or Auxiliar de Polic\u00eda Jefferson David Gonz\u00e1lez Jim\u00e9nez.<\/p>\n<p style=\"text-align: justify;\">&nbsp;<\/p>\n<p style=\"text-align: justify;\">Los subversivos posteriormente hurtaron el armamento de dotaci\u00f3n (02 Fusiles Galil 5.56 y 01 pistola SigSauer). La intervenci\u00f3n de la Polic\u00eda Nacional permiti\u00f3 la captura de uno de los part\u00edcipes de este atentado, integrante del ELN.&nbsp;<\/p>\n","protected":false},"excerpt":{"rendered":"<p>En cumplimiento a la directriz institucional de combatir organizaciones al margen de la ley, la DIJIN captur\u00f3 en el departamento de Nari\u00f1o a cuatro integrantes de la red de apoyo al terrorismo ONT-FARC entre ellos dos cabecillas, un concejal de Ricaurte y una mujer, responsables por la muerte en desarrollo de plan pistola de dos [&hellip;]<\/p>\n","protected":false},"author":29,"featured_media":18885,"comment_status":"open","ping_status":"open","sticky":false,"template":"","format":"standard","meta":{"footnotes":""},"categories":[1],"tags":[],"class_list":["post-18886","post","type-post","status-publish","format-standard","has-post-thumbnail","hentry","category-sin-categoria"],"yoast_head":"<!-- This site is optimized with the Yoast SEO plugin v27.1.1 - https:\/\/yoast.com\/product\/yoast-seo-wordpress\/ -->\n<title>Capturado concejal en ejercicio de Ricaurte, Nari\u00f1o | P\u00e1gina10<\/title>\n<meta name=\"robots\" content=\"index, follow, max-snippet:-1, max-image-preview:large, max-video-preview:-1\" \/>\n<link rel=\"canonical\" href=\"https:\/\/pagina10.com\/web\/capturado-concejal-en-ejercicio-de-ricaurte-narino\/\" \/>\n<meta property=\"og:locale\" content=\"es_ES\" \/>\n<meta property=\"og:type\" content=\"article\" \/>\n<meta property=\"og:title\" content=\"Capturado concejal en ejercicio de Ricaurte, Nari\u00f1o | P\u00e1gina10\" \/>\n<meta property=\"og:description\" content=\"En cumplimiento a la directriz institucional de combatir organizaciones al margen de la ley, la DIJIN captur\u00f3 en el departamento de Nari\u00f1o a cuatro integrantes de la red de apoyo al terrorismo ONT-FARC entre ellos dos cabecillas, un concejal de Ricaurte y una mujer, responsables por la muerte en desarrollo de plan pistola de dos [&hellip;]\" \/>\n<meta property=\"og:url\" content=\"https:\/\/pagina10.com\/web\/capturado-concejal-en-ejercicio-de-ricaurte-narino\/\" \/>\n<meta property=\"og:site_name\" content=\"P\u00e1gina10\" \/>\n<meta property=\"article:publisher\" content=\"https:\/\/www.facebook.com\/pag10com\" \/>\n<meta property=\"article:published_time\" content=\"2015-12-11T17:05:22+00:00\" \/>\n<meta property=\"og:image\" content=\"https:\/\/pagina10.com\/web\/wp-content\/uploads\/2015\/12\/66e333383786289ab1eae6e37fd4ab10.jpg\" \/>\n\t<meta property=\"og:image:width\" content=\"1256\" \/>\n\t<meta property=\"og:image:height\" content=\"706\" \/>\n\t<meta property=\"og:image:type\" content=\"image\/jpeg\" \/>\n<meta name=\"author\" content=\"P\u00e1gina 10\" \/>\n<meta name=\"twitter:card\" content=\"summary_large_image\" \/>\n<meta name=\"twitter:creator\" content=\"@Pag10com\" \/>\n<meta name=\"twitter:site\" content=\"@Pag10com\" \/>\n<meta name=\"twitter:label1\" content=\"Escrito por\" \/>\n\t<meta name=\"twitter:data1\" content=\"P\u00e1gina 10\" \/>\n\t<meta name=\"twitter:label2\" content=\"Tiempo de lectura\" \/>\n\t<meta name=\"twitter:data2\" content=\"3 minutos\" \/>\n<script type=\"application\/ld+json\" class=\"yoast-schema-graph\">{\"@context\":\"https:\/\/schema.org\",\"@graph\":[{\"@type\":\"Article\",\"@id\":\"https:\/\/pagina10.com\/web\/capturado-concejal-en-ejercicio-de-ricaurte-narino\/#article\",\"isPartOf\":{\"@id\":\"https:\/\/pagina10.com\/web\/capturado-concejal-en-ejercicio-de-ricaurte-narino\/\"},\"author\":{\"name\":\"P\u00e1gina 10\",\"@id\":\"https:\/\/pagina10.com\/web\/#\/schema\/person\/a7a5d38f0629dfc107f619fbae4f6cc3\"},\"headline\":\"Capturado concejal en ejercicio de Ricaurte, Nari\u00f1o\",\"datePublished\":\"2015-12-11T17:05:22+00:00\",\"mainEntityOfPage\":{\"@id\":\"https:\/\/pagina10.com\/web\/capturado-concejal-en-ejercicio-de-ricaurte-narino\/\"},\"wordCount\":543,\"commentCount\":0,\"publisher\":{\"@id\":\"https:\/\/pagina10.com\/web\/#organization\"},\"image\":{\"@id\":\"https:\/\/pagina10.com\/web\/capturado-concejal-en-ejercicio-de-ricaurte-narino\/#primaryimage\"},\"thumbnailUrl\":\"https:\/\/pagina10.com\/web\/wp-content\/uploads\/2015\/12\/66e333383786289ab1eae6e37fd4ab10.jpg\",\"inLanguage\":\"es\",\"potentialAction\":[{\"@type\":\"CommentAction\",\"name\":\"Comment\",\"target\":[\"https:\/\/pagina10.com\/web\/capturado-concejal-en-ejercicio-de-ricaurte-narino\/#respond\"]}]},{\"@type\":\"WebPage\",\"@id\":\"https:\/\/pagina10.com\/web\/capturado-concejal-en-ejercicio-de-ricaurte-narino\/\",\"url\":\"https:\/\/pagina10.com\/web\/capturado-concejal-en-ejercicio-de-ricaurte-narino\/\",\"name\":\"Capturado concejal en ejercicio de Ricaurte, Nari\u00f1o | P\u00e1gina10\",\"isPartOf\":{\"@id\":\"https:\/\/pagina10.com\/web\/#website\"},\"primaryImageOfPage\":{\"@id\":\"https:\/\/pagina10.com\/web\/capturado-concejal-en-ejercicio-de-ricaurte-narino\/#primaryimage\"},\"image\":{\"@id\":\"https:\/\/pagina10.com\/web\/capturado-concejal-en-ejercicio-de-ricaurte-narino\/#primaryimage\"},\"thumbnailUrl\":\"https:\/\/pagina10.com\/web\/wp-content\/uploads\/2015\/12\/66e333383786289ab1eae6e37fd4ab10.jpg\",\"datePublished\":\"2015-12-11T17:05:22+00:00\",\"breadcrumb\":{\"@id\":\"https:\/\/pagina10.com\/web\/capturado-concejal-en-ejercicio-de-ricaurte-narino\/#breadcrumb\"},\"inLanguage\":\"es\",\"potentialAction\":[{\"@type\":\"ReadAction\",\"target\":[\"https:\/\/pagina10.com\/web\/capturado-concejal-en-ejercicio-de-ricaurte-narino\/\"]}]},{\"@type\":\"ImageObject\",\"inLanguage\":\"es\",\"@id\":\"https:\/\/pagina10.com\/web\/capturado-concejal-en-ejercicio-de-ricaurte-narino\/#primaryimage\",\"url\":\"https:\/\/pagina10.com\/web\/wp-content\/uploads\/2015\/12\/66e333383786289ab1eae6e37fd4ab10.jpg\",\"contentUrl\":\"https:\/\/pagina10.com\/web\/wp-content\/uploads\/2015\/12\/66e333383786289ab1eae6e37fd4ab10.jpg\",\"width\":1256,\"height\":706},{\"@type\":\"BreadcrumbList\",\"@id\":\"https:\/\/pagina10.com\/web\/capturado-concejal-en-ejercicio-de-ricaurte-narino\/#breadcrumb\",\"itemListElement\":[{\"@type\":\"ListItem\",\"position\":1,\"name\":\"Portada\",\"item\":\"https:\/\/pagina10.com\/web\/\"},{\"@type\":\"ListItem\",\"position\":2,\"name\":\"Capturado concejal en ejercicio de Ricaurte, Nari\u00f1o\"}]},{\"@type\":\"WebSite\",\"@id\":\"https:\/\/pagina10.com\/web\/#website\",\"url\":\"https:\/\/pagina10.com\/web\/\",\"name\":\"P\u00e1gina10\",\"description\":\"Peri\u00f3dico Regional\",\"publisher\":{\"@id\":\"https:\/\/pagina10.com\/web\/#organization\"},\"alternateName\":\"P\u00e1gina10 Peri\u00f3dico Regional\",\"potentialAction\":[{\"@type\":\"SearchAction\",\"target\":{\"@type\":\"EntryPoint\",\"urlTemplate\":\"https:\/\/pagina10.com\/web\/?s={search_term_string}\"},\"query-input\":{\"@type\":\"PropertyValueSpecification\",\"valueRequired\":true,\"valueName\":\"search_term_string\"}}],\"inLanguage\":\"es\"},{\"@type\":\"Organization\",\"@id\":\"https:\/\/pagina10.com\/web\/#organization\",\"name\":\"P\u00e1gina10\",\"alternateName\":\"P\u00e1gina10 Peri\u00f3dico Regional\",\"url\":\"https:\/\/pagina10.com\/web\/\",\"logo\":{\"@type\":\"ImageObject\",\"inLanguage\":\"es\",\"@id\":\"https:\/\/pagina10.com\/web\/#\/schema\/logo\/image\/\",\"url\":\"https:\/\/pagina10.com\/web\/wp-content\/uploads\/2024\/01\/40-pagina-10-periodico-regional-pasto.jpg\",\"contentUrl\":\"https:\/\/pagina10.com\/web\/wp-content\/uploads\/2024\/01\/40-pagina-10-periodico-regional-pasto.jpg\",\"width\":1280,\"height\":720,\"caption\":\"P\u00e1gina10\"},\"image\":{\"@id\":\"https:\/\/pagina10.com\/web\/#\/schema\/logo\/image\/\"},\"sameAs\":[\"https:\/\/www.facebook.com\/pag10com\",\"https:\/\/x.com\/Pag10com\",\"https:\/\/www.instagram.com\/pagina10col\/\",\"https:\/\/youtube.com\/channel\/pag10\",\"https:\/\/www.tiktok.com\/@p10col\"]},{\"@type\":\"Person\",\"@id\":\"https:\/\/pagina10.com\/web\/#\/schema\/person\/a7a5d38f0629dfc107f619fbae4f6cc3\",\"name\":\"P\u00e1gina 10\",\"description\":\"P\u00e1gina10.com es un peri\u00f3dico digital que nace en Colombia, en el departamento de Nari\u00f1o, con un enfoque global, fundamentado en cuatro pilares esenciales: la libertad, el pluralismo, la inclusi\u00f3n y la independencia. P\u00e1gina10.com hace referencia a Nari\u00f1o como el d\u00e9cimo departamento creado en Colombia, despu\u00e9s de un proceso pol\u00edtico liderado por actores y actrices regionales con el fin de obtener la independencia y autonom\u00eda de nuestros territorios. Con la creaci\u00f3n de P\u00e1gina10.com se pretende abrir un escenario para el dialogo, la reflexi\u00f3n y el debate que se extienda a otras geograf\u00edas de Am\u00e9rica Latina y del planeta, en una apuesta por transformar colectivamente los desaf\u00edos de un mundo contempor\u00e1neo, m\u00e1s all\u00e1 de las fronteras impuestas.\",\"url\":\"https:\/\/pagina10.com\/web\/author\/mcepeda\/\"}]}<\/script>\n<!-- \/ Yoast SEO plugin. -->","yoast_head_json":{"title":"Capturado concejal en ejercicio de Ricaurte, Nari\u00f1o | P\u00e1gina10","robots":{"index":"index","follow":"follow","max-snippet":"max-snippet:-1","max-image-preview":"max-image-preview:large","max-video-preview":"max-video-preview:-1"},"canonical":"https:\/\/pagina10.com\/web\/capturado-concejal-en-ejercicio-de-ricaurte-narino\/","og_locale":"es_ES","og_type":"article","og_title":"Capturado concejal en ejercicio de Ricaurte, Nari\u00f1o | P\u00e1gina10","og_description":"En cumplimiento a la directriz institucional de combatir organizaciones al margen de la ley, la DIJIN captur\u00f3 en el departamento de Nari\u00f1o a cuatro integrantes de la red de apoyo al terrorismo ONT-FARC entre ellos dos cabecillas, un concejal de Ricaurte y una mujer, responsables por la muerte en desarrollo de plan pistola de dos [&hellip;]","og_url":"https:\/\/pagina10.com\/web\/capturado-concejal-en-ejercicio-de-ricaurte-narino\/","og_site_name":"P\u00e1gina10","article_publisher":"https:\/\/www.facebook.com\/pag10com","article_published_time":"2015-12-11T17:05:22+00:00","og_image":[{"width":1256,"height":706,"url":"https:\/\/pagina10.com\/web\/wp-content\/uploads\/2015\/12\/66e333383786289ab1eae6e37fd4ab10.jpg","type":"image\/jpeg"}],"author":"P\u00e1gina 10","twitter_card":"summary_large_image","twitter_creator":"@Pag10com","twitter_site":"@Pag10com","twitter_misc":{"Escrito por":"P\u00e1gina 10","Tiempo de lectura":"3 minutos"},"schema":{"@context":"https:\/\/schema.org","@graph":[{"@type":"Article","@id":"https:\/\/pagina10.com\/web\/capturado-concejal-en-ejercicio-de-ricaurte-narino\/#article","isPartOf":{"@id":"https:\/\/pagina10.com\/web\/capturado-concejal-en-ejercicio-de-ricaurte-narino\/"},"author":{"name":"P\u00e1gina 10","@id":"https:\/\/pagina10.com\/web\/#\/schema\/person\/a7a5d38f0629dfc107f619fbae4f6cc3"},"headline":"Capturado concejal en ejercicio de Ricaurte, Nari\u00f1o","datePublished":"2015-12-11T17:05:22+00:00","mainEntityOfPage":{"@id":"https:\/\/pagina10.com\/web\/capturado-concejal-en-ejercicio-de-ricaurte-narino\/"},"wordCount":543,"commentCount":0,"publisher":{"@id":"https:\/\/pagina10.com\/web\/#organization"},"image":{"@id":"https:\/\/pagina10.com\/web\/capturado-concejal-en-ejercicio-de-ricaurte-narino\/#primaryimage"},"thumbnailUrl":"https:\/\/pagina10.com\/web\/wp-content\/uploads\/2015\/12\/66e333383786289ab1eae6e37fd4ab10.jpg","inLanguage":"es","potentialAction":[{"@type":"CommentAction","name":"Comment","target":["https:\/\/pagina10.com\/web\/capturado-concejal-en-ejercicio-de-ricaurte-narino\/#respond"]}]},{"@type":"WebPage","@id":"https:\/\/pagina10.com\/web\/capturado-concejal-en-ejercicio-de-ricaurte-narino\/","url":"https:\/\/pagina10.com\/web\/capturado-concejal-en-ejercicio-de-ricaurte-narino\/","name":"Capturado concejal en ejercicio de Ricaurte, Nari\u00f1o | P\u00e1gina10","isPartOf":{"@id":"https:\/\/pagina10.com\/web\/#website"},"primaryImageOfPage":{"@id":"https:\/\/pagina10.com\/web\/capturado-concejal-en-ejercicio-de-ricaurte-narino\/#primaryimage"},"image":{"@id":"https:\/\/pagina10.com\/web\/capturado-concejal-en-ejercicio-de-ricaurte-narino\/#primaryimage"},"thumbnailUrl":"https:\/\/pagina10.com\/web\/wp-content\/uploads\/2015\/12\/66e333383786289ab1eae6e37fd4ab10.jpg","datePublished":"2015-12-11T17:05:22+00:00","breadcrumb":{"@id":"https:\/\/pagina10.com\/web\/capturado-concejal-en-ejercicio-de-ricaurte-narino\/#breadcrumb"},"inLanguage":"es","potentialAction":[{"@type":"ReadAction","target":["https:\/\/pagina10.com\/web\/capturado-concejal-en-ejercicio-de-ricaurte-narino\/"]}]},{"@type":"ImageObject","inLanguage":"es","@id":"https:\/\/pagina10.com\/web\/capturado-concejal-en-ejercicio-de-ricaurte-narino\/#primaryimage","url":"https:\/\/pagina10.com\/web\/wp-content\/uploads\/2015\/12\/66e333383786289ab1eae6e37fd4ab10.jpg","contentUrl":"https:\/\/pagina10.com\/web\/wp-content\/uploads\/2015\/12\/66e333383786289ab1eae6e37fd4ab10.jpg","width":1256,"height":706},{"@type":"BreadcrumbList","@id":"https:\/\/pagina10.com\/web\/capturado-concejal-en-ejercicio-de-ricaurte-narino\/#breadcrumb","itemListElement":[{"@type":"ListItem","position":1,"name":"Portada","item":"https:\/\/pagina10.com\/web\/"},{"@type":"ListItem","position":2,"name":"Capturado concejal en ejercicio de Ricaurte, Nari\u00f1o"}]},{"@type":"WebSite","@id":"https:\/\/pagina10.com\/web\/#website","url":"https:\/\/pagina10.com\/web\/","name":"P\u00e1gina10","description":"Peri\u00f3dico Regional","publisher":{"@id":"https:\/\/pagina10.com\/web\/#organization"},"alternateName":"P\u00e1gina10 Peri\u00f3dico Regional","potentialAction":[{"@type":"SearchAction","target":{"@type":"EntryPoint","urlTemplate":"https:\/\/pagina10.com\/web\/?s={search_term_string}"},"query-input":{"@type":"PropertyValueSpecification","valueRequired":true,"valueName":"search_term_string"}}],"inLanguage":"es"},{"@type":"Organization","@id":"https:\/\/pagina10.com\/web\/#organization","name":"P\u00e1gina10","alternateName":"P\u00e1gina10 Peri\u00f3dico Regional","url":"https:\/\/pagina10.com\/web\/","logo":{"@type":"ImageObject","inLanguage":"es","@id":"https:\/\/pagina10.com\/web\/#\/schema\/logo\/image\/","url":"https:\/\/pagina10.com\/web\/wp-content\/uploads\/2024\/01\/40-pagina-10-periodico-regional-pasto.jpg","contentUrl":"https:\/\/pagina10.com\/web\/wp-content\/uploads\/2024\/01\/40-pagina-10-periodico-regional-pasto.jpg","width":1280,"height":720,"caption":"P\u00e1gina10"},"image":{"@id":"https:\/\/pagina10.com\/web\/#\/schema\/logo\/image\/"},"sameAs":["https:\/\/www.facebook.com\/pag10com","https:\/\/x.com\/Pag10com","https:\/\/www.instagram.com\/pagina10col\/","https:\/\/youtube.com\/channel\/pag10","https:\/\/www.tiktok.com\/@p10col"]},{"@type":"Person","@id":"https:\/\/pagina10.com\/web\/#\/schema\/person\/a7a5d38f0629dfc107f619fbae4f6cc3","name":"P\u00e1gina 10","description":"P\u00e1gina10.com es un peri\u00f3dico digital que nace en Colombia, en el departamento de Nari\u00f1o, con un enfoque global, fundamentado en cuatro pilares esenciales: la libertad, el pluralismo, la inclusi\u00f3n y la independencia. P\u00e1gina10.com hace referencia a Nari\u00f1o como el d\u00e9cimo departamento creado en Colombia, despu\u00e9s de un proceso pol\u00edtico liderado por actores y actrices regionales con el fin de obtener la independencia y autonom\u00eda de nuestros territorios. Con la creaci\u00f3n de P\u00e1gina10.com se pretende abrir un escenario para el dialogo, la reflexi\u00f3n y el debate que se extienda a otras geograf\u00edas de Am\u00e9rica Latina y del planeta, en una apuesta por transformar colectivamente los desaf\u00edos de un mundo contempor\u00e1neo, m\u00e1s all\u00e1 de las fronteras impuestas.","url":"https:\/\/pagina10.com\/web\/author\/mcepeda\/"}]}},"_links":{"self":[{"href":"https:\/\/pagina10.com\/web\/wp-json\/wp\/v2\/posts\/18886","targetHints":{"allow":["GET"]}}],"collection":[{"href":"https:\/\/pagina10.com\/web\/wp-json\/wp\/v2\/posts"}],"about":[{"href":"https:\/\/pagina10.com\/web\/wp-json\/wp\/v2\/types\/post"}],"author":[{"embeddable":true,"href":"https:\/\/pagina10.com\/web\/wp-json\/wp\/v2\/users\/29"}],"replies":[{"embeddable":true,"href":"https:\/\/pagina10.com\/web\/wp-json\/wp\/v2\/comments?post=18886"}],"version-history":[{"count":0,"href":"https:\/\/pagina10.com\/web\/wp-json\/wp\/v2\/posts\/18886\/revisions"}],"wp:featuredmedia":[{"embeddable":true,"href":"https:\/\/pagina10.com\/web\/wp-json\/wp\/v2\/media\/18885"}],"wp:attachment":[{"href":"https:\/\/pagina10.com\/web\/wp-json\/wp\/v2\/media?parent=18886"}],"wp:term":[{"taxonomy":"category","embeddable":true,"href":"https:\/\/pagina10.com\/web\/wp-json\/wp\/v2\/categories?post=18886"},{"taxonomy":"post_tag","embeddable":true,"href":"https:\/\/pagina10.com\/web\/wp-json\/wp\/v2\/tags?post=18886"}],"curies":[{"name":"wp","href":"https:\/\/api.w.org\/{rel}","templated":true}]}}