{"id":19366,"date":"2016-01-17T23:17:51","date_gmt":"2016-01-17T23:17:51","guid":{"rendered":"https:\/\/pagina10.com\/web\/ejercito-nacional-inspecciona-grietas-en-pueblo-indigena-del-tablon-de-gomez\/"},"modified":"2016-01-17T23:17:51","modified_gmt":"2016-01-17T23:17:51","slug":"ejercito-nacional-inspecciona-grietas-en-pueblo-indigena-del-tablon-de-gomez","status":"publish","type":"post","link":"https:\/\/pagina10.com\/web\/ejercito-nacional-inspecciona-grietas-en-pueblo-indigena-del-tablon-de-gomez\/","title":{"rendered":"Ej\u00e9rcito Nacional inspecciona grietas en pueblo ind\u00edgena del Tabl\u00f3n de G\u00f3mez"},"content":{"rendered":"<p><img fetchpriority=\"high\" decoding=\"async\" class=\" size-full wp-image-19365\" src=\"https:\/\/pagina10.com\/web\/wp-content\/uploads\/2016\/01\/65d4d64c92b129d688a61e84c4c65a63.jpg\" alt=\"\" width=\"1600\" height=\"900\" srcset=\"https:\/\/pagina10.com\/web\/wp-content\/uploads\/2016\/01\/65d4d64c92b129d688a61e84c4c65a63.jpg 1600w, https:\/\/pagina10.com\/web\/wp-content\/uploads\/2016\/01\/65d4d64c92b129d688a61e84c4c65a63-300x169.jpg 300w, https:\/\/pagina10.com\/web\/wp-content\/uploads\/2016\/01\/65d4d64c92b129d688a61e84c4c65a63-1024x576.jpg 1024w, https:\/\/pagina10.com\/web\/wp-content\/uploads\/2016\/01\/65d4d64c92b129d688a61e84c4c65a63-768x432.jpg 768w, https:\/\/pagina10.com\/web\/wp-content\/uploads\/2016\/01\/65d4d64c92b129d688a61e84c4c65a63-1536x864.jpg 1536w\" sizes=\"(max-width: 1600px) 100vw, 1600px\" \/><\/p>\n<p style=\"text-align: justify;\">Tras conocer la problem\u00e1tica que se presenta en el&nbsp;municipio de El Tabl\u00f3n de G\u00f3mez en el departamento de Nari\u00f1o, Ej\u00e9rcito Nacional envi\u00f3 una&nbsp;comisi\u00f3n hasta este lugar para conocer de primera mano la situaci\u00f3n de esta poblaci\u00f3n y&nbsp;plantear estrategias encaminadas al apoyo a este pueblo ind\u00edgena, que hoy se ve afectado.<\/p>\n<p style=\"text-align: justify;\">En pasados d\u00edas las autoridades conocieron sobre una grieta que atravesaba al corregimiento&nbsp;de Aponte, punto en el que se concentra la comunidad Inga , por lo cual el Comandante del&nbsp;Ej\u00e9rcito Nacional General Alberto Jos\u00e9 Mej\u00eda Ferrero, en respuesta inmediata a esta situaci\u00f3n&nbsp;lamentable que hoy afecta a casi 150 familias, por lo cual en las \u00faltimas horas, hasta el&nbsp;sector se desplazaron los Comandantes de la Vig\u00e9sima Tercera Brigada y del Batall\u00f3n de&nbsp;prevenci\u00f3n y atenci\u00f3n de desastres para realizar la verificaci\u00f3n pertinente.<\/p>\n<p style=\"text-align: justify;\">El Coronel William Santamar\u00eda Benavides expres\u00f3 &#8220;ante esta situaci\u00f3n tenemos que actuar de&nbsp;forma inmediata, es muy posible que esta comunidad tenga que reubicarse, pero siendo&nbsp;respetuosos de sus usos y costumbres, m\u00e1s de 350 a\u00f1os de tradici\u00f3n, como Ej\u00e9rcito Nacional&nbsp;vamos a plantear estrategias que nos permitan intervenir en esta poblaci\u00f3n, pero ante todo&nbsp;cumplir con nuestra misi\u00f3n constitucional de salvaguardar la seguridad de los colombianos&#8221;<\/p>\n<p style=\"text-align: justify;\">Por su parte el coordinador del tribunal de pueblos ancestrales y autoridades ind\u00edgenas del&nbsp;Sur Occidente Hernando Chindoy coment\u00f3 &#8220;esta situaci\u00f3n requiere de atenci\u00f3n de la&nbsp;institucionalidad y que sea pronto, pues nuestros pueblo as\u00ed lo requiere, no podemos permitir&nbsp;que nuestra tradiciones desaparezcan; gracias al Ej\u00e9rcito Nacional pues siempre ha sido&nbsp;respetuoso, siendo un aliado para el progreso y en momentos como estos siempre extiende&nbsp;su mano para brindarnos su apoyo&#8221;.<\/p>\n","protected":false},"excerpt":{"rendered":"<p>Tras conocer la problem\u00e1tica que se presenta en el&nbsp;municipio de El Tabl\u00f3n de G\u00f3mez en el departamento de Nari\u00f1o, Ej\u00e9rcito Nacional envi\u00f3 una&nbsp;comisi\u00f3n hasta este lugar para conocer de primera mano la situaci\u00f3n de esta poblaci\u00f3n y&nbsp;plantear estrategias encaminadas al apoyo a este pueblo ind\u00edgena, que hoy se ve afectado. En pasados d\u00edas las autoridades [&hellip;]<\/p>\n","protected":false},"author":29,"featured_media":19365,"comment_status":"open","ping_status":"open","sticky":false,"template":"","format":"standard","meta":{"footnotes":""},"categories":[1],"tags":[],"class_list":["post-19366","post","type-post","status-publish","format-standard","has-post-thumbnail","hentry","category-sin-categoria"],"yoast_head":"<!-- This site is optimized with the Yoast SEO plugin v27.1.1 - https:\/\/yoast.com\/product\/yoast-seo-wordpress\/ -->\n<title>Ej\u00e9rcito Nacional inspecciona grietas en pueblo ind\u00edgena del Tabl\u00f3n de G\u00f3mez | P\u00e1gina10<\/title>\n<meta name=\"robots\" content=\"index, follow, max-snippet:-1, max-image-preview:large, max-video-preview:-1\" \/>\n<link rel=\"canonical\" href=\"https:\/\/pagina10.com\/web\/ejercito-nacional-inspecciona-grietas-en-pueblo-indigena-del-tablon-de-gomez\/\" \/>\n<meta property=\"og:locale\" content=\"es_ES\" \/>\n<meta property=\"og:type\" content=\"article\" \/>\n<meta property=\"og:title\" content=\"Ej\u00e9rcito Nacional inspecciona grietas en pueblo ind\u00edgena del Tabl\u00f3n de G\u00f3mez | P\u00e1gina10\" \/>\n<meta property=\"og:description\" content=\"Tras conocer la problem\u00e1tica que se presenta en el&nbsp;municipio de El Tabl\u00f3n de G\u00f3mez en el departamento de Nari\u00f1o, Ej\u00e9rcito Nacional envi\u00f3 una&nbsp;comisi\u00f3n hasta este lugar para conocer de primera mano la situaci\u00f3n de esta poblaci\u00f3n y&nbsp;plantear estrategias encaminadas al apoyo a este pueblo ind\u00edgena, que hoy se ve afectado. En pasados d\u00edas las autoridades [&hellip;]\" \/>\n<meta property=\"og:url\" content=\"https:\/\/pagina10.com\/web\/ejercito-nacional-inspecciona-grietas-en-pueblo-indigena-del-tablon-de-gomez\/\" \/>\n<meta property=\"og:site_name\" content=\"P\u00e1gina10\" \/>\n<meta property=\"article:publisher\" content=\"https:\/\/www.facebook.com\/pag10com\" \/>\n<meta property=\"article:published_time\" content=\"2016-01-17T23:17:51+00:00\" \/>\n<meta property=\"og:image\" content=\"https:\/\/pagina10.com\/web\/wp-content\/uploads\/2016\/01\/65d4d64c92b129d688a61e84c4c65a63.jpg\" \/>\n\t<meta property=\"og:image:width\" content=\"1600\" \/>\n\t<meta property=\"og:image:height\" content=\"900\" \/>\n\t<meta property=\"og:image:type\" content=\"image\/jpeg\" \/>\n<meta name=\"author\" content=\"P\u00e1gina 10\" \/>\n<meta name=\"twitter:card\" content=\"summary_large_image\" \/>\n<meta name=\"twitter:creator\" content=\"@Pag10com\" \/>\n<meta name=\"twitter:site\" content=\"@Pag10com\" \/>\n<meta name=\"twitter:label1\" content=\"Escrito por\" \/>\n\t<meta name=\"twitter:data1\" content=\"P\u00e1gina 10\" \/>\n\t<meta name=\"twitter:label2\" content=\"Tiempo de lectura\" \/>\n\t<meta name=\"twitter:data2\" content=\"2 minutos\" \/>\n<script type=\"application\/ld+json\" class=\"yoast-schema-graph\">{\"@context\":\"https:\/\/schema.org\",\"@graph\":[{\"@type\":\"Article\",\"@id\":\"https:\/\/pagina10.com\/web\/ejercito-nacional-inspecciona-grietas-en-pueblo-indigena-del-tablon-de-gomez\/#article\",\"isPartOf\":{\"@id\":\"https:\/\/pagina10.com\/web\/ejercito-nacional-inspecciona-grietas-en-pueblo-indigena-del-tablon-de-gomez\/\"},\"author\":{\"name\":\"P\u00e1gina 10\",\"@id\":\"https:\/\/pagina10.com\/web\/#\/schema\/person\/a7a5d38f0629dfc107f619fbae4f6cc3\"},\"headline\":\"Ej\u00e9rcito Nacional inspecciona grietas en pueblo ind\u00edgena del Tabl\u00f3n de G\u00f3mez\",\"datePublished\":\"2016-01-17T23:17:51+00:00\",\"mainEntityOfPage\":{\"@id\":\"https:\/\/pagina10.com\/web\/ejercito-nacional-inspecciona-grietas-en-pueblo-indigena-del-tablon-de-gomez\/\"},\"wordCount\":336,\"commentCount\":0,\"publisher\":{\"@id\":\"https:\/\/pagina10.com\/web\/#organization\"},\"image\":{\"@id\":\"https:\/\/pagina10.com\/web\/ejercito-nacional-inspecciona-grietas-en-pueblo-indigena-del-tablon-de-gomez\/#primaryimage\"},\"thumbnailUrl\":\"https:\/\/pagina10.com\/web\/wp-content\/uploads\/2016\/01\/65d4d64c92b129d688a61e84c4c65a63.jpg\",\"inLanguage\":\"es\",\"potentialAction\":[{\"@type\":\"CommentAction\",\"name\":\"Comment\",\"target\":[\"https:\/\/pagina10.com\/web\/ejercito-nacional-inspecciona-grietas-en-pueblo-indigena-del-tablon-de-gomez\/#respond\"]}]},{\"@type\":\"WebPage\",\"@id\":\"https:\/\/pagina10.com\/web\/ejercito-nacional-inspecciona-grietas-en-pueblo-indigena-del-tablon-de-gomez\/\",\"url\":\"https:\/\/pagina10.com\/web\/ejercito-nacional-inspecciona-grietas-en-pueblo-indigena-del-tablon-de-gomez\/\",\"name\":\"Ej\u00e9rcito Nacional inspecciona grietas en pueblo ind\u00edgena del Tabl\u00f3n de G\u00f3mez | P\u00e1gina10\",\"isPartOf\":{\"@id\":\"https:\/\/pagina10.com\/web\/#website\"},\"primaryImageOfPage\":{\"@id\":\"https:\/\/pagina10.com\/web\/ejercito-nacional-inspecciona-grietas-en-pueblo-indigena-del-tablon-de-gomez\/#primaryimage\"},\"image\":{\"@id\":\"https:\/\/pagina10.com\/web\/ejercito-nacional-inspecciona-grietas-en-pueblo-indigena-del-tablon-de-gomez\/#primaryimage\"},\"thumbnailUrl\":\"https:\/\/pagina10.com\/web\/wp-content\/uploads\/2016\/01\/65d4d64c92b129d688a61e84c4c65a63.jpg\",\"datePublished\":\"2016-01-17T23:17:51+00:00\",\"breadcrumb\":{\"@id\":\"https:\/\/pagina10.com\/web\/ejercito-nacional-inspecciona-grietas-en-pueblo-indigena-del-tablon-de-gomez\/#breadcrumb\"},\"inLanguage\":\"es\",\"potentialAction\":[{\"@type\":\"ReadAction\",\"target\":[\"https:\/\/pagina10.com\/web\/ejercito-nacional-inspecciona-grietas-en-pueblo-indigena-del-tablon-de-gomez\/\"]}]},{\"@type\":\"ImageObject\",\"inLanguage\":\"es\",\"@id\":\"https:\/\/pagina10.com\/web\/ejercito-nacional-inspecciona-grietas-en-pueblo-indigena-del-tablon-de-gomez\/#primaryimage\",\"url\":\"https:\/\/pagina10.com\/web\/wp-content\/uploads\/2016\/01\/65d4d64c92b129d688a61e84c4c65a63.jpg\",\"contentUrl\":\"https:\/\/pagina10.com\/web\/wp-content\/uploads\/2016\/01\/65d4d64c92b129d688a61e84c4c65a63.jpg\",\"width\":1600,\"height\":900},{\"@type\":\"BreadcrumbList\",\"@id\":\"https:\/\/pagina10.com\/web\/ejercito-nacional-inspecciona-grietas-en-pueblo-indigena-del-tablon-de-gomez\/#breadcrumb\",\"itemListElement\":[{\"@type\":\"ListItem\",\"position\":1,\"name\":\"Portada\",\"item\":\"https:\/\/pagina10.com\/web\/\"},{\"@type\":\"ListItem\",\"position\":2,\"name\":\"Ej\u00e9rcito Nacional inspecciona grietas en pueblo ind\u00edgena del Tabl\u00f3n de G\u00f3mez\"}]},{\"@type\":\"WebSite\",\"@id\":\"https:\/\/pagina10.com\/web\/#website\",\"url\":\"https:\/\/pagina10.com\/web\/\",\"name\":\"P\u00e1gina10\",\"description\":\"Peri\u00f3dico Regional\",\"publisher\":{\"@id\":\"https:\/\/pagina10.com\/web\/#organization\"},\"alternateName\":\"P\u00e1gina10 Peri\u00f3dico Regional\",\"potentialAction\":[{\"@type\":\"SearchAction\",\"target\":{\"@type\":\"EntryPoint\",\"urlTemplate\":\"https:\/\/pagina10.com\/web\/?s={search_term_string}\"},\"query-input\":{\"@type\":\"PropertyValueSpecification\",\"valueRequired\":true,\"valueName\":\"search_term_string\"}}],\"inLanguage\":\"es\"},{\"@type\":\"Organization\",\"@id\":\"https:\/\/pagina10.com\/web\/#organization\",\"name\":\"P\u00e1gina10\",\"alternateName\":\"P\u00e1gina10 Peri\u00f3dico Regional\",\"url\":\"https:\/\/pagina10.com\/web\/\",\"logo\":{\"@type\":\"ImageObject\",\"inLanguage\":\"es\",\"@id\":\"https:\/\/pagina10.com\/web\/#\/schema\/logo\/image\/\",\"url\":\"https:\/\/pagina10.com\/web\/wp-content\/uploads\/2024\/01\/40-pagina-10-periodico-regional-pasto.jpg\",\"contentUrl\":\"https:\/\/pagina10.com\/web\/wp-content\/uploads\/2024\/01\/40-pagina-10-periodico-regional-pasto.jpg\",\"width\":1280,\"height\":720,\"caption\":\"P\u00e1gina10\"},\"image\":{\"@id\":\"https:\/\/pagina10.com\/web\/#\/schema\/logo\/image\/\"},\"sameAs\":[\"https:\/\/www.facebook.com\/pag10com\",\"https:\/\/x.com\/Pag10com\",\"https:\/\/www.instagram.com\/pagina10col\/\",\"https:\/\/youtube.com\/channel\/pag10\",\"https:\/\/www.tiktok.com\/@p10col\"]},{\"@type\":\"Person\",\"@id\":\"https:\/\/pagina10.com\/web\/#\/schema\/person\/a7a5d38f0629dfc107f619fbae4f6cc3\",\"name\":\"P\u00e1gina 10\",\"description\":\"P\u00e1gina10.com es un peri\u00f3dico digital que nace en Colombia, en el departamento de Nari\u00f1o, con un enfoque global, fundamentado en cuatro pilares esenciales: la libertad, el pluralismo, la inclusi\u00f3n y la independencia. P\u00e1gina10.com hace referencia a Nari\u00f1o como el d\u00e9cimo departamento creado en Colombia, despu\u00e9s de un proceso pol\u00edtico liderado por actores y actrices regionales con el fin de obtener la independencia y autonom\u00eda de nuestros territorios. Con la creaci\u00f3n de P\u00e1gina10.com se pretende abrir un escenario para el dialogo, la reflexi\u00f3n y el debate que se extienda a otras geograf\u00edas de Am\u00e9rica Latina y del planeta, en una apuesta por transformar colectivamente los desaf\u00edos de un mundo contempor\u00e1neo, m\u00e1s all\u00e1 de las fronteras impuestas.\",\"url\":\"https:\/\/pagina10.com\/web\/author\/mcepeda\/\"}]}<\/script>\n<!-- \/ Yoast SEO plugin. -->","yoast_head_json":{"title":"Ej\u00e9rcito Nacional inspecciona grietas en pueblo ind\u00edgena del Tabl\u00f3n de G\u00f3mez | P\u00e1gina10","robots":{"index":"index","follow":"follow","max-snippet":"max-snippet:-1","max-image-preview":"max-image-preview:large","max-video-preview":"max-video-preview:-1"},"canonical":"https:\/\/pagina10.com\/web\/ejercito-nacional-inspecciona-grietas-en-pueblo-indigena-del-tablon-de-gomez\/","og_locale":"es_ES","og_type":"article","og_title":"Ej\u00e9rcito Nacional inspecciona grietas en pueblo ind\u00edgena del Tabl\u00f3n de G\u00f3mez | P\u00e1gina10","og_description":"Tras conocer la problem\u00e1tica que se presenta en el&nbsp;municipio de El Tabl\u00f3n de G\u00f3mez en el departamento de Nari\u00f1o, Ej\u00e9rcito Nacional envi\u00f3 una&nbsp;comisi\u00f3n hasta este lugar para conocer de primera mano la situaci\u00f3n de esta poblaci\u00f3n y&nbsp;plantear estrategias encaminadas al apoyo a este pueblo ind\u00edgena, que hoy se ve afectado. En pasados d\u00edas las autoridades [&hellip;]","og_url":"https:\/\/pagina10.com\/web\/ejercito-nacional-inspecciona-grietas-en-pueblo-indigena-del-tablon-de-gomez\/","og_site_name":"P\u00e1gina10","article_publisher":"https:\/\/www.facebook.com\/pag10com","article_published_time":"2016-01-17T23:17:51+00:00","og_image":[{"width":1600,"height":900,"url":"https:\/\/pagina10.com\/web\/wp-content\/uploads\/2016\/01\/65d4d64c92b129d688a61e84c4c65a63.jpg","type":"image\/jpeg"}],"author":"P\u00e1gina 10","twitter_card":"summary_large_image","twitter_creator":"@Pag10com","twitter_site":"@Pag10com","twitter_misc":{"Escrito por":"P\u00e1gina 10","Tiempo de lectura":"2 minutos"},"schema":{"@context":"https:\/\/schema.org","@graph":[{"@type":"Article","@id":"https:\/\/pagina10.com\/web\/ejercito-nacional-inspecciona-grietas-en-pueblo-indigena-del-tablon-de-gomez\/#article","isPartOf":{"@id":"https:\/\/pagina10.com\/web\/ejercito-nacional-inspecciona-grietas-en-pueblo-indigena-del-tablon-de-gomez\/"},"author":{"name":"P\u00e1gina 10","@id":"https:\/\/pagina10.com\/web\/#\/schema\/person\/a7a5d38f0629dfc107f619fbae4f6cc3"},"headline":"Ej\u00e9rcito Nacional inspecciona grietas en pueblo ind\u00edgena del Tabl\u00f3n de G\u00f3mez","datePublished":"2016-01-17T23:17:51+00:00","mainEntityOfPage":{"@id":"https:\/\/pagina10.com\/web\/ejercito-nacional-inspecciona-grietas-en-pueblo-indigena-del-tablon-de-gomez\/"},"wordCount":336,"commentCount":0,"publisher":{"@id":"https:\/\/pagina10.com\/web\/#organization"},"image":{"@id":"https:\/\/pagina10.com\/web\/ejercito-nacional-inspecciona-grietas-en-pueblo-indigena-del-tablon-de-gomez\/#primaryimage"},"thumbnailUrl":"https:\/\/pagina10.com\/web\/wp-content\/uploads\/2016\/01\/65d4d64c92b129d688a61e84c4c65a63.jpg","inLanguage":"es","potentialAction":[{"@type":"CommentAction","name":"Comment","target":["https:\/\/pagina10.com\/web\/ejercito-nacional-inspecciona-grietas-en-pueblo-indigena-del-tablon-de-gomez\/#respond"]}]},{"@type":"WebPage","@id":"https:\/\/pagina10.com\/web\/ejercito-nacional-inspecciona-grietas-en-pueblo-indigena-del-tablon-de-gomez\/","url":"https:\/\/pagina10.com\/web\/ejercito-nacional-inspecciona-grietas-en-pueblo-indigena-del-tablon-de-gomez\/","name":"Ej\u00e9rcito Nacional inspecciona grietas en pueblo ind\u00edgena del Tabl\u00f3n de G\u00f3mez | P\u00e1gina10","isPartOf":{"@id":"https:\/\/pagina10.com\/web\/#website"},"primaryImageOfPage":{"@id":"https:\/\/pagina10.com\/web\/ejercito-nacional-inspecciona-grietas-en-pueblo-indigena-del-tablon-de-gomez\/#primaryimage"},"image":{"@id":"https:\/\/pagina10.com\/web\/ejercito-nacional-inspecciona-grietas-en-pueblo-indigena-del-tablon-de-gomez\/#primaryimage"},"thumbnailUrl":"https:\/\/pagina10.com\/web\/wp-content\/uploads\/2016\/01\/65d4d64c92b129d688a61e84c4c65a63.jpg","datePublished":"2016-01-17T23:17:51+00:00","breadcrumb":{"@id":"https:\/\/pagina10.com\/web\/ejercito-nacional-inspecciona-grietas-en-pueblo-indigena-del-tablon-de-gomez\/#breadcrumb"},"inLanguage":"es","potentialAction":[{"@type":"ReadAction","target":["https:\/\/pagina10.com\/web\/ejercito-nacional-inspecciona-grietas-en-pueblo-indigena-del-tablon-de-gomez\/"]}]},{"@type":"ImageObject","inLanguage":"es","@id":"https:\/\/pagina10.com\/web\/ejercito-nacional-inspecciona-grietas-en-pueblo-indigena-del-tablon-de-gomez\/#primaryimage","url":"https:\/\/pagina10.com\/web\/wp-content\/uploads\/2016\/01\/65d4d64c92b129d688a61e84c4c65a63.jpg","contentUrl":"https:\/\/pagina10.com\/web\/wp-content\/uploads\/2016\/01\/65d4d64c92b129d688a61e84c4c65a63.jpg","width":1600,"height":900},{"@type":"BreadcrumbList","@id":"https:\/\/pagina10.com\/web\/ejercito-nacional-inspecciona-grietas-en-pueblo-indigena-del-tablon-de-gomez\/#breadcrumb","itemListElement":[{"@type":"ListItem","position":1,"name":"Portada","item":"https:\/\/pagina10.com\/web\/"},{"@type":"ListItem","position":2,"name":"Ej\u00e9rcito Nacional inspecciona grietas en pueblo ind\u00edgena del Tabl\u00f3n de G\u00f3mez"}]},{"@type":"WebSite","@id":"https:\/\/pagina10.com\/web\/#website","url":"https:\/\/pagina10.com\/web\/","name":"P\u00e1gina10","description":"Peri\u00f3dico Regional","publisher":{"@id":"https:\/\/pagina10.com\/web\/#organization"},"alternateName":"P\u00e1gina10 Peri\u00f3dico Regional","potentialAction":[{"@type":"SearchAction","target":{"@type":"EntryPoint","urlTemplate":"https:\/\/pagina10.com\/web\/?s={search_term_string}"},"query-input":{"@type":"PropertyValueSpecification","valueRequired":true,"valueName":"search_term_string"}}],"inLanguage":"es"},{"@type":"Organization","@id":"https:\/\/pagina10.com\/web\/#organization","name":"P\u00e1gina10","alternateName":"P\u00e1gina10 Peri\u00f3dico Regional","url":"https:\/\/pagina10.com\/web\/","logo":{"@type":"ImageObject","inLanguage":"es","@id":"https:\/\/pagina10.com\/web\/#\/schema\/logo\/image\/","url":"https:\/\/pagina10.com\/web\/wp-content\/uploads\/2024\/01\/40-pagina-10-periodico-regional-pasto.jpg","contentUrl":"https:\/\/pagina10.com\/web\/wp-content\/uploads\/2024\/01\/40-pagina-10-periodico-regional-pasto.jpg","width":1280,"height":720,"caption":"P\u00e1gina10"},"image":{"@id":"https:\/\/pagina10.com\/web\/#\/schema\/logo\/image\/"},"sameAs":["https:\/\/www.facebook.com\/pag10com","https:\/\/x.com\/Pag10com","https:\/\/www.instagram.com\/pagina10col\/","https:\/\/youtube.com\/channel\/pag10","https:\/\/www.tiktok.com\/@p10col"]},{"@type":"Person","@id":"https:\/\/pagina10.com\/web\/#\/schema\/person\/a7a5d38f0629dfc107f619fbae4f6cc3","name":"P\u00e1gina 10","description":"P\u00e1gina10.com es un peri\u00f3dico digital que nace en Colombia, en el departamento de Nari\u00f1o, con un enfoque global, fundamentado en cuatro pilares esenciales: la libertad, el pluralismo, la inclusi\u00f3n y la independencia. P\u00e1gina10.com hace referencia a Nari\u00f1o como el d\u00e9cimo departamento creado en Colombia, despu\u00e9s de un proceso pol\u00edtico liderado por actores y actrices regionales con el fin de obtener la independencia y autonom\u00eda de nuestros territorios. Con la creaci\u00f3n de P\u00e1gina10.com se pretende abrir un escenario para el dialogo, la reflexi\u00f3n y el debate que se extienda a otras geograf\u00edas de Am\u00e9rica Latina y del planeta, en una apuesta por transformar colectivamente los desaf\u00edos de un mundo contempor\u00e1neo, m\u00e1s all\u00e1 de las fronteras impuestas.","url":"https:\/\/pagina10.com\/web\/author\/mcepeda\/"}]}},"_links":{"self":[{"href":"https:\/\/pagina10.com\/web\/wp-json\/wp\/v2\/posts\/19366","targetHints":{"allow":["GET"]}}],"collection":[{"href":"https:\/\/pagina10.com\/web\/wp-json\/wp\/v2\/posts"}],"about":[{"href":"https:\/\/pagina10.com\/web\/wp-json\/wp\/v2\/types\/post"}],"author":[{"embeddable":true,"href":"https:\/\/pagina10.com\/web\/wp-json\/wp\/v2\/users\/29"}],"replies":[{"embeddable":true,"href":"https:\/\/pagina10.com\/web\/wp-json\/wp\/v2\/comments?post=19366"}],"version-history":[{"count":0,"href":"https:\/\/pagina10.com\/web\/wp-json\/wp\/v2\/posts\/19366\/revisions"}],"wp:featuredmedia":[{"embeddable":true,"href":"https:\/\/pagina10.com\/web\/wp-json\/wp\/v2\/media\/19365"}],"wp:attachment":[{"href":"https:\/\/pagina10.com\/web\/wp-json\/wp\/v2\/media?parent=19366"}],"wp:term":[{"taxonomy":"category","embeddable":true,"href":"https:\/\/pagina10.com\/web\/wp-json\/wp\/v2\/categories?post=19366"},{"taxonomy":"post_tag","embeddable":true,"href":"https:\/\/pagina10.com\/web\/wp-json\/wp\/v2\/tags?post=19366"}],"curies":[{"name":"wp","href":"https:\/\/api.w.org\/{rel}","templated":true}]}}