{"id":19368,"date":"2016-01-17T23:25:30","date_gmt":"2016-01-17T23:25:30","guid":{"rendered":"https:\/\/pagina10.com\/web\/se-posesiono-presidente-empresa-de-obras-sanitarias-de-pasto-empopasto-s-a-e-s-p\/"},"modified":"2016-01-17T23:25:30","modified_gmt":"2016-01-17T23:25:30","slug":"se-posesiono-presidente-empresa-de-obras-sanitarias-de-pasto-empopasto-s-a-e-s-p","status":"publish","type":"post","link":"https:\/\/pagina10.com\/web\/se-posesiono-presidente-empresa-de-obras-sanitarias-de-pasto-empopasto-s-a-e-s-p\/","title":{"rendered":"Se posesiono presidente Empresa de Obras Sanitarias de Pasto Empopasto S.A. E.S.P"},"content":{"rendered":"<p><img fetchpriority=\"high\" decoding=\"async\" class=\" size-full wp-image-19367\" src=\"https:\/\/pagina10.com\/web\/wp-content\/uploads\/2016\/01\/3c495e621d5cc82d9b077bd78285a7bd.jpg\" alt=\"\" width=\"512\" height=\"340\" srcset=\"https:\/\/pagina10.com\/web\/wp-content\/uploads\/2016\/01\/3c495e621d5cc82d9b077bd78285a7bd.jpg 512w, https:\/\/pagina10.com\/web\/wp-content\/uploads\/2016\/01\/3c495e621d5cc82d9b077bd78285a7bd-300x199.jpg 300w, https:\/\/pagina10.com\/web\/wp-content\/uploads\/2016\/01\/3c495e621d5cc82d9b077bd78285a7bd-450x300.jpg 450w\" sizes=\"(max-width: 512px) 100vw, 512px\" \/><\/p>\n<p style=\"text-align: justify;\">Ante el alcalde Pedro Vicente Obando Ord\u00f3\u00f1ez, el Economista y Especialista en Gesti\u00f3n de Recursos Internacionales, Oscar Parra Erazo, se posesion\u00f3 como Presidente de la Empresa de Obras Sanitarias de Pasto Empopasto S.A. E.S.P<\/p>\n<p style=\"text-align: justify;\">El nuevo directivo cuenta con m\u00e1s de 25 a\u00f1os de experiencia en el sector p\u00fablico y privado, se ha desempe\u00f1ado como Gerente General de Aguas de Bogot\u00e1, Gerente Corporativo de Residuos S\u00f3lidos de la Empresa de Acueducto, Alcantarillado y Aseo de Bogot\u00e1, Gerente de Proyectos Aseo Urbano S.A.S E.S.P de Bogot\u00e1, Gerente EMAS Pasto, entre otras funciones.<\/p>\n<p style=\"text-align: justify;\">El funcionario asegur\u00f3 que sus principales retos al frente de la entidad ser\u00e1n potencializar la empresa financiera, jur\u00eddica y estructuralmente con un nuevo modelo de gesti\u00f3n, teniendo como bandera la no privatizaci\u00f3n de Empopasto, as\u00ed como garantizar una excelente calidad en la prestaci\u00f3n del servicio, protegiendo al usuario.<\/p>\n","protected":false},"excerpt":{"rendered":"<p>Ante el alcalde Pedro Vicente Obando Ord\u00f3\u00f1ez, el Economista y Especialista en Gesti\u00f3n de Recursos Internacionales, Oscar Parra Erazo, se posesion\u00f3 como Presidente de la Empresa de Obras Sanitarias de Pasto Empopasto S.A. E.S.P El nuevo directivo cuenta con m\u00e1s de 25 a\u00f1os de experiencia en el sector p\u00fablico y privado, se ha desempe\u00f1ado como [&hellip;]<\/p>\n","protected":false},"author":29,"featured_media":19367,"comment_status":"open","ping_status":"open","sticky":false,"template":"","format":"standard","meta":{"footnotes":""},"categories":[1],"tags":[],"class_list":["post-19368","post","type-post","status-publish","format-standard","has-post-thumbnail","hentry","category-sin-categoria"],"yoast_head":"<!-- This site is optimized with the Yoast SEO plugin v27.1.1 - https:\/\/yoast.com\/product\/yoast-seo-wordpress\/ -->\n<title>Se posesiono presidente Empresa de Obras Sanitarias de Pasto Empopasto S.A. E.S.P | P\u00e1gina10<\/title>\n<meta name=\"robots\" content=\"index, follow, max-snippet:-1, max-image-preview:large, max-video-preview:-1\" \/>\n<link rel=\"canonical\" href=\"https:\/\/pagina10.com\/web\/se-posesiono-presidente-empresa-de-obras-sanitarias-de-pasto-empopasto-s-a-e-s-p\/\" \/>\n<meta property=\"og:locale\" content=\"es_ES\" \/>\n<meta property=\"og:type\" content=\"article\" \/>\n<meta property=\"og:title\" content=\"Se posesiono presidente Empresa de Obras Sanitarias de Pasto Empopasto S.A. E.S.P | P\u00e1gina10\" \/>\n<meta property=\"og:description\" content=\"Ante el alcalde Pedro Vicente Obando Ord\u00f3\u00f1ez, el Economista y Especialista en Gesti\u00f3n de Recursos Internacionales, Oscar Parra Erazo, se posesion\u00f3 como Presidente de la Empresa de Obras Sanitarias de Pasto Empopasto S.A. E.S.P El nuevo directivo cuenta con m\u00e1s de 25 a\u00f1os de experiencia en el sector p\u00fablico y privado, se ha desempe\u00f1ado como [&hellip;]\" \/>\n<meta property=\"og:url\" content=\"https:\/\/pagina10.com\/web\/se-posesiono-presidente-empresa-de-obras-sanitarias-de-pasto-empopasto-s-a-e-s-p\/\" \/>\n<meta property=\"og:site_name\" content=\"P\u00e1gina10\" \/>\n<meta property=\"article:publisher\" content=\"https:\/\/www.facebook.com\/pag10com\" \/>\n<meta property=\"article:published_time\" content=\"2016-01-17T23:25:30+00:00\" \/>\n<meta property=\"og:image\" content=\"https:\/\/pagina10.com\/web\/wp-content\/uploads\/2016\/01\/3c495e621d5cc82d9b077bd78285a7bd.jpg\" \/>\n\t<meta property=\"og:image:width\" content=\"512\" \/>\n\t<meta property=\"og:image:height\" content=\"340\" \/>\n\t<meta property=\"og:image:type\" content=\"image\/jpeg\" \/>\n<meta name=\"author\" content=\"P\u00e1gina 10\" \/>\n<meta name=\"twitter:card\" content=\"summary_large_image\" \/>\n<meta name=\"twitter:creator\" content=\"@Pag10com\" \/>\n<meta name=\"twitter:site\" content=\"@Pag10com\" \/>\n<meta name=\"twitter:label1\" content=\"Escrito por\" \/>\n\t<meta name=\"twitter:data1\" content=\"P\u00e1gina 10\" \/>\n\t<meta name=\"twitter:label2\" content=\"Tiempo de lectura\" \/>\n\t<meta name=\"twitter:data2\" content=\"1 minuto\" \/>\n<script type=\"application\/ld+json\" class=\"yoast-schema-graph\">{\"@context\":\"https:\/\/schema.org\",\"@graph\":[{\"@type\":\"Article\",\"@id\":\"https:\/\/pagina10.com\/web\/se-posesiono-presidente-empresa-de-obras-sanitarias-de-pasto-empopasto-s-a-e-s-p\/#article\",\"isPartOf\":{\"@id\":\"https:\/\/pagina10.com\/web\/se-posesiono-presidente-empresa-de-obras-sanitarias-de-pasto-empopasto-s-a-e-s-p\/\"},\"author\":{\"name\":\"P\u00e1gina 10\",\"@id\":\"https:\/\/pagina10.com\/web\/#\/schema\/person\/a7a5d38f0629dfc107f619fbae4f6cc3\"},\"headline\":\"Se posesiono presidente Empresa de Obras Sanitarias de Pasto Empopasto S.A. E.S.P\",\"datePublished\":\"2016-01-17T23:25:30+00:00\",\"mainEntityOfPage\":{\"@id\":\"https:\/\/pagina10.com\/web\/se-posesiono-presidente-empresa-de-obras-sanitarias-de-pasto-empopasto-s-a-e-s-p\/\"},\"wordCount\":172,\"commentCount\":0,\"publisher\":{\"@id\":\"https:\/\/pagina10.com\/web\/#organization\"},\"image\":{\"@id\":\"https:\/\/pagina10.com\/web\/se-posesiono-presidente-empresa-de-obras-sanitarias-de-pasto-empopasto-s-a-e-s-p\/#primaryimage\"},\"thumbnailUrl\":\"https:\/\/pagina10.com\/web\/wp-content\/uploads\/2016\/01\/3c495e621d5cc82d9b077bd78285a7bd.jpg\",\"inLanguage\":\"es\",\"potentialAction\":[{\"@type\":\"CommentAction\",\"name\":\"Comment\",\"target\":[\"https:\/\/pagina10.com\/web\/se-posesiono-presidente-empresa-de-obras-sanitarias-de-pasto-empopasto-s-a-e-s-p\/#respond\"]}]},{\"@type\":\"WebPage\",\"@id\":\"https:\/\/pagina10.com\/web\/se-posesiono-presidente-empresa-de-obras-sanitarias-de-pasto-empopasto-s-a-e-s-p\/\",\"url\":\"https:\/\/pagina10.com\/web\/se-posesiono-presidente-empresa-de-obras-sanitarias-de-pasto-empopasto-s-a-e-s-p\/\",\"name\":\"Se posesiono presidente Empresa de Obras Sanitarias de Pasto Empopasto S.A. E.S.P | P\u00e1gina10\",\"isPartOf\":{\"@id\":\"https:\/\/pagina10.com\/web\/#website\"},\"primaryImageOfPage\":{\"@id\":\"https:\/\/pagina10.com\/web\/se-posesiono-presidente-empresa-de-obras-sanitarias-de-pasto-empopasto-s-a-e-s-p\/#primaryimage\"},\"image\":{\"@id\":\"https:\/\/pagina10.com\/web\/se-posesiono-presidente-empresa-de-obras-sanitarias-de-pasto-empopasto-s-a-e-s-p\/#primaryimage\"},\"thumbnailUrl\":\"https:\/\/pagina10.com\/web\/wp-content\/uploads\/2016\/01\/3c495e621d5cc82d9b077bd78285a7bd.jpg\",\"datePublished\":\"2016-01-17T23:25:30+00:00\",\"breadcrumb\":{\"@id\":\"https:\/\/pagina10.com\/web\/se-posesiono-presidente-empresa-de-obras-sanitarias-de-pasto-empopasto-s-a-e-s-p\/#breadcrumb\"},\"inLanguage\":\"es\",\"potentialAction\":[{\"@type\":\"ReadAction\",\"target\":[\"https:\/\/pagina10.com\/web\/se-posesiono-presidente-empresa-de-obras-sanitarias-de-pasto-empopasto-s-a-e-s-p\/\"]}]},{\"@type\":\"ImageObject\",\"inLanguage\":\"es\",\"@id\":\"https:\/\/pagina10.com\/web\/se-posesiono-presidente-empresa-de-obras-sanitarias-de-pasto-empopasto-s-a-e-s-p\/#primaryimage\",\"url\":\"https:\/\/pagina10.com\/web\/wp-content\/uploads\/2016\/01\/3c495e621d5cc82d9b077bd78285a7bd.jpg\",\"contentUrl\":\"https:\/\/pagina10.com\/web\/wp-content\/uploads\/2016\/01\/3c495e621d5cc82d9b077bd78285a7bd.jpg\",\"width\":512,\"height\":340},{\"@type\":\"BreadcrumbList\",\"@id\":\"https:\/\/pagina10.com\/web\/se-posesiono-presidente-empresa-de-obras-sanitarias-de-pasto-empopasto-s-a-e-s-p\/#breadcrumb\",\"itemListElement\":[{\"@type\":\"ListItem\",\"position\":1,\"name\":\"Portada\",\"item\":\"https:\/\/pagina10.com\/web\/\"},{\"@type\":\"ListItem\",\"position\":2,\"name\":\"Se posesiono presidente Empresa de Obras Sanitarias de Pasto Empopasto S.A. E.S.P\"}]},{\"@type\":\"WebSite\",\"@id\":\"https:\/\/pagina10.com\/web\/#website\",\"url\":\"https:\/\/pagina10.com\/web\/\",\"name\":\"P\u00e1gina10\",\"description\":\"Peri\u00f3dico Regional\",\"publisher\":{\"@id\":\"https:\/\/pagina10.com\/web\/#organization\"},\"alternateName\":\"P\u00e1gina10 Peri\u00f3dico Regional\",\"potentialAction\":[{\"@type\":\"SearchAction\",\"target\":{\"@type\":\"EntryPoint\",\"urlTemplate\":\"https:\/\/pagina10.com\/web\/?s={search_term_string}\"},\"query-input\":{\"@type\":\"PropertyValueSpecification\",\"valueRequired\":true,\"valueName\":\"search_term_string\"}}],\"inLanguage\":\"es\"},{\"@type\":\"Organization\",\"@id\":\"https:\/\/pagina10.com\/web\/#organization\",\"name\":\"P\u00e1gina10\",\"alternateName\":\"P\u00e1gina10 Peri\u00f3dico Regional\",\"url\":\"https:\/\/pagina10.com\/web\/\",\"logo\":{\"@type\":\"ImageObject\",\"inLanguage\":\"es\",\"@id\":\"https:\/\/pagina10.com\/web\/#\/schema\/logo\/image\/\",\"url\":\"https:\/\/pagina10.com\/web\/wp-content\/uploads\/2024\/01\/40-pagina-10-periodico-regional-pasto.jpg\",\"contentUrl\":\"https:\/\/pagina10.com\/web\/wp-content\/uploads\/2024\/01\/40-pagina-10-periodico-regional-pasto.jpg\",\"width\":1280,\"height\":720,\"caption\":\"P\u00e1gina10\"},\"image\":{\"@id\":\"https:\/\/pagina10.com\/web\/#\/schema\/logo\/image\/\"},\"sameAs\":[\"https:\/\/www.facebook.com\/pag10com\",\"https:\/\/x.com\/Pag10com\",\"https:\/\/www.instagram.com\/pagina10col\/\",\"https:\/\/youtube.com\/channel\/pag10\",\"https:\/\/www.tiktok.com\/@p10col\"]},{\"@type\":\"Person\",\"@id\":\"https:\/\/pagina10.com\/web\/#\/schema\/person\/a7a5d38f0629dfc107f619fbae4f6cc3\",\"name\":\"P\u00e1gina 10\",\"description\":\"P\u00e1gina10.com es un peri\u00f3dico digital que nace en Colombia, en el departamento de Nari\u00f1o, con un enfoque global, fundamentado en cuatro pilares esenciales: la libertad, el pluralismo, la inclusi\u00f3n y la independencia. P\u00e1gina10.com hace referencia a Nari\u00f1o como el d\u00e9cimo departamento creado en Colombia, despu\u00e9s de un proceso pol\u00edtico liderado por actores y actrices regionales con el fin de obtener la independencia y autonom\u00eda de nuestros territorios. Con la creaci\u00f3n de P\u00e1gina10.com se pretende abrir un escenario para el dialogo, la reflexi\u00f3n y el debate que se extienda a otras geograf\u00edas de Am\u00e9rica Latina y del planeta, en una apuesta por transformar colectivamente los desaf\u00edos de un mundo contempor\u00e1neo, m\u00e1s all\u00e1 de las fronteras impuestas.\",\"url\":\"https:\/\/pagina10.com\/web\/author\/mcepeda\/\"}]}<\/script>\n<!-- \/ Yoast SEO plugin. -->","yoast_head_json":{"title":"Se posesiono presidente Empresa de Obras Sanitarias de Pasto Empopasto S.A. E.S.P | P\u00e1gina10","robots":{"index":"index","follow":"follow","max-snippet":"max-snippet:-1","max-image-preview":"max-image-preview:large","max-video-preview":"max-video-preview:-1"},"canonical":"https:\/\/pagina10.com\/web\/se-posesiono-presidente-empresa-de-obras-sanitarias-de-pasto-empopasto-s-a-e-s-p\/","og_locale":"es_ES","og_type":"article","og_title":"Se posesiono presidente Empresa de Obras Sanitarias de Pasto Empopasto S.A. E.S.P | P\u00e1gina10","og_description":"Ante el alcalde Pedro Vicente Obando Ord\u00f3\u00f1ez, el Economista y Especialista en Gesti\u00f3n de Recursos Internacionales, Oscar Parra Erazo, se posesion\u00f3 como Presidente de la Empresa de Obras Sanitarias de Pasto Empopasto S.A. E.S.P El nuevo directivo cuenta con m\u00e1s de 25 a\u00f1os de experiencia en el sector p\u00fablico y privado, se ha desempe\u00f1ado como [&hellip;]","og_url":"https:\/\/pagina10.com\/web\/se-posesiono-presidente-empresa-de-obras-sanitarias-de-pasto-empopasto-s-a-e-s-p\/","og_site_name":"P\u00e1gina10","article_publisher":"https:\/\/www.facebook.com\/pag10com","article_published_time":"2016-01-17T23:25:30+00:00","og_image":[{"width":512,"height":340,"url":"https:\/\/pagina10.com\/web\/wp-content\/uploads\/2016\/01\/3c495e621d5cc82d9b077bd78285a7bd.jpg","type":"image\/jpeg"}],"author":"P\u00e1gina 10","twitter_card":"summary_large_image","twitter_creator":"@Pag10com","twitter_site":"@Pag10com","twitter_misc":{"Escrito por":"P\u00e1gina 10","Tiempo de lectura":"1 minuto"},"schema":{"@context":"https:\/\/schema.org","@graph":[{"@type":"Article","@id":"https:\/\/pagina10.com\/web\/se-posesiono-presidente-empresa-de-obras-sanitarias-de-pasto-empopasto-s-a-e-s-p\/#article","isPartOf":{"@id":"https:\/\/pagina10.com\/web\/se-posesiono-presidente-empresa-de-obras-sanitarias-de-pasto-empopasto-s-a-e-s-p\/"},"author":{"name":"P\u00e1gina 10","@id":"https:\/\/pagina10.com\/web\/#\/schema\/person\/a7a5d38f0629dfc107f619fbae4f6cc3"},"headline":"Se posesiono presidente Empresa de Obras Sanitarias de Pasto Empopasto S.A. E.S.P","datePublished":"2016-01-17T23:25:30+00:00","mainEntityOfPage":{"@id":"https:\/\/pagina10.com\/web\/se-posesiono-presidente-empresa-de-obras-sanitarias-de-pasto-empopasto-s-a-e-s-p\/"},"wordCount":172,"commentCount":0,"publisher":{"@id":"https:\/\/pagina10.com\/web\/#organization"},"image":{"@id":"https:\/\/pagina10.com\/web\/se-posesiono-presidente-empresa-de-obras-sanitarias-de-pasto-empopasto-s-a-e-s-p\/#primaryimage"},"thumbnailUrl":"https:\/\/pagina10.com\/web\/wp-content\/uploads\/2016\/01\/3c495e621d5cc82d9b077bd78285a7bd.jpg","inLanguage":"es","potentialAction":[{"@type":"CommentAction","name":"Comment","target":["https:\/\/pagina10.com\/web\/se-posesiono-presidente-empresa-de-obras-sanitarias-de-pasto-empopasto-s-a-e-s-p\/#respond"]}]},{"@type":"WebPage","@id":"https:\/\/pagina10.com\/web\/se-posesiono-presidente-empresa-de-obras-sanitarias-de-pasto-empopasto-s-a-e-s-p\/","url":"https:\/\/pagina10.com\/web\/se-posesiono-presidente-empresa-de-obras-sanitarias-de-pasto-empopasto-s-a-e-s-p\/","name":"Se posesiono presidente Empresa de Obras Sanitarias de Pasto Empopasto S.A. E.S.P | P\u00e1gina10","isPartOf":{"@id":"https:\/\/pagina10.com\/web\/#website"},"primaryImageOfPage":{"@id":"https:\/\/pagina10.com\/web\/se-posesiono-presidente-empresa-de-obras-sanitarias-de-pasto-empopasto-s-a-e-s-p\/#primaryimage"},"image":{"@id":"https:\/\/pagina10.com\/web\/se-posesiono-presidente-empresa-de-obras-sanitarias-de-pasto-empopasto-s-a-e-s-p\/#primaryimage"},"thumbnailUrl":"https:\/\/pagina10.com\/web\/wp-content\/uploads\/2016\/01\/3c495e621d5cc82d9b077bd78285a7bd.jpg","datePublished":"2016-01-17T23:25:30+00:00","breadcrumb":{"@id":"https:\/\/pagina10.com\/web\/se-posesiono-presidente-empresa-de-obras-sanitarias-de-pasto-empopasto-s-a-e-s-p\/#breadcrumb"},"inLanguage":"es","potentialAction":[{"@type":"ReadAction","target":["https:\/\/pagina10.com\/web\/se-posesiono-presidente-empresa-de-obras-sanitarias-de-pasto-empopasto-s-a-e-s-p\/"]}]},{"@type":"ImageObject","inLanguage":"es","@id":"https:\/\/pagina10.com\/web\/se-posesiono-presidente-empresa-de-obras-sanitarias-de-pasto-empopasto-s-a-e-s-p\/#primaryimage","url":"https:\/\/pagina10.com\/web\/wp-content\/uploads\/2016\/01\/3c495e621d5cc82d9b077bd78285a7bd.jpg","contentUrl":"https:\/\/pagina10.com\/web\/wp-content\/uploads\/2016\/01\/3c495e621d5cc82d9b077bd78285a7bd.jpg","width":512,"height":340},{"@type":"BreadcrumbList","@id":"https:\/\/pagina10.com\/web\/se-posesiono-presidente-empresa-de-obras-sanitarias-de-pasto-empopasto-s-a-e-s-p\/#breadcrumb","itemListElement":[{"@type":"ListItem","position":1,"name":"Portada","item":"https:\/\/pagina10.com\/web\/"},{"@type":"ListItem","position":2,"name":"Se posesiono presidente Empresa de Obras Sanitarias de Pasto Empopasto S.A. E.S.P"}]},{"@type":"WebSite","@id":"https:\/\/pagina10.com\/web\/#website","url":"https:\/\/pagina10.com\/web\/","name":"P\u00e1gina10","description":"Peri\u00f3dico Regional","publisher":{"@id":"https:\/\/pagina10.com\/web\/#organization"},"alternateName":"P\u00e1gina10 Peri\u00f3dico Regional","potentialAction":[{"@type":"SearchAction","target":{"@type":"EntryPoint","urlTemplate":"https:\/\/pagina10.com\/web\/?s={search_term_string}"},"query-input":{"@type":"PropertyValueSpecification","valueRequired":true,"valueName":"search_term_string"}}],"inLanguage":"es"},{"@type":"Organization","@id":"https:\/\/pagina10.com\/web\/#organization","name":"P\u00e1gina10","alternateName":"P\u00e1gina10 Peri\u00f3dico Regional","url":"https:\/\/pagina10.com\/web\/","logo":{"@type":"ImageObject","inLanguage":"es","@id":"https:\/\/pagina10.com\/web\/#\/schema\/logo\/image\/","url":"https:\/\/pagina10.com\/web\/wp-content\/uploads\/2024\/01\/40-pagina-10-periodico-regional-pasto.jpg","contentUrl":"https:\/\/pagina10.com\/web\/wp-content\/uploads\/2024\/01\/40-pagina-10-periodico-regional-pasto.jpg","width":1280,"height":720,"caption":"P\u00e1gina10"},"image":{"@id":"https:\/\/pagina10.com\/web\/#\/schema\/logo\/image\/"},"sameAs":["https:\/\/www.facebook.com\/pag10com","https:\/\/x.com\/Pag10com","https:\/\/www.instagram.com\/pagina10col\/","https:\/\/youtube.com\/channel\/pag10","https:\/\/www.tiktok.com\/@p10col"]},{"@type":"Person","@id":"https:\/\/pagina10.com\/web\/#\/schema\/person\/a7a5d38f0629dfc107f619fbae4f6cc3","name":"P\u00e1gina 10","description":"P\u00e1gina10.com es un peri\u00f3dico digital que nace en Colombia, en el departamento de Nari\u00f1o, con un enfoque global, fundamentado en cuatro pilares esenciales: la libertad, el pluralismo, la inclusi\u00f3n y la independencia. P\u00e1gina10.com hace referencia a Nari\u00f1o como el d\u00e9cimo departamento creado en Colombia, despu\u00e9s de un proceso pol\u00edtico liderado por actores y actrices regionales con el fin de obtener la independencia y autonom\u00eda de nuestros territorios. Con la creaci\u00f3n de P\u00e1gina10.com se pretende abrir un escenario para el dialogo, la reflexi\u00f3n y el debate que se extienda a otras geograf\u00edas de Am\u00e9rica Latina y del planeta, en una apuesta por transformar colectivamente los desaf\u00edos de un mundo contempor\u00e1neo, m\u00e1s all\u00e1 de las fronteras impuestas.","url":"https:\/\/pagina10.com\/web\/author\/mcepeda\/"}]}},"_links":{"self":[{"href":"https:\/\/pagina10.com\/web\/wp-json\/wp\/v2\/posts\/19368","targetHints":{"allow":["GET"]}}],"collection":[{"href":"https:\/\/pagina10.com\/web\/wp-json\/wp\/v2\/posts"}],"about":[{"href":"https:\/\/pagina10.com\/web\/wp-json\/wp\/v2\/types\/post"}],"author":[{"embeddable":true,"href":"https:\/\/pagina10.com\/web\/wp-json\/wp\/v2\/users\/29"}],"replies":[{"embeddable":true,"href":"https:\/\/pagina10.com\/web\/wp-json\/wp\/v2\/comments?post=19368"}],"version-history":[{"count":0,"href":"https:\/\/pagina10.com\/web\/wp-json\/wp\/v2\/posts\/19368\/revisions"}],"wp:featuredmedia":[{"embeddable":true,"href":"https:\/\/pagina10.com\/web\/wp-json\/wp\/v2\/media\/19367"}],"wp:attachment":[{"href":"https:\/\/pagina10.com\/web\/wp-json\/wp\/v2\/media?parent=19368"}],"wp:term":[{"taxonomy":"category","embeddable":true,"href":"https:\/\/pagina10.com\/web\/wp-json\/wp\/v2\/categories?post=19368"},{"taxonomy":"post_tag","embeddable":true,"href":"https:\/\/pagina10.com\/web\/wp-json\/wp\/v2\/tags?post=19368"}],"curies":[{"name":"wp","href":"https:\/\/api.w.org\/{rel}","templated":true}]}}