{"id":19370,"date":"2016-01-18T00:06:18","date_gmt":"2016-01-18T00:06:18","guid":{"rendered":"https:\/\/pagina10.com\/web\/nuevas-sanciones-contra-iran-por-un-test-con-misiles-balisticos\/"},"modified":"2016-01-18T00:06:18","modified_gmt":"2016-01-18T00:06:18","slug":"nuevas-sanciones-contra-iran-por-un-test-con-misiles-balisticos","status":"publish","type":"post","link":"https:\/\/pagina10.com\/web\/nuevas-sanciones-contra-iran-por-un-test-con-misiles-balisticos\/","title":{"rendered":"Nuevas sanciones contra Ir\u00e1n por un test con misiles bal\u00edsticos"},"content":{"rendered":"<p><img fetchpriority=\"high\" decoding=\"async\" class=\" size-full wp-image-19369\" src=\"https:\/\/pagina10.com\/web\/wp-content\/uploads\/2016\/01\/c1230a7407c90630e1a711c13b47915e.jpg\" alt=\"\" width=\"624\" height=\"351\" srcset=\"https:\/\/pagina10.com\/web\/wp-content\/uploads\/2016\/01\/c1230a7407c90630e1a711c13b47915e.jpg 624w, https:\/\/pagina10.com\/web\/wp-content\/uploads\/2016\/01\/c1230a7407c90630e1a711c13b47915e-300x169.jpg 300w\" sizes=\"(max-width: 624px) 100vw, 624px\" \/><\/p>\n<p style=\"text-align: justify;\">Estados Unidos impuso este domingo sanciones contra 11 compa\u00f1\u00edas e individuos por proveer materiales al programa de misiles bal\u00edsticos de Ir\u00e1n, seg\u00fan inform\u00f3 el Departamento del Tesoro.<\/p>\n<p style=\"text-align: justify;\">Las nuevas sanciones fueron reveladas despu\u00e9s de que el gobierno estadounidense aplazara la medida por m\u00e1s de dos semanas durante las tensas negociaciones para liberar a cinco prisioneros estadounidenses en Ir\u00e1n, de acuerdo a fuentes citadas por la agencia Reuters.<\/p>\n<p style=\"text-align: justify;\">El anuncio del Departamento del Tesoro tuvo lugar un d\u00eda despu\u00e9s del levantamiento de sanciones econ\u00f3micas de la ONU, la Uni\u00f3n Europea y Estados Unidos contra Ir\u00e1n por su programa nuclear.<\/p>\n<p style=\"text-align: justify;\">Las sanciones anunciadas este domingo fueron en respuesta a pruebas realizadas por Ir\u00e1n en octubre con misiles bal\u00edsticos capaces de transportar armas nucleares, en violaci\u00f3n de una prohibici\u00f3n de la ONU.<\/p>\n<p style=\"text-align: justify;\">&#8220;El programa de misiles bal\u00edsticos de Ir\u00e1n representa una amenaza significativa a la seguridad regional y global y seguir\u00e1 siendo motivo de sanciones internacionales&#8221;, dijo el secretario adjunto de Terrorismo e Inteligencia Financiera del Departamento del Tesoro, Adam Szubin.<\/p>\n<p style=\"text-align: justify;\">A pesar del anuncio de nuevas sanciones, el presidente Barack Obama elogi\u00f3 en una conferencia de prensa el acuerdo alcanzado con Ir\u00e1n en julio sobre la suspensi\u00f3n de su programa nuclear como &#8220;bueno para Estados Unidos y para el mundo porque Ir\u00e1n no puede hacer ahora una bomba nuclear&#8221;.<\/p>\n<p style=\"text-align: justify;\">Las nuevas sanciones tienen un alcance limitado pues solo afectan a esas 11 personas e individuos mencionados en la decisi\u00f3n del Departamento del Tesoro.<\/p>\n<p style=\"text-align: justify;\">Las sanciones levantadas el s\u00e1bado, en cambio, imped\u00edan a Ir\u00e1n vender libremente su petr\u00f3leo en el mercado mundial, le manten\u00edan desconectado de los mecanismos del sistema financiero global y le imped\u00edan disponer de activos estimados en m\u00e1s de US$100.000 millones que estaban congelados en el exterior.<\/p>\n<p style=\"text-align: justify;\"><strong>Prisioneros liberados<\/strong><br \/>Tres de los cuatro estadounidenses que estaban en prisi\u00f3n fueron puestos en libertad este s\u00e1bado por Ir\u00e1n y abandonaron ese pa\u00eds en un avi\u00f3n, seg\u00fan el diario The Washinton Post, uno de cuyos reporteros est\u00e1 entre los liberados como parte de un canje de presos.<\/p>\n<p style=\"text-align: justify;\">Seg\u00fan el peri\u00f3dico, que cita fuentes del gobierno de EE.UU., los tres estadounidenses, que tambi\u00e9n tienen ciudadan\u00eda iran\u00ed y entre los que est\u00e1 el reportero Jason Rezaian, partieron este domingo de Teher\u00e1n en un avi\u00f3n rumbo a una base militar estadounidense en Alemania, con una escala en Suiza, para ser sometidos a una evaluaci\u00f3n m\u00e9dica.<\/p>\n<p style=\"text-align: justify;\">Los otros estadounidenses liberados son el exmilitar Amir Hekmati y el pastor religioso Saeed Abedini, mientras que el empresario Nosratollah Khosravi-Roodsari, que tambi\u00e9n fue liberado por las autoridades iran\u00edes, no se embarc\u00f3 en el avi\u00f3n con los dem\u00e1s.<\/p>\n<p style=\"text-align: justify;\">Seg\u00fan pudo conocer la BBC, los prisioneros liberados llegaron a Ginebra desde donde partieron hacia la base militar estadounidense de Ramstein, en Alemania, donde ser\u00e1n sometidos a una evaluaci\u00f3n m\u00e9dica.<\/p>\n<p style=\"text-align: justify;\">La liberaci\u00f3n de los estadounidenses se produjo dentro de un canje de presos que precedi\u00f3 al anuncio sobre la entrada en vigor del acuerdo alcanzado en julio que incluye el levantamiento de sanciones econ\u00f3micas contra Teher\u00e1n.<\/p>\n<p style=\"text-align: justify;\">Dentro del acuerdo para la liberaci\u00f3n de los presos estadounidenses, EE.UU. otorg\u00f3 clemencia a siete iran\u00edes condenados o pendientes de juicio en territorio estadounidense por delitos relacionados con el embargo econ\u00f3mico contra Ir\u00e1n, seis de ellos tambi\u00e9n con doble nacionalidad.<\/p>\n<p style=\"text-align: justify;\">Estados Unidos tambi\u00e9n inform\u00f3 ese s\u00e1bado de la retirada de los cargos formulados contra 14 ciudadanos iran\u00edes, a los que dejar\u00e1 de perseguir la Interpol a petici\u00f3n de Washington.<\/p>\n<p style=\"text-align: justify;\">&nbsp;<\/p>\n<p>Fuente: BBC<\/p>\n","protected":false},"excerpt":{"rendered":"<p>Estados Unidos impuso este domingo sanciones contra 11 compa\u00f1\u00edas e individuos por proveer materiales al programa de misiles bal\u00edsticos de Ir\u00e1n, seg\u00fan inform\u00f3 el Departamento del Tesoro. Las nuevas sanciones fueron reveladas despu\u00e9s de que el gobierno estadounidense aplazara la medida por m\u00e1s de dos semanas durante las tensas negociaciones para liberar a cinco prisioneros [&hellip;]<\/p>\n","protected":false},"author":29,"featured_media":19369,"comment_status":"open","ping_status":"open","sticky":false,"template":"","format":"standard","meta":{"footnotes":""},"categories":[1],"tags":[],"class_list":["post-19370","post","type-post","status-publish","format-standard","has-post-thumbnail","hentry","category-sin-categoria"],"yoast_head":"<!-- This site is optimized with the Yoast SEO plugin v27.1.1 - https:\/\/yoast.com\/product\/yoast-seo-wordpress\/ -->\n<title>Nuevas sanciones contra Ir\u00e1n por un test con misiles bal\u00edsticos | P\u00e1gina10<\/title>\n<meta name=\"robots\" content=\"index, follow, max-snippet:-1, max-image-preview:large, max-video-preview:-1\" \/>\n<link rel=\"canonical\" href=\"https:\/\/pagina10.com\/web\/nuevas-sanciones-contra-iran-por-un-test-con-misiles-balisticos\/\" \/>\n<meta property=\"og:locale\" content=\"es_ES\" \/>\n<meta property=\"og:type\" content=\"article\" \/>\n<meta property=\"og:title\" content=\"Nuevas sanciones contra Ir\u00e1n por un test con misiles bal\u00edsticos | P\u00e1gina10\" \/>\n<meta property=\"og:description\" content=\"Estados Unidos impuso este domingo sanciones contra 11 compa\u00f1\u00edas e individuos por proveer materiales al programa de misiles bal\u00edsticos de Ir\u00e1n, seg\u00fan inform\u00f3 el Departamento del Tesoro. Las nuevas sanciones fueron reveladas despu\u00e9s de que el gobierno estadounidense aplazara la medida por m\u00e1s de dos semanas durante las tensas negociaciones para liberar a cinco prisioneros [&hellip;]\" \/>\n<meta property=\"og:url\" content=\"https:\/\/pagina10.com\/web\/nuevas-sanciones-contra-iran-por-un-test-con-misiles-balisticos\/\" \/>\n<meta property=\"og:site_name\" content=\"P\u00e1gina10\" \/>\n<meta property=\"article:publisher\" content=\"https:\/\/www.facebook.com\/pag10com\" \/>\n<meta property=\"article:published_time\" content=\"2016-01-18T00:06:18+00:00\" \/>\n<meta property=\"og:image\" content=\"https:\/\/pagina10.com\/web\/wp-content\/uploads\/2016\/01\/c1230a7407c90630e1a711c13b47915e.jpg\" \/>\n\t<meta property=\"og:image:width\" content=\"624\" \/>\n\t<meta property=\"og:image:height\" content=\"351\" \/>\n\t<meta property=\"og:image:type\" content=\"image\/jpeg\" \/>\n<meta name=\"author\" content=\"P\u00e1gina 10\" \/>\n<meta name=\"twitter:card\" content=\"summary_large_image\" \/>\n<meta name=\"twitter:creator\" content=\"@Pag10com\" \/>\n<meta name=\"twitter:site\" content=\"@Pag10com\" \/>\n<meta name=\"twitter:label1\" content=\"Escrito por\" \/>\n\t<meta name=\"twitter:data1\" content=\"P\u00e1gina 10\" \/>\n\t<meta name=\"twitter:label2\" content=\"Tiempo de lectura\" \/>\n\t<meta name=\"twitter:data2\" content=\"3 minutos\" \/>\n<script type=\"application\/ld+json\" class=\"yoast-schema-graph\">{\"@context\":\"https:\/\/schema.org\",\"@graph\":[{\"@type\":\"Article\",\"@id\":\"https:\/\/pagina10.com\/web\/nuevas-sanciones-contra-iran-por-un-test-con-misiles-balisticos\/#article\",\"isPartOf\":{\"@id\":\"https:\/\/pagina10.com\/web\/nuevas-sanciones-contra-iran-por-un-test-con-misiles-balisticos\/\"},\"author\":{\"name\":\"P\u00e1gina 10\",\"@id\":\"https:\/\/pagina10.com\/web\/#\/schema\/person\/a7a5d38f0629dfc107f619fbae4f6cc3\"},\"headline\":\"Nuevas sanciones contra Ir\u00e1n por un test con misiles bal\u00edsticos\",\"datePublished\":\"2016-01-18T00:06:18+00:00\",\"mainEntityOfPage\":{\"@id\":\"https:\/\/pagina10.com\/web\/nuevas-sanciones-contra-iran-por-un-test-con-misiles-balisticos\/\"},\"wordCount\":639,\"commentCount\":0,\"publisher\":{\"@id\":\"https:\/\/pagina10.com\/web\/#organization\"},\"image\":{\"@id\":\"https:\/\/pagina10.com\/web\/nuevas-sanciones-contra-iran-por-un-test-con-misiles-balisticos\/#primaryimage\"},\"thumbnailUrl\":\"https:\/\/pagina10.com\/web\/wp-content\/uploads\/2016\/01\/c1230a7407c90630e1a711c13b47915e.jpg\",\"inLanguage\":\"es\",\"potentialAction\":[{\"@type\":\"CommentAction\",\"name\":\"Comment\",\"target\":[\"https:\/\/pagina10.com\/web\/nuevas-sanciones-contra-iran-por-un-test-con-misiles-balisticos\/#respond\"]}]},{\"@type\":\"WebPage\",\"@id\":\"https:\/\/pagina10.com\/web\/nuevas-sanciones-contra-iran-por-un-test-con-misiles-balisticos\/\",\"url\":\"https:\/\/pagina10.com\/web\/nuevas-sanciones-contra-iran-por-un-test-con-misiles-balisticos\/\",\"name\":\"Nuevas sanciones contra Ir\u00e1n por un test con misiles bal\u00edsticos | P\u00e1gina10\",\"isPartOf\":{\"@id\":\"https:\/\/pagina10.com\/web\/#website\"},\"primaryImageOfPage\":{\"@id\":\"https:\/\/pagina10.com\/web\/nuevas-sanciones-contra-iran-por-un-test-con-misiles-balisticos\/#primaryimage\"},\"image\":{\"@id\":\"https:\/\/pagina10.com\/web\/nuevas-sanciones-contra-iran-por-un-test-con-misiles-balisticos\/#primaryimage\"},\"thumbnailUrl\":\"https:\/\/pagina10.com\/web\/wp-content\/uploads\/2016\/01\/c1230a7407c90630e1a711c13b47915e.jpg\",\"datePublished\":\"2016-01-18T00:06:18+00:00\",\"breadcrumb\":{\"@id\":\"https:\/\/pagina10.com\/web\/nuevas-sanciones-contra-iran-por-un-test-con-misiles-balisticos\/#breadcrumb\"},\"inLanguage\":\"es\",\"potentialAction\":[{\"@type\":\"ReadAction\",\"target\":[\"https:\/\/pagina10.com\/web\/nuevas-sanciones-contra-iran-por-un-test-con-misiles-balisticos\/\"]}]},{\"@type\":\"ImageObject\",\"inLanguage\":\"es\",\"@id\":\"https:\/\/pagina10.com\/web\/nuevas-sanciones-contra-iran-por-un-test-con-misiles-balisticos\/#primaryimage\",\"url\":\"https:\/\/pagina10.com\/web\/wp-content\/uploads\/2016\/01\/c1230a7407c90630e1a711c13b47915e.jpg\",\"contentUrl\":\"https:\/\/pagina10.com\/web\/wp-content\/uploads\/2016\/01\/c1230a7407c90630e1a711c13b47915e.jpg\",\"width\":624,\"height\":351},{\"@type\":\"BreadcrumbList\",\"@id\":\"https:\/\/pagina10.com\/web\/nuevas-sanciones-contra-iran-por-un-test-con-misiles-balisticos\/#breadcrumb\",\"itemListElement\":[{\"@type\":\"ListItem\",\"position\":1,\"name\":\"Portada\",\"item\":\"https:\/\/pagina10.com\/web\/\"},{\"@type\":\"ListItem\",\"position\":2,\"name\":\"Nuevas sanciones contra Ir\u00e1n por un test con misiles bal\u00edsticos\"}]},{\"@type\":\"WebSite\",\"@id\":\"https:\/\/pagina10.com\/web\/#website\",\"url\":\"https:\/\/pagina10.com\/web\/\",\"name\":\"P\u00e1gina10\",\"description\":\"Peri\u00f3dico Regional\",\"publisher\":{\"@id\":\"https:\/\/pagina10.com\/web\/#organization\"},\"alternateName\":\"P\u00e1gina10 Peri\u00f3dico Regional\",\"potentialAction\":[{\"@type\":\"SearchAction\",\"target\":{\"@type\":\"EntryPoint\",\"urlTemplate\":\"https:\/\/pagina10.com\/web\/?s={search_term_string}\"},\"query-input\":{\"@type\":\"PropertyValueSpecification\",\"valueRequired\":true,\"valueName\":\"search_term_string\"}}],\"inLanguage\":\"es\"},{\"@type\":\"Organization\",\"@id\":\"https:\/\/pagina10.com\/web\/#organization\",\"name\":\"P\u00e1gina10\",\"alternateName\":\"P\u00e1gina10 Peri\u00f3dico Regional\",\"url\":\"https:\/\/pagina10.com\/web\/\",\"logo\":{\"@type\":\"ImageObject\",\"inLanguage\":\"es\",\"@id\":\"https:\/\/pagina10.com\/web\/#\/schema\/logo\/image\/\",\"url\":\"https:\/\/pagina10.com\/web\/wp-content\/uploads\/2024\/01\/40-pagina-10-periodico-regional-pasto.jpg\",\"contentUrl\":\"https:\/\/pagina10.com\/web\/wp-content\/uploads\/2024\/01\/40-pagina-10-periodico-regional-pasto.jpg\",\"width\":1280,\"height\":720,\"caption\":\"P\u00e1gina10\"},\"image\":{\"@id\":\"https:\/\/pagina10.com\/web\/#\/schema\/logo\/image\/\"},\"sameAs\":[\"https:\/\/www.facebook.com\/pag10com\",\"https:\/\/x.com\/Pag10com\",\"https:\/\/www.instagram.com\/pagina10col\/\",\"https:\/\/youtube.com\/channel\/pag10\",\"https:\/\/www.tiktok.com\/@p10col\"]},{\"@type\":\"Person\",\"@id\":\"https:\/\/pagina10.com\/web\/#\/schema\/person\/a7a5d38f0629dfc107f619fbae4f6cc3\",\"name\":\"P\u00e1gina 10\",\"description\":\"P\u00e1gina10.com es un peri\u00f3dico digital que nace en Colombia, en el departamento de Nari\u00f1o, con un enfoque global, fundamentado en cuatro pilares esenciales: la libertad, el pluralismo, la inclusi\u00f3n y la independencia. P\u00e1gina10.com hace referencia a Nari\u00f1o como el d\u00e9cimo departamento creado en Colombia, despu\u00e9s de un proceso pol\u00edtico liderado por actores y actrices regionales con el fin de obtener la independencia y autonom\u00eda de nuestros territorios. Con la creaci\u00f3n de P\u00e1gina10.com se pretende abrir un escenario para el dialogo, la reflexi\u00f3n y el debate que se extienda a otras geograf\u00edas de Am\u00e9rica Latina y del planeta, en una apuesta por transformar colectivamente los desaf\u00edos de un mundo contempor\u00e1neo, m\u00e1s all\u00e1 de las fronteras impuestas.\",\"url\":\"https:\/\/pagina10.com\/web\/author\/mcepeda\/\"}]}<\/script>\n<!-- \/ Yoast SEO plugin. -->","yoast_head_json":{"title":"Nuevas sanciones contra Ir\u00e1n por un test con misiles bal\u00edsticos | P\u00e1gina10","robots":{"index":"index","follow":"follow","max-snippet":"max-snippet:-1","max-image-preview":"max-image-preview:large","max-video-preview":"max-video-preview:-1"},"canonical":"https:\/\/pagina10.com\/web\/nuevas-sanciones-contra-iran-por-un-test-con-misiles-balisticos\/","og_locale":"es_ES","og_type":"article","og_title":"Nuevas sanciones contra Ir\u00e1n por un test con misiles bal\u00edsticos | P\u00e1gina10","og_description":"Estados Unidos impuso este domingo sanciones contra 11 compa\u00f1\u00edas e individuos por proveer materiales al programa de misiles bal\u00edsticos de Ir\u00e1n, seg\u00fan inform\u00f3 el Departamento del Tesoro. Las nuevas sanciones fueron reveladas despu\u00e9s de que el gobierno estadounidense aplazara la medida por m\u00e1s de dos semanas durante las tensas negociaciones para liberar a cinco prisioneros [&hellip;]","og_url":"https:\/\/pagina10.com\/web\/nuevas-sanciones-contra-iran-por-un-test-con-misiles-balisticos\/","og_site_name":"P\u00e1gina10","article_publisher":"https:\/\/www.facebook.com\/pag10com","article_published_time":"2016-01-18T00:06:18+00:00","og_image":[{"width":624,"height":351,"url":"https:\/\/pagina10.com\/web\/wp-content\/uploads\/2016\/01\/c1230a7407c90630e1a711c13b47915e.jpg","type":"image\/jpeg"}],"author":"P\u00e1gina 10","twitter_card":"summary_large_image","twitter_creator":"@Pag10com","twitter_site":"@Pag10com","twitter_misc":{"Escrito por":"P\u00e1gina 10","Tiempo de lectura":"3 minutos"},"schema":{"@context":"https:\/\/schema.org","@graph":[{"@type":"Article","@id":"https:\/\/pagina10.com\/web\/nuevas-sanciones-contra-iran-por-un-test-con-misiles-balisticos\/#article","isPartOf":{"@id":"https:\/\/pagina10.com\/web\/nuevas-sanciones-contra-iran-por-un-test-con-misiles-balisticos\/"},"author":{"name":"P\u00e1gina 10","@id":"https:\/\/pagina10.com\/web\/#\/schema\/person\/a7a5d38f0629dfc107f619fbae4f6cc3"},"headline":"Nuevas sanciones contra Ir\u00e1n por un test con misiles bal\u00edsticos","datePublished":"2016-01-18T00:06:18+00:00","mainEntityOfPage":{"@id":"https:\/\/pagina10.com\/web\/nuevas-sanciones-contra-iran-por-un-test-con-misiles-balisticos\/"},"wordCount":639,"commentCount":0,"publisher":{"@id":"https:\/\/pagina10.com\/web\/#organization"},"image":{"@id":"https:\/\/pagina10.com\/web\/nuevas-sanciones-contra-iran-por-un-test-con-misiles-balisticos\/#primaryimage"},"thumbnailUrl":"https:\/\/pagina10.com\/web\/wp-content\/uploads\/2016\/01\/c1230a7407c90630e1a711c13b47915e.jpg","inLanguage":"es","potentialAction":[{"@type":"CommentAction","name":"Comment","target":["https:\/\/pagina10.com\/web\/nuevas-sanciones-contra-iran-por-un-test-con-misiles-balisticos\/#respond"]}]},{"@type":"WebPage","@id":"https:\/\/pagina10.com\/web\/nuevas-sanciones-contra-iran-por-un-test-con-misiles-balisticos\/","url":"https:\/\/pagina10.com\/web\/nuevas-sanciones-contra-iran-por-un-test-con-misiles-balisticos\/","name":"Nuevas sanciones contra Ir\u00e1n por un test con misiles bal\u00edsticos | P\u00e1gina10","isPartOf":{"@id":"https:\/\/pagina10.com\/web\/#website"},"primaryImageOfPage":{"@id":"https:\/\/pagina10.com\/web\/nuevas-sanciones-contra-iran-por-un-test-con-misiles-balisticos\/#primaryimage"},"image":{"@id":"https:\/\/pagina10.com\/web\/nuevas-sanciones-contra-iran-por-un-test-con-misiles-balisticos\/#primaryimage"},"thumbnailUrl":"https:\/\/pagina10.com\/web\/wp-content\/uploads\/2016\/01\/c1230a7407c90630e1a711c13b47915e.jpg","datePublished":"2016-01-18T00:06:18+00:00","breadcrumb":{"@id":"https:\/\/pagina10.com\/web\/nuevas-sanciones-contra-iran-por-un-test-con-misiles-balisticos\/#breadcrumb"},"inLanguage":"es","potentialAction":[{"@type":"ReadAction","target":["https:\/\/pagina10.com\/web\/nuevas-sanciones-contra-iran-por-un-test-con-misiles-balisticos\/"]}]},{"@type":"ImageObject","inLanguage":"es","@id":"https:\/\/pagina10.com\/web\/nuevas-sanciones-contra-iran-por-un-test-con-misiles-balisticos\/#primaryimage","url":"https:\/\/pagina10.com\/web\/wp-content\/uploads\/2016\/01\/c1230a7407c90630e1a711c13b47915e.jpg","contentUrl":"https:\/\/pagina10.com\/web\/wp-content\/uploads\/2016\/01\/c1230a7407c90630e1a711c13b47915e.jpg","width":624,"height":351},{"@type":"BreadcrumbList","@id":"https:\/\/pagina10.com\/web\/nuevas-sanciones-contra-iran-por-un-test-con-misiles-balisticos\/#breadcrumb","itemListElement":[{"@type":"ListItem","position":1,"name":"Portada","item":"https:\/\/pagina10.com\/web\/"},{"@type":"ListItem","position":2,"name":"Nuevas sanciones contra Ir\u00e1n por un test con misiles bal\u00edsticos"}]},{"@type":"WebSite","@id":"https:\/\/pagina10.com\/web\/#website","url":"https:\/\/pagina10.com\/web\/","name":"P\u00e1gina10","description":"Peri\u00f3dico Regional","publisher":{"@id":"https:\/\/pagina10.com\/web\/#organization"},"alternateName":"P\u00e1gina10 Peri\u00f3dico Regional","potentialAction":[{"@type":"SearchAction","target":{"@type":"EntryPoint","urlTemplate":"https:\/\/pagina10.com\/web\/?s={search_term_string}"},"query-input":{"@type":"PropertyValueSpecification","valueRequired":true,"valueName":"search_term_string"}}],"inLanguage":"es"},{"@type":"Organization","@id":"https:\/\/pagina10.com\/web\/#organization","name":"P\u00e1gina10","alternateName":"P\u00e1gina10 Peri\u00f3dico Regional","url":"https:\/\/pagina10.com\/web\/","logo":{"@type":"ImageObject","inLanguage":"es","@id":"https:\/\/pagina10.com\/web\/#\/schema\/logo\/image\/","url":"https:\/\/pagina10.com\/web\/wp-content\/uploads\/2024\/01\/40-pagina-10-periodico-regional-pasto.jpg","contentUrl":"https:\/\/pagina10.com\/web\/wp-content\/uploads\/2024\/01\/40-pagina-10-periodico-regional-pasto.jpg","width":1280,"height":720,"caption":"P\u00e1gina10"},"image":{"@id":"https:\/\/pagina10.com\/web\/#\/schema\/logo\/image\/"},"sameAs":["https:\/\/www.facebook.com\/pag10com","https:\/\/x.com\/Pag10com","https:\/\/www.instagram.com\/pagina10col\/","https:\/\/youtube.com\/channel\/pag10","https:\/\/www.tiktok.com\/@p10col"]},{"@type":"Person","@id":"https:\/\/pagina10.com\/web\/#\/schema\/person\/a7a5d38f0629dfc107f619fbae4f6cc3","name":"P\u00e1gina 10","description":"P\u00e1gina10.com es un peri\u00f3dico digital que nace en Colombia, en el departamento de Nari\u00f1o, con un enfoque global, fundamentado en cuatro pilares esenciales: la libertad, el pluralismo, la inclusi\u00f3n y la independencia. P\u00e1gina10.com hace referencia a Nari\u00f1o como el d\u00e9cimo departamento creado en Colombia, despu\u00e9s de un proceso pol\u00edtico liderado por actores y actrices regionales con el fin de obtener la independencia y autonom\u00eda de nuestros territorios. Con la creaci\u00f3n de P\u00e1gina10.com se pretende abrir un escenario para el dialogo, la reflexi\u00f3n y el debate que se extienda a otras geograf\u00edas de Am\u00e9rica Latina y del planeta, en una apuesta por transformar colectivamente los desaf\u00edos de un mundo contempor\u00e1neo, m\u00e1s all\u00e1 de las fronteras impuestas.","url":"https:\/\/pagina10.com\/web\/author\/mcepeda\/"}]}},"_links":{"self":[{"href":"https:\/\/pagina10.com\/web\/wp-json\/wp\/v2\/posts\/19370","targetHints":{"allow":["GET"]}}],"collection":[{"href":"https:\/\/pagina10.com\/web\/wp-json\/wp\/v2\/posts"}],"about":[{"href":"https:\/\/pagina10.com\/web\/wp-json\/wp\/v2\/types\/post"}],"author":[{"embeddable":true,"href":"https:\/\/pagina10.com\/web\/wp-json\/wp\/v2\/users\/29"}],"replies":[{"embeddable":true,"href":"https:\/\/pagina10.com\/web\/wp-json\/wp\/v2\/comments?post=19370"}],"version-history":[{"count":0,"href":"https:\/\/pagina10.com\/web\/wp-json\/wp\/v2\/posts\/19370\/revisions"}],"wp:featuredmedia":[{"embeddable":true,"href":"https:\/\/pagina10.com\/web\/wp-json\/wp\/v2\/media\/19369"}],"wp:attachment":[{"href":"https:\/\/pagina10.com\/web\/wp-json\/wp\/v2\/media?parent=19370"}],"wp:term":[{"taxonomy":"category","embeddable":true,"href":"https:\/\/pagina10.com\/web\/wp-json\/wp\/v2\/categories?post=19370"},{"taxonomy":"post_tag","embeddable":true,"href":"https:\/\/pagina10.com\/web\/wp-json\/wp\/v2\/tags?post=19370"}],"curies":[{"name":"wp","href":"https:\/\/api.w.org\/{rel}","templated":true}]}}