{"id":19372,"date":"2016-01-18T00:19:37","date_gmt":"2016-01-18T00:19:37","guid":{"rendered":"https:\/\/pagina10.com\/web\/el-consumo-de-papas-durante-el-embarazo-podria-asociarse-con-el-desarrollo-de-diabetes\/"},"modified":"2016-01-18T00:19:37","modified_gmt":"2016-01-18T00:19:37","slug":"el-consumo-de-papas-durante-el-embarazo-podria-asociarse-con-el-desarrollo-de-diabetes","status":"publish","type":"post","link":"https:\/\/pagina10.com\/web\/el-consumo-de-papas-durante-el-embarazo-podria-asociarse-con-el-desarrollo-de-diabetes\/","title":{"rendered":"El consumo de papas durante el embarazo podr\u00eda asociarse con el desarrollo de diabetes"},"content":{"rendered":"<p><img fetchpriority=\"high\" decoding=\"async\" class=\" size-full wp-image-19371\" src=\"https:\/\/pagina10.com\/web\/wp-content\/uploads\/2016\/01\/15cc270748f836f8ca4d713662897208.jpg\" alt=\"\" width=\"621\" height=\"465\" srcset=\"https:\/\/pagina10.com\/web\/wp-content\/uploads\/2016\/01\/15cc270748f836f8ca4d713662897208.jpg 621w, https:\/\/pagina10.com\/web\/wp-content\/uploads\/2016\/01\/15cc270748f836f8ca4d713662897208-300x225.jpg 300w, https:\/\/pagina10.com\/web\/wp-content\/uploads\/2016\/01\/15cc270748f836f8ca4d713662897208-86x64.jpg 86w\" sizes=\"(max-width: 621px) 100vw, 621px\" \/><\/p>\n<p style=\"text-align: justify;\">Un mayor consumo patatas durante el embarazo podr\u00eda asociarse con un riesgo de desarrollar diabetes durante el embarazo o diabetes gestacional, concluye un estudio publicado en \u00abBritish Medical Journal\u00bb. Los investigadores sugieren que la sustituci\u00f3n de patatas con otras verduras, legumbres (como guisantes, habas y lentejas), o alimentos integrales puede reducir el riesgo.<\/p>\n<p style=\"text-align: justify;\">Las patatas son uno de los alimentos m\u00e1s consumidos en el mundo. Aunque en algunos pa\u00edses se recomiendan su consumo, estudios previos sugieren pueden tener un efecto perjudicial sobre los niveles de az\u00facar en la sangre debido a su alto contenido de almid\u00f3n. En cuanto a la diabetes gestacional se trata una complicaci\u00f3n com\u00fan del embarazo que causa niveles elevados de az\u00facar en la sangre de la madre y puede conducir a problemas de salud futuros para la madre y el ni\u00f1o. Estudios anteriores han relacionado los alimentos con un \u00edndice gluc\u00e9mico alto, una medida de la capacidad de elevar los niveles de az\u00facar en la sangre, a un mayor riesgo de diabetes gestacional o tipo 2, pero hasta este trabajo, se desconoc\u00eda el efecto de las patatas, un alimento com\u00fan con alto \u00edndice gluc\u00e9mico, en el desarrollo de la diabetes gestacional.<\/p>\n<p style=\"text-align: justify;\">As\u00ed que los investigadores del Instituto Nacional de Salud Infantil y Desarrollo Humano Eunice Kennedy Shriver y la Universidad de Harvard (EE.UU.) revisaron los datos de 15.632 mujeres que formaban parte del Estudio Nurses Health Study II y que se hab\u00edan quedado embarazadas durante 1991-2001. Ninguna de ellas ten\u00eda diabetes gestacional previa o enfermedad cr\u00f3nica antes del embarazo.<\/p>\n<p style=\"text-align: justify;\"><strong style=\"line-height: 1.8;\">Cuestionario<\/strong><\/p>\n<p style=\"text-align: justify;\">Cada cuatro a\u00f1os, las mujeres rellenaron un cuestionario sobre los tipos de alimentos que hab\u00edan comido durante el a\u00f1o anterior. En el caso de las patatas, se pregunt\u00f3 a las gestantes si las hab\u00edan consumido al horno, hervidas o en pur\u00e9 de papas o como papas fritas o &#8216;chips&#8217;, con posibles respuestas que iban desde \u00abnunca\u00bb a \u00abseis o m\u00e1s veces al d\u00eda\u00bb.<\/p>\n<p style=\"text-align: justify;\">Los investigadores encontraron que las mujeres que com\u00edan m\u00e1s patatas presentaban un mayor riesgo de diabetes gestacional. Sustituir dos porciones de patatas a la semana por otras verduras, legumbres o cereales integrales se asoci\u00f3 significativamente con un 9, 10 y 12% menos de riesgo de desarrollar diabetes gestacional.<\/p>\n<p style=\"text-align: justify;\">Despu\u00e9s de tomar en cuenta otros factores de riesgo para la diabetes gestacional, como la edad, la historia familiar de diabetes, la actividad f\u00edsica, la calidad general de la dieta, y el IMC, encontraron que un mayor consumo total de la papa se asoci\u00f3 significativamente con un mayor riesgo de diabetes gestacional.<\/p>\n<p style=\"text-align: justify;\"><strong>Menor riesgo<\/strong><br \/>Sin embargo, la sustituci\u00f3n de dos porciones de patatas a la semana con otras verduras, legumbres o cereales integrales se asoci\u00f3 significativamente con un riesgo 9.12% menor.<\/p>\n<p style=\"text-align: justify;\">Sin embargo, los autores advierten que debido a que su estudio no fue dise\u00f1ado para probar la causa y el efecto, sus resultados no demuestran de manera concluyente que el consumo de patata lleva directamente a la diabetes gestacional. Los cient\u00edficos a\u00f1aden que sus hallazgos deben confirmarse en otras investigaciones.<\/p>\n<p style=\"text-align: justify;\">&nbsp;<\/p>\n<p style=\"text-align: justify;\">Fuente: ABC<\/p>\n<div id=\"_mcePaste\" class=\"mcePaste\" data-mce-bogus=\"1\" style=\"position: absolute; left: 0px; top: 421px; width: 1px; height: 1px; overflow: hidden;\">\n<p style=\"margin-top: 0px; margin-bottom: 20px; padding: 0px; border: 0px; outline: 0px; font-size: 15px; vertical-align: baseline; line-height: 21px; color: #37474f; font-family: Arial, Helvetica, sans-serif; background-image: initial; background-attachment: initial; background-size: initial; background-origin: initial; background-clip: initial; background-position: initial; background-repeat: initial;\">Un mayor consumo pa<\/p>\n<p style=\"margin-top: 0px; margin-bottom: 20px; padding: 0px; border: 0px; outline: 0px; font-size: 15px; vertical-align: baseline; line-height: 21px; color: #37474f; font-family: Arial, Helvetica, sans-serif; background-image: initial; background-attachment: initial; background-size: initial; background-origin: initial; background-clip: initial; background-position: initial; background-repeat: initial;\">tatas durante el embarazo podr\u00eda asociarse con un riesgo de desarrollar diabetes durante el embarazo o diabetes gestacional, concluye un estudio publicado en \u00ab<a href=\"http:\/\/www.bmj.com\/company\/\" style=\"margin: 0px; padding: 0px; vertical-align: baseline; color: #2f83e0; background: transparent;\">British Medical Journal<\/a>\u00bb. Los investigadores sugieren que la sustituci\u00f3n de patatas con otras verduras, legumbres (como guisantes, habas y lentejas), o alimentos integrales puede reducir el riesgo.<\/p>\n<p style=\"margin-top: 0px; margin-bottom: 20px; padding: 0px; border: 0px; outline: 0px; font-size: 15px; vertical-align: baseline; line-height: 21px; color: #37474f; font-family: Arial, Helvetica, sans-serif; background-image: initial; background-attachment: initial; background-size: initial; background-origin: initial; background-clip: initial; background-position: initial; background-repeat: initial;\">Las patatas son uno de los alimentos m\u00e1s consumidos en el mundo. Aunque en algunos pa\u00edses se recomiendan su consumo,&nbsp;<strong style=\"margin: 0px; padding: 0px; border: 0px; outline: 0px; vertical-align: baseline; background: transparent;\">estudios previos sugieren pueden tener un efecto perjudicial sobre los niveles de az\u00facar en la sangre debido a su alto contenido de almid\u00f3n<\/strong>. En cuanto a la diabetes gestacional se trata una complicaci\u00f3n com\u00fan del embarazo que causa niveles elevados de az\u00facar en la sangre de la madre y puede conducir a problemas de salud futuros para la madre y el ni\u00f1o. Estudios anteriores han relacionado los alimentos con un \u00edndice gluc\u00e9mico alto, una medida de la capacidad de elevar los niveles de az\u00facar en la sangre, a un mayor riesgo de diabetes gestacional o tipo 2, pero hasta este trabajo, se desconoc\u00eda el efecto de las patatas, un alimento com\u00fan con alto \u00edndice gluc\u00e9mico, en el desarrollo de la diabetes gestacional.<\/p>\n<p style=\"margin-top: 0px; margin-bottom: 20px; padding: 0px; border: 0px; outline: 0px; font-size: 15px; vertical-align: baseline; line-height: 21px; color: #37474f; font-family: Arial, Helvetica, sans-serif; background-image: initial; background-attachment: initial; background-size: initial; background-origin: initial; background-clip: initial; background-position: initial; background-repeat: initial;\">As\u00ed que los investigadores del&nbsp;<a href=\"https:\/\/www.nichd.nih.gov\/espanol\/Pages\/default.aspx\" style=\"margin: 0px; padding: 0px; vertical-align: baseline; color: #2f83e0; background: transparent;\">Instituto Nacional de Salud Infantil y Desarrollo Humano Eunice Kennedy Shriver&nbsp;<\/a>y la&nbsp;<a href=\"http:\/\/www.harvard.edu\/\" style=\"margin: 0px; padding: 0px; vertical-align: baseline; color: #2f83e0; background: transparent;\">Universidad de Harvard&nbsp;<\/a>(EE.UU.) revisaron los datos de 15.632 mujeres que formaban parte del&nbsp;<a href=\"http:\/\/www.channing.harvard.edu\/nhs\/\" style=\"margin: 0px; padding: 0px; vertical-align: baseline; color: #2f83e0; background: transparent;\">Estudio Nurses Health Study II&nbsp;<\/a>y que se hab\u00edan quedado embarazadas durante 1991-2001. Ninguna de ellas ten\u00eda diabetes gestacional previa o enfermedad cr\u00f3nica antes del embarazo.<\/p>\n<div id=\"roba_cintillo-id\" style=\"margin: 0px 0px 20px; padding: 0px; border: 0px; outline: 0px; font-size: 15px; vertical-align: baseline; color: #37474f; font-family: Arial, Helvetica, sans-serif; line-height: 21px; background-image: initial; background-attachment: initial; background-size: initial; background-origin: initial; background-clip: initial; background-position: initial; background-repeat: initial;\">&nbsp;<\/div>\n<h2 style=\"margin: 0px 0px 10px; padding: 10px 0px 0px; border: 0px; outline: 0px; font-size: 21px; vertical-align: baseline; font-family: ABC-display, serif; color: #37474f; background-image: initial; background-attachment: initial; background-size: initial; background-origin: initial; background-clip: initial; background-position: initial; background-repeat: initial;\">Cuestionario<\/h2>\n<p style=\"margin-top: 0px; margin-bottom: 20px; padding: 0px; border: 0px; outline: 0px; font-size: 15px; vertical-align: baseline; line-height: 21px; color: #37474f; font-family: Arial, Helvetica, sans-serif; background-image: initial; background-attachment: initial; background-size: initial; background-origin: initial; background-clip: initial; background-position: initial; background-repeat: initial;\">Cada cuatro a\u00f1os, las mujeres rellenaron un cuestionario sobre los tipos de alimentos que hab\u00edan comido durante el a\u00f1o anterior. En el caso de las patatas, se pregunt\u00f3 a las gestantes si las hab\u00edan consumido al horno, hervidas o en pur\u00e9 de papas o como papas fritas o &#8216;chips&#8217;, con posibles respuestas que iban desde \u00abnunca\u00bb a \u00abseis o m\u00e1s veces al d\u00eda\u00bb.<\/p>\n<p style=\"margin-top: 0px; margin-bottom: 20px; padding: 0px; border: 0px; outline: 0px; font-size: 15px; vertical-align: baseline; line-height: 21px; color: #37474f; font-family: Arial, Helvetica, sans-serif; background-image: initial; background-attachment: initial; background-size: initial; background-origin: initial; background-clip: initial; background-position: initial; background-repeat: initial;\">Los investigadores encontraron que&nbsp;<strong style=\"margin: 0px; padding: 0px; border: 0px; outline: 0px; vertical-align: baseline; background: transparent;\">las mujeres que com\u00edan m\u00e1s patatas presentaban un mayor riesgo de diabetes gestacional<\/strong>. Sustituir dos porciones de patatas a la semana por otras verduras, legumbres o cereales integrales se asoci\u00f3 significativamente con un 9, 10 y 12% menos de riesgo de desarrollar diabetes gestacional.<\/p>\n<p style=\"margin-top: 0px; margin-bottom: 20px; padding: 0px; border: 0px; outline: 0px; font-size: 15px; vertical-align: baseline; line-height: 21px; color: #37474f; font-family: Arial, Helvetica, sans-serif; background-image: initial; background-attachment: initial; background-size: initial; background-origin: initial; background-clip: initial; background-position: initial; background-repeat: initial;\">Despu\u00e9s de tomar en cuenta otros factores de riesgo para la diabetes gestacional, como la edad, la historia familiar de diabetes, la actividad f\u00edsica, la calidad general de la dieta, y el IMC, encontraron que un mayor consumo total de la papa se asoci\u00f3 significativamente con un mayor riesgo de diabetes gestacional.<\/p>\n<h2 style=\"margin: 0px 0px 10px; padding: 10px 0px 0px; border: 0px; outline: 0px; font-size: 21px; vertical-align: baseline; font-family: ABC-display, serif; color: #37474f; background-image: initial; background-attachment: initial; background-size: initial; background-origin: initial; background-clip: initial; background-position: initial; background-repeat: initial;\">Menor riesgo<\/h2>\n<p style=\"margin-top: 0px; margin-bottom: 20px; padding: 0px; border: 0px; outline: 0px; font-size: 15px; vertical-align: baseline; line-height: 21px; color: #37474f; font-family: Arial, Helvetica, sans-serif; background-image: initial; background-attachment: initial; background-size: initial; background-origin: initial; background-clip: initial; background-position: initial; background-repeat: initial;\">Sin embargo,&nbsp;<strong style=\"margin: 0px; padding: 0px; border: 0px; outline: 0px; vertical-align: baseline; background: transparent;\">la sustituci\u00f3n de dos porciones de patatas a la semana con otras verduras, legumbres o cereales integrales se asoci\u00f3 significativamente con un riesgo 9.12% menor<\/strong>.<\/p>\n<p style=\"margin-top: 0px; margin-bottom: 20px; padding: 0px; border: 0px; outline: 0px; font-size: 15px; vertical-align: baseline; line-height: 21px; color: #37474f; font-family: Arial, Helvetica, sans-serif; background-image: initial; background-attachment: initial; background-size: initial; background-origin: initial; background-clip: initial; background-position: initial; background-repeat: initial;\">Sin embargo, los autores advierten que debido a que su estudio no fue dise\u00f1ado para probar la causa y el efecto, sus resultados no demuestran de manera concluyente que el consumo de patata lleva directamente a la diabetes gestacional. Los cient\u00edficos a\u00f1aden que sus hallazgos deben confirmarse en otras investigaciones.<\/p>\n<\/p><\/div>\n","protected":false},"excerpt":{"rendered":"<p>Un mayor consumo patatas durante el embarazo podr\u00eda asociarse con un riesgo de desarrollar diabetes durante el embarazo o diabetes gestacional, concluye un estudio publicado en \u00abBritish Medical Journal\u00bb. Los investigadores sugieren que la sustituci\u00f3n de patatas con otras verduras, legumbres (como guisantes, habas y lentejas), o alimentos integrales puede reducir el riesgo. Las patatas [&hellip;]<\/p>\n","protected":false},"author":29,"featured_media":19371,"comment_status":"open","ping_status":"open","sticky":false,"template":"","format":"standard","meta":{"footnotes":""},"categories":[1],"tags":[],"class_list":["post-19372","post","type-post","status-publish","format-standard","has-post-thumbnail","hentry","category-sin-categoria"],"yoast_head":"<!-- This site is optimized with the Yoast SEO plugin v27.1.1 - https:\/\/yoast.com\/product\/yoast-seo-wordpress\/ -->\n<title>El consumo de papas durante el embarazo podr\u00eda asociarse con el desarrollo de diabetes | P\u00e1gina10<\/title>\n<meta name=\"robots\" content=\"index, follow, max-snippet:-1, max-image-preview:large, max-video-preview:-1\" \/>\n<link rel=\"canonical\" href=\"https:\/\/pagina10.com\/web\/el-consumo-de-papas-durante-el-embarazo-podria-asociarse-con-el-desarrollo-de-diabetes\/\" \/>\n<meta property=\"og:locale\" content=\"es_ES\" \/>\n<meta property=\"og:type\" content=\"article\" \/>\n<meta property=\"og:title\" content=\"El consumo de papas durante el embarazo podr\u00eda asociarse con el desarrollo de diabetes | P\u00e1gina10\" \/>\n<meta property=\"og:description\" content=\"Un mayor consumo patatas durante el embarazo podr\u00eda asociarse con un riesgo de desarrollar diabetes durante el embarazo o diabetes gestacional, concluye un estudio publicado en \u00abBritish Medical Journal\u00bb. Los investigadores sugieren que la sustituci\u00f3n de patatas con otras verduras, legumbres (como guisantes, habas y lentejas), o alimentos integrales puede reducir el riesgo. Las patatas [&hellip;]\" \/>\n<meta property=\"og:url\" content=\"https:\/\/pagina10.com\/web\/el-consumo-de-papas-durante-el-embarazo-podria-asociarse-con-el-desarrollo-de-diabetes\/\" \/>\n<meta property=\"og:site_name\" content=\"P\u00e1gina10\" \/>\n<meta property=\"article:publisher\" content=\"https:\/\/www.facebook.com\/pag10com\" \/>\n<meta property=\"article:published_time\" content=\"2016-01-18T00:19:37+00:00\" \/>\n<meta property=\"og:image\" content=\"https:\/\/pagina10.com\/web\/wp-content\/uploads\/2016\/01\/15cc270748f836f8ca4d713662897208.jpg\" \/>\n\t<meta property=\"og:image:width\" content=\"621\" \/>\n\t<meta property=\"og:image:height\" content=\"465\" \/>\n\t<meta property=\"og:image:type\" content=\"image\/jpeg\" \/>\n<meta name=\"author\" content=\"P\u00e1gina 10\" \/>\n<meta name=\"twitter:card\" content=\"summary_large_image\" \/>\n<meta name=\"twitter:creator\" content=\"@Pag10com\" \/>\n<meta name=\"twitter:site\" content=\"@Pag10com\" \/>\n<meta name=\"twitter:label1\" content=\"Escrito por\" \/>\n\t<meta name=\"twitter:data1\" content=\"P\u00e1gina 10\" \/>\n\t<meta name=\"twitter:label2\" content=\"Tiempo de lectura\" \/>\n\t<meta name=\"twitter:data2\" content=\"5 minutos\" \/>\n<script type=\"application\/ld+json\" class=\"yoast-schema-graph\">{\"@context\":\"https:\/\/schema.org\",\"@graph\":[{\"@type\":\"Article\",\"@id\":\"https:\/\/pagina10.com\/web\/el-consumo-de-papas-durante-el-embarazo-podria-asociarse-con-el-desarrollo-de-diabetes\/#article\",\"isPartOf\":{\"@id\":\"https:\/\/pagina10.com\/web\/el-consumo-de-papas-durante-el-embarazo-podria-asociarse-con-el-desarrollo-de-diabetes\/\"},\"author\":{\"name\":\"P\u00e1gina 10\",\"@id\":\"https:\/\/pagina10.com\/web\/#\/schema\/person\/a7a5d38f0629dfc107f619fbae4f6cc3\"},\"headline\":\"El consumo de papas durante el embarazo podr\u00eda asociarse con el desarrollo de diabetes\",\"datePublished\":\"2016-01-18T00:19:37+00:00\",\"mainEntityOfPage\":{\"@id\":\"https:\/\/pagina10.com\/web\/el-consumo-de-papas-durante-el-embarazo-podria-asociarse-con-el-desarrollo-de-diabetes\/\"},\"wordCount\":1075,\"commentCount\":0,\"publisher\":{\"@id\":\"https:\/\/pagina10.com\/web\/#organization\"},\"image\":{\"@id\":\"https:\/\/pagina10.com\/web\/el-consumo-de-papas-durante-el-embarazo-podria-asociarse-con-el-desarrollo-de-diabetes\/#primaryimage\"},\"thumbnailUrl\":\"https:\/\/pagina10.com\/web\/wp-content\/uploads\/2016\/01\/15cc270748f836f8ca4d713662897208.jpg\",\"inLanguage\":\"es\",\"potentialAction\":[{\"@type\":\"CommentAction\",\"name\":\"Comment\",\"target\":[\"https:\/\/pagina10.com\/web\/el-consumo-de-papas-durante-el-embarazo-podria-asociarse-con-el-desarrollo-de-diabetes\/#respond\"]}]},{\"@type\":\"WebPage\",\"@id\":\"https:\/\/pagina10.com\/web\/el-consumo-de-papas-durante-el-embarazo-podria-asociarse-con-el-desarrollo-de-diabetes\/\",\"url\":\"https:\/\/pagina10.com\/web\/el-consumo-de-papas-durante-el-embarazo-podria-asociarse-con-el-desarrollo-de-diabetes\/\",\"name\":\"El consumo de papas durante el embarazo podr\u00eda asociarse con el desarrollo de diabetes | P\u00e1gina10\",\"isPartOf\":{\"@id\":\"https:\/\/pagina10.com\/web\/#website\"},\"primaryImageOfPage\":{\"@id\":\"https:\/\/pagina10.com\/web\/el-consumo-de-papas-durante-el-embarazo-podria-asociarse-con-el-desarrollo-de-diabetes\/#primaryimage\"},\"image\":{\"@id\":\"https:\/\/pagina10.com\/web\/el-consumo-de-papas-durante-el-embarazo-podria-asociarse-con-el-desarrollo-de-diabetes\/#primaryimage\"},\"thumbnailUrl\":\"https:\/\/pagina10.com\/web\/wp-content\/uploads\/2016\/01\/15cc270748f836f8ca4d713662897208.jpg\",\"datePublished\":\"2016-01-18T00:19:37+00:00\",\"breadcrumb\":{\"@id\":\"https:\/\/pagina10.com\/web\/el-consumo-de-papas-durante-el-embarazo-podria-asociarse-con-el-desarrollo-de-diabetes\/#breadcrumb\"},\"inLanguage\":\"es\",\"potentialAction\":[{\"@type\":\"ReadAction\",\"target\":[\"https:\/\/pagina10.com\/web\/el-consumo-de-papas-durante-el-embarazo-podria-asociarse-con-el-desarrollo-de-diabetes\/\"]}]},{\"@type\":\"ImageObject\",\"inLanguage\":\"es\",\"@id\":\"https:\/\/pagina10.com\/web\/el-consumo-de-papas-durante-el-embarazo-podria-asociarse-con-el-desarrollo-de-diabetes\/#primaryimage\",\"url\":\"https:\/\/pagina10.com\/web\/wp-content\/uploads\/2016\/01\/15cc270748f836f8ca4d713662897208.jpg\",\"contentUrl\":\"https:\/\/pagina10.com\/web\/wp-content\/uploads\/2016\/01\/15cc270748f836f8ca4d713662897208.jpg\",\"width\":621,\"height\":465},{\"@type\":\"BreadcrumbList\",\"@id\":\"https:\/\/pagina10.com\/web\/el-consumo-de-papas-durante-el-embarazo-podria-asociarse-con-el-desarrollo-de-diabetes\/#breadcrumb\",\"itemListElement\":[{\"@type\":\"ListItem\",\"position\":1,\"name\":\"Portada\",\"item\":\"https:\/\/pagina10.com\/web\/\"},{\"@type\":\"ListItem\",\"position\":2,\"name\":\"El consumo de papas durante el embarazo podr\u00eda asociarse con el desarrollo de diabetes\"}]},{\"@type\":\"WebSite\",\"@id\":\"https:\/\/pagina10.com\/web\/#website\",\"url\":\"https:\/\/pagina10.com\/web\/\",\"name\":\"P\u00e1gina10\",\"description\":\"Peri\u00f3dico Regional\",\"publisher\":{\"@id\":\"https:\/\/pagina10.com\/web\/#organization\"},\"alternateName\":\"P\u00e1gina10 Peri\u00f3dico Regional\",\"potentialAction\":[{\"@type\":\"SearchAction\",\"target\":{\"@type\":\"EntryPoint\",\"urlTemplate\":\"https:\/\/pagina10.com\/web\/?s={search_term_string}\"},\"query-input\":{\"@type\":\"PropertyValueSpecification\",\"valueRequired\":true,\"valueName\":\"search_term_string\"}}],\"inLanguage\":\"es\"},{\"@type\":\"Organization\",\"@id\":\"https:\/\/pagina10.com\/web\/#organization\",\"name\":\"P\u00e1gina10\",\"alternateName\":\"P\u00e1gina10 Peri\u00f3dico Regional\",\"url\":\"https:\/\/pagina10.com\/web\/\",\"logo\":{\"@type\":\"ImageObject\",\"inLanguage\":\"es\",\"@id\":\"https:\/\/pagina10.com\/web\/#\/schema\/logo\/image\/\",\"url\":\"https:\/\/pagina10.com\/web\/wp-content\/uploads\/2024\/01\/40-pagina-10-periodico-regional-pasto.jpg\",\"contentUrl\":\"https:\/\/pagina10.com\/web\/wp-content\/uploads\/2024\/01\/40-pagina-10-periodico-regional-pasto.jpg\",\"width\":1280,\"height\":720,\"caption\":\"P\u00e1gina10\"},\"image\":{\"@id\":\"https:\/\/pagina10.com\/web\/#\/schema\/logo\/image\/\"},\"sameAs\":[\"https:\/\/www.facebook.com\/pag10com\",\"https:\/\/x.com\/Pag10com\",\"https:\/\/www.instagram.com\/pagina10col\/\",\"https:\/\/youtube.com\/channel\/pag10\",\"https:\/\/www.tiktok.com\/@p10col\"]},{\"@type\":\"Person\",\"@id\":\"https:\/\/pagina10.com\/web\/#\/schema\/person\/a7a5d38f0629dfc107f619fbae4f6cc3\",\"name\":\"P\u00e1gina 10\",\"description\":\"P\u00e1gina10.com es un peri\u00f3dico digital que nace en Colombia, en el departamento de Nari\u00f1o, con un enfoque global, fundamentado en cuatro pilares esenciales: la libertad, el pluralismo, la inclusi\u00f3n y la independencia. P\u00e1gina10.com hace referencia a Nari\u00f1o como el d\u00e9cimo departamento creado en Colombia, despu\u00e9s de un proceso pol\u00edtico liderado por actores y actrices regionales con el fin de obtener la independencia y autonom\u00eda de nuestros territorios. Con la creaci\u00f3n de P\u00e1gina10.com se pretende abrir un escenario para el dialogo, la reflexi\u00f3n y el debate que se extienda a otras geograf\u00edas de Am\u00e9rica Latina y del planeta, en una apuesta por transformar colectivamente los desaf\u00edos de un mundo contempor\u00e1neo, m\u00e1s all\u00e1 de las fronteras impuestas.\",\"url\":\"https:\/\/pagina10.com\/web\/author\/mcepeda\/\"}]}<\/script>\n<!-- \/ Yoast SEO plugin. -->","yoast_head_json":{"title":"El consumo de papas durante el embarazo podr\u00eda asociarse con el desarrollo de diabetes | P\u00e1gina10","robots":{"index":"index","follow":"follow","max-snippet":"max-snippet:-1","max-image-preview":"max-image-preview:large","max-video-preview":"max-video-preview:-1"},"canonical":"https:\/\/pagina10.com\/web\/el-consumo-de-papas-durante-el-embarazo-podria-asociarse-con-el-desarrollo-de-diabetes\/","og_locale":"es_ES","og_type":"article","og_title":"El consumo de papas durante el embarazo podr\u00eda asociarse con el desarrollo de diabetes | P\u00e1gina10","og_description":"Un mayor consumo patatas durante el embarazo podr\u00eda asociarse con un riesgo de desarrollar diabetes durante el embarazo o diabetes gestacional, concluye un estudio publicado en \u00abBritish Medical Journal\u00bb. Los investigadores sugieren que la sustituci\u00f3n de patatas con otras verduras, legumbres (como guisantes, habas y lentejas), o alimentos integrales puede reducir el riesgo. Las patatas [&hellip;]","og_url":"https:\/\/pagina10.com\/web\/el-consumo-de-papas-durante-el-embarazo-podria-asociarse-con-el-desarrollo-de-diabetes\/","og_site_name":"P\u00e1gina10","article_publisher":"https:\/\/www.facebook.com\/pag10com","article_published_time":"2016-01-18T00:19:37+00:00","og_image":[{"width":621,"height":465,"url":"https:\/\/pagina10.com\/web\/wp-content\/uploads\/2016\/01\/15cc270748f836f8ca4d713662897208.jpg","type":"image\/jpeg"}],"author":"P\u00e1gina 10","twitter_card":"summary_large_image","twitter_creator":"@Pag10com","twitter_site":"@Pag10com","twitter_misc":{"Escrito por":"P\u00e1gina 10","Tiempo de lectura":"5 minutos"},"schema":{"@context":"https:\/\/schema.org","@graph":[{"@type":"Article","@id":"https:\/\/pagina10.com\/web\/el-consumo-de-papas-durante-el-embarazo-podria-asociarse-con-el-desarrollo-de-diabetes\/#article","isPartOf":{"@id":"https:\/\/pagina10.com\/web\/el-consumo-de-papas-durante-el-embarazo-podria-asociarse-con-el-desarrollo-de-diabetes\/"},"author":{"name":"P\u00e1gina 10","@id":"https:\/\/pagina10.com\/web\/#\/schema\/person\/a7a5d38f0629dfc107f619fbae4f6cc3"},"headline":"El consumo de papas durante el embarazo podr\u00eda asociarse con el desarrollo de diabetes","datePublished":"2016-01-18T00:19:37+00:00","mainEntityOfPage":{"@id":"https:\/\/pagina10.com\/web\/el-consumo-de-papas-durante-el-embarazo-podria-asociarse-con-el-desarrollo-de-diabetes\/"},"wordCount":1075,"commentCount":0,"publisher":{"@id":"https:\/\/pagina10.com\/web\/#organization"},"image":{"@id":"https:\/\/pagina10.com\/web\/el-consumo-de-papas-durante-el-embarazo-podria-asociarse-con-el-desarrollo-de-diabetes\/#primaryimage"},"thumbnailUrl":"https:\/\/pagina10.com\/web\/wp-content\/uploads\/2016\/01\/15cc270748f836f8ca4d713662897208.jpg","inLanguage":"es","potentialAction":[{"@type":"CommentAction","name":"Comment","target":["https:\/\/pagina10.com\/web\/el-consumo-de-papas-durante-el-embarazo-podria-asociarse-con-el-desarrollo-de-diabetes\/#respond"]}]},{"@type":"WebPage","@id":"https:\/\/pagina10.com\/web\/el-consumo-de-papas-durante-el-embarazo-podria-asociarse-con-el-desarrollo-de-diabetes\/","url":"https:\/\/pagina10.com\/web\/el-consumo-de-papas-durante-el-embarazo-podria-asociarse-con-el-desarrollo-de-diabetes\/","name":"El consumo de papas durante el embarazo podr\u00eda asociarse con el desarrollo de diabetes | P\u00e1gina10","isPartOf":{"@id":"https:\/\/pagina10.com\/web\/#website"},"primaryImageOfPage":{"@id":"https:\/\/pagina10.com\/web\/el-consumo-de-papas-durante-el-embarazo-podria-asociarse-con-el-desarrollo-de-diabetes\/#primaryimage"},"image":{"@id":"https:\/\/pagina10.com\/web\/el-consumo-de-papas-durante-el-embarazo-podria-asociarse-con-el-desarrollo-de-diabetes\/#primaryimage"},"thumbnailUrl":"https:\/\/pagina10.com\/web\/wp-content\/uploads\/2016\/01\/15cc270748f836f8ca4d713662897208.jpg","datePublished":"2016-01-18T00:19:37+00:00","breadcrumb":{"@id":"https:\/\/pagina10.com\/web\/el-consumo-de-papas-durante-el-embarazo-podria-asociarse-con-el-desarrollo-de-diabetes\/#breadcrumb"},"inLanguage":"es","potentialAction":[{"@type":"ReadAction","target":["https:\/\/pagina10.com\/web\/el-consumo-de-papas-durante-el-embarazo-podria-asociarse-con-el-desarrollo-de-diabetes\/"]}]},{"@type":"ImageObject","inLanguage":"es","@id":"https:\/\/pagina10.com\/web\/el-consumo-de-papas-durante-el-embarazo-podria-asociarse-con-el-desarrollo-de-diabetes\/#primaryimage","url":"https:\/\/pagina10.com\/web\/wp-content\/uploads\/2016\/01\/15cc270748f836f8ca4d713662897208.jpg","contentUrl":"https:\/\/pagina10.com\/web\/wp-content\/uploads\/2016\/01\/15cc270748f836f8ca4d713662897208.jpg","width":621,"height":465},{"@type":"BreadcrumbList","@id":"https:\/\/pagina10.com\/web\/el-consumo-de-papas-durante-el-embarazo-podria-asociarse-con-el-desarrollo-de-diabetes\/#breadcrumb","itemListElement":[{"@type":"ListItem","position":1,"name":"Portada","item":"https:\/\/pagina10.com\/web\/"},{"@type":"ListItem","position":2,"name":"El consumo de papas durante el embarazo podr\u00eda asociarse con el desarrollo de diabetes"}]},{"@type":"WebSite","@id":"https:\/\/pagina10.com\/web\/#website","url":"https:\/\/pagina10.com\/web\/","name":"P\u00e1gina10","description":"Peri\u00f3dico Regional","publisher":{"@id":"https:\/\/pagina10.com\/web\/#organization"},"alternateName":"P\u00e1gina10 Peri\u00f3dico Regional","potentialAction":[{"@type":"SearchAction","target":{"@type":"EntryPoint","urlTemplate":"https:\/\/pagina10.com\/web\/?s={search_term_string}"},"query-input":{"@type":"PropertyValueSpecification","valueRequired":true,"valueName":"search_term_string"}}],"inLanguage":"es"},{"@type":"Organization","@id":"https:\/\/pagina10.com\/web\/#organization","name":"P\u00e1gina10","alternateName":"P\u00e1gina10 Peri\u00f3dico Regional","url":"https:\/\/pagina10.com\/web\/","logo":{"@type":"ImageObject","inLanguage":"es","@id":"https:\/\/pagina10.com\/web\/#\/schema\/logo\/image\/","url":"https:\/\/pagina10.com\/web\/wp-content\/uploads\/2024\/01\/40-pagina-10-periodico-regional-pasto.jpg","contentUrl":"https:\/\/pagina10.com\/web\/wp-content\/uploads\/2024\/01\/40-pagina-10-periodico-regional-pasto.jpg","width":1280,"height":720,"caption":"P\u00e1gina10"},"image":{"@id":"https:\/\/pagina10.com\/web\/#\/schema\/logo\/image\/"},"sameAs":["https:\/\/www.facebook.com\/pag10com","https:\/\/x.com\/Pag10com","https:\/\/www.instagram.com\/pagina10col\/","https:\/\/youtube.com\/channel\/pag10","https:\/\/www.tiktok.com\/@p10col"]},{"@type":"Person","@id":"https:\/\/pagina10.com\/web\/#\/schema\/person\/a7a5d38f0629dfc107f619fbae4f6cc3","name":"P\u00e1gina 10","description":"P\u00e1gina10.com es un peri\u00f3dico digital que nace en Colombia, en el departamento de Nari\u00f1o, con un enfoque global, fundamentado en cuatro pilares esenciales: la libertad, el pluralismo, la inclusi\u00f3n y la independencia. P\u00e1gina10.com hace referencia a Nari\u00f1o como el d\u00e9cimo departamento creado en Colombia, despu\u00e9s de un proceso pol\u00edtico liderado por actores y actrices regionales con el fin de obtener la independencia y autonom\u00eda de nuestros territorios. Con la creaci\u00f3n de P\u00e1gina10.com se pretende abrir un escenario para el dialogo, la reflexi\u00f3n y el debate que se extienda a otras geograf\u00edas de Am\u00e9rica Latina y del planeta, en una apuesta por transformar colectivamente los desaf\u00edos de un mundo contempor\u00e1neo, m\u00e1s all\u00e1 de las fronteras impuestas.","url":"https:\/\/pagina10.com\/web\/author\/mcepeda\/"}]}},"_links":{"self":[{"href":"https:\/\/pagina10.com\/web\/wp-json\/wp\/v2\/posts\/19372","targetHints":{"allow":["GET"]}}],"collection":[{"href":"https:\/\/pagina10.com\/web\/wp-json\/wp\/v2\/posts"}],"about":[{"href":"https:\/\/pagina10.com\/web\/wp-json\/wp\/v2\/types\/post"}],"author":[{"embeddable":true,"href":"https:\/\/pagina10.com\/web\/wp-json\/wp\/v2\/users\/29"}],"replies":[{"embeddable":true,"href":"https:\/\/pagina10.com\/web\/wp-json\/wp\/v2\/comments?post=19372"}],"version-history":[{"count":0,"href":"https:\/\/pagina10.com\/web\/wp-json\/wp\/v2\/posts\/19372\/revisions"}],"wp:featuredmedia":[{"embeddable":true,"href":"https:\/\/pagina10.com\/web\/wp-json\/wp\/v2\/media\/19371"}],"wp:attachment":[{"href":"https:\/\/pagina10.com\/web\/wp-json\/wp\/v2\/media?parent=19372"}],"wp:term":[{"taxonomy":"category","embeddable":true,"href":"https:\/\/pagina10.com\/web\/wp-json\/wp\/v2\/categories?post=19372"},{"taxonomy":"post_tag","embeddable":true,"href":"https:\/\/pagina10.com\/web\/wp-json\/wp\/v2\/tags?post=19372"}],"curies":[{"name":"wp","href":"https:\/\/api.w.org\/{rel}","templated":true}]}}