{"id":19374,"date":"2016-01-18T13:33:34","date_gmt":"2016-01-18T13:33:34","guid":{"rendered":"https:\/\/pagina10.com\/web\/la-patria-boba\/"},"modified":"2016-01-18T13:33:34","modified_gmt":"2016-01-18T13:33:34","slug":"la-patria-boba","status":"publish","type":"post","link":"https:\/\/pagina10.com\/web\/la-patria-boba\/","title":{"rendered":"La Patria Boba"},"content":{"rendered":"<p><img fetchpriority=\"high\" decoding=\"async\" class=\" size-full wp-image-19373\" src=\"https:\/\/pagina10.com\/web\/wp-content\/uploads\/2016\/01\/60e8a946e2b62d3d142944e6eb1cc818.jpg\" alt=\"\" width=\"639\" height=\"425\" srcset=\"https:\/\/pagina10.com\/web\/wp-content\/uploads\/2016\/01\/60e8a946e2b62d3d142944e6eb1cc818.jpg 639w, https:\/\/pagina10.com\/web\/wp-content\/uploads\/2016\/01\/60e8a946e2b62d3d142944e6eb1cc818-300x200.jpg 300w, https:\/\/pagina10.com\/web\/wp-content\/uploads\/2016\/01\/60e8a946e2b62d3d142944e6eb1cc818-450x300.jpg 450w\" sizes=\"(max-width: 639px) 100vw, 639px\" \/><\/p>\n<p style=\"text-align: justify;\">El estado de cosas de nuestro pa\u00eds es sui generis. Los \u00faltimos 50 a\u00f1os se han caracterizado por un radicalismo a ultranza; diferente al acontecer del contexto latinoamericano, donde los cambios han sido sustanciales dentro de procesos democr\u00e1ticos y de modernizaci\u00f3n. Colombia, mientras tanto, viene con un rezago de d\u00e9cadas de desarrollo social; uno de sus mayores problemas es el \u2018mamertismo\u2019 en el que cay\u00f3 nuestra sociedad.<\/p>\n<p style=\"text-align: justify;\">&nbsp;<\/p>\n<p style=\"text-align: justify;\">El mal mayor se manifiesta en una izquierda que se qued\u00f3 atasca en los a\u00f1os sesenta; prueba de ello es que en Colombia a\u00fan sigue actuando una guerrilla con los mismos par\u00e1metros del marxismo-leninismo al estilo de las revoluciones rusa y cubana, sin desconocer que los tratados de Marx y Lenin aportaron a la din\u00e1mica econ\u00f3mica y social del mundo. Esos viejos modelos no permiten el desarrollo de las sociedades, como lo vemos en Cuba, donde el estado de carencia se lo adjudica al bloqueo que mantiene Estados Unidos contra el pa\u00eds caribe\u00f1o.<\/p>\n<p style=\"text-align: justify;\">&nbsp;<\/p>\n<p style=\"text-align: justify;\">Tenemos en claro que los movimientos guerrilleros degeneraron en emporios econ\u00f3micos con la industria del secuestro y el tr\u00e1fico de estupefacientes. Recordemos que los momentos donde afloraran estos grupos se ven nutridos por intelectuales de gran factura, pero en la medida que iban siendo abatidos, quienes los suceden ya no cuentan con el componente intelectual que legitima la lucha revolucionaria.<\/p>\n<p style=\"text-align: justify;\">&nbsp;<\/p>\n<p style=\"text-align: justify;\">La base social que secunda todav\u00eda a los movimientos alzados en armas no tiene claridad del tipo de Estado que se propone constituir; es un liderazgo maniqueo que no reconoce los elementos aportantes del antagonista. La oposici\u00f3n por la oposici\u00f3n no tiene sentido. Nuestra mayor preocupaci\u00f3n debe estar centrada en el desarrollo econ\u00f3mico y una mayor participaci\u00f3n de la poblaci\u00f3n de esa riqueza; hablar en t\u00e9rminos de inclusi\u00f3n social.<\/p>\n<p style=\"text-align: justify;\">&nbsp;<\/p>\n<p style=\"text-align: justify;\">Valoramos con justeza esa izquierda que estudia, que conoce los problemas reales de la poblaci\u00f3n y propone soluciones, pero la izquierda de las consignas de los a\u00f1os setenta no aporta nada, y, antes por el contrario, se convierten en un obst\u00e1culo para avanzar. El contestatario est\u00e1 mandado a recoger.<\/p>\n<p style=\"text-align: justify;\">&nbsp;<\/p>\n<p style=\"text-align: justify;\">Tenemos el mejor de caldo de cultivo para surjan l\u00edderes natos con tantos problemas cr\u00edticos que est\u00e1 viviendo la naci\u00f3n colombiana como una posible nueva reforma tributaria, el incremento del IVA a 19 por ciento a los productos b\u00e1sicos, el incremento constante a los combustibles cuando el petr\u00f3leo cada vez va para abajo, el aumento del salario m\u00ednimo que est\u00e1 por debajo de la inflaci\u00f3n esperada para este a\u00f1o. Pero nada.<\/p>\n<p style=\"text-align: justify;\">&nbsp;<\/p>\n<p style=\"text-align: justify;\">Y lo peor, en la reciente venta de la electrificadora Isagen no hubo quien dijera esta boca es m\u00eda. Ahora, s\u00f3lo nos lamentamos y convocamos a un paro cuando el paciente en estado cr\u00edtico ya ha fallecido, adem\u00e1s, en domingo. Eso se parece m\u00e1s a una \u2018colombianada\u2019, puesto no lograr\u00edamos paralizar ni la Santa Misa ni los cultos cristianos.<\/p>\n<p style=\"text-align: justify;\">&nbsp;<\/p>\n<p style=\"text-align: justify;\">Definitivamente, se perdi\u00f3 el liderazgo de izquierda. A la sociedad colombiana le queda uno solo, aut\u00e9ntico y \u00e9tico, y este es el senador Jorge Robledo, un estudioso de la pol\u00edtica y la econom\u00eda de nuestra maltrecha sociedad. \u00c9l ha sabido hacerle frente a las pol\u00edticas neoliberales, a tal punto que los ministros se enferman el d\u00eda que tienen que confrontarlo en debate televisado.<\/p>\n<p style=\"text-align: justify;\">&nbsp;<\/p>\n<p style=\"text-align: justify;\">Se suma a este panorama la crisis sindical; estos organismos perdieron la credibilidad por su burocratizaci\u00f3n, negligencia y p\u00e9rdida de los horizontes (se privilegia el amiguismo, la politiquer\u00eda y la mejora de posici\u00f3n social). Todo indica que estamos hu\u00e9rfanos de liderazgo.<\/p>\n<p style=\"text-align: justify;\">&nbsp;<\/p>\n<p style=\"text-align: justify;\">Ciertos dirigentes izquierdistas se acuestan en su orilla y amanecen en la derecha, por lo tanto, las bases pierde la credibilidad y prefieren refugiarse en la iglesias cristianas, as\u00ed tengan que pagar caros diezmos.<\/p>\n<p style=\"text-align: justify;\">&nbsp;<\/p>\n<p style=\"text-align: justify;\">Esta dispersi\u00f3n nos hace recordar el caos reinante en las postrimer\u00edas del Grito de Independencia, la Patria Boba, donde centralistas, federalistas y colonialistas se disputaban el poder a cualquier precio.&nbsp;<\/p>\n","protected":false},"excerpt":{"rendered":"<p>El estado de cosas de nuestro pa\u00eds es sui generis. Los \u00faltimos 50 a\u00f1os se han caracterizado por un radicalismo a ultranza; diferente al acontecer del contexto latinoamericano, donde los cambios han sido sustanciales dentro de procesos democr\u00e1ticos y de modernizaci\u00f3n. Colombia, mientras tanto, viene con un rezago de d\u00e9cadas de desarrollo social; uno de [&hellip;]<\/p>\n","protected":false},"author":65,"featured_media":19373,"comment_status":"open","ping_status":"open","sticky":false,"template":"","format":"standard","meta":{"footnotes":""},"categories":[1],"tags":[],"class_list":["post-19374","post","type-post","status-publish","format-standard","has-post-thumbnail","hentry","category-sin-categoria"],"yoast_head":"<!-- This site is optimized with the Yoast SEO plugin v27.1.1 - https:\/\/yoast.com\/product\/yoast-seo-wordpress\/ -->\n<title>La Patria Boba | P\u00e1gina10<\/title>\n<meta name=\"robots\" content=\"index, follow, max-snippet:-1, max-image-preview:large, max-video-preview:-1\" \/>\n<link rel=\"canonical\" href=\"https:\/\/pagina10.com\/web\/la-patria-boba\/\" \/>\n<meta property=\"og:locale\" content=\"es_ES\" \/>\n<meta property=\"og:type\" content=\"article\" \/>\n<meta property=\"og:title\" content=\"La Patria Boba | P\u00e1gina10\" \/>\n<meta property=\"og:description\" content=\"El estado de cosas de nuestro pa\u00eds es sui generis. Los \u00faltimos 50 a\u00f1os se han caracterizado por un radicalismo a ultranza; diferente al acontecer del contexto latinoamericano, donde los cambios han sido sustanciales dentro de procesos democr\u00e1ticos y de modernizaci\u00f3n. Colombia, mientras tanto, viene con un rezago de d\u00e9cadas de desarrollo social; uno de [&hellip;]\" \/>\n<meta property=\"og:url\" content=\"https:\/\/pagina10.com\/web\/la-patria-boba\/\" \/>\n<meta property=\"og:site_name\" content=\"P\u00e1gina10\" \/>\n<meta property=\"article:publisher\" content=\"https:\/\/www.facebook.com\/pag10com\" \/>\n<meta property=\"article:published_time\" content=\"2016-01-18T13:33:34+00:00\" \/>\n<meta property=\"og:image\" content=\"https:\/\/pagina10.com\/web\/wp-content\/uploads\/2016\/01\/60e8a946e2b62d3d142944e6eb1cc818.jpg\" \/>\n\t<meta property=\"og:image:width\" content=\"639\" \/>\n\t<meta property=\"og:image:height\" content=\"425\" \/>\n\t<meta property=\"og:image:type\" content=\"image\/jpeg\" \/>\n<meta name=\"author\" content=\"Anibal Ar\u00e9valo Rosero\" \/>\n<meta name=\"twitter:card\" content=\"summary_large_image\" \/>\n<meta name=\"twitter:creator\" content=\"@Pag10com\" \/>\n<meta name=\"twitter:site\" content=\"@Pag10com\" \/>\n<meta name=\"twitter:label1\" content=\"Escrito por\" \/>\n\t<meta name=\"twitter:data1\" content=\"Anibal Ar\u00e9valo Rosero\" \/>\n\t<meta name=\"twitter:label2\" content=\"Tiempo de lectura\" \/>\n\t<meta name=\"twitter:data2\" content=\"3 minutos\" \/>\n<script type=\"application\/ld+json\" class=\"yoast-schema-graph\">{\"@context\":\"https:\/\/schema.org\",\"@graph\":[{\"@type\":\"Article\",\"@id\":\"https:\/\/pagina10.com\/web\/la-patria-boba\/#article\",\"isPartOf\":{\"@id\":\"https:\/\/pagina10.com\/web\/la-patria-boba\/\"},\"author\":{\"name\":\"Anibal Ar\u00e9valo Rosero\",\"@id\":\"https:\/\/pagina10.com\/web\/#\/schema\/person\/9ec3e2b432363a195d2d01bf820c66fe\"},\"headline\":\"La Patria Boba\",\"datePublished\":\"2016-01-18T13:33:34+00:00\",\"mainEntityOfPage\":{\"@id\":\"https:\/\/pagina10.com\/web\/la-patria-boba\/\"},\"wordCount\":700,\"commentCount\":0,\"publisher\":{\"@id\":\"https:\/\/pagina10.com\/web\/#organization\"},\"image\":{\"@id\":\"https:\/\/pagina10.com\/web\/la-patria-boba\/#primaryimage\"},\"thumbnailUrl\":\"https:\/\/pagina10.com\/web\/wp-content\/uploads\/2016\/01\/60e8a946e2b62d3d142944e6eb1cc818.jpg\",\"inLanguage\":\"es\",\"potentialAction\":[{\"@type\":\"CommentAction\",\"name\":\"Comment\",\"target\":[\"https:\/\/pagina10.com\/web\/la-patria-boba\/#respond\"]}]},{\"@type\":\"WebPage\",\"@id\":\"https:\/\/pagina10.com\/web\/la-patria-boba\/\",\"url\":\"https:\/\/pagina10.com\/web\/la-patria-boba\/\",\"name\":\"La Patria Boba | P\u00e1gina10\",\"isPartOf\":{\"@id\":\"https:\/\/pagina10.com\/web\/#website\"},\"primaryImageOfPage\":{\"@id\":\"https:\/\/pagina10.com\/web\/la-patria-boba\/#primaryimage\"},\"image\":{\"@id\":\"https:\/\/pagina10.com\/web\/la-patria-boba\/#primaryimage\"},\"thumbnailUrl\":\"https:\/\/pagina10.com\/web\/wp-content\/uploads\/2016\/01\/60e8a946e2b62d3d142944e6eb1cc818.jpg\",\"datePublished\":\"2016-01-18T13:33:34+00:00\",\"breadcrumb\":{\"@id\":\"https:\/\/pagina10.com\/web\/la-patria-boba\/#breadcrumb\"},\"inLanguage\":\"es\",\"potentialAction\":[{\"@type\":\"ReadAction\",\"target\":[\"https:\/\/pagina10.com\/web\/la-patria-boba\/\"]}]},{\"@type\":\"ImageObject\",\"inLanguage\":\"es\",\"@id\":\"https:\/\/pagina10.com\/web\/la-patria-boba\/#primaryimage\",\"url\":\"https:\/\/pagina10.com\/web\/wp-content\/uploads\/2016\/01\/60e8a946e2b62d3d142944e6eb1cc818.jpg\",\"contentUrl\":\"https:\/\/pagina10.com\/web\/wp-content\/uploads\/2016\/01\/60e8a946e2b62d3d142944e6eb1cc818.jpg\",\"width\":639,\"height\":425},{\"@type\":\"BreadcrumbList\",\"@id\":\"https:\/\/pagina10.com\/web\/la-patria-boba\/#breadcrumb\",\"itemListElement\":[{\"@type\":\"ListItem\",\"position\":1,\"name\":\"Portada\",\"item\":\"https:\/\/pagina10.com\/web\/\"},{\"@type\":\"ListItem\",\"position\":2,\"name\":\"La Patria Boba\"}]},{\"@type\":\"WebSite\",\"@id\":\"https:\/\/pagina10.com\/web\/#website\",\"url\":\"https:\/\/pagina10.com\/web\/\",\"name\":\"P\u00e1gina10\",\"description\":\"Peri\u00f3dico Regional\",\"publisher\":{\"@id\":\"https:\/\/pagina10.com\/web\/#organization\"},\"alternateName\":\"P\u00e1gina10 Peri\u00f3dico Regional\",\"potentialAction\":[{\"@type\":\"SearchAction\",\"target\":{\"@type\":\"EntryPoint\",\"urlTemplate\":\"https:\/\/pagina10.com\/web\/?s={search_term_string}\"},\"query-input\":{\"@type\":\"PropertyValueSpecification\",\"valueRequired\":true,\"valueName\":\"search_term_string\"}}],\"inLanguage\":\"es\"},{\"@type\":\"Organization\",\"@id\":\"https:\/\/pagina10.com\/web\/#organization\",\"name\":\"P\u00e1gina10\",\"alternateName\":\"P\u00e1gina10 Peri\u00f3dico Regional\",\"url\":\"https:\/\/pagina10.com\/web\/\",\"logo\":{\"@type\":\"ImageObject\",\"inLanguage\":\"es\",\"@id\":\"https:\/\/pagina10.com\/web\/#\/schema\/logo\/image\/\",\"url\":\"https:\/\/pagina10.com\/web\/wp-content\/uploads\/2024\/01\/40-pagina-10-periodico-regional-pasto.jpg\",\"contentUrl\":\"https:\/\/pagina10.com\/web\/wp-content\/uploads\/2024\/01\/40-pagina-10-periodico-regional-pasto.jpg\",\"width\":1280,\"height\":720,\"caption\":\"P\u00e1gina10\"},\"image\":{\"@id\":\"https:\/\/pagina10.com\/web\/#\/schema\/logo\/image\/\"},\"sameAs\":[\"https:\/\/www.facebook.com\/pag10com\",\"https:\/\/x.com\/Pag10com\",\"https:\/\/www.instagram.com\/pagina10col\/\",\"https:\/\/youtube.com\/channel\/pag10\",\"https:\/\/www.tiktok.com\/@p10col\"]},{\"@type\":\"Person\",\"@id\":\"https:\/\/pagina10.com\/web\/#\/schema\/person\/9ec3e2b432363a195d2d01bf820c66fe\",\"name\":\"Anibal Ar\u00e9valo Rosero\",\"description\":\"An\u00edbal Ar\u00e9valo Rosero a trav\u00e9s de su vida ha realizado diversas actividades tendientes a reivindicar al ser humano en su conciencia plena. Durante su vida ha hecho teatro, a escrito poes\u00eda y en sus tiempos de universitario realiz\u00f3 varias publicaciones entre las que se recuerda la revista Quinde. Junto con otros compa\u00f1eros fund\u00f3 el Taller Cultural El Cueche, equipo con el que se hicieron varias publicaciones. De este mismo grupo hay que resaltar que se hizo un trabajo pionero en la difusi\u00f3n de la m\u00fasica andina, latinoamericana y del caribe. Despu\u00e9s de terminar sus estudios de biolog\u00eda en la Universidad de Nari\u00f1o entr\u00f3 a laborar en emisoras de la ciudad de Pasto como en RCN, donde se desempe\u00f1aba como locutor de planta. Dirigi\u00f3 programas en la extinta Ondas del Mayo, en varias oportunidades; tambi\u00e9n en Ecos de Pasto. Fue colaborador de el Noticias RCN y dirigi\u00f3 el programa Simana al D\u00eda, del Sindicato del Magisterio de Nari\u00f1o, en dos \u00e9pocas. En el a\u00f1o de 1992 funda el Comit\u00e9 de Solidaridad con Cuba Jos\u00e9 Mart\u00ed, cuyo objetivo era divulgar la realidad cubana y expresar apoyo moral, pol\u00edtico y material al pa\u00eds caribe\u00f1o. Ante la mala interpretaci\u00f3n que la gente le daba a este tipo de acciones, se decide promover viajes de solidad a Cuba para participar en la Brigada Latinoamericana de Trabajo Voluntario, en el Festival Cuba Vive y, de manera especia,l en el 14 Festival Mundial de la Juventud y los Estudiantes, que se desarroll\u00f3 en la isla en el a\u00f1o de 1997. Con esta experiencia impulsa el turismo al pa\u00eds caribe\u00f1o con el resultado de que miles de personas han participado de las excursiones organizadas por Ar\u00e9valo Rosero. Asimismo ha venido impulsando las Brigadas de Salud en Cuba, tendiente a llevar pacientes de c\u00e1ncer a ese destino con el fin de que reciban atenci\u00f3n m\u00e9dica, teniendo en cuenta que la experiencia cubana en el tema ha sido bastante favorable. Veinte a\u00f1os despu\u00e9s de estas nutritivas experiencias, le permiten impulsar excursiones adem\u00e1s a M\u00e9xico, Machu Picchu, Argentina, Ecuador, Panam\u00e1 y Tierra Santa. En cuanto al desempe\u00f1o period\u00edstico, adem\u00e1s de los medios radiales y de televisi\u00f3n, en los canales de la universidades de Nari\u00f1o y Mariana, se ha desempe\u00f1ado como columnista en Diario del Sur durante 6 a\u00f1os y en algunos medios virtuales. Tambi\u00e9n es colaborador de el Diario del Cauca. Considera que la pr\u00e1ctica de la lectura es beber de la fuente nutricia que permite apropiarse de manera consciente del ejercicio de la democracia; y la posibilidad de escribir y ser le\u00eddo, acceder al poder, por que considera la palabra como el mayor instrumento de acci\u00f3n cuando est\u00e1 bien encamina al leg\u00edtimo servicio social. En la actualidad adem\u00e1s de so\u00f1ar con viajar por el mundo se desempe\u00f1a como docente del departamento de ciencias de Inem Luis Delf\u00edn Insuasty de Pasto. Correo: Esta direcci\u00f3n de correo electr\u00f3nico est\u00e1 protegida contra spambots. Usted necesita tener Javascript activado para poder verla.\\\" target=\\\"_blank\\\" style=\\\"color: #1155cc; text-align: justify; font-family: arial, sans-serif; font-size: 13px; line-height: normal;\\\"&gt;fundacionecosofia@gmail.com\",\"url\":\"https:\/\/pagina10.com\/web\/author\/anibal\/\"}]}<\/script>\n<!-- \/ Yoast SEO plugin. -->","yoast_head_json":{"title":"La Patria Boba | P\u00e1gina10","robots":{"index":"index","follow":"follow","max-snippet":"max-snippet:-1","max-image-preview":"max-image-preview:large","max-video-preview":"max-video-preview:-1"},"canonical":"https:\/\/pagina10.com\/web\/la-patria-boba\/","og_locale":"es_ES","og_type":"article","og_title":"La Patria Boba | P\u00e1gina10","og_description":"El estado de cosas de nuestro pa\u00eds es sui generis. Los \u00faltimos 50 a\u00f1os se han caracterizado por un radicalismo a ultranza; diferente al acontecer del contexto latinoamericano, donde los cambios han sido sustanciales dentro de procesos democr\u00e1ticos y de modernizaci\u00f3n. Colombia, mientras tanto, viene con un rezago de d\u00e9cadas de desarrollo social; uno de [&hellip;]","og_url":"https:\/\/pagina10.com\/web\/la-patria-boba\/","og_site_name":"P\u00e1gina10","article_publisher":"https:\/\/www.facebook.com\/pag10com","article_published_time":"2016-01-18T13:33:34+00:00","og_image":[{"width":639,"height":425,"url":"https:\/\/pagina10.com\/web\/wp-content\/uploads\/2016\/01\/60e8a946e2b62d3d142944e6eb1cc818.jpg","type":"image\/jpeg"}],"author":"Anibal Ar\u00e9valo Rosero","twitter_card":"summary_large_image","twitter_creator":"@Pag10com","twitter_site":"@Pag10com","twitter_misc":{"Escrito por":"Anibal Ar\u00e9valo Rosero","Tiempo de lectura":"3 minutos"},"schema":{"@context":"https:\/\/schema.org","@graph":[{"@type":"Article","@id":"https:\/\/pagina10.com\/web\/la-patria-boba\/#article","isPartOf":{"@id":"https:\/\/pagina10.com\/web\/la-patria-boba\/"},"author":{"name":"Anibal Ar\u00e9valo Rosero","@id":"https:\/\/pagina10.com\/web\/#\/schema\/person\/9ec3e2b432363a195d2d01bf820c66fe"},"headline":"La Patria Boba","datePublished":"2016-01-18T13:33:34+00:00","mainEntityOfPage":{"@id":"https:\/\/pagina10.com\/web\/la-patria-boba\/"},"wordCount":700,"commentCount":0,"publisher":{"@id":"https:\/\/pagina10.com\/web\/#organization"},"image":{"@id":"https:\/\/pagina10.com\/web\/la-patria-boba\/#primaryimage"},"thumbnailUrl":"https:\/\/pagina10.com\/web\/wp-content\/uploads\/2016\/01\/60e8a946e2b62d3d142944e6eb1cc818.jpg","inLanguage":"es","potentialAction":[{"@type":"CommentAction","name":"Comment","target":["https:\/\/pagina10.com\/web\/la-patria-boba\/#respond"]}]},{"@type":"WebPage","@id":"https:\/\/pagina10.com\/web\/la-patria-boba\/","url":"https:\/\/pagina10.com\/web\/la-patria-boba\/","name":"La Patria Boba | P\u00e1gina10","isPartOf":{"@id":"https:\/\/pagina10.com\/web\/#website"},"primaryImageOfPage":{"@id":"https:\/\/pagina10.com\/web\/la-patria-boba\/#primaryimage"},"image":{"@id":"https:\/\/pagina10.com\/web\/la-patria-boba\/#primaryimage"},"thumbnailUrl":"https:\/\/pagina10.com\/web\/wp-content\/uploads\/2016\/01\/60e8a946e2b62d3d142944e6eb1cc818.jpg","datePublished":"2016-01-18T13:33:34+00:00","breadcrumb":{"@id":"https:\/\/pagina10.com\/web\/la-patria-boba\/#breadcrumb"},"inLanguage":"es","potentialAction":[{"@type":"ReadAction","target":["https:\/\/pagina10.com\/web\/la-patria-boba\/"]}]},{"@type":"ImageObject","inLanguage":"es","@id":"https:\/\/pagina10.com\/web\/la-patria-boba\/#primaryimage","url":"https:\/\/pagina10.com\/web\/wp-content\/uploads\/2016\/01\/60e8a946e2b62d3d142944e6eb1cc818.jpg","contentUrl":"https:\/\/pagina10.com\/web\/wp-content\/uploads\/2016\/01\/60e8a946e2b62d3d142944e6eb1cc818.jpg","width":639,"height":425},{"@type":"BreadcrumbList","@id":"https:\/\/pagina10.com\/web\/la-patria-boba\/#breadcrumb","itemListElement":[{"@type":"ListItem","position":1,"name":"Portada","item":"https:\/\/pagina10.com\/web\/"},{"@type":"ListItem","position":2,"name":"La Patria Boba"}]},{"@type":"WebSite","@id":"https:\/\/pagina10.com\/web\/#website","url":"https:\/\/pagina10.com\/web\/","name":"P\u00e1gina10","description":"Peri\u00f3dico Regional","publisher":{"@id":"https:\/\/pagina10.com\/web\/#organization"},"alternateName":"P\u00e1gina10 Peri\u00f3dico Regional","potentialAction":[{"@type":"SearchAction","target":{"@type":"EntryPoint","urlTemplate":"https:\/\/pagina10.com\/web\/?s={search_term_string}"},"query-input":{"@type":"PropertyValueSpecification","valueRequired":true,"valueName":"search_term_string"}}],"inLanguage":"es"},{"@type":"Organization","@id":"https:\/\/pagina10.com\/web\/#organization","name":"P\u00e1gina10","alternateName":"P\u00e1gina10 Peri\u00f3dico Regional","url":"https:\/\/pagina10.com\/web\/","logo":{"@type":"ImageObject","inLanguage":"es","@id":"https:\/\/pagina10.com\/web\/#\/schema\/logo\/image\/","url":"https:\/\/pagina10.com\/web\/wp-content\/uploads\/2024\/01\/40-pagina-10-periodico-regional-pasto.jpg","contentUrl":"https:\/\/pagina10.com\/web\/wp-content\/uploads\/2024\/01\/40-pagina-10-periodico-regional-pasto.jpg","width":1280,"height":720,"caption":"P\u00e1gina10"},"image":{"@id":"https:\/\/pagina10.com\/web\/#\/schema\/logo\/image\/"},"sameAs":["https:\/\/www.facebook.com\/pag10com","https:\/\/x.com\/Pag10com","https:\/\/www.instagram.com\/pagina10col\/","https:\/\/youtube.com\/channel\/pag10","https:\/\/www.tiktok.com\/@p10col"]},{"@type":"Person","@id":"https:\/\/pagina10.com\/web\/#\/schema\/person\/9ec3e2b432363a195d2d01bf820c66fe","name":"Anibal Ar\u00e9valo Rosero","description":"An\u00edbal Ar\u00e9valo Rosero a trav\u00e9s de su vida ha realizado diversas actividades tendientes a reivindicar al ser humano en su conciencia plena. Durante su vida ha hecho teatro, a escrito poes\u00eda y en sus tiempos de universitario realiz\u00f3 varias publicaciones entre las que se recuerda la revista Quinde. Junto con otros compa\u00f1eros fund\u00f3 el Taller Cultural El Cueche, equipo con el que se hicieron varias publicaciones. De este mismo grupo hay que resaltar que se hizo un trabajo pionero en la difusi\u00f3n de la m\u00fasica andina, latinoamericana y del caribe. Despu\u00e9s de terminar sus estudios de biolog\u00eda en la Universidad de Nari\u00f1o entr\u00f3 a laborar en emisoras de la ciudad de Pasto como en RCN, donde se desempe\u00f1aba como locutor de planta. Dirigi\u00f3 programas en la extinta Ondas del Mayo, en varias oportunidades; tambi\u00e9n en Ecos de Pasto. Fue colaborador de el Noticias RCN y dirigi\u00f3 el programa Simana al D\u00eda, del Sindicato del Magisterio de Nari\u00f1o, en dos \u00e9pocas. En el a\u00f1o de 1992 funda el Comit\u00e9 de Solidaridad con Cuba Jos\u00e9 Mart\u00ed, cuyo objetivo era divulgar la realidad cubana y expresar apoyo moral, pol\u00edtico y material al pa\u00eds caribe\u00f1o. Ante la mala interpretaci\u00f3n que la gente le daba a este tipo de acciones, se decide promover viajes de solidad a Cuba para participar en la Brigada Latinoamericana de Trabajo Voluntario, en el Festival Cuba Vive y, de manera especia,l en el 14 Festival Mundial de la Juventud y los Estudiantes, que se desarroll\u00f3 en la isla en el a\u00f1o de 1997. Con esta experiencia impulsa el turismo al pa\u00eds caribe\u00f1o con el resultado de que miles de personas han participado de las excursiones organizadas por Ar\u00e9valo Rosero. Asimismo ha venido impulsando las Brigadas de Salud en Cuba, tendiente a llevar pacientes de c\u00e1ncer a ese destino con el fin de que reciban atenci\u00f3n m\u00e9dica, teniendo en cuenta que la experiencia cubana en el tema ha sido bastante favorable. Veinte a\u00f1os despu\u00e9s de estas nutritivas experiencias, le permiten impulsar excursiones adem\u00e1s a M\u00e9xico, Machu Picchu, Argentina, Ecuador, Panam\u00e1 y Tierra Santa. En cuanto al desempe\u00f1o period\u00edstico, adem\u00e1s de los medios radiales y de televisi\u00f3n, en los canales de la universidades de Nari\u00f1o y Mariana, se ha desempe\u00f1ado como columnista en Diario del Sur durante 6 a\u00f1os y en algunos medios virtuales. Tambi\u00e9n es colaborador de el Diario del Cauca. Considera que la pr\u00e1ctica de la lectura es beber de la fuente nutricia que permite apropiarse de manera consciente del ejercicio de la democracia; y la posibilidad de escribir y ser le\u00eddo, acceder al poder, por que considera la palabra como el mayor instrumento de acci\u00f3n cuando est\u00e1 bien encamina al leg\u00edtimo servicio social. En la actualidad adem\u00e1s de so\u00f1ar con viajar por el mundo se desempe\u00f1a como docente del departamento de ciencias de Inem Luis Delf\u00edn Insuasty de Pasto. Correo: Esta direcci\u00f3n de correo electr\u00f3nico est\u00e1 protegida contra spambots. Usted necesita tener Javascript activado para poder verla.\" target=\"_blank\" style=\"color: #1155cc; text-align: justify; font-family: arial, sans-serif; font-size: 13px; line-height: normal;\"&gt;fundacionecosofia@gmail.com","url":"https:\/\/pagina10.com\/web\/author\/anibal\/"}]}},"_links":{"self":[{"href":"https:\/\/pagina10.com\/web\/wp-json\/wp\/v2\/posts\/19374","targetHints":{"allow":["GET"]}}],"collection":[{"href":"https:\/\/pagina10.com\/web\/wp-json\/wp\/v2\/posts"}],"about":[{"href":"https:\/\/pagina10.com\/web\/wp-json\/wp\/v2\/types\/post"}],"author":[{"embeddable":true,"href":"https:\/\/pagina10.com\/web\/wp-json\/wp\/v2\/users\/65"}],"replies":[{"embeddable":true,"href":"https:\/\/pagina10.com\/web\/wp-json\/wp\/v2\/comments?post=19374"}],"version-history":[{"count":0,"href":"https:\/\/pagina10.com\/web\/wp-json\/wp\/v2\/posts\/19374\/revisions"}],"wp:featuredmedia":[{"embeddable":true,"href":"https:\/\/pagina10.com\/web\/wp-json\/wp\/v2\/media\/19373"}],"wp:attachment":[{"href":"https:\/\/pagina10.com\/web\/wp-json\/wp\/v2\/media?parent=19374"}],"wp:term":[{"taxonomy":"category","embeddable":true,"href":"https:\/\/pagina10.com\/web\/wp-json\/wp\/v2\/categories?post=19374"},{"taxonomy":"post_tag","embeddable":true,"href":"https:\/\/pagina10.com\/web\/wp-json\/wp\/v2\/tags?post=19374"}],"curies":[{"name":"wp","href":"https:\/\/api.w.org\/{rel}","templated":true}]}}