{"id":19384,"date":"2016-01-19T00:45:45","date_gmt":"2016-01-19T00:45:45","guid":{"rendered":"https:\/\/pagina10.com\/web\/mintrasporte-selecciono-a-pasto-como-pionera-en-la-implementacion-de-seguridad-vial\/"},"modified":"2016-01-19T00:45:45","modified_gmt":"2016-01-19T00:45:45","slug":"mintrasporte-selecciono-a-pasto-como-pionera-en-la-implementacion-de-seguridad-vial","status":"publish","type":"post","link":"https:\/\/pagina10.com\/web\/mintrasporte-selecciono-a-pasto-como-pionera-en-la-implementacion-de-seguridad-vial\/","title":{"rendered":"Mintrasporte seleccion\u00f3 a Pasto como pionera en la implementaci\u00f3n de seguridad vial"},"content":{"rendered":"<p><img fetchpriority=\"high\" decoding=\"async\" class=\" size-full wp-image-19383\" src=\"https:\/\/pagina10.com\/web\/wp-content\/uploads\/2016\/01\/398f1b9fa42acd4dd7d80f7d266a7213.jpg\" alt=\"\" width=\"800\" height=\"345\" srcset=\"https:\/\/pagina10.com\/web\/wp-content\/uploads\/2016\/01\/398f1b9fa42acd4dd7d80f7d266a7213.jpg 800w, https:\/\/pagina10.com\/web\/wp-content\/uploads\/2016\/01\/398f1b9fa42acd4dd7d80f7d266a7213-300x129.jpg 300w, https:\/\/pagina10.com\/web\/wp-content\/uploads\/2016\/01\/398f1b9fa42acd4dd7d80f7d266a7213-768x331.jpg 768w\" sizes=\"(max-width: 800px) 100vw, 800px\" \/><\/p>\n<p style=\"text-align: justify;\">El Ministerio de Transporte a trav\u00e9s de la Agencia Nacional de Seguridad Vial, seleccion\u00f3 a la capital de Nari\u00f1o como regi\u00f3n pionera en la implementaci\u00f3n de programas y estrategias que han permitido disminuir el alto porcentaje de accidentes de tr\u00e1nsito que ocasionan la p\u00e9rdida de vidas humanas y lesiones permanentes y temporales.<\/p>\n<p style=\"text-align: justify;\">Es por ello que la Agencia Nacional de Seguridad Vial premi\u00f3 los esfuerzos institucionales, con recursos que ascienden a los $1.830 millones que ser\u00e1n invertidos en acciones educativas que permitan concienciar en los actores de la v\u00eda, el respeto rec\u00edproco por la vida. El proyecto abarcar\u00e1 todos los sectores de la sociedad con un trabajo netamente pedag\u00f3gico y combinar\u00e1 el componente tecnol\u00f3gico.<\/p>\n<p style=\"text-align: justify;\">Fueron 14 municipios de Colombia los beneficiados con los recursos en donde la ciudad de Pasto ocup\u00f3 el segundo puesto despu\u00e9s de Medell\u00edn, con el mejor contenido del proyecto. Las iniciativas exitosas que impacten positivamente en la disminuci\u00f3n de la accidentalidad, ser\u00e1n replicadas en las dem\u00e1s regiones que desarrollan el proceso.<\/p>\n<p style=\"text-align: justify;\">&#8220;No ahorraremos esfuerzos humanos y t\u00e9cnicos para alcanzar los objetivos trazados por el Gobierno Municipal en lo referente a seguridad vial, nos hemos propuesto disminuir en su totalidad los accidentes de tr\u00e1nsito y desde luego el n\u00famero de v\u00edctimas, aplicaremos las medidas persuasivas, pero tambi\u00e9n seremos dr\u00e1sticos con los infractores que no respetan la normatividad de tr\u00e1nsito&#8221;, asegur\u00f3 el secretario de Tr\u00e1nsito de Pasto Adrian Del Hierro Regalado.<\/p>\n","protected":false},"excerpt":{"rendered":"<p>El Ministerio de Transporte a trav\u00e9s de la Agencia Nacional de Seguridad Vial, seleccion\u00f3 a la capital de Nari\u00f1o como regi\u00f3n pionera en la implementaci\u00f3n de programas y estrategias que han permitido disminuir el alto porcentaje de accidentes de tr\u00e1nsito que ocasionan la p\u00e9rdida de vidas humanas y lesiones permanentes y temporales. Es por ello [&hellip;]<\/p>\n","protected":false},"author":29,"featured_media":19383,"comment_status":"open","ping_status":"open","sticky":false,"template":"","format":"standard","meta":{"footnotes":""},"categories":[1],"tags":[],"class_list":["post-19384","post","type-post","status-publish","format-standard","has-post-thumbnail","hentry","category-sin-categoria"],"yoast_head":"<!-- This site is optimized with the Yoast SEO plugin v27.1.1 - https:\/\/yoast.com\/product\/yoast-seo-wordpress\/ -->\n<title>Mintrasporte seleccion\u00f3 a Pasto como pionera en la implementaci\u00f3n de seguridad vial | P\u00e1gina10<\/title>\n<meta name=\"robots\" content=\"index, follow, max-snippet:-1, max-image-preview:large, max-video-preview:-1\" \/>\n<link rel=\"canonical\" href=\"https:\/\/pagina10.com\/web\/mintrasporte-selecciono-a-pasto-como-pionera-en-la-implementacion-de-seguridad-vial\/\" \/>\n<meta property=\"og:locale\" content=\"es_ES\" \/>\n<meta property=\"og:type\" content=\"article\" \/>\n<meta property=\"og:title\" content=\"Mintrasporte seleccion\u00f3 a Pasto como pionera en la implementaci\u00f3n de seguridad vial | P\u00e1gina10\" \/>\n<meta property=\"og:description\" content=\"El Ministerio de Transporte a trav\u00e9s de la Agencia Nacional de Seguridad Vial, seleccion\u00f3 a la capital de Nari\u00f1o como regi\u00f3n pionera en la implementaci\u00f3n de programas y estrategias que han permitido disminuir el alto porcentaje de accidentes de tr\u00e1nsito que ocasionan la p\u00e9rdida de vidas humanas y lesiones permanentes y temporales. Es por ello [&hellip;]\" \/>\n<meta property=\"og:url\" content=\"https:\/\/pagina10.com\/web\/mintrasporte-selecciono-a-pasto-como-pionera-en-la-implementacion-de-seguridad-vial\/\" \/>\n<meta property=\"og:site_name\" content=\"P\u00e1gina10\" \/>\n<meta property=\"article:publisher\" content=\"https:\/\/www.facebook.com\/pag10com\" \/>\n<meta property=\"article:published_time\" content=\"2016-01-19T00:45:45+00:00\" \/>\n<meta property=\"og:image\" content=\"https:\/\/pagina10.com\/web\/wp-content\/uploads\/2016\/01\/398f1b9fa42acd4dd7d80f7d266a7213.jpg\" \/>\n\t<meta property=\"og:image:width\" content=\"800\" \/>\n\t<meta property=\"og:image:height\" content=\"345\" \/>\n\t<meta property=\"og:image:type\" content=\"image\/jpeg\" \/>\n<meta name=\"author\" content=\"P\u00e1gina 10\" \/>\n<meta name=\"twitter:card\" content=\"summary_large_image\" \/>\n<meta name=\"twitter:creator\" content=\"@Pag10com\" \/>\n<meta name=\"twitter:site\" content=\"@Pag10com\" \/>\n<meta name=\"twitter:label1\" content=\"Escrito por\" \/>\n\t<meta name=\"twitter:data1\" content=\"P\u00e1gina 10\" \/>\n\t<meta name=\"twitter:label2\" content=\"Tiempo de lectura\" \/>\n\t<meta name=\"twitter:data2\" content=\"1 minuto\" \/>\n<script type=\"application\/ld+json\" class=\"yoast-schema-graph\">{\"@context\":\"https:\/\/schema.org\",\"@graph\":[{\"@type\":\"Article\",\"@id\":\"https:\/\/pagina10.com\/web\/mintrasporte-selecciono-a-pasto-como-pionera-en-la-implementacion-de-seguridad-vial\/#article\",\"isPartOf\":{\"@id\":\"https:\/\/pagina10.com\/web\/mintrasporte-selecciono-a-pasto-como-pionera-en-la-implementacion-de-seguridad-vial\/\"},\"author\":{\"name\":\"P\u00e1gina 10\",\"@id\":\"https:\/\/pagina10.com\/web\/#\/schema\/person\/a7a5d38f0629dfc107f619fbae4f6cc3\"},\"headline\":\"Mintrasporte seleccion\u00f3 a Pasto como pionera en la implementaci\u00f3n de seguridad vial\",\"datePublished\":\"2016-01-19T00:45:45+00:00\",\"mainEntityOfPage\":{\"@id\":\"https:\/\/pagina10.com\/web\/mintrasporte-selecciono-a-pasto-como-pionera-en-la-implementacion-de-seguridad-vial\/\"},\"wordCount\":268,\"commentCount\":0,\"publisher\":{\"@id\":\"https:\/\/pagina10.com\/web\/#organization\"},\"image\":{\"@id\":\"https:\/\/pagina10.com\/web\/mintrasporte-selecciono-a-pasto-como-pionera-en-la-implementacion-de-seguridad-vial\/#primaryimage\"},\"thumbnailUrl\":\"https:\/\/pagina10.com\/web\/wp-content\/uploads\/2016\/01\/398f1b9fa42acd4dd7d80f7d266a7213.jpg\",\"inLanguage\":\"es\",\"potentialAction\":[{\"@type\":\"CommentAction\",\"name\":\"Comment\",\"target\":[\"https:\/\/pagina10.com\/web\/mintrasporte-selecciono-a-pasto-como-pionera-en-la-implementacion-de-seguridad-vial\/#respond\"]}]},{\"@type\":\"WebPage\",\"@id\":\"https:\/\/pagina10.com\/web\/mintrasporte-selecciono-a-pasto-como-pionera-en-la-implementacion-de-seguridad-vial\/\",\"url\":\"https:\/\/pagina10.com\/web\/mintrasporte-selecciono-a-pasto-como-pionera-en-la-implementacion-de-seguridad-vial\/\",\"name\":\"Mintrasporte seleccion\u00f3 a Pasto como pionera en la implementaci\u00f3n de seguridad vial | P\u00e1gina10\",\"isPartOf\":{\"@id\":\"https:\/\/pagina10.com\/web\/#website\"},\"primaryImageOfPage\":{\"@id\":\"https:\/\/pagina10.com\/web\/mintrasporte-selecciono-a-pasto-como-pionera-en-la-implementacion-de-seguridad-vial\/#primaryimage\"},\"image\":{\"@id\":\"https:\/\/pagina10.com\/web\/mintrasporte-selecciono-a-pasto-como-pionera-en-la-implementacion-de-seguridad-vial\/#primaryimage\"},\"thumbnailUrl\":\"https:\/\/pagina10.com\/web\/wp-content\/uploads\/2016\/01\/398f1b9fa42acd4dd7d80f7d266a7213.jpg\",\"datePublished\":\"2016-01-19T00:45:45+00:00\",\"breadcrumb\":{\"@id\":\"https:\/\/pagina10.com\/web\/mintrasporte-selecciono-a-pasto-como-pionera-en-la-implementacion-de-seguridad-vial\/#breadcrumb\"},\"inLanguage\":\"es\",\"potentialAction\":[{\"@type\":\"ReadAction\",\"target\":[\"https:\/\/pagina10.com\/web\/mintrasporte-selecciono-a-pasto-como-pionera-en-la-implementacion-de-seguridad-vial\/\"]}]},{\"@type\":\"ImageObject\",\"inLanguage\":\"es\",\"@id\":\"https:\/\/pagina10.com\/web\/mintrasporte-selecciono-a-pasto-como-pionera-en-la-implementacion-de-seguridad-vial\/#primaryimage\",\"url\":\"https:\/\/pagina10.com\/web\/wp-content\/uploads\/2016\/01\/398f1b9fa42acd4dd7d80f7d266a7213.jpg\",\"contentUrl\":\"https:\/\/pagina10.com\/web\/wp-content\/uploads\/2016\/01\/398f1b9fa42acd4dd7d80f7d266a7213.jpg\",\"width\":800,\"height\":345},{\"@type\":\"BreadcrumbList\",\"@id\":\"https:\/\/pagina10.com\/web\/mintrasporte-selecciono-a-pasto-como-pionera-en-la-implementacion-de-seguridad-vial\/#breadcrumb\",\"itemListElement\":[{\"@type\":\"ListItem\",\"position\":1,\"name\":\"Portada\",\"item\":\"https:\/\/pagina10.com\/web\/\"},{\"@type\":\"ListItem\",\"position\":2,\"name\":\"Mintrasporte seleccion\u00f3 a Pasto como pionera en la implementaci\u00f3n de seguridad vial\"}]},{\"@type\":\"WebSite\",\"@id\":\"https:\/\/pagina10.com\/web\/#website\",\"url\":\"https:\/\/pagina10.com\/web\/\",\"name\":\"P\u00e1gina10\",\"description\":\"Peri\u00f3dico Regional\",\"publisher\":{\"@id\":\"https:\/\/pagina10.com\/web\/#organization\"},\"alternateName\":\"P\u00e1gina10 Peri\u00f3dico Regional\",\"potentialAction\":[{\"@type\":\"SearchAction\",\"target\":{\"@type\":\"EntryPoint\",\"urlTemplate\":\"https:\/\/pagina10.com\/web\/?s={search_term_string}\"},\"query-input\":{\"@type\":\"PropertyValueSpecification\",\"valueRequired\":true,\"valueName\":\"search_term_string\"}}],\"inLanguage\":\"es\"},{\"@type\":\"Organization\",\"@id\":\"https:\/\/pagina10.com\/web\/#organization\",\"name\":\"P\u00e1gina10\",\"alternateName\":\"P\u00e1gina10 Peri\u00f3dico Regional\",\"url\":\"https:\/\/pagina10.com\/web\/\",\"logo\":{\"@type\":\"ImageObject\",\"inLanguage\":\"es\",\"@id\":\"https:\/\/pagina10.com\/web\/#\/schema\/logo\/image\/\",\"url\":\"https:\/\/pagina10.com\/web\/wp-content\/uploads\/2024\/01\/40-pagina-10-periodico-regional-pasto.jpg\",\"contentUrl\":\"https:\/\/pagina10.com\/web\/wp-content\/uploads\/2024\/01\/40-pagina-10-periodico-regional-pasto.jpg\",\"width\":1280,\"height\":720,\"caption\":\"P\u00e1gina10\"},\"image\":{\"@id\":\"https:\/\/pagina10.com\/web\/#\/schema\/logo\/image\/\"},\"sameAs\":[\"https:\/\/www.facebook.com\/pag10com\",\"https:\/\/x.com\/Pag10com\",\"https:\/\/www.instagram.com\/pagina10col\/\",\"https:\/\/youtube.com\/channel\/pag10\",\"https:\/\/www.tiktok.com\/@p10col\"]},{\"@type\":\"Person\",\"@id\":\"https:\/\/pagina10.com\/web\/#\/schema\/person\/a7a5d38f0629dfc107f619fbae4f6cc3\",\"name\":\"P\u00e1gina 10\",\"description\":\"P\u00e1gina10.com es un peri\u00f3dico digital que nace en Colombia, en el departamento de Nari\u00f1o, con un enfoque global, fundamentado en cuatro pilares esenciales: la libertad, el pluralismo, la inclusi\u00f3n y la independencia. P\u00e1gina10.com hace referencia a Nari\u00f1o como el d\u00e9cimo departamento creado en Colombia, despu\u00e9s de un proceso pol\u00edtico liderado por actores y actrices regionales con el fin de obtener la independencia y autonom\u00eda de nuestros territorios. Con la creaci\u00f3n de P\u00e1gina10.com se pretende abrir un escenario para el dialogo, la reflexi\u00f3n y el debate que se extienda a otras geograf\u00edas de Am\u00e9rica Latina y del planeta, en una apuesta por transformar colectivamente los desaf\u00edos de un mundo contempor\u00e1neo, m\u00e1s all\u00e1 de las fronteras impuestas.\",\"url\":\"https:\/\/pagina10.com\/web\/author\/mcepeda\/\"}]}<\/script>\n<!-- \/ Yoast SEO plugin. -->","yoast_head_json":{"title":"Mintrasporte seleccion\u00f3 a Pasto como pionera en la implementaci\u00f3n de seguridad vial | P\u00e1gina10","robots":{"index":"index","follow":"follow","max-snippet":"max-snippet:-1","max-image-preview":"max-image-preview:large","max-video-preview":"max-video-preview:-1"},"canonical":"https:\/\/pagina10.com\/web\/mintrasporte-selecciono-a-pasto-como-pionera-en-la-implementacion-de-seguridad-vial\/","og_locale":"es_ES","og_type":"article","og_title":"Mintrasporte seleccion\u00f3 a Pasto como pionera en la implementaci\u00f3n de seguridad vial | P\u00e1gina10","og_description":"El Ministerio de Transporte a trav\u00e9s de la Agencia Nacional de Seguridad Vial, seleccion\u00f3 a la capital de Nari\u00f1o como regi\u00f3n pionera en la implementaci\u00f3n de programas y estrategias que han permitido disminuir el alto porcentaje de accidentes de tr\u00e1nsito que ocasionan la p\u00e9rdida de vidas humanas y lesiones permanentes y temporales. Es por ello [&hellip;]","og_url":"https:\/\/pagina10.com\/web\/mintrasporte-selecciono-a-pasto-como-pionera-en-la-implementacion-de-seguridad-vial\/","og_site_name":"P\u00e1gina10","article_publisher":"https:\/\/www.facebook.com\/pag10com","article_published_time":"2016-01-19T00:45:45+00:00","og_image":[{"width":800,"height":345,"url":"https:\/\/pagina10.com\/web\/wp-content\/uploads\/2016\/01\/398f1b9fa42acd4dd7d80f7d266a7213.jpg","type":"image\/jpeg"}],"author":"P\u00e1gina 10","twitter_card":"summary_large_image","twitter_creator":"@Pag10com","twitter_site":"@Pag10com","twitter_misc":{"Escrito por":"P\u00e1gina 10","Tiempo de lectura":"1 minuto"},"schema":{"@context":"https:\/\/schema.org","@graph":[{"@type":"Article","@id":"https:\/\/pagina10.com\/web\/mintrasporte-selecciono-a-pasto-como-pionera-en-la-implementacion-de-seguridad-vial\/#article","isPartOf":{"@id":"https:\/\/pagina10.com\/web\/mintrasporte-selecciono-a-pasto-como-pionera-en-la-implementacion-de-seguridad-vial\/"},"author":{"name":"P\u00e1gina 10","@id":"https:\/\/pagina10.com\/web\/#\/schema\/person\/a7a5d38f0629dfc107f619fbae4f6cc3"},"headline":"Mintrasporte seleccion\u00f3 a Pasto como pionera en la implementaci\u00f3n de seguridad vial","datePublished":"2016-01-19T00:45:45+00:00","mainEntityOfPage":{"@id":"https:\/\/pagina10.com\/web\/mintrasporte-selecciono-a-pasto-como-pionera-en-la-implementacion-de-seguridad-vial\/"},"wordCount":268,"commentCount":0,"publisher":{"@id":"https:\/\/pagina10.com\/web\/#organization"},"image":{"@id":"https:\/\/pagina10.com\/web\/mintrasporte-selecciono-a-pasto-como-pionera-en-la-implementacion-de-seguridad-vial\/#primaryimage"},"thumbnailUrl":"https:\/\/pagina10.com\/web\/wp-content\/uploads\/2016\/01\/398f1b9fa42acd4dd7d80f7d266a7213.jpg","inLanguage":"es","potentialAction":[{"@type":"CommentAction","name":"Comment","target":["https:\/\/pagina10.com\/web\/mintrasporte-selecciono-a-pasto-como-pionera-en-la-implementacion-de-seguridad-vial\/#respond"]}]},{"@type":"WebPage","@id":"https:\/\/pagina10.com\/web\/mintrasporte-selecciono-a-pasto-como-pionera-en-la-implementacion-de-seguridad-vial\/","url":"https:\/\/pagina10.com\/web\/mintrasporte-selecciono-a-pasto-como-pionera-en-la-implementacion-de-seguridad-vial\/","name":"Mintrasporte seleccion\u00f3 a Pasto como pionera en la implementaci\u00f3n de seguridad vial | P\u00e1gina10","isPartOf":{"@id":"https:\/\/pagina10.com\/web\/#website"},"primaryImageOfPage":{"@id":"https:\/\/pagina10.com\/web\/mintrasporte-selecciono-a-pasto-como-pionera-en-la-implementacion-de-seguridad-vial\/#primaryimage"},"image":{"@id":"https:\/\/pagina10.com\/web\/mintrasporte-selecciono-a-pasto-como-pionera-en-la-implementacion-de-seguridad-vial\/#primaryimage"},"thumbnailUrl":"https:\/\/pagina10.com\/web\/wp-content\/uploads\/2016\/01\/398f1b9fa42acd4dd7d80f7d266a7213.jpg","datePublished":"2016-01-19T00:45:45+00:00","breadcrumb":{"@id":"https:\/\/pagina10.com\/web\/mintrasporte-selecciono-a-pasto-como-pionera-en-la-implementacion-de-seguridad-vial\/#breadcrumb"},"inLanguage":"es","potentialAction":[{"@type":"ReadAction","target":["https:\/\/pagina10.com\/web\/mintrasporte-selecciono-a-pasto-como-pionera-en-la-implementacion-de-seguridad-vial\/"]}]},{"@type":"ImageObject","inLanguage":"es","@id":"https:\/\/pagina10.com\/web\/mintrasporte-selecciono-a-pasto-como-pionera-en-la-implementacion-de-seguridad-vial\/#primaryimage","url":"https:\/\/pagina10.com\/web\/wp-content\/uploads\/2016\/01\/398f1b9fa42acd4dd7d80f7d266a7213.jpg","contentUrl":"https:\/\/pagina10.com\/web\/wp-content\/uploads\/2016\/01\/398f1b9fa42acd4dd7d80f7d266a7213.jpg","width":800,"height":345},{"@type":"BreadcrumbList","@id":"https:\/\/pagina10.com\/web\/mintrasporte-selecciono-a-pasto-como-pionera-en-la-implementacion-de-seguridad-vial\/#breadcrumb","itemListElement":[{"@type":"ListItem","position":1,"name":"Portada","item":"https:\/\/pagina10.com\/web\/"},{"@type":"ListItem","position":2,"name":"Mintrasporte seleccion\u00f3 a Pasto como pionera en la implementaci\u00f3n de seguridad vial"}]},{"@type":"WebSite","@id":"https:\/\/pagina10.com\/web\/#website","url":"https:\/\/pagina10.com\/web\/","name":"P\u00e1gina10","description":"Peri\u00f3dico Regional","publisher":{"@id":"https:\/\/pagina10.com\/web\/#organization"},"alternateName":"P\u00e1gina10 Peri\u00f3dico Regional","potentialAction":[{"@type":"SearchAction","target":{"@type":"EntryPoint","urlTemplate":"https:\/\/pagina10.com\/web\/?s={search_term_string}"},"query-input":{"@type":"PropertyValueSpecification","valueRequired":true,"valueName":"search_term_string"}}],"inLanguage":"es"},{"@type":"Organization","@id":"https:\/\/pagina10.com\/web\/#organization","name":"P\u00e1gina10","alternateName":"P\u00e1gina10 Peri\u00f3dico Regional","url":"https:\/\/pagina10.com\/web\/","logo":{"@type":"ImageObject","inLanguage":"es","@id":"https:\/\/pagina10.com\/web\/#\/schema\/logo\/image\/","url":"https:\/\/pagina10.com\/web\/wp-content\/uploads\/2024\/01\/40-pagina-10-periodico-regional-pasto.jpg","contentUrl":"https:\/\/pagina10.com\/web\/wp-content\/uploads\/2024\/01\/40-pagina-10-periodico-regional-pasto.jpg","width":1280,"height":720,"caption":"P\u00e1gina10"},"image":{"@id":"https:\/\/pagina10.com\/web\/#\/schema\/logo\/image\/"},"sameAs":["https:\/\/www.facebook.com\/pag10com","https:\/\/x.com\/Pag10com","https:\/\/www.instagram.com\/pagina10col\/","https:\/\/youtube.com\/channel\/pag10","https:\/\/www.tiktok.com\/@p10col"]},{"@type":"Person","@id":"https:\/\/pagina10.com\/web\/#\/schema\/person\/a7a5d38f0629dfc107f619fbae4f6cc3","name":"P\u00e1gina 10","description":"P\u00e1gina10.com es un peri\u00f3dico digital que nace en Colombia, en el departamento de Nari\u00f1o, con un enfoque global, fundamentado en cuatro pilares esenciales: la libertad, el pluralismo, la inclusi\u00f3n y la independencia. P\u00e1gina10.com hace referencia a Nari\u00f1o como el d\u00e9cimo departamento creado en Colombia, despu\u00e9s de un proceso pol\u00edtico liderado por actores y actrices regionales con el fin de obtener la independencia y autonom\u00eda de nuestros territorios. Con la creaci\u00f3n de P\u00e1gina10.com se pretende abrir un escenario para el dialogo, la reflexi\u00f3n y el debate que se extienda a otras geograf\u00edas de Am\u00e9rica Latina y del planeta, en una apuesta por transformar colectivamente los desaf\u00edos de un mundo contempor\u00e1neo, m\u00e1s all\u00e1 de las fronteras impuestas.","url":"https:\/\/pagina10.com\/web\/author\/mcepeda\/"}]}},"_links":{"self":[{"href":"https:\/\/pagina10.com\/web\/wp-json\/wp\/v2\/posts\/19384","targetHints":{"allow":["GET"]}}],"collection":[{"href":"https:\/\/pagina10.com\/web\/wp-json\/wp\/v2\/posts"}],"about":[{"href":"https:\/\/pagina10.com\/web\/wp-json\/wp\/v2\/types\/post"}],"author":[{"embeddable":true,"href":"https:\/\/pagina10.com\/web\/wp-json\/wp\/v2\/users\/29"}],"replies":[{"embeddable":true,"href":"https:\/\/pagina10.com\/web\/wp-json\/wp\/v2\/comments?post=19384"}],"version-history":[{"count":0,"href":"https:\/\/pagina10.com\/web\/wp-json\/wp\/v2\/posts\/19384\/revisions"}],"wp:featuredmedia":[{"embeddable":true,"href":"https:\/\/pagina10.com\/web\/wp-json\/wp\/v2\/media\/19383"}],"wp:attachment":[{"href":"https:\/\/pagina10.com\/web\/wp-json\/wp\/v2\/media?parent=19384"}],"wp:term":[{"taxonomy":"category","embeddable":true,"href":"https:\/\/pagina10.com\/web\/wp-json\/wp\/v2\/categories?post=19384"},{"taxonomy":"post_tag","embeddable":true,"href":"https:\/\/pagina10.com\/web\/wp-json\/wp\/v2\/tags?post=19384"}],"curies":[{"name":"wp","href":"https:\/\/api.w.org\/{rel}","templated":true}]}}