{"id":19386,"date":"2016-01-19T02:58:02","date_gmt":"2016-01-19T02:58:02","guid":{"rendered":"https:\/\/pagina10.com\/web\/capturados-por-corrupcion-miembros-de-la-policia-de-narino\/"},"modified":"2016-01-19T02:58:02","modified_gmt":"2016-01-19T02:58:02","slug":"capturados-por-corrupcion-miembros-de-la-policia-de-narino","status":"publish","type":"post","link":"https:\/\/pagina10.com\/web\/capturados-por-corrupcion-miembros-de-la-policia-de-narino\/","title":{"rendered":"Capturados por corrupci\u00f3n miembros de la Polic\u00eda de Nari\u00f1o"},"content":{"rendered":"<p><img fetchpriority=\"high\" decoding=\"async\" class=\" size-full wp-image-19385\" src=\"https:\/\/pagina10.com\/web\/wp-content\/uploads\/2016\/01\/0c33cbbfbf55d725ed62a8feec77bb6b.jpg\" alt=\"\" width=\"341\" height=\"226\" srcset=\"https:\/\/pagina10.com\/web\/wp-content\/uploads\/2016\/01\/0c33cbbfbf55d725ed62a8feec77bb6b.jpg 341w, https:\/\/pagina10.com\/web\/wp-content\/uploads\/2016\/01\/0c33cbbfbf55d725ed62a8feec77bb6b-300x199.jpg 300w\" sizes=\"(max-width: 341px) 100vw, 341px\" \/><\/p>\n<p style=\"text-align: justify;\">Por los delitos de concierto para delinquir y concusi\u00f3n fueron capturados mediante orden emitida por el Juzgado Promiscuo Municipal de Mallama Piedra Ancha (Nari\u00f1o), tres miembros de la Polic\u00eda Nacional adscritos a la estaci\u00f3n del corregimiento de Curcuel jurisdicci\u00f3n del municipio Ricaurte (Nari\u00f1o).<\/p>\n<p style=\"text-align: justify;\">Seg\u00fan las investigaciones adelantadas por la Fiscal\u00eda, se estableci\u00f3 que los policiales, al parecer, utilizaban maniobras enga\u00f1osas en los retenes de registro que ubicaban en la v\u00eda entre el corregimiento de Curcuel y Tumaco, introduciendo en los veh\u00edculos paquetes con sustancias estupefacientes con el objeto de coaccionar a los conductores para que pagaran $5.000.000 con el fin&nbsp; de no capturarlos por el delito de tr\u00e1fico de estupefacientes.<\/p>\n<p style=\"text-align: justify;\">Las capturas fueron realizadas en el corregimiento de Curcuel y Tumaco por la polic\u00eda judicial de la Sij\u00edn Nari\u00f1o, despu\u00e9s de seis meses de investigaci\u00f3n.<\/p>\n<p style=\"text-align: justify;\">Un fiscal especializado de la Estructura de Apoyo realizar\u00e1 las audiencias preliminares ante un juez de garant\u00edas en el transcurso de la tarde.<\/p>\n","protected":false},"excerpt":{"rendered":"<p>Por los delitos de concierto para delinquir y concusi\u00f3n fueron capturados mediante orden emitida por el Juzgado Promiscuo Municipal de Mallama Piedra Ancha (Nari\u00f1o), tres miembros de la Polic\u00eda Nacional adscritos a la estaci\u00f3n del corregimiento de Curcuel jurisdicci\u00f3n del municipio Ricaurte (Nari\u00f1o). Seg\u00fan las investigaciones adelantadas por la Fiscal\u00eda, se estableci\u00f3 que los policiales, [&hellip;]<\/p>\n","protected":false},"author":29,"featured_media":19385,"comment_status":"open","ping_status":"open","sticky":false,"template":"","format":"standard","meta":{"footnotes":""},"categories":[1],"tags":[],"class_list":["post-19386","post","type-post","status-publish","format-standard","has-post-thumbnail","hentry","category-sin-categoria"],"yoast_head":"<!-- This site is optimized with the Yoast SEO plugin v27.1.1 - https:\/\/yoast.com\/product\/yoast-seo-wordpress\/ -->\n<title>Capturados por corrupci\u00f3n miembros de la Polic\u00eda de Nari\u00f1o | P\u00e1gina10<\/title>\n<meta name=\"robots\" content=\"index, follow, max-snippet:-1, max-image-preview:large, max-video-preview:-1\" \/>\n<link rel=\"canonical\" href=\"https:\/\/pagina10.com\/web\/capturados-por-corrupcion-miembros-de-la-policia-de-narino\/\" \/>\n<meta property=\"og:locale\" content=\"es_ES\" \/>\n<meta property=\"og:type\" content=\"article\" \/>\n<meta property=\"og:title\" content=\"Capturados por corrupci\u00f3n miembros de la Polic\u00eda de Nari\u00f1o | P\u00e1gina10\" \/>\n<meta property=\"og:description\" content=\"Por los delitos de concierto para delinquir y concusi\u00f3n fueron capturados mediante orden emitida por el Juzgado Promiscuo Municipal de Mallama Piedra Ancha (Nari\u00f1o), tres miembros de la Polic\u00eda Nacional adscritos a la estaci\u00f3n del corregimiento de Curcuel jurisdicci\u00f3n del municipio Ricaurte (Nari\u00f1o). Seg\u00fan las investigaciones adelantadas por la Fiscal\u00eda, se estableci\u00f3 que los policiales, [&hellip;]\" \/>\n<meta property=\"og:url\" content=\"https:\/\/pagina10.com\/web\/capturados-por-corrupcion-miembros-de-la-policia-de-narino\/\" \/>\n<meta property=\"og:site_name\" content=\"P\u00e1gina10\" \/>\n<meta property=\"article:publisher\" content=\"https:\/\/www.facebook.com\/pag10com\" \/>\n<meta property=\"article:published_time\" content=\"2016-01-19T02:58:02+00:00\" \/>\n<meta property=\"og:image\" content=\"https:\/\/pagina10.com\/web\/wp-content\/uploads\/2016\/01\/0c33cbbfbf55d725ed62a8feec77bb6b.jpg\" \/>\n\t<meta property=\"og:image:width\" content=\"341\" \/>\n\t<meta property=\"og:image:height\" content=\"226\" \/>\n\t<meta property=\"og:image:type\" content=\"image\/jpeg\" \/>\n<meta name=\"author\" content=\"P\u00e1gina 10\" \/>\n<meta name=\"twitter:card\" content=\"summary_large_image\" \/>\n<meta name=\"twitter:creator\" content=\"@Pag10com\" \/>\n<meta name=\"twitter:site\" content=\"@Pag10com\" \/>\n<meta name=\"twitter:label1\" content=\"Escrito por\" \/>\n\t<meta name=\"twitter:data1\" content=\"P\u00e1gina 10\" \/>\n\t<meta name=\"twitter:label2\" content=\"Tiempo de lectura\" \/>\n\t<meta name=\"twitter:data2\" content=\"1 minuto\" \/>\n<script type=\"application\/ld+json\" class=\"yoast-schema-graph\">{\"@context\":\"https:\/\/schema.org\",\"@graph\":[{\"@type\":\"Article\",\"@id\":\"https:\/\/pagina10.com\/web\/capturados-por-corrupcion-miembros-de-la-policia-de-narino\/#article\",\"isPartOf\":{\"@id\":\"https:\/\/pagina10.com\/web\/capturados-por-corrupcion-miembros-de-la-policia-de-narino\/\"},\"author\":{\"name\":\"P\u00e1gina 10\",\"@id\":\"https:\/\/pagina10.com\/web\/#\/schema\/person\/a7a5d38f0629dfc107f619fbae4f6cc3\"},\"headline\":\"Capturados por corrupci\u00f3n miembros de la Polic\u00eda de Nari\u00f1o\",\"datePublished\":\"2016-01-19T02:58:02+00:00\",\"mainEntityOfPage\":{\"@id\":\"https:\/\/pagina10.com\/web\/capturados-por-corrupcion-miembros-de-la-policia-de-narino\/\"},\"wordCount\":188,\"commentCount\":0,\"publisher\":{\"@id\":\"https:\/\/pagina10.com\/web\/#organization\"},\"image\":{\"@id\":\"https:\/\/pagina10.com\/web\/capturados-por-corrupcion-miembros-de-la-policia-de-narino\/#primaryimage\"},\"thumbnailUrl\":\"https:\/\/pagina10.com\/web\/wp-content\/uploads\/2016\/01\/0c33cbbfbf55d725ed62a8feec77bb6b.jpg\",\"inLanguage\":\"es\",\"potentialAction\":[{\"@type\":\"CommentAction\",\"name\":\"Comment\",\"target\":[\"https:\/\/pagina10.com\/web\/capturados-por-corrupcion-miembros-de-la-policia-de-narino\/#respond\"]}]},{\"@type\":\"WebPage\",\"@id\":\"https:\/\/pagina10.com\/web\/capturados-por-corrupcion-miembros-de-la-policia-de-narino\/\",\"url\":\"https:\/\/pagina10.com\/web\/capturados-por-corrupcion-miembros-de-la-policia-de-narino\/\",\"name\":\"Capturados por corrupci\u00f3n miembros de la Polic\u00eda de Nari\u00f1o | P\u00e1gina10\",\"isPartOf\":{\"@id\":\"https:\/\/pagina10.com\/web\/#website\"},\"primaryImageOfPage\":{\"@id\":\"https:\/\/pagina10.com\/web\/capturados-por-corrupcion-miembros-de-la-policia-de-narino\/#primaryimage\"},\"image\":{\"@id\":\"https:\/\/pagina10.com\/web\/capturados-por-corrupcion-miembros-de-la-policia-de-narino\/#primaryimage\"},\"thumbnailUrl\":\"https:\/\/pagina10.com\/web\/wp-content\/uploads\/2016\/01\/0c33cbbfbf55d725ed62a8feec77bb6b.jpg\",\"datePublished\":\"2016-01-19T02:58:02+00:00\",\"breadcrumb\":{\"@id\":\"https:\/\/pagina10.com\/web\/capturados-por-corrupcion-miembros-de-la-policia-de-narino\/#breadcrumb\"},\"inLanguage\":\"es\",\"potentialAction\":[{\"@type\":\"ReadAction\",\"target\":[\"https:\/\/pagina10.com\/web\/capturados-por-corrupcion-miembros-de-la-policia-de-narino\/\"]}]},{\"@type\":\"ImageObject\",\"inLanguage\":\"es\",\"@id\":\"https:\/\/pagina10.com\/web\/capturados-por-corrupcion-miembros-de-la-policia-de-narino\/#primaryimage\",\"url\":\"https:\/\/pagina10.com\/web\/wp-content\/uploads\/2016\/01\/0c33cbbfbf55d725ed62a8feec77bb6b.jpg\",\"contentUrl\":\"https:\/\/pagina10.com\/web\/wp-content\/uploads\/2016\/01\/0c33cbbfbf55d725ed62a8feec77bb6b.jpg\",\"width\":341,\"height\":226},{\"@type\":\"BreadcrumbList\",\"@id\":\"https:\/\/pagina10.com\/web\/capturados-por-corrupcion-miembros-de-la-policia-de-narino\/#breadcrumb\",\"itemListElement\":[{\"@type\":\"ListItem\",\"position\":1,\"name\":\"Portada\",\"item\":\"https:\/\/pagina10.com\/web\/\"},{\"@type\":\"ListItem\",\"position\":2,\"name\":\"Capturados por corrupci\u00f3n miembros de la Polic\u00eda de Nari\u00f1o\"}]},{\"@type\":\"WebSite\",\"@id\":\"https:\/\/pagina10.com\/web\/#website\",\"url\":\"https:\/\/pagina10.com\/web\/\",\"name\":\"P\u00e1gina10\",\"description\":\"Peri\u00f3dico Regional\",\"publisher\":{\"@id\":\"https:\/\/pagina10.com\/web\/#organization\"},\"alternateName\":\"P\u00e1gina10 Peri\u00f3dico Regional\",\"potentialAction\":[{\"@type\":\"SearchAction\",\"target\":{\"@type\":\"EntryPoint\",\"urlTemplate\":\"https:\/\/pagina10.com\/web\/?s={search_term_string}\"},\"query-input\":{\"@type\":\"PropertyValueSpecification\",\"valueRequired\":true,\"valueName\":\"search_term_string\"}}],\"inLanguage\":\"es\"},{\"@type\":\"Organization\",\"@id\":\"https:\/\/pagina10.com\/web\/#organization\",\"name\":\"P\u00e1gina10\",\"alternateName\":\"P\u00e1gina10 Peri\u00f3dico Regional\",\"url\":\"https:\/\/pagina10.com\/web\/\",\"logo\":{\"@type\":\"ImageObject\",\"inLanguage\":\"es\",\"@id\":\"https:\/\/pagina10.com\/web\/#\/schema\/logo\/image\/\",\"url\":\"https:\/\/pagina10.com\/web\/wp-content\/uploads\/2024\/01\/40-pagina-10-periodico-regional-pasto.jpg\",\"contentUrl\":\"https:\/\/pagina10.com\/web\/wp-content\/uploads\/2024\/01\/40-pagina-10-periodico-regional-pasto.jpg\",\"width\":1280,\"height\":720,\"caption\":\"P\u00e1gina10\"},\"image\":{\"@id\":\"https:\/\/pagina10.com\/web\/#\/schema\/logo\/image\/\"},\"sameAs\":[\"https:\/\/www.facebook.com\/pag10com\",\"https:\/\/x.com\/Pag10com\",\"https:\/\/www.instagram.com\/pagina10col\/\",\"https:\/\/youtube.com\/channel\/pag10\",\"https:\/\/www.tiktok.com\/@p10col\"]},{\"@type\":\"Person\",\"@id\":\"https:\/\/pagina10.com\/web\/#\/schema\/person\/a7a5d38f0629dfc107f619fbae4f6cc3\",\"name\":\"P\u00e1gina 10\",\"description\":\"P\u00e1gina10.com es un peri\u00f3dico digital que nace en Colombia, en el departamento de Nari\u00f1o, con un enfoque global, fundamentado en cuatro pilares esenciales: la libertad, el pluralismo, la inclusi\u00f3n y la independencia. P\u00e1gina10.com hace referencia a Nari\u00f1o como el d\u00e9cimo departamento creado en Colombia, despu\u00e9s de un proceso pol\u00edtico liderado por actores y actrices regionales con el fin de obtener la independencia y autonom\u00eda de nuestros territorios. Con la creaci\u00f3n de P\u00e1gina10.com se pretende abrir un escenario para el dialogo, la reflexi\u00f3n y el debate que se extienda a otras geograf\u00edas de Am\u00e9rica Latina y del planeta, en una apuesta por transformar colectivamente los desaf\u00edos de un mundo contempor\u00e1neo, m\u00e1s all\u00e1 de las fronteras impuestas.\",\"url\":\"https:\/\/pagina10.com\/web\/author\/mcepeda\/\"}]}<\/script>\n<!-- \/ Yoast SEO plugin. -->","yoast_head_json":{"title":"Capturados por corrupci\u00f3n miembros de la Polic\u00eda de Nari\u00f1o | P\u00e1gina10","robots":{"index":"index","follow":"follow","max-snippet":"max-snippet:-1","max-image-preview":"max-image-preview:large","max-video-preview":"max-video-preview:-1"},"canonical":"https:\/\/pagina10.com\/web\/capturados-por-corrupcion-miembros-de-la-policia-de-narino\/","og_locale":"es_ES","og_type":"article","og_title":"Capturados por corrupci\u00f3n miembros de la Polic\u00eda de Nari\u00f1o | P\u00e1gina10","og_description":"Por los delitos de concierto para delinquir y concusi\u00f3n fueron capturados mediante orden emitida por el Juzgado Promiscuo Municipal de Mallama Piedra Ancha (Nari\u00f1o), tres miembros de la Polic\u00eda Nacional adscritos a la estaci\u00f3n del corregimiento de Curcuel jurisdicci\u00f3n del municipio Ricaurte (Nari\u00f1o). Seg\u00fan las investigaciones adelantadas por la Fiscal\u00eda, se estableci\u00f3 que los policiales, [&hellip;]","og_url":"https:\/\/pagina10.com\/web\/capturados-por-corrupcion-miembros-de-la-policia-de-narino\/","og_site_name":"P\u00e1gina10","article_publisher":"https:\/\/www.facebook.com\/pag10com","article_published_time":"2016-01-19T02:58:02+00:00","og_image":[{"width":341,"height":226,"url":"https:\/\/pagina10.com\/web\/wp-content\/uploads\/2016\/01\/0c33cbbfbf55d725ed62a8feec77bb6b.jpg","type":"image\/jpeg"}],"author":"P\u00e1gina 10","twitter_card":"summary_large_image","twitter_creator":"@Pag10com","twitter_site":"@Pag10com","twitter_misc":{"Escrito por":"P\u00e1gina 10","Tiempo de lectura":"1 minuto"},"schema":{"@context":"https:\/\/schema.org","@graph":[{"@type":"Article","@id":"https:\/\/pagina10.com\/web\/capturados-por-corrupcion-miembros-de-la-policia-de-narino\/#article","isPartOf":{"@id":"https:\/\/pagina10.com\/web\/capturados-por-corrupcion-miembros-de-la-policia-de-narino\/"},"author":{"name":"P\u00e1gina 10","@id":"https:\/\/pagina10.com\/web\/#\/schema\/person\/a7a5d38f0629dfc107f619fbae4f6cc3"},"headline":"Capturados por corrupci\u00f3n miembros de la Polic\u00eda de Nari\u00f1o","datePublished":"2016-01-19T02:58:02+00:00","mainEntityOfPage":{"@id":"https:\/\/pagina10.com\/web\/capturados-por-corrupcion-miembros-de-la-policia-de-narino\/"},"wordCount":188,"commentCount":0,"publisher":{"@id":"https:\/\/pagina10.com\/web\/#organization"},"image":{"@id":"https:\/\/pagina10.com\/web\/capturados-por-corrupcion-miembros-de-la-policia-de-narino\/#primaryimage"},"thumbnailUrl":"https:\/\/pagina10.com\/web\/wp-content\/uploads\/2016\/01\/0c33cbbfbf55d725ed62a8feec77bb6b.jpg","inLanguage":"es","potentialAction":[{"@type":"CommentAction","name":"Comment","target":["https:\/\/pagina10.com\/web\/capturados-por-corrupcion-miembros-de-la-policia-de-narino\/#respond"]}]},{"@type":"WebPage","@id":"https:\/\/pagina10.com\/web\/capturados-por-corrupcion-miembros-de-la-policia-de-narino\/","url":"https:\/\/pagina10.com\/web\/capturados-por-corrupcion-miembros-de-la-policia-de-narino\/","name":"Capturados por corrupci\u00f3n miembros de la Polic\u00eda de Nari\u00f1o | P\u00e1gina10","isPartOf":{"@id":"https:\/\/pagina10.com\/web\/#website"},"primaryImageOfPage":{"@id":"https:\/\/pagina10.com\/web\/capturados-por-corrupcion-miembros-de-la-policia-de-narino\/#primaryimage"},"image":{"@id":"https:\/\/pagina10.com\/web\/capturados-por-corrupcion-miembros-de-la-policia-de-narino\/#primaryimage"},"thumbnailUrl":"https:\/\/pagina10.com\/web\/wp-content\/uploads\/2016\/01\/0c33cbbfbf55d725ed62a8feec77bb6b.jpg","datePublished":"2016-01-19T02:58:02+00:00","breadcrumb":{"@id":"https:\/\/pagina10.com\/web\/capturados-por-corrupcion-miembros-de-la-policia-de-narino\/#breadcrumb"},"inLanguage":"es","potentialAction":[{"@type":"ReadAction","target":["https:\/\/pagina10.com\/web\/capturados-por-corrupcion-miembros-de-la-policia-de-narino\/"]}]},{"@type":"ImageObject","inLanguage":"es","@id":"https:\/\/pagina10.com\/web\/capturados-por-corrupcion-miembros-de-la-policia-de-narino\/#primaryimage","url":"https:\/\/pagina10.com\/web\/wp-content\/uploads\/2016\/01\/0c33cbbfbf55d725ed62a8feec77bb6b.jpg","contentUrl":"https:\/\/pagina10.com\/web\/wp-content\/uploads\/2016\/01\/0c33cbbfbf55d725ed62a8feec77bb6b.jpg","width":341,"height":226},{"@type":"BreadcrumbList","@id":"https:\/\/pagina10.com\/web\/capturados-por-corrupcion-miembros-de-la-policia-de-narino\/#breadcrumb","itemListElement":[{"@type":"ListItem","position":1,"name":"Portada","item":"https:\/\/pagina10.com\/web\/"},{"@type":"ListItem","position":2,"name":"Capturados por corrupci\u00f3n miembros de la Polic\u00eda de Nari\u00f1o"}]},{"@type":"WebSite","@id":"https:\/\/pagina10.com\/web\/#website","url":"https:\/\/pagina10.com\/web\/","name":"P\u00e1gina10","description":"Peri\u00f3dico Regional","publisher":{"@id":"https:\/\/pagina10.com\/web\/#organization"},"alternateName":"P\u00e1gina10 Peri\u00f3dico Regional","potentialAction":[{"@type":"SearchAction","target":{"@type":"EntryPoint","urlTemplate":"https:\/\/pagina10.com\/web\/?s={search_term_string}"},"query-input":{"@type":"PropertyValueSpecification","valueRequired":true,"valueName":"search_term_string"}}],"inLanguage":"es"},{"@type":"Organization","@id":"https:\/\/pagina10.com\/web\/#organization","name":"P\u00e1gina10","alternateName":"P\u00e1gina10 Peri\u00f3dico Regional","url":"https:\/\/pagina10.com\/web\/","logo":{"@type":"ImageObject","inLanguage":"es","@id":"https:\/\/pagina10.com\/web\/#\/schema\/logo\/image\/","url":"https:\/\/pagina10.com\/web\/wp-content\/uploads\/2024\/01\/40-pagina-10-periodico-regional-pasto.jpg","contentUrl":"https:\/\/pagina10.com\/web\/wp-content\/uploads\/2024\/01\/40-pagina-10-periodico-regional-pasto.jpg","width":1280,"height":720,"caption":"P\u00e1gina10"},"image":{"@id":"https:\/\/pagina10.com\/web\/#\/schema\/logo\/image\/"},"sameAs":["https:\/\/www.facebook.com\/pag10com","https:\/\/x.com\/Pag10com","https:\/\/www.instagram.com\/pagina10col\/","https:\/\/youtube.com\/channel\/pag10","https:\/\/www.tiktok.com\/@p10col"]},{"@type":"Person","@id":"https:\/\/pagina10.com\/web\/#\/schema\/person\/a7a5d38f0629dfc107f619fbae4f6cc3","name":"P\u00e1gina 10","description":"P\u00e1gina10.com es un peri\u00f3dico digital que nace en Colombia, en el departamento de Nari\u00f1o, con un enfoque global, fundamentado en cuatro pilares esenciales: la libertad, el pluralismo, la inclusi\u00f3n y la independencia. P\u00e1gina10.com hace referencia a Nari\u00f1o como el d\u00e9cimo departamento creado en Colombia, despu\u00e9s de un proceso pol\u00edtico liderado por actores y actrices regionales con el fin de obtener la independencia y autonom\u00eda de nuestros territorios. Con la creaci\u00f3n de P\u00e1gina10.com se pretende abrir un escenario para el dialogo, la reflexi\u00f3n y el debate que se extienda a otras geograf\u00edas de Am\u00e9rica Latina y del planeta, en una apuesta por transformar colectivamente los desaf\u00edos de un mundo contempor\u00e1neo, m\u00e1s all\u00e1 de las fronteras impuestas.","url":"https:\/\/pagina10.com\/web\/author\/mcepeda\/"}]}},"_links":{"self":[{"href":"https:\/\/pagina10.com\/web\/wp-json\/wp\/v2\/posts\/19386","targetHints":{"allow":["GET"]}}],"collection":[{"href":"https:\/\/pagina10.com\/web\/wp-json\/wp\/v2\/posts"}],"about":[{"href":"https:\/\/pagina10.com\/web\/wp-json\/wp\/v2\/types\/post"}],"author":[{"embeddable":true,"href":"https:\/\/pagina10.com\/web\/wp-json\/wp\/v2\/users\/29"}],"replies":[{"embeddable":true,"href":"https:\/\/pagina10.com\/web\/wp-json\/wp\/v2\/comments?post=19386"}],"version-history":[{"count":0,"href":"https:\/\/pagina10.com\/web\/wp-json\/wp\/v2\/posts\/19386\/revisions"}],"wp:featuredmedia":[{"embeddable":true,"href":"https:\/\/pagina10.com\/web\/wp-json\/wp\/v2\/media\/19385"}],"wp:attachment":[{"href":"https:\/\/pagina10.com\/web\/wp-json\/wp\/v2\/media?parent=19386"}],"wp:term":[{"taxonomy":"category","embeddable":true,"href":"https:\/\/pagina10.com\/web\/wp-json\/wp\/v2\/categories?post=19386"},{"taxonomy":"post_tag","embeddable":true,"href":"https:\/\/pagina10.com\/web\/wp-json\/wp\/v2\/tags?post=19386"}],"curies":[{"name":"wp","href":"https:\/\/api.w.org\/{rel}","templated":true}]}}